{"id":17206,"date":"2017-05-26T10:10:42","date_gmt":"2017-05-26T08:10:42","guid":{"rendered":"http:\/\/mont-roig.cat\/actualitat\/noticies\/se-amplian-los-dias-y-los-restaurantes-participantes-en-las-x-jornadas-gastronomicas-del-pulpo\/"},"modified":"2017-05-26T10:41:35","modified_gmt":"2017-05-26T08:41:35","slug":"se-amplian-los-dias-y-los-restaurantes-participantes-en-las-x-jornadas-gastronomicas-del-pulpo","status":"publish","type":"post","link":"https:\/\/mont-roig.cat\/es\/actualitat\/noticies\/se-amplian-los-dias-y-los-restaurantes-participantes-en-las-x-jornadas-gastronomicas-del-pulpo\/","title":{"rendered":"Se ampl\u00edan los d\u00edas y los restaurantes participantes en las X Jornadas Gastron\u00f3micas del Pulpo"},"content":{"rendered":"<ul>\n<li><strong><a href=\"http:\/\/mont-roig.cat\/wp-content\/uploads\/Cartell-Jornades-Pop-2017.png\"><img loading=\"lazy\" decoding=\"async\" class=\"alignright wp-image-17202 size-full\" src=\"http:\/\/mont-roig.cat\/wp-content\/uploads\/Cartell-Jornades-Pop-2017.png\" alt=\"\" width=\"192\" height=\"435\" \/><\/a>La Diada del Pulpo, que se celebrar\u00e1 el 4 de junio, cambia el emplazamiento al Bosquet del Llastres y ofrecer\u00e1 hasta 5.250 degustaciones<\/strong><\/li>\n<\/ul>\n<p>El 10\u00ba aniversario de las Jornadas Gastron\u00f3micas del Pulpo de Mont-roig y Miami Platja llega con numerosas novedades. La primera es que se ampl\u00eda una semana la duraci\u00f3n de las jornadas, que se celebrar\u00e1n del 5 al 23 de junio. Tambi\u00e9n crece el n\u00famero de restaurantes participantes que incorporar\u00e1n en sus cartas y men\u00fas platos con el pulpo como ingrediente protagonista.<\/p>\n<p>Otra de las novedades importantes es el cambio de emplazamiento de la Fiesta del Pulpo, el acto gastron\u00f3mico por excelencia que sirve para iniciar las jornadas y que cada a\u00f1o re\u00fane a miles de personas. Esta d\u00e9cima edici\u00f3n, que se celebrar\u00e1 el domingo 4 de junio, se ubicar\u00e1 en el Bosquet del Llastres, la zona de sombra natural del <a href=\"https:\/\/www.google.es\/maps\/dir\/\/40.9927409,0.9312872\/@40.9927472,0.9311168,19z\/data=!4m2!4m1!3e0\" target=\"_blank\" rel=\"noopener noreferrer\">pinar de la Punta del Riu<\/a> de Miami Platja. Adem\u00e1s se batir\u00e1 r\u00e9cord de degustaciones a la venta con un total de 5.250.<\/p>\n<p>La jornada gastron\u00f3mica del domingo que comenzar\u00e1 a las 11.30h servir\u00e1 para hacer una degustaci\u00f3n de las propuestas culinarias de los 14 restaurantes participantes. Durante la jornada, que se prev\u00e9 que vuelva a ser un \u00e9xito de participaci\u00f3n, se ofrecer\u00e1n 2 degustaciones a 3 \u20ac o bien 8 degustaciones a 10 \u20ac (el ticket incluye: degustaci\u00f3n y su correspondiente maridaje). Adem\u00e1s, durante la jornada se llevar\u00e1n a cabo actividades para los m\u00e1s peque\u00f1os y un concurso de Instagram. Tambi\u00e9n habr\u00e1 un servicio de autob\u00fas gratuito entre Mont-roig y Miami Platja.<\/p>\n<p><strong>El plato de pulpo tambi\u00e9n en formato tapa<\/strong><br \/>\nDurante las Jornadas Gastron\u00f3micas, para disfrutar del pulpo y del arte de cocinarlo, vuelve la Tapa Pulpo, en la\u00a0que los restaurantes participantes ofrecen el plato de pulpo en formato &#8220;tapa&#8221; y una bebida al precio de 2,5 \u20ac. Adem\u00e1s, todos aquellos que rellenen los boletos correspondientes optar\u00e1n al sorteo de varios premios.<\/p>\n<p>Consulta los restaurantes participantes y sus propuestas gastron\u00f3micas:<\/p>\n<ul>\n<li style=\"list-style-type: none;\">\n<ul>\n<li><a href=\"http:\/\/mont-roig.cat\/wp-content\/uploads\/QUADRI\u0301PTIC-POP-2017.pdf\" target=\"_blank\" rel=\"noopener noreferrer\">D\u00cdPTICO PULPO 2017<\/a><\/li>\n<\/ul>\n<\/li>\n<\/ul>\n","protected":false},"excerpt":{"rendered":"<p>La Diada del Pulpo, que se celebrar\u00e1 el 4 de junio, cambia el emplazamiento al Bosquet del Llastres y ofrecer\u00e1 hasta 5.250 degustaciones El 10\u00ba aniversario de las Jornadas Gastron\u00f3micas del Pulpo de Mont-roig y Miami Platja llega con numerosas novedades. La primera es que se ampl\u00eda una semana la duraci\u00f3n de las jornadas, que [&hellip;]<\/p>\n","protected":false},"author":4,"featured_media":17204,"comment_status":"closed","ping_status":"closed","sticky":false,"template":"","format":"standard","meta":{"inline_featured_image":false,"_monsterinsights_skip_tracking":false,"_monsterinsights_sitenote_active":false,"_monsterinsights_sitenote_note":"","_monsterinsights_sitenote_category":0,"footnotes":""},"categories":[115],"tags":[],"class_list":["post-17206","post","type-post","status-publish","format-standard","has-post-thumbnail","hentry","category-turismo"],"yoast_head":"<!-- This site is optimized with the Yoast SEO plugin v27.4 - https:\/\/yoast.com\/product\/yoast-seo-wordpress\/ -->\n<title>Se ampl\u00edan los d\u00edas y los restaurantes participantes en las X Jornadas Gastron\u00f3micas del Pulpo - Ajuntament de Mont-roig del Camp<\/title>\n<meta name=\"robots\" content=\"index, follow, max-snippet:-1, max-image-preview:large, max-video-preview:-1\" \/>\n<link rel=\"canonical\" href=\"https:\/\/mont-roig.cat\/es\/actualitat\/noticies\/se-amplian-los-dias-y-los-restaurantes-participantes-en-las-x-jornadas-gastronomicas-del-pulpo\/\" \/>\n<meta property=\"og:locale\" content=\"es_ES\" \/>\n<meta property=\"og:type\" content=\"article\" \/>\n<meta property=\"og:title\" content=\"Se ampl\u00edan los d\u00edas y los restaurantes participantes en las X Jornadas Gastron\u00f3micas del Pulpo - Ajuntament de Mont-roig del Camp\" \/>\n<meta property=\"og:description\" content=\"La Diada del Pulpo, que se celebrar\u00e1 el 4 de junio, cambia el emplazamiento al Bosquet del Llastres y ofrecer\u00e1 hasta 5.250 degustaciones El 10\u00ba aniversario de las Jornadas Gastron\u00f3micas del Pulpo de Mont-roig y Miami Platja llega con numerosas novedades. La primera es que se ampl\u00eda una semana la duraci\u00f3n de las jornadas, que [&hellip;]\" \/>\n<meta property=\"og:url\" content=\"https:\/\/mont-roig.cat\/es\/actualitat\/noticies\/se-amplian-los-dias-y-los-restaurantes-participantes-en-las-x-jornadas-gastronomicas-del-pulpo\/\" \/>\n<meta property=\"og:site_name\" content=\"Ajuntament de Mont-roig del Camp\" \/>\n<meta property=\"article:published_time\" content=\"2017-05-26T08:10:42+00:00\" \/>\n<meta property=\"article:modified_time\" content=\"2017-05-26T08:41:35+00:00\" \/>\n<meta property=\"og:image\" content=\"https:\/\/mont-roig.cat\/wp-content\/uploads\/Portada-POP.png\" \/>\n\t<meta property=\"og:image:width\" content=\"575\" \/>\n\t<meta property=\"og:image:height\" content=\"639\" \/>\n\t<meta property=\"og:image:type\" content=\"image\/png\" \/>\n<meta name=\"author\" content=\"administrador\" \/>\n<meta name=\"twitter:card\" content=\"summary_large_image\" \/>\n<meta name=\"twitter:label1\" content=\"Escrito por\" \/>\n\t<meta name=\"twitter:data1\" content=\"administrador\" \/>\n\t<meta name=\"twitter:label2\" content=\"Tiempo de lectura\" \/>\n\t<meta name=\"twitter:data2\" content=\"2 minutos\" \/>\n<script type=\"application\/ld+json\" class=\"yoast-schema-graph\">{\"@context\":\"https:\\\/\\\/schema.org\",\"@graph\":[{\"@type\":\"Article\",\"@id\":\"https:\\\/\\\/mont-roig.cat\\\/es\\\/actualitat\\\/noticies\\\/se-amplian-los-dias-y-los-restaurantes-participantes-en-las-x-jornadas-gastronomicas-del-pulpo\\\/#article\",\"isPartOf\":{\"@id\":\"https:\\\/\\\/mont-roig.cat\\\/es\\\/actualitat\\\/noticies\\\/se-amplian-los-dias-y-los-restaurantes-participantes-en-las-x-jornadas-gastronomicas-del-pulpo\\\/\"},\"author\":{\"name\":\"administrador\",\"@id\":\"https:\\\/\\\/mont-roig.cat\\\/es\\\/#\\\/schema\\\/person\\\/f2b111789f22b7d0c3bd6786c9128cba\"},\"headline\":\"Se ampl\u00edan los d\u00edas y los restaurantes participantes en las X Jornadas Gastron\u00f3micas del Pulpo\",\"datePublished\":\"2017-05-26T08:10:42+00:00\",\"dateModified\":\"2017-05-26T08:41:35+00:00\",\"mainEntityOfPage\":{\"@id\":\"https:\\\/\\\/mont-roig.cat\\\/es\\\/actualitat\\\/noticies\\\/se-amplian-los-dias-y-los-restaurantes-participantes-en-las-x-jornadas-gastronomicas-del-pulpo\\\/\"},\"wordCount\":361,\"image\":{\"@id\":\"https:\\\/\\\/mont-roig.cat\\\/es\\\/actualitat\\\/noticies\\\/se-amplian-los-dias-y-los-restaurantes-participantes-en-las-x-jornadas-gastronomicas-del-pulpo\\\/#primaryimage\"},\"thumbnailUrl\":\"https:\\\/\\\/mont-roig.cat\\\/wp-content\\\/uploads\\\/Portada-POP.png\",\"articleSection\":[\"Turismo\"],\"inLanguage\":\"es\"},{\"@type\":\"WebPage\",\"@id\":\"https:\\\/\\\/mont-roig.cat\\\/es\\\/actualitat\\\/noticies\\\/se-amplian-los-dias-y-los-restaurantes-participantes-en-las-x-jornadas-gastronomicas-del-pulpo\\\/\",\"url\":\"https:\\\/\\\/mont-roig.cat\\\/es\\\/actualitat\\\/noticies\\\/se-amplian-los-dias-y-los-restaurantes-participantes-en-las-x-jornadas-gastronomicas-del-pulpo\\\/\",\"name\":\"Se ampl\u00edan los d\u00edas y los restaurantes participantes en las X Jornadas Gastron\u00f3micas del Pulpo - Ajuntament de Mont-roig del Camp\",\"isPartOf\":{\"@id\":\"https:\\\/\\\/mont-roig.cat\\\/es\\\/#website\"},\"primaryImageOfPage\":{\"@id\":\"https:\\\/\\\/mont-roig.cat\\\/es\\\/actualitat\\\/noticies\\\/se-amplian-los-dias-y-los-restaurantes-participantes-en-las-x-jornadas-gastronomicas-del-pulpo\\\/#primaryimage\"},\"image\":{\"@id\":\"https:\\\/\\\/mont-roig.cat\\\/es\\\/actualitat\\\/noticies\\\/se-amplian-los-dias-y-los-restaurantes-participantes-en-las-x-jornadas-gastronomicas-del-pulpo\\\/#primaryimage\"},\"thumbnailUrl\":\"https:\\\/\\\/mont-roig.cat\\\/wp-content\\\/uploads\\\/Portada-POP.png\",\"datePublished\":\"2017-05-26T08:10:42+00:00\",\"dateModified\":\"2017-05-26T08:41:35+00:00\",\"author\":{\"@id\":\"https:\\\/\\\/mont-roig.cat\\\/es\\\/#\\\/schema\\\/person\\\/f2b111789f22b7d0c3bd6786c9128cba\"},\"breadcrumb\":{\"@id\":\"https:\\\/\\\/mont-roig.cat\\\/es\\\/actualitat\\\/noticies\\\/se-amplian-los-dias-y-los-restaurantes-participantes-en-las-x-jornadas-gastronomicas-del-pulpo\\\/#breadcrumb\"},\"inLanguage\":\"es\",\"potentialAction\":[{\"@type\":\"ReadAction\",\"target\":[\"https:\\\/\\\/mont-roig.cat\\\/es\\\/actualitat\\\/noticies\\\/se-amplian-los-dias-y-los-restaurantes-participantes-en-las-x-jornadas-gastronomicas-del-pulpo\\\/\"]}]},{\"@type\":\"ImageObject\",\"inLanguage\":\"es\",\"@id\":\"https:\\\/\\\/mont-roig.cat\\\/es\\\/actualitat\\\/noticies\\\/se-amplian-los-dias-y-los-restaurantes-participantes-en-las-x-jornadas-gastronomicas-del-pulpo\\\/#primaryimage\",\"url\":\"https:\\\/\\\/mont-roig.cat\\\/wp-content\\\/uploads\\\/Portada-POP.png\",\"contentUrl\":\"https:\\\/\\\/mont-roig.cat\\\/wp-content\\\/uploads\\\/Portada-POP.png\",\"width\":575,\"height\":639},{\"@type\":\"BreadcrumbList\",\"@id\":\"https:\\\/\\\/mont-roig.cat\\\/es\\\/actualitat\\\/noticies\\\/se-amplian-los-dias-y-los-restaurantes-participantes-en-las-x-jornadas-gastronomicas-del-pulpo\\\/#breadcrumb\",\"itemListElement\":[{\"@type\":\"ListItem\",\"position\":1,\"name\":\"Inici\",\"item\":\"https:\\\/\\\/mont-roig.cat\\\/es\\\/pagina-de-inicio\\\/\"},{\"@type\":\"ListItem\",\"position\":2,\"name\":\"Se ampl\u00edan los d\u00edas y los restaurantes participantes en las X Jornadas Gastron\u00f3micas del Pulpo\"}]},{\"@type\":\"WebSite\",\"@id\":\"https:\\\/\\\/mont-roig.cat\\\/es\\\/#website\",\"url\":\"https:\\\/\\\/mont-roig.cat\\\/es\\\/\",\"name\":\"Ajuntament de Mont-roig del Camp\",\"description\":\"Tota la informaci\u00f3 sobre la instituci\u00f3, els seus \u00f2rgans de govern, actualitat, serveis i molt m\u00e9s.\",\"potentialAction\":[{\"@type\":\"SearchAction\",\"target\":{\"@type\":\"EntryPoint\",\"urlTemplate\":\"https:\\\/\\\/mont-roig.cat\\\/es\\\/?s={search_term_string}\"},\"query-input\":{\"@type\":\"PropertyValueSpecification\",\"valueRequired\":true,\"valueName\":\"search_term_string\"}}],\"inLanguage\":\"es\"},{\"@type\":\"Person\",\"@id\":\"https:\\\/\\\/mont-roig.cat\\\/es\\\/#\\\/schema\\\/person\\\/f2b111789f22b7d0c3bd6786c9128cba\",\"name\":\"administrador\",\"image\":{\"@type\":\"ImageObject\",\"inLanguage\":\"es\",\"@id\":\"https:\\\/\\\/secure.gravatar.com\\\/avatar\\\/9137aac6891e2595c9d3036fd83bcb653b4db3c946db4c7d9b9be193c3c944bb?s=96&d=mm&r=g\",\"url\":\"https:\\\/\\\/secure.gravatar.com\\\/avatar\\\/9137aac6891e2595c9d3036fd83bcb653b4db3c946db4c7d9b9be193c3c944bb?s=96&d=mm&r=g\",\"contentUrl\":\"https:\\\/\\\/secure.gravatar.com\\\/avatar\\\/9137aac6891e2595c9d3036fd83bcb653b4db3c946db4c7d9b9be193c3c944bb?s=96&d=mm&r=g\",\"caption\":\"administrador\"},\"url\":\"https:\\\/\\\/mont-roig.cat\\\/es\\\/actualitat\\\/noticies\\\/author\\\/administrador\\\/\"}]}<\/script>\n<!-- \/ Yoast SEO plugin. -->","yoast_head_json":{"title":"Se ampl\u00edan los d\u00edas y los restaurantes participantes en las X Jornadas Gastron\u00f3micas del Pulpo - Ajuntament de Mont-roig del Camp","robots":{"index":"index","follow":"follow","max-snippet":"max-snippet:-1","max-image-preview":"max-image-preview:large","max-video-preview":"max-video-preview:-1"},"canonical":"https:\/\/mont-roig.cat\/es\/actualitat\/noticies\/se-amplian-los-dias-y-los-restaurantes-participantes-en-las-x-jornadas-gastronomicas-del-pulpo\/","og_locale":"es_ES","og_type":"article","og_title":"Se ampl\u00edan los d\u00edas y los restaurantes participantes en las X Jornadas Gastron\u00f3micas del Pulpo - Ajuntament de Mont-roig del Camp","og_description":"La Diada del Pulpo, que se celebrar\u00e1 el 4 de junio, cambia el emplazamiento al Bosquet del Llastres y ofrecer\u00e1 hasta 5.250 degustaciones El 10\u00ba aniversario de las Jornadas Gastron\u00f3micas del Pulpo de Mont-roig y Miami Platja llega con numerosas novedades. La primera es que se ampl\u00eda una semana la duraci\u00f3n de las jornadas, que [&hellip;]","og_url":"https:\/\/mont-roig.cat\/es\/actualitat\/noticies\/se-amplian-los-dias-y-los-restaurantes-participantes-en-las-x-jornadas-gastronomicas-del-pulpo\/","og_site_name":"Ajuntament de Mont-roig del Camp","article_published_time":"2017-05-26T08:10:42+00:00","article_modified_time":"2017-05-26T08:41:35+00:00","og_image":[{"width":575,"height":639,"url":"https:\/\/mont-roig.cat\/wp-content\/uploads\/Portada-POP.png","type":"image\/png"}],"author":"administrador","twitter_card":"summary_large_image","twitter_misc":{"Escrito por":"administrador","Tiempo de lectura":"2 minutos"},"schema":{"@context":"https:\/\/schema.org","@graph":[{"@type":"Article","@id":"https:\/\/mont-roig.cat\/es\/actualitat\/noticies\/se-amplian-los-dias-y-los-restaurantes-participantes-en-las-x-jornadas-gastronomicas-del-pulpo\/#article","isPartOf":{"@id":"https:\/\/mont-roig.cat\/es\/actualitat\/noticies\/se-amplian-los-dias-y-los-restaurantes-participantes-en-las-x-jornadas-gastronomicas-del-pulpo\/"},"author":{"name":"administrador","@id":"https:\/\/mont-roig.cat\/es\/#\/schema\/person\/f2b111789f22b7d0c3bd6786c9128cba"},"headline":"Se ampl\u00edan los d\u00edas y los restaurantes participantes en las X Jornadas Gastron\u00f3micas del Pulpo","datePublished":"2017-05-26T08:10:42+00:00","dateModified":"2017-05-26T08:41:35+00:00","mainEntityOfPage":{"@id":"https:\/\/mont-roig.cat\/es\/actualitat\/noticies\/se-amplian-los-dias-y-los-restaurantes-participantes-en-las-x-jornadas-gastronomicas-del-pulpo\/"},"wordCount":361,"image":{"@id":"https:\/\/mont-roig.cat\/es\/actualitat\/noticies\/se-amplian-los-dias-y-los-restaurantes-participantes-en-las-x-jornadas-gastronomicas-del-pulpo\/#primaryimage"},"thumbnailUrl":"https:\/\/mont-roig.cat\/wp-content\/uploads\/Portada-POP.png","articleSection":["Turismo"],"inLanguage":"es"},{"@type":"WebPage","@id":"https:\/\/mont-roig.cat\/es\/actualitat\/noticies\/se-amplian-los-dias-y-los-restaurantes-participantes-en-las-x-jornadas-gastronomicas-del-pulpo\/","url":"https:\/\/mont-roig.cat\/es\/actualitat\/noticies\/se-amplian-los-dias-y-los-restaurantes-participantes-en-las-x-jornadas-gastronomicas-del-pulpo\/","name":"Se ampl\u00edan los d\u00edas y los restaurantes participantes en las X Jornadas Gastron\u00f3micas del Pulpo - Ajuntament de Mont-roig del Camp","isPartOf":{"@id":"https:\/\/mont-roig.cat\/es\/#website"},"primaryImageOfPage":{"@id":"https:\/\/mont-roig.cat\/es\/actualitat\/noticies\/se-amplian-los-dias-y-los-restaurantes-participantes-en-las-x-jornadas-gastronomicas-del-pulpo\/#primaryimage"},"image":{"@id":"https:\/\/mont-roig.cat\/es\/actualitat\/noticies\/se-amplian-los-dias-y-los-restaurantes-participantes-en-las-x-jornadas-gastronomicas-del-pulpo\/#primaryimage"},"thumbnailUrl":"https:\/\/mont-roig.cat\/wp-content\/uploads\/Portada-POP.png","datePublished":"2017-05-26T08:10:42+00:00","dateModified":"2017-05-26T08:41:35+00:00","author":{"@id":"https:\/\/mont-roig.cat\/es\/#\/schema\/person\/f2b111789f22b7d0c3bd6786c9128cba"},"breadcrumb":{"@id":"https:\/\/mont-roig.cat\/es\/actualitat\/noticies\/se-amplian-los-dias-y-los-restaurantes-participantes-en-las-x-jornadas-gastronomicas-del-pulpo\/#breadcrumb"},"inLanguage":"es","potentialAction":[{"@type":"ReadAction","target":["https:\/\/mont-roig.cat\/es\/actualitat\/noticies\/se-amplian-los-dias-y-los-restaurantes-participantes-en-las-x-jornadas-gastronomicas-del-pulpo\/"]}]},{"@type":"ImageObject","inLanguage":"es","@id":"https:\/\/mont-roig.cat\/es\/actualitat\/noticies\/se-amplian-los-dias-y-los-restaurantes-participantes-en-las-x-jornadas-gastronomicas-del-pulpo\/#primaryimage","url":"https:\/\/mont-roig.cat\/wp-content\/uploads\/Portada-POP.png","contentUrl":"https:\/\/mont-roig.cat\/wp-content\/uploads\/Portada-POP.png","width":575,"height":639},{"@type":"BreadcrumbList","@id":"https:\/\/mont-roig.cat\/es\/actualitat\/noticies\/se-amplian-los-dias-y-los-restaurantes-participantes-en-las-x-jornadas-gastronomicas-del-pulpo\/#breadcrumb","itemListElement":[{"@type":"ListItem","position":1,"name":"Inici","item":"https:\/\/mont-roig.cat\/es\/pagina-de-inicio\/"},{"@type":"ListItem","position":2,"name":"Se ampl\u00edan los d\u00edas y los restaurantes participantes en las X Jornadas Gastron\u00f3micas del Pulpo"}]},{"@type":"WebSite","@id":"https:\/\/mont-roig.cat\/es\/#website","url":"https:\/\/mont-roig.cat\/es\/","name":"Ajuntament de Mont-roig del Camp","description":"Tota la informaci\u00f3 sobre la instituci\u00f3, els seus \u00f2rgans de govern, actualitat, serveis i molt m\u00e9s.","potentialAction":[{"@type":"SearchAction","target":{"@type":"EntryPoint","urlTemplate":"https:\/\/mont-roig.cat\/es\/?s={search_term_string}"},"query-input":{"@type":"PropertyValueSpecification","valueRequired":true,"valueName":"search_term_string"}}],"inLanguage":"es"},{"@type":"Person","@id":"https:\/\/mont-roig.cat\/es\/#\/schema\/person\/f2b111789f22b7d0c3bd6786c9128cba","name":"administrador","image":{"@type":"ImageObject","inLanguage":"es","@id":"https:\/\/secure.gravatar.com\/avatar\/9137aac6891e2595c9d3036fd83bcb653b4db3c946db4c7d9b9be193c3c944bb?s=96&d=mm&r=g","url":"https:\/\/secure.gravatar.com\/avatar\/9137aac6891e2595c9d3036fd83bcb653b4db3c946db4c7d9b9be193c3c944bb?s=96&d=mm&r=g","contentUrl":"https:\/\/secure.gravatar.com\/avatar\/9137aac6891e2595c9d3036fd83bcb653b4db3c946db4c7d9b9be193c3c944bb?s=96&d=mm&r=g","caption":"administrador"},"url":"https:\/\/mont-roig.cat\/es\/actualitat\/noticies\/author\/administrador\/"}]}},"_links":{"self":[{"href":"https:\/\/mont-roig.cat\/es\/wp-json\/wp\/v2\/posts\/17206","targetHints":{"allow":["GET"]}}],"collection":[{"href":"https:\/\/mont-roig.cat\/es\/wp-json\/wp\/v2\/posts"}],"about":[{"href":"https:\/\/mont-roig.cat\/es\/wp-json\/wp\/v2\/types\/post"}],"author":[{"embeddable":true,"href":"https:\/\/mont-roig.cat\/es\/wp-json\/wp\/v2\/users\/4"}],"replies":[{"embeddable":true,"href":"https:\/\/mont-roig.cat\/es\/wp-json\/wp\/v2\/comments?post=17206"}],"version-history":[{"count":0,"href":"https:\/\/mont-roig.cat\/es\/wp-json\/wp\/v2\/posts\/17206\/revisions"}],"wp:featuredmedia":[{"embeddable":true,"href":"https:\/\/mont-roig.cat\/es\/wp-json\/wp\/v2\/media\/17204"}],"wp:attachment":[{"href":"https:\/\/mont-roig.cat\/es\/wp-json\/wp\/v2\/media?parent=17206"}],"wp:term":[{"taxonomy":"category","embeddable":true,"href":"https:\/\/mont-roig.cat\/es\/wp-json\/wp\/v2\/categories?post=17206"},{"taxonomy":"post_tag","embeddable":true,"href":"https:\/\/mont-roig.cat\/es\/wp-json\/wp\/v2\/tags?post=17206"}],"curies":[{"name":"wp","href":"https:\/\/api.w.org\/{rel}","templated":true}]}}