{"id":17318,"date":"2017-05-29T11:07:08","date_gmt":"2017-05-29T09:07:08","guid":{"rendered":"http:\/\/mont-roig.cat\/actualitat\/noticies\/mas-de-400-personas-participan-en-la-primera-fiesta-de-la-gente-mayor\/"},"modified":"2017-05-29T13:15:36","modified_gmt":"2017-05-29T11:15:36","slug":"mas-de-400-personas-participan-en-la-primera-fiesta-de-la-gente-mayor","status":"publish","type":"post","link":"https:\/\/mont-roig.cat\/es\/actualitat\/noticies\/mas-de-400-personas-participan-en-la-primera-fiesta-de-la-gente-mayor\/","title":{"rendered":"M\u00e1s de 400 personas participan en la primera Fiesta de la Gente Mayor"},"content":{"rendered":"<div id=\"attachment_17316\" style=\"width: 309px\" class=\"wp-caption alignright\"><a href=\"http:\/\/mont-roig.cat\/wp-content\/uploads\/DSCN9966.jpg\"><img loading=\"lazy\" decoding=\"async\" aria-describedby=\"caption-attachment-17316\" class=\"wp-image-17316\" src=\"http:\/\/mont-roig.cat\/wp-content\/uploads\/DSCN9966-500x375.jpg\" alt=\"\" width=\"299\" height=\"224\" srcset=\"https:\/\/mont-roig.cat\/wp-content\/uploads\/DSCN9966-500x375.jpg 500w, https:\/\/mont-roig.cat\/wp-content\/uploads\/DSCN9966-768x576.jpg 768w, https:\/\/mont-roig.cat\/wp-content\/uploads\/DSCN9966-1024x768.jpg 1024w, https:\/\/mont-roig.cat\/wp-content\/uploads\/DSCN9966-463x348.jpg 463w, https:\/\/mont-roig.cat\/wp-content\/uploads\/DSCN9966.jpg 1920w\" sizes=\"auto, (max-width: 299px) 100vw, 299px\" \/><\/a><p id=\"caption-attachment-17316\" class=\"wp-caption-text\">Primera Festa de la Gent Gran<\/p><\/div>\n<ul>\n<li><strong>Buen ambiente y diversi\u00f3n en una jornada que reuni\u00f3 a los abuelos y abuelas de todo el municipio<\/strong><\/li>\n<\/ul>\n<p>Buena compa\u00f1\u00eda y mucha diversi\u00f3n en la primera Fiesta de la Gente Mayor\u00a0celebrada el pasado viernes 26 de mayo. M\u00e1s de 400 personas participaron en la iniciativa, organizada por el Ayuntamiento de Mont-roig del Camp, que ten\u00eda por objetivo reunir a los abuelos y abuelas de todo el municipio, mayores de 70 a\u00f1os, en una jornada de hermandad.\u00e7<\/p>\n<p>Varios autobuses los pasaron a recoger para llevarlos hasta el camping La Torre del Sol donde se desarroll\u00f3 la Fiesta. La celebraci\u00f3n comenz\u00f3 con el acto de recepci\u00f3n y bienvenida.<\/p>\n<p>La presidenta del Casal de Ancianos Sant Jaume\u00a0de Miami Platja, Miracle Fumanal habl\u00f3 de la satisfacci\u00f3n de poder trabajar para la gente mayor, una tarea que espera poder hacer durante mucho tiempo. Por otra parte, Josep Maria Mart\u00ed, presidente de la Asociaci\u00f3n Local de jubilados y pensionistas de Mont-roig, visiblemente emocionado, destac\u00f3 que esta es una iniciativa muy bonita y una muy buena oportunidad para que la gente mayor de los dos n\u00facleos pueda compartir un d\u00eda juntos y relacionarse.<\/p>\n<p>Ambos hablaron despu\u00e9s de que el concejal de Acci\u00f3n social y Gente Mayor\u00a0Enrique L\u00f3pez les invitara a dirigir unas palabras al auditorio. Seguidamente L\u00f3pez agradeci\u00f3 el trabajo magn\u00edfica que se hace desde los casals y anim\u00f3 a todos los asistentes a olvidarse de todo y disfrutar del d\u00eda, que era el objetivo de esta gran fiesta.<\/p>\n<p>Por su parte el alcalde de Mont-roig del Camp, Fran Morancho dijo que &#8220;la gente mayor es tan importante que ning\u00fan gesto, como esta fiesta, es suficiente para devolverles todo lo que ellos nos han dado&#8221;.<\/p>\n<p>Adem\u00e1s del alcalde y el concejal tambi\u00e9n quisieron compartir esta jornada con los abuelos y abuelas los concejales del gobierno Vicente P\u00e9rez, Yolanda P\u00e9rez, Ferran Pellicer, N\u00faria Esquius, \u00c1ngel Redondo y los concejales de la oposici\u00f3n Francisco Chamizo, Annabel Garcia e Irene Aragon\u00e9s.<\/p>\n<p>La gran Fiesta de la Tercera edad cont\u00f3 con la colaboraci\u00f3n del camping La Torre del Sol. Tras el acto de bienvenida, los participantes pudieron visitar las instalaciones de uno de los mejores campings del municipio. Muchos de ellos no hab\u00edan visto nunca un equipamiento de estas caracter\u00edsticas y otros pudieron observar la evoluci\u00f3n que han tenido estos establecimientos con los a\u00f1os.<\/p>\n<p>Tras la visita animada y la comida de hermandad, a base de paella, los abuelos y abuelas pudieron disfrutar de una sesi\u00f3n de baile.<\/p>\n<p>&nbsp;<\/p>\n<p><a href=\"https:\/\/www.flickr.com\/photos\/ajmont-roig\/albums\/72157684403128755\" target=\"_blank\" rel=\"noopener noreferrer\">GALER\u00cdA DE FOTOS<\/a><\/p>\n","protected":false},"excerpt":{"rendered":"<p>Buen ambiente y diversi\u00f3n en una jornada que reuni\u00f3 a los abuelos y abuelas de todo el municipio Buena compa\u00f1\u00eda y mucha diversi\u00f3n en la primera Fiesta de la Gente Mayor\u00a0celebrada el pasado viernes 26 de mayo. M\u00e1s de 400 personas participaron en la iniciativa, organizada por el Ayuntamiento de Mont-roig del Camp, que ten\u00eda [&hellip;]<\/p>\n","protected":false},"author":4,"featured_media":17316,"comment_status":"closed","ping_status":"closed","sticky":false,"template":"","format":"standard","meta":{"inline_featured_image":false,"_monsterinsights_skip_tracking":false,"_monsterinsights_sitenote_active":false,"_monsterinsights_sitenote_note":"","_monsterinsights_sitenote_category":0,"footnotes":""},"categories":[98,114],"tags":[],"class_list":["post-17318","post","type-post","status-publish","format-standard","has-post-thumbnail","hentry","category-ayuntamiento","category-servicios-sociales"],"yoast_head":"<!-- This site is optimized with the Yoast SEO plugin v27.4 - https:\/\/yoast.com\/product\/yoast-seo-wordpress\/ -->\n<title>M\u00e1s de 400 personas participan en la primera Fiesta de la Gente Mayor - Ajuntament de Mont-roig del Camp<\/title>\n<meta name=\"robots\" content=\"index, follow, max-snippet:-1, max-image-preview:large, max-video-preview:-1\" \/>\n<link rel=\"canonical\" href=\"https:\/\/mont-roig.cat\/es\/actualitat\/noticies\/mas-de-400-personas-participan-en-la-primera-fiesta-de-la-gente-mayor\/\" \/>\n<meta property=\"og:locale\" content=\"es_ES\" \/>\n<meta property=\"og:type\" content=\"article\" \/>\n<meta property=\"og:title\" content=\"M\u00e1s de 400 personas participan en la primera Fiesta de la Gente Mayor - Ajuntament de Mont-roig del Camp\" \/>\n<meta property=\"og:description\" content=\"Buen ambiente y diversi\u00f3n en una jornada que reuni\u00f3 a los abuelos y abuelas de todo el municipio Buena compa\u00f1\u00eda y mucha diversi\u00f3n en la primera Fiesta de la Gente Mayor\u00a0celebrada el pasado viernes 26 de mayo. M\u00e1s de 400 personas participaron en la iniciativa, organizada por el Ayuntamiento de Mont-roig del Camp, que ten\u00eda [&hellip;]\" \/>\n<meta property=\"og:url\" content=\"https:\/\/mont-roig.cat\/es\/actualitat\/noticies\/mas-de-400-personas-participan-en-la-primera-fiesta-de-la-gente-mayor\/\" \/>\n<meta property=\"og:site_name\" content=\"Ajuntament de Mont-roig del Camp\" \/>\n<meta property=\"article:published_time\" content=\"2017-05-29T09:07:08+00:00\" \/>\n<meta property=\"article:modified_time\" content=\"2017-05-29T11:15:36+00:00\" \/>\n<meta property=\"og:image\" content=\"https:\/\/mont-roig.cat\/wp-content\/uploads\/DSCN9966.jpg\" \/>\n\t<meta property=\"og:image:width\" content=\"1920\" \/>\n\t<meta property=\"og:image:height\" content=\"1440\" \/>\n\t<meta property=\"og:image:type\" content=\"image\/jpeg\" \/>\n<meta name=\"author\" content=\"administrador\" \/>\n<meta name=\"twitter:card\" content=\"summary_large_image\" \/>\n<meta name=\"twitter:label1\" content=\"Escrito por\" \/>\n\t<meta name=\"twitter:data1\" content=\"administrador\" \/>\n\t<meta name=\"twitter:label2\" content=\"Tiempo de lectura\" \/>\n\t<meta name=\"twitter:data2\" content=\"2 minutos\" \/>\n<script type=\"application\/ld+json\" class=\"yoast-schema-graph\">{\"@context\":\"https:\\\/\\\/schema.org\",\"@graph\":[{\"@type\":\"Article\",\"@id\":\"https:\\\/\\\/mont-roig.cat\\\/es\\\/actualitat\\\/noticies\\\/mas-de-400-personas-participan-en-la-primera-fiesta-de-la-gente-mayor\\\/#article\",\"isPartOf\":{\"@id\":\"https:\\\/\\\/mont-roig.cat\\\/es\\\/actualitat\\\/noticies\\\/mas-de-400-personas-participan-en-la-primera-fiesta-de-la-gente-mayor\\\/\"},\"author\":{\"name\":\"administrador\",\"@id\":\"https:\\\/\\\/mont-roig.cat\\\/es\\\/#\\\/schema\\\/person\\\/f2b111789f22b7d0c3bd6786c9128cba\"},\"headline\":\"M\u00e1s de 400 personas participan en la primera Fiesta de la Gente Mayor\",\"datePublished\":\"2017-05-29T09:07:08+00:00\",\"dateModified\":\"2017-05-29T11:15:36+00:00\",\"mainEntityOfPage\":{\"@id\":\"https:\\\/\\\/mont-roig.cat\\\/es\\\/actualitat\\\/noticies\\\/mas-de-400-personas-participan-en-la-primera-fiesta-de-la-gente-mayor\\\/\"},\"wordCount\":470,\"image\":{\"@id\":\"https:\\\/\\\/mont-roig.cat\\\/es\\\/actualitat\\\/noticies\\\/mas-de-400-personas-participan-en-la-primera-fiesta-de-la-gente-mayor\\\/#primaryimage\"},\"thumbnailUrl\":\"https:\\\/\\\/mont-roig.cat\\\/wp-content\\\/uploads\\\/DSCN9966.jpg\",\"articleSection\":[\"Ayuntamiento\",\"Servicios sociales\"],\"inLanguage\":\"es\"},{\"@type\":\"WebPage\",\"@id\":\"https:\\\/\\\/mont-roig.cat\\\/es\\\/actualitat\\\/noticies\\\/mas-de-400-personas-participan-en-la-primera-fiesta-de-la-gente-mayor\\\/\",\"url\":\"https:\\\/\\\/mont-roig.cat\\\/es\\\/actualitat\\\/noticies\\\/mas-de-400-personas-participan-en-la-primera-fiesta-de-la-gente-mayor\\\/\",\"name\":\"M\u00e1s de 400 personas participan en la primera Fiesta de la Gente Mayor - Ajuntament de Mont-roig del Camp\",\"isPartOf\":{\"@id\":\"https:\\\/\\\/mont-roig.cat\\\/es\\\/#website\"},\"primaryImageOfPage\":{\"@id\":\"https:\\\/\\\/mont-roig.cat\\\/es\\\/actualitat\\\/noticies\\\/mas-de-400-personas-participan-en-la-primera-fiesta-de-la-gente-mayor\\\/#primaryimage\"},\"image\":{\"@id\":\"https:\\\/\\\/mont-roig.cat\\\/es\\\/actualitat\\\/noticies\\\/mas-de-400-personas-participan-en-la-primera-fiesta-de-la-gente-mayor\\\/#primaryimage\"},\"thumbnailUrl\":\"https:\\\/\\\/mont-roig.cat\\\/wp-content\\\/uploads\\\/DSCN9966.jpg\",\"datePublished\":\"2017-05-29T09:07:08+00:00\",\"dateModified\":\"2017-05-29T11:15:36+00:00\",\"author\":{\"@id\":\"https:\\\/\\\/mont-roig.cat\\\/es\\\/#\\\/schema\\\/person\\\/f2b111789f22b7d0c3bd6786c9128cba\"},\"breadcrumb\":{\"@id\":\"https:\\\/\\\/mont-roig.cat\\\/es\\\/actualitat\\\/noticies\\\/mas-de-400-personas-participan-en-la-primera-fiesta-de-la-gente-mayor\\\/#breadcrumb\"},\"inLanguage\":\"es\",\"potentialAction\":[{\"@type\":\"ReadAction\",\"target\":[\"https:\\\/\\\/mont-roig.cat\\\/es\\\/actualitat\\\/noticies\\\/mas-de-400-personas-participan-en-la-primera-fiesta-de-la-gente-mayor\\\/\"]}]},{\"@type\":\"ImageObject\",\"inLanguage\":\"es\",\"@id\":\"https:\\\/\\\/mont-roig.cat\\\/es\\\/actualitat\\\/noticies\\\/mas-de-400-personas-participan-en-la-primera-fiesta-de-la-gente-mayor\\\/#primaryimage\",\"url\":\"https:\\\/\\\/mont-roig.cat\\\/wp-content\\\/uploads\\\/DSCN9966.jpg\",\"contentUrl\":\"https:\\\/\\\/mont-roig.cat\\\/wp-content\\\/uploads\\\/DSCN9966.jpg\",\"width\":1920,\"height\":1440},{\"@type\":\"BreadcrumbList\",\"@id\":\"https:\\\/\\\/mont-roig.cat\\\/es\\\/actualitat\\\/noticies\\\/mas-de-400-personas-participan-en-la-primera-fiesta-de-la-gente-mayor\\\/#breadcrumb\",\"itemListElement\":[{\"@type\":\"ListItem\",\"position\":1,\"name\":\"Inici\",\"item\":\"https:\\\/\\\/mont-roig.cat\\\/es\\\/pagina-de-inicio\\\/\"},{\"@type\":\"ListItem\",\"position\":2,\"name\":\"M\u00e1s de 400 personas participan en la primera Fiesta de la Gente Mayor\"}]},{\"@type\":\"WebSite\",\"@id\":\"https:\\\/\\\/mont-roig.cat\\\/es\\\/#website\",\"url\":\"https:\\\/\\\/mont-roig.cat\\\/es\\\/\",\"name\":\"Ajuntament de Mont-roig del Camp\",\"description\":\"Tota la informaci\u00f3 sobre la instituci\u00f3, els seus \u00f2rgans de govern, actualitat, serveis i molt m\u00e9s.\",\"potentialAction\":[{\"@type\":\"SearchAction\",\"target\":{\"@type\":\"EntryPoint\",\"urlTemplate\":\"https:\\\/\\\/mont-roig.cat\\\/es\\\/?s={search_term_string}\"},\"query-input\":{\"@type\":\"PropertyValueSpecification\",\"valueRequired\":true,\"valueName\":\"search_term_string\"}}],\"inLanguage\":\"es\"},{\"@type\":\"Person\",\"@id\":\"https:\\\/\\\/mont-roig.cat\\\/es\\\/#\\\/schema\\\/person\\\/f2b111789f22b7d0c3bd6786c9128cba\",\"name\":\"administrador\",\"image\":{\"@type\":\"ImageObject\",\"inLanguage\":\"es\",\"@id\":\"https:\\\/\\\/secure.gravatar.com\\\/avatar\\\/9137aac6891e2595c9d3036fd83bcb653b4db3c946db4c7d9b9be193c3c944bb?s=96&d=mm&r=g\",\"url\":\"https:\\\/\\\/secure.gravatar.com\\\/avatar\\\/9137aac6891e2595c9d3036fd83bcb653b4db3c946db4c7d9b9be193c3c944bb?s=96&d=mm&r=g\",\"contentUrl\":\"https:\\\/\\\/secure.gravatar.com\\\/avatar\\\/9137aac6891e2595c9d3036fd83bcb653b4db3c946db4c7d9b9be193c3c944bb?s=96&d=mm&r=g\",\"caption\":\"administrador\"},\"url\":\"https:\\\/\\\/mont-roig.cat\\\/es\\\/actualitat\\\/noticies\\\/author\\\/administrador\\\/\"}]}<\/script>\n<!-- \/ Yoast SEO plugin. -->","yoast_head_json":{"title":"M\u00e1s de 400 personas participan en la primera Fiesta de la Gente Mayor - Ajuntament de Mont-roig del Camp","robots":{"index":"index","follow":"follow","max-snippet":"max-snippet:-1","max-image-preview":"max-image-preview:large","max-video-preview":"max-video-preview:-1"},"canonical":"https:\/\/mont-roig.cat\/es\/actualitat\/noticies\/mas-de-400-personas-participan-en-la-primera-fiesta-de-la-gente-mayor\/","og_locale":"es_ES","og_type":"article","og_title":"M\u00e1s de 400 personas participan en la primera Fiesta de la Gente Mayor - Ajuntament de Mont-roig del Camp","og_description":"Buen ambiente y diversi\u00f3n en una jornada que reuni\u00f3 a los abuelos y abuelas de todo el municipio Buena compa\u00f1\u00eda y mucha diversi\u00f3n en la primera Fiesta de la Gente Mayor\u00a0celebrada el pasado viernes 26 de mayo. M\u00e1s de 400 personas participaron en la iniciativa, organizada por el Ayuntamiento de Mont-roig del Camp, que ten\u00eda [&hellip;]","og_url":"https:\/\/mont-roig.cat\/es\/actualitat\/noticies\/mas-de-400-personas-participan-en-la-primera-fiesta-de-la-gente-mayor\/","og_site_name":"Ajuntament de Mont-roig del Camp","article_published_time":"2017-05-29T09:07:08+00:00","article_modified_time":"2017-05-29T11:15:36+00:00","og_image":[{"width":1920,"height":1440,"url":"https:\/\/mont-roig.cat\/wp-content\/uploads\/DSCN9966.jpg","type":"image\/jpeg"}],"author":"administrador","twitter_card":"summary_large_image","twitter_misc":{"Escrito por":"administrador","Tiempo de lectura":"2 minutos"},"schema":{"@context":"https:\/\/schema.org","@graph":[{"@type":"Article","@id":"https:\/\/mont-roig.cat\/es\/actualitat\/noticies\/mas-de-400-personas-participan-en-la-primera-fiesta-de-la-gente-mayor\/#article","isPartOf":{"@id":"https:\/\/mont-roig.cat\/es\/actualitat\/noticies\/mas-de-400-personas-participan-en-la-primera-fiesta-de-la-gente-mayor\/"},"author":{"name":"administrador","@id":"https:\/\/mont-roig.cat\/es\/#\/schema\/person\/f2b111789f22b7d0c3bd6786c9128cba"},"headline":"M\u00e1s de 400 personas participan en la primera Fiesta de la Gente Mayor","datePublished":"2017-05-29T09:07:08+00:00","dateModified":"2017-05-29T11:15:36+00:00","mainEntityOfPage":{"@id":"https:\/\/mont-roig.cat\/es\/actualitat\/noticies\/mas-de-400-personas-participan-en-la-primera-fiesta-de-la-gente-mayor\/"},"wordCount":470,"image":{"@id":"https:\/\/mont-roig.cat\/es\/actualitat\/noticies\/mas-de-400-personas-participan-en-la-primera-fiesta-de-la-gente-mayor\/#primaryimage"},"thumbnailUrl":"https:\/\/mont-roig.cat\/wp-content\/uploads\/DSCN9966.jpg","articleSection":["Ayuntamiento","Servicios sociales"],"inLanguage":"es"},{"@type":"WebPage","@id":"https:\/\/mont-roig.cat\/es\/actualitat\/noticies\/mas-de-400-personas-participan-en-la-primera-fiesta-de-la-gente-mayor\/","url":"https:\/\/mont-roig.cat\/es\/actualitat\/noticies\/mas-de-400-personas-participan-en-la-primera-fiesta-de-la-gente-mayor\/","name":"M\u00e1s de 400 personas participan en la primera Fiesta de la Gente Mayor - Ajuntament de Mont-roig del Camp","isPartOf":{"@id":"https:\/\/mont-roig.cat\/es\/#website"},"primaryImageOfPage":{"@id":"https:\/\/mont-roig.cat\/es\/actualitat\/noticies\/mas-de-400-personas-participan-en-la-primera-fiesta-de-la-gente-mayor\/#primaryimage"},"image":{"@id":"https:\/\/mont-roig.cat\/es\/actualitat\/noticies\/mas-de-400-personas-participan-en-la-primera-fiesta-de-la-gente-mayor\/#primaryimage"},"thumbnailUrl":"https:\/\/mont-roig.cat\/wp-content\/uploads\/DSCN9966.jpg","datePublished":"2017-05-29T09:07:08+00:00","dateModified":"2017-05-29T11:15:36+00:00","author":{"@id":"https:\/\/mont-roig.cat\/es\/#\/schema\/person\/f2b111789f22b7d0c3bd6786c9128cba"},"breadcrumb":{"@id":"https:\/\/mont-roig.cat\/es\/actualitat\/noticies\/mas-de-400-personas-participan-en-la-primera-fiesta-de-la-gente-mayor\/#breadcrumb"},"inLanguage":"es","potentialAction":[{"@type":"ReadAction","target":["https:\/\/mont-roig.cat\/es\/actualitat\/noticies\/mas-de-400-personas-participan-en-la-primera-fiesta-de-la-gente-mayor\/"]}]},{"@type":"ImageObject","inLanguage":"es","@id":"https:\/\/mont-roig.cat\/es\/actualitat\/noticies\/mas-de-400-personas-participan-en-la-primera-fiesta-de-la-gente-mayor\/#primaryimage","url":"https:\/\/mont-roig.cat\/wp-content\/uploads\/DSCN9966.jpg","contentUrl":"https:\/\/mont-roig.cat\/wp-content\/uploads\/DSCN9966.jpg","width":1920,"height":1440},{"@type":"BreadcrumbList","@id":"https:\/\/mont-roig.cat\/es\/actualitat\/noticies\/mas-de-400-personas-participan-en-la-primera-fiesta-de-la-gente-mayor\/#breadcrumb","itemListElement":[{"@type":"ListItem","position":1,"name":"Inici","item":"https:\/\/mont-roig.cat\/es\/pagina-de-inicio\/"},{"@type":"ListItem","position":2,"name":"M\u00e1s de 400 personas participan en la primera Fiesta de la Gente Mayor"}]},{"@type":"WebSite","@id":"https:\/\/mont-roig.cat\/es\/#website","url":"https:\/\/mont-roig.cat\/es\/","name":"Ajuntament de Mont-roig del Camp","description":"Tota la informaci\u00f3 sobre la instituci\u00f3, els seus \u00f2rgans de govern, actualitat, serveis i molt m\u00e9s.","potentialAction":[{"@type":"SearchAction","target":{"@type":"EntryPoint","urlTemplate":"https:\/\/mont-roig.cat\/es\/?s={search_term_string}"},"query-input":{"@type":"PropertyValueSpecification","valueRequired":true,"valueName":"search_term_string"}}],"inLanguage":"es"},{"@type":"Person","@id":"https:\/\/mont-roig.cat\/es\/#\/schema\/person\/f2b111789f22b7d0c3bd6786c9128cba","name":"administrador","image":{"@type":"ImageObject","inLanguage":"es","@id":"https:\/\/secure.gravatar.com\/avatar\/9137aac6891e2595c9d3036fd83bcb653b4db3c946db4c7d9b9be193c3c944bb?s=96&d=mm&r=g","url":"https:\/\/secure.gravatar.com\/avatar\/9137aac6891e2595c9d3036fd83bcb653b4db3c946db4c7d9b9be193c3c944bb?s=96&d=mm&r=g","contentUrl":"https:\/\/secure.gravatar.com\/avatar\/9137aac6891e2595c9d3036fd83bcb653b4db3c946db4c7d9b9be193c3c944bb?s=96&d=mm&r=g","caption":"administrador"},"url":"https:\/\/mont-roig.cat\/es\/actualitat\/noticies\/author\/administrador\/"}]}},"_links":{"self":[{"href":"https:\/\/mont-roig.cat\/es\/wp-json\/wp\/v2\/posts\/17318","targetHints":{"allow":["GET"]}}],"collection":[{"href":"https:\/\/mont-roig.cat\/es\/wp-json\/wp\/v2\/posts"}],"about":[{"href":"https:\/\/mont-roig.cat\/es\/wp-json\/wp\/v2\/types\/post"}],"author":[{"embeddable":true,"href":"https:\/\/mont-roig.cat\/es\/wp-json\/wp\/v2\/users\/4"}],"replies":[{"embeddable":true,"href":"https:\/\/mont-roig.cat\/es\/wp-json\/wp\/v2\/comments?post=17318"}],"version-history":[{"count":0,"href":"https:\/\/mont-roig.cat\/es\/wp-json\/wp\/v2\/posts\/17318\/revisions"}],"wp:featuredmedia":[{"embeddable":true,"href":"https:\/\/mont-roig.cat\/es\/wp-json\/wp\/v2\/media\/17316"}],"wp:attachment":[{"href":"https:\/\/mont-roig.cat\/es\/wp-json\/wp\/v2\/media?parent=17318"}],"wp:term":[{"taxonomy":"category","embeddable":true,"href":"https:\/\/mont-roig.cat\/es\/wp-json\/wp\/v2\/categories?post=17318"},{"taxonomy":"post_tag","embeddable":true,"href":"https:\/\/mont-roig.cat\/es\/wp-json\/wp\/v2\/tags?post=17318"}],"curies":[{"name":"wp","href":"https:\/\/api.w.org\/{rel}","templated":true}]}}