{"id":17390,"date":"2017-05-31T09:04:33","date_gmt":"2017-05-31T07:04:33","guid":{"rendered":"http:\/\/mont-roig.cat\/actualitat\/noticies\/las-bibliotecas-de-mont-roig-y-miami-platja-ponen-en-marcha-el-rincon-de-las-oposiciones\/"},"modified":"2017-05-31T09:08:42","modified_gmt":"2017-05-31T07:08:42","slug":"las-bibliotecas-de-mont-roig-y-miami-platja-ponen-en-marcha-el-rincon-de-las-oposiciones","status":"publish","type":"post","link":"https:\/\/mont-roig.cat\/es\/actualitat\/noticies\/las-bibliotecas-de-mont-roig-y-miami-platja-ponen-en-marcha-el-rincon-de-las-oposiciones\/","title":{"rendered":"Las bibliotecas de Mont-roig y Miami Platja ponen en marcha el &#8220;rinc\u00f3n de las oposiciones&#8221;"},"content":{"rendered":"<div id=\"attachment_17388\" style=\"width: 310px\" class=\"wp-caption alignright\"><a href=\"http:\/\/mont-roig.cat\/wp-content\/uploads\/Rac\u00f3-de-les-oposicions-Biblioteca.jpg\"><img loading=\"lazy\" decoding=\"async\" aria-describedby=\"caption-attachment-17388\" class=\"wp-image-17388\" src=\"http:\/\/mont-roig.cat\/wp-content\/uploads\/Rac\u00f3-de-les-oposicions-Biblioteca-500x375.jpg\" alt=\"\" width=\"300\" height=\"225\" srcset=\"https:\/\/mont-roig.cat\/wp-content\/uploads\/Rac\u00f3-de-les-oposicions-Biblioteca-500x375.jpg 500w, https:\/\/mont-roig.cat\/wp-content\/uploads\/Rac\u00f3-de-les-oposicions-Biblioteca-768x576.jpg 768w, https:\/\/mont-roig.cat\/wp-content\/uploads\/Rac\u00f3-de-les-oposicions-Biblioteca-1024x768.jpg 1024w, https:\/\/mont-roig.cat\/wp-content\/uploads\/Rac\u00f3-de-les-oposicions-Biblioteca-463x348.jpg 463w, https:\/\/mont-roig.cat\/wp-content\/uploads\/Rac\u00f3-de-les-oposicions-Biblioteca.jpg 1920w\" sizes=\"auto, (max-width: 300px) 100vw, 300px\" \/><\/a><p id=\"caption-attachment-17388\" class=\"wp-caption-text\">Libros y material para prepararse para unas oposiciones<\/p><\/div>\n<p>Atendiendo al anuncio de convocatorias de oposiciones diversas por parte de diferentes administraciones, las bibliotecas de Mont-roig y Miami Platja han puesto en marcha una recopilaci\u00f3n de documentos para ayudar a las personas que lo deseen a superar con \u00e9xito estas pruebas.<\/p>\n<p>Entre la bibliograf\u00eda presente se encuentran temarios generales y espec\u00edficos, con libros de testos, preguntas de examen as\u00ed como testos psicot\u00e9cnicos o temario espec\u00edfico (bomberos, polic\u00eda local, auxiliar de geriatr\u00eda&#8230;).<\/p>\n<p>Por otra parte tambi\u00e9n se ha seleccionado bibliograf\u00eda complementaria que pueda ayudar a los aspirantes a resolver ex\u00e1menes u oposiciones con \u00e9xito.<\/p>\n<p>El personal de las bibliotecas, adem\u00e1s, se pone a disposici\u00f3n de los aspirantes para ayudarles a resolver dudas as\u00ed como para solucionar las necesidades espec\u00edficas que les puedan surgir.<\/p>\n<p>Las bibliotecas municipales Joan Mir\u00f3 comienzan el pr\u00f3ximo 15 de junio el horario de verano. <a href=\"http:\/\/bibliotecajoanmiro.blogspot.com.es\/p\/horari.html\" target=\"_blank\" rel=\"noopener noreferrer\">Consulta el horario.<\/a><\/p>\n","protected":false},"excerpt":{"rendered":"<p>Atendiendo al anuncio de convocatorias de oposiciones diversas por parte de diferentes administraciones, las bibliotecas de Mont-roig y Miami Platja han puesto en marcha una recopilaci\u00f3n de documentos para ayudar a las personas que lo deseen a superar con \u00e9xito estas pruebas. Entre la bibliograf\u00eda presente se encuentran temarios generales y espec\u00edficos, con libros de [&hellip;]<\/p>\n","protected":false},"author":4,"featured_media":17388,"comment_status":"closed","ping_status":"closed","sticky":false,"template":"","format":"standard","meta":{"inline_featured_image":false,"_monsterinsights_skip_tracking":false,"_monsterinsights_sitenote_active":false,"_monsterinsights_sitenote_note":"","_monsterinsights_sitenote_category":0,"footnotes":""},"categories":[101],"tags":[],"class_list":["post-17390","post","type-post","status-publish","format-standard","has-post-thumbnail","hentry","category-cultura-es"],"yoast_head":"<!-- This site is optimized with the Yoast SEO plugin v27.4 - https:\/\/yoast.com\/product\/yoast-seo-wordpress\/ -->\n<title>Las bibliotecas de Mont-roig y Miami Platja ponen en marcha el &quot;rinc\u00f3n de las oposiciones&quot; - Ajuntament de Mont-roig del Camp<\/title>\n<meta name=\"robots\" content=\"index, follow, max-snippet:-1, max-image-preview:large, max-video-preview:-1\" \/>\n<link rel=\"canonical\" href=\"https:\/\/mont-roig.cat\/es\/actualitat\/noticies\/las-bibliotecas-de-mont-roig-y-miami-platja-ponen-en-marcha-el-rincon-de-las-oposiciones\/\" \/>\n<meta property=\"og:locale\" content=\"es_ES\" \/>\n<meta property=\"og:type\" content=\"article\" \/>\n<meta property=\"og:title\" content=\"Las bibliotecas de Mont-roig y Miami Platja ponen en marcha el &quot;rinc\u00f3n de las oposiciones&quot; - Ajuntament de Mont-roig del Camp\" \/>\n<meta property=\"og:description\" content=\"Atendiendo al anuncio de convocatorias de oposiciones diversas por parte de diferentes administraciones, las bibliotecas de Mont-roig y Miami Platja han puesto en marcha una recopilaci\u00f3n de documentos para ayudar a las personas que lo deseen a superar con \u00e9xito estas pruebas. Entre la bibliograf\u00eda presente se encuentran temarios generales y espec\u00edficos, con libros de [&hellip;]\" \/>\n<meta property=\"og:url\" content=\"https:\/\/mont-roig.cat\/es\/actualitat\/noticies\/las-bibliotecas-de-mont-roig-y-miami-platja-ponen-en-marcha-el-rincon-de-las-oposiciones\/\" \/>\n<meta property=\"og:site_name\" content=\"Ajuntament de Mont-roig del Camp\" \/>\n<meta property=\"article:published_time\" content=\"2017-05-31T07:04:33+00:00\" \/>\n<meta property=\"article:modified_time\" content=\"2017-05-31T07:08:42+00:00\" \/>\n<meta property=\"og:image\" content=\"https:\/\/mont-roig.cat\/wp-content\/uploads\/Rac\u00f3-de-les-oposicions-Biblioteca.jpg\" \/>\n\t<meta property=\"og:image:width\" content=\"1920\" \/>\n\t<meta property=\"og:image:height\" content=\"1440\" \/>\n\t<meta property=\"og:image:type\" content=\"image\/jpeg\" \/>\n<meta name=\"author\" content=\"administrador\" \/>\n<meta name=\"twitter:card\" content=\"summary_large_image\" \/>\n<meta name=\"twitter:label1\" content=\"Escrito por\" \/>\n\t<meta name=\"twitter:data1\" content=\"administrador\" \/>\n\t<meta name=\"twitter:label2\" content=\"Tiempo de lectura\" \/>\n\t<meta name=\"twitter:data2\" content=\"1 minuto\" \/>\n<script type=\"application\/ld+json\" class=\"yoast-schema-graph\">{\"@context\":\"https:\\\/\\\/schema.org\",\"@graph\":[{\"@type\":\"Article\",\"@id\":\"https:\\\/\\\/mont-roig.cat\\\/es\\\/actualitat\\\/noticies\\\/las-bibliotecas-de-mont-roig-y-miami-platja-ponen-en-marcha-el-rincon-de-las-oposiciones\\\/#article\",\"isPartOf\":{\"@id\":\"https:\\\/\\\/mont-roig.cat\\\/es\\\/actualitat\\\/noticies\\\/las-bibliotecas-de-mont-roig-y-miami-platja-ponen-en-marcha-el-rincon-de-las-oposiciones\\\/\"},\"author\":{\"name\":\"administrador\",\"@id\":\"https:\\\/\\\/mont-roig.cat\\\/es\\\/#\\\/schema\\\/person\\\/f2b111789f22b7d0c3bd6786c9128cba\"},\"headline\":\"Las bibliotecas de Mont-roig y Miami Platja ponen en marcha el &#8220;rinc\u00f3n de las oposiciones&#8221;\",\"datePublished\":\"2017-05-31T07:04:33+00:00\",\"dateModified\":\"2017-05-31T07:08:42+00:00\",\"mainEntityOfPage\":{\"@id\":\"https:\\\/\\\/mont-roig.cat\\\/es\\\/actualitat\\\/noticies\\\/las-bibliotecas-de-mont-roig-y-miami-platja-ponen-en-marcha-el-rincon-de-las-oposiciones\\\/\"},\"wordCount\":185,\"image\":{\"@id\":\"https:\\\/\\\/mont-roig.cat\\\/es\\\/actualitat\\\/noticies\\\/las-bibliotecas-de-mont-roig-y-miami-platja-ponen-en-marcha-el-rincon-de-las-oposiciones\\\/#primaryimage\"},\"thumbnailUrl\":\"https:\\\/\\\/mont-roig.cat\\\/wp-content\\\/uploads\\\/Rac\u00f3-de-les-oposicions-Biblioteca.jpg\",\"articleSection\":[\"Cultura\"],\"inLanguage\":\"es\"},{\"@type\":\"WebPage\",\"@id\":\"https:\\\/\\\/mont-roig.cat\\\/es\\\/actualitat\\\/noticies\\\/las-bibliotecas-de-mont-roig-y-miami-platja-ponen-en-marcha-el-rincon-de-las-oposiciones\\\/\",\"url\":\"https:\\\/\\\/mont-roig.cat\\\/es\\\/actualitat\\\/noticies\\\/las-bibliotecas-de-mont-roig-y-miami-platja-ponen-en-marcha-el-rincon-de-las-oposiciones\\\/\",\"name\":\"Las bibliotecas de Mont-roig y Miami Platja ponen en marcha el \\\"rinc\u00f3n de las oposiciones\\\" - Ajuntament de Mont-roig del Camp\",\"isPartOf\":{\"@id\":\"https:\\\/\\\/mont-roig.cat\\\/es\\\/#website\"},\"primaryImageOfPage\":{\"@id\":\"https:\\\/\\\/mont-roig.cat\\\/es\\\/actualitat\\\/noticies\\\/las-bibliotecas-de-mont-roig-y-miami-platja-ponen-en-marcha-el-rincon-de-las-oposiciones\\\/#primaryimage\"},\"image\":{\"@id\":\"https:\\\/\\\/mont-roig.cat\\\/es\\\/actualitat\\\/noticies\\\/las-bibliotecas-de-mont-roig-y-miami-platja-ponen-en-marcha-el-rincon-de-las-oposiciones\\\/#primaryimage\"},\"thumbnailUrl\":\"https:\\\/\\\/mont-roig.cat\\\/wp-content\\\/uploads\\\/Rac\u00f3-de-les-oposicions-Biblioteca.jpg\",\"datePublished\":\"2017-05-31T07:04:33+00:00\",\"dateModified\":\"2017-05-31T07:08:42+00:00\",\"author\":{\"@id\":\"https:\\\/\\\/mont-roig.cat\\\/es\\\/#\\\/schema\\\/person\\\/f2b111789f22b7d0c3bd6786c9128cba\"},\"breadcrumb\":{\"@id\":\"https:\\\/\\\/mont-roig.cat\\\/es\\\/actualitat\\\/noticies\\\/las-bibliotecas-de-mont-roig-y-miami-platja-ponen-en-marcha-el-rincon-de-las-oposiciones\\\/#breadcrumb\"},\"inLanguage\":\"es\",\"potentialAction\":[{\"@type\":\"ReadAction\",\"target\":[\"https:\\\/\\\/mont-roig.cat\\\/es\\\/actualitat\\\/noticies\\\/las-bibliotecas-de-mont-roig-y-miami-platja-ponen-en-marcha-el-rincon-de-las-oposiciones\\\/\"]}]},{\"@type\":\"ImageObject\",\"inLanguage\":\"es\",\"@id\":\"https:\\\/\\\/mont-roig.cat\\\/es\\\/actualitat\\\/noticies\\\/las-bibliotecas-de-mont-roig-y-miami-platja-ponen-en-marcha-el-rincon-de-las-oposiciones\\\/#primaryimage\",\"url\":\"https:\\\/\\\/mont-roig.cat\\\/wp-content\\\/uploads\\\/Rac\u00f3-de-les-oposicions-Biblioteca.jpg\",\"contentUrl\":\"https:\\\/\\\/mont-roig.cat\\\/wp-content\\\/uploads\\\/Rac\u00f3-de-les-oposicions-Biblioteca.jpg\",\"width\":1920,\"height\":1440,\"caption\":\"bdr\"},{\"@type\":\"BreadcrumbList\",\"@id\":\"https:\\\/\\\/mont-roig.cat\\\/es\\\/actualitat\\\/noticies\\\/las-bibliotecas-de-mont-roig-y-miami-platja-ponen-en-marcha-el-rincon-de-las-oposiciones\\\/#breadcrumb\",\"itemListElement\":[{\"@type\":\"ListItem\",\"position\":1,\"name\":\"Inici\",\"item\":\"https:\\\/\\\/mont-roig.cat\\\/es\\\/pagina-de-inicio\\\/\"},{\"@type\":\"ListItem\",\"position\":2,\"name\":\"Las bibliotecas de Mont-roig y Miami Platja ponen en marcha el &#8220;rinc\u00f3n de las oposiciones&#8221;\"}]},{\"@type\":\"WebSite\",\"@id\":\"https:\\\/\\\/mont-roig.cat\\\/es\\\/#website\",\"url\":\"https:\\\/\\\/mont-roig.cat\\\/es\\\/\",\"name\":\"Ajuntament de Mont-roig del Camp\",\"description\":\"Tota la informaci\u00f3 sobre la instituci\u00f3, els seus \u00f2rgans de govern, actualitat, serveis i molt m\u00e9s.\",\"potentialAction\":[{\"@type\":\"SearchAction\",\"target\":{\"@type\":\"EntryPoint\",\"urlTemplate\":\"https:\\\/\\\/mont-roig.cat\\\/es\\\/?s={search_term_string}\"},\"query-input\":{\"@type\":\"PropertyValueSpecification\",\"valueRequired\":true,\"valueName\":\"search_term_string\"}}],\"inLanguage\":\"es\"},{\"@type\":\"Person\",\"@id\":\"https:\\\/\\\/mont-roig.cat\\\/es\\\/#\\\/schema\\\/person\\\/f2b111789f22b7d0c3bd6786c9128cba\",\"name\":\"administrador\",\"image\":{\"@type\":\"ImageObject\",\"inLanguage\":\"es\",\"@id\":\"https:\\\/\\\/secure.gravatar.com\\\/avatar\\\/9137aac6891e2595c9d3036fd83bcb653b4db3c946db4c7d9b9be193c3c944bb?s=96&d=mm&r=g\",\"url\":\"https:\\\/\\\/secure.gravatar.com\\\/avatar\\\/9137aac6891e2595c9d3036fd83bcb653b4db3c946db4c7d9b9be193c3c944bb?s=96&d=mm&r=g\",\"contentUrl\":\"https:\\\/\\\/secure.gravatar.com\\\/avatar\\\/9137aac6891e2595c9d3036fd83bcb653b4db3c946db4c7d9b9be193c3c944bb?s=96&d=mm&r=g\",\"caption\":\"administrador\"},\"url\":\"https:\\\/\\\/mont-roig.cat\\\/es\\\/actualitat\\\/noticies\\\/author\\\/administrador\\\/\"}]}<\/script>\n<!-- \/ Yoast SEO plugin. -->","yoast_head_json":{"title":"Las bibliotecas de Mont-roig y Miami Platja ponen en marcha el \"rinc\u00f3n de las oposiciones\" - Ajuntament de Mont-roig del Camp","robots":{"index":"index","follow":"follow","max-snippet":"max-snippet:-1","max-image-preview":"max-image-preview:large","max-video-preview":"max-video-preview:-1"},"canonical":"https:\/\/mont-roig.cat\/es\/actualitat\/noticies\/las-bibliotecas-de-mont-roig-y-miami-platja-ponen-en-marcha-el-rincon-de-las-oposiciones\/","og_locale":"es_ES","og_type":"article","og_title":"Las bibliotecas de Mont-roig y Miami Platja ponen en marcha el \"rinc\u00f3n de las oposiciones\" - Ajuntament de Mont-roig del Camp","og_description":"Atendiendo al anuncio de convocatorias de oposiciones diversas por parte de diferentes administraciones, las bibliotecas de Mont-roig y Miami Platja han puesto en marcha una recopilaci\u00f3n de documentos para ayudar a las personas que lo deseen a superar con \u00e9xito estas pruebas. Entre la bibliograf\u00eda presente se encuentran temarios generales y espec\u00edficos, con libros de [&hellip;]","og_url":"https:\/\/mont-roig.cat\/es\/actualitat\/noticies\/las-bibliotecas-de-mont-roig-y-miami-platja-ponen-en-marcha-el-rincon-de-las-oposiciones\/","og_site_name":"Ajuntament de Mont-roig del Camp","article_published_time":"2017-05-31T07:04:33+00:00","article_modified_time":"2017-05-31T07:08:42+00:00","og_image":[{"width":1920,"height":1440,"url":"https:\/\/mont-roig.cat\/wp-content\/uploads\/Rac\u00f3-de-les-oposicions-Biblioteca.jpg","type":"image\/jpeg"}],"author":"administrador","twitter_card":"summary_large_image","twitter_misc":{"Escrito por":"administrador","Tiempo de lectura":"1 minuto"},"schema":{"@context":"https:\/\/schema.org","@graph":[{"@type":"Article","@id":"https:\/\/mont-roig.cat\/es\/actualitat\/noticies\/las-bibliotecas-de-mont-roig-y-miami-platja-ponen-en-marcha-el-rincon-de-las-oposiciones\/#article","isPartOf":{"@id":"https:\/\/mont-roig.cat\/es\/actualitat\/noticies\/las-bibliotecas-de-mont-roig-y-miami-platja-ponen-en-marcha-el-rincon-de-las-oposiciones\/"},"author":{"name":"administrador","@id":"https:\/\/mont-roig.cat\/es\/#\/schema\/person\/f2b111789f22b7d0c3bd6786c9128cba"},"headline":"Las bibliotecas de Mont-roig y Miami Platja ponen en marcha el &#8220;rinc\u00f3n de las oposiciones&#8221;","datePublished":"2017-05-31T07:04:33+00:00","dateModified":"2017-05-31T07:08:42+00:00","mainEntityOfPage":{"@id":"https:\/\/mont-roig.cat\/es\/actualitat\/noticies\/las-bibliotecas-de-mont-roig-y-miami-platja-ponen-en-marcha-el-rincon-de-las-oposiciones\/"},"wordCount":185,"image":{"@id":"https:\/\/mont-roig.cat\/es\/actualitat\/noticies\/las-bibliotecas-de-mont-roig-y-miami-platja-ponen-en-marcha-el-rincon-de-las-oposiciones\/#primaryimage"},"thumbnailUrl":"https:\/\/mont-roig.cat\/wp-content\/uploads\/Rac\u00f3-de-les-oposicions-Biblioteca.jpg","articleSection":["Cultura"],"inLanguage":"es"},{"@type":"WebPage","@id":"https:\/\/mont-roig.cat\/es\/actualitat\/noticies\/las-bibliotecas-de-mont-roig-y-miami-platja-ponen-en-marcha-el-rincon-de-las-oposiciones\/","url":"https:\/\/mont-roig.cat\/es\/actualitat\/noticies\/las-bibliotecas-de-mont-roig-y-miami-platja-ponen-en-marcha-el-rincon-de-las-oposiciones\/","name":"Las bibliotecas de Mont-roig y Miami Platja ponen en marcha el \"rinc\u00f3n de las oposiciones\" - Ajuntament de Mont-roig del Camp","isPartOf":{"@id":"https:\/\/mont-roig.cat\/es\/#website"},"primaryImageOfPage":{"@id":"https:\/\/mont-roig.cat\/es\/actualitat\/noticies\/las-bibliotecas-de-mont-roig-y-miami-platja-ponen-en-marcha-el-rincon-de-las-oposiciones\/#primaryimage"},"image":{"@id":"https:\/\/mont-roig.cat\/es\/actualitat\/noticies\/las-bibliotecas-de-mont-roig-y-miami-platja-ponen-en-marcha-el-rincon-de-las-oposiciones\/#primaryimage"},"thumbnailUrl":"https:\/\/mont-roig.cat\/wp-content\/uploads\/Rac\u00f3-de-les-oposicions-Biblioteca.jpg","datePublished":"2017-05-31T07:04:33+00:00","dateModified":"2017-05-31T07:08:42+00:00","author":{"@id":"https:\/\/mont-roig.cat\/es\/#\/schema\/person\/f2b111789f22b7d0c3bd6786c9128cba"},"breadcrumb":{"@id":"https:\/\/mont-roig.cat\/es\/actualitat\/noticies\/las-bibliotecas-de-mont-roig-y-miami-platja-ponen-en-marcha-el-rincon-de-las-oposiciones\/#breadcrumb"},"inLanguage":"es","potentialAction":[{"@type":"ReadAction","target":["https:\/\/mont-roig.cat\/es\/actualitat\/noticies\/las-bibliotecas-de-mont-roig-y-miami-platja-ponen-en-marcha-el-rincon-de-las-oposiciones\/"]}]},{"@type":"ImageObject","inLanguage":"es","@id":"https:\/\/mont-roig.cat\/es\/actualitat\/noticies\/las-bibliotecas-de-mont-roig-y-miami-platja-ponen-en-marcha-el-rincon-de-las-oposiciones\/#primaryimage","url":"https:\/\/mont-roig.cat\/wp-content\/uploads\/Rac\u00f3-de-les-oposicions-Biblioteca.jpg","contentUrl":"https:\/\/mont-roig.cat\/wp-content\/uploads\/Rac\u00f3-de-les-oposicions-Biblioteca.jpg","width":1920,"height":1440,"caption":"bdr"},{"@type":"BreadcrumbList","@id":"https:\/\/mont-roig.cat\/es\/actualitat\/noticies\/las-bibliotecas-de-mont-roig-y-miami-platja-ponen-en-marcha-el-rincon-de-las-oposiciones\/#breadcrumb","itemListElement":[{"@type":"ListItem","position":1,"name":"Inici","item":"https:\/\/mont-roig.cat\/es\/pagina-de-inicio\/"},{"@type":"ListItem","position":2,"name":"Las bibliotecas de Mont-roig y Miami Platja ponen en marcha el &#8220;rinc\u00f3n de las oposiciones&#8221;"}]},{"@type":"WebSite","@id":"https:\/\/mont-roig.cat\/es\/#website","url":"https:\/\/mont-roig.cat\/es\/","name":"Ajuntament de Mont-roig del Camp","description":"Tota la informaci\u00f3 sobre la instituci\u00f3, els seus \u00f2rgans de govern, actualitat, serveis i molt m\u00e9s.","potentialAction":[{"@type":"SearchAction","target":{"@type":"EntryPoint","urlTemplate":"https:\/\/mont-roig.cat\/es\/?s={search_term_string}"},"query-input":{"@type":"PropertyValueSpecification","valueRequired":true,"valueName":"search_term_string"}}],"inLanguage":"es"},{"@type":"Person","@id":"https:\/\/mont-roig.cat\/es\/#\/schema\/person\/f2b111789f22b7d0c3bd6786c9128cba","name":"administrador","image":{"@type":"ImageObject","inLanguage":"es","@id":"https:\/\/secure.gravatar.com\/avatar\/9137aac6891e2595c9d3036fd83bcb653b4db3c946db4c7d9b9be193c3c944bb?s=96&d=mm&r=g","url":"https:\/\/secure.gravatar.com\/avatar\/9137aac6891e2595c9d3036fd83bcb653b4db3c946db4c7d9b9be193c3c944bb?s=96&d=mm&r=g","contentUrl":"https:\/\/secure.gravatar.com\/avatar\/9137aac6891e2595c9d3036fd83bcb653b4db3c946db4c7d9b9be193c3c944bb?s=96&d=mm&r=g","caption":"administrador"},"url":"https:\/\/mont-roig.cat\/es\/actualitat\/noticies\/author\/administrador\/"}]}},"_links":{"self":[{"href":"https:\/\/mont-roig.cat\/es\/wp-json\/wp\/v2\/posts\/17390","targetHints":{"allow":["GET"]}}],"collection":[{"href":"https:\/\/mont-roig.cat\/es\/wp-json\/wp\/v2\/posts"}],"about":[{"href":"https:\/\/mont-roig.cat\/es\/wp-json\/wp\/v2\/types\/post"}],"author":[{"embeddable":true,"href":"https:\/\/mont-roig.cat\/es\/wp-json\/wp\/v2\/users\/4"}],"replies":[{"embeddable":true,"href":"https:\/\/mont-roig.cat\/es\/wp-json\/wp\/v2\/comments?post=17390"}],"version-history":[{"count":0,"href":"https:\/\/mont-roig.cat\/es\/wp-json\/wp\/v2\/posts\/17390\/revisions"}],"wp:featuredmedia":[{"embeddable":true,"href":"https:\/\/mont-roig.cat\/es\/wp-json\/wp\/v2\/media\/17388"}],"wp:attachment":[{"href":"https:\/\/mont-roig.cat\/es\/wp-json\/wp\/v2\/media?parent=17390"}],"wp:term":[{"taxonomy":"category","embeddable":true,"href":"https:\/\/mont-roig.cat\/es\/wp-json\/wp\/v2\/categories?post=17390"},{"taxonomy":"post_tag","embeddable":true,"href":"https:\/\/mont-roig.cat\/es\/wp-json\/wp\/v2\/tags?post=17390"}],"curies":[{"name":"wp","href":"https:\/\/api.w.org\/{rel}","templated":true}]}}