{"id":17397,"date":"2017-05-31T11:58:13","date_gmt":"2017-05-31T09:58:13","guid":{"rendered":"http:\/\/mont-roig.cat\/actualitat\/noticies\/la-diada-del-pulpo-se-celebrara-en-el-bosquet-del-llastres-y-servira-mas-de-5000-degustaciones\/"},"modified":"2017-05-31T12:08:52","modified_gmt":"2017-05-31T10:08:52","slug":"la-diada-del-pulpo-se-celebrara-en-el-bosquet-del-llastres-y-servira-mas-de-5000-degustaciones","status":"publish","type":"post","link":"https:\/\/mont-roig.cat\/es\/actualitat\/noticies\/la-diada-del-pulpo-se-celebrara-en-el-bosquet-del-llastres-y-servira-mas-de-5000-degustaciones\/","title":{"rendered":"La Diada del Pulpo se celebrar\u00e1 en el Bosquet del Llastres y servir\u00e1 m\u00e1s de 5000 degustaciones"},"content":{"rendered":"<ul>\n<li><strong>El acto servir\u00e1 para iniciar las X Jornadas Gastron\u00f3micas del Pulpo que ampl\u00edan d\u00edas y restaurantes participantes<\/strong><\/li>\n<\/ul>\n<div id=\"attachment_17395\" style=\"width: 311px\" class=\"wp-caption alignright\"><a href=\"http:\/\/mont-roig.cat\/wp-content\/uploads\/Cuiners-X-Jornades-Gastron\u00f2miques-del-Pop.jpg\"><img loading=\"lazy\" decoding=\"async\" aria-describedby=\"caption-attachment-17395\" class=\"wp-image-17395\" src=\"http:\/\/mont-roig.cat\/wp-content\/uploads\/Cuiners-X-Jornades-Gastron\u00f2miques-del-Pop-500x375.jpg\" alt=\"\" width=\"301\" height=\"226\" srcset=\"https:\/\/mont-roig.cat\/wp-content\/uploads\/Cuiners-X-Jornades-Gastron\u00f2miques-del-Pop-500x375.jpg 500w, https:\/\/mont-roig.cat\/wp-content\/uploads\/Cuiners-X-Jornades-Gastron\u00f2miques-del-Pop-768x576.jpg 768w, https:\/\/mont-roig.cat\/wp-content\/uploads\/Cuiners-X-Jornades-Gastron\u00f2miques-del-Pop-1024x768.jpg 1024w, https:\/\/mont-roig.cat\/wp-content\/uploads\/Cuiners-X-Jornades-Gastron\u00f2miques-del-Pop-463x348.jpg 463w, https:\/\/mont-roig.cat\/wp-content\/uploads\/Cuiners-X-Jornades-Gastron\u00f2miques-del-Pop.jpg 1920w\" sizes=\"auto, (max-width: 301px) 100vw, 301px\" \/><\/a><p id=\"caption-attachment-17395\" class=\"wp-caption-text\">Restaurantes participantes a las X Jornadas Gastron\u00f3micas del Pulpo<\/p><\/div>\n<p>El <em>Bosquet del Llastres<\/em> ha acogido esta ma\u00f1ana la tradicional fotograf\u00eda de los restaurantes participantes en las X Jornadas Gastron\u00f3micas del Pulpo de Mont-roig y Miami Platja. Este es el nuevo espacio elegido para celebrar la Diada\u00a0del Pulpo, el acto gastron\u00f3mico por excelencia que sirve para iniciar las jornadas y que tendr\u00e1 lugar el pr\u00f3ximo domingo 4 de junio. El cambio de emplazamiento permitir\u00e1 disfrutar de una zona de sombra natural en frente del mar y de m\u00e1s espacio para una celebraci\u00f3n de cada a\u00f1o re\u00fane a miles de personas.<\/p>\n<p>En el acto de esta ma\u00f1ana, el alcalde del Ayuntamiento de Mont-roig del Camp, Fran Morancho ha aprovechado para agradecer al restaurantes su participaci\u00f3n en las jornadas y ayudar as\u00ed en la promoci\u00f3n tur\u00edstica del municipio.<\/p>\n<p><strong>R\u00e9cord de degustaciones\u00a0<\/strong><\/p>\n<p>La Diada\u00a0de domingo, que comenzar\u00e1 a las 11.30h, permitir\u00e1 hacer una degustaci\u00f3n de las propuestas culinarias de los 14 restaurantes participantes en las jornadas. Se espera que este acto vuelva a ser un \u00e9xito de participaci\u00f3n por ello se pondr\u00e1n a la venta m\u00e1s de 5000 degustaciones. Se ofrecer\u00e1n 2 degustaciones a 3 \u20ac o bien 8 degustaciones a 10 \u20ac (el ticket incluye: degustaci\u00f3n de pulpo y su correspondiente maridaje). Adem\u00e1s, durante la jornada se llevar\u00e1n a cabo actividades para los m\u00e1s peque\u00f1os, actuaciones musicales y un concurso de Instagram. Tambi\u00e9n habr\u00e1 un servicio de autob\u00fas gratuito entre Mont-roig y Miami Platja.<\/p>\n<p><strong>M\u00e1s d\u00edas y m\u00e1s restaurantes<\/strong><\/p>\n<p>El 10\u00ba aniversario de las Jornadas Gastron\u00f3micas del Pulpo, que se celebrar\u00e1n del 5 al 23 de junio, llega con otras novedades como es la ampliaci\u00f3n de d\u00edas. Tambi\u00e9n crece el n\u00famero de restaurantes participantes que incorporar\u00e1n a sus cartas y men\u00fas platos con el pulpo como ingrediente protagonista.<\/p>\n<p>Finalmente, a fin de disfrutar del pulpo y del arte de cocinarlo, vuelve la Tapa Pulpo, en la que los restaurantes participantes ofrecen el plato de pulpo en formato &#8220;tapa&#8221; y una bebida al precio de 2,5 \u20ac. Adem\u00e1s, todos aquellos que rellenen los boletos correspondientes optar\u00e1n al sorteo de m\u00e1s de 50 comidas en los restaurantes del certamen.<\/p>\n<p>&nbsp;<\/p>\n<p><a href=\"http:\/\/mont-roig.cat\/wp-content\/uploads\/QUADRI\u0301PTIC-POP-2017.pdf\">QUADRI\u0301PTICO PULPO 2017<\/a><\/p>\n","protected":false},"excerpt":{"rendered":"<p>El acto servir\u00e1 para iniciar las X Jornadas Gastron\u00f3micas del Pulpo que ampl\u00edan d\u00edas y restaurantes participantes El Bosquet del Llastres ha acogido esta ma\u00f1ana la tradicional fotograf\u00eda de los restaurantes participantes en las X Jornadas Gastron\u00f3micas del Pulpo de Mont-roig y Miami Platja. Este es el nuevo espacio elegido para celebrar la Diada\u00a0del Pulpo, [&hellip;]<\/p>\n","protected":false},"author":4,"featured_media":17395,"comment_status":"closed","ping_status":"closed","sticky":false,"template":"","format":"standard","meta":{"inline_featured_image":false,"_monsterinsights_skip_tracking":false,"_monsterinsights_sitenote_active":false,"_monsterinsights_sitenote_note":"","_monsterinsights_sitenote_category":0,"footnotes":""},"categories":[115],"tags":[],"class_list":["post-17397","post","type-post","status-publish","format-standard","has-post-thumbnail","hentry","category-turismo"],"yoast_head":"<!-- This site is optimized with the Yoast SEO plugin v27.4 - https:\/\/yoast.com\/product\/yoast-seo-wordpress\/ -->\n<title>La Diada del Pulpo se celebrar\u00e1 en el Bosquet del Llastres y servir\u00e1 m\u00e1s de 5000 degustaciones - Ajuntament de Mont-roig del Camp<\/title>\n<meta name=\"robots\" content=\"index, follow, max-snippet:-1, max-image-preview:large, max-video-preview:-1\" \/>\n<link rel=\"canonical\" href=\"https:\/\/mont-roig.cat\/es\/actualitat\/noticies\/la-diada-del-pulpo-se-celebrara-en-el-bosquet-del-llastres-y-servira-mas-de-5000-degustaciones\/\" \/>\n<meta property=\"og:locale\" content=\"es_ES\" \/>\n<meta property=\"og:type\" content=\"article\" \/>\n<meta property=\"og:title\" content=\"La Diada del Pulpo se celebrar\u00e1 en el Bosquet del Llastres y servir\u00e1 m\u00e1s de 5000 degustaciones - Ajuntament de Mont-roig del Camp\" \/>\n<meta property=\"og:description\" content=\"El acto servir\u00e1 para iniciar las X Jornadas Gastron\u00f3micas del Pulpo que ampl\u00edan d\u00edas y restaurantes participantes El Bosquet del Llastres ha acogido esta ma\u00f1ana la tradicional fotograf\u00eda de los restaurantes participantes en las X Jornadas Gastron\u00f3micas del Pulpo de Mont-roig y Miami Platja. Este es el nuevo espacio elegido para celebrar la Diada\u00a0del Pulpo, [&hellip;]\" \/>\n<meta property=\"og:url\" content=\"https:\/\/mont-roig.cat\/es\/actualitat\/noticies\/la-diada-del-pulpo-se-celebrara-en-el-bosquet-del-llastres-y-servira-mas-de-5000-degustaciones\/\" \/>\n<meta property=\"og:site_name\" content=\"Ajuntament de Mont-roig del Camp\" \/>\n<meta property=\"article:published_time\" content=\"2017-05-31T09:58:13+00:00\" \/>\n<meta property=\"article:modified_time\" content=\"2017-05-31T10:08:52+00:00\" \/>\n<meta property=\"og:image\" content=\"https:\/\/mont-roig.cat\/wp-content\/uploads\/Cuiners-X-Jornades-Gastron\u00f2miques-del-Pop.jpg\" \/>\n\t<meta property=\"og:image:width\" content=\"1920\" \/>\n\t<meta property=\"og:image:height\" content=\"1440\" \/>\n\t<meta property=\"og:image:type\" content=\"image\/jpeg\" \/>\n<meta name=\"author\" content=\"administrador\" \/>\n<meta name=\"twitter:card\" content=\"summary_large_image\" \/>\n<meta name=\"twitter:label1\" content=\"Escrito por\" \/>\n\t<meta name=\"twitter:data1\" content=\"administrador\" \/>\n\t<meta name=\"twitter:label2\" content=\"Tiempo de lectura\" \/>\n\t<meta name=\"twitter:data2\" content=\"2 minutos\" \/>\n<script type=\"application\/ld+json\" class=\"yoast-schema-graph\">{\"@context\":\"https:\\\/\\\/schema.org\",\"@graph\":[{\"@type\":\"Article\",\"@id\":\"https:\\\/\\\/mont-roig.cat\\\/es\\\/actualitat\\\/noticies\\\/la-diada-del-pulpo-se-celebrara-en-el-bosquet-del-llastres-y-servira-mas-de-5000-degustaciones\\\/#article\",\"isPartOf\":{\"@id\":\"https:\\\/\\\/mont-roig.cat\\\/es\\\/actualitat\\\/noticies\\\/la-diada-del-pulpo-se-celebrara-en-el-bosquet-del-llastres-y-servira-mas-de-5000-degustaciones\\\/\"},\"author\":{\"name\":\"administrador\",\"@id\":\"https:\\\/\\\/mont-roig.cat\\\/es\\\/#\\\/schema\\\/person\\\/f2b111789f22b7d0c3bd6786c9128cba\"},\"headline\":\"La Diada del Pulpo se celebrar\u00e1 en el Bosquet del Llastres y servir\u00e1 m\u00e1s de 5000 degustaciones\",\"datePublished\":\"2017-05-31T09:58:13+00:00\",\"dateModified\":\"2017-05-31T10:08:52+00:00\",\"mainEntityOfPage\":{\"@id\":\"https:\\\/\\\/mont-roig.cat\\\/es\\\/actualitat\\\/noticies\\\/la-diada-del-pulpo-se-celebrara-en-el-bosquet-del-llastres-y-servira-mas-de-5000-degustaciones\\\/\"},\"wordCount\":430,\"image\":{\"@id\":\"https:\\\/\\\/mont-roig.cat\\\/es\\\/actualitat\\\/noticies\\\/la-diada-del-pulpo-se-celebrara-en-el-bosquet-del-llastres-y-servira-mas-de-5000-degustaciones\\\/#primaryimage\"},\"thumbnailUrl\":\"https:\\\/\\\/mont-roig.cat\\\/wp-content\\\/uploads\\\/Cuiners-X-Jornades-Gastron\u00f2miques-del-Pop.jpg\",\"articleSection\":[\"Turismo\"],\"inLanguage\":\"es\"},{\"@type\":\"WebPage\",\"@id\":\"https:\\\/\\\/mont-roig.cat\\\/es\\\/actualitat\\\/noticies\\\/la-diada-del-pulpo-se-celebrara-en-el-bosquet-del-llastres-y-servira-mas-de-5000-degustaciones\\\/\",\"url\":\"https:\\\/\\\/mont-roig.cat\\\/es\\\/actualitat\\\/noticies\\\/la-diada-del-pulpo-se-celebrara-en-el-bosquet-del-llastres-y-servira-mas-de-5000-degustaciones\\\/\",\"name\":\"La Diada del Pulpo se celebrar\u00e1 en el Bosquet del Llastres y servir\u00e1 m\u00e1s de 5000 degustaciones - Ajuntament de Mont-roig del Camp\",\"isPartOf\":{\"@id\":\"https:\\\/\\\/mont-roig.cat\\\/es\\\/#website\"},\"primaryImageOfPage\":{\"@id\":\"https:\\\/\\\/mont-roig.cat\\\/es\\\/actualitat\\\/noticies\\\/la-diada-del-pulpo-se-celebrara-en-el-bosquet-del-llastres-y-servira-mas-de-5000-degustaciones\\\/#primaryimage\"},\"image\":{\"@id\":\"https:\\\/\\\/mont-roig.cat\\\/es\\\/actualitat\\\/noticies\\\/la-diada-del-pulpo-se-celebrara-en-el-bosquet-del-llastres-y-servira-mas-de-5000-degustaciones\\\/#primaryimage\"},\"thumbnailUrl\":\"https:\\\/\\\/mont-roig.cat\\\/wp-content\\\/uploads\\\/Cuiners-X-Jornades-Gastron\u00f2miques-del-Pop.jpg\",\"datePublished\":\"2017-05-31T09:58:13+00:00\",\"dateModified\":\"2017-05-31T10:08:52+00:00\",\"author\":{\"@id\":\"https:\\\/\\\/mont-roig.cat\\\/es\\\/#\\\/schema\\\/person\\\/f2b111789f22b7d0c3bd6786c9128cba\"},\"breadcrumb\":{\"@id\":\"https:\\\/\\\/mont-roig.cat\\\/es\\\/actualitat\\\/noticies\\\/la-diada-del-pulpo-se-celebrara-en-el-bosquet-del-llastres-y-servira-mas-de-5000-degustaciones\\\/#breadcrumb\"},\"inLanguage\":\"es\",\"potentialAction\":[{\"@type\":\"ReadAction\",\"target\":[\"https:\\\/\\\/mont-roig.cat\\\/es\\\/actualitat\\\/noticies\\\/la-diada-del-pulpo-se-celebrara-en-el-bosquet-del-llastres-y-servira-mas-de-5000-degustaciones\\\/\"]}]},{\"@type\":\"ImageObject\",\"inLanguage\":\"es\",\"@id\":\"https:\\\/\\\/mont-roig.cat\\\/es\\\/actualitat\\\/noticies\\\/la-diada-del-pulpo-se-celebrara-en-el-bosquet-del-llastres-y-servira-mas-de-5000-degustaciones\\\/#primaryimage\",\"url\":\"https:\\\/\\\/mont-roig.cat\\\/wp-content\\\/uploads\\\/Cuiners-X-Jornades-Gastron\u00f2miques-del-Pop.jpg\",\"contentUrl\":\"https:\\\/\\\/mont-roig.cat\\\/wp-content\\\/uploads\\\/Cuiners-X-Jornades-Gastron\u00f2miques-del-Pop.jpg\",\"width\":1920,\"height\":1440},{\"@type\":\"BreadcrumbList\",\"@id\":\"https:\\\/\\\/mont-roig.cat\\\/es\\\/actualitat\\\/noticies\\\/la-diada-del-pulpo-se-celebrara-en-el-bosquet-del-llastres-y-servira-mas-de-5000-degustaciones\\\/#breadcrumb\",\"itemListElement\":[{\"@type\":\"ListItem\",\"position\":1,\"name\":\"Inici\",\"item\":\"https:\\\/\\\/mont-roig.cat\\\/es\\\/pagina-de-inicio\\\/\"},{\"@type\":\"ListItem\",\"position\":2,\"name\":\"La Diada del Pulpo se celebrar\u00e1 en el Bosquet del Llastres y servir\u00e1 m\u00e1s de 5000 degustaciones\"}]},{\"@type\":\"WebSite\",\"@id\":\"https:\\\/\\\/mont-roig.cat\\\/es\\\/#website\",\"url\":\"https:\\\/\\\/mont-roig.cat\\\/es\\\/\",\"name\":\"Ajuntament de Mont-roig del Camp\",\"description\":\"Tota la informaci\u00f3 sobre la instituci\u00f3, els seus \u00f2rgans de govern, actualitat, serveis i molt m\u00e9s.\",\"potentialAction\":[{\"@type\":\"SearchAction\",\"target\":{\"@type\":\"EntryPoint\",\"urlTemplate\":\"https:\\\/\\\/mont-roig.cat\\\/es\\\/?s={search_term_string}\"},\"query-input\":{\"@type\":\"PropertyValueSpecification\",\"valueRequired\":true,\"valueName\":\"search_term_string\"}}],\"inLanguage\":\"es\"},{\"@type\":\"Person\",\"@id\":\"https:\\\/\\\/mont-roig.cat\\\/es\\\/#\\\/schema\\\/person\\\/f2b111789f22b7d0c3bd6786c9128cba\",\"name\":\"administrador\",\"image\":{\"@type\":\"ImageObject\",\"inLanguage\":\"es\",\"@id\":\"https:\\\/\\\/secure.gravatar.com\\\/avatar\\\/9137aac6891e2595c9d3036fd83bcb653b4db3c946db4c7d9b9be193c3c944bb?s=96&d=mm&r=g\",\"url\":\"https:\\\/\\\/secure.gravatar.com\\\/avatar\\\/9137aac6891e2595c9d3036fd83bcb653b4db3c946db4c7d9b9be193c3c944bb?s=96&d=mm&r=g\",\"contentUrl\":\"https:\\\/\\\/secure.gravatar.com\\\/avatar\\\/9137aac6891e2595c9d3036fd83bcb653b4db3c946db4c7d9b9be193c3c944bb?s=96&d=mm&r=g\",\"caption\":\"administrador\"},\"url\":\"https:\\\/\\\/mont-roig.cat\\\/es\\\/actualitat\\\/noticies\\\/author\\\/administrador\\\/\"}]}<\/script>\n<!-- \/ Yoast SEO plugin. -->","yoast_head_json":{"title":"La Diada del Pulpo se celebrar\u00e1 en el Bosquet del Llastres y servir\u00e1 m\u00e1s de 5000 degustaciones - Ajuntament de Mont-roig del Camp","robots":{"index":"index","follow":"follow","max-snippet":"max-snippet:-1","max-image-preview":"max-image-preview:large","max-video-preview":"max-video-preview:-1"},"canonical":"https:\/\/mont-roig.cat\/es\/actualitat\/noticies\/la-diada-del-pulpo-se-celebrara-en-el-bosquet-del-llastres-y-servira-mas-de-5000-degustaciones\/","og_locale":"es_ES","og_type":"article","og_title":"La Diada del Pulpo se celebrar\u00e1 en el Bosquet del Llastres y servir\u00e1 m\u00e1s de 5000 degustaciones - Ajuntament de Mont-roig del Camp","og_description":"El acto servir\u00e1 para iniciar las X Jornadas Gastron\u00f3micas del Pulpo que ampl\u00edan d\u00edas y restaurantes participantes El Bosquet del Llastres ha acogido esta ma\u00f1ana la tradicional fotograf\u00eda de los restaurantes participantes en las X Jornadas Gastron\u00f3micas del Pulpo de Mont-roig y Miami Platja. Este es el nuevo espacio elegido para celebrar la Diada\u00a0del Pulpo, [&hellip;]","og_url":"https:\/\/mont-roig.cat\/es\/actualitat\/noticies\/la-diada-del-pulpo-se-celebrara-en-el-bosquet-del-llastres-y-servira-mas-de-5000-degustaciones\/","og_site_name":"Ajuntament de Mont-roig del Camp","article_published_time":"2017-05-31T09:58:13+00:00","article_modified_time":"2017-05-31T10:08:52+00:00","og_image":[{"width":1920,"height":1440,"url":"https:\/\/mont-roig.cat\/wp-content\/uploads\/Cuiners-X-Jornades-Gastron\u00f2miques-del-Pop.jpg","type":"image\/jpeg"}],"author":"administrador","twitter_card":"summary_large_image","twitter_misc":{"Escrito por":"administrador","Tiempo de lectura":"2 minutos"},"schema":{"@context":"https:\/\/schema.org","@graph":[{"@type":"Article","@id":"https:\/\/mont-roig.cat\/es\/actualitat\/noticies\/la-diada-del-pulpo-se-celebrara-en-el-bosquet-del-llastres-y-servira-mas-de-5000-degustaciones\/#article","isPartOf":{"@id":"https:\/\/mont-roig.cat\/es\/actualitat\/noticies\/la-diada-del-pulpo-se-celebrara-en-el-bosquet-del-llastres-y-servira-mas-de-5000-degustaciones\/"},"author":{"name":"administrador","@id":"https:\/\/mont-roig.cat\/es\/#\/schema\/person\/f2b111789f22b7d0c3bd6786c9128cba"},"headline":"La Diada del Pulpo se celebrar\u00e1 en el Bosquet del Llastres y servir\u00e1 m\u00e1s de 5000 degustaciones","datePublished":"2017-05-31T09:58:13+00:00","dateModified":"2017-05-31T10:08:52+00:00","mainEntityOfPage":{"@id":"https:\/\/mont-roig.cat\/es\/actualitat\/noticies\/la-diada-del-pulpo-se-celebrara-en-el-bosquet-del-llastres-y-servira-mas-de-5000-degustaciones\/"},"wordCount":430,"image":{"@id":"https:\/\/mont-roig.cat\/es\/actualitat\/noticies\/la-diada-del-pulpo-se-celebrara-en-el-bosquet-del-llastres-y-servira-mas-de-5000-degustaciones\/#primaryimage"},"thumbnailUrl":"https:\/\/mont-roig.cat\/wp-content\/uploads\/Cuiners-X-Jornades-Gastron\u00f2miques-del-Pop.jpg","articleSection":["Turismo"],"inLanguage":"es"},{"@type":"WebPage","@id":"https:\/\/mont-roig.cat\/es\/actualitat\/noticies\/la-diada-del-pulpo-se-celebrara-en-el-bosquet-del-llastres-y-servira-mas-de-5000-degustaciones\/","url":"https:\/\/mont-roig.cat\/es\/actualitat\/noticies\/la-diada-del-pulpo-se-celebrara-en-el-bosquet-del-llastres-y-servira-mas-de-5000-degustaciones\/","name":"La Diada del Pulpo se celebrar\u00e1 en el Bosquet del Llastres y servir\u00e1 m\u00e1s de 5000 degustaciones - Ajuntament de Mont-roig del Camp","isPartOf":{"@id":"https:\/\/mont-roig.cat\/es\/#website"},"primaryImageOfPage":{"@id":"https:\/\/mont-roig.cat\/es\/actualitat\/noticies\/la-diada-del-pulpo-se-celebrara-en-el-bosquet-del-llastres-y-servira-mas-de-5000-degustaciones\/#primaryimage"},"image":{"@id":"https:\/\/mont-roig.cat\/es\/actualitat\/noticies\/la-diada-del-pulpo-se-celebrara-en-el-bosquet-del-llastres-y-servira-mas-de-5000-degustaciones\/#primaryimage"},"thumbnailUrl":"https:\/\/mont-roig.cat\/wp-content\/uploads\/Cuiners-X-Jornades-Gastron\u00f2miques-del-Pop.jpg","datePublished":"2017-05-31T09:58:13+00:00","dateModified":"2017-05-31T10:08:52+00:00","author":{"@id":"https:\/\/mont-roig.cat\/es\/#\/schema\/person\/f2b111789f22b7d0c3bd6786c9128cba"},"breadcrumb":{"@id":"https:\/\/mont-roig.cat\/es\/actualitat\/noticies\/la-diada-del-pulpo-se-celebrara-en-el-bosquet-del-llastres-y-servira-mas-de-5000-degustaciones\/#breadcrumb"},"inLanguage":"es","potentialAction":[{"@type":"ReadAction","target":["https:\/\/mont-roig.cat\/es\/actualitat\/noticies\/la-diada-del-pulpo-se-celebrara-en-el-bosquet-del-llastres-y-servira-mas-de-5000-degustaciones\/"]}]},{"@type":"ImageObject","inLanguage":"es","@id":"https:\/\/mont-roig.cat\/es\/actualitat\/noticies\/la-diada-del-pulpo-se-celebrara-en-el-bosquet-del-llastres-y-servira-mas-de-5000-degustaciones\/#primaryimage","url":"https:\/\/mont-roig.cat\/wp-content\/uploads\/Cuiners-X-Jornades-Gastron\u00f2miques-del-Pop.jpg","contentUrl":"https:\/\/mont-roig.cat\/wp-content\/uploads\/Cuiners-X-Jornades-Gastron\u00f2miques-del-Pop.jpg","width":1920,"height":1440},{"@type":"BreadcrumbList","@id":"https:\/\/mont-roig.cat\/es\/actualitat\/noticies\/la-diada-del-pulpo-se-celebrara-en-el-bosquet-del-llastres-y-servira-mas-de-5000-degustaciones\/#breadcrumb","itemListElement":[{"@type":"ListItem","position":1,"name":"Inici","item":"https:\/\/mont-roig.cat\/es\/pagina-de-inicio\/"},{"@type":"ListItem","position":2,"name":"La Diada del Pulpo se celebrar\u00e1 en el Bosquet del Llastres y servir\u00e1 m\u00e1s de 5000 degustaciones"}]},{"@type":"WebSite","@id":"https:\/\/mont-roig.cat\/es\/#website","url":"https:\/\/mont-roig.cat\/es\/","name":"Ajuntament de Mont-roig del Camp","description":"Tota la informaci\u00f3 sobre la instituci\u00f3, els seus \u00f2rgans de govern, actualitat, serveis i molt m\u00e9s.","potentialAction":[{"@type":"SearchAction","target":{"@type":"EntryPoint","urlTemplate":"https:\/\/mont-roig.cat\/es\/?s={search_term_string}"},"query-input":{"@type":"PropertyValueSpecification","valueRequired":true,"valueName":"search_term_string"}}],"inLanguage":"es"},{"@type":"Person","@id":"https:\/\/mont-roig.cat\/es\/#\/schema\/person\/f2b111789f22b7d0c3bd6786c9128cba","name":"administrador","image":{"@type":"ImageObject","inLanguage":"es","@id":"https:\/\/secure.gravatar.com\/avatar\/9137aac6891e2595c9d3036fd83bcb653b4db3c946db4c7d9b9be193c3c944bb?s=96&d=mm&r=g","url":"https:\/\/secure.gravatar.com\/avatar\/9137aac6891e2595c9d3036fd83bcb653b4db3c946db4c7d9b9be193c3c944bb?s=96&d=mm&r=g","contentUrl":"https:\/\/secure.gravatar.com\/avatar\/9137aac6891e2595c9d3036fd83bcb653b4db3c946db4c7d9b9be193c3c944bb?s=96&d=mm&r=g","caption":"administrador"},"url":"https:\/\/mont-roig.cat\/es\/actualitat\/noticies\/author\/administrador\/"}]}},"_links":{"self":[{"href":"https:\/\/mont-roig.cat\/es\/wp-json\/wp\/v2\/posts\/17397","targetHints":{"allow":["GET"]}}],"collection":[{"href":"https:\/\/mont-roig.cat\/es\/wp-json\/wp\/v2\/posts"}],"about":[{"href":"https:\/\/mont-roig.cat\/es\/wp-json\/wp\/v2\/types\/post"}],"author":[{"embeddable":true,"href":"https:\/\/mont-roig.cat\/es\/wp-json\/wp\/v2\/users\/4"}],"replies":[{"embeddable":true,"href":"https:\/\/mont-roig.cat\/es\/wp-json\/wp\/v2\/comments?post=17397"}],"version-history":[{"count":0,"href":"https:\/\/mont-roig.cat\/es\/wp-json\/wp\/v2\/posts\/17397\/revisions"}],"wp:featuredmedia":[{"embeddable":true,"href":"https:\/\/mont-roig.cat\/es\/wp-json\/wp\/v2\/media\/17395"}],"wp:attachment":[{"href":"https:\/\/mont-roig.cat\/es\/wp-json\/wp\/v2\/media?parent=17397"}],"wp:term":[{"taxonomy":"category","embeddable":true,"href":"https:\/\/mont-roig.cat\/es\/wp-json\/wp\/v2\/categories?post=17397"},{"taxonomy":"post_tag","embeddable":true,"href":"https:\/\/mont-roig.cat\/es\/wp-json\/wp\/v2\/tags?post=17397"}],"curies":[{"name":"wp","href":"https:\/\/api.w.org\/{rel}","templated":true}]}}