{"id":17548,"date":"2017-06-08T13:59:41","date_gmt":"2017-06-08T11:59:41","guid":{"rendered":"http:\/\/mont-roig.cat\/actualitat\/noticies\/el-ayuntamiento-saca-a-explotacion-dos-modulos-de-quiosco-bar\/"},"modified":"2017-06-08T14:05:29","modified_gmt":"2017-06-08T12:05:29","slug":"el-ayuntamiento-saca-a-explotacion-dos-modulos-de-quiosco-bar","status":"publish","type":"post","link":"https:\/\/mont-roig.cat\/es\/actualitat\/noticies\/el-ayuntamiento-saca-a-explotacion-dos-modulos-de-quiosco-bar\/","title":{"rendered":"El Ayuntamiento saca a explotaci\u00f3n dos m\u00f3dulos de quiosco-bar"},"content":{"rendered":"<ul>\n<li><strong>Los nuevos servicios se ubicar\u00e1n en el Bosquet del Llastres y el Parque Maria Martori<\/strong><\/li>\n<li><strong>Con las concesiones se espera dinamizar estas dos zonas del municipio<\/strong><\/li>\n<\/ul>\n<div id=\"attachment_17544\" style=\"width: 310px\" class=\"wp-caption alignright\"><a href=\"http:\/\/mont-roig.cat\/wp-content\/uploads\/Bosquet-del-Llastres.jpg\"><img loading=\"lazy\" decoding=\"async\" aria-describedby=\"caption-attachment-17544\" class=\"wp-image-17544\" src=\"http:\/\/mont-roig.cat\/wp-content\/uploads\/Bosquet-del-Llastres-500x375.jpg\" alt=\"\" width=\"300\" height=\"225\" srcset=\"https:\/\/mont-roig.cat\/wp-content\/uploads\/Bosquet-del-Llastres-500x375.jpg 500w, https:\/\/mont-roig.cat\/wp-content\/uploads\/Bosquet-del-Llastres-768x576.jpg 768w, https:\/\/mont-roig.cat\/wp-content\/uploads\/Bosquet-del-Llastres-1024x768.jpg 1024w, https:\/\/mont-roig.cat\/wp-content\/uploads\/Bosquet-del-Llastres-463x348.jpg 463w, https:\/\/mont-roig.cat\/wp-content\/uploads\/Bosquet-del-Llastres.jpg 1920w\" sizes=\"auto, (max-width: 300px) 100vw, 300px\" \/><\/a><p id=\"caption-attachment-17544\" class=\"wp-caption-text\">Bosquet del Llastres<\/p><\/div>\n<p>Dinamizar el parque Maria Martori de Mont-roig y el Bosquet del Llastres de Miami Platja. Con este objetivo, el Ayuntamiento de Mont-roig del Camp ha sacado a concesi\u00f3n la instalaci\u00f3n de un m\u00f3dulo, su equipamiento y la posterior explotaci\u00f3n de un quiosco-bar en el Bosquet de Llastres y otro en el Parque Maria Martori.<\/p>\n<p>Los adjudicatarios se har\u00e1n cargo de la instalaci\u00f3n del m\u00f3dulo, de las acometidas el\u00e9ctricas, de agua y de saneamiento y el equipamiento de la instalaci\u00f3n.<\/p>\n<p><strong>Bosquet del Llastres<\/strong><\/p>\n<p>El m\u00f3dulo del Bosquet del Llastres tendr\u00e1 una dimensi\u00f3n m\u00e1xima 12.50 m2. Este quiosco-bar no podr\u00e1 disponer de cocina, s\u00f3lo podr\u00e1 utilizar elementos de cocci\u00f3n que no desprendan humos y que no sean susceptibles de ignici\u00f3n. Por otra parte, el concesionario podr\u00e1 optar a la instalaci\u00f3n de una p\u00e9rgola o cerrado parcial, de 80m2, para la instalaci\u00f3n de mesas y sillas.<\/p>\n<p>El adjudicatario deber\u00e1 prestar los servicios que motivan la concesi\u00f3n desde Semana Santa hasta el 31 de octubre. El resto del a\u00f1o la apertura ser\u00e1 de car\u00e1cter voluntario. La concesi\u00f3n se otorgar\u00e1 por un plazo m\u00e1ximo de 15 a\u00f1os, a contar a partir de la fecha en que se abran al p\u00fablico las instalaciones.<\/p>\n<div id=\"attachment_17545\" style=\"width: 310px\" class=\"wp-caption alignright\"><a href=\"http:\/\/mont-roig.cat\/wp-content\/uploads\/Parc-Maria-Martori.jpg\"><img loading=\"lazy\" decoding=\"async\" aria-describedby=\"caption-attachment-17545\" class=\"wp-image-17545\" src=\"http:\/\/mont-roig.cat\/wp-content\/uploads\/Parc-Maria-Martori-500x375.jpg\" alt=\"\" width=\"300\" height=\"225\" srcset=\"https:\/\/mont-roig.cat\/wp-content\/uploads\/Parc-Maria-Martori-500x375.jpg 500w, https:\/\/mont-roig.cat\/wp-content\/uploads\/Parc-Maria-Martori-463x348.jpg 463w, https:\/\/mont-roig.cat\/wp-content\/uploads\/Parc-Maria-Martori.jpg 640w\" sizes=\"auto, (max-width: 300px) 100vw, 300px\" \/><\/a><p id=\"caption-attachment-17545\" class=\"wp-caption-text\">Parc Maria Martori<\/p><\/div>\n<p><strong>Parque Maria Martori<\/strong><\/p>\n<p>Por otra parte, en el quiosco-bar del parque Maria Martori s\u00ed se permite la instalaci\u00f3n de cocina con el correspondiente tratamiento de humos y olores. Tambi\u00e9n se permitir\u00e1 la instalaci\u00f3n de mesas, sillas y sombrillas alrededor del bar-quiosco en un espacio de 80 metros cuadrados que deber\u00e1 estar delimitado. En este caso la concesi\u00f3n se otorgar\u00e1 por un plazo m\u00e1ximo de 20 a\u00f1os.<\/p>\n<p><strong>30 d\u00edas para presentar la documentaci\u00f3n<\/strong><\/p>\n<p>La publicaci\u00f3n del anuncio en el Bolet\u00edn Oficial de la Provincia de Tarragona es de este jueves 8 de junio, por lo tanto las personas o empresas interesadas tienen un plazo de 30 d\u00edas naturales, a partir de ma\u00f1ana, para presentar las plicas. El procedimiento de adjudicaci\u00f3n es mediante concurso.<\/p>\n<p>El pliego de cl\u00e1usulas y la documentaci\u00f3n necesaria se puede consultar en el apartado<a href=\"https:\/\/mont-roig.cat\/es\/ayuntamiento\/funcionament\/perfil-del-contratante\/contratos\/\" target=\"_blank\" rel=\"noopener noreferrer\"> Perfil del contratante<\/a> de la web municipal.<\/p>\n<p>&nbsp;<\/p>\n<p>&nbsp;<\/p>\n","protected":false},"excerpt":{"rendered":"<p>Los nuevos servicios se ubicar\u00e1n en el Bosquet del Llastres y el Parque Maria Martori Con las concesiones se espera dinamizar estas dos zonas del municipio Dinamizar el parque Maria Martori de Mont-roig y el Bosquet del Llastres de Miami Platja. Con este objetivo, el Ayuntamiento de Mont-roig del Camp ha sacado a concesi\u00f3n la [&hellip;]<\/p>\n","protected":false},"author":4,"featured_media":17544,"comment_status":"closed","ping_status":"closed","sticky":false,"template":"","format":"standard","meta":{"inline_featured_image":false,"_monsterinsights_skip_tracking":false,"_monsterinsights_sitenote_active":false,"_monsterinsights_sitenote_note":"","_monsterinsights_sitenote_category":0,"footnotes":""},"categories":[98,116],"tags":[],"class_list":["post-17548","post","type-post","status-publish","format-standard","has-post-thumbnail","hentry","category-ayuntamiento","category-urbanismo-y-obras"],"yoast_head":"<!-- This site is optimized with the Yoast SEO plugin v27.4 - https:\/\/yoast.com\/product\/yoast-seo-wordpress\/ -->\n<title>El Ayuntamiento saca a explotaci\u00f3n dos m\u00f3dulos de quiosco-bar - Ajuntament de Mont-roig del Camp<\/title>\n<meta name=\"robots\" content=\"index, follow, max-snippet:-1, max-image-preview:large, max-video-preview:-1\" \/>\n<link rel=\"canonical\" href=\"https:\/\/mont-roig.cat\/es\/actualitat\/noticies\/el-ayuntamiento-saca-a-explotacion-dos-modulos-de-quiosco-bar\/\" \/>\n<meta property=\"og:locale\" content=\"es_ES\" \/>\n<meta property=\"og:type\" content=\"article\" \/>\n<meta property=\"og:title\" content=\"El Ayuntamiento saca a explotaci\u00f3n dos m\u00f3dulos de quiosco-bar - Ajuntament de Mont-roig del Camp\" \/>\n<meta property=\"og:description\" content=\"Los nuevos servicios se ubicar\u00e1n en el Bosquet del Llastres y el Parque Maria Martori Con las concesiones se espera dinamizar estas dos zonas del municipio Dinamizar el parque Maria Martori de Mont-roig y el Bosquet del Llastres de Miami Platja. Con este objetivo, el Ayuntamiento de Mont-roig del Camp ha sacado a concesi\u00f3n la [&hellip;]\" \/>\n<meta property=\"og:url\" content=\"https:\/\/mont-roig.cat\/es\/actualitat\/noticies\/el-ayuntamiento-saca-a-explotacion-dos-modulos-de-quiosco-bar\/\" \/>\n<meta property=\"og:site_name\" content=\"Ajuntament de Mont-roig del Camp\" \/>\n<meta property=\"article:published_time\" content=\"2017-06-08T11:59:41+00:00\" \/>\n<meta property=\"article:modified_time\" content=\"2017-06-08T12:05:29+00:00\" \/>\n<meta property=\"og:image\" content=\"https:\/\/mont-roig.cat\/wp-content\/uploads\/Bosquet-del-Llastres.jpg\" \/>\n\t<meta property=\"og:image:width\" content=\"1920\" \/>\n\t<meta property=\"og:image:height\" content=\"1440\" \/>\n\t<meta property=\"og:image:type\" content=\"image\/jpeg\" \/>\n<meta name=\"author\" content=\"administrador\" \/>\n<meta name=\"twitter:card\" content=\"summary_large_image\" \/>\n<meta name=\"twitter:label1\" content=\"Escrito por\" \/>\n\t<meta name=\"twitter:data1\" content=\"administrador\" \/>\n\t<meta name=\"twitter:label2\" content=\"Tiempo de lectura\" \/>\n\t<meta name=\"twitter:data2\" content=\"2 minutos\" \/>\n<script type=\"application\/ld+json\" class=\"yoast-schema-graph\">{\"@context\":\"https:\\\/\\\/schema.org\",\"@graph\":[{\"@type\":\"Article\",\"@id\":\"https:\\\/\\\/mont-roig.cat\\\/es\\\/actualitat\\\/noticies\\\/el-ayuntamiento-saca-a-explotacion-dos-modulos-de-quiosco-bar\\\/#article\",\"isPartOf\":{\"@id\":\"https:\\\/\\\/mont-roig.cat\\\/es\\\/actualitat\\\/noticies\\\/el-ayuntamiento-saca-a-explotacion-dos-modulos-de-quiosco-bar\\\/\"},\"author\":{\"name\":\"administrador\",\"@id\":\"https:\\\/\\\/mont-roig.cat\\\/es\\\/#\\\/schema\\\/person\\\/f2b111789f22b7d0c3bd6786c9128cba\"},\"headline\":\"El Ayuntamiento saca a explotaci\u00f3n dos m\u00f3dulos de quiosco-bar\",\"datePublished\":\"2017-06-08T11:59:41+00:00\",\"dateModified\":\"2017-06-08T12:05:29+00:00\",\"mainEntityOfPage\":{\"@id\":\"https:\\\/\\\/mont-roig.cat\\\/es\\\/actualitat\\\/noticies\\\/el-ayuntamiento-saca-a-explotacion-dos-modulos-de-quiosco-bar\\\/\"},\"wordCount\":432,\"image\":{\"@id\":\"https:\\\/\\\/mont-roig.cat\\\/es\\\/actualitat\\\/noticies\\\/el-ayuntamiento-saca-a-explotacion-dos-modulos-de-quiosco-bar\\\/#primaryimage\"},\"thumbnailUrl\":\"https:\\\/\\\/mont-roig.cat\\\/wp-content\\\/uploads\\\/Bosquet-del-Llastres.jpg\",\"articleSection\":[\"Ayuntamiento\",\"Urbanismo y obras\"],\"inLanguage\":\"es\"},{\"@type\":\"WebPage\",\"@id\":\"https:\\\/\\\/mont-roig.cat\\\/es\\\/actualitat\\\/noticies\\\/el-ayuntamiento-saca-a-explotacion-dos-modulos-de-quiosco-bar\\\/\",\"url\":\"https:\\\/\\\/mont-roig.cat\\\/es\\\/actualitat\\\/noticies\\\/el-ayuntamiento-saca-a-explotacion-dos-modulos-de-quiosco-bar\\\/\",\"name\":\"El Ayuntamiento saca a explotaci\u00f3n dos m\u00f3dulos de quiosco-bar - Ajuntament de Mont-roig del Camp\",\"isPartOf\":{\"@id\":\"https:\\\/\\\/mont-roig.cat\\\/es\\\/#website\"},\"primaryImageOfPage\":{\"@id\":\"https:\\\/\\\/mont-roig.cat\\\/es\\\/actualitat\\\/noticies\\\/el-ayuntamiento-saca-a-explotacion-dos-modulos-de-quiosco-bar\\\/#primaryimage\"},\"image\":{\"@id\":\"https:\\\/\\\/mont-roig.cat\\\/es\\\/actualitat\\\/noticies\\\/el-ayuntamiento-saca-a-explotacion-dos-modulos-de-quiosco-bar\\\/#primaryimage\"},\"thumbnailUrl\":\"https:\\\/\\\/mont-roig.cat\\\/wp-content\\\/uploads\\\/Bosquet-del-Llastres.jpg\",\"datePublished\":\"2017-06-08T11:59:41+00:00\",\"dateModified\":\"2017-06-08T12:05:29+00:00\",\"author\":{\"@id\":\"https:\\\/\\\/mont-roig.cat\\\/es\\\/#\\\/schema\\\/person\\\/f2b111789f22b7d0c3bd6786c9128cba\"},\"breadcrumb\":{\"@id\":\"https:\\\/\\\/mont-roig.cat\\\/es\\\/actualitat\\\/noticies\\\/el-ayuntamiento-saca-a-explotacion-dos-modulos-de-quiosco-bar\\\/#breadcrumb\"},\"inLanguage\":\"es\",\"potentialAction\":[{\"@type\":\"ReadAction\",\"target\":[\"https:\\\/\\\/mont-roig.cat\\\/es\\\/actualitat\\\/noticies\\\/el-ayuntamiento-saca-a-explotacion-dos-modulos-de-quiosco-bar\\\/\"]}]},{\"@type\":\"ImageObject\",\"inLanguage\":\"es\",\"@id\":\"https:\\\/\\\/mont-roig.cat\\\/es\\\/actualitat\\\/noticies\\\/el-ayuntamiento-saca-a-explotacion-dos-modulos-de-quiosco-bar\\\/#primaryimage\",\"url\":\"https:\\\/\\\/mont-roig.cat\\\/wp-content\\\/uploads\\\/Bosquet-del-Llastres.jpg\",\"contentUrl\":\"https:\\\/\\\/mont-roig.cat\\\/wp-content\\\/uploads\\\/Bosquet-del-Llastres.jpg\",\"width\":1920,\"height\":1440},{\"@type\":\"BreadcrumbList\",\"@id\":\"https:\\\/\\\/mont-roig.cat\\\/es\\\/actualitat\\\/noticies\\\/el-ayuntamiento-saca-a-explotacion-dos-modulos-de-quiosco-bar\\\/#breadcrumb\",\"itemListElement\":[{\"@type\":\"ListItem\",\"position\":1,\"name\":\"Inici\",\"item\":\"https:\\\/\\\/mont-roig.cat\\\/es\\\/pagina-de-inicio\\\/\"},{\"@type\":\"ListItem\",\"position\":2,\"name\":\"El Ayuntamiento saca a explotaci\u00f3n dos m\u00f3dulos de quiosco-bar\"}]},{\"@type\":\"WebSite\",\"@id\":\"https:\\\/\\\/mont-roig.cat\\\/es\\\/#website\",\"url\":\"https:\\\/\\\/mont-roig.cat\\\/es\\\/\",\"name\":\"Ajuntament de Mont-roig del Camp\",\"description\":\"Tota la informaci\u00f3 sobre la instituci\u00f3, els seus \u00f2rgans de govern, actualitat, serveis i molt m\u00e9s.\",\"potentialAction\":[{\"@type\":\"SearchAction\",\"target\":{\"@type\":\"EntryPoint\",\"urlTemplate\":\"https:\\\/\\\/mont-roig.cat\\\/es\\\/?s={search_term_string}\"},\"query-input\":{\"@type\":\"PropertyValueSpecification\",\"valueRequired\":true,\"valueName\":\"search_term_string\"}}],\"inLanguage\":\"es\"},{\"@type\":\"Person\",\"@id\":\"https:\\\/\\\/mont-roig.cat\\\/es\\\/#\\\/schema\\\/person\\\/f2b111789f22b7d0c3bd6786c9128cba\",\"name\":\"administrador\",\"image\":{\"@type\":\"ImageObject\",\"inLanguage\":\"es\",\"@id\":\"https:\\\/\\\/secure.gravatar.com\\\/avatar\\\/9137aac6891e2595c9d3036fd83bcb653b4db3c946db4c7d9b9be193c3c944bb?s=96&d=mm&r=g\",\"url\":\"https:\\\/\\\/secure.gravatar.com\\\/avatar\\\/9137aac6891e2595c9d3036fd83bcb653b4db3c946db4c7d9b9be193c3c944bb?s=96&d=mm&r=g\",\"contentUrl\":\"https:\\\/\\\/secure.gravatar.com\\\/avatar\\\/9137aac6891e2595c9d3036fd83bcb653b4db3c946db4c7d9b9be193c3c944bb?s=96&d=mm&r=g\",\"caption\":\"administrador\"},\"url\":\"https:\\\/\\\/mont-roig.cat\\\/es\\\/actualitat\\\/noticies\\\/author\\\/administrador\\\/\"}]}<\/script>\n<!-- \/ Yoast SEO plugin. -->","yoast_head_json":{"title":"El Ayuntamiento saca a explotaci\u00f3n dos m\u00f3dulos de quiosco-bar - Ajuntament de Mont-roig del Camp","robots":{"index":"index","follow":"follow","max-snippet":"max-snippet:-1","max-image-preview":"max-image-preview:large","max-video-preview":"max-video-preview:-1"},"canonical":"https:\/\/mont-roig.cat\/es\/actualitat\/noticies\/el-ayuntamiento-saca-a-explotacion-dos-modulos-de-quiosco-bar\/","og_locale":"es_ES","og_type":"article","og_title":"El Ayuntamiento saca a explotaci\u00f3n dos m\u00f3dulos de quiosco-bar - Ajuntament de Mont-roig del Camp","og_description":"Los nuevos servicios se ubicar\u00e1n en el Bosquet del Llastres y el Parque Maria Martori Con las concesiones se espera dinamizar estas dos zonas del municipio Dinamizar el parque Maria Martori de Mont-roig y el Bosquet del Llastres de Miami Platja. Con este objetivo, el Ayuntamiento de Mont-roig del Camp ha sacado a concesi\u00f3n la [&hellip;]","og_url":"https:\/\/mont-roig.cat\/es\/actualitat\/noticies\/el-ayuntamiento-saca-a-explotacion-dos-modulos-de-quiosco-bar\/","og_site_name":"Ajuntament de Mont-roig del Camp","article_published_time":"2017-06-08T11:59:41+00:00","article_modified_time":"2017-06-08T12:05:29+00:00","og_image":[{"width":1920,"height":1440,"url":"https:\/\/mont-roig.cat\/wp-content\/uploads\/Bosquet-del-Llastres.jpg","type":"image\/jpeg"}],"author":"administrador","twitter_card":"summary_large_image","twitter_misc":{"Escrito por":"administrador","Tiempo de lectura":"2 minutos"},"schema":{"@context":"https:\/\/schema.org","@graph":[{"@type":"Article","@id":"https:\/\/mont-roig.cat\/es\/actualitat\/noticies\/el-ayuntamiento-saca-a-explotacion-dos-modulos-de-quiosco-bar\/#article","isPartOf":{"@id":"https:\/\/mont-roig.cat\/es\/actualitat\/noticies\/el-ayuntamiento-saca-a-explotacion-dos-modulos-de-quiosco-bar\/"},"author":{"name":"administrador","@id":"https:\/\/mont-roig.cat\/es\/#\/schema\/person\/f2b111789f22b7d0c3bd6786c9128cba"},"headline":"El Ayuntamiento saca a explotaci\u00f3n dos m\u00f3dulos de quiosco-bar","datePublished":"2017-06-08T11:59:41+00:00","dateModified":"2017-06-08T12:05:29+00:00","mainEntityOfPage":{"@id":"https:\/\/mont-roig.cat\/es\/actualitat\/noticies\/el-ayuntamiento-saca-a-explotacion-dos-modulos-de-quiosco-bar\/"},"wordCount":432,"image":{"@id":"https:\/\/mont-roig.cat\/es\/actualitat\/noticies\/el-ayuntamiento-saca-a-explotacion-dos-modulos-de-quiosco-bar\/#primaryimage"},"thumbnailUrl":"https:\/\/mont-roig.cat\/wp-content\/uploads\/Bosquet-del-Llastres.jpg","articleSection":["Ayuntamiento","Urbanismo y obras"],"inLanguage":"es"},{"@type":"WebPage","@id":"https:\/\/mont-roig.cat\/es\/actualitat\/noticies\/el-ayuntamiento-saca-a-explotacion-dos-modulos-de-quiosco-bar\/","url":"https:\/\/mont-roig.cat\/es\/actualitat\/noticies\/el-ayuntamiento-saca-a-explotacion-dos-modulos-de-quiosco-bar\/","name":"El Ayuntamiento saca a explotaci\u00f3n dos m\u00f3dulos de quiosco-bar - Ajuntament de Mont-roig del Camp","isPartOf":{"@id":"https:\/\/mont-roig.cat\/es\/#website"},"primaryImageOfPage":{"@id":"https:\/\/mont-roig.cat\/es\/actualitat\/noticies\/el-ayuntamiento-saca-a-explotacion-dos-modulos-de-quiosco-bar\/#primaryimage"},"image":{"@id":"https:\/\/mont-roig.cat\/es\/actualitat\/noticies\/el-ayuntamiento-saca-a-explotacion-dos-modulos-de-quiosco-bar\/#primaryimage"},"thumbnailUrl":"https:\/\/mont-roig.cat\/wp-content\/uploads\/Bosquet-del-Llastres.jpg","datePublished":"2017-06-08T11:59:41+00:00","dateModified":"2017-06-08T12:05:29+00:00","author":{"@id":"https:\/\/mont-roig.cat\/es\/#\/schema\/person\/f2b111789f22b7d0c3bd6786c9128cba"},"breadcrumb":{"@id":"https:\/\/mont-roig.cat\/es\/actualitat\/noticies\/el-ayuntamiento-saca-a-explotacion-dos-modulos-de-quiosco-bar\/#breadcrumb"},"inLanguage":"es","potentialAction":[{"@type":"ReadAction","target":["https:\/\/mont-roig.cat\/es\/actualitat\/noticies\/el-ayuntamiento-saca-a-explotacion-dos-modulos-de-quiosco-bar\/"]}]},{"@type":"ImageObject","inLanguage":"es","@id":"https:\/\/mont-roig.cat\/es\/actualitat\/noticies\/el-ayuntamiento-saca-a-explotacion-dos-modulos-de-quiosco-bar\/#primaryimage","url":"https:\/\/mont-roig.cat\/wp-content\/uploads\/Bosquet-del-Llastres.jpg","contentUrl":"https:\/\/mont-roig.cat\/wp-content\/uploads\/Bosquet-del-Llastres.jpg","width":1920,"height":1440},{"@type":"BreadcrumbList","@id":"https:\/\/mont-roig.cat\/es\/actualitat\/noticies\/el-ayuntamiento-saca-a-explotacion-dos-modulos-de-quiosco-bar\/#breadcrumb","itemListElement":[{"@type":"ListItem","position":1,"name":"Inici","item":"https:\/\/mont-roig.cat\/es\/pagina-de-inicio\/"},{"@type":"ListItem","position":2,"name":"El Ayuntamiento saca a explotaci\u00f3n dos m\u00f3dulos de quiosco-bar"}]},{"@type":"WebSite","@id":"https:\/\/mont-roig.cat\/es\/#website","url":"https:\/\/mont-roig.cat\/es\/","name":"Ajuntament de Mont-roig del Camp","description":"Tota la informaci\u00f3 sobre la instituci\u00f3, els seus \u00f2rgans de govern, actualitat, serveis i molt m\u00e9s.","potentialAction":[{"@type":"SearchAction","target":{"@type":"EntryPoint","urlTemplate":"https:\/\/mont-roig.cat\/es\/?s={search_term_string}"},"query-input":{"@type":"PropertyValueSpecification","valueRequired":true,"valueName":"search_term_string"}}],"inLanguage":"es"},{"@type":"Person","@id":"https:\/\/mont-roig.cat\/es\/#\/schema\/person\/f2b111789f22b7d0c3bd6786c9128cba","name":"administrador","image":{"@type":"ImageObject","inLanguage":"es","@id":"https:\/\/secure.gravatar.com\/avatar\/9137aac6891e2595c9d3036fd83bcb653b4db3c946db4c7d9b9be193c3c944bb?s=96&d=mm&r=g","url":"https:\/\/secure.gravatar.com\/avatar\/9137aac6891e2595c9d3036fd83bcb653b4db3c946db4c7d9b9be193c3c944bb?s=96&d=mm&r=g","contentUrl":"https:\/\/secure.gravatar.com\/avatar\/9137aac6891e2595c9d3036fd83bcb653b4db3c946db4c7d9b9be193c3c944bb?s=96&d=mm&r=g","caption":"administrador"},"url":"https:\/\/mont-roig.cat\/es\/actualitat\/noticies\/author\/administrador\/"}]}},"_links":{"self":[{"href":"https:\/\/mont-roig.cat\/es\/wp-json\/wp\/v2\/posts\/17548","targetHints":{"allow":["GET"]}}],"collection":[{"href":"https:\/\/mont-roig.cat\/es\/wp-json\/wp\/v2\/posts"}],"about":[{"href":"https:\/\/mont-roig.cat\/es\/wp-json\/wp\/v2\/types\/post"}],"author":[{"embeddable":true,"href":"https:\/\/mont-roig.cat\/es\/wp-json\/wp\/v2\/users\/4"}],"replies":[{"embeddable":true,"href":"https:\/\/mont-roig.cat\/es\/wp-json\/wp\/v2\/comments?post=17548"}],"version-history":[{"count":0,"href":"https:\/\/mont-roig.cat\/es\/wp-json\/wp\/v2\/posts\/17548\/revisions"}],"wp:featuredmedia":[{"embeddable":true,"href":"https:\/\/mont-roig.cat\/es\/wp-json\/wp\/v2\/media\/17544"}],"wp:attachment":[{"href":"https:\/\/mont-roig.cat\/es\/wp-json\/wp\/v2\/media?parent=17548"}],"wp:term":[{"taxonomy":"category","embeddable":true,"href":"https:\/\/mont-roig.cat\/es\/wp-json\/wp\/v2\/categories?post=17548"},{"taxonomy":"post_tag","embeddable":true,"href":"https:\/\/mont-roig.cat\/es\/wp-json\/wp\/v2\/tags?post=17548"}],"curies":[{"name":"wp","href":"https:\/\/api.w.org\/{rel}","templated":true}]}}