{"id":17581,"date":"2017-06-09T14:14:54","date_gmt":"2017-06-09T12:14:54","guid":{"rendered":"http:\/\/mont-roig.cat\/actualitat\/noticies\/el-ayuntamiento-y-la-asociacion-de-jubilados-sant-jaume-firman-un-convenio-de-colaboracion-para-la-gestion-del-servicio-de-bar-del-casal\/"},"modified":"2017-06-09T14:18:13","modified_gmt":"2017-06-09T12:18:13","slug":"el-ayuntamiento-y-la-asociacion-de-jubilados-sant-jaume-firman-un-convenio-de-colaboracion-para-la-gestion-del-servicio-de-bar-del-casal","status":"publish","type":"post","link":"https:\/\/mont-roig.cat\/es\/actualitat\/noticies\/el-ayuntamiento-y-la-asociacion-de-jubilados-sant-jaume-firman-un-convenio-de-colaboracion-para-la-gestion-del-servicio-de-bar-del-casal\/","title":{"rendered":"El Ayuntamiento y la Asociaci\u00f3n de Jubilados Sant Jaume firman un convenio de colaboraci\u00f3n para la gesti\u00f3n del servicio de bar del Casal"},"content":{"rendered":"<div id=\"attachment_17578\" style=\"width: 310px\" class=\"wp-caption alignright\"><a href=\"http:\/\/mont-roig.cat\/wp-content\/uploads\/Conveni-per-la-gesti\u00f3-del-bar-del-Casal.jpg\"><img loading=\"lazy\" decoding=\"async\" aria-describedby=\"caption-attachment-17578\" class=\"wp-image-17578\" src=\"http:\/\/mont-roig.cat\/wp-content\/uploads\/Conveni-per-la-gesti\u00f3-del-bar-del-Casal-500x375.jpg\" alt=\"\" width=\"300\" height=\"225\" srcset=\"https:\/\/mont-roig.cat\/wp-content\/uploads\/Conveni-per-la-gesti\u00f3-del-bar-del-Casal-500x375.jpg 500w, https:\/\/mont-roig.cat\/wp-content\/uploads\/Conveni-per-la-gesti\u00f3-del-bar-del-Casal-768x576.jpg 768w, https:\/\/mont-roig.cat\/wp-content\/uploads\/Conveni-per-la-gesti\u00f3-del-bar-del-Casal-1024x768.jpg 1024w, https:\/\/mont-roig.cat\/wp-content\/uploads\/Conveni-per-la-gesti\u00f3-del-bar-del-Casal-463x348.jpg 463w, https:\/\/mont-roig.cat\/wp-content\/uploads\/Conveni-per-la-gesti\u00f3-del-bar-del-Casal.jpg 1920w\" sizes=\"auto, (max-width: 300px) 100vw, 300px\" \/><\/a><p id=\"caption-attachment-17578\" class=\"wp-caption-text\">Signatura convenio para la gesti\u00f3n del bar del Casal<\/p><\/div>\n<p>El alcalde de Mont-roig del Camp, Fran Morancho y la presidenta de la Asociaci\u00f3n Casal de Avis Sant Jaume de Miami Platja, Miracle Fumanal\u00a0han firmado esta semana un convenio de colaboraci\u00f3n en el que el consistorio cede la explotaci\u00f3n del bar del Centro Polivalente de Miami Platja a la Asociaci\u00f3n. El plazo de vigencia del presente convenio se estipula en 2 a\u00f1os, prorrogables por 2 a\u00f1os m\u00e1s por acuerdo expreso de ambas partes.<\/p>\n","protected":false},"excerpt":{"rendered":"<p>El alcalde de Mont-roig del Camp, Fran Morancho y la presidenta de la Asociaci\u00f3n Casal de Avis Sant Jaume de Miami Platja, Miracle Fumanal\u00a0han firmado esta semana un convenio de colaboraci\u00f3n en el que el consistorio cede la explotaci\u00f3n del bar del Centro Polivalente de Miami Platja a la Asociaci\u00f3n. El plazo de vigencia del [&hellip;]<\/p>\n","protected":false},"author":4,"featured_media":17578,"comment_status":"closed","ping_status":"closed","sticky":false,"template":"","format":"standard","meta":{"inline_featured_image":false,"_monsterinsights_skip_tracking":false,"_monsterinsights_sitenote_active":false,"_monsterinsights_sitenote_note":"","_monsterinsights_sitenote_category":0,"footnotes":""},"categories":[114],"tags":[],"class_list":["post-17581","post","type-post","status-publish","format-standard","has-post-thumbnail","hentry","category-servicios-sociales"],"yoast_head":"<!-- This site is optimized with the Yoast SEO plugin v27.4 - https:\/\/yoast.com\/product\/yoast-seo-wordpress\/ -->\n<title>El Ayuntamiento y la Asociaci\u00f3n de Jubilados Sant Jaume firman un convenio de colaboraci\u00f3n para la gesti\u00f3n del servicio de bar del Casal - Ajuntament de Mont-roig del Camp<\/title>\n<meta name=\"robots\" content=\"index, follow, max-snippet:-1, max-image-preview:large, max-video-preview:-1\" \/>\n<link rel=\"canonical\" href=\"https:\/\/mont-roig.cat\/es\/actualitat\/noticies\/el-ayuntamiento-y-la-asociacion-de-jubilados-sant-jaume-firman-un-convenio-de-colaboracion-para-la-gestion-del-servicio-de-bar-del-casal\/\" \/>\n<meta property=\"og:locale\" content=\"es_ES\" \/>\n<meta property=\"og:type\" content=\"article\" \/>\n<meta property=\"og:title\" content=\"El Ayuntamiento y la Asociaci\u00f3n de Jubilados Sant Jaume firman un convenio de colaboraci\u00f3n para la gesti\u00f3n del servicio de bar del Casal - Ajuntament de Mont-roig del Camp\" \/>\n<meta property=\"og:description\" content=\"El alcalde de Mont-roig del Camp, Fran Morancho y la presidenta de la Asociaci\u00f3n Casal de Avis Sant Jaume de Miami Platja, Miracle Fumanal\u00a0han firmado esta semana un convenio de colaboraci\u00f3n en el que el consistorio cede la explotaci\u00f3n del bar del Centro Polivalente de Miami Platja a la Asociaci\u00f3n. El plazo de vigencia del [&hellip;]\" \/>\n<meta property=\"og:url\" content=\"https:\/\/mont-roig.cat\/es\/actualitat\/noticies\/el-ayuntamiento-y-la-asociacion-de-jubilados-sant-jaume-firman-un-convenio-de-colaboracion-para-la-gestion-del-servicio-de-bar-del-casal\/\" \/>\n<meta property=\"og:site_name\" content=\"Ajuntament de Mont-roig del Camp\" \/>\n<meta property=\"article:published_time\" content=\"2017-06-09T12:14:54+00:00\" \/>\n<meta property=\"article:modified_time\" content=\"2017-06-09T12:18:13+00:00\" \/>\n<meta property=\"og:image\" content=\"https:\/\/mont-roig.cat\/wp-content\/uploads\/Conveni-per-la-gesti\u00f3-del-bar-del-Casal.jpg\" \/>\n\t<meta property=\"og:image:width\" content=\"1920\" \/>\n\t<meta property=\"og:image:height\" content=\"1440\" \/>\n\t<meta property=\"og:image:type\" content=\"image\/jpeg\" \/>\n<meta name=\"author\" content=\"administrador\" \/>\n<meta name=\"twitter:card\" content=\"summary_large_image\" \/>\n<meta name=\"twitter:label1\" content=\"Escrito por\" \/>\n\t<meta name=\"twitter:data1\" content=\"administrador\" \/>\n<script type=\"application\/ld+json\" class=\"yoast-schema-graph\">{\"@context\":\"https:\\\/\\\/schema.org\",\"@graph\":[{\"@type\":\"Article\",\"@id\":\"https:\\\/\\\/mont-roig.cat\\\/es\\\/actualitat\\\/noticies\\\/el-ayuntamiento-y-la-asociacion-de-jubilados-sant-jaume-firman-un-convenio-de-colaboracion-para-la-gestion-del-servicio-de-bar-del-casal\\\/#article\",\"isPartOf\":{\"@id\":\"https:\\\/\\\/mont-roig.cat\\\/es\\\/actualitat\\\/noticies\\\/el-ayuntamiento-y-la-asociacion-de-jubilados-sant-jaume-firman-un-convenio-de-colaboracion-para-la-gestion-del-servicio-de-bar-del-casal\\\/\"},\"author\":{\"name\":\"administrador\",\"@id\":\"https:\\\/\\\/mont-roig.cat\\\/es\\\/#\\\/schema\\\/person\\\/f2b111789f22b7d0c3bd6786c9128cba\"},\"headline\":\"El Ayuntamiento y la Asociaci\u00f3n de Jubilados Sant Jaume firman un convenio de colaboraci\u00f3n para la gesti\u00f3n del servicio de bar del Casal\",\"datePublished\":\"2017-06-09T12:14:54+00:00\",\"dateModified\":\"2017-06-09T12:18:13+00:00\",\"mainEntityOfPage\":{\"@id\":\"https:\\\/\\\/mont-roig.cat\\\/es\\\/actualitat\\\/noticies\\\/el-ayuntamiento-y-la-asociacion-de-jubilados-sant-jaume-firman-un-convenio-de-colaboracion-para-la-gestion-del-servicio-de-bar-del-casal\\\/\"},\"wordCount\":122,\"image\":{\"@id\":\"https:\\\/\\\/mont-roig.cat\\\/es\\\/actualitat\\\/noticies\\\/el-ayuntamiento-y-la-asociacion-de-jubilados-sant-jaume-firman-un-convenio-de-colaboracion-para-la-gestion-del-servicio-de-bar-del-casal\\\/#primaryimage\"},\"thumbnailUrl\":\"https:\\\/\\\/mont-roig.cat\\\/wp-content\\\/uploads\\\/Conveni-per-la-gesti\u00f3-del-bar-del-Casal.jpg\",\"articleSection\":[\"Servicios sociales\"],\"inLanguage\":\"es\"},{\"@type\":\"WebPage\",\"@id\":\"https:\\\/\\\/mont-roig.cat\\\/es\\\/actualitat\\\/noticies\\\/el-ayuntamiento-y-la-asociacion-de-jubilados-sant-jaume-firman-un-convenio-de-colaboracion-para-la-gestion-del-servicio-de-bar-del-casal\\\/\",\"url\":\"https:\\\/\\\/mont-roig.cat\\\/es\\\/actualitat\\\/noticies\\\/el-ayuntamiento-y-la-asociacion-de-jubilados-sant-jaume-firman-un-convenio-de-colaboracion-para-la-gestion-del-servicio-de-bar-del-casal\\\/\",\"name\":\"El Ayuntamiento y la Asociaci\u00f3n de Jubilados Sant Jaume firman un convenio de colaboraci\u00f3n para la gesti\u00f3n del servicio de bar del Casal - Ajuntament de Mont-roig del Camp\",\"isPartOf\":{\"@id\":\"https:\\\/\\\/mont-roig.cat\\\/es\\\/#website\"},\"primaryImageOfPage\":{\"@id\":\"https:\\\/\\\/mont-roig.cat\\\/es\\\/actualitat\\\/noticies\\\/el-ayuntamiento-y-la-asociacion-de-jubilados-sant-jaume-firman-un-convenio-de-colaboracion-para-la-gestion-del-servicio-de-bar-del-casal\\\/#primaryimage\"},\"image\":{\"@id\":\"https:\\\/\\\/mont-roig.cat\\\/es\\\/actualitat\\\/noticies\\\/el-ayuntamiento-y-la-asociacion-de-jubilados-sant-jaume-firman-un-convenio-de-colaboracion-para-la-gestion-del-servicio-de-bar-del-casal\\\/#primaryimage\"},\"thumbnailUrl\":\"https:\\\/\\\/mont-roig.cat\\\/wp-content\\\/uploads\\\/Conveni-per-la-gesti\u00f3-del-bar-del-Casal.jpg\",\"datePublished\":\"2017-06-09T12:14:54+00:00\",\"dateModified\":\"2017-06-09T12:18:13+00:00\",\"author\":{\"@id\":\"https:\\\/\\\/mont-roig.cat\\\/es\\\/#\\\/schema\\\/person\\\/f2b111789f22b7d0c3bd6786c9128cba\"},\"breadcrumb\":{\"@id\":\"https:\\\/\\\/mont-roig.cat\\\/es\\\/actualitat\\\/noticies\\\/el-ayuntamiento-y-la-asociacion-de-jubilados-sant-jaume-firman-un-convenio-de-colaboracion-para-la-gestion-del-servicio-de-bar-del-casal\\\/#breadcrumb\"},\"inLanguage\":\"es\",\"potentialAction\":[{\"@type\":\"ReadAction\",\"target\":[\"https:\\\/\\\/mont-roig.cat\\\/es\\\/actualitat\\\/noticies\\\/el-ayuntamiento-y-la-asociacion-de-jubilados-sant-jaume-firman-un-convenio-de-colaboracion-para-la-gestion-del-servicio-de-bar-del-casal\\\/\"]}]},{\"@type\":\"ImageObject\",\"inLanguage\":\"es\",\"@id\":\"https:\\\/\\\/mont-roig.cat\\\/es\\\/actualitat\\\/noticies\\\/el-ayuntamiento-y-la-asociacion-de-jubilados-sant-jaume-firman-un-convenio-de-colaboracion-para-la-gestion-del-servicio-de-bar-del-casal\\\/#primaryimage\",\"url\":\"https:\\\/\\\/mont-roig.cat\\\/wp-content\\\/uploads\\\/Conveni-per-la-gesti\u00f3-del-bar-del-Casal.jpg\",\"contentUrl\":\"https:\\\/\\\/mont-roig.cat\\\/wp-content\\\/uploads\\\/Conveni-per-la-gesti\u00f3-del-bar-del-Casal.jpg\",\"width\":1920,\"height\":1440},{\"@type\":\"BreadcrumbList\",\"@id\":\"https:\\\/\\\/mont-roig.cat\\\/es\\\/actualitat\\\/noticies\\\/el-ayuntamiento-y-la-asociacion-de-jubilados-sant-jaume-firman-un-convenio-de-colaboracion-para-la-gestion-del-servicio-de-bar-del-casal\\\/#breadcrumb\",\"itemListElement\":[{\"@type\":\"ListItem\",\"position\":1,\"name\":\"Inici\",\"item\":\"https:\\\/\\\/mont-roig.cat\\\/es\\\/pagina-de-inicio\\\/\"},{\"@type\":\"ListItem\",\"position\":2,\"name\":\"El Ayuntamiento y la Asociaci\u00f3n de Jubilados Sant Jaume firman un convenio de colaboraci\u00f3n para la gesti\u00f3n del servicio de bar del Casal\"}]},{\"@type\":\"WebSite\",\"@id\":\"https:\\\/\\\/mont-roig.cat\\\/es\\\/#website\",\"url\":\"https:\\\/\\\/mont-roig.cat\\\/es\\\/\",\"name\":\"Ajuntament de Mont-roig del Camp\",\"description\":\"Tota la informaci\u00f3 sobre la instituci\u00f3, els seus \u00f2rgans de govern, actualitat, serveis i molt m\u00e9s.\",\"potentialAction\":[{\"@type\":\"SearchAction\",\"target\":{\"@type\":\"EntryPoint\",\"urlTemplate\":\"https:\\\/\\\/mont-roig.cat\\\/es\\\/?s={search_term_string}\"},\"query-input\":{\"@type\":\"PropertyValueSpecification\",\"valueRequired\":true,\"valueName\":\"search_term_string\"}}],\"inLanguage\":\"es\"},{\"@type\":\"Person\",\"@id\":\"https:\\\/\\\/mont-roig.cat\\\/es\\\/#\\\/schema\\\/person\\\/f2b111789f22b7d0c3bd6786c9128cba\",\"name\":\"administrador\",\"image\":{\"@type\":\"ImageObject\",\"inLanguage\":\"es\",\"@id\":\"https:\\\/\\\/secure.gravatar.com\\\/avatar\\\/9137aac6891e2595c9d3036fd83bcb653b4db3c946db4c7d9b9be193c3c944bb?s=96&d=mm&r=g\",\"url\":\"https:\\\/\\\/secure.gravatar.com\\\/avatar\\\/9137aac6891e2595c9d3036fd83bcb653b4db3c946db4c7d9b9be193c3c944bb?s=96&d=mm&r=g\",\"contentUrl\":\"https:\\\/\\\/secure.gravatar.com\\\/avatar\\\/9137aac6891e2595c9d3036fd83bcb653b4db3c946db4c7d9b9be193c3c944bb?s=96&d=mm&r=g\",\"caption\":\"administrador\"},\"url\":\"https:\\\/\\\/mont-roig.cat\\\/es\\\/actualitat\\\/noticies\\\/author\\\/administrador\\\/\"}]}<\/script>\n<!-- \/ Yoast SEO plugin. -->","yoast_head_json":{"title":"El Ayuntamiento y la Asociaci\u00f3n de Jubilados Sant Jaume firman un convenio de colaboraci\u00f3n para la gesti\u00f3n del servicio de bar del Casal - Ajuntament de Mont-roig del Camp","robots":{"index":"index","follow":"follow","max-snippet":"max-snippet:-1","max-image-preview":"max-image-preview:large","max-video-preview":"max-video-preview:-1"},"canonical":"https:\/\/mont-roig.cat\/es\/actualitat\/noticies\/el-ayuntamiento-y-la-asociacion-de-jubilados-sant-jaume-firman-un-convenio-de-colaboracion-para-la-gestion-del-servicio-de-bar-del-casal\/","og_locale":"es_ES","og_type":"article","og_title":"El Ayuntamiento y la Asociaci\u00f3n de Jubilados Sant Jaume firman un convenio de colaboraci\u00f3n para la gesti\u00f3n del servicio de bar del Casal - Ajuntament de Mont-roig del Camp","og_description":"El alcalde de Mont-roig del Camp, Fran Morancho y la presidenta de la Asociaci\u00f3n Casal de Avis Sant Jaume de Miami Platja, Miracle Fumanal\u00a0han firmado esta semana un convenio de colaboraci\u00f3n en el que el consistorio cede la explotaci\u00f3n del bar del Centro Polivalente de Miami Platja a la Asociaci\u00f3n. El plazo de vigencia del [&hellip;]","og_url":"https:\/\/mont-roig.cat\/es\/actualitat\/noticies\/el-ayuntamiento-y-la-asociacion-de-jubilados-sant-jaume-firman-un-convenio-de-colaboracion-para-la-gestion-del-servicio-de-bar-del-casal\/","og_site_name":"Ajuntament de Mont-roig del Camp","article_published_time":"2017-06-09T12:14:54+00:00","article_modified_time":"2017-06-09T12:18:13+00:00","og_image":[{"width":1920,"height":1440,"url":"https:\/\/mont-roig.cat\/wp-content\/uploads\/Conveni-per-la-gesti\u00f3-del-bar-del-Casal.jpg","type":"image\/jpeg"}],"author":"administrador","twitter_card":"summary_large_image","twitter_misc":{"Escrito por":"administrador"},"schema":{"@context":"https:\/\/schema.org","@graph":[{"@type":"Article","@id":"https:\/\/mont-roig.cat\/es\/actualitat\/noticies\/el-ayuntamiento-y-la-asociacion-de-jubilados-sant-jaume-firman-un-convenio-de-colaboracion-para-la-gestion-del-servicio-de-bar-del-casal\/#article","isPartOf":{"@id":"https:\/\/mont-roig.cat\/es\/actualitat\/noticies\/el-ayuntamiento-y-la-asociacion-de-jubilados-sant-jaume-firman-un-convenio-de-colaboracion-para-la-gestion-del-servicio-de-bar-del-casal\/"},"author":{"name":"administrador","@id":"https:\/\/mont-roig.cat\/es\/#\/schema\/person\/f2b111789f22b7d0c3bd6786c9128cba"},"headline":"El Ayuntamiento y la Asociaci\u00f3n de Jubilados Sant Jaume firman un convenio de colaboraci\u00f3n para la gesti\u00f3n del servicio de bar del Casal","datePublished":"2017-06-09T12:14:54+00:00","dateModified":"2017-06-09T12:18:13+00:00","mainEntityOfPage":{"@id":"https:\/\/mont-roig.cat\/es\/actualitat\/noticies\/el-ayuntamiento-y-la-asociacion-de-jubilados-sant-jaume-firman-un-convenio-de-colaboracion-para-la-gestion-del-servicio-de-bar-del-casal\/"},"wordCount":122,"image":{"@id":"https:\/\/mont-roig.cat\/es\/actualitat\/noticies\/el-ayuntamiento-y-la-asociacion-de-jubilados-sant-jaume-firman-un-convenio-de-colaboracion-para-la-gestion-del-servicio-de-bar-del-casal\/#primaryimage"},"thumbnailUrl":"https:\/\/mont-roig.cat\/wp-content\/uploads\/Conveni-per-la-gesti\u00f3-del-bar-del-Casal.jpg","articleSection":["Servicios sociales"],"inLanguage":"es"},{"@type":"WebPage","@id":"https:\/\/mont-roig.cat\/es\/actualitat\/noticies\/el-ayuntamiento-y-la-asociacion-de-jubilados-sant-jaume-firman-un-convenio-de-colaboracion-para-la-gestion-del-servicio-de-bar-del-casal\/","url":"https:\/\/mont-roig.cat\/es\/actualitat\/noticies\/el-ayuntamiento-y-la-asociacion-de-jubilados-sant-jaume-firman-un-convenio-de-colaboracion-para-la-gestion-del-servicio-de-bar-del-casal\/","name":"El Ayuntamiento y la Asociaci\u00f3n de Jubilados Sant Jaume firman un convenio de colaboraci\u00f3n para la gesti\u00f3n del servicio de bar del Casal - Ajuntament de Mont-roig del Camp","isPartOf":{"@id":"https:\/\/mont-roig.cat\/es\/#website"},"primaryImageOfPage":{"@id":"https:\/\/mont-roig.cat\/es\/actualitat\/noticies\/el-ayuntamiento-y-la-asociacion-de-jubilados-sant-jaume-firman-un-convenio-de-colaboracion-para-la-gestion-del-servicio-de-bar-del-casal\/#primaryimage"},"image":{"@id":"https:\/\/mont-roig.cat\/es\/actualitat\/noticies\/el-ayuntamiento-y-la-asociacion-de-jubilados-sant-jaume-firman-un-convenio-de-colaboracion-para-la-gestion-del-servicio-de-bar-del-casal\/#primaryimage"},"thumbnailUrl":"https:\/\/mont-roig.cat\/wp-content\/uploads\/Conveni-per-la-gesti\u00f3-del-bar-del-Casal.jpg","datePublished":"2017-06-09T12:14:54+00:00","dateModified":"2017-06-09T12:18:13+00:00","author":{"@id":"https:\/\/mont-roig.cat\/es\/#\/schema\/person\/f2b111789f22b7d0c3bd6786c9128cba"},"breadcrumb":{"@id":"https:\/\/mont-roig.cat\/es\/actualitat\/noticies\/el-ayuntamiento-y-la-asociacion-de-jubilados-sant-jaume-firman-un-convenio-de-colaboracion-para-la-gestion-del-servicio-de-bar-del-casal\/#breadcrumb"},"inLanguage":"es","potentialAction":[{"@type":"ReadAction","target":["https:\/\/mont-roig.cat\/es\/actualitat\/noticies\/el-ayuntamiento-y-la-asociacion-de-jubilados-sant-jaume-firman-un-convenio-de-colaboracion-para-la-gestion-del-servicio-de-bar-del-casal\/"]}]},{"@type":"ImageObject","inLanguage":"es","@id":"https:\/\/mont-roig.cat\/es\/actualitat\/noticies\/el-ayuntamiento-y-la-asociacion-de-jubilados-sant-jaume-firman-un-convenio-de-colaboracion-para-la-gestion-del-servicio-de-bar-del-casal\/#primaryimage","url":"https:\/\/mont-roig.cat\/wp-content\/uploads\/Conveni-per-la-gesti\u00f3-del-bar-del-Casal.jpg","contentUrl":"https:\/\/mont-roig.cat\/wp-content\/uploads\/Conveni-per-la-gesti\u00f3-del-bar-del-Casal.jpg","width":1920,"height":1440},{"@type":"BreadcrumbList","@id":"https:\/\/mont-roig.cat\/es\/actualitat\/noticies\/el-ayuntamiento-y-la-asociacion-de-jubilados-sant-jaume-firman-un-convenio-de-colaboracion-para-la-gestion-del-servicio-de-bar-del-casal\/#breadcrumb","itemListElement":[{"@type":"ListItem","position":1,"name":"Inici","item":"https:\/\/mont-roig.cat\/es\/pagina-de-inicio\/"},{"@type":"ListItem","position":2,"name":"El Ayuntamiento y la Asociaci\u00f3n de Jubilados Sant Jaume firman un convenio de colaboraci\u00f3n para la gesti\u00f3n del servicio de bar del Casal"}]},{"@type":"WebSite","@id":"https:\/\/mont-roig.cat\/es\/#website","url":"https:\/\/mont-roig.cat\/es\/","name":"Ajuntament de Mont-roig del Camp","description":"Tota la informaci\u00f3 sobre la instituci\u00f3, els seus \u00f2rgans de govern, actualitat, serveis i molt m\u00e9s.","potentialAction":[{"@type":"SearchAction","target":{"@type":"EntryPoint","urlTemplate":"https:\/\/mont-roig.cat\/es\/?s={search_term_string}"},"query-input":{"@type":"PropertyValueSpecification","valueRequired":true,"valueName":"search_term_string"}}],"inLanguage":"es"},{"@type":"Person","@id":"https:\/\/mont-roig.cat\/es\/#\/schema\/person\/f2b111789f22b7d0c3bd6786c9128cba","name":"administrador","image":{"@type":"ImageObject","inLanguage":"es","@id":"https:\/\/secure.gravatar.com\/avatar\/9137aac6891e2595c9d3036fd83bcb653b4db3c946db4c7d9b9be193c3c944bb?s=96&d=mm&r=g","url":"https:\/\/secure.gravatar.com\/avatar\/9137aac6891e2595c9d3036fd83bcb653b4db3c946db4c7d9b9be193c3c944bb?s=96&d=mm&r=g","contentUrl":"https:\/\/secure.gravatar.com\/avatar\/9137aac6891e2595c9d3036fd83bcb653b4db3c946db4c7d9b9be193c3c944bb?s=96&d=mm&r=g","caption":"administrador"},"url":"https:\/\/mont-roig.cat\/es\/actualitat\/noticies\/author\/administrador\/"}]}},"_links":{"self":[{"href":"https:\/\/mont-roig.cat\/es\/wp-json\/wp\/v2\/posts\/17581","targetHints":{"allow":["GET"]}}],"collection":[{"href":"https:\/\/mont-roig.cat\/es\/wp-json\/wp\/v2\/posts"}],"about":[{"href":"https:\/\/mont-roig.cat\/es\/wp-json\/wp\/v2\/types\/post"}],"author":[{"embeddable":true,"href":"https:\/\/mont-roig.cat\/es\/wp-json\/wp\/v2\/users\/4"}],"replies":[{"embeddable":true,"href":"https:\/\/mont-roig.cat\/es\/wp-json\/wp\/v2\/comments?post=17581"}],"version-history":[{"count":0,"href":"https:\/\/mont-roig.cat\/es\/wp-json\/wp\/v2\/posts\/17581\/revisions"}],"wp:featuredmedia":[{"embeddable":true,"href":"https:\/\/mont-roig.cat\/es\/wp-json\/wp\/v2\/media\/17578"}],"wp:attachment":[{"href":"https:\/\/mont-roig.cat\/es\/wp-json\/wp\/v2\/media?parent=17581"}],"wp:term":[{"taxonomy":"category","embeddable":true,"href":"https:\/\/mont-roig.cat\/es\/wp-json\/wp\/v2\/categories?post=17581"},{"taxonomy":"post_tag","embeddable":true,"href":"https:\/\/mont-roig.cat\/es\/wp-json\/wp\/v2\/tags?post=17581"}],"curies":[{"name":"wp","href":"https:\/\/api.w.org\/{rel}","templated":true}]}}