{"id":17598,"date":"2017-06-12T12:04:17","date_gmt":"2017-06-12T10:04:17","guid":{"rendered":"http:\/\/mont-roig.cat\/actualitat\/noticies\/las-cuevas-del-roure-seran-el-escenario-de-la-segunda-edicion-del-covart\/"},"modified":"2017-06-12T12:13:55","modified_gmt":"2017-06-12T10:13:55","slug":"las-cuevas-del-roure-seran-el-escenario-de-la-segunda-edicion-del-covart","status":"publish","type":"post","link":"https:\/\/mont-roig.cat\/es\/actualitat\/noticies\/las-cuevas-del-roure-seran-el-escenario-de-la-segunda-edicion-del-covart\/","title":{"rendered":"Las cuevas del Roure ser\u00e1n el escenario de la segunda edici\u00f3n del Cov&#8217;art"},"content":{"rendered":"<p><a href=\"http:\/\/mont-roig.cat\/wp-content\/uploads\/COVART_2017.jpg\"><img loading=\"lazy\" decoding=\"async\" class=\"wp-image-17594 alignright\" src=\"http:\/\/mont-roig.cat\/wp-content\/uploads\/COVART_2017-350x500.jpg\" alt=\"\" width=\"252\" height=\"360\" srcset=\"https:\/\/mont-roig.cat\/wp-content\/uploads\/COVART_2017-350x500.jpg 350w, https:\/\/mont-roig.cat\/wp-content\/uploads\/COVART_2017-768x1099.jpg 768w, https:\/\/mont-roig.cat\/wp-content\/uploads\/COVART_2017-716x1024.jpg 716w, https:\/\/mont-roig.cat\/wp-content\/uploads\/COVART_2017.jpg 1041w\" sizes=\"auto, (max-width: 252px) 100vw, 252px\" \/><\/a><\/p>\n<p>La Concejal\u00eda de Cultura del Ayuntamiento de Mont-roig del Camp organiza la segunda edici\u00f3n del Cov&#8217;art, una propuesta art\u00edstica y musical en un entorno singular como son las cuevas del Roure de Costa Z\u00e8fir. Este emplazamiento de Miami Platja ser\u00e1 el escenario, el pr\u00f3ximo s\u00e1bado 17 de junio, de una velada que contar\u00e1 con diversas actividades. Habr\u00e1 una exposici\u00f3n de fotograf\u00edas antiguas de Miami Platja, una visita teatralizada a las cuevas, magia y un concierto.<\/p>\n<p>La entrada es gratuita.<\/p>\n","protected":false},"excerpt":{"rendered":"<p>La Concejal\u00eda de Cultura del Ayuntamiento de Mont-roig del Camp organiza la segunda edici\u00f3n del Cov&#8217;art, una propuesta art\u00edstica y musical en un entorno singular como son las cuevas del Roure de Costa Z\u00e8fir. Este emplazamiento de Miami Platja ser\u00e1 el escenario, el pr\u00f3ximo s\u00e1bado 17 de junio, de una velada que contar\u00e1 con diversas [&hellip;]<\/p>\n","protected":false},"author":4,"featured_media":17594,"comment_status":"closed","ping_status":"closed","sticky":false,"template":"","format":"standard","meta":{"inline_featured_image":false,"_monsterinsights_skip_tracking":false,"_monsterinsights_sitenote_active":false,"_monsterinsights_sitenote_note":"","_monsterinsights_sitenote_category":0,"footnotes":""},"categories":[101],"tags":[],"class_list":["post-17598","post","type-post","status-publish","format-standard","has-post-thumbnail","hentry","category-cultura-es"],"yoast_head":"<!-- This site is optimized with the Yoast SEO plugin v27.4 - https:\/\/yoast.com\/product\/yoast-seo-wordpress\/ -->\n<title>Las cuevas del Roure ser\u00e1n el escenario de la segunda edici\u00f3n del Cov&#039;art - Ajuntament de Mont-roig del Camp<\/title>\n<meta name=\"robots\" content=\"index, follow, max-snippet:-1, max-image-preview:large, max-video-preview:-1\" \/>\n<link rel=\"canonical\" href=\"https:\/\/mont-roig.cat\/es\/actualitat\/noticies\/las-cuevas-del-roure-seran-el-escenario-de-la-segunda-edicion-del-covart\/\" \/>\n<meta property=\"og:locale\" content=\"es_ES\" \/>\n<meta property=\"og:type\" content=\"article\" \/>\n<meta property=\"og:title\" content=\"Las cuevas del Roure ser\u00e1n el escenario de la segunda edici\u00f3n del Cov&#039;art - Ajuntament de Mont-roig del Camp\" \/>\n<meta property=\"og:description\" content=\"La Concejal\u00eda de Cultura del Ayuntamiento de Mont-roig del Camp organiza la segunda edici\u00f3n del Cov&#8217;art, una propuesta art\u00edstica y musical en un entorno singular como son las cuevas del Roure de Costa Z\u00e8fir. Este emplazamiento de Miami Platja ser\u00e1 el escenario, el pr\u00f3ximo s\u00e1bado 17 de junio, de una velada que contar\u00e1 con diversas [&hellip;]\" \/>\n<meta property=\"og:url\" content=\"https:\/\/mont-roig.cat\/es\/actualitat\/noticies\/las-cuevas-del-roure-seran-el-escenario-de-la-segunda-edicion-del-covart\/\" \/>\n<meta property=\"og:site_name\" content=\"Ajuntament de Mont-roig del Camp\" \/>\n<meta property=\"article:published_time\" content=\"2017-06-12T10:04:17+00:00\" \/>\n<meta property=\"article:modified_time\" content=\"2017-06-12T10:13:55+00:00\" \/>\n<meta property=\"og:image\" content=\"https:\/\/mont-roig.cat\/wp-content\/uploads\/COVART_2017.jpg\" \/>\n\t<meta property=\"og:image:width\" content=\"1041\" \/>\n\t<meta property=\"og:image:height\" content=\"1489\" \/>\n\t<meta property=\"og:image:type\" content=\"image\/jpeg\" \/>\n<meta name=\"author\" content=\"administrador\" \/>\n<meta name=\"twitter:card\" content=\"summary_large_image\" \/>\n<meta name=\"twitter:label1\" content=\"Escrito por\" \/>\n\t<meta name=\"twitter:data1\" content=\"administrador\" \/>\n<script type=\"application\/ld+json\" class=\"yoast-schema-graph\">{\"@context\":\"https:\\\/\\\/schema.org\",\"@graph\":[{\"@type\":\"Article\",\"@id\":\"https:\\\/\\\/mont-roig.cat\\\/es\\\/actualitat\\\/noticies\\\/las-cuevas-del-roure-seran-el-escenario-de-la-segunda-edicion-del-covart\\\/#article\",\"isPartOf\":{\"@id\":\"https:\\\/\\\/mont-roig.cat\\\/es\\\/actualitat\\\/noticies\\\/las-cuevas-del-roure-seran-el-escenario-de-la-segunda-edicion-del-covart\\\/\"},\"author\":{\"name\":\"administrador\",\"@id\":\"https:\\\/\\\/mont-roig.cat\\\/es\\\/#\\\/schema\\\/person\\\/f2b111789f22b7d0c3bd6786c9128cba\"},\"headline\":\"Las cuevas del Roure ser\u00e1n el escenario de la segunda edici\u00f3n del Cov&#8217;art\",\"datePublished\":\"2017-06-12T10:04:17+00:00\",\"dateModified\":\"2017-06-12T10:13:55+00:00\",\"mainEntityOfPage\":{\"@id\":\"https:\\\/\\\/mont-roig.cat\\\/es\\\/actualitat\\\/noticies\\\/las-cuevas-del-roure-seran-el-escenario-de-la-segunda-edicion-del-covart\\\/\"},\"wordCount\":101,\"image\":{\"@id\":\"https:\\\/\\\/mont-roig.cat\\\/es\\\/actualitat\\\/noticies\\\/las-cuevas-del-roure-seran-el-escenario-de-la-segunda-edicion-del-covart\\\/#primaryimage\"},\"thumbnailUrl\":\"https:\\\/\\\/mont-roig.cat\\\/wp-content\\\/uploads\\\/COVART_2017.jpg\",\"articleSection\":[\"Cultura\"],\"inLanguage\":\"es\"},{\"@type\":\"WebPage\",\"@id\":\"https:\\\/\\\/mont-roig.cat\\\/es\\\/actualitat\\\/noticies\\\/las-cuevas-del-roure-seran-el-escenario-de-la-segunda-edicion-del-covart\\\/\",\"url\":\"https:\\\/\\\/mont-roig.cat\\\/es\\\/actualitat\\\/noticies\\\/las-cuevas-del-roure-seran-el-escenario-de-la-segunda-edicion-del-covart\\\/\",\"name\":\"Las cuevas del Roure ser\u00e1n el escenario de la segunda edici\u00f3n del Cov'art - Ajuntament de Mont-roig del Camp\",\"isPartOf\":{\"@id\":\"https:\\\/\\\/mont-roig.cat\\\/es\\\/#website\"},\"primaryImageOfPage\":{\"@id\":\"https:\\\/\\\/mont-roig.cat\\\/es\\\/actualitat\\\/noticies\\\/las-cuevas-del-roure-seran-el-escenario-de-la-segunda-edicion-del-covart\\\/#primaryimage\"},\"image\":{\"@id\":\"https:\\\/\\\/mont-roig.cat\\\/es\\\/actualitat\\\/noticies\\\/las-cuevas-del-roure-seran-el-escenario-de-la-segunda-edicion-del-covart\\\/#primaryimage\"},\"thumbnailUrl\":\"https:\\\/\\\/mont-roig.cat\\\/wp-content\\\/uploads\\\/COVART_2017.jpg\",\"datePublished\":\"2017-06-12T10:04:17+00:00\",\"dateModified\":\"2017-06-12T10:13:55+00:00\",\"author\":{\"@id\":\"https:\\\/\\\/mont-roig.cat\\\/es\\\/#\\\/schema\\\/person\\\/f2b111789f22b7d0c3bd6786c9128cba\"},\"breadcrumb\":{\"@id\":\"https:\\\/\\\/mont-roig.cat\\\/es\\\/actualitat\\\/noticies\\\/las-cuevas-del-roure-seran-el-escenario-de-la-segunda-edicion-del-covart\\\/#breadcrumb\"},\"inLanguage\":\"es\",\"potentialAction\":[{\"@type\":\"ReadAction\",\"target\":[\"https:\\\/\\\/mont-roig.cat\\\/es\\\/actualitat\\\/noticies\\\/las-cuevas-del-roure-seran-el-escenario-de-la-segunda-edicion-del-covart\\\/\"]}]},{\"@type\":\"ImageObject\",\"inLanguage\":\"es\",\"@id\":\"https:\\\/\\\/mont-roig.cat\\\/es\\\/actualitat\\\/noticies\\\/las-cuevas-del-roure-seran-el-escenario-de-la-segunda-edicion-del-covart\\\/#primaryimage\",\"url\":\"https:\\\/\\\/mont-roig.cat\\\/wp-content\\\/uploads\\\/COVART_2017.jpg\",\"contentUrl\":\"https:\\\/\\\/mont-roig.cat\\\/wp-content\\\/uploads\\\/COVART_2017.jpg\",\"width\":1041,\"height\":1489},{\"@type\":\"BreadcrumbList\",\"@id\":\"https:\\\/\\\/mont-roig.cat\\\/es\\\/actualitat\\\/noticies\\\/las-cuevas-del-roure-seran-el-escenario-de-la-segunda-edicion-del-covart\\\/#breadcrumb\",\"itemListElement\":[{\"@type\":\"ListItem\",\"position\":1,\"name\":\"Inici\",\"item\":\"https:\\\/\\\/mont-roig.cat\\\/es\\\/pagina-de-inicio\\\/\"},{\"@type\":\"ListItem\",\"position\":2,\"name\":\"Las cuevas del Roure ser\u00e1n el escenario de la segunda edici\u00f3n del Cov&#8217;art\"}]},{\"@type\":\"WebSite\",\"@id\":\"https:\\\/\\\/mont-roig.cat\\\/es\\\/#website\",\"url\":\"https:\\\/\\\/mont-roig.cat\\\/es\\\/\",\"name\":\"Ajuntament de Mont-roig del Camp\",\"description\":\"Tota la informaci\u00f3 sobre la instituci\u00f3, els seus \u00f2rgans de govern, actualitat, serveis i molt m\u00e9s.\",\"potentialAction\":[{\"@type\":\"SearchAction\",\"target\":{\"@type\":\"EntryPoint\",\"urlTemplate\":\"https:\\\/\\\/mont-roig.cat\\\/es\\\/?s={search_term_string}\"},\"query-input\":{\"@type\":\"PropertyValueSpecification\",\"valueRequired\":true,\"valueName\":\"search_term_string\"}}],\"inLanguage\":\"es\"},{\"@type\":\"Person\",\"@id\":\"https:\\\/\\\/mont-roig.cat\\\/es\\\/#\\\/schema\\\/person\\\/f2b111789f22b7d0c3bd6786c9128cba\",\"name\":\"administrador\",\"image\":{\"@type\":\"ImageObject\",\"inLanguage\":\"es\",\"@id\":\"https:\\\/\\\/secure.gravatar.com\\\/avatar\\\/9137aac6891e2595c9d3036fd83bcb653b4db3c946db4c7d9b9be193c3c944bb?s=96&d=mm&r=g\",\"url\":\"https:\\\/\\\/secure.gravatar.com\\\/avatar\\\/9137aac6891e2595c9d3036fd83bcb653b4db3c946db4c7d9b9be193c3c944bb?s=96&d=mm&r=g\",\"contentUrl\":\"https:\\\/\\\/secure.gravatar.com\\\/avatar\\\/9137aac6891e2595c9d3036fd83bcb653b4db3c946db4c7d9b9be193c3c944bb?s=96&d=mm&r=g\",\"caption\":\"administrador\"},\"url\":\"https:\\\/\\\/mont-roig.cat\\\/es\\\/actualitat\\\/noticies\\\/author\\\/administrador\\\/\"}]}<\/script>\n<!-- \/ Yoast SEO plugin. -->","yoast_head_json":{"title":"Las cuevas del Roure ser\u00e1n el escenario de la segunda edici\u00f3n del Cov'art - Ajuntament de Mont-roig del Camp","robots":{"index":"index","follow":"follow","max-snippet":"max-snippet:-1","max-image-preview":"max-image-preview:large","max-video-preview":"max-video-preview:-1"},"canonical":"https:\/\/mont-roig.cat\/es\/actualitat\/noticies\/las-cuevas-del-roure-seran-el-escenario-de-la-segunda-edicion-del-covart\/","og_locale":"es_ES","og_type":"article","og_title":"Las cuevas del Roure ser\u00e1n el escenario de la segunda edici\u00f3n del Cov'art - Ajuntament de Mont-roig del Camp","og_description":"La Concejal\u00eda de Cultura del Ayuntamiento de Mont-roig del Camp organiza la segunda edici\u00f3n del Cov&#8217;art, una propuesta art\u00edstica y musical en un entorno singular como son las cuevas del Roure de Costa Z\u00e8fir. Este emplazamiento de Miami Platja ser\u00e1 el escenario, el pr\u00f3ximo s\u00e1bado 17 de junio, de una velada que contar\u00e1 con diversas [&hellip;]","og_url":"https:\/\/mont-roig.cat\/es\/actualitat\/noticies\/las-cuevas-del-roure-seran-el-escenario-de-la-segunda-edicion-del-covart\/","og_site_name":"Ajuntament de Mont-roig del Camp","article_published_time":"2017-06-12T10:04:17+00:00","article_modified_time":"2017-06-12T10:13:55+00:00","og_image":[{"width":1041,"height":1489,"url":"https:\/\/mont-roig.cat\/wp-content\/uploads\/COVART_2017.jpg","type":"image\/jpeg"}],"author":"administrador","twitter_card":"summary_large_image","twitter_misc":{"Escrito por":"administrador"},"schema":{"@context":"https:\/\/schema.org","@graph":[{"@type":"Article","@id":"https:\/\/mont-roig.cat\/es\/actualitat\/noticies\/las-cuevas-del-roure-seran-el-escenario-de-la-segunda-edicion-del-covart\/#article","isPartOf":{"@id":"https:\/\/mont-roig.cat\/es\/actualitat\/noticies\/las-cuevas-del-roure-seran-el-escenario-de-la-segunda-edicion-del-covart\/"},"author":{"name":"administrador","@id":"https:\/\/mont-roig.cat\/es\/#\/schema\/person\/f2b111789f22b7d0c3bd6786c9128cba"},"headline":"Las cuevas del Roure ser\u00e1n el escenario de la segunda edici\u00f3n del Cov&#8217;art","datePublished":"2017-06-12T10:04:17+00:00","dateModified":"2017-06-12T10:13:55+00:00","mainEntityOfPage":{"@id":"https:\/\/mont-roig.cat\/es\/actualitat\/noticies\/las-cuevas-del-roure-seran-el-escenario-de-la-segunda-edicion-del-covart\/"},"wordCount":101,"image":{"@id":"https:\/\/mont-roig.cat\/es\/actualitat\/noticies\/las-cuevas-del-roure-seran-el-escenario-de-la-segunda-edicion-del-covart\/#primaryimage"},"thumbnailUrl":"https:\/\/mont-roig.cat\/wp-content\/uploads\/COVART_2017.jpg","articleSection":["Cultura"],"inLanguage":"es"},{"@type":"WebPage","@id":"https:\/\/mont-roig.cat\/es\/actualitat\/noticies\/las-cuevas-del-roure-seran-el-escenario-de-la-segunda-edicion-del-covart\/","url":"https:\/\/mont-roig.cat\/es\/actualitat\/noticies\/las-cuevas-del-roure-seran-el-escenario-de-la-segunda-edicion-del-covart\/","name":"Las cuevas del Roure ser\u00e1n el escenario de la segunda edici\u00f3n del Cov'art - Ajuntament de Mont-roig del Camp","isPartOf":{"@id":"https:\/\/mont-roig.cat\/es\/#website"},"primaryImageOfPage":{"@id":"https:\/\/mont-roig.cat\/es\/actualitat\/noticies\/las-cuevas-del-roure-seran-el-escenario-de-la-segunda-edicion-del-covart\/#primaryimage"},"image":{"@id":"https:\/\/mont-roig.cat\/es\/actualitat\/noticies\/las-cuevas-del-roure-seran-el-escenario-de-la-segunda-edicion-del-covart\/#primaryimage"},"thumbnailUrl":"https:\/\/mont-roig.cat\/wp-content\/uploads\/COVART_2017.jpg","datePublished":"2017-06-12T10:04:17+00:00","dateModified":"2017-06-12T10:13:55+00:00","author":{"@id":"https:\/\/mont-roig.cat\/es\/#\/schema\/person\/f2b111789f22b7d0c3bd6786c9128cba"},"breadcrumb":{"@id":"https:\/\/mont-roig.cat\/es\/actualitat\/noticies\/las-cuevas-del-roure-seran-el-escenario-de-la-segunda-edicion-del-covart\/#breadcrumb"},"inLanguage":"es","potentialAction":[{"@type":"ReadAction","target":["https:\/\/mont-roig.cat\/es\/actualitat\/noticies\/las-cuevas-del-roure-seran-el-escenario-de-la-segunda-edicion-del-covart\/"]}]},{"@type":"ImageObject","inLanguage":"es","@id":"https:\/\/mont-roig.cat\/es\/actualitat\/noticies\/las-cuevas-del-roure-seran-el-escenario-de-la-segunda-edicion-del-covart\/#primaryimage","url":"https:\/\/mont-roig.cat\/wp-content\/uploads\/COVART_2017.jpg","contentUrl":"https:\/\/mont-roig.cat\/wp-content\/uploads\/COVART_2017.jpg","width":1041,"height":1489},{"@type":"BreadcrumbList","@id":"https:\/\/mont-roig.cat\/es\/actualitat\/noticies\/las-cuevas-del-roure-seran-el-escenario-de-la-segunda-edicion-del-covart\/#breadcrumb","itemListElement":[{"@type":"ListItem","position":1,"name":"Inici","item":"https:\/\/mont-roig.cat\/es\/pagina-de-inicio\/"},{"@type":"ListItem","position":2,"name":"Las cuevas del Roure ser\u00e1n el escenario de la segunda edici\u00f3n del Cov&#8217;art"}]},{"@type":"WebSite","@id":"https:\/\/mont-roig.cat\/es\/#website","url":"https:\/\/mont-roig.cat\/es\/","name":"Ajuntament de Mont-roig del Camp","description":"Tota la informaci\u00f3 sobre la instituci\u00f3, els seus \u00f2rgans de govern, actualitat, serveis i molt m\u00e9s.","potentialAction":[{"@type":"SearchAction","target":{"@type":"EntryPoint","urlTemplate":"https:\/\/mont-roig.cat\/es\/?s={search_term_string}"},"query-input":{"@type":"PropertyValueSpecification","valueRequired":true,"valueName":"search_term_string"}}],"inLanguage":"es"},{"@type":"Person","@id":"https:\/\/mont-roig.cat\/es\/#\/schema\/person\/f2b111789f22b7d0c3bd6786c9128cba","name":"administrador","image":{"@type":"ImageObject","inLanguage":"es","@id":"https:\/\/secure.gravatar.com\/avatar\/9137aac6891e2595c9d3036fd83bcb653b4db3c946db4c7d9b9be193c3c944bb?s=96&d=mm&r=g","url":"https:\/\/secure.gravatar.com\/avatar\/9137aac6891e2595c9d3036fd83bcb653b4db3c946db4c7d9b9be193c3c944bb?s=96&d=mm&r=g","contentUrl":"https:\/\/secure.gravatar.com\/avatar\/9137aac6891e2595c9d3036fd83bcb653b4db3c946db4c7d9b9be193c3c944bb?s=96&d=mm&r=g","caption":"administrador"},"url":"https:\/\/mont-roig.cat\/es\/actualitat\/noticies\/author\/administrador\/"}]}},"_links":{"self":[{"href":"https:\/\/mont-roig.cat\/es\/wp-json\/wp\/v2\/posts\/17598","targetHints":{"allow":["GET"]}}],"collection":[{"href":"https:\/\/mont-roig.cat\/es\/wp-json\/wp\/v2\/posts"}],"about":[{"href":"https:\/\/mont-roig.cat\/es\/wp-json\/wp\/v2\/types\/post"}],"author":[{"embeddable":true,"href":"https:\/\/mont-roig.cat\/es\/wp-json\/wp\/v2\/users\/4"}],"replies":[{"embeddable":true,"href":"https:\/\/mont-roig.cat\/es\/wp-json\/wp\/v2\/comments?post=17598"}],"version-history":[{"count":0,"href":"https:\/\/mont-roig.cat\/es\/wp-json\/wp\/v2\/posts\/17598\/revisions"}],"wp:featuredmedia":[{"embeddable":true,"href":"https:\/\/mont-roig.cat\/es\/wp-json\/wp\/v2\/media\/17594"}],"wp:attachment":[{"href":"https:\/\/mont-roig.cat\/es\/wp-json\/wp\/v2\/media?parent=17598"}],"wp:term":[{"taxonomy":"category","embeddable":true,"href":"https:\/\/mont-roig.cat\/es\/wp-json\/wp\/v2\/categories?post=17598"},{"taxonomy":"post_tag","embeddable":true,"href":"https:\/\/mont-roig.cat\/es\/wp-json\/wp\/v2\/tags?post=17598"}],"curies":[{"name":"wp","href":"https:\/\/api.w.org\/{rel}","templated":true}]}}