{"id":17859,"date":"2017-06-28T14:51:48","date_gmt":"2017-06-28T12:51:48","guid":{"rendered":"http:\/\/mont-roig.cat\/actualitat\/noticies\/el-ayuntamiento-apoya-el-dia-internacional-del-orgullo-lgtbi\/"},"modified":"2017-06-28T14:56:01","modified_gmt":"2017-06-28T12:56:01","slug":"el-ayuntamiento-apoya-el-dia-internacional-del-orgullo-lgtbi","status":"publish","type":"post","link":"https:\/\/mont-roig.cat\/es\/actualitat\/noticies\/el-ayuntamiento-apoya-el-dia-internacional-del-orgullo-lgtbi\/","title":{"rendered":"El Ayuntamiento apoya el D\u00eda Internacional del Orgullo LGTBI"},"content":{"rendered":"<p>Los grupos municipales con representaci\u00f3n al Ayuntamiento de Mont-roig del Camp han consensuado el siguiente manifiesto con motivo del d\u00eda Internacional del Orgullo LGTBI.<\/p>\n<p><strong>Por unos municipios con orgullo y respeto a los derechos y libertades de las personas LGTBI<\/strong><\/p>\n<p>El D\u00eda del Orgullo L\u00e9sbico, Gay, Trans, Bisexual e Intersexual se conmemoran los hechos del 28 de junio de 1969 en la ciudad de Nueva York, conocida como la revuelta Stonewall, donde por primera vez se denunci\u00f3 la vulneraci\u00f3n de derechos y la represi\u00f3n social contra las personas LGTBI. Estos hechos propiciaron que se eligiera este d\u00eda para conmemorar, reivindicar y reconocer tanto la diversidad en la orientaci\u00f3n afectiva y sexual como en la identidad y expresi\u00f3n de g\u00e9nero.<\/p>\n<p>Aunque se ha avanzado mucho en materia legislativa en todo el mundo, todav\u00eda hay mucho trabajo por hacer. Hay que tener en cuenta que actualmente en 73 estados del mundo se sigue persiguiendo y castigando las personas LGTBI y, lo m\u00e1s terror\u00edfico, en 7 estados se sigue condenando la homosexualidad con la pena de muerte. A nadie se le escapa, por ejemplo, las noticias aparecidas recientemente sobre el exterminio LGTBI que se est\u00e1 produciendo en Chechenia, con un centenar de personas desaparecidas y la aparici\u00f3n de campos de concentraci\u00f3n para personas homosexuales.<\/p>\n<p>Tambi\u00e9n en nuestro entorno m\u00e1s cercano hemos tenido agresiones lgtbif\u00f2biques sufridas en municipios catalanes, como son los casos de Berga, Barcelona, \u200b\u200bSitges y, m\u00e1s recientemente, Salou. Es por ello que se hace imprescindible continuar con el desarrollo y aplicaci\u00f3n efectiva en todo el territorio de la ley 11\/2014 para garantizar los derechos de lesbianas, gays, bisexuales, transg\u00e9neros e intersexuales y para erradicar la homofobia, la bifobia y la transfobia para sancionar todas aquellas actitudes discriminatorias y violentas que d\u00eda tras d\u00eda sufren las personas LGBTI en nuestro pa\u00eds.<\/p>\n<p>Por eso sigue siendo imprescindible la valent\u00eda y la defensa de los derechos y libertades de los movimientos LGTBI a quien reconocemos todo el trabajo hecho recordando el 40 aniversario de la primera manifestaci\u00f3n LGTBI llevada a cabo en Catalu\u00f1a y en Espa\u00f1a.<\/p>\n<p>Desde el mundo local y desde nuestro consistorio queremos hacer expl\u00edcito la necesidad y la voluntad de seguir trabajando en nuestros pueblos y ciudades para erradicar las discriminaciones y fomentar el respeto a la diversidad afectivo-sexual, la identidad de g\u00e9nero y la expresi\u00f3n de g\u00e9nero. Unos entes locales orgullosos de formar parte de una comunidad abierta y sin prejuicios donde se garantizan los derechos y libertades de personas LGTBI en su vida cotidiana.<\/p>\n<p style=\"text-align: right;\">Mont-roig del Camp, 28 de junio de 2017<\/p>\n","protected":false},"excerpt":{"rendered":"<p>Los grupos municipales con representaci\u00f3n al Ayuntamiento de Mont-roig del Camp han consensuado el siguiente manifiesto con motivo del d\u00eda Internacional del Orgullo LGTBI. Por unos municipios con orgullo y respeto a los derechos y libertades de las personas LGTBI El D\u00eda del Orgullo L\u00e9sbico, Gay, Trans, Bisexual e Intersexual se conmemoran los hechos del [&hellip;]<\/p>\n","protected":false},"author":4,"featured_media":17857,"comment_status":"closed","ping_status":"closed","sticky":false,"template":"","format":"standard","meta":{"inline_featured_image":false,"_monsterinsights_skip_tracking":false,"_monsterinsights_sitenote_active":false,"_monsterinsights_sitenote_note":"","_monsterinsights_sitenote_category":0,"footnotes":""},"categories":[98],"tags":[],"class_list":["post-17859","post","type-post","status-publish","format-standard","has-post-thumbnail","hentry","category-ayuntamiento"],"yoast_head":"<!-- This site is optimized with the Yoast SEO plugin v27.4 - https:\/\/yoast.com\/product\/yoast-seo-wordpress\/ -->\n<title>El Ayuntamiento apoya el D\u00eda Internacional del Orgullo LGTBI - Ajuntament de Mont-roig del Camp<\/title>\n<meta name=\"robots\" content=\"index, follow, max-snippet:-1, max-image-preview:large, max-video-preview:-1\" \/>\n<link rel=\"canonical\" href=\"https:\/\/mont-roig.cat\/es\/actualitat\/noticies\/el-ayuntamiento-apoya-el-dia-internacional-del-orgullo-lgtbi\/\" \/>\n<meta property=\"og:locale\" content=\"es_ES\" \/>\n<meta property=\"og:type\" content=\"article\" \/>\n<meta property=\"og:title\" content=\"El Ayuntamiento apoya el D\u00eda Internacional del Orgullo LGTBI - Ajuntament de Mont-roig del Camp\" \/>\n<meta property=\"og:description\" content=\"Los grupos municipales con representaci\u00f3n al Ayuntamiento de Mont-roig del Camp han consensuado el siguiente manifiesto con motivo del d\u00eda Internacional del Orgullo LGTBI. Por unos municipios con orgullo y respeto a los derechos y libertades de las personas LGTBI El D\u00eda del Orgullo L\u00e9sbico, Gay, Trans, Bisexual e Intersexual se conmemoran los hechos del [&hellip;]\" \/>\n<meta property=\"og:url\" content=\"https:\/\/mont-roig.cat\/es\/actualitat\/noticies\/el-ayuntamiento-apoya-el-dia-internacional-del-orgullo-lgtbi\/\" \/>\n<meta property=\"og:site_name\" content=\"Ajuntament de Mont-roig del Camp\" \/>\n<meta property=\"article:published_time\" content=\"2017-06-28T12:51:48+00:00\" \/>\n<meta property=\"article:modified_time\" content=\"2017-06-28T12:56:01+00:00\" \/>\n<meta property=\"og:image\" content=\"https:\/\/mont-roig.cat\/wp-content\/uploads\/Bandera.jpg\" \/>\n\t<meta property=\"og:image:width\" content=\"640\" \/>\n\t<meta property=\"og:image:height\" content=\"425\" \/>\n\t<meta property=\"og:image:type\" content=\"image\/jpeg\" \/>\n<meta name=\"author\" content=\"administrador\" \/>\n<meta name=\"twitter:card\" content=\"summary_large_image\" \/>\n<meta name=\"twitter:label1\" content=\"Escrito por\" \/>\n\t<meta name=\"twitter:data1\" content=\"administrador\" \/>\n\t<meta name=\"twitter:label2\" content=\"Tiempo de lectura\" \/>\n\t<meta name=\"twitter:data2\" content=\"2 minutos\" \/>\n<script type=\"application\/ld+json\" class=\"yoast-schema-graph\">{\"@context\":\"https:\\\/\\\/schema.org\",\"@graph\":[{\"@type\":\"Article\",\"@id\":\"https:\\\/\\\/mont-roig.cat\\\/es\\\/actualitat\\\/noticies\\\/el-ayuntamiento-apoya-el-dia-internacional-del-orgullo-lgtbi\\\/#article\",\"isPartOf\":{\"@id\":\"https:\\\/\\\/mont-roig.cat\\\/es\\\/actualitat\\\/noticies\\\/el-ayuntamiento-apoya-el-dia-internacional-del-orgullo-lgtbi\\\/\"},\"author\":{\"name\":\"administrador\",\"@id\":\"https:\\\/\\\/mont-roig.cat\\\/es\\\/#\\\/schema\\\/person\\\/f2b111789f22b7d0c3bd6786c9128cba\"},\"headline\":\"El Ayuntamiento apoya el D\u00eda Internacional del Orgullo LGTBI\",\"datePublished\":\"2017-06-28T12:51:48+00:00\",\"dateModified\":\"2017-06-28T12:56:01+00:00\",\"mainEntityOfPage\":{\"@id\":\"https:\\\/\\\/mont-roig.cat\\\/es\\\/actualitat\\\/noticies\\\/el-ayuntamiento-apoya-el-dia-internacional-del-orgullo-lgtbi\\\/\"},\"wordCount\":459,\"image\":{\"@id\":\"https:\\\/\\\/mont-roig.cat\\\/es\\\/actualitat\\\/noticies\\\/el-ayuntamiento-apoya-el-dia-internacional-del-orgullo-lgtbi\\\/#primaryimage\"},\"thumbnailUrl\":\"https:\\\/\\\/mont-roig.cat\\\/wp-content\\\/uploads\\\/Bandera.jpg\",\"articleSection\":[\"Ayuntamiento\"],\"inLanguage\":\"es\"},{\"@type\":\"WebPage\",\"@id\":\"https:\\\/\\\/mont-roig.cat\\\/es\\\/actualitat\\\/noticies\\\/el-ayuntamiento-apoya-el-dia-internacional-del-orgullo-lgtbi\\\/\",\"url\":\"https:\\\/\\\/mont-roig.cat\\\/es\\\/actualitat\\\/noticies\\\/el-ayuntamiento-apoya-el-dia-internacional-del-orgullo-lgtbi\\\/\",\"name\":\"El Ayuntamiento apoya el D\u00eda Internacional del Orgullo LGTBI - Ajuntament de Mont-roig del Camp\",\"isPartOf\":{\"@id\":\"https:\\\/\\\/mont-roig.cat\\\/es\\\/#website\"},\"primaryImageOfPage\":{\"@id\":\"https:\\\/\\\/mont-roig.cat\\\/es\\\/actualitat\\\/noticies\\\/el-ayuntamiento-apoya-el-dia-internacional-del-orgullo-lgtbi\\\/#primaryimage\"},\"image\":{\"@id\":\"https:\\\/\\\/mont-roig.cat\\\/es\\\/actualitat\\\/noticies\\\/el-ayuntamiento-apoya-el-dia-internacional-del-orgullo-lgtbi\\\/#primaryimage\"},\"thumbnailUrl\":\"https:\\\/\\\/mont-roig.cat\\\/wp-content\\\/uploads\\\/Bandera.jpg\",\"datePublished\":\"2017-06-28T12:51:48+00:00\",\"dateModified\":\"2017-06-28T12:56:01+00:00\",\"author\":{\"@id\":\"https:\\\/\\\/mont-roig.cat\\\/es\\\/#\\\/schema\\\/person\\\/f2b111789f22b7d0c3bd6786c9128cba\"},\"breadcrumb\":{\"@id\":\"https:\\\/\\\/mont-roig.cat\\\/es\\\/actualitat\\\/noticies\\\/el-ayuntamiento-apoya-el-dia-internacional-del-orgullo-lgtbi\\\/#breadcrumb\"},\"inLanguage\":\"es\",\"potentialAction\":[{\"@type\":\"ReadAction\",\"target\":[\"https:\\\/\\\/mont-roig.cat\\\/es\\\/actualitat\\\/noticies\\\/el-ayuntamiento-apoya-el-dia-internacional-del-orgullo-lgtbi\\\/\"]}]},{\"@type\":\"ImageObject\",\"inLanguage\":\"es\",\"@id\":\"https:\\\/\\\/mont-roig.cat\\\/es\\\/actualitat\\\/noticies\\\/el-ayuntamiento-apoya-el-dia-internacional-del-orgullo-lgtbi\\\/#primaryimage\",\"url\":\"https:\\\/\\\/mont-roig.cat\\\/wp-content\\\/uploads\\\/Bandera.jpg\",\"contentUrl\":\"https:\\\/\\\/mont-roig.cat\\\/wp-content\\\/uploads\\\/Bandera.jpg\",\"width\":640,\"height\":425},{\"@type\":\"BreadcrumbList\",\"@id\":\"https:\\\/\\\/mont-roig.cat\\\/es\\\/actualitat\\\/noticies\\\/el-ayuntamiento-apoya-el-dia-internacional-del-orgullo-lgtbi\\\/#breadcrumb\",\"itemListElement\":[{\"@type\":\"ListItem\",\"position\":1,\"name\":\"Inici\",\"item\":\"https:\\\/\\\/mont-roig.cat\\\/es\\\/pagina-de-inicio\\\/\"},{\"@type\":\"ListItem\",\"position\":2,\"name\":\"El Ayuntamiento apoya el D\u00eda Internacional del Orgullo LGTBI\"}]},{\"@type\":\"WebSite\",\"@id\":\"https:\\\/\\\/mont-roig.cat\\\/es\\\/#website\",\"url\":\"https:\\\/\\\/mont-roig.cat\\\/es\\\/\",\"name\":\"Ajuntament de Mont-roig del Camp\",\"description\":\"Tota la informaci\u00f3 sobre la instituci\u00f3, els seus \u00f2rgans de govern, actualitat, serveis i molt m\u00e9s.\",\"potentialAction\":[{\"@type\":\"SearchAction\",\"target\":{\"@type\":\"EntryPoint\",\"urlTemplate\":\"https:\\\/\\\/mont-roig.cat\\\/es\\\/?s={search_term_string}\"},\"query-input\":{\"@type\":\"PropertyValueSpecification\",\"valueRequired\":true,\"valueName\":\"search_term_string\"}}],\"inLanguage\":\"es\"},{\"@type\":\"Person\",\"@id\":\"https:\\\/\\\/mont-roig.cat\\\/es\\\/#\\\/schema\\\/person\\\/f2b111789f22b7d0c3bd6786c9128cba\",\"name\":\"administrador\",\"image\":{\"@type\":\"ImageObject\",\"inLanguage\":\"es\",\"@id\":\"https:\\\/\\\/secure.gravatar.com\\\/avatar\\\/9137aac6891e2595c9d3036fd83bcb653b4db3c946db4c7d9b9be193c3c944bb?s=96&d=mm&r=g\",\"url\":\"https:\\\/\\\/secure.gravatar.com\\\/avatar\\\/9137aac6891e2595c9d3036fd83bcb653b4db3c946db4c7d9b9be193c3c944bb?s=96&d=mm&r=g\",\"contentUrl\":\"https:\\\/\\\/secure.gravatar.com\\\/avatar\\\/9137aac6891e2595c9d3036fd83bcb653b4db3c946db4c7d9b9be193c3c944bb?s=96&d=mm&r=g\",\"caption\":\"administrador\"},\"url\":\"https:\\\/\\\/mont-roig.cat\\\/es\\\/actualitat\\\/noticies\\\/author\\\/administrador\\\/\"}]}<\/script>\n<!-- \/ Yoast SEO plugin. -->","yoast_head_json":{"title":"El Ayuntamiento apoya el D\u00eda Internacional del Orgullo LGTBI - Ajuntament de Mont-roig del Camp","robots":{"index":"index","follow":"follow","max-snippet":"max-snippet:-1","max-image-preview":"max-image-preview:large","max-video-preview":"max-video-preview:-1"},"canonical":"https:\/\/mont-roig.cat\/es\/actualitat\/noticies\/el-ayuntamiento-apoya-el-dia-internacional-del-orgullo-lgtbi\/","og_locale":"es_ES","og_type":"article","og_title":"El Ayuntamiento apoya el D\u00eda Internacional del Orgullo LGTBI - Ajuntament de Mont-roig del Camp","og_description":"Los grupos municipales con representaci\u00f3n al Ayuntamiento de Mont-roig del Camp han consensuado el siguiente manifiesto con motivo del d\u00eda Internacional del Orgullo LGTBI. Por unos municipios con orgullo y respeto a los derechos y libertades de las personas LGTBI El D\u00eda del Orgullo L\u00e9sbico, Gay, Trans, Bisexual e Intersexual se conmemoran los hechos del [&hellip;]","og_url":"https:\/\/mont-roig.cat\/es\/actualitat\/noticies\/el-ayuntamiento-apoya-el-dia-internacional-del-orgullo-lgtbi\/","og_site_name":"Ajuntament de Mont-roig del Camp","article_published_time":"2017-06-28T12:51:48+00:00","article_modified_time":"2017-06-28T12:56:01+00:00","og_image":[{"width":640,"height":425,"url":"https:\/\/mont-roig.cat\/wp-content\/uploads\/Bandera.jpg","type":"image\/jpeg"}],"author":"administrador","twitter_card":"summary_large_image","twitter_misc":{"Escrito por":"administrador","Tiempo de lectura":"2 minutos"},"schema":{"@context":"https:\/\/schema.org","@graph":[{"@type":"Article","@id":"https:\/\/mont-roig.cat\/es\/actualitat\/noticies\/el-ayuntamiento-apoya-el-dia-internacional-del-orgullo-lgtbi\/#article","isPartOf":{"@id":"https:\/\/mont-roig.cat\/es\/actualitat\/noticies\/el-ayuntamiento-apoya-el-dia-internacional-del-orgullo-lgtbi\/"},"author":{"name":"administrador","@id":"https:\/\/mont-roig.cat\/es\/#\/schema\/person\/f2b111789f22b7d0c3bd6786c9128cba"},"headline":"El Ayuntamiento apoya el D\u00eda Internacional del Orgullo LGTBI","datePublished":"2017-06-28T12:51:48+00:00","dateModified":"2017-06-28T12:56:01+00:00","mainEntityOfPage":{"@id":"https:\/\/mont-roig.cat\/es\/actualitat\/noticies\/el-ayuntamiento-apoya-el-dia-internacional-del-orgullo-lgtbi\/"},"wordCount":459,"image":{"@id":"https:\/\/mont-roig.cat\/es\/actualitat\/noticies\/el-ayuntamiento-apoya-el-dia-internacional-del-orgullo-lgtbi\/#primaryimage"},"thumbnailUrl":"https:\/\/mont-roig.cat\/wp-content\/uploads\/Bandera.jpg","articleSection":["Ayuntamiento"],"inLanguage":"es"},{"@type":"WebPage","@id":"https:\/\/mont-roig.cat\/es\/actualitat\/noticies\/el-ayuntamiento-apoya-el-dia-internacional-del-orgullo-lgtbi\/","url":"https:\/\/mont-roig.cat\/es\/actualitat\/noticies\/el-ayuntamiento-apoya-el-dia-internacional-del-orgullo-lgtbi\/","name":"El Ayuntamiento apoya el D\u00eda Internacional del Orgullo LGTBI - Ajuntament de Mont-roig del Camp","isPartOf":{"@id":"https:\/\/mont-roig.cat\/es\/#website"},"primaryImageOfPage":{"@id":"https:\/\/mont-roig.cat\/es\/actualitat\/noticies\/el-ayuntamiento-apoya-el-dia-internacional-del-orgullo-lgtbi\/#primaryimage"},"image":{"@id":"https:\/\/mont-roig.cat\/es\/actualitat\/noticies\/el-ayuntamiento-apoya-el-dia-internacional-del-orgullo-lgtbi\/#primaryimage"},"thumbnailUrl":"https:\/\/mont-roig.cat\/wp-content\/uploads\/Bandera.jpg","datePublished":"2017-06-28T12:51:48+00:00","dateModified":"2017-06-28T12:56:01+00:00","author":{"@id":"https:\/\/mont-roig.cat\/es\/#\/schema\/person\/f2b111789f22b7d0c3bd6786c9128cba"},"breadcrumb":{"@id":"https:\/\/mont-roig.cat\/es\/actualitat\/noticies\/el-ayuntamiento-apoya-el-dia-internacional-del-orgullo-lgtbi\/#breadcrumb"},"inLanguage":"es","potentialAction":[{"@type":"ReadAction","target":["https:\/\/mont-roig.cat\/es\/actualitat\/noticies\/el-ayuntamiento-apoya-el-dia-internacional-del-orgullo-lgtbi\/"]}]},{"@type":"ImageObject","inLanguage":"es","@id":"https:\/\/mont-roig.cat\/es\/actualitat\/noticies\/el-ayuntamiento-apoya-el-dia-internacional-del-orgullo-lgtbi\/#primaryimage","url":"https:\/\/mont-roig.cat\/wp-content\/uploads\/Bandera.jpg","contentUrl":"https:\/\/mont-roig.cat\/wp-content\/uploads\/Bandera.jpg","width":640,"height":425},{"@type":"BreadcrumbList","@id":"https:\/\/mont-roig.cat\/es\/actualitat\/noticies\/el-ayuntamiento-apoya-el-dia-internacional-del-orgullo-lgtbi\/#breadcrumb","itemListElement":[{"@type":"ListItem","position":1,"name":"Inici","item":"https:\/\/mont-roig.cat\/es\/pagina-de-inicio\/"},{"@type":"ListItem","position":2,"name":"El Ayuntamiento apoya el D\u00eda Internacional del Orgullo LGTBI"}]},{"@type":"WebSite","@id":"https:\/\/mont-roig.cat\/es\/#website","url":"https:\/\/mont-roig.cat\/es\/","name":"Ajuntament de Mont-roig del Camp","description":"Tota la informaci\u00f3 sobre la instituci\u00f3, els seus \u00f2rgans de govern, actualitat, serveis i molt m\u00e9s.","potentialAction":[{"@type":"SearchAction","target":{"@type":"EntryPoint","urlTemplate":"https:\/\/mont-roig.cat\/es\/?s={search_term_string}"},"query-input":{"@type":"PropertyValueSpecification","valueRequired":true,"valueName":"search_term_string"}}],"inLanguage":"es"},{"@type":"Person","@id":"https:\/\/mont-roig.cat\/es\/#\/schema\/person\/f2b111789f22b7d0c3bd6786c9128cba","name":"administrador","image":{"@type":"ImageObject","inLanguage":"es","@id":"https:\/\/secure.gravatar.com\/avatar\/9137aac6891e2595c9d3036fd83bcb653b4db3c946db4c7d9b9be193c3c944bb?s=96&d=mm&r=g","url":"https:\/\/secure.gravatar.com\/avatar\/9137aac6891e2595c9d3036fd83bcb653b4db3c946db4c7d9b9be193c3c944bb?s=96&d=mm&r=g","contentUrl":"https:\/\/secure.gravatar.com\/avatar\/9137aac6891e2595c9d3036fd83bcb653b4db3c946db4c7d9b9be193c3c944bb?s=96&d=mm&r=g","caption":"administrador"},"url":"https:\/\/mont-roig.cat\/es\/actualitat\/noticies\/author\/administrador\/"}]}},"_links":{"self":[{"href":"https:\/\/mont-roig.cat\/es\/wp-json\/wp\/v2\/posts\/17859","targetHints":{"allow":["GET"]}}],"collection":[{"href":"https:\/\/mont-roig.cat\/es\/wp-json\/wp\/v2\/posts"}],"about":[{"href":"https:\/\/mont-roig.cat\/es\/wp-json\/wp\/v2\/types\/post"}],"author":[{"embeddable":true,"href":"https:\/\/mont-roig.cat\/es\/wp-json\/wp\/v2\/users\/4"}],"replies":[{"embeddable":true,"href":"https:\/\/mont-roig.cat\/es\/wp-json\/wp\/v2\/comments?post=17859"}],"version-history":[{"count":0,"href":"https:\/\/mont-roig.cat\/es\/wp-json\/wp\/v2\/posts\/17859\/revisions"}],"wp:featuredmedia":[{"embeddable":true,"href":"https:\/\/mont-roig.cat\/es\/wp-json\/wp\/v2\/media\/17857"}],"wp:attachment":[{"href":"https:\/\/mont-roig.cat\/es\/wp-json\/wp\/v2\/media?parent=17859"}],"wp:term":[{"taxonomy":"category","embeddable":true,"href":"https:\/\/mont-roig.cat\/es\/wp-json\/wp\/v2\/categories?post=17859"},{"taxonomy":"post_tag","embeddable":true,"href":"https:\/\/mont-roig.cat\/es\/wp-json\/wp\/v2\/tags?post=17859"}],"curies":[{"name":"wp","href":"https:\/\/api.w.org\/{rel}","templated":true}]}}