{"id":19386,"date":"2017-07-24T14:12:58","date_gmt":"2017-07-24T12:12:58","guid":{"rendered":"http:\/\/mont-roig.cat\/actualitat\/noticies\/se-convoca-a-los-jovenes-a-participar-en-la-redaccion-del-plan-local-de-juventud\/"},"modified":"2017-07-24T15:19:31","modified_gmt":"2017-07-24T13:19:31","slug":"se-convoca-a-los-jovenes-a-participar-en-la-redaccion-del-plan-local-de-juventud","status":"publish","type":"post","link":"https:\/\/mont-roig.cat\/es\/actualitat\/noticies\/se-convoca-a-los-jovenes-a-participar-en-la-redaccion-del-plan-local-de-juventud\/","title":{"rendered":"Se convoca a los j\u00f3venes a participar en la redacci\u00f3n del Plan Local de Juventud"},"content":{"rendered":"<div class=\"wpb-content-wrapper\"><ul>\n<li><strong><a href=\"http:\/\/mont-roig.cat\/wp-content\/uploads\/Pla-Local-de-Joventut.png\"><img loading=\"lazy\" decoding=\"async\" class=\"wp-image-19383 alignright\" src=\"http:\/\/mont-roig.cat\/wp-content\/uploads\/Pla-Local-de-Joventut-500x419.png\" alt=\"\" width=\"300\" height=\"251\" srcset=\"https:\/\/mont-roig.cat\/wp-content\/uploads\/Pla-Local-de-Joventut-500x419.png 500w, https:\/\/mont-roig.cat\/wp-content\/uploads\/Pla-Local-de-Joventut-768x644.png 768w, https:\/\/mont-roig.cat\/wp-content\/uploads\/Pla-Local-de-Joventut.png 940w\" sizes=\"auto, (max-width: 300px) 100vw, 300px\" \/><\/a>Las sesiones tendr\u00e1n lugar los d\u00edas 31 de julio y 1 de agosto y servir\u00e1n para complementar el diagn\u00f3stico de la realidad juvenil que ya se est\u00e1 realizando<\/strong><\/li>\n<li><strong>El proceso culminar\u00e1 con la elaboraci\u00f3n de un documento que marcar\u00e1 las l\u00edneas de trabajo de la concejal\u00eda los pr\u00f3ximos a\u00f1os<\/strong><\/li>\n<\/ul>\n<p>El departamento de Juventud del Ayuntamiento de Mont-roig del Camp convoca a los j\u00f3venes del municipio a participar en las sesiones que se han organizado para elaborar el Plan Local de Juventud. En este sentido se hace un llamamiento a la m\u00e1xima asistencia para tener pluralidad de puntos de vista, opiniones e inquietudes que sirvan para poder hacer un diagn\u00f3stico correcto de la realidad juvenil y concretar las acciones a desarrollar en los pr\u00f3ximos a\u00f1os.<\/p>\n<p>Las sesiones tendr\u00e1n lugar el lunes 31 de julio a las 19 h en el Casal Jove K2 de Miami Platja y el martes 1 de agosto a las 19 h en el Casal Jove K1 de Mont-roig. Paralelamente desde el departamento se han realizado encuestas a todos los chicos y chicas del Instituto de los dos n\u00facleos para conocer su percepci\u00f3n sobre el municipio, el sistema educativo, su forma de relacionarse y sus necesidades personales y colectivas.<\/p>\n<p><strong>Plan Local de Juventud<\/strong><\/p>\n<p>El Plan Local de Juventud es una herramienta de trabajo que define cu\u00e1les son las l\u00edneas de acci\u00f3n que se deben impulsar desde Juventud y que permite responder mejor a las necesidades de los j\u00f3venes y transformar determinadas situaciones. El objetivo es conocer el punto de partida, las causas, decidir sobre lo que se quiere intervenir y planificar de forma estrat\u00e9gica.<\/p>\n<p>Con su elaboraci\u00f3n se marcar\u00e1n las l\u00edneas de trabajo que la concejal\u00eda de Juventud desarrollar\u00e1 los pr\u00f3ximos a\u00f1os. Se trata de un compromiso que deber\u00e1n mantenerse en su per\u00edodo de vigencia y de un documento que se presentar\u00e1 a la Generalitat para obtener financiaci\u00f3n para apoyar los programas planificados que pueden ser de ocio, culturales, deportivos, de integraci\u00f3n, de salud, etc.<\/p>\n<p><strong>Consejo de Juventud<\/strong><\/p>\n<p>Adem\u00e1s, a partir de estas sesiones de los d\u00edas 31 de julio y 1 de agosto se quiere motivar a los j\u00f3venes para crear un Consejo de Juventud Municipal que pueda apoyar la concejal\u00eda. El objetivo es que este organismo, que estar\u00e1 formado por una muestra representativa de los j\u00f3venes del municipio, se pueda reunir de forma peri\u00f3dica durante el a\u00f1o con el fin de valorar el trabajo que se est\u00e1 haciendo y plantear nuevas necesidades.<\/p>\n[\/vc_column_text][\/vc_column][\/vc_row][vc_row][vc_column][vc_video link=&#8221;https:\/\/www.youtube.com\/watch?v=1WhcjRvG0eY&amp;feature=share&#8221; el_width=&#8221;80&#8243; title=&#8221;Participa en las sesiones del Plan Local de Juventud&#8221;][\/vc_column][\/vc_row]\n<\/div>","protected":false},"excerpt":{"rendered":"<p>El departamento de Juventud del Ayuntamiento de Mont-roig del Camp convoca a los j\u00f3venes del municipio a participar en las sesiones que se han organizado para elaborar el Plan Local de Juventud. En este sentido se hace un llamamiento a la m\u00e1xima asistencia para tener pluralidad de puntos de vista, opiniones e inquietudes que sirvan para poder hacer un diagn\u00f3stico correcto de la realidad juvenil y concretar las acciones a desarrollar en los pr\u00f3ximos a\u00f1os.<\/p>\n","protected":false},"author":4,"featured_media":19383,"comment_status":"closed","ping_status":"closed","sticky":false,"template":"","format":"standard","meta":{"inline_featured_image":false,"_monsterinsights_skip_tracking":false,"_monsterinsights_sitenote_active":false,"_monsterinsights_sitenote_note":"","_monsterinsights_sitenote_category":0,"footnotes":""},"categories":[71,106],"tags":[],"class_list":["post-19386","post","type-post","status-publish","format-standard","has-post-thumbnail","hentry","category-general-es","category-juventud"],"yoast_head":"<!-- This site is optimized with the Yoast SEO plugin v27.4 - https:\/\/yoast.com\/product\/yoast-seo-wordpress\/ -->\n<title>Se convoca a los j\u00f3venes a participar en la redacci\u00f3n del Plan Local de Juventud - Ajuntament de Mont-roig del Camp<\/title>\n<meta name=\"robots\" content=\"index, follow, max-snippet:-1, max-image-preview:large, max-video-preview:-1\" \/>\n<link rel=\"canonical\" href=\"https:\/\/mont-roig.cat\/es\/actualitat\/noticies\/se-convoca-a-los-jovenes-a-participar-en-la-redaccion-del-plan-local-de-juventud\/\" \/>\n<meta property=\"og:locale\" content=\"es_ES\" \/>\n<meta property=\"og:type\" content=\"article\" \/>\n<meta property=\"og:title\" content=\"Se convoca a los j\u00f3venes a participar en la redacci\u00f3n del Plan Local de Juventud - Ajuntament de Mont-roig del Camp\" \/>\n<meta property=\"og:description\" content=\"El departamento de Juventud del Ayuntamiento de Mont-roig del Camp convoca a los j\u00f3venes del municipio a participar en las sesiones que se han organizado para elaborar el Plan Local de Juventud. En este sentido se hace un llamamiento a la m\u00e1xima asistencia para tener pluralidad de puntos de vista, opiniones e inquietudes que sirvan para poder hacer un diagn\u00f3stico correcto de la realidad juvenil y concretar las acciones a desarrollar en los pr\u00f3ximos a\u00f1os.\" \/>\n<meta property=\"og:url\" content=\"https:\/\/mont-roig.cat\/es\/actualitat\/noticies\/se-convoca-a-los-jovenes-a-participar-en-la-redaccion-del-plan-local-de-juventud\/\" \/>\n<meta property=\"og:site_name\" content=\"Ajuntament de Mont-roig del Camp\" \/>\n<meta property=\"article:published_time\" content=\"2017-07-24T12:12:58+00:00\" \/>\n<meta property=\"article:modified_time\" content=\"2017-07-24T13:19:31+00:00\" \/>\n<meta property=\"og:image\" content=\"https:\/\/mont-roig.cat\/wp-content\/uploads\/Pla-Local-de-Joventut.png\" \/>\n\t<meta property=\"og:image:width\" content=\"940\" \/>\n\t<meta property=\"og:image:height\" content=\"788\" \/>\n\t<meta property=\"og:image:type\" content=\"image\/png\" \/>\n<meta name=\"author\" content=\"administrador\" \/>\n<meta name=\"twitter:card\" content=\"summary_large_image\" \/>\n<meta name=\"twitter:label1\" content=\"Escrito por\" \/>\n\t<meta name=\"twitter:data1\" content=\"administrador\" \/>\n\t<meta name=\"twitter:label2\" content=\"Tiempo de lectura\" \/>\n\t<meta name=\"twitter:data2\" content=\"2 minutos\" \/>\n<script type=\"application\/ld+json\" class=\"yoast-schema-graph\">{\"@context\":\"https:\\\/\\\/schema.org\",\"@graph\":[{\"@type\":\"Article\",\"@id\":\"https:\\\/\\\/mont-roig.cat\\\/es\\\/actualitat\\\/noticies\\\/se-convoca-a-los-jovenes-a-participar-en-la-redaccion-del-plan-local-de-juventud\\\/#article\",\"isPartOf\":{\"@id\":\"https:\\\/\\\/mont-roig.cat\\\/es\\\/actualitat\\\/noticies\\\/se-convoca-a-los-jovenes-a-participar-en-la-redaccion-del-plan-local-de-juventud\\\/\"},\"author\":{\"name\":\"administrador\",\"@id\":\"https:\\\/\\\/mont-roig.cat\\\/es\\\/#\\\/schema\\\/person\\\/f2b111789f22b7d0c3bd6786c9128cba\"},\"headline\":\"Se convoca a los j\u00f3venes a participar en la redacci\u00f3n del Plan Local de Juventud\",\"datePublished\":\"2017-07-24T12:12:58+00:00\",\"dateModified\":\"2017-07-24T13:19:31+00:00\",\"mainEntityOfPage\":{\"@id\":\"https:\\\/\\\/mont-roig.cat\\\/es\\\/actualitat\\\/noticies\\\/se-convoca-a-los-jovenes-a-participar-en-la-redaccion-del-plan-local-de-juventud\\\/\"},\"wordCount\":496,\"image\":{\"@id\":\"https:\\\/\\\/mont-roig.cat\\\/es\\\/actualitat\\\/noticies\\\/se-convoca-a-los-jovenes-a-participar-en-la-redaccion-del-plan-local-de-juventud\\\/#primaryimage\"},\"thumbnailUrl\":\"https:\\\/\\\/mont-roig.cat\\\/wp-content\\\/uploads\\\/Pla-Local-de-Joventut.png\",\"articleSection\":[\"General\",\"Juventud\"],\"inLanguage\":\"es\"},{\"@type\":\"WebPage\",\"@id\":\"https:\\\/\\\/mont-roig.cat\\\/es\\\/actualitat\\\/noticies\\\/se-convoca-a-los-jovenes-a-participar-en-la-redaccion-del-plan-local-de-juventud\\\/\",\"url\":\"https:\\\/\\\/mont-roig.cat\\\/es\\\/actualitat\\\/noticies\\\/se-convoca-a-los-jovenes-a-participar-en-la-redaccion-del-plan-local-de-juventud\\\/\",\"name\":\"Se convoca a los j\u00f3venes a participar en la redacci\u00f3n del Plan Local de Juventud - Ajuntament de Mont-roig del Camp\",\"isPartOf\":{\"@id\":\"https:\\\/\\\/mont-roig.cat\\\/es\\\/#website\"},\"primaryImageOfPage\":{\"@id\":\"https:\\\/\\\/mont-roig.cat\\\/es\\\/actualitat\\\/noticies\\\/se-convoca-a-los-jovenes-a-participar-en-la-redaccion-del-plan-local-de-juventud\\\/#primaryimage\"},\"image\":{\"@id\":\"https:\\\/\\\/mont-roig.cat\\\/es\\\/actualitat\\\/noticies\\\/se-convoca-a-los-jovenes-a-participar-en-la-redaccion-del-plan-local-de-juventud\\\/#primaryimage\"},\"thumbnailUrl\":\"https:\\\/\\\/mont-roig.cat\\\/wp-content\\\/uploads\\\/Pla-Local-de-Joventut.png\",\"datePublished\":\"2017-07-24T12:12:58+00:00\",\"dateModified\":\"2017-07-24T13:19:31+00:00\",\"author\":{\"@id\":\"https:\\\/\\\/mont-roig.cat\\\/es\\\/#\\\/schema\\\/person\\\/f2b111789f22b7d0c3bd6786c9128cba\"},\"breadcrumb\":{\"@id\":\"https:\\\/\\\/mont-roig.cat\\\/es\\\/actualitat\\\/noticies\\\/se-convoca-a-los-jovenes-a-participar-en-la-redaccion-del-plan-local-de-juventud\\\/#breadcrumb\"},\"inLanguage\":\"es\",\"potentialAction\":[{\"@type\":\"ReadAction\",\"target\":[\"https:\\\/\\\/mont-roig.cat\\\/es\\\/actualitat\\\/noticies\\\/se-convoca-a-los-jovenes-a-participar-en-la-redaccion-del-plan-local-de-juventud\\\/\"]}]},{\"@type\":\"ImageObject\",\"inLanguage\":\"es\",\"@id\":\"https:\\\/\\\/mont-roig.cat\\\/es\\\/actualitat\\\/noticies\\\/se-convoca-a-los-jovenes-a-participar-en-la-redaccion-del-plan-local-de-juventud\\\/#primaryimage\",\"url\":\"https:\\\/\\\/mont-roig.cat\\\/wp-content\\\/uploads\\\/Pla-Local-de-Joventut.png\",\"contentUrl\":\"https:\\\/\\\/mont-roig.cat\\\/wp-content\\\/uploads\\\/Pla-Local-de-Joventut.png\",\"width\":940,\"height\":788},{\"@type\":\"BreadcrumbList\",\"@id\":\"https:\\\/\\\/mont-roig.cat\\\/es\\\/actualitat\\\/noticies\\\/se-convoca-a-los-jovenes-a-participar-en-la-redaccion-del-plan-local-de-juventud\\\/#breadcrumb\",\"itemListElement\":[{\"@type\":\"ListItem\",\"position\":1,\"name\":\"Inici\",\"item\":\"https:\\\/\\\/mont-roig.cat\\\/es\\\/pagina-de-inicio\\\/\"},{\"@type\":\"ListItem\",\"position\":2,\"name\":\"Se convoca a los j\u00f3venes a participar en la redacci\u00f3n del Plan Local de Juventud\"}]},{\"@type\":\"WebSite\",\"@id\":\"https:\\\/\\\/mont-roig.cat\\\/es\\\/#website\",\"url\":\"https:\\\/\\\/mont-roig.cat\\\/es\\\/\",\"name\":\"Ajuntament de Mont-roig del Camp\",\"description\":\"Tota la informaci\u00f3 sobre la instituci\u00f3, els seus \u00f2rgans de govern, actualitat, serveis i molt m\u00e9s.\",\"potentialAction\":[{\"@type\":\"SearchAction\",\"target\":{\"@type\":\"EntryPoint\",\"urlTemplate\":\"https:\\\/\\\/mont-roig.cat\\\/es\\\/?s={search_term_string}\"},\"query-input\":{\"@type\":\"PropertyValueSpecification\",\"valueRequired\":true,\"valueName\":\"search_term_string\"}}],\"inLanguage\":\"es\"},{\"@type\":\"Person\",\"@id\":\"https:\\\/\\\/mont-roig.cat\\\/es\\\/#\\\/schema\\\/person\\\/f2b111789f22b7d0c3bd6786c9128cba\",\"name\":\"administrador\",\"image\":{\"@type\":\"ImageObject\",\"inLanguage\":\"es\",\"@id\":\"https:\\\/\\\/secure.gravatar.com\\\/avatar\\\/9137aac6891e2595c9d3036fd83bcb653b4db3c946db4c7d9b9be193c3c944bb?s=96&d=mm&r=g\",\"url\":\"https:\\\/\\\/secure.gravatar.com\\\/avatar\\\/9137aac6891e2595c9d3036fd83bcb653b4db3c946db4c7d9b9be193c3c944bb?s=96&d=mm&r=g\",\"contentUrl\":\"https:\\\/\\\/secure.gravatar.com\\\/avatar\\\/9137aac6891e2595c9d3036fd83bcb653b4db3c946db4c7d9b9be193c3c944bb?s=96&d=mm&r=g\",\"caption\":\"administrador\"},\"url\":\"https:\\\/\\\/mont-roig.cat\\\/es\\\/actualitat\\\/noticies\\\/author\\\/administrador\\\/\"}]}<\/script>\n<!-- \/ Yoast SEO plugin. -->","yoast_head_json":{"title":"Se convoca a los j\u00f3venes a participar en la redacci\u00f3n del Plan Local de Juventud - Ajuntament de Mont-roig del Camp","robots":{"index":"index","follow":"follow","max-snippet":"max-snippet:-1","max-image-preview":"max-image-preview:large","max-video-preview":"max-video-preview:-1"},"canonical":"https:\/\/mont-roig.cat\/es\/actualitat\/noticies\/se-convoca-a-los-jovenes-a-participar-en-la-redaccion-del-plan-local-de-juventud\/","og_locale":"es_ES","og_type":"article","og_title":"Se convoca a los j\u00f3venes a participar en la redacci\u00f3n del Plan Local de Juventud - Ajuntament de Mont-roig del Camp","og_description":"El departamento de Juventud del Ayuntamiento de Mont-roig del Camp convoca a los j\u00f3venes del municipio a participar en las sesiones que se han organizado para elaborar el Plan Local de Juventud. En este sentido se hace un llamamiento a la m\u00e1xima asistencia para tener pluralidad de puntos de vista, opiniones e inquietudes que sirvan para poder hacer un diagn\u00f3stico correcto de la realidad juvenil y concretar las acciones a desarrollar en los pr\u00f3ximos a\u00f1os.","og_url":"https:\/\/mont-roig.cat\/es\/actualitat\/noticies\/se-convoca-a-los-jovenes-a-participar-en-la-redaccion-del-plan-local-de-juventud\/","og_site_name":"Ajuntament de Mont-roig del Camp","article_published_time":"2017-07-24T12:12:58+00:00","article_modified_time":"2017-07-24T13:19:31+00:00","og_image":[{"width":940,"height":788,"url":"https:\/\/mont-roig.cat\/wp-content\/uploads\/Pla-Local-de-Joventut.png","type":"image\/png"}],"author":"administrador","twitter_card":"summary_large_image","twitter_misc":{"Escrito por":"administrador","Tiempo de lectura":"2 minutos"},"schema":{"@context":"https:\/\/schema.org","@graph":[{"@type":"Article","@id":"https:\/\/mont-roig.cat\/es\/actualitat\/noticies\/se-convoca-a-los-jovenes-a-participar-en-la-redaccion-del-plan-local-de-juventud\/#article","isPartOf":{"@id":"https:\/\/mont-roig.cat\/es\/actualitat\/noticies\/se-convoca-a-los-jovenes-a-participar-en-la-redaccion-del-plan-local-de-juventud\/"},"author":{"name":"administrador","@id":"https:\/\/mont-roig.cat\/es\/#\/schema\/person\/f2b111789f22b7d0c3bd6786c9128cba"},"headline":"Se convoca a los j\u00f3venes a participar en la redacci\u00f3n del Plan Local de Juventud","datePublished":"2017-07-24T12:12:58+00:00","dateModified":"2017-07-24T13:19:31+00:00","mainEntityOfPage":{"@id":"https:\/\/mont-roig.cat\/es\/actualitat\/noticies\/se-convoca-a-los-jovenes-a-participar-en-la-redaccion-del-plan-local-de-juventud\/"},"wordCount":496,"image":{"@id":"https:\/\/mont-roig.cat\/es\/actualitat\/noticies\/se-convoca-a-los-jovenes-a-participar-en-la-redaccion-del-plan-local-de-juventud\/#primaryimage"},"thumbnailUrl":"https:\/\/mont-roig.cat\/wp-content\/uploads\/Pla-Local-de-Joventut.png","articleSection":["General","Juventud"],"inLanguage":"es"},{"@type":"WebPage","@id":"https:\/\/mont-roig.cat\/es\/actualitat\/noticies\/se-convoca-a-los-jovenes-a-participar-en-la-redaccion-del-plan-local-de-juventud\/","url":"https:\/\/mont-roig.cat\/es\/actualitat\/noticies\/se-convoca-a-los-jovenes-a-participar-en-la-redaccion-del-plan-local-de-juventud\/","name":"Se convoca a los j\u00f3venes a participar en la redacci\u00f3n del Plan Local de Juventud - Ajuntament de Mont-roig del Camp","isPartOf":{"@id":"https:\/\/mont-roig.cat\/es\/#website"},"primaryImageOfPage":{"@id":"https:\/\/mont-roig.cat\/es\/actualitat\/noticies\/se-convoca-a-los-jovenes-a-participar-en-la-redaccion-del-plan-local-de-juventud\/#primaryimage"},"image":{"@id":"https:\/\/mont-roig.cat\/es\/actualitat\/noticies\/se-convoca-a-los-jovenes-a-participar-en-la-redaccion-del-plan-local-de-juventud\/#primaryimage"},"thumbnailUrl":"https:\/\/mont-roig.cat\/wp-content\/uploads\/Pla-Local-de-Joventut.png","datePublished":"2017-07-24T12:12:58+00:00","dateModified":"2017-07-24T13:19:31+00:00","author":{"@id":"https:\/\/mont-roig.cat\/es\/#\/schema\/person\/f2b111789f22b7d0c3bd6786c9128cba"},"breadcrumb":{"@id":"https:\/\/mont-roig.cat\/es\/actualitat\/noticies\/se-convoca-a-los-jovenes-a-participar-en-la-redaccion-del-plan-local-de-juventud\/#breadcrumb"},"inLanguage":"es","potentialAction":[{"@type":"ReadAction","target":["https:\/\/mont-roig.cat\/es\/actualitat\/noticies\/se-convoca-a-los-jovenes-a-participar-en-la-redaccion-del-plan-local-de-juventud\/"]}]},{"@type":"ImageObject","inLanguage":"es","@id":"https:\/\/mont-roig.cat\/es\/actualitat\/noticies\/se-convoca-a-los-jovenes-a-participar-en-la-redaccion-del-plan-local-de-juventud\/#primaryimage","url":"https:\/\/mont-roig.cat\/wp-content\/uploads\/Pla-Local-de-Joventut.png","contentUrl":"https:\/\/mont-roig.cat\/wp-content\/uploads\/Pla-Local-de-Joventut.png","width":940,"height":788},{"@type":"BreadcrumbList","@id":"https:\/\/mont-roig.cat\/es\/actualitat\/noticies\/se-convoca-a-los-jovenes-a-participar-en-la-redaccion-del-plan-local-de-juventud\/#breadcrumb","itemListElement":[{"@type":"ListItem","position":1,"name":"Inici","item":"https:\/\/mont-roig.cat\/es\/pagina-de-inicio\/"},{"@type":"ListItem","position":2,"name":"Se convoca a los j\u00f3venes a participar en la redacci\u00f3n del Plan Local de Juventud"}]},{"@type":"WebSite","@id":"https:\/\/mont-roig.cat\/es\/#website","url":"https:\/\/mont-roig.cat\/es\/","name":"Ajuntament de Mont-roig del Camp","description":"Tota la informaci\u00f3 sobre la instituci\u00f3, els seus \u00f2rgans de govern, actualitat, serveis i molt m\u00e9s.","potentialAction":[{"@type":"SearchAction","target":{"@type":"EntryPoint","urlTemplate":"https:\/\/mont-roig.cat\/es\/?s={search_term_string}"},"query-input":{"@type":"PropertyValueSpecification","valueRequired":true,"valueName":"search_term_string"}}],"inLanguage":"es"},{"@type":"Person","@id":"https:\/\/mont-roig.cat\/es\/#\/schema\/person\/f2b111789f22b7d0c3bd6786c9128cba","name":"administrador","image":{"@type":"ImageObject","inLanguage":"es","@id":"https:\/\/secure.gravatar.com\/avatar\/9137aac6891e2595c9d3036fd83bcb653b4db3c946db4c7d9b9be193c3c944bb?s=96&d=mm&r=g","url":"https:\/\/secure.gravatar.com\/avatar\/9137aac6891e2595c9d3036fd83bcb653b4db3c946db4c7d9b9be193c3c944bb?s=96&d=mm&r=g","contentUrl":"https:\/\/secure.gravatar.com\/avatar\/9137aac6891e2595c9d3036fd83bcb653b4db3c946db4c7d9b9be193c3c944bb?s=96&d=mm&r=g","caption":"administrador"},"url":"https:\/\/mont-roig.cat\/es\/actualitat\/noticies\/author\/administrador\/"}]}},"_links":{"self":[{"href":"https:\/\/mont-roig.cat\/es\/wp-json\/wp\/v2\/posts\/19386","targetHints":{"allow":["GET"]}}],"collection":[{"href":"https:\/\/mont-roig.cat\/es\/wp-json\/wp\/v2\/posts"}],"about":[{"href":"https:\/\/mont-roig.cat\/es\/wp-json\/wp\/v2\/types\/post"}],"author":[{"embeddable":true,"href":"https:\/\/mont-roig.cat\/es\/wp-json\/wp\/v2\/users\/4"}],"replies":[{"embeddable":true,"href":"https:\/\/mont-roig.cat\/es\/wp-json\/wp\/v2\/comments?post=19386"}],"version-history":[{"count":0,"href":"https:\/\/mont-roig.cat\/es\/wp-json\/wp\/v2\/posts\/19386\/revisions"}],"wp:featuredmedia":[{"embeddable":true,"href":"https:\/\/mont-roig.cat\/es\/wp-json\/wp\/v2\/media\/19383"}],"wp:attachment":[{"href":"https:\/\/mont-roig.cat\/es\/wp-json\/wp\/v2\/media?parent=19386"}],"wp:term":[{"taxonomy":"category","embeddable":true,"href":"https:\/\/mont-roig.cat\/es\/wp-json\/wp\/v2\/categories?post=19386"},{"taxonomy":"post_tag","embeddable":true,"href":"https:\/\/mont-roig.cat\/es\/wp-json\/wp\/v2\/tags?post=19386"}],"curies":[{"name":"wp","href":"https:\/\/api.w.org\/{rel}","templated":true}]}}