{"id":19561,"date":"2017-07-27T16:22:53","date_gmt":"2017-07-27T14:22:53","guid":{"rendered":"http:\/\/mont-roig.cat\/actualitat\/noticies\/el-ayuntamiento-comienza-a-elaborar-el-plan-estrategico-mont-roig-miami-2030\/"},"modified":"2017-11-03T15:52:36","modified_gmt":"2017-11-03T14:52:36","slug":"el-ayuntamiento-comienza-a-elaborar-el-plan-estrategico-mont-roig-miami-2030","status":"publish","type":"post","link":"https:\/\/mont-roig.cat\/es\/actualitat\/noticies\/el-ayuntamiento-comienza-a-elaborar-el-plan-estrategico-mont-roig-miami-2030\/","title":{"rendered":"El Ayuntamiento comienza a elaborar el Plan Estrat\u00e9gico Mont-roig Miami 2030"},"content":{"rendered":"<ul>\n<li><strong>Se trata de una herramienta que servir\u00e1 para decidir c\u00f3mo queremos transformar el municipio<\/strong><\/li>\n<li><strong>El proceso cuenta con una fase de an\u00e1lisis y participaci\u00f3n ciudadana, un plan de acci\u00f3n y la posterior evaluaci\u00f3n y seguimiento<\/strong><\/li>\n<\/ul>\n<div id=\"attachment_19559\" style=\"width: 309px\" class=\"wp-caption alignright\"><a href=\"http:\/\/mont-roig.cat\/wp-content\/uploads\/DSCN0745.jpg\"><img loading=\"lazy\" decoding=\"async\" aria-describedby=\"caption-attachment-19559\" class=\"wp-image-19559\" src=\"http:\/\/mont-roig.cat\/wp-content\/uploads\/DSCN0745-500x375.jpg\" alt=\"\" width=\"299\" height=\"224\" srcset=\"https:\/\/mont-roig.cat\/wp-content\/uploads\/DSCN0745-500x375.jpg 500w, https:\/\/mont-roig.cat\/wp-content\/uploads\/DSCN0745-768x576.jpg 768w, https:\/\/mont-roig.cat\/wp-content\/uploads\/DSCN0745-1024x768.jpg 1024w, https:\/\/mont-roig.cat\/wp-content\/uploads\/DSCN0745-463x348.jpg 463w, https:\/\/mont-roig.cat\/wp-content\/uploads\/DSCN0745.jpg 1920w\" sizes=\"auto, (max-width: 299px) 100vw, 299px\" \/><\/a><p id=\"caption-attachment-19559\" class=\"wp-caption-text\">Presentaci\u00f3n del Plan Estrat\u00e9gico a los concejales del Ayuntamiento<\/p><\/div>\n<p>Decidir conjuntamente qu\u00e9 tipo de municipio queremos llegar a ser en 2030. Este es el objetivo del Plan Estrat\u00e9gico que el Ayuntamiento de Mont-roig del Camp ha empezado a elaborar. Se trata de una herramienta que servir\u00e1 para evaluar d\u00f3nde estamos y en qu\u00e9 situaci\u00f3n nos encontramos, decidir d\u00f3nde queremos ser y marcar qu\u00e9 acciones debemos implementar para llegar a transformar el municipio.<\/p>\n<p>El Plan Estrat\u00e9gico Mont-roig Miami 2030, que se ha presentado este mi\u00e9rcoles al mediod\u00eda en una reuni\u00f3n donde estaban convocados todos los concejales del Ayuntamiento, es una de las actuaciones previstas dentro del PAM 2016- 2019 que requiere de las aportaciones de la ciudadan\u00eda y de todos los agentes sociales, econ\u00f3micos, pol\u00edticos e institucionales del municipio.<\/p>\n<p><strong>La participaci\u00f3n p\u00fablica es esencial<\/strong><br \/>\nEl proyecto cuenta con 4 etapas. La primera parte se basa en la elaboraci\u00f3n del diagn\u00f3stico municipal fundamentado en el an\u00e1lisis del territorio. La finalidad es poder determinar el posicionamiento actual del municipio y de esta manera hacer posible la detecci\u00f3n de los principales retos.<\/p>\n<p>Esta primera fase ya ha sido iniciada mediante una cuidadosa recogida de datos y estructuraci\u00f3n de informaci\u00f3n. Este diagn\u00f3stico es el input necesario para identificar las principales debilidades, amenazas, fortalezas y oportunidades del municipio.<\/p>\n<p>La segunda parte es la formulaci\u00f3n estrat\u00e9gica. Esta parte se realizar\u00e1 mediante la participaci\u00f3n p\u00fablica del municipio, como un elemento esencial de todo el proceso. Para conseguir la opini\u00f3n de los vecinos y vecinas y entidades locales se realizar\u00e1n diversos talleres participativos. Adem\u00e1s, se han previsto actividades espec\u00edficas con j\u00f3venes, ni\u00f1os y poblaci\u00f3n mayor de 45 a\u00f1os que se realizar\u00e1n este oto\u00f1o. A partir de aqu\u00ed se crear\u00e1n mesas de trabajo que ser\u00e1n sesiones de debate donde se pondr\u00e1n en com\u00fan los puntos de vista que previamente han sido trabajados de manera sectorial en los talleres, logrando as\u00ed una visi\u00f3n integral del territorio.<\/p>\n<p>La siguiente fase es la formulaci\u00f3n del Plan de Acci\u00f3n. Este incluir\u00e1 los diferentes proyectos ya definidos y lograr\u00e1 concretar a trav\u00e9s de unos objetivos espec\u00edficos, actividades, resultados, identificaci\u00f3n de actores, estimaci\u00f3n del coste de ejecuci\u00f3n del proyecto, fuentes de financiaci\u00f3n, inventario de recursos para llevar a cabo el proyecto, indicadores de seguimiento de ejecuci\u00f3n, cronograma de ejecuci\u00f3n y per\u00edodo previsto de ejecuci\u00f3n.<\/p>\n<p>Finalmente, la cuarta parte se reserva para el seguimiento y la evaluaci\u00f3n de todos los procesos.<\/p>\n<p><strong>Horizonte 2030<\/strong><br \/>\nEl documento final, que recoger\u00e1 la opini\u00f3n de todos los agentes del territorio, contendr\u00e1 las dimensiones de gesti\u00f3n p\u00fablica municipal para los siguientes 12 a\u00f1os y marcar\u00e1 el camino a seguir para transformar el municipio y convertirlo en lo que la ciudadan\u00eda quiere.<\/p>\n","protected":false},"excerpt":{"rendered":"<p>Se trata de una herramienta que servir\u00e1 para decidir c\u00f3mo queremos transformar el municipio El proceso cuenta con una fase de an\u00e1lisis y participaci\u00f3n ciudadana, un plan de acci\u00f3n y la posterior evaluaci\u00f3n y seguimiento Decidir conjuntamente qu\u00e9 tipo de municipio queremos llegar a ser en 2030. Este es el objetivo del Plan Estrat\u00e9gico que [&hellip;]<\/p>\n","protected":false},"author":4,"featured_media":19559,"comment_status":"closed","ping_status":"closed","sticky":false,"template":"","format":"standard","meta":{"inline_featured_image":false,"_monsterinsights_skip_tracking":false,"_monsterinsights_sitenote_active":false,"_monsterinsights_sitenote_note":"","_monsterinsights_sitenote_category":0,"footnotes":""},"categories":[98,149],"tags":[],"class_list":["post-19561","post","type-post","status-publish","format-standard","has-post-thumbnail","hentry","category-ayuntamiento","category-plan-estrategico"],"yoast_head":"<!-- This site is optimized with the Yoast SEO plugin v27.4 - https:\/\/yoast.com\/product\/yoast-seo-wordpress\/ -->\n<title>El Ayuntamiento comienza a elaborar el Plan Estrat\u00e9gico Mont-roig Miami 2030 - Ajuntament de Mont-roig del Camp<\/title>\n<meta name=\"robots\" content=\"index, follow, max-snippet:-1, max-image-preview:large, max-video-preview:-1\" \/>\n<link rel=\"canonical\" href=\"https:\/\/mont-roig.cat\/es\/actualitat\/noticies\/el-ayuntamiento-comienza-a-elaborar-el-plan-estrategico-mont-roig-miami-2030\/\" \/>\n<meta property=\"og:locale\" content=\"es_ES\" \/>\n<meta property=\"og:type\" content=\"article\" \/>\n<meta property=\"og:title\" content=\"El Ayuntamiento comienza a elaborar el Plan Estrat\u00e9gico Mont-roig Miami 2030 - Ajuntament de Mont-roig del Camp\" \/>\n<meta property=\"og:description\" content=\"Se trata de una herramienta que servir\u00e1 para decidir c\u00f3mo queremos transformar el municipio El proceso cuenta con una fase de an\u00e1lisis y participaci\u00f3n ciudadana, un plan de acci\u00f3n y la posterior evaluaci\u00f3n y seguimiento Decidir conjuntamente qu\u00e9 tipo de municipio queremos llegar a ser en 2030. Este es el objetivo del Plan Estrat\u00e9gico que [&hellip;]\" \/>\n<meta property=\"og:url\" content=\"https:\/\/mont-roig.cat\/es\/actualitat\/noticies\/el-ayuntamiento-comienza-a-elaborar-el-plan-estrategico-mont-roig-miami-2030\/\" \/>\n<meta property=\"og:site_name\" content=\"Ajuntament de Mont-roig del Camp\" \/>\n<meta property=\"article:published_time\" content=\"2017-07-27T14:22:53+00:00\" \/>\n<meta property=\"article:modified_time\" content=\"2017-11-03T14:52:36+00:00\" \/>\n<meta property=\"og:image\" content=\"https:\/\/mont-roig.cat\/wp-content\/uploads\/DSCN0745.jpg\" \/>\n\t<meta property=\"og:image:width\" content=\"1920\" \/>\n\t<meta property=\"og:image:height\" content=\"1440\" \/>\n\t<meta property=\"og:image:type\" content=\"image\/jpeg\" \/>\n<meta name=\"author\" content=\"administrador\" \/>\n<meta name=\"twitter:card\" content=\"summary_large_image\" \/>\n<meta name=\"twitter:label1\" content=\"Escrito por\" \/>\n\t<meta name=\"twitter:data1\" content=\"administrador\" \/>\n\t<meta name=\"twitter:label2\" content=\"Tiempo de lectura\" \/>\n\t<meta name=\"twitter:data2\" content=\"3 minutos\" \/>\n<script type=\"application\/ld+json\" class=\"yoast-schema-graph\">{\"@context\":\"https:\\\/\\\/schema.org\",\"@graph\":[{\"@type\":\"Article\",\"@id\":\"https:\\\/\\\/mont-roig.cat\\\/es\\\/actualitat\\\/noticies\\\/el-ayuntamiento-comienza-a-elaborar-el-plan-estrategico-mont-roig-miami-2030\\\/#article\",\"isPartOf\":{\"@id\":\"https:\\\/\\\/mont-roig.cat\\\/es\\\/actualitat\\\/noticies\\\/el-ayuntamiento-comienza-a-elaborar-el-plan-estrategico-mont-roig-miami-2030\\\/\"},\"author\":{\"name\":\"administrador\",\"@id\":\"https:\\\/\\\/mont-roig.cat\\\/es\\\/#\\\/schema\\\/person\\\/f2b111789f22b7d0c3bd6786c9128cba\"},\"headline\":\"El Ayuntamiento comienza a elaborar el Plan Estrat\u00e9gico Mont-roig Miami 2030\",\"datePublished\":\"2017-07-27T14:22:53+00:00\",\"dateModified\":\"2017-11-03T14:52:36+00:00\",\"mainEntityOfPage\":{\"@id\":\"https:\\\/\\\/mont-roig.cat\\\/es\\\/actualitat\\\/noticies\\\/el-ayuntamiento-comienza-a-elaborar-el-plan-estrategico-mont-roig-miami-2030\\\/\"},\"wordCount\":549,\"image\":{\"@id\":\"https:\\\/\\\/mont-roig.cat\\\/es\\\/actualitat\\\/noticies\\\/el-ayuntamiento-comienza-a-elaborar-el-plan-estrategico-mont-roig-miami-2030\\\/#primaryimage\"},\"thumbnailUrl\":\"https:\\\/\\\/mont-roig.cat\\\/wp-content\\\/uploads\\\/DSCN0745.jpg\",\"articleSection\":[\"Ayuntamiento\",\"Plan estrat\u00e9gico\"],\"inLanguage\":\"es\"},{\"@type\":\"WebPage\",\"@id\":\"https:\\\/\\\/mont-roig.cat\\\/es\\\/actualitat\\\/noticies\\\/el-ayuntamiento-comienza-a-elaborar-el-plan-estrategico-mont-roig-miami-2030\\\/\",\"url\":\"https:\\\/\\\/mont-roig.cat\\\/es\\\/actualitat\\\/noticies\\\/el-ayuntamiento-comienza-a-elaborar-el-plan-estrategico-mont-roig-miami-2030\\\/\",\"name\":\"El Ayuntamiento comienza a elaborar el Plan Estrat\u00e9gico Mont-roig Miami 2030 - Ajuntament de Mont-roig del Camp\",\"isPartOf\":{\"@id\":\"https:\\\/\\\/mont-roig.cat\\\/es\\\/#website\"},\"primaryImageOfPage\":{\"@id\":\"https:\\\/\\\/mont-roig.cat\\\/es\\\/actualitat\\\/noticies\\\/el-ayuntamiento-comienza-a-elaborar-el-plan-estrategico-mont-roig-miami-2030\\\/#primaryimage\"},\"image\":{\"@id\":\"https:\\\/\\\/mont-roig.cat\\\/es\\\/actualitat\\\/noticies\\\/el-ayuntamiento-comienza-a-elaborar-el-plan-estrategico-mont-roig-miami-2030\\\/#primaryimage\"},\"thumbnailUrl\":\"https:\\\/\\\/mont-roig.cat\\\/wp-content\\\/uploads\\\/DSCN0745.jpg\",\"datePublished\":\"2017-07-27T14:22:53+00:00\",\"dateModified\":\"2017-11-03T14:52:36+00:00\",\"author\":{\"@id\":\"https:\\\/\\\/mont-roig.cat\\\/es\\\/#\\\/schema\\\/person\\\/f2b111789f22b7d0c3bd6786c9128cba\"},\"breadcrumb\":{\"@id\":\"https:\\\/\\\/mont-roig.cat\\\/es\\\/actualitat\\\/noticies\\\/el-ayuntamiento-comienza-a-elaborar-el-plan-estrategico-mont-roig-miami-2030\\\/#breadcrumb\"},\"inLanguage\":\"es\",\"potentialAction\":[{\"@type\":\"ReadAction\",\"target\":[\"https:\\\/\\\/mont-roig.cat\\\/es\\\/actualitat\\\/noticies\\\/el-ayuntamiento-comienza-a-elaborar-el-plan-estrategico-mont-roig-miami-2030\\\/\"]}]},{\"@type\":\"ImageObject\",\"inLanguage\":\"es\",\"@id\":\"https:\\\/\\\/mont-roig.cat\\\/es\\\/actualitat\\\/noticies\\\/el-ayuntamiento-comienza-a-elaborar-el-plan-estrategico-mont-roig-miami-2030\\\/#primaryimage\",\"url\":\"https:\\\/\\\/mont-roig.cat\\\/wp-content\\\/uploads\\\/DSCN0745.jpg\",\"contentUrl\":\"https:\\\/\\\/mont-roig.cat\\\/wp-content\\\/uploads\\\/DSCN0745.jpg\",\"width\":1920,\"height\":1440},{\"@type\":\"BreadcrumbList\",\"@id\":\"https:\\\/\\\/mont-roig.cat\\\/es\\\/actualitat\\\/noticies\\\/el-ayuntamiento-comienza-a-elaborar-el-plan-estrategico-mont-roig-miami-2030\\\/#breadcrumb\",\"itemListElement\":[{\"@type\":\"ListItem\",\"position\":1,\"name\":\"Inici\",\"item\":\"https:\\\/\\\/mont-roig.cat\\\/es\\\/pagina-de-inicio\\\/\"},{\"@type\":\"ListItem\",\"position\":2,\"name\":\"El Ayuntamiento comienza a elaborar el Plan Estrat\u00e9gico Mont-roig Miami 2030\"}]},{\"@type\":\"WebSite\",\"@id\":\"https:\\\/\\\/mont-roig.cat\\\/es\\\/#website\",\"url\":\"https:\\\/\\\/mont-roig.cat\\\/es\\\/\",\"name\":\"Ajuntament de Mont-roig del Camp\",\"description\":\"Tota la informaci\u00f3 sobre la instituci\u00f3, els seus \u00f2rgans de govern, actualitat, serveis i molt m\u00e9s.\",\"potentialAction\":[{\"@type\":\"SearchAction\",\"target\":{\"@type\":\"EntryPoint\",\"urlTemplate\":\"https:\\\/\\\/mont-roig.cat\\\/es\\\/?s={search_term_string}\"},\"query-input\":{\"@type\":\"PropertyValueSpecification\",\"valueRequired\":true,\"valueName\":\"search_term_string\"}}],\"inLanguage\":\"es\"},{\"@type\":\"Person\",\"@id\":\"https:\\\/\\\/mont-roig.cat\\\/es\\\/#\\\/schema\\\/person\\\/f2b111789f22b7d0c3bd6786c9128cba\",\"name\":\"administrador\",\"image\":{\"@type\":\"ImageObject\",\"inLanguage\":\"es\",\"@id\":\"https:\\\/\\\/secure.gravatar.com\\\/avatar\\\/9137aac6891e2595c9d3036fd83bcb653b4db3c946db4c7d9b9be193c3c944bb?s=96&d=mm&r=g\",\"url\":\"https:\\\/\\\/secure.gravatar.com\\\/avatar\\\/9137aac6891e2595c9d3036fd83bcb653b4db3c946db4c7d9b9be193c3c944bb?s=96&d=mm&r=g\",\"contentUrl\":\"https:\\\/\\\/secure.gravatar.com\\\/avatar\\\/9137aac6891e2595c9d3036fd83bcb653b4db3c946db4c7d9b9be193c3c944bb?s=96&d=mm&r=g\",\"caption\":\"administrador\"},\"url\":\"https:\\\/\\\/mont-roig.cat\\\/es\\\/actualitat\\\/noticies\\\/author\\\/administrador\\\/\"}]}<\/script>\n<!-- \/ Yoast SEO plugin. -->","yoast_head_json":{"title":"El Ayuntamiento comienza a elaborar el Plan Estrat\u00e9gico Mont-roig Miami 2030 - Ajuntament de Mont-roig del Camp","robots":{"index":"index","follow":"follow","max-snippet":"max-snippet:-1","max-image-preview":"max-image-preview:large","max-video-preview":"max-video-preview:-1"},"canonical":"https:\/\/mont-roig.cat\/es\/actualitat\/noticies\/el-ayuntamiento-comienza-a-elaborar-el-plan-estrategico-mont-roig-miami-2030\/","og_locale":"es_ES","og_type":"article","og_title":"El Ayuntamiento comienza a elaborar el Plan Estrat\u00e9gico Mont-roig Miami 2030 - Ajuntament de Mont-roig del Camp","og_description":"Se trata de una herramienta que servir\u00e1 para decidir c\u00f3mo queremos transformar el municipio El proceso cuenta con una fase de an\u00e1lisis y participaci\u00f3n ciudadana, un plan de acci\u00f3n y la posterior evaluaci\u00f3n y seguimiento Decidir conjuntamente qu\u00e9 tipo de municipio queremos llegar a ser en 2030. Este es el objetivo del Plan Estrat\u00e9gico que [&hellip;]","og_url":"https:\/\/mont-roig.cat\/es\/actualitat\/noticies\/el-ayuntamiento-comienza-a-elaborar-el-plan-estrategico-mont-roig-miami-2030\/","og_site_name":"Ajuntament de Mont-roig del Camp","article_published_time":"2017-07-27T14:22:53+00:00","article_modified_time":"2017-11-03T14:52:36+00:00","og_image":[{"width":1920,"height":1440,"url":"https:\/\/mont-roig.cat\/wp-content\/uploads\/DSCN0745.jpg","type":"image\/jpeg"}],"author":"administrador","twitter_card":"summary_large_image","twitter_misc":{"Escrito por":"administrador","Tiempo de lectura":"3 minutos"},"schema":{"@context":"https:\/\/schema.org","@graph":[{"@type":"Article","@id":"https:\/\/mont-roig.cat\/es\/actualitat\/noticies\/el-ayuntamiento-comienza-a-elaborar-el-plan-estrategico-mont-roig-miami-2030\/#article","isPartOf":{"@id":"https:\/\/mont-roig.cat\/es\/actualitat\/noticies\/el-ayuntamiento-comienza-a-elaborar-el-plan-estrategico-mont-roig-miami-2030\/"},"author":{"name":"administrador","@id":"https:\/\/mont-roig.cat\/es\/#\/schema\/person\/f2b111789f22b7d0c3bd6786c9128cba"},"headline":"El Ayuntamiento comienza a elaborar el Plan Estrat\u00e9gico Mont-roig Miami 2030","datePublished":"2017-07-27T14:22:53+00:00","dateModified":"2017-11-03T14:52:36+00:00","mainEntityOfPage":{"@id":"https:\/\/mont-roig.cat\/es\/actualitat\/noticies\/el-ayuntamiento-comienza-a-elaborar-el-plan-estrategico-mont-roig-miami-2030\/"},"wordCount":549,"image":{"@id":"https:\/\/mont-roig.cat\/es\/actualitat\/noticies\/el-ayuntamiento-comienza-a-elaborar-el-plan-estrategico-mont-roig-miami-2030\/#primaryimage"},"thumbnailUrl":"https:\/\/mont-roig.cat\/wp-content\/uploads\/DSCN0745.jpg","articleSection":["Ayuntamiento","Plan estrat\u00e9gico"],"inLanguage":"es"},{"@type":"WebPage","@id":"https:\/\/mont-roig.cat\/es\/actualitat\/noticies\/el-ayuntamiento-comienza-a-elaborar-el-plan-estrategico-mont-roig-miami-2030\/","url":"https:\/\/mont-roig.cat\/es\/actualitat\/noticies\/el-ayuntamiento-comienza-a-elaborar-el-plan-estrategico-mont-roig-miami-2030\/","name":"El Ayuntamiento comienza a elaborar el Plan Estrat\u00e9gico Mont-roig Miami 2030 - Ajuntament de Mont-roig del Camp","isPartOf":{"@id":"https:\/\/mont-roig.cat\/es\/#website"},"primaryImageOfPage":{"@id":"https:\/\/mont-roig.cat\/es\/actualitat\/noticies\/el-ayuntamiento-comienza-a-elaborar-el-plan-estrategico-mont-roig-miami-2030\/#primaryimage"},"image":{"@id":"https:\/\/mont-roig.cat\/es\/actualitat\/noticies\/el-ayuntamiento-comienza-a-elaborar-el-plan-estrategico-mont-roig-miami-2030\/#primaryimage"},"thumbnailUrl":"https:\/\/mont-roig.cat\/wp-content\/uploads\/DSCN0745.jpg","datePublished":"2017-07-27T14:22:53+00:00","dateModified":"2017-11-03T14:52:36+00:00","author":{"@id":"https:\/\/mont-roig.cat\/es\/#\/schema\/person\/f2b111789f22b7d0c3bd6786c9128cba"},"breadcrumb":{"@id":"https:\/\/mont-roig.cat\/es\/actualitat\/noticies\/el-ayuntamiento-comienza-a-elaborar-el-plan-estrategico-mont-roig-miami-2030\/#breadcrumb"},"inLanguage":"es","potentialAction":[{"@type":"ReadAction","target":["https:\/\/mont-roig.cat\/es\/actualitat\/noticies\/el-ayuntamiento-comienza-a-elaborar-el-plan-estrategico-mont-roig-miami-2030\/"]}]},{"@type":"ImageObject","inLanguage":"es","@id":"https:\/\/mont-roig.cat\/es\/actualitat\/noticies\/el-ayuntamiento-comienza-a-elaborar-el-plan-estrategico-mont-roig-miami-2030\/#primaryimage","url":"https:\/\/mont-roig.cat\/wp-content\/uploads\/DSCN0745.jpg","contentUrl":"https:\/\/mont-roig.cat\/wp-content\/uploads\/DSCN0745.jpg","width":1920,"height":1440},{"@type":"BreadcrumbList","@id":"https:\/\/mont-roig.cat\/es\/actualitat\/noticies\/el-ayuntamiento-comienza-a-elaborar-el-plan-estrategico-mont-roig-miami-2030\/#breadcrumb","itemListElement":[{"@type":"ListItem","position":1,"name":"Inici","item":"https:\/\/mont-roig.cat\/es\/pagina-de-inicio\/"},{"@type":"ListItem","position":2,"name":"El Ayuntamiento comienza a elaborar el Plan Estrat\u00e9gico Mont-roig Miami 2030"}]},{"@type":"WebSite","@id":"https:\/\/mont-roig.cat\/es\/#website","url":"https:\/\/mont-roig.cat\/es\/","name":"Ajuntament de Mont-roig del Camp","description":"Tota la informaci\u00f3 sobre la instituci\u00f3, els seus \u00f2rgans de govern, actualitat, serveis i molt m\u00e9s.","potentialAction":[{"@type":"SearchAction","target":{"@type":"EntryPoint","urlTemplate":"https:\/\/mont-roig.cat\/es\/?s={search_term_string}"},"query-input":{"@type":"PropertyValueSpecification","valueRequired":true,"valueName":"search_term_string"}}],"inLanguage":"es"},{"@type":"Person","@id":"https:\/\/mont-roig.cat\/es\/#\/schema\/person\/f2b111789f22b7d0c3bd6786c9128cba","name":"administrador","image":{"@type":"ImageObject","inLanguage":"es","@id":"https:\/\/secure.gravatar.com\/avatar\/9137aac6891e2595c9d3036fd83bcb653b4db3c946db4c7d9b9be193c3c944bb?s=96&d=mm&r=g","url":"https:\/\/secure.gravatar.com\/avatar\/9137aac6891e2595c9d3036fd83bcb653b4db3c946db4c7d9b9be193c3c944bb?s=96&d=mm&r=g","contentUrl":"https:\/\/secure.gravatar.com\/avatar\/9137aac6891e2595c9d3036fd83bcb653b4db3c946db4c7d9b9be193c3c944bb?s=96&d=mm&r=g","caption":"administrador"},"url":"https:\/\/mont-roig.cat\/es\/actualitat\/noticies\/author\/administrador\/"}]}},"_links":{"self":[{"href":"https:\/\/mont-roig.cat\/es\/wp-json\/wp\/v2\/posts\/19561","targetHints":{"allow":["GET"]}}],"collection":[{"href":"https:\/\/mont-roig.cat\/es\/wp-json\/wp\/v2\/posts"}],"about":[{"href":"https:\/\/mont-roig.cat\/es\/wp-json\/wp\/v2\/types\/post"}],"author":[{"embeddable":true,"href":"https:\/\/mont-roig.cat\/es\/wp-json\/wp\/v2\/users\/4"}],"replies":[{"embeddable":true,"href":"https:\/\/mont-roig.cat\/es\/wp-json\/wp\/v2\/comments?post=19561"}],"version-history":[{"count":1,"href":"https:\/\/mont-roig.cat\/es\/wp-json\/wp\/v2\/posts\/19561\/revisions"}],"predecessor-version":[{"id":22965,"href":"https:\/\/mont-roig.cat\/es\/wp-json\/wp\/v2\/posts\/19561\/revisions\/22965"}],"wp:featuredmedia":[{"embeddable":true,"href":"https:\/\/mont-roig.cat\/es\/wp-json\/wp\/v2\/media\/19559"}],"wp:attachment":[{"href":"https:\/\/mont-roig.cat\/es\/wp-json\/wp\/v2\/media?parent=19561"}],"wp:term":[{"taxonomy":"category","embeddable":true,"href":"https:\/\/mont-roig.cat\/es\/wp-json\/wp\/v2\/categories?post=19561"},{"taxonomy":"post_tag","embeddable":true,"href":"https:\/\/mont-roig.cat\/es\/wp-json\/wp\/v2\/tags?post=19561"}],"curies":[{"name":"wp","href":"https:\/\/api.w.org\/{rel}","templated":true}]}}