{"id":21214,"date":"2017-08-17T14:28:20","date_gmt":"2017-08-17T12:28:20","guid":{"rendered":"http:\/\/mont-roig.cat\/actualitat\/noticies\/el-sons-de-nit-lleva-a-gemma-humet-y-toni-xucla-en-la-ermita-de-la-mare-de-deu-de-la-roca\/"},"modified":"2017-08-17T14:36:52","modified_gmt":"2017-08-17T12:36:52","slug":"el-sons-de-nit-lleva-a-gemma-humet-y-toni-xucla-en-la-ermita-de-la-mare-de-deu-de-la-roca","status":"publish","type":"post","link":"https:\/\/mont-roig.cat\/es\/actualitat\/noticies\/el-sons-de-nit-lleva-a-gemma-humet-y-toni-xucla-en-la-ermita-de-la-mare-de-deu-de-la-roca\/","title":{"rendered":"El Sons de Nit lleva a Gemma Humet y Toni Xucl\u00e0 en la Ermita de la Mare de D\u00e9u de la Roca"},"content":{"rendered":"<ul>\n<li><a href=\"http:\/\/mont-roig.cat\/wp-content\/uploads\/Cartell_Sonsdenit2017.jpg\"><img loading=\"lazy\" decoding=\"async\" class=\"wp-image-18969 alignright\" src=\"http:\/\/mont-roig.cat\/wp-content\/uploads\/Cartell_Sonsdenit2017-353x500.jpg\" alt=\"\" width=\"250\" height=\"354\" srcset=\"https:\/\/mont-roig.cat\/wp-content\/uploads\/Cartell_Sonsdenit2017-353x500.jpg 353w, https:\/\/mont-roig.cat\/wp-content\/uploads\/Cartell_Sonsdenit2017-768x1086.jpg 768w, https:\/\/mont-roig.cat\/wp-content\/uploads\/Cartell_Sonsdenit2017-724x1024.jpg 724w, https:\/\/mont-roig.cat\/wp-content\/uploads\/Cartell_Sonsdenit2017.jpg 842w\" sizes=\"auto, (max-width: 250px) 100vw, 250px\" \/><\/a><strong>El concierto tendr\u00e1 lugar este s\u00e1bado 19 de agosto a las 22 horas<\/strong><\/li>\n<li><strong>Habr\u00e1 un segundo concierto el d\u00eda 2 de septiembre con After Dark Trio<\/strong><\/li>\n<\/ul>\n<p>La primera de las propuestas musicales del ciclo Sons de Nit llevar\u00e1 a Gemma Humet y Toni Xucl\u00e0 en la Ermita de la Mare de D\u00e9u de la Roca. El concierto tendr\u00e1 lugar este s\u00e1bado 19 de agosto a las 10 de la noche y la entrada es gratuita.<\/p>\n<p>Organizado por la concejal\u00eda de Cultura del Ayuntamiento de Mont-roig del Camp, el ciclo de conciertos Sons de Nit es una oportunidad para disfrutar de la m\u00fasica y las noches de verano en un entorno singular como es el ermita de la Mare de D\u00e9u de la Roca.<\/p>\n<p>En este escenario, Gemma Humet a la voz y Toni Xucl\u00e0 a la guitarra interpretar\u00e1n, este s\u00e1bado, poemas de Carles Riba, Salvador Espriu, Bartomeu Rossell\u00f3-P\u00f2rcel, Pere Quart, Raimon, Llu\u00eds Llach y J. M. Serrat en un espect\u00e1culo titulado &#8220;Poemes que es fan can\u00e7ons&#8221;.<\/p>\n<p>La segunda propuesta del Sons de Nit llegar\u00e1 el d\u00eda 2 de septiembre, a las 22.00 h, con After Dark Trio, una formaci\u00f3n musical reusense que versiona canciones pop y rock en ac\u00fastico.<\/p>\n<p>Se ofrecer\u00e1 servicio de bus gratuito para todas aquellas personas del municipio que quieran asistir. Los autobuses saldr\u00e1n a las 21.00 h del Centro Polivalente de Miami Platja y har\u00e1n parada en la iglesia Santa Mar\u00eda Magalena, el punto de Turismo de Costa Z\u00e8fir y delante del CAP de Mont-roig (21.30h). Una vez finalizados los conciertos har\u00e1n el trayecto inverso. La entrada a los conciertos tambi\u00e9n es gratuita.<\/p>\n<p>&nbsp;<\/p>\n","protected":false},"excerpt":{"rendered":"<p>El concierto tendr\u00e1 lugar este s\u00e1bado 19 de agosto a las 22 horas Habr\u00e1 un segundo concierto el d\u00eda 2 de septiembre con After Dark Trio La primera de las propuestas musicales del ciclo Sons de Nit llevar\u00e1 a Gemma Humet y Toni Xucl\u00e0 en la Ermita de la Mare de D\u00e9u de la Roca. [&hellip;]<\/p>\n","protected":false},"author":4,"featured_media":18969,"comment_status":"closed","ping_status":"closed","sticky":false,"template":"","format":"standard","meta":{"inline_featured_image":false,"_monsterinsights_skip_tracking":false,"_monsterinsights_sitenote_active":false,"_monsterinsights_sitenote_note":"","_monsterinsights_sitenote_category":0,"footnotes":""},"categories":[101],"tags":[],"class_list":["post-21214","post","type-post","status-publish","format-standard","has-post-thumbnail","hentry","category-cultura-es"],"yoast_head":"<!-- This site is optimized with the Yoast SEO plugin v27.4 - https:\/\/yoast.com\/product\/yoast-seo-wordpress\/ -->\n<title>El Sons de Nit lleva a Gemma Humet y Toni Xucl\u00e0 en la Ermita de la Mare de D\u00e9u de la Roca - Ajuntament de Mont-roig del Camp<\/title>\n<meta name=\"robots\" content=\"index, follow, max-snippet:-1, max-image-preview:large, max-video-preview:-1\" \/>\n<link rel=\"canonical\" href=\"https:\/\/mont-roig.cat\/es\/actualitat\/noticies\/el-sons-de-nit-lleva-a-gemma-humet-y-toni-xucla-en-la-ermita-de-la-mare-de-deu-de-la-roca\/\" \/>\n<meta property=\"og:locale\" content=\"es_ES\" \/>\n<meta property=\"og:type\" content=\"article\" \/>\n<meta property=\"og:title\" content=\"El Sons de Nit lleva a Gemma Humet y Toni Xucl\u00e0 en la Ermita de la Mare de D\u00e9u de la Roca - Ajuntament de Mont-roig del Camp\" \/>\n<meta property=\"og:description\" content=\"El concierto tendr\u00e1 lugar este s\u00e1bado 19 de agosto a las 22 horas Habr\u00e1 un segundo concierto el d\u00eda 2 de septiembre con After Dark Trio La primera de las propuestas musicales del ciclo Sons de Nit llevar\u00e1 a Gemma Humet y Toni Xucl\u00e0 en la Ermita de la Mare de D\u00e9u de la Roca. [&hellip;]\" \/>\n<meta property=\"og:url\" content=\"https:\/\/mont-roig.cat\/es\/actualitat\/noticies\/el-sons-de-nit-lleva-a-gemma-humet-y-toni-xucla-en-la-ermita-de-la-mare-de-deu-de-la-roca\/\" \/>\n<meta property=\"og:site_name\" content=\"Ajuntament de Mont-roig del Camp\" \/>\n<meta property=\"article:published_time\" content=\"2017-08-17T12:28:20+00:00\" \/>\n<meta property=\"article:modified_time\" content=\"2017-08-17T12:36:52+00:00\" \/>\n<meta property=\"og:image\" content=\"https:\/\/mont-roig.cat\/wp-content\/uploads\/Cartell_Sonsdenit2017.jpg\" \/>\n\t<meta property=\"og:image:width\" content=\"842\" \/>\n\t<meta property=\"og:image:height\" content=\"1191\" \/>\n\t<meta property=\"og:image:type\" content=\"image\/jpeg\" \/>\n<meta name=\"author\" content=\"administrador\" \/>\n<meta name=\"twitter:card\" content=\"summary_large_image\" \/>\n<meta name=\"twitter:label1\" content=\"Escrito por\" \/>\n\t<meta name=\"twitter:data1\" content=\"administrador\" \/>\n\t<meta name=\"twitter:label2\" content=\"Tiempo de lectura\" \/>\n\t<meta name=\"twitter:data2\" content=\"1 minuto\" \/>\n<script type=\"application\/ld+json\" class=\"yoast-schema-graph\">{\"@context\":\"https:\\\/\\\/schema.org\",\"@graph\":[{\"@type\":\"Article\",\"@id\":\"https:\\\/\\\/mont-roig.cat\\\/es\\\/actualitat\\\/noticies\\\/el-sons-de-nit-lleva-a-gemma-humet-y-toni-xucla-en-la-ermita-de-la-mare-de-deu-de-la-roca\\\/#article\",\"isPartOf\":{\"@id\":\"https:\\\/\\\/mont-roig.cat\\\/es\\\/actualitat\\\/noticies\\\/el-sons-de-nit-lleva-a-gemma-humet-y-toni-xucla-en-la-ermita-de-la-mare-de-deu-de-la-roca\\\/\"},\"author\":{\"name\":\"administrador\",\"@id\":\"https:\\\/\\\/mont-roig.cat\\\/es\\\/#\\\/schema\\\/person\\\/f2b111789f22b7d0c3bd6786c9128cba\"},\"headline\":\"El Sons de Nit lleva a Gemma Humet y Toni Xucl\u00e0 en la Ermita de la Mare de D\u00e9u de la Roca\",\"datePublished\":\"2017-08-17T12:28:20+00:00\",\"dateModified\":\"2017-08-17T12:36:52+00:00\",\"mainEntityOfPage\":{\"@id\":\"https:\\\/\\\/mont-roig.cat\\\/es\\\/actualitat\\\/noticies\\\/el-sons-de-nit-lleva-a-gemma-humet-y-toni-xucla-en-la-ermita-de-la-mare-de-deu-de-la-roca\\\/\"},\"wordCount\":306,\"image\":{\"@id\":\"https:\\\/\\\/mont-roig.cat\\\/es\\\/actualitat\\\/noticies\\\/el-sons-de-nit-lleva-a-gemma-humet-y-toni-xucla-en-la-ermita-de-la-mare-de-deu-de-la-roca\\\/#primaryimage\"},\"thumbnailUrl\":\"https:\\\/\\\/mont-roig.cat\\\/wp-content\\\/uploads\\\/Cartell_Sonsdenit2017.jpg\",\"articleSection\":[\"Cultura\"],\"inLanguage\":\"es\"},{\"@type\":\"WebPage\",\"@id\":\"https:\\\/\\\/mont-roig.cat\\\/es\\\/actualitat\\\/noticies\\\/el-sons-de-nit-lleva-a-gemma-humet-y-toni-xucla-en-la-ermita-de-la-mare-de-deu-de-la-roca\\\/\",\"url\":\"https:\\\/\\\/mont-roig.cat\\\/es\\\/actualitat\\\/noticies\\\/el-sons-de-nit-lleva-a-gemma-humet-y-toni-xucla-en-la-ermita-de-la-mare-de-deu-de-la-roca\\\/\",\"name\":\"El Sons de Nit lleva a Gemma Humet y Toni Xucl\u00e0 en la Ermita de la Mare de D\u00e9u de la Roca - Ajuntament de Mont-roig del Camp\",\"isPartOf\":{\"@id\":\"https:\\\/\\\/mont-roig.cat\\\/es\\\/#website\"},\"primaryImageOfPage\":{\"@id\":\"https:\\\/\\\/mont-roig.cat\\\/es\\\/actualitat\\\/noticies\\\/el-sons-de-nit-lleva-a-gemma-humet-y-toni-xucla-en-la-ermita-de-la-mare-de-deu-de-la-roca\\\/#primaryimage\"},\"image\":{\"@id\":\"https:\\\/\\\/mont-roig.cat\\\/es\\\/actualitat\\\/noticies\\\/el-sons-de-nit-lleva-a-gemma-humet-y-toni-xucla-en-la-ermita-de-la-mare-de-deu-de-la-roca\\\/#primaryimage\"},\"thumbnailUrl\":\"https:\\\/\\\/mont-roig.cat\\\/wp-content\\\/uploads\\\/Cartell_Sonsdenit2017.jpg\",\"datePublished\":\"2017-08-17T12:28:20+00:00\",\"dateModified\":\"2017-08-17T12:36:52+00:00\",\"author\":{\"@id\":\"https:\\\/\\\/mont-roig.cat\\\/es\\\/#\\\/schema\\\/person\\\/f2b111789f22b7d0c3bd6786c9128cba\"},\"breadcrumb\":{\"@id\":\"https:\\\/\\\/mont-roig.cat\\\/es\\\/actualitat\\\/noticies\\\/el-sons-de-nit-lleva-a-gemma-humet-y-toni-xucla-en-la-ermita-de-la-mare-de-deu-de-la-roca\\\/#breadcrumb\"},\"inLanguage\":\"es\",\"potentialAction\":[{\"@type\":\"ReadAction\",\"target\":[\"https:\\\/\\\/mont-roig.cat\\\/es\\\/actualitat\\\/noticies\\\/el-sons-de-nit-lleva-a-gemma-humet-y-toni-xucla-en-la-ermita-de-la-mare-de-deu-de-la-roca\\\/\"]}]},{\"@type\":\"ImageObject\",\"inLanguage\":\"es\",\"@id\":\"https:\\\/\\\/mont-roig.cat\\\/es\\\/actualitat\\\/noticies\\\/el-sons-de-nit-lleva-a-gemma-humet-y-toni-xucla-en-la-ermita-de-la-mare-de-deu-de-la-roca\\\/#primaryimage\",\"url\":\"https:\\\/\\\/mont-roig.cat\\\/wp-content\\\/uploads\\\/Cartell_Sonsdenit2017.jpg\",\"contentUrl\":\"https:\\\/\\\/mont-roig.cat\\\/wp-content\\\/uploads\\\/Cartell_Sonsdenit2017.jpg\",\"width\":842,\"height\":1191},{\"@type\":\"BreadcrumbList\",\"@id\":\"https:\\\/\\\/mont-roig.cat\\\/es\\\/actualitat\\\/noticies\\\/el-sons-de-nit-lleva-a-gemma-humet-y-toni-xucla-en-la-ermita-de-la-mare-de-deu-de-la-roca\\\/#breadcrumb\",\"itemListElement\":[{\"@type\":\"ListItem\",\"position\":1,\"name\":\"Inici\",\"item\":\"https:\\\/\\\/mont-roig.cat\\\/es\\\/pagina-de-inicio\\\/\"},{\"@type\":\"ListItem\",\"position\":2,\"name\":\"El Sons de Nit lleva a Gemma Humet y Toni Xucl\u00e0 en la Ermita de la Mare de D\u00e9u de la Roca\"}]},{\"@type\":\"WebSite\",\"@id\":\"https:\\\/\\\/mont-roig.cat\\\/es\\\/#website\",\"url\":\"https:\\\/\\\/mont-roig.cat\\\/es\\\/\",\"name\":\"Ajuntament de Mont-roig del Camp\",\"description\":\"Tota la informaci\u00f3 sobre la instituci\u00f3, els seus \u00f2rgans de govern, actualitat, serveis i molt m\u00e9s.\",\"potentialAction\":[{\"@type\":\"SearchAction\",\"target\":{\"@type\":\"EntryPoint\",\"urlTemplate\":\"https:\\\/\\\/mont-roig.cat\\\/es\\\/?s={search_term_string}\"},\"query-input\":{\"@type\":\"PropertyValueSpecification\",\"valueRequired\":true,\"valueName\":\"search_term_string\"}}],\"inLanguage\":\"es\"},{\"@type\":\"Person\",\"@id\":\"https:\\\/\\\/mont-roig.cat\\\/es\\\/#\\\/schema\\\/person\\\/f2b111789f22b7d0c3bd6786c9128cba\",\"name\":\"administrador\",\"image\":{\"@type\":\"ImageObject\",\"inLanguage\":\"es\",\"@id\":\"https:\\\/\\\/secure.gravatar.com\\\/avatar\\\/9137aac6891e2595c9d3036fd83bcb653b4db3c946db4c7d9b9be193c3c944bb?s=96&d=mm&r=g\",\"url\":\"https:\\\/\\\/secure.gravatar.com\\\/avatar\\\/9137aac6891e2595c9d3036fd83bcb653b4db3c946db4c7d9b9be193c3c944bb?s=96&d=mm&r=g\",\"contentUrl\":\"https:\\\/\\\/secure.gravatar.com\\\/avatar\\\/9137aac6891e2595c9d3036fd83bcb653b4db3c946db4c7d9b9be193c3c944bb?s=96&d=mm&r=g\",\"caption\":\"administrador\"},\"url\":\"https:\\\/\\\/mont-roig.cat\\\/es\\\/actualitat\\\/noticies\\\/author\\\/administrador\\\/\"}]}<\/script>\n<!-- \/ Yoast SEO plugin. -->","yoast_head_json":{"title":"El Sons de Nit lleva a Gemma Humet y Toni Xucl\u00e0 en la Ermita de la Mare de D\u00e9u de la Roca - Ajuntament de Mont-roig del Camp","robots":{"index":"index","follow":"follow","max-snippet":"max-snippet:-1","max-image-preview":"max-image-preview:large","max-video-preview":"max-video-preview:-1"},"canonical":"https:\/\/mont-roig.cat\/es\/actualitat\/noticies\/el-sons-de-nit-lleva-a-gemma-humet-y-toni-xucla-en-la-ermita-de-la-mare-de-deu-de-la-roca\/","og_locale":"es_ES","og_type":"article","og_title":"El Sons de Nit lleva a Gemma Humet y Toni Xucl\u00e0 en la Ermita de la Mare de D\u00e9u de la Roca - Ajuntament de Mont-roig del Camp","og_description":"El concierto tendr\u00e1 lugar este s\u00e1bado 19 de agosto a las 22 horas Habr\u00e1 un segundo concierto el d\u00eda 2 de septiembre con After Dark Trio La primera de las propuestas musicales del ciclo Sons de Nit llevar\u00e1 a Gemma Humet y Toni Xucl\u00e0 en la Ermita de la Mare de D\u00e9u de la Roca. [&hellip;]","og_url":"https:\/\/mont-roig.cat\/es\/actualitat\/noticies\/el-sons-de-nit-lleva-a-gemma-humet-y-toni-xucla-en-la-ermita-de-la-mare-de-deu-de-la-roca\/","og_site_name":"Ajuntament de Mont-roig del Camp","article_published_time":"2017-08-17T12:28:20+00:00","article_modified_time":"2017-08-17T12:36:52+00:00","og_image":[{"width":842,"height":1191,"url":"https:\/\/mont-roig.cat\/wp-content\/uploads\/Cartell_Sonsdenit2017.jpg","type":"image\/jpeg"}],"author":"administrador","twitter_card":"summary_large_image","twitter_misc":{"Escrito por":"administrador","Tiempo de lectura":"1 minuto"},"schema":{"@context":"https:\/\/schema.org","@graph":[{"@type":"Article","@id":"https:\/\/mont-roig.cat\/es\/actualitat\/noticies\/el-sons-de-nit-lleva-a-gemma-humet-y-toni-xucla-en-la-ermita-de-la-mare-de-deu-de-la-roca\/#article","isPartOf":{"@id":"https:\/\/mont-roig.cat\/es\/actualitat\/noticies\/el-sons-de-nit-lleva-a-gemma-humet-y-toni-xucla-en-la-ermita-de-la-mare-de-deu-de-la-roca\/"},"author":{"name":"administrador","@id":"https:\/\/mont-roig.cat\/es\/#\/schema\/person\/f2b111789f22b7d0c3bd6786c9128cba"},"headline":"El Sons de Nit lleva a Gemma Humet y Toni Xucl\u00e0 en la Ermita de la Mare de D\u00e9u de la Roca","datePublished":"2017-08-17T12:28:20+00:00","dateModified":"2017-08-17T12:36:52+00:00","mainEntityOfPage":{"@id":"https:\/\/mont-roig.cat\/es\/actualitat\/noticies\/el-sons-de-nit-lleva-a-gemma-humet-y-toni-xucla-en-la-ermita-de-la-mare-de-deu-de-la-roca\/"},"wordCount":306,"image":{"@id":"https:\/\/mont-roig.cat\/es\/actualitat\/noticies\/el-sons-de-nit-lleva-a-gemma-humet-y-toni-xucla-en-la-ermita-de-la-mare-de-deu-de-la-roca\/#primaryimage"},"thumbnailUrl":"https:\/\/mont-roig.cat\/wp-content\/uploads\/Cartell_Sonsdenit2017.jpg","articleSection":["Cultura"],"inLanguage":"es"},{"@type":"WebPage","@id":"https:\/\/mont-roig.cat\/es\/actualitat\/noticies\/el-sons-de-nit-lleva-a-gemma-humet-y-toni-xucla-en-la-ermita-de-la-mare-de-deu-de-la-roca\/","url":"https:\/\/mont-roig.cat\/es\/actualitat\/noticies\/el-sons-de-nit-lleva-a-gemma-humet-y-toni-xucla-en-la-ermita-de-la-mare-de-deu-de-la-roca\/","name":"El Sons de Nit lleva a Gemma Humet y Toni Xucl\u00e0 en la Ermita de la Mare de D\u00e9u de la Roca - Ajuntament de Mont-roig del Camp","isPartOf":{"@id":"https:\/\/mont-roig.cat\/es\/#website"},"primaryImageOfPage":{"@id":"https:\/\/mont-roig.cat\/es\/actualitat\/noticies\/el-sons-de-nit-lleva-a-gemma-humet-y-toni-xucla-en-la-ermita-de-la-mare-de-deu-de-la-roca\/#primaryimage"},"image":{"@id":"https:\/\/mont-roig.cat\/es\/actualitat\/noticies\/el-sons-de-nit-lleva-a-gemma-humet-y-toni-xucla-en-la-ermita-de-la-mare-de-deu-de-la-roca\/#primaryimage"},"thumbnailUrl":"https:\/\/mont-roig.cat\/wp-content\/uploads\/Cartell_Sonsdenit2017.jpg","datePublished":"2017-08-17T12:28:20+00:00","dateModified":"2017-08-17T12:36:52+00:00","author":{"@id":"https:\/\/mont-roig.cat\/es\/#\/schema\/person\/f2b111789f22b7d0c3bd6786c9128cba"},"breadcrumb":{"@id":"https:\/\/mont-roig.cat\/es\/actualitat\/noticies\/el-sons-de-nit-lleva-a-gemma-humet-y-toni-xucla-en-la-ermita-de-la-mare-de-deu-de-la-roca\/#breadcrumb"},"inLanguage":"es","potentialAction":[{"@type":"ReadAction","target":["https:\/\/mont-roig.cat\/es\/actualitat\/noticies\/el-sons-de-nit-lleva-a-gemma-humet-y-toni-xucla-en-la-ermita-de-la-mare-de-deu-de-la-roca\/"]}]},{"@type":"ImageObject","inLanguage":"es","@id":"https:\/\/mont-roig.cat\/es\/actualitat\/noticies\/el-sons-de-nit-lleva-a-gemma-humet-y-toni-xucla-en-la-ermita-de-la-mare-de-deu-de-la-roca\/#primaryimage","url":"https:\/\/mont-roig.cat\/wp-content\/uploads\/Cartell_Sonsdenit2017.jpg","contentUrl":"https:\/\/mont-roig.cat\/wp-content\/uploads\/Cartell_Sonsdenit2017.jpg","width":842,"height":1191},{"@type":"BreadcrumbList","@id":"https:\/\/mont-roig.cat\/es\/actualitat\/noticies\/el-sons-de-nit-lleva-a-gemma-humet-y-toni-xucla-en-la-ermita-de-la-mare-de-deu-de-la-roca\/#breadcrumb","itemListElement":[{"@type":"ListItem","position":1,"name":"Inici","item":"https:\/\/mont-roig.cat\/es\/pagina-de-inicio\/"},{"@type":"ListItem","position":2,"name":"El Sons de Nit lleva a Gemma Humet y Toni Xucl\u00e0 en la Ermita de la Mare de D\u00e9u de la Roca"}]},{"@type":"WebSite","@id":"https:\/\/mont-roig.cat\/es\/#website","url":"https:\/\/mont-roig.cat\/es\/","name":"Ajuntament de Mont-roig del Camp","description":"Tota la informaci\u00f3 sobre la instituci\u00f3, els seus \u00f2rgans de govern, actualitat, serveis i molt m\u00e9s.","potentialAction":[{"@type":"SearchAction","target":{"@type":"EntryPoint","urlTemplate":"https:\/\/mont-roig.cat\/es\/?s={search_term_string}"},"query-input":{"@type":"PropertyValueSpecification","valueRequired":true,"valueName":"search_term_string"}}],"inLanguage":"es"},{"@type":"Person","@id":"https:\/\/mont-roig.cat\/es\/#\/schema\/person\/f2b111789f22b7d0c3bd6786c9128cba","name":"administrador","image":{"@type":"ImageObject","inLanguage":"es","@id":"https:\/\/secure.gravatar.com\/avatar\/9137aac6891e2595c9d3036fd83bcb653b4db3c946db4c7d9b9be193c3c944bb?s=96&d=mm&r=g","url":"https:\/\/secure.gravatar.com\/avatar\/9137aac6891e2595c9d3036fd83bcb653b4db3c946db4c7d9b9be193c3c944bb?s=96&d=mm&r=g","contentUrl":"https:\/\/secure.gravatar.com\/avatar\/9137aac6891e2595c9d3036fd83bcb653b4db3c946db4c7d9b9be193c3c944bb?s=96&d=mm&r=g","caption":"administrador"},"url":"https:\/\/mont-roig.cat\/es\/actualitat\/noticies\/author\/administrador\/"}]}},"_links":{"self":[{"href":"https:\/\/mont-roig.cat\/es\/wp-json\/wp\/v2\/posts\/21214","targetHints":{"allow":["GET"]}}],"collection":[{"href":"https:\/\/mont-roig.cat\/es\/wp-json\/wp\/v2\/posts"}],"about":[{"href":"https:\/\/mont-roig.cat\/es\/wp-json\/wp\/v2\/types\/post"}],"author":[{"embeddable":true,"href":"https:\/\/mont-roig.cat\/es\/wp-json\/wp\/v2\/users\/4"}],"replies":[{"embeddable":true,"href":"https:\/\/mont-roig.cat\/es\/wp-json\/wp\/v2\/comments?post=21214"}],"version-history":[{"count":2,"href":"https:\/\/mont-roig.cat\/es\/wp-json\/wp\/v2\/posts\/21214\/revisions"}],"predecessor-version":[{"id":21216,"href":"https:\/\/mont-roig.cat\/es\/wp-json\/wp\/v2\/posts\/21214\/revisions\/21216"}],"wp:featuredmedia":[{"embeddable":true,"href":"https:\/\/mont-roig.cat\/es\/wp-json\/wp\/v2\/media\/18969"}],"wp:attachment":[{"href":"https:\/\/mont-roig.cat\/es\/wp-json\/wp\/v2\/media?parent=21214"}],"wp:term":[{"taxonomy":"category","embeddable":true,"href":"https:\/\/mont-roig.cat\/es\/wp-json\/wp\/v2\/categories?post=21214"},{"taxonomy":"post_tag","embeddable":true,"href":"https:\/\/mont-roig.cat\/es\/wp-json\/wp\/v2\/tags?post=21214"}],"curies":[{"name":"wp","href":"https:\/\/api.w.org\/{rel}","templated":true}]}}