{"id":21222,"date":"2017-08-18T14:04:19","date_gmt":"2017-08-18T12:04:19","guid":{"rendered":"http:\/\/mont-roig.cat\/actualitat\/noticies\/comunicado-de-rechazo-a-los-atentados-de-barcelona-y-cambrils-y-de-solidaridad-con-las-victimas\/"},"modified":"2017-08-18T14:09:35","modified_gmt":"2017-08-18T12:09:35","slug":"comunicado-de-rechazo-a-los-atentados-de-barcelona-y-cambrils-y-de-solidaridad-con-las-victimas","status":"publish","type":"post","link":"https:\/\/mont-roig.cat\/es\/actualitat\/noticies\/comunicado-de-rechazo-a-los-atentados-de-barcelona-y-cambrils-y-de-solidaridad-con-las-victimas\/","title":{"rendered":"Comunicado de rechazo a los atentados de Barcelona y Cambrils y de solidaridad con las v\u00edctimas"},"content":{"rendered":"<p>El Ayuntamiento de Mont-roig del Camp condena el grave atentado terrorista que se ha producido este jueves 17 de agosto por la tarde en las Ramblas de Barcelona y al mismo tiempo los hechos ocurridos en el paseo Mar\u00edtimo de la localidad vecina de Cambrils durante la pasada madrugada. Adem\u00e1s, el consistorio de Mont-roig del Camp quiere expresar la absoluta solidaridad con las v\u00edctimas mortales y con las personas heridas y sus familiares como consecuencia del atropello de la Rambla de Barcelona y de Cambrils.<\/p>\n<p>Al mismo tiempo queremos hacer llegar nuestro m\u00e1s sincero agradecimiento a todos los cuerpos de emergencias, de seguridad, m\u00e9dicos, de prevenci\u00f3n, instituciones y organizaciones, empresas y entidades ciudadanas que han hecho todo lo posible en estos dif\u00edciles momentos, as\u00ed como todas las personas a t\u00edtulo individual que han ayudado, ayudan y ayudar\u00e1n en todo lo necesario.<\/p>\n<p>El Ayuntamiento de Mont-roig del Camp se pone en disposici\u00f3n total del resto de instituciones del pa\u00eds y de los cuerpos de seguridad para ayudar en todo lo que sea posible y necesario para evitar que se repitan situaciones como las vividas en nuestro pa\u00eds en las \u00faltimas horas.<\/p>\n<p>Antes de Barcelona, \u200b\u200bhan sido muchas las ciudades que han sufrido la barbarie del terrorismo, siempre nos hemos solidarizado con todas. Ahora nos ha tocado m\u00e1s cerca, y seguiremos luchando unidos, con todas las ciudades y pa\u00edses del mundo que defendemos la democracia, la libertad y la paz. Contra el miedo, sin miedo.<\/p>\n<p>La Polic\u00eda Local de Mont-roig del Camp, que ayer se coordin\u00f3 con el cuerpo de Mossos d&#8217;Esquadra en el Camp de Tarragona por el dispositivo de reacci\u00f3n a los atentados, contin\u00faa con todos los agentes activados y pendientes de cualquier novedad en el hechos ocurridos y sus derivaciones. De hecho, este verano la Polic\u00eda Local ha llevado a cabo un refuerzo especial en todos los turnos.<\/p>\n<p><strong>Minutos de silencio y actos suspendidos<\/strong><\/p>\n<p>El Ayuntamiento de Mont-roig del Camp se ha adherido al manifiesto de la <em>Associaci\u00f3 Catalana de Municipis i Comarques<\/em> y la <em>Federaci\u00f3 de Municipis de Catalunya<\/em> y a la convocatoria de 5 minutos de silencio, que han tenido lugar hoy a las 12 del mediod\u00eda a las puertas del consistorio y de las oficinas municipales, en una acto que ha contado con una gran respuesta por parte de la ciudadan\u00eda del municipio.<\/p>\n<p>La Junta de Portavoces Municipal, celebrada este mediod\u00eda, ha decidido suspender todos los actos festivos programados por el Ayuntamiento durante 3 d\u00edas en se\u00f1al de duelo. Las banderas de los edificios municipales tambi\u00e9n ondear\u00e1n a media asta.<\/p>\n<div id=\"attachment_21219\" style=\"width: 361px\" class=\"wp-caption alignright\"><a href=\"http:\/\/mont-roig.cat\/wp-content\/uploads\/Minut-de-silenci-oficines-Miami-Platja.jpg\"><img loading=\"lazy\" decoding=\"async\" aria-describedby=\"caption-attachment-21219\" class=\"wp-image-21219\" src=\"http:\/\/mont-roig.cat\/wp-content\/uploads\/Minut-de-silenci-oficines-Miami-Platja-500x281.jpg\" alt=\"\" width=\"351\" height=\"197\" srcset=\"https:\/\/mont-roig.cat\/wp-content\/uploads\/Minut-de-silenci-oficines-Miami-Platja-500x281.jpg 500w, https:\/\/mont-roig.cat\/wp-content\/uploads\/Minut-de-silenci-oficines-Miami-Platja-768x432.jpg 768w, https:\/\/mont-roig.cat\/wp-content\/uploads\/Minut-de-silenci-oficines-Miami-Platja-1024x576.jpg 1024w, https:\/\/mont-roig.cat\/wp-content\/uploads\/Minut-de-silenci-oficines-Miami-Platja.jpg 1920w\" sizes=\"auto, (max-width: 351px) 100vw, 351px\" \/><\/a><p id=\"caption-attachment-21219\" class=\"wp-caption-text\">Minutos de silencio a las puertas de las oficinas municipales de Miami Platja<\/p><\/div>\n<div id=\"attachment_21220\" style=\"width: 277px\" class=\"wp-caption alignright\"><a href=\"http:\/\/mont-roig.cat\/wp-content\/uploads\/Minuts-de-silenci-Ajuntament-Mont-roig.jpg\"><img loading=\"lazy\" decoding=\"async\" aria-describedby=\"caption-attachment-21220\" class=\"wp-image-21220\" src=\"http:\/\/mont-roig.cat\/wp-content\/uploads\/Minuts-de-silenci-Ajuntament-Mont-roig-500x375.jpg\" alt=\"\" width=\"267\" height=\"200\" srcset=\"https:\/\/mont-roig.cat\/wp-content\/uploads\/Minuts-de-silenci-Ajuntament-Mont-roig-500x375.jpg 500w, https:\/\/mont-roig.cat\/wp-content\/uploads\/Minuts-de-silenci-Ajuntament-Mont-roig-768x576.jpg 768w, https:\/\/mont-roig.cat\/wp-content\/uploads\/Minuts-de-silenci-Ajuntament-Mont-roig-1024x768.jpg 1024w, https:\/\/mont-roig.cat\/wp-content\/uploads\/Minuts-de-silenci-Ajuntament-Mont-roig-463x348.jpg 463w, https:\/\/mont-roig.cat\/wp-content\/uploads\/Minuts-de-silenci-Ajuntament-Mont-roig.jpg 1920w\" sizes=\"auto, (max-width: 267px) 100vw, 267px\" \/><\/a><p id=\"caption-attachment-21220\" class=\"wp-caption-text\">Minutos de silencio a las puertas del Ayuntamiento de Mont-roig del Camp<\/p><\/div>\n","protected":false},"excerpt":{"rendered":"<p>El Ayuntamiento de Mont-roig del Camp condena el grave atentado terrorista que se ha producido este jueves 17 de agosto por la tarde en las Ramblas de Barcelona y al mismo tiempo los hechos ocurridos en el paseo Mar\u00edtimo de la localidad vecina de Cambrils durante la pasada madrugada. Adem\u00e1s, el consistorio de Mont-roig del [&hellip;]<\/p>\n","protected":false},"author":4,"featured_media":21219,"comment_status":"closed","ping_status":"closed","sticky":false,"template":"","format":"standard","meta":{"inline_featured_image":false,"_monsterinsights_skip_tracking":false,"_monsterinsights_sitenote_active":false,"_monsterinsights_sitenote_note":"","_monsterinsights_sitenote_category":0,"footnotes":""},"categories":[98],"tags":[],"class_list":["post-21222","post","type-post","status-publish","format-standard","has-post-thumbnail","hentry","category-ayuntamiento"],"yoast_head":"<!-- This site is optimized with the Yoast SEO plugin v27.4 - https:\/\/yoast.com\/product\/yoast-seo-wordpress\/ -->\n<title>Comunicado de rechazo a los atentados de Barcelona y Cambrils y de solidaridad con las v\u00edctimas - Ajuntament de Mont-roig del Camp<\/title>\n<meta name=\"robots\" content=\"index, follow, max-snippet:-1, max-image-preview:large, max-video-preview:-1\" \/>\n<link rel=\"canonical\" href=\"https:\/\/mont-roig.cat\/es\/actualitat\/noticies\/comunicado-de-rechazo-a-los-atentados-de-barcelona-y-cambrils-y-de-solidaridad-con-las-victimas\/\" \/>\n<meta property=\"og:locale\" content=\"es_ES\" \/>\n<meta property=\"og:type\" content=\"article\" \/>\n<meta property=\"og:title\" content=\"Comunicado de rechazo a los atentados de Barcelona y Cambrils y de solidaridad con las v\u00edctimas - Ajuntament de Mont-roig del Camp\" \/>\n<meta property=\"og:description\" content=\"El Ayuntamiento de Mont-roig del Camp condena el grave atentado terrorista que se ha producido este jueves 17 de agosto por la tarde en las Ramblas de Barcelona y al mismo tiempo los hechos ocurridos en el paseo Mar\u00edtimo de la localidad vecina de Cambrils durante la pasada madrugada. Adem\u00e1s, el consistorio de Mont-roig del [&hellip;]\" \/>\n<meta property=\"og:url\" content=\"https:\/\/mont-roig.cat\/es\/actualitat\/noticies\/comunicado-de-rechazo-a-los-atentados-de-barcelona-y-cambrils-y-de-solidaridad-con-las-victimas\/\" \/>\n<meta property=\"og:site_name\" content=\"Ajuntament de Mont-roig del Camp\" \/>\n<meta property=\"article:published_time\" content=\"2017-08-18T12:04:19+00:00\" \/>\n<meta property=\"article:modified_time\" content=\"2017-08-18T12:09:35+00:00\" \/>\n<meta property=\"og:image\" content=\"https:\/\/mont-roig.cat\/wp-content\/uploads\/Minut-de-silenci-oficines-Miami-Platja.jpg\" \/>\n\t<meta property=\"og:image:width\" content=\"1920\" \/>\n\t<meta property=\"og:image:height\" content=\"1080\" \/>\n\t<meta property=\"og:image:type\" content=\"image\/jpeg\" \/>\n<meta name=\"author\" content=\"administrador\" \/>\n<meta name=\"twitter:card\" content=\"summary_large_image\" \/>\n<meta name=\"twitter:label1\" content=\"Escrito por\" \/>\n\t<meta name=\"twitter:data1\" content=\"administrador\" \/>\n\t<meta name=\"twitter:label2\" content=\"Tiempo de lectura\" \/>\n\t<meta name=\"twitter:data2\" content=\"2 minutos\" \/>\n<script type=\"application\/ld+json\" class=\"yoast-schema-graph\">{\"@context\":\"https:\\\/\\\/schema.org\",\"@graph\":[{\"@type\":\"Article\",\"@id\":\"https:\\\/\\\/mont-roig.cat\\\/es\\\/actualitat\\\/noticies\\\/comunicado-de-rechazo-a-los-atentados-de-barcelona-y-cambrils-y-de-solidaridad-con-las-victimas\\\/#article\",\"isPartOf\":{\"@id\":\"https:\\\/\\\/mont-roig.cat\\\/es\\\/actualitat\\\/noticies\\\/comunicado-de-rechazo-a-los-atentados-de-barcelona-y-cambrils-y-de-solidaridad-con-las-victimas\\\/\"},\"author\":{\"name\":\"administrador\",\"@id\":\"https:\\\/\\\/mont-roig.cat\\\/es\\\/#\\\/schema\\\/person\\\/f2b111789f22b7d0c3bd6786c9128cba\"},\"headline\":\"Comunicado de rechazo a los atentados de Barcelona y Cambrils y de solidaridad con las v\u00edctimas\",\"datePublished\":\"2017-08-18T12:04:19+00:00\",\"dateModified\":\"2017-08-18T12:09:35+00:00\",\"mainEntityOfPage\":{\"@id\":\"https:\\\/\\\/mont-roig.cat\\\/es\\\/actualitat\\\/noticies\\\/comunicado-de-rechazo-a-los-atentados-de-barcelona-y-cambrils-y-de-solidaridad-con-las-victimas\\\/\"},\"wordCount\":503,\"image\":{\"@id\":\"https:\\\/\\\/mont-roig.cat\\\/es\\\/actualitat\\\/noticies\\\/comunicado-de-rechazo-a-los-atentados-de-barcelona-y-cambrils-y-de-solidaridad-con-las-victimas\\\/#primaryimage\"},\"thumbnailUrl\":\"https:\\\/\\\/mont-roig.cat\\\/wp-content\\\/uploads\\\/Minut-de-silenci-oficines-Miami-Platja.jpg\",\"articleSection\":[\"Ayuntamiento\"],\"inLanguage\":\"es\"},{\"@type\":\"WebPage\",\"@id\":\"https:\\\/\\\/mont-roig.cat\\\/es\\\/actualitat\\\/noticies\\\/comunicado-de-rechazo-a-los-atentados-de-barcelona-y-cambrils-y-de-solidaridad-con-las-victimas\\\/\",\"url\":\"https:\\\/\\\/mont-roig.cat\\\/es\\\/actualitat\\\/noticies\\\/comunicado-de-rechazo-a-los-atentados-de-barcelona-y-cambrils-y-de-solidaridad-con-las-victimas\\\/\",\"name\":\"Comunicado de rechazo a los atentados de Barcelona y Cambrils y de solidaridad con las v\u00edctimas - Ajuntament de Mont-roig del Camp\",\"isPartOf\":{\"@id\":\"https:\\\/\\\/mont-roig.cat\\\/es\\\/#website\"},\"primaryImageOfPage\":{\"@id\":\"https:\\\/\\\/mont-roig.cat\\\/es\\\/actualitat\\\/noticies\\\/comunicado-de-rechazo-a-los-atentados-de-barcelona-y-cambrils-y-de-solidaridad-con-las-victimas\\\/#primaryimage\"},\"image\":{\"@id\":\"https:\\\/\\\/mont-roig.cat\\\/es\\\/actualitat\\\/noticies\\\/comunicado-de-rechazo-a-los-atentados-de-barcelona-y-cambrils-y-de-solidaridad-con-las-victimas\\\/#primaryimage\"},\"thumbnailUrl\":\"https:\\\/\\\/mont-roig.cat\\\/wp-content\\\/uploads\\\/Minut-de-silenci-oficines-Miami-Platja.jpg\",\"datePublished\":\"2017-08-18T12:04:19+00:00\",\"dateModified\":\"2017-08-18T12:09:35+00:00\",\"author\":{\"@id\":\"https:\\\/\\\/mont-roig.cat\\\/es\\\/#\\\/schema\\\/person\\\/f2b111789f22b7d0c3bd6786c9128cba\"},\"breadcrumb\":{\"@id\":\"https:\\\/\\\/mont-roig.cat\\\/es\\\/actualitat\\\/noticies\\\/comunicado-de-rechazo-a-los-atentados-de-barcelona-y-cambrils-y-de-solidaridad-con-las-victimas\\\/#breadcrumb\"},\"inLanguage\":\"es\",\"potentialAction\":[{\"@type\":\"ReadAction\",\"target\":[\"https:\\\/\\\/mont-roig.cat\\\/es\\\/actualitat\\\/noticies\\\/comunicado-de-rechazo-a-los-atentados-de-barcelona-y-cambrils-y-de-solidaridad-con-las-victimas\\\/\"]}]},{\"@type\":\"ImageObject\",\"inLanguage\":\"es\",\"@id\":\"https:\\\/\\\/mont-roig.cat\\\/es\\\/actualitat\\\/noticies\\\/comunicado-de-rechazo-a-los-atentados-de-barcelona-y-cambrils-y-de-solidaridad-con-las-victimas\\\/#primaryimage\",\"url\":\"https:\\\/\\\/mont-roig.cat\\\/wp-content\\\/uploads\\\/Minut-de-silenci-oficines-Miami-Platja.jpg\",\"contentUrl\":\"https:\\\/\\\/mont-roig.cat\\\/wp-content\\\/uploads\\\/Minut-de-silenci-oficines-Miami-Platja.jpg\",\"width\":1920,\"height\":1080},{\"@type\":\"BreadcrumbList\",\"@id\":\"https:\\\/\\\/mont-roig.cat\\\/es\\\/actualitat\\\/noticies\\\/comunicado-de-rechazo-a-los-atentados-de-barcelona-y-cambrils-y-de-solidaridad-con-las-victimas\\\/#breadcrumb\",\"itemListElement\":[{\"@type\":\"ListItem\",\"position\":1,\"name\":\"Inici\",\"item\":\"https:\\\/\\\/mont-roig.cat\\\/es\\\/pagina-de-inicio\\\/\"},{\"@type\":\"ListItem\",\"position\":2,\"name\":\"Comunicado de rechazo a los atentados de Barcelona y Cambrils y de solidaridad con las v\u00edctimas\"}]},{\"@type\":\"WebSite\",\"@id\":\"https:\\\/\\\/mont-roig.cat\\\/es\\\/#website\",\"url\":\"https:\\\/\\\/mont-roig.cat\\\/es\\\/\",\"name\":\"Ajuntament de Mont-roig del Camp\",\"description\":\"Tota la informaci\u00f3 sobre la instituci\u00f3, els seus \u00f2rgans de govern, actualitat, serveis i molt m\u00e9s.\",\"potentialAction\":[{\"@type\":\"SearchAction\",\"target\":{\"@type\":\"EntryPoint\",\"urlTemplate\":\"https:\\\/\\\/mont-roig.cat\\\/es\\\/?s={search_term_string}\"},\"query-input\":{\"@type\":\"PropertyValueSpecification\",\"valueRequired\":true,\"valueName\":\"search_term_string\"}}],\"inLanguage\":\"es\"},{\"@type\":\"Person\",\"@id\":\"https:\\\/\\\/mont-roig.cat\\\/es\\\/#\\\/schema\\\/person\\\/f2b111789f22b7d0c3bd6786c9128cba\",\"name\":\"administrador\",\"image\":{\"@type\":\"ImageObject\",\"inLanguage\":\"es\",\"@id\":\"https:\\\/\\\/secure.gravatar.com\\\/avatar\\\/9137aac6891e2595c9d3036fd83bcb653b4db3c946db4c7d9b9be193c3c944bb?s=96&d=mm&r=g\",\"url\":\"https:\\\/\\\/secure.gravatar.com\\\/avatar\\\/9137aac6891e2595c9d3036fd83bcb653b4db3c946db4c7d9b9be193c3c944bb?s=96&d=mm&r=g\",\"contentUrl\":\"https:\\\/\\\/secure.gravatar.com\\\/avatar\\\/9137aac6891e2595c9d3036fd83bcb653b4db3c946db4c7d9b9be193c3c944bb?s=96&d=mm&r=g\",\"caption\":\"administrador\"},\"url\":\"https:\\\/\\\/mont-roig.cat\\\/es\\\/actualitat\\\/noticies\\\/author\\\/administrador\\\/\"}]}<\/script>\n<!-- \/ Yoast SEO plugin. -->","yoast_head_json":{"title":"Comunicado de rechazo a los atentados de Barcelona y Cambrils y de solidaridad con las v\u00edctimas - Ajuntament de Mont-roig del Camp","robots":{"index":"index","follow":"follow","max-snippet":"max-snippet:-1","max-image-preview":"max-image-preview:large","max-video-preview":"max-video-preview:-1"},"canonical":"https:\/\/mont-roig.cat\/es\/actualitat\/noticies\/comunicado-de-rechazo-a-los-atentados-de-barcelona-y-cambrils-y-de-solidaridad-con-las-victimas\/","og_locale":"es_ES","og_type":"article","og_title":"Comunicado de rechazo a los atentados de Barcelona y Cambrils y de solidaridad con las v\u00edctimas - Ajuntament de Mont-roig del Camp","og_description":"El Ayuntamiento de Mont-roig del Camp condena el grave atentado terrorista que se ha producido este jueves 17 de agosto por la tarde en las Ramblas de Barcelona y al mismo tiempo los hechos ocurridos en el paseo Mar\u00edtimo de la localidad vecina de Cambrils durante la pasada madrugada. Adem\u00e1s, el consistorio de Mont-roig del [&hellip;]","og_url":"https:\/\/mont-roig.cat\/es\/actualitat\/noticies\/comunicado-de-rechazo-a-los-atentados-de-barcelona-y-cambrils-y-de-solidaridad-con-las-victimas\/","og_site_name":"Ajuntament de Mont-roig del Camp","article_published_time":"2017-08-18T12:04:19+00:00","article_modified_time":"2017-08-18T12:09:35+00:00","og_image":[{"width":1920,"height":1080,"url":"https:\/\/mont-roig.cat\/wp-content\/uploads\/Minut-de-silenci-oficines-Miami-Platja.jpg","type":"image\/jpeg"}],"author":"administrador","twitter_card":"summary_large_image","twitter_misc":{"Escrito por":"administrador","Tiempo de lectura":"2 minutos"},"schema":{"@context":"https:\/\/schema.org","@graph":[{"@type":"Article","@id":"https:\/\/mont-roig.cat\/es\/actualitat\/noticies\/comunicado-de-rechazo-a-los-atentados-de-barcelona-y-cambrils-y-de-solidaridad-con-las-victimas\/#article","isPartOf":{"@id":"https:\/\/mont-roig.cat\/es\/actualitat\/noticies\/comunicado-de-rechazo-a-los-atentados-de-barcelona-y-cambrils-y-de-solidaridad-con-las-victimas\/"},"author":{"name":"administrador","@id":"https:\/\/mont-roig.cat\/es\/#\/schema\/person\/f2b111789f22b7d0c3bd6786c9128cba"},"headline":"Comunicado de rechazo a los atentados de Barcelona y Cambrils y de solidaridad con las v\u00edctimas","datePublished":"2017-08-18T12:04:19+00:00","dateModified":"2017-08-18T12:09:35+00:00","mainEntityOfPage":{"@id":"https:\/\/mont-roig.cat\/es\/actualitat\/noticies\/comunicado-de-rechazo-a-los-atentados-de-barcelona-y-cambrils-y-de-solidaridad-con-las-victimas\/"},"wordCount":503,"image":{"@id":"https:\/\/mont-roig.cat\/es\/actualitat\/noticies\/comunicado-de-rechazo-a-los-atentados-de-barcelona-y-cambrils-y-de-solidaridad-con-las-victimas\/#primaryimage"},"thumbnailUrl":"https:\/\/mont-roig.cat\/wp-content\/uploads\/Minut-de-silenci-oficines-Miami-Platja.jpg","articleSection":["Ayuntamiento"],"inLanguage":"es"},{"@type":"WebPage","@id":"https:\/\/mont-roig.cat\/es\/actualitat\/noticies\/comunicado-de-rechazo-a-los-atentados-de-barcelona-y-cambrils-y-de-solidaridad-con-las-victimas\/","url":"https:\/\/mont-roig.cat\/es\/actualitat\/noticies\/comunicado-de-rechazo-a-los-atentados-de-barcelona-y-cambrils-y-de-solidaridad-con-las-victimas\/","name":"Comunicado de rechazo a los atentados de Barcelona y Cambrils y de solidaridad con las v\u00edctimas - Ajuntament de Mont-roig del Camp","isPartOf":{"@id":"https:\/\/mont-roig.cat\/es\/#website"},"primaryImageOfPage":{"@id":"https:\/\/mont-roig.cat\/es\/actualitat\/noticies\/comunicado-de-rechazo-a-los-atentados-de-barcelona-y-cambrils-y-de-solidaridad-con-las-victimas\/#primaryimage"},"image":{"@id":"https:\/\/mont-roig.cat\/es\/actualitat\/noticies\/comunicado-de-rechazo-a-los-atentados-de-barcelona-y-cambrils-y-de-solidaridad-con-las-victimas\/#primaryimage"},"thumbnailUrl":"https:\/\/mont-roig.cat\/wp-content\/uploads\/Minut-de-silenci-oficines-Miami-Platja.jpg","datePublished":"2017-08-18T12:04:19+00:00","dateModified":"2017-08-18T12:09:35+00:00","author":{"@id":"https:\/\/mont-roig.cat\/es\/#\/schema\/person\/f2b111789f22b7d0c3bd6786c9128cba"},"breadcrumb":{"@id":"https:\/\/mont-roig.cat\/es\/actualitat\/noticies\/comunicado-de-rechazo-a-los-atentados-de-barcelona-y-cambrils-y-de-solidaridad-con-las-victimas\/#breadcrumb"},"inLanguage":"es","potentialAction":[{"@type":"ReadAction","target":["https:\/\/mont-roig.cat\/es\/actualitat\/noticies\/comunicado-de-rechazo-a-los-atentados-de-barcelona-y-cambrils-y-de-solidaridad-con-las-victimas\/"]}]},{"@type":"ImageObject","inLanguage":"es","@id":"https:\/\/mont-roig.cat\/es\/actualitat\/noticies\/comunicado-de-rechazo-a-los-atentados-de-barcelona-y-cambrils-y-de-solidaridad-con-las-victimas\/#primaryimage","url":"https:\/\/mont-roig.cat\/wp-content\/uploads\/Minut-de-silenci-oficines-Miami-Platja.jpg","contentUrl":"https:\/\/mont-roig.cat\/wp-content\/uploads\/Minut-de-silenci-oficines-Miami-Platja.jpg","width":1920,"height":1080},{"@type":"BreadcrumbList","@id":"https:\/\/mont-roig.cat\/es\/actualitat\/noticies\/comunicado-de-rechazo-a-los-atentados-de-barcelona-y-cambrils-y-de-solidaridad-con-las-victimas\/#breadcrumb","itemListElement":[{"@type":"ListItem","position":1,"name":"Inici","item":"https:\/\/mont-roig.cat\/es\/pagina-de-inicio\/"},{"@type":"ListItem","position":2,"name":"Comunicado de rechazo a los atentados de Barcelona y Cambrils y de solidaridad con las v\u00edctimas"}]},{"@type":"WebSite","@id":"https:\/\/mont-roig.cat\/es\/#website","url":"https:\/\/mont-roig.cat\/es\/","name":"Ajuntament de Mont-roig del Camp","description":"Tota la informaci\u00f3 sobre la instituci\u00f3, els seus \u00f2rgans de govern, actualitat, serveis i molt m\u00e9s.","potentialAction":[{"@type":"SearchAction","target":{"@type":"EntryPoint","urlTemplate":"https:\/\/mont-roig.cat\/es\/?s={search_term_string}"},"query-input":{"@type":"PropertyValueSpecification","valueRequired":true,"valueName":"search_term_string"}}],"inLanguage":"es"},{"@type":"Person","@id":"https:\/\/mont-roig.cat\/es\/#\/schema\/person\/f2b111789f22b7d0c3bd6786c9128cba","name":"administrador","image":{"@type":"ImageObject","inLanguage":"es","@id":"https:\/\/secure.gravatar.com\/avatar\/9137aac6891e2595c9d3036fd83bcb653b4db3c946db4c7d9b9be193c3c944bb?s=96&d=mm&r=g","url":"https:\/\/secure.gravatar.com\/avatar\/9137aac6891e2595c9d3036fd83bcb653b4db3c946db4c7d9b9be193c3c944bb?s=96&d=mm&r=g","contentUrl":"https:\/\/secure.gravatar.com\/avatar\/9137aac6891e2595c9d3036fd83bcb653b4db3c946db4c7d9b9be193c3c944bb?s=96&d=mm&r=g","caption":"administrador"},"url":"https:\/\/mont-roig.cat\/es\/actualitat\/noticies\/author\/administrador\/"}]}},"_links":{"self":[{"href":"https:\/\/mont-roig.cat\/es\/wp-json\/wp\/v2\/posts\/21222","targetHints":{"allow":["GET"]}}],"collection":[{"href":"https:\/\/mont-roig.cat\/es\/wp-json\/wp\/v2\/posts"}],"about":[{"href":"https:\/\/mont-roig.cat\/es\/wp-json\/wp\/v2\/types\/post"}],"author":[{"embeddable":true,"href":"https:\/\/mont-roig.cat\/es\/wp-json\/wp\/v2\/users\/4"}],"replies":[{"embeddable":true,"href":"https:\/\/mont-roig.cat\/es\/wp-json\/wp\/v2\/comments?post=21222"}],"version-history":[{"count":2,"href":"https:\/\/mont-roig.cat\/es\/wp-json\/wp\/v2\/posts\/21222\/revisions"}],"predecessor-version":[{"id":21224,"href":"https:\/\/mont-roig.cat\/es\/wp-json\/wp\/v2\/posts\/21222\/revisions\/21224"}],"wp:featuredmedia":[{"embeddable":true,"href":"https:\/\/mont-roig.cat\/es\/wp-json\/wp\/v2\/media\/21219"}],"wp:attachment":[{"href":"https:\/\/mont-roig.cat\/es\/wp-json\/wp\/v2\/media?parent=21222"}],"wp:term":[{"taxonomy":"category","embeddable":true,"href":"https:\/\/mont-roig.cat\/es\/wp-json\/wp\/v2\/categories?post=21222"},{"taxonomy":"post_tag","embeddable":true,"href":"https:\/\/mont-roig.cat\/es\/wp-json\/wp\/v2\/tags?post=21222"}],"curies":[{"name":"wp","href":"https:\/\/api.w.org\/{rel}","templated":true}]}}