{"id":21239,"date":"2017-08-21T12:15:36","date_gmt":"2017-08-21T10:15:36","guid":{"rendered":"http:\/\/mont-roig.cat\/actualitat\/noticies\/vuelve-el-nomad-festival-en-miami-platja-del-23-al-27-de-agosto\/"},"modified":"2022-02-08T21:15:48","modified_gmt":"2022-02-08T20:15:48","slug":"vuelve-el-nomad-festival-en-miami-platja-del-23-al-27-de-agosto","status":"publish","type":"post","link":"https:\/\/mont-roig.cat\/es\/actualitat\/noticies\/vuelve-el-nomad-festival-en-miami-platja-del-23-al-27-de-agosto\/","title":{"rendered":"Vuelve el Nomad Festival en Miami Platja del 23 al 27 de agosto"},"content":{"rendered":"<ul>\n<li>\n<div id=\"attachment_21227\" style=\"width: 260px\" class=\"wp-caption alignright\"><a href=\"http:\/\/mont-roig.cat\/wp-content\/uploads\/Festival-Nomad-2017.jpg\"><img loading=\"lazy\" decoding=\"async\" aria-describedby=\"caption-attachment-21227\" class=\"wp-image-21227\" src=\"http:\/\/mont-roig.cat\/wp-content\/uploads\/Festival-Nomad-2017-353x500.jpg\" alt=\"\" width=\"250\" height=\"354\" srcset=\"https:\/\/mont-roig.cat\/wp-content\/uploads\/Festival-Nomad-2017-353x500.jpg 353w, https:\/\/mont-roig.cat\/wp-content\/uploads\/Festival-Nomad-2017.jpg 595w\" sizes=\"auto, (max-width: 250px) 100vw, 250px\" \/><\/a><p id=\"caption-attachment-21227\" class=\"wp-caption-text\">Programaci\u00f3n Nomad Festival 2017<\/p><\/div>\n<p><strong>El certamen llevar\u00e1 a la Punta del Riu m\u00fasica en directo, espect\u00e1culos infantiles, food trucks y varios stands de moda, dise\u00f1o de autor, hand-made y decoraci\u00f3n<\/strong><\/li>\n<\/ul>\n<p>El Nomad Festival volver\u00e1 a hacer parada en Miami Platja, este a\u00f1o del 23 al 27 de agosto. Por segundo a\u00f1o consecutivo el certamen llevar\u00e1 hasta la Punta del Riu diversas paradas de moda, food trucks y una amplia programaci\u00f3n musical y de animaci\u00f3n para todas las edades.<\/p>\n<p>El Ayuntamiento de Mont-roig del Camp impulsa la celebraci\u00f3n de este festival itinerante tras la buena acogida que tuvo el verano pasado y las buenas cr\u00edticas recibidas en otras localidades como Tortosa, Sant Feliu de Gu\u00edxols o Valls.<\/p>\n<p>El certamen contar\u00e1 con varios food trucks que permitir\u00e1n degustar variadas propuestas gastron\u00f3micas cocinadas al momento. Tambi\u00e9n habr\u00e1 expositores de moda con dise\u00f1os de autor, vintage, decoraci\u00f3n y hand-made y se ofrecer\u00e1 una amplia programaci\u00f3n l\u00fadico-festiva dirigida a toda la familia.<\/p>\n<p>Cada noche, a partir de las 23.00 h habr\u00e1 conciertos con las formaciones Buena Onda, Mala Vida, Two Sistas y Big Mouthers que llevar\u00e1n versiones musicales de estilos muy diversos. El \u00faltimo d\u00eda, a las 21.00 h habr\u00e1 un baile improvisado.<\/p>\n<p>Por otra parte, los m\u00e1s peque\u00f1os podr\u00e1n encontrar un espacio para ellos con talleres de maquillaje y tatuajes, otras actividades y animaci\u00f3n infantil la tarde del s\u00e1bado.<\/p>\n<p>El mercado del festival abrir\u00e1 cada d\u00eda a las 6 de la tarde hasta las 11 de la noche, hora en que comenzar\u00e1n los conciertos.<\/p>\n<p>&nbsp;<\/p>\n","protected":false},"excerpt":{"rendered":"<p>El certamen llevar\u00e1 a la Punta del Riu m\u00fasica en directo, espect\u00e1culos infantiles, food trucks y varios stands de moda, dise\u00f1o de autor, hand-made y decoraci\u00f3n El Nomad Festival volver\u00e1 a hacer parada en Miami Platja, este a\u00f1o del 23 al 27 de agosto. Por segundo a\u00f1o consecutivo el certamen llevar\u00e1 hasta la Punta del [&hellip;]<\/p>\n","protected":false},"author":4,"featured_media":21227,"comment_status":"closed","ping_status":"closed","sticky":false,"template":"","format":"standard","meta":{"inline_featured_image":false,"_monsterinsights_skip_tracking":false,"_monsterinsights_sitenote_active":false,"_monsterinsights_sitenote_note":"","_monsterinsights_sitenote_category":0,"footnotes":""},"categories":[105],"tags":[],"class_list":["post-21239","post","type-post","status-publish","format-standard","has-post-thumbnail","hentry","category-fiestas"],"yoast_head":"<!-- This site is optimized with the Yoast SEO plugin v27.4 - https:\/\/yoast.com\/product\/yoast-seo-wordpress\/ -->\n<title>Vuelve el Nomad Festival en Miami Platja del 23 al 27 de agosto - Ajuntament de Mont-roig del Camp<\/title>\n<meta name=\"robots\" content=\"index, follow, max-snippet:-1, max-image-preview:large, max-video-preview:-1\" \/>\n<link rel=\"canonical\" href=\"https:\/\/mont-roig.cat\/es\/actualitat\/noticies\/vuelve-el-nomad-festival-en-miami-platja-del-23-al-27-de-agosto\/\" \/>\n<meta property=\"og:locale\" content=\"es_ES\" \/>\n<meta property=\"og:type\" content=\"article\" \/>\n<meta property=\"og:title\" content=\"Vuelve el Nomad Festival en Miami Platja del 23 al 27 de agosto - Ajuntament de Mont-roig del Camp\" \/>\n<meta property=\"og:description\" content=\"El certamen llevar\u00e1 a la Punta del Riu m\u00fasica en directo, espect\u00e1culos infantiles, food trucks y varios stands de moda, dise\u00f1o de autor, hand-made y decoraci\u00f3n El Nomad Festival volver\u00e1 a hacer parada en Miami Platja, este a\u00f1o del 23 al 27 de agosto. Por segundo a\u00f1o consecutivo el certamen llevar\u00e1 hasta la Punta del [&hellip;]\" \/>\n<meta property=\"og:url\" content=\"https:\/\/mont-roig.cat\/es\/actualitat\/noticies\/vuelve-el-nomad-festival-en-miami-platja-del-23-al-27-de-agosto\/\" \/>\n<meta property=\"og:site_name\" content=\"Ajuntament de Mont-roig del Camp\" \/>\n<meta property=\"article:published_time\" content=\"2017-08-21T10:15:36+00:00\" \/>\n<meta property=\"article:modified_time\" content=\"2022-02-08T20:15:48+00:00\" \/>\n<meta property=\"og:image\" content=\"https:\/\/mont-roig.cat\/wp-content\/uploads\/Festival-Nomad-2017.jpg\" \/>\n\t<meta property=\"og:image:width\" content=\"595\" \/>\n\t<meta property=\"og:image:height\" content=\"842\" \/>\n\t<meta property=\"og:image:type\" content=\"image\/jpeg\" \/>\n<meta name=\"author\" content=\"administrador\" \/>\n<meta name=\"twitter:card\" content=\"summary_large_image\" \/>\n<meta name=\"twitter:label1\" content=\"Escrito por\" \/>\n\t<meta name=\"twitter:data1\" content=\"administrador\" \/>\n\t<meta name=\"twitter:label2\" content=\"Tiempo de lectura\" \/>\n\t<meta name=\"twitter:data2\" content=\"2 minutos\" \/>\n<script type=\"application\/ld+json\" class=\"yoast-schema-graph\">{\"@context\":\"https:\\\/\\\/schema.org\",\"@graph\":[{\"@type\":\"Article\",\"@id\":\"https:\\\/\\\/mont-roig.cat\\\/es\\\/actualitat\\\/noticies\\\/vuelve-el-nomad-festival-en-miami-platja-del-23-al-27-de-agosto\\\/#article\",\"isPartOf\":{\"@id\":\"https:\\\/\\\/mont-roig.cat\\\/es\\\/actualitat\\\/noticies\\\/vuelve-el-nomad-festival-en-miami-platja-del-23-al-27-de-agosto\\\/\"},\"author\":{\"name\":\"administrador\",\"@id\":\"https:\\\/\\\/mont-roig.cat\\\/es\\\/#\\\/schema\\\/person\\\/f2b111789f22b7d0c3bd6786c9128cba\"},\"headline\":\"Vuelve el Nomad Festival en Miami Platja del 23 al 27 de agosto\",\"datePublished\":\"2017-08-21T10:15:36+00:00\",\"dateModified\":\"2022-02-08T20:15:48+00:00\",\"mainEntityOfPage\":{\"@id\":\"https:\\\/\\\/mont-roig.cat\\\/es\\\/actualitat\\\/noticies\\\/vuelve-el-nomad-festival-en-miami-platja-del-23-al-27-de-agosto\\\/\"},\"wordCount\":290,\"image\":{\"@id\":\"https:\\\/\\\/mont-roig.cat\\\/es\\\/actualitat\\\/noticies\\\/vuelve-el-nomad-festival-en-miami-platja-del-23-al-27-de-agosto\\\/#primaryimage\"},\"thumbnailUrl\":\"https:\\\/\\\/mont-roig.cat\\\/wp-content\\\/uploads\\\/Festival-Nomad-2017.jpg\",\"articleSection\":[\"Festes\"],\"inLanguage\":\"es\"},{\"@type\":\"WebPage\",\"@id\":\"https:\\\/\\\/mont-roig.cat\\\/es\\\/actualitat\\\/noticies\\\/vuelve-el-nomad-festival-en-miami-platja-del-23-al-27-de-agosto\\\/\",\"url\":\"https:\\\/\\\/mont-roig.cat\\\/es\\\/actualitat\\\/noticies\\\/vuelve-el-nomad-festival-en-miami-platja-del-23-al-27-de-agosto\\\/\",\"name\":\"Vuelve el Nomad Festival en Miami Platja del 23 al 27 de agosto - Ajuntament de Mont-roig del Camp\",\"isPartOf\":{\"@id\":\"https:\\\/\\\/mont-roig.cat\\\/es\\\/#website\"},\"primaryImageOfPage\":{\"@id\":\"https:\\\/\\\/mont-roig.cat\\\/es\\\/actualitat\\\/noticies\\\/vuelve-el-nomad-festival-en-miami-platja-del-23-al-27-de-agosto\\\/#primaryimage\"},\"image\":{\"@id\":\"https:\\\/\\\/mont-roig.cat\\\/es\\\/actualitat\\\/noticies\\\/vuelve-el-nomad-festival-en-miami-platja-del-23-al-27-de-agosto\\\/#primaryimage\"},\"thumbnailUrl\":\"https:\\\/\\\/mont-roig.cat\\\/wp-content\\\/uploads\\\/Festival-Nomad-2017.jpg\",\"datePublished\":\"2017-08-21T10:15:36+00:00\",\"dateModified\":\"2022-02-08T20:15:48+00:00\",\"author\":{\"@id\":\"https:\\\/\\\/mont-roig.cat\\\/es\\\/#\\\/schema\\\/person\\\/f2b111789f22b7d0c3bd6786c9128cba\"},\"breadcrumb\":{\"@id\":\"https:\\\/\\\/mont-roig.cat\\\/es\\\/actualitat\\\/noticies\\\/vuelve-el-nomad-festival-en-miami-platja-del-23-al-27-de-agosto\\\/#breadcrumb\"},\"inLanguage\":\"es\",\"potentialAction\":[{\"@type\":\"ReadAction\",\"target\":[\"https:\\\/\\\/mont-roig.cat\\\/es\\\/actualitat\\\/noticies\\\/vuelve-el-nomad-festival-en-miami-platja-del-23-al-27-de-agosto\\\/\"]}]},{\"@type\":\"ImageObject\",\"inLanguage\":\"es\",\"@id\":\"https:\\\/\\\/mont-roig.cat\\\/es\\\/actualitat\\\/noticies\\\/vuelve-el-nomad-festival-en-miami-platja-del-23-al-27-de-agosto\\\/#primaryimage\",\"url\":\"https:\\\/\\\/mont-roig.cat\\\/wp-content\\\/uploads\\\/Festival-Nomad-2017.jpg\",\"contentUrl\":\"https:\\\/\\\/mont-roig.cat\\\/wp-content\\\/uploads\\\/Festival-Nomad-2017.jpg\",\"width\":595,\"height\":842},{\"@type\":\"BreadcrumbList\",\"@id\":\"https:\\\/\\\/mont-roig.cat\\\/es\\\/actualitat\\\/noticies\\\/vuelve-el-nomad-festival-en-miami-platja-del-23-al-27-de-agosto\\\/#breadcrumb\",\"itemListElement\":[{\"@type\":\"ListItem\",\"position\":1,\"name\":\"Inici\",\"item\":\"https:\\\/\\\/mont-roig.cat\\\/es\\\/pagina-de-inicio\\\/\"},{\"@type\":\"ListItem\",\"position\":2,\"name\":\"Vuelve el Nomad Festival en Miami Platja del 23 al 27 de agosto\"}]},{\"@type\":\"WebSite\",\"@id\":\"https:\\\/\\\/mont-roig.cat\\\/es\\\/#website\",\"url\":\"https:\\\/\\\/mont-roig.cat\\\/es\\\/\",\"name\":\"Ajuntament de Mont-roig del Camp\",\"description\":\"Tota la informaci\u00f3 sobre la instituci\u00f3, els seus \u00f2rgans de govern, actualitat, serveis i molt m\u00e9s.\",\"potentialAction\":[{\"@type\":\"SearchAction\",\"target\":{\"@type\":\"EntryPoint\",\"urlTemplate\":\"https:\\\/\\\/mont-roig.cat\\\/es\\\/?s={search_term_string}\"},\"query-input\":{\"@type\":\"PropertyValueSpecification\",\"valueRequired\":true,\"valueName\":\"search_term_string\"}}],\"inLanguage\":\"es\"},{\"@type\":\"Person\",\"@id\":\"https:\\\/\\\/mont-roig.cat\\\/es\\\/#\\\/schema\\\/person\\\/f2b111789f22b7d0c3bd6786c9128cba\",\"name\":\"administrador\",\"image\":{\"@type\":\"ImageObject\",\"inLanguage\":\"es\",\"@id\":\"https:\\\/\\\/secure.gravatar.com\\\/avatar\\\/9137aac6891e2595c9d3036fd83bcb653b4db3c946db4c7d9b9be193c3c944bb?s=96&d=mm&r=g\",\"url\":\"https:\\\/\\\/secure.gravatar.com\\\/avatar\\\/9137aac6891e2595c9d3036fd83bcb653b4db3c946db4c7d9b9be193c3c944bb?s=96&d=mm&r=g\",\"contentUrl\":\"https:\\\/\\\/secure.gravatar.com\\\/avatar\\\/9137aac6891e2595c9d3036fd83bcb653b4db3c946db4c7d9b9be193c3c944bb?s=96&d=mm&r=g\",\"caption\":\"administrador\"},\"url\":\"https:\\\/\\\/mont-roig.cat\\\/es\\\/actualitat\\\/noticies\\\/author\\\/administrador\\\/\"}]}<\/script>\n<!-- \/ Yoast SEO plugin. -->","yoast_head_json":{"title":"Vuelve el Nomad Festival en Miami Platja del 23 al 27 de agosto - Ajuntament de Mont-roig del Camp","robots":{"index":"index","follow":"follow","max-snippet":"max-snippet:-1","max-image-preview":"max-image-preview:large","max-video-preview":"max-video-preview:-1"},"canonical":"https:\/\/mont-roig.cat\/es\/actualitat\/noticies\/vuelve-el-nomad-festival-en-miami-platja-del-23-al-27-de-agosto\/","og_locale":"es_ES","og_type":"article","og_title":"Vuelve el Nomad Festival en Miami Platja del 23 al 27 de agosto - Ajuntament de Mont-roig del Camp","og_description":"El certamen llevar\u00e1 a la Punta del Riu m\u00fasica en directo, espect\u00e1culos infantiles, food trucks y varios stands de moda, dise\u00f1o de autor, hand-made y decoraci\u00f3n El Nomad Festival volver\u00e1 a hacer parada en Miami Platja, este a\u00f1o del 23 al 27 de agosto. Por segundo a\u00f1o consecutivo el certamen llevar\u00e1 hasta la Punta del [&hellip;]","og_url":"https:\/\/mont-roig.cat\/es\/actualitat\/noticies\/vuelve-el-nomad-festival-en-miami-platja-del-23-al-27-de-agosto\/","og_site_name":"Ajuntament de Mont-roig del Camp","article_published_time":"2017-08-21T10:15:36+00:00","article_modified_time":"2022-02-08T20:15:48+00:00","og_image":[{"width":595,"height":842,"url":"https:\/\/mont-roig.cat\/wp-content\/uploads\/Festival-Nomad-2017.jpg","type":"image\/jpeg"}],"author":"administrador","twitter_card":"summary_large_image","twitter_misc":{"Escrito por":"administrador","Tiempo de lectura":"2 minutos"},"schema":{"@context":"https:\/\/schema.org","@graph":[{"@type":"Article","@id":"https:\/\/mont-roig.cat\/es\/actualitat\/noticies\/vuelve-el-nomad-festival-en-miami-platja-del-23-al-27-de-agosto\/#article","isPartOf":{"@id":"https:\/\/mont-roig.cat\/es\/actualitat\/noticies\/vuelve-el-nomad-festival-en-miami-platja-del-23-al-27-de-agosto\/"},"author":{"name":"administrador","@id":"https:\/\/mont-roig.cat\/es\/#\/schema\/person\/f2b111789f22b7d0c3bd6786c9128cba"},"headline":"Vuelve el Nomad Festival en Miami Platja del 23 al 27 de agosto","datePublished":"2017-08-21T10:15:36+00:00","dateModified":"2022-02-08T20:15:48+00:00","mainEntityOfPage":{"@id":"https:\/\/mont-roig.cat\/es\/actualitat\/noticies\/vuelve-el-nomad-festival-en-miami-platja-del-23-al-27-de-agosto\/"},"wordCount":290,"image":{"@id":"https:\/\/mont-roig.cat\/es\/actualitat\/noticies\/vuelve-el-nomad-festival-en-miami-platja-del-23-al-27-de-agosto\/#primaryimage"},"thumbnailUrl":"https:\/\/mont-roig.cat\/wp-content\/uploads\/Festival-Nomad-2017.jpg","articleSection":["Festes"],"inLanguage":"es"},{"@type":"WebPage","@id":"https:\/\/mont-roig.cat\/es\/actualitat\/noticies\/vuelve-el-nomad-festival-en-miami-platja-del-23-al-27-de-agosto\/","url":"https:\/\/mont-roig.cat\/es\/actualitat\/noticies\/vuelve-el-nomad-festival-en-miami-platja-del-23-al-27-de-agosto\/","name":"Vuelve el Nomad Festival en Miami Platja del 23 al 27 de agosto - Ajuntament de Mont-roig del Camp","isPartOf":{"@id":"https:\/\/mont-roig.cat\/es\/#website"},"primaryImageOfPage":{"@id":"https:\/\/mont-roig.cat\/es\/actualitat\/noticies\/vuelve-el-nomad-festival-en-miami-platja-del-23-al-27-de-agosto\/#primaryimage"},"image":{"@id":"https:\/\/mont-roig.cat\/es\/actualitat\/noticies\/vuelve-el-nomad-festival-en-miami-platja-del-23-al-27-de-agosto\/#primaryimage"},"thumbnailUrl":"https:\/\/mont-roig.cat\/wp-content\/uploads\/Festival-Nomad-2017.jpg","datePublished":"2017-08-21T10:15:36+00:00","dateModified":"2022-02-08T20:15:48+00:00","author":{"@id":"https:\/\/mont-roig.cat\/es\/#\/schema\/person\/f2b111789f22b7d0c3bd6786c9128cba"},"breadcrumb":{"@id":"https:\/\/mont-roig.cat\/es\/actualitat\/noticies\/vuelve-el-nomad-festival-en-miami-platja-del-23-al-27-de-agosto\/#breadcrumb"},"inLanguage":"es","potentialAction":[{"@type":"ReadAction","target":["https:\/\/mont-roig.cat\/es\/actualitat\/noticies\/vuelve-el-nomad-festival-en-miami-platja-del-23-al-27-de-agosto\/"]}]},{"@type":"ImageObject","inLanguage":"es","@id":"https:\/\/mont-roig.cat\/es\/actualitat\/noticies\/vuelve-el-nomad-festival-en-miami-platja-del-23-al-27-de-agosto\/#primaryimage","url":"https:\/\/mont-roig.cat\/wp-content\/uploads\/Festival-Nomad-2017.jpg","contentUrl":"https:\/\/mont-roig.cat\/wp-content\/uploads\/Festival-Nomad-2017.jpg","width":595,"height":842},{"@type":"BreadcrumbList","@id":"https:\/\/mont-roig.cat\/es\/actualitat\/noticies\/vuelve-el-nomad-festival-en-miami-platja-del-23-al-27-de-agosto\/#breadcrumb","itemListElement":[{"@type":"ListItem","position":1,"name":"Inici","item":"https:\/\/mont-roig.cat\/es\/pagina-de-inicio\/"},{"@type":"ListItem","position":2,"name":"Vuelve el Nomad Festival en Miami Platja del 23 al 27 de agosto"}]},{"@type":"WebSite","@id":"https:\/\/mont-roig.cat\/es\/#website","url":"https:\/\/mont-roig.cat\/es\/","name":"Ajuntament de Mont-roig del Camp","description":"Tota la informaci\u00f3 sobre la instituci\u00f3, els seus \u00f2rgans de govern, actualitat, serveis i molt m\u00e9s.","potentialAction":[{"@type":"SearchAction","target":{"@type":"EntryPoint","urlTemplate":"https:\/\/mont-roig.cat\/es\/?s={search_term_string}"},"query-input":{"@type":"PropertyValueSpecification","valueRequired":true,"valueName":"search_term_string"}}],"inLanguage":"es"},{"@type":"Person","@id":"https:\/\/mont-roig.cat\/es\/#\/schema\/person\/f2b111789f22b7d0c3bd6786c9128cba","name":"administrador","image":{"@type":"ImageObject","inLanguage":"es","@id":"https:\/\/secure.gravatar.com\/avatar\/9137aac6891e2595c9d3036fd83bcb653b4db3c946db4c7d9b9be193c3c944bb?s=96&d=mm&r=g","url":"https:\/\/secure.gravatar.com\/avatar\/9137aac6891e2595c9d3036fd83bcb653b4db3c946db4c7d9b9be193c3c944bb?s=96&d=mm&r=g","contentUrl":"https:\/\/secure.gravatar.com\/avatar\/9137aac6891e2595c9d3036fd83bcb653b4db3c946db4c7d9b9be193c3c944bb?s=96&d=mm&r=g","caption":"administrador"},"url":"https:\/\/mont-roig.cat\/es\/actualitat\/noticies\/author\/administrador\/"}]}},"_links":{"self":[{"href":"https:\/\/mont-roig.cat\/es\/wp-json\/wp\/v2\/posts\/21239","targetHints":{"allow":["GET"]}}],"collection":[{"href":"https:\/\/mont-roig.cat\/es\/wp-json\/wp\/v2\/posts"}],"about":[{"href":"https:\/\/mont-roig.cat\/es\/wp-json\/wp\/v2\/types\/post"}],"author":[{"embeddable":true,"href":"https:\/\/mont-roig.cat\/es\/wp-json\/wp\/v2\/users\/4"}],"replies":[{"embeddable":true,"href":"https:\/\/mont-roig.cat\/es\/wp-json\/wp\/v2\/comments?post=21239"}],"version-history":[{"count":3,"href":"https:\/\/mont-roig.cat\/es\/wp-json\/wp\/v2\/posts\/21239\/revisions"}],"predecessor-version":[{"id":60549,"href":"https:\/\/mont-roig.cat\/es\/wp-json\/wp\/v2\/posts\/21239\/revisions\/60549"}],"wp:featuredmedia":[{"embeddable":true,"href":"https:\/\/mont-roig.cat\/es\/wp-json\/wp\/v2\/media\/21227"}],"wp:attachment":[{"href":"https:\/\/mont-roig.cat\/es\/wp-json\/wp\/v2\/media?parent=21239"}],"wp:term":[{"taxonomy":"category","embeddable":true,"href":"https:\/\/mont-roig.cat\/es\/wp-json\/wp\/v2\/categories?post=21239"},{"taxonomy":"post_tag","embeddable":true,"href":"https:\/\/mont-roig.cat\/es\/wp-json\/wp\/v2\/tags?post=21239"}],"curies":[{"name":"wp","href":"https:\/\/api.w.org\/{rel}","templated":true}]}}