{"id":21412,"date":"2017-08-29T09:57:07","date_gmt":"2017-08-29T07:57:07","guid":{"rendered":"http:\/\/mont-roig.cat\/actualitat\/noticies\/els-joves-de-la-florida-organitzen-un-torneig-de-futbol-al-barri\/"},"modified":"2017-08-29T10:51:30","modified_gmt":"2017-08-29T08:51:30","slug":"los-jovenes-de-la-florida-organizan-un-torneo-de-futbol-en-el-barrio","status":"publish","type":"post","link":"https:\/\/mont-roig.cat\/es\/actualitat\/noticies\/los-jovenes-de-la-florida-organizan-un-torneo-de-futbol-en-el-barrio\/","title":{"rendered":"Los j\u00f3venes de La Florida organizan un torneo de f\u00fatbol en el barrio"},"content":{"rendered":"<p><strong><img loading=\"lazy\" decoding=\"async\" class=\"wp-image-21410 alignright\" src=\"http:\/\/mont-roig.cat\/wp-content\/uploads\/FUTBOL-1-355x500.png\" alt=\"\" width=\"250\" height=\"352\" srcset=\"https:\/\/mont-roig.cat\/wp-content\/uploads\/FUTBOL-1-355x500.png 355w, https:\/\/mont-roig.cat\/wp-content\/uploads\/FUTBOL-1-768x1083.png 768w, https:\/\/mont-roig.cat\/wp-content\/uploads\/FUTBOL-1-726x1024.png 726w, https:\/\/mont-roig.cat\/wp-content\/uploads\/FUTBOL-1.png 1024w\" sizes=\"auto, (max-width: 250px) 100vw, 250px\" \/><\/strong><\/p>\n<p><strong>El evento deportivo, que contar\u00e1 con la participaci\u00f3n de 10 equipos, ha surgido del trabajo realizado por los j\u00f3venes a trav\u00e9s de un programa del Pla de Barris<\/strong><\/p>\n<p>Un total de 10 equipos participar\u00e1n en el torneo de f\u00fatbol sala que se celebrar\u00e1 el pr\u00f3ximo 17 de septiembre en el polideportivo municipal de Miami Platja. La competici\u00f3n deportiva, que reunir\u00e1 a un centenar de personas, ha sido organizada por los chicos que participan en el Programa de J\u00f3venes que ha impulsado el Pla de Barris de La Florida.<\/p>\n<p>Desde este programa, que se puso en marcha el mes de mayo y que cuenta con un servicio de dinamizaci\u00f3n juvenil, se ha trabajado con los j\u00f3venes para conseguir fomentar su participaci\u00f3n e implicaci\u00f3n en la mejora del barrio.<\/p>\n<p>El proyecto del torneo de f\u00fatbol, \u200b\u200bideado por los mismos j\u00f3venes y fruto de este trabajo colectivo, ha permitido canalizar de manera positiva sus inquietudes, pues ellos mismos se han encargado de impulsar la actividad, buscar equipos, inscripciones, reglamento y funcionamiento del torneo. Adem\u00e1s, tambi\u00e9n ha permitido llevar el deporte en el barrio, educar en h\u00e1bitos saludables, trabajar para superar los estereotipos de g\u00e9nero, origen y clase social con la creaci\u00f3n de dos categor\u00edas y optando por una competici\u00f3n abierta a todos. En definitiva, ha servido para fomentar el v\u00ednculo entre el colectivo heterog\u00e9neo de j\u00f3venes del barrio a trav\u00e9s de una actividad que les ha permitido conocerse y crear relaciones de trabajo entre\u00a0ellos.<\/p>\n<p><strong>Informaci\u00f3n en el Casal de J\u00f3venes<\/strong><\/p>\n<p>La iniciativa ha tenido muy buena respuesta y contar\u00e1 con la participaci\u00f3n de 6 equipos masculinos y 4 femeninos. Los finalistas de cada categor\u00eda obtendr\u00e1n de premio una salida en kayak. Las personas que quieran participar pueden informarse en el Casal de J\u00f3venes K2 de Miami Platja.<\/p>\n","protected":false},"excerpt":{"rendered":"<p>El evento deportivo, que contar\u00e1 con la participaci\u00f3n de 10 equipos, ha surgido del trabajo realizado por los j\u00f3venes a trav\u00e9s de un programa del Pla de Barris Un total de 10 equipos participar\u00e1n en el torneo de f\u00fatbol sala que se celebrar\u00e1 el pr\u00f3ximo 17 de septiembre en el polideportivo municipal de Miami Platja. [&hellip;]<\/p>\n","protected":false},"author":4,"featured_media":21410,"comment_status":"closed","ping_status":"closed","sticky":false,"template":"","format":"standard","meta":{"inline_featured_image":false,"_monsterinsights_skip_tracking":false,"_monsterinsights_sitenote_active":false,"_monsterinsights_sitenote_note":"","_monsterinsights_sitenote_category":0,"footnotes":""},"categories":[98,71,135],"tags":[],"class_list":["post-21412","post","type-post","status-publish","format-standard","has-post-thumbnail","hentry","category-ayuntamiento","category-general-es","category-plan-de-barrios-es"],"yoast_head":"<!-- This site is optimized with the Yoast SEO plugin v27.4 - https:\/\/yoast.com\/product\/yoast-seo-wordpress\/ -->\n<title>Los j\u00f3venes de La Florida organizan un torneo de f\u00fatbol en el barrio - Ajuntament de Mont-roig del Camp<\/title>\n<meta name=\"robots\" content=\"index, follow, max-snippet:-1, max-image-preview:large, max-video-preview:-1\" \/>\n<link rel=\"canonical\" href=\"https:\/\/mont-roig.cat\/es\/actualitat\/noticies\/los-jovenes-de-la-florida-organizan-un-torneo-de-futbol-en-el-barrio\/\" \/>\n<meta property=\"og:locale\" content=\"es_ES\" \/>\n<meta property=\"og:type\" content=\"article\" \/>\n<meta property=\"og:title\" content=\"Los j\u00f3venes de La Florida organizan un torneo de f\u00fatbol en el barrio - Ajuntament de Mont-roig del Camp\" \/>\n<meta property=\"og:description\" content=\"El evento deportivo, que contar\u00e1 con la participaci\u00f3n de 10 equipos, ha surgido del trabajo realizado por los j\u00f3venes a trav\u00e9s de un programa del Pla de Barris Un total de 10 equipos participar\u00e1n en el torneo de f\u00fatbol sala que se celebrar\u00e1 el pr\u00f3ximo 17 de septiembre en el polideportivo municipal de Miami Platja. [&hellip;]\" \/>\n<meta property=\"og:url\" content=\"https:\/\/mont-roig.cat\/es\/actualitat\/noticies\/los-jovenes-de-la-florida-organizan-un-torneo-de-futbol-en-el-barrio\/\" \/>\n<meta property=\"og:site_name\" content=\"Ajuntament de Mont-roig del Camp\" \/>\n<meta property=\"article:published_time\" content=\"2017-08-29T07:57:07+00:00\" \/>\n<meta property=\"article:modified_time\" content=\"2017-08-29T08:51:30+00:00\" \/>\n<meta property=\"og:image\" content=\"https:\/\/mont-roig.cat\/wp-content\/uploads\/FUTBOL-1.png\" \/>\n\t<meta property=\"og:image:width\" content=\"1024\" \/>\n\t<meta property=\"og:image:height\" content=\"1444\" \/>\n\t<meta property=\"og:image:type\" content=\"image\/png\" \/>\n<meta name=\"author\" content=\"administrador\" \/>\n<meta name=\"twitter:card\" content=\"summary_large_image\" \/>\n<meta name=\"twitter:label1\" content=\"Escrito por\" \/>\n\t<meta name=\"twitter:data1\" content=\"administrador\" \/>\n\t<meta name=\"twitter:label2\" content=\"Tiempo de lectura\" \/>\n\t<meta name=\"twitter:data2\" content=\"2 minutos\" \/>\n<script type=\"application\/ld+json\" class=\"yoast-schema-graph\">{\"@context\":\"https:\\\/\\\/schema.org\",\"@graph\":[{\"@type\":\"Article\",\"@id\":\"https:\\\/\\\/mont-roig.cat\\\/es\\\/actualitat\\\/noticies\\\/los-jovenes-de-la-florida-organizan-un-torneo-de-futbol-en-el-barrio\\\/#article\",\"isPartOf\":{\"@id\":\"https:\\\/\\\/mont-roig.cat\\\/es\\\/actualitat\\\/noticies\\\/los-jovenes-de-la-florida-organizan-un-torneo-de-futbol-en-el-barrio\\\/\"},\"author\":{\"name\":\"administrador\",\"@id\":\"https:\\\/\\\/mont-roig.cat\\\/es\\\/#\\\/schema\\\/person\\\/f2b111789f22b7d0c3bd6786c9128cba\"},\"headline\":\"Los j\u00f3venes de La Florida organizan un torneo de f\u00fatbol en el barrio\",\"datePublished\":\"2017-08-29T07:57:07+00:00\",\"dateModified\":\"2017-08-29T08:51:30+00:00\",\"mainEntityOfPage\":{\"@id\":\"https:\\\/\\\/mont-roig.cat\\\/es\\\/actualitat\\\/noticies\\\/los-jovenes-de-la-florida-organizan-un-torneo-de-futbol-en-el-barrio\\\/\"},\"wordCount\":338,\"image\":{\"@id\":\"https:\\\/\\\/mont-roig.cat\\\/es\\\/actualitat\\\/noticies\\\/los-jovenes-de-la-florida-organizan-un-torneo-de-futbol-en-el-barrio\\\/#primaryimage\"},\"thumbnailUrl\":\"https:\\\/\\\/mont-roig.cat\\\/wp-content\\\/uploads\\\/FUTBOL-1.png\",\"articleSection\":[\"Ayuntamiento\",\"General\",\"Pla de Barris\"],\"inLanguage\":\"es\"},{\"@type\":\"WebPage\",\"@id\":\"https:\\\/\\\/mont-roig.cat\\\/es\\\/actualitat\\\/noticies\\\/los-jovenes-de-la-florida-organizan-un-torneo-de-futbol-en-el-barrio\\\/\",\"url\":\"https:\\\/\\\/mont-roig.cat\\\/es\\\/actualitat\\\/noticies\\\/los-jovenes-de-la-florida-organizan-un-torneo-de-futbol-en-el-barrio\\\/\",\"name\":\"Los j\u00f3venes de La Florida organizan un torneo de f\u00fatbol en el barrio - Ajuntament de Mont-roig del Camp\",\"isPartOf\":{\"@id\":\"https:\\\/\\\/mont-roig.cat\\\/es\\\/#website\"},\"primaryImageOfPage\":{\"@id\":\"https:\\\/\\\/mont-roig.cat\\\/es\\\/actualitat\\\/noticies\\\/los-jovenes-de-la-florida-organizan-un-torneo-de-futbol-en-el-barrio\\\/#primaryimage\"},\"image\":{\"@id\":\"https:\\\/\\\/mont-roig.cat\\\/es\\\/actualitat\\\/noticies\\\/los-jovenes-de-la-florida-organizan-un-torneo-de-futbol-en-el-barrio\\\/#primaryimage\"},\"thumbnailUrl\":\"https:\\\/\\\/mont-roig.cat\\\/wp-content\\\/uploads\\\/FUTBOL-1.png\",\"datePublished\":\"2017-08-29T07:57:07+00:00\",\"dateModified\":\"2017-08-29T08:51:30+00:00\",\"author\":{\"@id\":\"https:\\\/\\\/mont-roig.cat\\\/es\\\/#\\\/schema\\\/person\\\/f2b111789f22b7d0c3bd6786c9128cba\"},\"breadcrumb\":{\"@id\":\"https:\\\/\\\/mont-roig.cat\\\/es\\\/actualitat\\\/noticies\\\/los-jovenes-de-la-florida-organizan-un-torneo-de-futbol-en-el-barrio\\\/#breadcrumb\"},\"inLanguage\":\"es\",\"potentialAction\":[{\"@type\":\"ReadAction\",\"target\":[\"https:\\\/\\\/mont-roig.cat\\\/es\\\/actualitat\\\/noticies\\\/los-jovenes-de-la-florida-organizan-un-torneo-de-futbol-en-el-barrio\\\/\"]}]},{\"@type\":\"ImageObject\",\"inLanguage\":\"es\",\"@id\":\"https:\\\/\\\/mont-roig.cat\\\/es\\\/actualitat\\\/noticies\\\/los-jovenes-de-la-florida-organizan-un-torneo-de-futbol-en-el-barrio\\\/#primaryimage\",\"url\":\"https:\\\/\\\/mont-roig.cat\\\/wp-content\\\/uploads\\\/FUTBOL-1.png\",\"contentUrl\":\"https:\\\/\\\/mont-roig.cat\\\/wp-content\\\/uploads\\\/FUTBOL-1.png\",\"width\":1024,\"height\":1444},{\"@type\":\"BreadcrumbList\",\"@id\":\"https:\\\/\\\/mont-roig.cat\\\/es\\\/actualitat\\\/noticies\\\/los-jovenes-de-la-florida-organizan-un-torneo-de-futbol-en-el-barrio\\\/#breadcrumb\",\"itemListElement\":[{\"@type\":\"ListItem\",\"position\":1,\"name\":\"Inici\",\"item\":\"https:\\\/\\\/mont-roig.cat\\\/es\\\/pagina-de-inicio\\\/\"},{\"@type\":\"ListItem\",\"position\":2,\"name\":\"Los j\u00f3venes de La Florida organizan un torneo de f\u00fatbol en el barrio\"}]},{\"@type\":\"WebSite\",\"@id\":\"https:\\\/\\\/mont-roig.cat\\\/es\\\/#website\",\"url\":\"https:\\\/\\\/mont-roig.cat\\\/es\\\/\",\"name\":\"Ajuntament de Mont-roig del Camp\",\"description\":\"Tota la informaci\u00f3 sobre la instituci\u00f3, els seus \u00f2rgans de govern, actualitat, serveis i molt m\u00e9s.\",\"potentialAction\":[{\"@type\":\"SearchAction\",\"target\":{\"@type\":\"EntryPoint\",\"urlTemplate\":\"https:\\\/\\\/mont-roig.cat\\\/es\\\/?s={search_term_string}\"},\"query-input\":{\"@type\":\"PropertyValueSpecification\",\"valueRequired\":true,\"valueName\":\"search_term_string\"}}],\"inLanguage\":\"es\"},{\"@type\":\"Person\",\"@id\":\"https:\\\/\\\/mont-roig.cat\\\/es\\\/#\\\/schema\\\/person\\\/f2b111789f22b7d0c3bd6786c9128cba\",\"name\":\"administrador\",\"image\":{\"@type\":\"ImageObject\",\"inLanguage\":\"es\",\"@id\":\"https:\\\/\\\/secure.gravatar.com\\\/avatar\\\/9137aac6891e2595c9d3036fd83bcb653b4db3c946db4c7d9b9be193c3c944bb?s=96&d=mm&r=g\",\"url\":\"https:\\\/\\\/secure.gravatar.com\\\/avatar\\\/9137aac6891e2595c9d3036fd83bcb653b4db3c946db4c7d9b9be193c3c944bb?s=96&d=mm&r=g\",\"contentUrl\":\"https:\\\/\\\/secure.gravatar.com\\\/avatar\\\/9137aac6891e2595c9d3036fd83bcb653b4db3c946db4c7d9b9be193c3c944bb?s=96&d=mm&r=g\",\"caption\":\"administrador\"},\"url\":\"https:\\\/\\\/mont-roig.cat\\\/es\\\/actualitat\\\/noticies\\\/author\\\/administrador\\\/\"}]}<\/script>\n<!-- \/ Yoast SEO plugin. -->","yoast_head_json":{"title":"Los j\u00f3venes de La Florida organizan un torneo de f\u00fatbol en el barrio - Ajuntament de Mont-roig del Camp","robots":{"index":"index","follow":"follow","max-snippet":"max-snippet:-1","max-image-preview":"max-image-preview:large","max-video-preview":"max-video-preview:-1"},"canonical":"https:\/\/mont-roig.cat\/es\/actualitat\/noticies\/los-jovenes-de-la-florida-organizan-un-torneo-de-futbol-en-el-barrio\/","og_locale":"es_ES","og_type":"article","og_title":"Los j\u00f3venes de La Florida organizan un torneo de f\u00fatbol en el barrio - Ajuntament de Mont-roig del Camp","og_description":"El evento deportivo, que contar\u00e1 con la participaci\u00f3n de 10 equipos, ha surgido del trabajo realizado por los j\u00f3venes a trav\u00e9s de un programa del Pla de Barris Un total de 10 equipos participar\u00e1n en el torneo de f\u00fatbol sala que se celebrar\u00e1 el pr\u00f3ximo 17 de septiembre en el polideportivo municipal de Miami Platja. [&hellip;]","og_url":"https:\/\/mont-roig.cat\/es\/actualitat\/noticies\/los-jovenes-de-la-florida-organizan-un-torneo-de-futbol-en-el-barrio\/","og_site_name":"Ajuntament de Mont-roig del Camp","article_published_time":"2017-08-29T07:57:07+00:00","article_modified_time":"2017-08-29T08:51:30+00:00","og_image":[{"width":1024,"height":1444,"url":"https:\/\/mont-roig.cat\/wp-content\/uploads\/FUTBOL-1.png","type":"image\/png"}],"author":"administrador","twitter_card":"summary_large_image","twitter_misc":{"Escrito por":"administrador","Tiempo de lectura":"2 minutos"},"schema":{"@context":"https:\/\/schema.org","@graph":[{"@type":"Article","@id":"https:\/\/mont-roig.cat\/es\/actualitat\/noticies\/los-jovenes-de-la-florida-organizan-un-torneo-de-futbol-en-el-barrio\/#article","isPartOf":{"@id":"https:\/\/mont-roig.cat\/es\/actualitat\/noticies\/los-jovenes-de-la-florida-organizan-un-torneo-de-futbol-en-el-barrio\/"},"author":{"name":"administrador","@id":"https:\/\/mont-roig.cat\/es\/#\/schema\/person\/f2b111789f22b7d0c3bd6786c9128cba"},"headline":"Los j\u00f3venes de La Florida organizan un torneo de f\u00fatbol en el barrio","datePublished":"2017-08-29T07:57:07+00:00","dateModified":"2017-08-29T08:51:30+00:00","mainEntityOfPage":{"@id":"https:\/\/mont-roig.cat\/es\/actualitat\/noticies\/los-jovenes-de-la-florida-organizan-un-torneo-de-futbol-en-el-barrio\/"},"wordCount":338,"image":{"@id":"https:\/\/mont-roig.cat\/es\/actualitat\/noticies\/los-jovenes-de-la-florida-organizan-un-torneo-de-futbol-en-el-barrio\/#primaryimage"},"thumbnailUrl":"https:\/\/mont-roig.cat\/wp-content\/uploads\/FUTBOL-1.png","articleSection":["Ayuntamiento","General","Pla de Barris"],"inLanguage":"es"},{"@type":"WebPage","@id":"https:\/\/mont-roig.cat\/es\/actualitat\/noticies\/los-jovenes-de-la-florida-organizan-un-torneo-de-futbol-en-el-barrio\/","url":"https:\/\/mont-roig.cat\/es\/actualitat\/noticies\/los-jovenes-de-la-florida-organizan-un-torneo-de-futbol-en-el-barrio\/","name":"Los j\u00f3venes de La Florida organizan un torneo de f\u00fatbol en el barrio - Ajuntament de Mont-roig del Camp","isPartOf":{"@id":"https:\/\/mont-roig.cat\/es\/#website"},"primaryImageOfPage":{"@id":"https:\/\/mont-roig.cat\/es\/actualitat\/noticies\/los-jovenes-de-la-florida-organizan-un-torneo-de-futbol-en-el-barrio\/#primaryimage"},"image":{"@id":"https:\/\/mont-roig.cat\/es\/actualitat\/noticies\/los-jovenes-de-la-florida-organizan-un-torneo-de-futbol-en-el-barrio\/#primaryimage"},"thumbnailUrl":"https:\/\/mont-roig.cat\/wp-content\/uploads\/FUTBOL-1.png","datePublished":"2017-08-29T07:57:07+00:00","dateModified":"2017-08-29T08:51:30+00:00","author":{"@id":"https:\/\/mont-roig.cat\/es\/#\/schema\/person\/f2b111789f22b7d0c3bd6786c9128cba"},"breadcrumb":{"@id":"https:\/\/mont-roig.cat\/es\/actualitat\/noticies\/los-jovenes-de-la-florida-organizan-un-torneo-de-futbol-en-el-barrio\/#breadcrumb"},"inLanguage":"es","potentialAction":[{"@type":"ReadAction","target":["https:\/\/mont-roig.cat\/es\/actualitat\/noticies\/los-jovenes-de-la-florida-organizan-un-torneo-de-futbol-en-el-barrio\/"]}]},{"@type":"ImageObject","inLanguage":"es","@id":"https:\/\/mont-roig.cat\/es\/actualitat\/noticies\/los-jovenes-de-la-florida-organizan-un-torneo-de-futbol-en-el-barrio\/#primaryimage","url":"https:\/\/mont-roig.cat\/wp-content\/uploads\/FUTBOL-1.png","contentUrl":"https:\/\/mont-roig.cat\/wp-content\/uploads\/FUTBOL-1.png","width":1024,"height":1444},{"@type":"BreadcrumbList","@id":"https:\/\/mont-roig.cat\/es\/actualitat\/noticies\/los-jovenes-de-la-florida-organizan-un-torneo-de-futbol-en-el-barrio\/#breadcrumb","itemListElement":[{"@type":"ListItem","position":1,"name":"Inici","item":"https:\/\/mont-roig.cat\/es\/pagina-de-inicio\/"},{"@type":"ListItem","position":2,"name":"Los j\u00f3venes de La Florida organizan un torneo de f\u00fatbol en el barrio"}]},{"@type":"WebSite","@id":"https:\/\/mont-roig.cat\/es\/#website","url":"https:\/\/mont-roig.cat\/es\/","name":"Ajuntament de Mont-roig del Camp","description":"Tota la informaci\u00f3 sobre la instituci\u00f3, els seus \u00f2rgans de govern, actualitat, serveis i molt m\u00e9s.","potentialAction":[{"@type":"SearchAction","target":{"@type":"EntryPoint","urlTemplate":"https:\/\/mont-roig.cat\/es\/?s={search_term_string}"},"query-input":{"@type":"PropertyValueSpecification","valueRequired":true,"valueName":"search_term_string"}}],"inLanguage":"es"},{"@type":"Person","@id":"https:\/\/mont-roig.cat\/es\/#\/schema\/person\/f2b111789f22b7d0c3bd6786c9128cba","name":"administrador","image":{"@type":"ImageObject","inLanguage":"es","@id":"https:\/\/secure.gravatar.com\/avatar\/9137aac6891e2595c9d3036fd83bcb653b4db3c946db4c7d9b9be193c3c944bb?s=96&d=mm&r=g","url":"https:\/\/secure.gravatar.com\/avatar\/9137aac6891e2595c9d3036fd83bcb653b4db3c946db4c7d9b9be193c3c944bb?s=96&d=mm&r=g","contentUrl":"https:\/\/secure.gravatar.com\/avatar\/9137aac6891e2595c9d3036fd83bcb653b4db3c946db4c7d9b9be193c3c944bb?s=96&d=mm&r=g","caption":"administrador"},"url":"https:\/\/mont-roig.cat\/es\/actualitat\/noticies\/author\/administrador\/"}]}},"_links":{"self":[{"href":"https:\/\/mont-roig.cat\/es\/wp-json\/wp\/v2\/posts\/21412","targetHints":{"allow":["GET"]}}],"collection":[{"href":"https:\/\/mont-roig.cat\/es\/wp-json\/wp\/v2\/posts"}],"about":[{"href":"https:\/\/mont-roig.cat\/es\/wp-json\/wp\/v2\/types\/post"}],"author":[{"embeddable":true,"href":"https:\/\/mont-roig.cat\/es\/wp-json\/wp\/v2\/users\/4"}],"replies":[{"embeddable":true,"href":"https:\/\/mont-roig.cat\/es\/wp-json\/wp\/v2\/comments?post=21412"}],"version-history":[{"count":3,"href":"https:\/\/mont-roig.cat\/es\/wp-json\/wp\/v2\/posts\/21412\/revisions"}],"predecessor-version":[{"id":21415,"href":"https:\/\/mont-roig.cat\/es\/wp-json\/wp\/v2\/posts\/21412\/revisions\/21415"}],"wp:featuredmedia":[{"embeddable":true,"href":"https:\/\/mont-roig.cat\/es\/wp-json\/wp\/v2\/media\/21410"}],"wp:attachment":[{"href":"https:\/\/mont-roig.cat\/es\/wp-json\/wp\/v2\/media?parent=21412"}],"wp:term":[{"taxonomy":"category","embeddable":true,"href":"https:\/\/mont-roig.cat\/es\/wp-json\/wp\/v2\/categories?post=21412"},{"taxonomy":"post_tag","embeddable":true,"href":"https:\/\/mont-roig.cat\/es\/wp-json\/wp\/v2\/tags?post=21412"}],"curies":[{"name":"wp","href":"https:\/\/api.w.org\/{rel}","templated":true}]}}