{"id":21433,"date":"2017-08-29T15:27:16","date_gmt":"2017-08-29T13:27:16","guid":{"rendered":"http:\/\/mont-roig.cat\/actualitat\/noticies\/proceso-selectivo-para-la-contratacion-temporal-de-un-a-agente-de-empleo-y-desarrollo-local\/"},"modified":"2017-08-29T15:31:27","modified_gmt":"2017-08-29T13:31:27","slug":"proceso-selectivo-para-la-contratacion-temporal-de-un-a-agente-de-empleo-y-desarrollo-local","status":"publish","type":"post","link":"https:\/\/mont-roig.cat\/es\/actualitat\/noticies\/proceso-selectivo-para-la-contratacion-temporal-de-un-a-agente-de-empleo-y-desarrollo-local\/","title":{"rendered":"Proceso selectivo para la contrataci\u00f3n temporal de un \/ a Agente de Empleo y Desarrollo Local"},"content":{"rendered":"<p><strong>El plazo para presentar las solicitudes comienza el 30 de agosto y finaliza el 14 de septiembre<\/strong><\/p>\n<p>El Ayuntamiento de Mont-roig del Camp abre un proceso selectivo para la contrataci\u00f3n temporal de un\/a Agente de Empleo y Desarrollo Local adscrito al \u00c1rea de impulso Econ\u00f3mico y Empleo.<\/p>\n<p>El aspirante, que debe ser especialista en temas de desarrollo econ\u00f3mico local y empleo, realizar\u00e1 tareas de asesoramiento y formaci\u00f3n para empresarios, emprendedores, parados y ejecuci\u00f3n y planificaci\u00f3n de proyectos y actividades econ\u00f3micas en el municipio, entre otros.<\/p>\n<p>La modalidad contractual ser\u00e1 temporal de obra o servicio determinado, en jornada laboral de 37,5 horas semanales seg\u00fan necesidades del servicio, por el plazo inicial de un a\u00f1o y mediante el procedimiento de concurso-oposici\u00f3n.<\/p>\n<p>La contrataci\u00f3n del aspirante que haya quedado en primera posici\u00f3n quedar\u00e1 condicionada al otorgamiento al Ayuntamiento por parte del Departamento de trabajo, asuntos sociales y familias de la Generalidad de Catalu\u00f1a de la subvenci\u00f3n correspondiente seg\u00fan resoluci\u00f3n (TSF \/ 1322\/2017, 25 de mayo).<\/p>\n<p>Para optar al proceso hay que estar en posesi\u00f3n de titulaci\u00f3n universitaria grado, ciencias empresariales, relaciones laborales o equivalente y estar inscrito, con car\u00e1cter previo a la contrataci\u00f3n, el Servicio de empleo de Catalu\u00f1a como demandante de empleo.<\/p>\n<p>Las solicitudes para participar en las pruebas de acceso se pueden presentar en el registro de entrada del Ayuntamiento hasta el 14 de septiembre.<\/p>\n<p>M\u00e1s informaci\u00f3n: <a href=\"https:\/\/mont-roig.cat\/es\/ayuntamiento\/funcionament\/recursos-humanos\/convocatorias\/\" target=\"_blank\" rel=\"noopener\">Procesos selectivos\u00a0<\/a><\/p>\n","protected":false},"excerpt":{"rendered":"<p>El plazo para presentar las solicitudes comienza el 30 de agosto y finaliza el 14 de septiembre El Ayuntamiento de Mont-roig del Camp abre un proceso selectivo para la contrataci\u00f3n temporal de un\/a Agente de Empleo y Desarrollo Local adscrito al \u00c1rea de impulso Econ\u00f3mico y Empleo. El aspirante, que debe ser especialista en temas [&hellip;]<\/p>\n","protected":false},"author":4,"featured_media":21431,"comment_status":"closed","ping_status":"closed","sticky":false,"template":"","format":"standard","meta":{"inline_featured_image":false,"_monsterinsights_skip_tracking":false,"_monsterinsights_sitenote_active":false,"_monsterinsights_sitenote_note":"","_monsterinsights_sitenote_category":0,"footnotes":""},"categories":[111],"tags":[],"class_list":["post-21433","post","type-post","status-publish","format-standard","has-post-thumbnail","hentry","category-recursos-humanos"],"yoast_head":"<!-- This site is optimized with the Yoast SEO plugin v27.4 - https:\/\/yoast.com\/product\/yoast-seo-wordpress\/ -->\n<title>Proceso selectivo para la contrataci\u00f3n temporal de un \/ a Agente de Empleo y Desarrollo Local - Ajuntament de Mont-roig del Camp<\/title>\n<meta name=\"robots\" content=\"index, follow, max-snippet:-1, max-image-preview:large, max-video-preview:-1\" \/>\n<link rel=\"canonical\" href=\"https:\/\/mont-roig.cat\/es\/actualitat\/noticies\/proceso-selectivo-para-la-contratacion-temporal-de-un-a-agente-de-empleo-y-desarrollo-local\/\" \/>\n<meta property=\"og:locale\" content=\"es_ES\" \/>\n<meta property=\"og:type\" content=\"article\" \/>\n<meta property=\"og:title\" content=\"Proceso selectivo para la contrataci\u00f3n temporal de un \/ a Agente de Empleo y Desarrollo Local - Ajuntament de Mont-roig del Camp\" \/>\n<meta property=\"og:description\" content=\"El plazo para presentar las solicitudes comienza el 30 de agosto y finaliza el 14 de septiembre El Ayuntamiento de Mont-roig del Camp abre un proceso selectivo para la contrataci\u00f3n temporal de un\/a Agente de Empleo y Desarrollo Local adscrito al \u00c1rea de impulso Econ\u00f3mico y Empleo. El aspirante, que debe ser especialista en temas [&hellip;]\" \/>\n<meta property=\"og:url\" content=\"https:\/\/mont-roig.cat\/es\/actualitat\/noticies\/proceso-selectivo-para-la-contratacion-temporal-de-un-a-agente-de-empleo-y-desarrollo-local\/\" \/>\n<meta property=\"og:site_name\" content=\"Ajuntament de Mont-roig del Camp\" \/>\n<meta property=\"article:published_time\" content=\"2017-08-29T13:27:16+00:00\" \/>\n<meta property=\"article:modified_time\" content=\"2017-08-29T13:31:27+00:00\" \/>\n<meta property=\"og:image\" content=\"https:\/\/mont-roig.cat\/wp-content\/uploads\/Oficina-d\u2019Impuls-Econ\u00f2mic-i-Ocupaci\u00f3-1.jpg\" \/>\n\t<meta property=\"og:image:width\" content=\"1920\" \/>\n\t<meta property=\"og:image:height\" content=\"1440\" \/>\n\t<meta property=\"og:image:type\" content=\"image\/jpeg\" \/>\n<meta name=\"author\" content=\"administrador\" \/>\n<meta name=\"twitter:card\" content=\"summary_large_image\" \/>\n<meta name=\"twitter:label1\" content=\"Escrito por\" \/>\n\t<meta name=\"twitter:data1\" content=\"administrador\" \/>\n\t<meta name=\"twitter:label2\" content=\"Tiempo de lectura\" \/>\n\t<meta name=\"twitter:data2\" content=\"1 minuto\" \/>\n<script type=\"application\/ld+json\" class=\"yoast-schema-graph\">{\"@context\":\"https:\\\/\\\/schema.org\",\"@graph\":[{\"@type\":\"Article\",\"@id\":\"https:\\\/\\\/mont-roig.cat\\\/es\\\/actualitat\\\/noticies\\\/proceso-selectivo-para-la-contratacion-temporal-de-un-a-agente-de-empleo-y-desarrollo-local\\\/#article\",\"isPartOf\":{\"@id\":\"https:\\\/\\\/mont-roig.cat\\\/es\\\/actualitat\\\/noticies\\\/proceso-selectivo-para-la-contratacion-temporal-de-un-a-agente-de-empleo-y-desarrollo-local\\\/\"},\"author\":{\"name\":\"administrador\",\"@id\":\"https:\\\/\\\/mont-roig.cat\\\/es\\\/#\\\/schema\\\/person\\\/f2b111789f22b7d0c3bd6786c9128cba\"},\"headline\":\"Proceso selectivo para la contrataci\u00f3n temporal de un \\\/ a Agente de Empleo y Desarrollo Local\",\"datePublished\":\"2017-08-29T13:27:16+00:00\",\"dateModified\":\"2017-08-29T13:31:27+00:00\",\"mainEntityOfPage\":{\"@id\":\"https:\\\/\\\/mont-roig.cat\\\/es\\\/actualitat\\\/noticies\\\/proceso-selectivo-para-la-contratacion-temporal-de-un-a-agente-de-empleo-y-desarrollo-local\\\/\"},\"wordCount\":261,\"image\":{\"@id\":\"https:\\\/\\\/mont-roig.cat\\\/es\\\/actualitat\\\/noticies\\\/proceso-selectivo-para-la-contratacion-temporal-de-un-a-agente-de-empleo-y-desarrollo-local\\\/#primaryimage\"},\"thumbnailUrl\":\"https:\\\/\\\/mont-roig.cat\\\/wp-content\\\/uploads\\\/Oficina-d\u2019Impuls-Econ\u00f2mic-i-Ocupaci\u00f3-1.jpg\",\"articleSection\":[\"Recursos humanos\"],\"inLanguage\":\"es\"},{\"@type\":\"WebPage\",\"@id\":\"https:\\\/\\\/mont-roig.cat\\\/es\\\/actualitat\\\/noticies\\\/proceso-selectivo-para-la-contratacion-temporal-de-un-a-agente-de-empleo-y-desarrollo-local\\\/\",\"url\":\"https:\\\/\\\/mont-roig.cat\\\/es\\\/actualitat\\\/noticies\\\/proceso-selectivo-para-la-contratacion-temporal-de-un-a-agente-de-empleo-y-desarrollo-local\\\/\",\"name\":\"Proceso selectivo para la contrataci\u00f3n temporal de un \\\/ a Agente de Empleo y Desarrollo Local - Ajuntament de Mont-roig del Camp\",\"isPartOf\":{\"@id\":\"https:\\\/\\\/mont-roig.cat\\\/es\\\/#website\"},\"primaryImageOfPage\":{\"@id\":\"https:\\\/\\\/mont-roig.cat\\\/es\\\/actualitat\\\/noticies\\\/proceso-selectivo-para-la-contratacion-temporal-de-un-a-agente-de-empleo-y-desarrollo-local\\\/#primaryimage\"},\"image\":{\"@id\":\"https:\\\/\\\/mont-roig.cat\\\/es\\\/actualitat\\\/noticies\\\/proceso-selectivo-para-la-contratacion-temporal-de-un-a-agente-de-empleo-y-desarrollo-local\\\/#primaryimage\"},\"thumbnailUrl\":\"https:\\\/\\\/mont-roig.cat\\\/wp-content\\\/uploads\\\/Oficina-d\u2019Impuls-Econ\u00f2mic-i-Ocupaci\u00f3-1.jpg\",\"datePublished\":\"2017-08-29T13:27:16+00:00\",\"dateModified\":\"2017-08-29T13:31:27+00:00\",\"author\":{\"@id\":\"https:\\\/\\\/mont-roig.cat\\\/es\\\/#\\\/schema\\\/person\\\/f2b111789f22b7d0c3bd6786c9128cba\"},\"breadcrumb\":{\"@id\":\"https:\\\/\\\/mont-roig.cat\\\/es\\\/actualitat\\\/noticies\\\/proceso-selectivo-para-la-contratacion-temporal-de-un-a-agente-de-empleo-y-desarrollo-local\\\/#breadcrumb\"},\"inLanguage\":\"es\",\"potentialAction\":[{\"@type\":\"ReadAction\",\"target\":[\"https:\\\/\\\/mont-roig.cat\\\/es\\\/actualitat\\\/noticies\\\/proceso-selectivo-para-la-contratacion-temporal-de-un-a-agente-de-empleo-y-desarrollo-local\\\/\"]}]},{\"@type\":\"ImageObject\",\"inLanguage\":\"es\",\"@id\":\"https:\\\/\\\/mont-roig.cat\\\/es\\\/actualitat\\\/noticies\\\/proceso-selectivo-para-la-contratacion-temporal-de-un-a-agente-de-empleo-y-desarrollo-local\\\/#primaryimage\",\"url\":\"https:\\\/\\\/mont-roig.cat\\\/wp-content\\\/uploads\\\/Oficina-d\u2019Impuls-Econ\u00f2mic-i-Ocupaci\u00f3-1.jpg\",\"contentUrl\":\"https:\\\/\\\/mont-roig.cat\\\/wp-content\\\/uploads\\\/Oficina-d\u2019Impuls-Econ\u00f2mic-i-Ocupaci\u00f3-1.jpg\",\"width\":1920,\"height\":1440},{\"@type\":\"BreadcrumbList\",\"@id\":\"https:\\\/\\\/mont-roig.cat\\\/es\\\/actualitat\\\/noticies\\\/proceso-selectivo-para-la-contratacion-temporal-de-un-a-agente-de-empleo-y-desarrollo-local\\\/#breadcrumb\",\"itemListElement\":[{\"@type\":\"ListItem\",\"position\":1,\"name\":\"Inici\",\"item\":\"https:\\\/\\\/mont-roig.cat\\\/es\\\/pagina-de-inicio\\\/\"},{\"@type\":\"ListItem\",\"position\":2,\"name\":\"Proceso selectivo para la contrataci\u00f3n temporal de un \\\/ a Agente de Empleo y Desarrollo Local\"}]},{\"@type\":\"WebSite\",\"@id\":\"https:\\\/\\\/mont-roig.cat\\\/es\\\/#website\",\"url\":\"https:\\\/\\\/mont-roig.cat\\\/es\\\/\",\"name\":\"Ajuntament de Mont-roig del Camp\",\"description\":\"Tota la informaci\u00f3 sobre la instituci\u00f3, els seus \u00f2rgans de govern, actualitat, serveis i molt m\u00e9s.\",\"potentialAction\":[{\"@type\":\"SearchAction\",\"target\":{\"@type\":\"EntryPoint\",\"urlTemplate\":\"https:\\\/\\\/mont-roig.cat\\\/es\\\/?s={search_term_string}\"},\"query-input\":{\"@type\":\"PropertyValueSpecification\",\"valueRequired\":true,\"valueName\":\"search_term_string\"}}],\"inLanguage\":\"es\"},{\"@type\":\"Person\",\"@id\":\"https:\\\/\\\/mont-roig.cat\\\/es\\\/#\\\/schema\\\/person\\\/f2b111789f22b7d0c3bd6786c9128cba\",\"name\":\"administrador\",\"image\":{\"@type\":\"ImageObject\",\"inLanguage\":\"es\",\"@id\":\"https:\\\/\\\/secure.gravatar.com\\\/avatar\\\/9137aac6891e2595c9d3036fd83bcb653b4db3c946db4c7d9b9be193c3c944bb?s=96&d=mm&r=g\",\"url\":\"https:\\\/\\\/secure.gravatar.com\\\/avatar\\\/9137aac6891e2595c9d3036fd83bcb653b4db3c946db4c7d9b9be193c3c944bb?s=96&d=mm&r=g\",\"contentUrl\":\"https:\\\/\\\/secure.gravatar.com\\\/avatar\\\/9137aac6891e2595c9d3036fd83bcb653b4db3c946db4c7d9b9be193c3c944bb?s=96&d=mm&r=g\",\"caption\":\"administrador\"},\"url\":\"https:\\\/\\\/mont-roig.cat\\\/es\\\/actualitat\\\/noticies\\\/author\\\/administrador\\\/\"}]}<\/script>\n<!-- \/ Yoast SEO plugin. -->","yoast_head_json":{"title":"Proceso selectivo para la contrataci\u00f3n temporal de un \/ a Agente de Empleo y Desarrollo Local - Ajuntament de Mont-roig del Camp","robots":{"index":"index","follow":"follow","max-snippet":"max-snippet:-1","max-image-preview":"max-image-preview:large","max-video-preview":"max-video-preview:-1"},"canonical":"https:\/\/mont-roig.cat\/es\/actualitat\/noticies\/proceso-selectivo-para-la-contratacion-temporal-de-un-a-agente-de-empleo-y-desarrollo-local\/","og_locale":"es_ES","og_type":"article","og_title":"Proceso selectivo para la contrataci\u00f3n temporal de un \/ a Agente de Empleo y Desarrollo Local - Ajuntament de Mont-roig del Camp","og_description":"El plazo para presentar las solicitudes comienza el 30 de agosto y finaliza el 14 de septiembre El Ayuntamiento de Mont-roig del Camp abre un proceso selectivo para la contrataci\u00f3n temporal de un\/a Agente de Empleo y Desarrollo Local adscrito al \u00c1rea de impulso Econ\u00f3mico y Empleo. El aspirante, que debe ser especialista en temas [&hellip;]","og_url":"https:\/\/mont-roig.cat\/es\/actualitat\/noticies\/proceso-selectivo-para-la-contratacion-temporal-de-un-a-agente-de-empleo-y-desarrollo-local\/","og_site_name":"Ajuntament de Mont-roig del Camp","article_published_time":"2017-08-29T13:27:16+00:00","article_modified_time":"2017-08-29T13:31:27+00:00","og_image":[{"width":1920,"height":1440,"url":"https:\/\/mont-roig.cat\/wp-content\/uploads\/Oficina-d\u2019Impuls-Econ\u00f2mic-i-Ocupaci\u00f3-1.jpg","type":"image\/jpeg"}],"author":"administrador","twitter_card":"summary_large_image","twitter_misc":{"Escrito por":"administrador","Tiempo de lectura":"1 minuto"},"schema":{"@context":"https:\/\/schema.org","@graph":[{"@type":"Article","@id":"https:\/\/mont-roig.cat\/es\/actualitat\/noticies\/proceso-selectivo-para-la-contratacion-temporal-de-un-a-agente-de-empleo-y-desarrollo-local\/#article","isPartOf":{"@id":"https:\/\/mont-roig.cat\/es\/actualitat\/noticies\/proceso-selectivo-para-la-contratacion-temporal-de-un-a-agente-de-empleo-y-desarrollo-local\/"},"author":{"name":"administrador","@id":"https:\/\/mont-roig.cat\/es\/#\/schema\/person\/f2b111789f22b7d0c3bd6786c9128cba"},"headline":"Proceso selectivo para la contrataci\u00f3n temporal de un \/ a Agente de Empleo y Desarrollo Local","datePublished":"2017-08-29T13:27:16+00:00","dateModified":"2017-08-29T13:31:27+00:00","mainEntityOfPage":{"@id":"https:\/\/mont-roig.cat\/es\/actualitat\/noticies\/proceso-selectivo-para-la-contratacion-temporal-de-un-a-agente-de-empleo-y-desarrollo-local\/"},"wordCount":261,"image":{"@id":"https:\/\/mont-roig.cat\/es\/actualitat\/noticies\/proceso-selectivo-para-la-contratacion-temporal-de-un-a-agente-de-empleo-y-desarrollo-local\/#primaryimage"},"thumbnailUrl":"https:\/\/mont-roig.cat\/wp-content\/uploads\/Oficina-d\u2019Impuls-Econ\u00f2mic-i-Ocupaci\u00f3-1.jpg","articleSection":["Recursos humanos"],"inLanguage":"es"},{"@type":"WebPage","@id":"https:\/\/mont-roig.cat\/es\/actualitat\/noticies\/proceso-selectivo-para-la-contratacion-temporal-de-un-a-agente-de-empleo-y-desarrollo-local\/","url":"https:\/\/mont-roig.cat\/es\/actualitat\/noticies\/proceso-selectivo-para-la-contratacion-temporal-de-un-a-agente-de-empleo-y-desarrollo-local\/","name":"Proceso selectivo para la contrataci\u00f3n temporal de un \/ a Agente de Empleo y Desarrollo Local - Ajuntament de Mont-roig del Camp","isPartOf":{"@id":"https:\/\/mont-roig.cat\/es\/#website"},"primaryImageOfPage":{"@id":"https:\/\/mont-roig.cat\/es\/actualitat\/noticies\/proceso-selectivo-para-la-contratacion-temporal-de-un-a-agente-de-empleo-y-desarrollo-local\/#primaryimage"},"image":{"@id":"https:\/\/mont-roig.cat\/es\/actualitat\/noticies\/proceso-selectivo-para-la-contratacion-temporal-de-un-a-agente-de-empleo-y-desarrollo-local\/#primaryimage"},"thumbnailUrl":"https:\/\/mont-roig.cat\/wp-content\/uploads\/Oficina-d\u2019Impuls-Econ\u00f2mic-i-Ocupaci\u00f3-1.jpg","datePublished":"2017-08-29T13:27:16+00:00","dateModified":"2017-08-29T13:31:27+00:00","author":{"@id":"https:\/\/mont-roig.cat\/es\/#\/schema\/person\/f2b111789f22b7d0c3bd6786c9128cba"},"breadcrumb":{"@id":"https:\/\/mont-roig.cat\/es\/actualitat\/noticies\/proceso-selectivo-para-la-contratacion-temporal-de-un-a-agente-de-empleo-y-desarrollo-local\/#breadcrumb"},"inLanguage":"es","potentialAction":[{"@type":"ReadAction","target":["https:\/\/mont-roig.cat\/es\/actualitat\/noticies\/proceso-selectivo-para-la-contratacion-temporal-de-un-a-agente-de-empleo-y-desarrollo-local\/"]}]},{"@type":"ImageObject","inLanguage":"es","@id":"https:\/\/mont-roig.cat\/es\/actualitat\/noticies\/proceso-selectivo-para-la-contratacion-temporal-de-un-a-agente-de-empleo-y-desarrollo-local\/#primaryimage","url":"https:\/\/mont-roig.cat\/wp-content\/uploads\/Oficina-d\u2019Impuls-Econ\u00f2mic-i-Ocupaci\u00f3-1.jpg","contentUrl":"https:\/\/mont-roig.cat\/wp-content\/uploads\/Oficina-d\u2019Impuls-Econ\u00f2mic-i-Ocupaci\u00f3-1.jpg","width":1920,"height":1440},{"@type":"BreadcrumbList","@id":"https:\/\/mont-roig.cat\/es\/actualitat\/noticies\/proceso-selectivo-para-la-contratacion-temporal-de-un-a-agente-de-empleo-y-desarrollo-local\/#breadcrumb","itemListElement":[{"@type":"ListItem","position":1,"name":"Inici","item":"https:\/\/mont-roig.cat\/es\/pagina-de-inicio\/"},{"@type":"ListItem","position":2,"name":"Proceso selectivo para la contrataci\u00f3n temporal de un \/ a Agente de Empleo y Desarrollo Local"}]},{"@type":"WebSite","@id":"https:\/\/mont-roig.cat\/es\/#website","url":"https:\/\/mont-roig.cat\/es\/","name":"Ajuntament de Mont-roig del Camp","description":"Tota la informaci\u00f3 sobre la instituci\u00f3, els seus \u00f2rgans de govern, actualitat, serveis i molt m\u00e9s.","potentialAction":[{"@type":"SearchAction","target":{"@type":"EntryPoint","urlTemplate":"https:\/\/mont-roig.cat\/es\/?s={search_term_string}"},"query-input":{"@type":"PropertyValueSpecification","valueRequired":true,"valueName":"search_term_string"}}],"inLanguage":"es"},{"@type":"Person","@id":"https:\/\/mont-roig.cat\/es\/#\/schema\/person\/f2b111789f22b7d0c3bd6786c9128cba","name":"administrador","image":{"@type":"ImageObject","inLanguage":"es","@id":"https:\/\/secure.gravatar.com\/avatar\/9137aac6891e2595c9d3036fd83bcb653b4db3c946db4c7d9b9be193c3c944bb?s=96&d=mm&r=g","url":"https:\/\/secure.gravatar.com\/avatar\/9137aac6891e2595c9d3036fd83bcb653b4db3c946db4c7d9b9be193c3c944bb?s=96&d=mm&r=g","contentUrl":"https:\/\/secure.gravatar.com\/avatar\/9137aac6891e2595c9d3036fd83bcb653b4db3c946db4c7d9b9be193c3c944bb?s=96&d=mm&r=g","caption":"administrador"},"url":"https:\/\/mont-roig.cat\/es\/actualitat\/noticies\/author\/administrador\/"}]}},"_links":{"self":[{"href":"https:\/\/mont-roig.cat\/es\/wp-json\/wp\/v2\/posts\/21433","targetHints":{"allow":["GET"]}}],"collection":[{"href":"https:\/\/mont-roig.cat\/es\/wp-json\/wp\/v2\/posts"}],"about":[{"href":"https:\/\/mont-roig.cat\/es\/wp-json\/wp\/v2\/types\/post"}],"author":[{"embeddable":true,"href":"https:\/\/mont-roig.cat\/es\/wp-json\/wp\/v2\/users\/4"}],"replies":[{"embeddable":true,"href":"https:\/\/mont-roig.cat\/es\/wp-json\/wp\/v2\/comments?post=21433"}],"version-history":[{"count":2,"href":"https:\/\/mont-roig.cat\/es\/wp-json\/wp\/v2\/posts\/21433\/revisions"}],"predecessor-version":[{"id":21435,"href":"https:\/\/mont-roig.cat\/es\/wp-json\/wp\/v2\/posts\/21433\/revisions\/21435"}],"wp:featuredmedia":[{"embeddable":true,"href":"https:\/\/mont-roig.cat\/es\/wp-json\/wp\/v2\/media\/21431"}],"wp:attachment":[{"href":"https:\/\/mont-roig.cat\/es\/wp-json\/wp\/v2\/media?parent=21433"}],"wp:term":[{"taxonomy":"category","embeddable":true,"href":"https:\/\/mont-roig.cat\/es\/wp-json\/wp\/v2\/categories?post=21433"},{"taxonomy":"post_tag","embeddable":true,"href":"https:\/\/mont-roig.cat\/es\/wp-json\/wp\/v2\/tags?post=21433"}],"curies":[{"name":"wp","href":"https:\/\/api.w.org\/{rel}","templated":true}]}}