{"id":21473,"date":"2017-08-31T14:32:13","date_gmt":"2017-08-31T12:32:13","guid":{"rendered":"http:\/\/mont-roig.cat\/actualitat\/noticies\/proces-selectiu-per-a-la-creacio-duna-borsa-de-treball-de-dinamitzador-de-joventut\/"},"modified":"2017-09-01T09:42:13","modified_gmt":"2017-09-01T07:42:13","slug":"proceso-selectivo-para-creacion-bolsa-trabajo-dinamizador-juventud","status":"publish","type":"post","link":"https:\/\/mont-roig.cat\/es\/actualitat\/noticies\/proceso-selectivo-para-creacion-bolsa-trabajo-dinamizador-juventud\/","title":{"rendered":"Proceso selectivo para la creaci\u00f3n de una bolsa de trabajo de Dinamizador de Juventud"},"content":{"rendered":"<p><strong>Las solicitudes se pueden presentar en las OMACs, del 1 al 15 de septiembre<\/strong><\/p>\n<p>El Ayuntamiento de Mont-roig del Camp convoca una bolsa de trabajo de Dinamizador de Juventud para cubrir las necesidades de recursos humanos que se puedan derivar en este \u00e1mbito.<\/p>\n<p>Para participar en la convocatoria, los aspirantes deben estar en posesi\u00f3n del graduado en educaci\u00f3n secundaria obligatoria o equivalente y el certificado de nivel suficiencia de catal\u00e1n de la Direcci\u00f3n General de Pol\u00edtica Ling\u00fc\u00edstica o alguna de las titulaciones equivalentes.<\/p>\n<p>El proceso selectivo se realizar\u00e1 mediante concurso-oposici\u00f3n. Para participar hay que presentar una instancia, seg\u00fan el modelo normalizado de solicitud de admisi\u00f3n, junto con el curriculum vitae y la documentaci\u00f3n acreditativa de los requisitos y de los m\u00e9ritos alegados.<\/p>\n<p>La documentaci\u00f3n se puede presentar en la OMAC del Ayuntamiento de Mont-roig del Camp y en las oficinas de Miami, de 9:00 horas a 14:00 horas de lunes a viernes.<\/p>\n<p>Las bases y las solicitudes para participar en el proceso se pueden encontrar en el apartado de <a href=\"https:\/\/mont-roig.cat\/es\/ayuntamiento\/funcionament\/recursos-humanos\/convocatorias\/\" target=\"_blank\" rel=\"noopener\">Recursos Humanos<\/a> de la web municipal.<\/p>\n","protected":false},"excerpt":{"rendered":"<p>Las solicitudes se pueden presentar en las OMACs, del 1 al 15 de septiembre El Ayuntamiento de Mont-roig del Camp convoca una bolsa de trabajo de Dinamizador de Juventud para cubrir las necesidades de recursos humanos que se puedan derivar en este \u00e1mbito. Para participar en la convocatoria, los aspirantes deben estar en posesi\u00f3n del [&hellip;]<\/p>\n","protected":false},"author":4,"featured_media":5413,"comment_status":"closed","ping_status":"closed","sticky":false,"template":"","format":"standard","meta":{"inline_featured_image":false,"_monsterinsights_skip_tracking":false,"_monsterinsights_sitenote_active":false,"_monsterinsights_sitenote_note":"","_monsterinsights_sitenote_category":0,"footnotes":""},"categories":[111],"tags":[],"class_list":["post-21473","post","type-post","status-publish","format-standard","has-post-thumbnail","hentry","category-recursos-humanos"],"yoast_head":"<!-- This site is optimized with the Yoast SEO plugin v27.4 - https:\/\/yoast.com\/product\/yoast-seo-wordpress\/ -->\n<title>Proceso selectivo para la creaci\u00f3n de una bolsa de trabajo de Dinamizador de Juventud - Ajuntament de Mont-roig del Camp<\/title>\n<meta name=\"robots\" content=\"index, follow, max-snippet:-1, max-image-preview:large, max-video-preview:-1\" \/>\n<link rel=\"canonical\" href=\"https:\/\/mont-roig.cat\/es\/actualitat\/noticies\/proceso-selectivo-para-creacion-bolsa-trabajo-dinamizador-juventud\/\" \/>\n<meta property=\"og:locale\" content=\"es_ES\" \/>\n<meta property=\"og:type\" content=\"article\" \/>\n<meta property=\"og:title\" content=\"Proceso selectivo para la creaci\u00f3n de una bolsa de trabajo de Dinamizador de Juventud - Ajuntament de Mont-roig del Camp\" \/>\n<meta property=\"og:description\" content=\"Las solicitudes se pueden presentar en las OMACs, del 1 al 15 de septiembre El Ayuntamiento de Mont-roig del Camp convoca una bolsa de trabajo de Dinamizador de Juventud para cubrir las necesidades de recursos humanos que se puedan derivar en este \u00e1mbito. Para participar en la convocatoria, los aspirantes deben estar en posesi\u00f3n del [&hellip;]\" \/>\n<meta property=\"og:url\" content=\"https:\/\/mont-roig.cat\/es\/actualitat\/noticies\/proceso-selectivo-para-creacion-bolsa-trabajo-dinamizador-juventud\/\" \/>\n<meta property=\"og:site_name\" content=\"Ajuntament de Mont-roig del Camp\" \/>\n<meta property=\"article:published_time\" content=\"2017-08-31T12:32:13+00:00\" \/>\n<meta property=\"article:modified_time\" content=\"2017-09-01T07:42:13+00:00\" \/>\n<meta property=\"og:image\" content=\"https:\/\/mont-roig.cat\/wp-content\/uploads\/kasal%20k1.JPG\" \/>\n\t<meta property=\"og:image:width\" content=\"1600\" \/>\n\t<meta property=\"og:image:height\" content=\"921\" \/>\n\t<meta property=\"og:image:type\" content=\"image\/jpeg\" \/>\n<meta name=\"author\" content=\"administrador\" \/>\n<meta name=\"twitter:card\" content=\"summary_large_image\" \/>\n<meta name=\"twitter:label1\" content=\"Escrito por\" \/>\n\t<meta name=\"twitter:data1\" content=\"administrador\" \/>\n\t<meta name=\"twitter:label2\" content=\"Tiempo de lectura\" \/>\n\t<meta name=\"twitter:data2\" content=\"1 minuto\" \/>\n<script type=\"application\/ld+json\" class=\"yoast-schema-graph\">{\"@context\":\"https:\\\/\\\/schema.org\",\"@graph\":[{\"@type\":\"Article\",\"@id\":\"https:\\\/\\\/mont-roig.cat\\\/es\\\/actualitat\\\/noticies\\\/proceso-selectivo-para-creacion-bolsa-trabajo-dinamizador-juventud\\\/#article\",\"isPartOf\":{\"@id\":\"https:\\\/\\\/mont-roig.cat\\\/es\\\/actualitat\\\/noticies\\\/proceso-selectivo-para-creacion-bolsa-trabajo-dinamizador-juventud\\\/\"},\"author\":{\"name\":\"administrador\",\"@id\":\"https:\\\/\\\/mont-roig.cat\\\/es\\\/#\\\/schema\\\/person\\\/f2b111789f22b7d0c3bd6786c9128cba\"},\"headline\":\"Proceso selectivo para la creaci\u00f3n de una bolsa de trabajo de Dinamizador de Juventud\",\"datePublished\":\"2017-08-31T12:32:13+00:00\",\"dateModified\":\"2017-09-01T07:42:13+00:00\",\"mainEntityOfPage\":{\"@id\":\"https:\\\/\\\/mont-roig.cat\\\/es\\\/actualitat\\\/noticies\\\/proceso-selectivo-para-creacion-bolsa-trabajo-dinamizador-juventud\\\/\"},\"wordCount\":198,\"image\":{\"@id\":\"https:\\\/\\\/mont-roig.cat\\\/es\\\/actualitat\\\/noticies\\\/proceso-selectivo-para-creacion-bolsa-trabajo-dinamizador-juventud\\\/#primaryimage\"},\"thumbnailUrl\":\"https:\\\/\\\/mont-roig.cat\\\/wp-content\\\/uploads\\\/kasal k1.JPG\",\"articleSection\":[\"Recursos humanos\"],\"inLanguage\":\"es\"},{\"@type\":\"WebPage\",\"@id\":\"https:\\\/\\\/mont-roig.cat\\\/es\\\/actualitat\\\/noticies\\\/proceso-selectivo-para-creacion-bolsa-trabajo-dinamizador-juventud\\\/\",\"url\":\"https:\\\/\\\/mont-roig.cat\\\/es\\\/actualitat\\\/noticies\\\/proceso-selectivo-para-creacion-bolsa-trabajo-dinamizador-juventud\\\/\",\"name\":\"Proceso selectivo para la creaci\u00f3n de una bolsa de trabajo de Dinamizador de Juventud - Ajuntament de Mont-roig del Camp\",\"isPartOf\":{\"@id\":\"https:\\\/\\\/mont-roig.cat\\\/es\\\/#website\"},\"primaryImageOfPage\":{\"@id\":\"https:\\\/\\\/mont-roig.cat\\\/es\\\/actualitat\\\/noticies\\\/proceso-selectivo-para-creacion-bolsa-trabajo-dinamizador-juventud\\\/#primaryimage\"},\"image\":{\"@id\":\"https:\\\/\\\/mont-roig.cat\\\/es\\\/actualitat\\\/noticies\\\/proceso-selectivo-para-creacion-bolsa-trabajo-dinamizador-juventud\\\/#primaryimage\"},\"thumbnailUrl\":\"https:\\\/\\\/mont-roig.cat\\\/wp-content\\\/uploads\\\/kasal k1.JPG\",\"datePublished\":\"2017-08-31T12:32:13+00:00\",\"dateModified\":\"2017-09-01T07:42:13+00:00\",\"author\":{\"@id\":\"https:\\\/\\\/mont-roig.cat\\\/es\\\/#\\\/schema\\\/person\\\/f2b111789f22b7d0c3bd6786c9128cba\"},\"breadcrumb\":{\"@id\":\"https:\\\/\\\/mont-roig.cat\\\/es\\\/actualitat\\\/noticies\\\/proceso-selectivo-para-creacion-bolsa-trabajo-dinamizador-juventud\\\/#breadcrumb\"},\"inLanguage\":\"es\",\"potentialAction\":[{\"@type\":\"ReadAction\",\"target\":[\"https:\\\/\\\/mont-roig.cat\\\/es\\\/actualitat\\\/noticies\\\/proceso-selectivo-para-creacion-bolsa-trabajo-dinamizador-juventud\\\/\"]}]},{\"@type\":\"ImageObject\",\"inLanguage\":\"es\",\"@id\":\"https:\\\/\\\/mont-roig.cat\\\/es\\\/actualitat\\\/noticies\\\/proceso-selectivo-para-creacion-bolsa-trabajo-dinamizador-juventud\\\/#primaryimage\",\"url\":\"https:\\\/\\\/mont-roig.cat\\\/wp-content\\\/uploads\\\/kasal k1.JPG\",\"contentUrl\":\"https:\\\/\\\/mont-roig.cat\\\/wp-content\\\/uploads\\\/kasal k1.JPG\",\"width\":1600,\"height\":921},{\"@type\":\"BreadcrumbList\",\"@id\":\"https:\\\/\\\/mont-roig.cat\\\/es\\\/actualitat\\\/noticies\\\/proceso-selectivo-para-creacion-bolsa-trabajo-dinamizador-juventud\\\/#breadcrumb\",\"itemListElement\":[{\"@type\":\"ListItem\",\"position\":1,\"name\":\"Inici\",\"item\":\"https:\\\/\\\/mont-roig.cat\\\/es\\\/pagina-de-inicio\\\/\"},{\"@type\":\"ListItem\",\"position\":2,\"name\":\"Proceso selectivo para la creaci\u00f3n de una bolsa de trabajo de Dinamizador de Juventud\"}]},{\"@type\":\"WebSite\",\"@id\":\"https:\\\/\\\/mont-roig.cat\\\/es\\\/#website\",\"url\":\"https:\\\/\\\/mont-roig.cat\\\/es\\\/\",\"name\":\"Ajuntament de Mont-roig del Camp\",\"description\":\"Tota la informaci\u00f3 sobre la instituci\u00f3, els seus \u00f2rgans de govern, actualitat, serveis i molt m\u00e9s.\",\"potentialAction\":[{\"@type\":\"SearchAction\",\"target\":{\"@type\":\"EntryPoint\",\"urlTemplate\":\"https:\\\/\\\/mont-roig.cat\\\/es\\\/?s={search_term_string}\"},\"query-input\":{\"@type\":\"PropertyValueSpecification\",\"valueRequired\":true,\"valueName\":\"search_term_string\"}}],\"inLanguage\":\"es\"},{\"@type\":\"Person\",\"@id\":\"https:\\\/\\\/mont-roig.cat\\\/es\\\/#\\\/schema\\\/person\\\/f2b111789f22b7d0c3bd6786c9128cba\",\"name\":\"administrador\",\"image\":{\"@type\":\"ImageObject\",\"inLanguage\":\"es\",\"@id\":\"https:\\\/\\\/secure.gravatar.com\\\/avatar\\\/9137aac6891e2595c9d3036fd83bcb653b4db3c946db4c7d9b9be193c3c944bb?s=96&d=mm&r=g\",\"url\":\"https:\\\/\\\/secure.gravatar.com\\\/avatar\\\/9137aac6891e2595c9d3036fd83bcb653b4db3c946db4c7d9b9be193c3c944bb?s=96&d=mm&r=g\",\"contentUrl\":\"https:\\\/\\\/secure.gravatar.com\\\/avatar\\\/9137aac6891e2595c9d3036fd83bcb653b4db3c946db4c7d9b9be193c3c944bb?s=96&d=mm&r=g\",\"caption\":\"administrador\"},\"url\":\"https:\\\/\\\/mont-roig.cat\\\/es\\\/actualitat\\\/noticies\\\/author\\\/administrador\\\/\"}]}<\/script>\n<!-- \/ Yoast SEO plugin. -->","yoast_head_json":{"title":"Proceso selectivo para la creaci\u00f3n de una bolsa de trabajo de Dinamizador de Juventud - Ajuntament de Mont-roig del Camp","robots":{"index":"index","follow":"follow","max-snippet":"max-snippet:-1","max-image-preview":"max-image-preview:large","max-video-preview":"max-video-preview:-1"},"canonical":"https:\/\/mont-roig.cat\/es\/actualitat\/noticies\/proceso-selectivo-para-creacion-bolsa-trabajo-dinamizador-juventud\/","og_locale":"es_ES","og_type":"article","og_title":"Proceso selectivo para la creaci\u00f3n de una bolsa de trabajo de Dinamizador de Juventud - Ajuntament de Mont-roig del Camp","og_description":"Las solicitudes se pueden presentar en las OMACs, del 1 al 15 de septiembre El Ayuntamiento de Mont-roig del Camp convoca una bolsa de trabajo de Dinamizador de Juventud para cubrir las necesidades de recursos humanos que se puedan derivar en este \u00e1mbito. Para participar en la convocatoria, los aspirantes deben estar en posesi\u00f3n del [&hellip;]","og_url":"https:\/\/mont-roig.cat\/es\/actualitat\/noticies\/proceso-selectivo-para-creacion-bolsa-trabajo-dinamizador-juventud\/","og_site_name":"Ajuntament de Mont-roig del Camp","article_published_time":"2017-08-31T12:32:13+00:00","article_modified_time":"2017-09-01T07:42:13+00:00","og_image":[{"width":1600,"height":921,"url":"https:\/\/mont-roig.cat\/wp-content\/uploads\/kasal k1.JPG","type":"image\/jpeg"}],"author":"administrador","twitter_card":"summary_large_image","twitter_misc":{"Escrito por":"administrador","Tiempo de lectura":"1 minuto"},"schema":{"@context":"https:\/\/schema.org","@graph":[{"@type":"Article","@id":"https:\/\/mont-roig.cat\/es\/actualitat\/noticies\/proceso-selectivo-para-creacion-bolsa-trabajo-dinamizador-juventud\/#article","isPartOf":{"@id":"https:\/\/mont-roig.cat\/es\/actualitat\/noticies\/proceso-selectivo-para-creacion-bolsa-trabajo-dinamizador-juventud\/"},"author":{"name":"administrador","@id":"https:\/\/mont-roig.cat\/es\/#\/schema\/person\/f2b111789f22b7d0c3bd6786c9128cba"},"headline":"Proceso selectivo para la creaci\u00f3n de una bolsa de trabajo de Dinamizador de Juventud","datePublished":"2017-08-31T12:32:13+00:00","dateModified":"2017-09-01T07:42:13+00:00","mainEntityOfPage":{"@id":"https:\/\/mont-roig.cat\/es\/actualitat\/noticies\/proceso-selectivo-para-creacion-bolsa-trabajo-dinamizador-juventud\/"},"wordCount":198,"image":{"@id":"https:\/\/mont-roig.cat\/es\/actualitat\/noticies\/proceso-selectivo-para-creacion-bolsa-trabajo-dinamizador-juventud\/#primaryimage"},"thumbnailUrl":"https:\/\/mont-roig.cat\/wp-content\/uploads\/kasal k1.JPG","articleSection":["Recursos humanos"],"inLanguage":"es"},{"@type":"WebPage","@id":"https:\/\/mont-roig.cat\/es\/actualitat\/noticies\/proceso-selectivo-para-creacion-bolsa-trabajo-dinamizador-juventud\/","url":"https:\/\/mont-roig.cat\/es\/actualitat\/noticies\/proceso-selectivo-para-creacion-bolsa-trabajo-dinamizador-juventud\/","name":"Proceso selectivo para la creaci\u00f3n de una bolsa de trabajo de Dinamizador de Juventud - Ajuntament de Mont-roig del Camp","isPartOf":{"@id":"https:\/\/mont-roig.cat\/es\/#website"},"primaryImageOfPage":{"@id":"https:\/\/mont-roig.cat\/es\/actualitat\/noticies\/proceso-selectivo-para-creacion-bolsa-trabajo-dinamizador-juventud\/#primaryimage"},"image":{"@id":"https:\/\/mont-roig.cat\/es\/actualitat\/noticies\/proceso-selectivo-para-creacion-bolsa-trabajo-dinamizador-juventud\/#primaryimage"},"thumbnailUrl":"https:\/\/mont-roig.cat\/wp-content\/uploads\/kasal k1.JPG","datePublished":"2017-08-31T12:32:13+00:00","dateModified":"2017-09-01T07:42:13+00:00","author":{"@id":"https:\/\/mont-roig.cat\/es\/#\/schema\/person\/f2b111789f22b7d0c3bd6786c9128cba"},"breadcrumb":{"@id":"https:\/\/mont-roig.cat\/es\/actualitat\/noticies\/proceso-selectivo-para-creacion-bolsa-trabajo-dinamizador-juventud\/#breadcrumb"},"inLanguage":"es","potentialAction":[{"@type":"ReadAction","target":["https:\/\/mont-roig.cat\/es\/actualitat\/noticies\/proceso-selectivo-para-creacion-bolsa-trabajo-dinamizador-juventud\/"]}]},{"@type":"ImageObject","inLanguage":"es","@id":"https:\/\/mont-roig.cat\/es\/actualitat\/noticies\/proceso-selectivo-para-creacion-bolsa-trabajo-dinamizador-juventud\/#primaryimage","url":"https:\/\/mont-roig.cat\/wp-content\/uploads\/kasal k1.JPG","contentUrl":"https:\/\/mont-roig.cat\/wp-content\/uploads\/kasal k1.JPG","width":1600,"height":921},{"@type":"BreadcrumbList","@id":"https:\/\/mont-roig.cat\/es\/actualitat\/noticies\/proceso-selectivo-para-creacion-bolsa-trabajo-dinamizador-juventud\/#breadcrumb","itemListElement":[{"@type":"ListItem","position":1,"name":"Inici","item":"https:\/\/mont-roig.cat\/es\/pagina-de-inicio\/"},{"@type":"ListItem","position":2,"name":"Proceso selectivo para la creaci\u00f3n de una bolsa de trabajo de Dinamizador de Juventud"}]},{"@type":"WebSite","@id":"https:\/\/mont-roig.cat\/es\/#website","url":"https:\/\/mont-roig.cat\/es\/","name":"Ajuntament de Mont-roig del Camp","description":"Tota la informaci\u00f3 sobre la instituci\u00f3, els seus \u00f2rgans de govern, actualitat, serveis i molt m\u00e9s.","potentialAction":[{"@type":"SearchAction","target":{"@type":"EntryPoint","urlTemplate":"https:\/\/mont-roig.cat\/es\/?s={search_term_string}"},"query-input":{"@type":"PropertyValueSpecification","valueRequired":true,"valueName":"search_term_string"}}],"inLanguage":"es"},{"@type":"Person","@id":"https:\/\/mont-roig.cat\/es\/#\/schema\/person\/f2b111789f22b7d0c3bd6786c9128cba","name":"administrador","image":{"@type":"ImageObject","inLanguage":"es","@id":"https:\/\/secure.gravatar.com\/avatar\/9137aac6891e2595c9d3036fd83bcb653b4db3c946db4c7d9b9be193c3c944bb?s=96&d=mm&r=g","url":"https:\/\/secure.gravatar.com\/avatar\/9137aac6891e2595c9d3036fd83bcb653b4db3c946db4c7d9b9be193c3c944bb?s=96&d=mm&r=g","contentUrl":"https:\/\/secure.gravatar.com\/avatar\/9137aac6891e2595c9d3036fd83bcb653b4db3c946db4c7d9b9be193c3c944bb?s=96&d=mm&r=g","caption":"administrador"},"url":"https:\/\/mont-roig.cat\/es\/actualitat\/noticies\/author\/administrador\/"}]}},"_links":{"self":[{"href":"https:\/\/mont-roig.cat\/es\/wp-json\/wp\/v2\/posts\/21473","targetHints":{"allow":["GET"]}}],"collection":[{"href":"https:\/\/mont-roig.cat\/es\/wp-json\/wp\/v2\/posts"}],"about":[{"href":"https:\/\/mont-roig.cat\/es\/wp-json\/wp\/v2\/types\/post"}],"author":[{"embeddable":true,"href":"https:\/\/mont-roig.cat\/es\/wp-json\/wp\/v2\/users\/4"}],"replies":[{"embeddable":true,"href":"https:\/\/mont-roig.cat\/es\/wp-json\/wp\/v2\/comments?post=21473"}],"version-history":[{"count":3,"href":"https:\/\/mont-roig.cat\/es\/wp-json\/wp\/v2\/posts\/21473\/revisions"}],"predecessor-version":[{"id":21477,"href":"https:\/\/mont-roig.cat\/es\/wp-json\/wp\/v2\/posts\/21473\/revisions\/21477"}],"wp:featuredmedia":[{"embeddable":true,"href":"https:\/\/mont-roig.cat\/es\/wp-json\/wp\/v2\/media\/5413"}],"wp:attachment":[{"href":"https:\/\/mont-roig.cat\/es\/wp-json\/wp\/v2\/media?parent=21473"}],"wp:term":[{"taxonomy":"category","embeddable":true,"href":"https:\/\/mont-roig.cat\/es\/wp-json\/wp\/v2\/categories?post=21473"},{"taxonomy":"post_tag","embeddable":true,"href":"https:\/\/mont-roig.cat\/es\/wp-json\/wp\/v2\/tags?post=21473"}],"curies":[{"name":"wp","href":"https:\/\/api.w.org\/{rel}","templated":true}]}}