{"id":21714,"date":"2017-09-18T14:50:56","date_gmt":"2017-09-18T12:50:56","guid":{"rendered":"http:\/\/mont-roig.cat\/actualitat\/noticies\/vuelve-el-cicle-panic-con-el-terror-como-protagonista\/"},"modified":"2017-10-06T13:46:42","modified_gmt":"2017-10-06T11:46:42","slug":"vuelve-el-cicle-panic-con-el-terror-como-protagonista","status":"publish","type":"post","link":"https:\/\/mont-roig.cat\/es\/actualitat\/noticies\/vuelve-el-cicle-panic-con-el-terror-como-protagonista\/","title":{"rendered":"Vuelve el ciclo P\u00e0nic, con el terror como protagonista"},"content":{"rendered":"<p><a href=\"http:\/\/mont-roig.cat\/wp-content\/uploads\/P\u00c0NIC-2017-1-1.jpg\"><img loading=\"lazy\" decoding=\"async\" class=\" wp-image-21712 alignright\" src=\"http:\/\/mont-roig.cat\/wp-content\/uploads\/P\u00c0NIC-2017-1-1-354x500.jpg\" alt=\"\" width=\"304\" height=\"429\" srcset=\"https:\/\/mont-roig.cat\/wp-content\/uploads\/P\u00c0NIC-2017-1-1-354x500.jpg 354w, https:\/\/mont-roig.cat\/wp-content\/uploads\/P\u00c0NIC-2017-1-1-768x1086.jpg 768w, https:\/\/mont-roig.cat\/wp-content\/uploads\/P\u00c0NIC-2017-1-1-724x1024.jpg 724w, https:\/\/mont-roig.cat\/wp-content\/uploads\/P\u00c0NIC-2017-1-1.jpg 1588w\" sizes=\"auto, (max-width: 304px) 100vw, 304px\" \/><\/a><\/p>\n<ul>\n<li id=\"tw-target-text\" class=\"tw-data-text tw-ta tw-text-small\" dir=\"ltr\" data-placeholder=\"Traducci\u00f3\"><strong><span lang=\"es\">La novena edici\u00f3n de esta programaci\u00f3n que organiza el Departament de Joventut ofrece concursos de fotograf\u00edas, talleres de cocina y maquillaje, el pasaje del terror en Miami Platja y la segunda edici\u00f3n del Mont-roig Misteri\u00f3s, entre otros. <\/span><\/strong><\/li>\n<\/ul>\n<p class=\"tw-data-text tw-ta tw-text-small\" dir=\"ltr\" data-placeholder=\"Traducci\u00f3\"><span lang=\"es\">Vuelve el ciclo P\u00e0nic que organiza por noveno a\u00f1o consecutivo el Departament de Joventut del Ayuntamiento de Mont-roig con una bater\u00eda de actividades que cada a\u00f1o lleva a la participaci\u00f3n de m\u00e1s gente en sus diferentes propuestas destinadas tanto al p\u00fablico juvenil como a adultos que tambi\u00e9n participan. <\/span><\/p>\n<p class=\"tw-data-text tw-ta tw-text-small\" dir=\"ltr\" data-placeholder=\"Traducci\u00f3\"><span lang=\"es\">Las actividades han comenzado este fin de semana con el inicio del concurso de Instagram y la primera sesi\u00f3n del Photo P\u00e0nic. Las actividades se alargar\u00e1n hasta el primer fin de semana de noviembre. En esta edici\u00f3n el ciclo P\u00e0nic 2017 permitir\u00e1 disfrutar de actividades como el taller de cocina zombi que tendr\u00e1 lugar en el Casal de J\u00f3ves K1 y K2, la actividad fotogr\u00e1fica Photo P\u00e0nic, el ataque zombi o el maquillaje de terror, entre otros. Como novedad en esta edici\u00f3n contaremos con un taller de decoraci\u00f3n de terror que se har\u00e1 los d\u00edas 20 y 21 de septiembre en el Casal de J\u00f3ves K1 y k2, y la segunda edici\u00f3n del Mont-roig Misteri\u00f3s, que tras la buena acogida del a\u00f1o pasado y con la colaboraci\u00f3n del grupo de teatro Els Xuts y el Departament de Cultura, volver\u00e1 a realizarse con nuevos escenarios e inquietantes historias la noche del viernes 27 de octubre.<\/span><\/p>\n<p class=\"tw-data-text tw-ta tw-text-small\" dir=\"ltr\" data-placeholder=\"Traducci\u00f3\"><span lang=\"es\"> Uno de los actos m\u00e1s destacados de este ciclo P\u00e0nic es el Pasaje del Terror en el Casal de J\u00f3ves K1 que vuelve los d\u00edas 20, 21 y 22 de octubre. En esta edici\u00f3n nos adentraremos en el misterioso mundo oriental. Tok&#8217;l2 tambi\u00e9n se tematiza para la ocasi\u00f3n y nos llevar\u00e1 a las Noches Negras de Port Aventura World el s\u00e1bado 14 de octubre.<\/span><\/p>\n<p dir=\"ltr\" data-placeholder=\"Traducci\u00f3\"><a href=\"http:\/\/mont-roig.cat\/wp-content\/uploads\/Bases-concurs-instagram-P\u00e0nic2017.pdf\" target=\"_blank\" rel=\"noopener\">Bases concurs instagram &#8211; P\u00e0nic2017<\/a><\/p>\n","protected":false},"excerpt":{"rendered":"<p>La novena edici\u00f3n de esta programaci\u00f3n que organiza el Departament de Joventut ofrece concursos de fotograf\u00edas, talleres de cocina y maquillaje, el pasaje del terror en Miami Platja y la segunda edici\u00f3n del Mont-roig Misteri\u00f3s, entre otros. Vuelve el ciclo P\u00e0nic que organiza por noveno a\u00f1o consecutivo el Departament de Joventut del Ayuntamiento de Mont-roig [&hellip;]<\/p>\n","protected":false},"author":4,"featured_media":21712,"comment_status":"closed","ping_status":"closed","sticky":false,"template":"","format":"standard","meta":{"inline_featured_image":false,"_monsterinsights_skip_tracking":false,"_monsterinsights_sitenote_active":false,"_monsterinsights_sitenote_note":"","_monsterinsights_sitenote_category":0,"footnotes":""},"categories":[98,106],"tags":[],"class_list":["post-21714","post","type-post","status-publish","format-standard","has-post-thumbnail","hentry","category-ayuntamiento","category-juventud"],"yoast_head":"<!-- This site is optimized with the Yoast SEO plugin v27.4 - https:\/\/yoast.com\/product\/yoast-seo-wordpress\/ -->\n<title>Vuelve el ciclo P\u00e0nic, con el terror como protagonista - Ajuntament de Mont-roig del Camp<\/title>\n<meta name=\"robots\" content=\"index, follow, max-snippet:-1, max-image-preview:large, max-video-preview:-1\" \/>\n<link rel=\"canonical\" href=\"https:\/\/mont-roig.cat\/es\/actualitat\/noticies\/vuelve-el-cicle-panic-con-el-terror-como-protagonista\/\" \/>\n<meta property=\"og:locale\" content=\"es_ES\" \/>\n<meta property=\"og:type\" content=\"article\" \/>\n<meta property=\"og:title\" content=\"Vuelve el ciclo P\u00e0nic, con el terror como protagonista - Ajuntament de Mont-roig del Camp\" \/>\n<meta property=\"og:description\" content=\"La novena edici\u00f3n de esta programaci\u00f3n que organiza el Departament de Joventut ofrece concursos de fotograf\u00edas, talleres de cocina y maquillaje, el pasaje del terror en Miami Platja y la segunda edici\u00f3n del Mont-roig Misteri\u00f3s, entre otros. Vuelve el ciclo P\u00e0nic que organiza por noveno a\u00f1o consecutivo el Departament de Joventut del Ayuntamiento de Mont-roig [&hellip;]\" \/>\n<meta property=\"og:url\" content=\"https:\/\/mont-roig.cat\/es\/actualitat\/noticies\/vuelve-el-cicle-panic-con-el-terror-como-protagonista\/\" \/>\n<meta property=\"og:site_name\" content=\"Ajuntament de Mont-roig del Camp\" \/>\n<meta property=\"article:published_time\" content=\"2017-09-18T12:50:56+00:00\" \/>\n<meta property=\"article:modified_time\" content=\"2017-10-06T11:46:42+00:00\" \/>\n<meta property=\"og:image\" content=\"https:\/\/mont-roig.cat\/wp-content\/uploads\/P\u00c0NIC-2017-1-1.jpg\" \/>\n\t<meta property=\"og:image:width\" content=\"1588\" \/>\n\t<meta property=\"og:image:height\" content=\"2246\" \/>\n\t<meta property=\"og:image:type\" content=\"image\/jpeg\" \/>\n<meta name=\"author\" content=\"administrador\" \/>\n<meta name=\"twitter:card\" content=\"summary_large_image\" \/>\n<meta name=\"twitter:label1\" content=\"Escrito por\" \/>\n\t<meta name=\"twitter:data1\" content=\"administrador\" \/>\n\t<meta name=\"twitter:label2\" content=\"Tiempo de lectura\" \/>\n\t<meta name=\"twitter:data2\" content=\"2 minutos\" \/>\n<script type=\"application\/ld+json\" class=\"yoast-schema-graph\">{\"@context\":\"https:\\\/\\\/schema.org\",\"@graph\":[{\"@type\":\"Article\",\"@id\":\"https:\\\/\\\/mont-roig.cat\\\/es\\\/actualitat\\\/noticies\\\/vuelve-el-cicle-panic-con-el-terror-como-protagonista\\\/#article\",\"isPartOf\":{\"@id\":\"https:\\\/\\\/mont-roig.cat\\\/es\\\/actualitat\\\/noticies\\\/vuelve-el-cicle-panic-con-el-terror-como-protagonista\\\/\"},\"author\":{\"name\":\"administrador\",\"@id\":\"https:\\\/\\\/mont-roig.cat\\\/es\\\/#\\\/schema\\\/person\\\/f2b111789f22b7d0c3bd6786c9128cba\"},\"headline\":\"Vuelve el ciclo P\u00e0nic, con el terror como protagonista\",\"datePublished\":\"2017-09-18T12:50:56+00:00\",\"dateModified\":\"2017-10-06T11:46:42+00:00\",\"mainEntityOfPage\":{\"@id\":\"https:\\\/\\\/mont-roig.cat\\\/es\\\/actualitat\\\/noticies\\\/vuelve-el-cicle-panic-con-el-terror-como-protagonista\\\/\"},\"wordCount\":348,\"image\":{\"@id\":\"https:\\\/\\\/mont-roig.cat\\\/es\\\/actualitat\\\/noticies\\\/vuelve-el-cicle-panic-con-el-terror-como-protagonista\\\/#primaryimage\"},\"thumbnailUrl\":\"https:\\\/\\\/mont-roig.cat\\\/wp-content\\\/uploads\\\/P\u00c0NIC-2017-1-1.jpg\",\"articleSection\":[\"Ayuntamiento\",\"Juventud\"],\"inLanguage\":\"es\"},{\"@type\":\"WebPage\",\"@id\":\"https:\\\/\\\/mont-roig.cat\\\/es\\\/actualitat\\\/noticies\\\/vuelve-el-cicle-panic-con-el-terror-como-protagonista\\\/\",\"url\":\"https:\\\/\\\/mont-roig.cat\\\/es\\\/actualitat\\\/noticies\\\/vuelve-el-cicle-panic-con-el-terror-como-protagonista\\\/\",\"name\":\"Vuelve el ciclo P\u00e0nic, con el terror como protagonista - Ajuntament de Mont-roig del Camp\",\"isPartOf\":{\"@id\":\"https:\\\/\\\/mont-roig.cat\\\/es\\\/#website\"},\"primaryImageOfPage\":{\"@id\":\"https:\\\/\\\/mont-roig.cat\\\/es\\\/actualitat\\\/noticies\\\/vuelve-el-cicle-panic-con-el-terror-como-protagonista\\\/#primaryimage\"},\"image\":{\"@id\":\"https:\\\/\\\/mont-roig.cat\\\/es\\\/actualitat\\\/noticies\\\/vuelve-el-cicle-panic-con-el-terror-como-protagonista\\\/#primaryimage\"},\"thumbnailUrl\":\"https:\\\/\\\/mont-roig.cat\\\/wp-content\\\/uploads\\\/P\u00c0NIC-2017-1-1.jpg\",\"datePublished\":\"2017-09-18T12:50:56+00:00\",\"dateModified\":\"2017-10-06T11:46:42+00:00\",\"author\":{\"@id\":\"https:\\\/\\\/mont-roig.cat\\\/es\\\/#\\\/schema\\\/person\\\/f2b111789f22b7d0c3bd6786c9128cba\"},\"breadcrumb\":{\"@id\":\"https:\\\/\\\/mont-roig.cat\\\/es\\\/actualitat\\\/noticies\\\/vuelve-el-cicle-panic-con-el-terror-como-protagonista\\\/#breadcrumb\"},\"inLanguage\":\"es\",\"potentialAction\":[{\"@type\":\"ReadAction\",\"target\":[\"https:\\\/\\\/mont-roig.cat\\\/es\\\/actualitat\\\/noticies\\\/vuelve-el-cicle-panic-con-el-terror-como-protagonista\\\/\"]}]},{\"@type\":\"ImageObject\",\"inLanguage\":\"es\",\"@id\":\"https:\\\/\\\/mont-roig.cat\\\/es\\\/actualitat\\\/noticies\\\/vuelve-el-cicle-panic-con-el-terror-como-protagonista\\\/#primaryimage\",\"url\":\"https:\\\/\\\/mont-roig.cat\\\/wp-content\\\/uploads\\\/P\u00c0NIC-2017-1-1.jpg\",\"contentUrl\":\"https:\\\/\\\/mont-roig.cat\\\/wp-content\\\/uploads\\\/P\u00c0NIC-2017-1-1.jpg\",\"width\":1588,\"height\":2246},{\"@type\":\"BreadcrumbList\",\"@id\":\"https:\\\/\\\/mont-roig.cat\\\/es\\\/actualitat\\\/noticies\\\/vuelve-el-cicle-panic-con-el-terror-como-protagonista\\\/#breadcrumb\",\"itemListElement\":[{\"@type\":\"ListItem\",\"position\":1,\"name\":\"Inici\",\"item\":\"https:\\\/\\\/mont-roig.cat\\\/es\\\/pagina-de-inicio\\\/\"},{\"@type\":\"ListItem\",\"position\":2,\"name\":\"Vuelve el ciclo P\u00e0nic, con el terror como protagonista\"}]},{\"@type\":\"WebSite\",\"@id\":\"https:\\\/\\\/mont-roig.cat\\\/es\\\/#website\",\"url\":\"https:\\\/\\\/mont-roig.cat\\\/es\\\/\",\"name\":\"Ajuntament de Mont-roig del Camp\",\"description\":\"Tota la informaci\u00f3 sobre la instituci\u00f3, els seus \u00f2rgans de govern, actualitat, serveis i molt m\u00e9s.\",\"potentialAction\":[{\"@type\":\"SearchAction\",\"target\":{\"@type\":\"EntryPoint\",\"urlTemplate\":\"https:\\\/\\\/mont-roig.cat\\\/es\\\/?s={search_term_string}\"},\"query-input\":{\"@type\":\"PropertyValueSpecification\",\"valueRequired\":true,\"valueName\":\"search_term_string\"}}],\"inLanguage\":\"es\"},{\"@type\":\"Person\",\"@id\":\"https:\\\/\\\/mont-roig.cat\\\/es\\\/#\\\/schema\\\/person\\\/f2b111789f22b7d0c3bd6786c9128cba\",\"name\":\"administrador\",\"image\":{\"@type\":\"ImageObject\",\"inLanguage\":\"es\",\"@id\":\"https:\\\/\\\/secure.gravatar.com\\\/avatar\\\/9137aac6891e2595c9d3036fd83bcb653b4db3c946db4c7d9b9be193c3c944bb?s=96&d=mm&r=g\",\"url\":\"https:\\\/\\\/secure.gravatar.com\\\/avatar\\\/9137aac6891e2595c9d3036fd83bcb653b4db3c946db4c7d9b9be193c3c944bb?s=96&d=mm&r=g\",\"contentUrl\":\"https:\\\/\\\/secure.gravatar.com\\\/avatar\\\/9137aac6891e2595c9d3036fd83bcb653b4db3c946db4c7d9b9be193c3c944bb?s=96&d=mm&r=g\",\"caption\":\"administrador\"},\"url\":\"https:\\\/\\\/mont-roig.cat\\\/es\\\/actualitat\\\/noticies\\\/author\\\/administrador\\\/\"}]}<\/script>\n<!-- \/ Yoast SEO plugin. -->","yoast_head_json":{"title":"Vuelve el ciclo P\u00e0nic, con el terror como protagonista - Ajuntament de Mont-roig del Camp","robots":{"index":"index","follow":"follow","max-snippet":"max-snippet:-1","max-image-preview":"max-image-preview:large","max-video-preview":"max-video-preview:-1"},"canonical":"https:\/\/mont-roig.cat\/es\/actualitat\/noticies\/vuelve-el-cicle-panic-con-el-terror-como-protagonista\/","og_locale":"es_ES","og_type":"article","og_title":"Vuelve el ciclo P\u00e0nic, con el terror como protagonista - Ajuntament de Mont-roig del Camp","og_description":"La novena edici\u00f3n de esta programaci\u00f3n que organiza el Departament de Joventut ofrece concursos de fotograf\u00edas, talleres de cocina y maquillaje, el pasaje del terror en Miami Platja y la segunda edici\u00f3n del Mont-roig Misteri\u00f3s, entre otros. Vuelve el ciclo P\u00e0nic que organiza por noveno a\u00f1o consecutivo el Departament de Joventut del Ayuntamiento de Mont-roig [&hellip;]","og_url":"https:\/\/mont-roig.cat\/es\/actualitat\/noticies\/vuelve-el-cicle-panic-con-el-terror-como-protagonista\/","og_site_name":"Ajuntament de Mont-roig del Camp","article_published_time":"2017-09-18T12:50:56+00:00","article_modified_time":"2017-10-06T11:46:42+00:00","og_image":[{"width":1588,"height":2246,"url":"https:\/\/mont-roig.cat\/wp-content\/uploads\/P\u00c0NIC-2017-1-1.jpg","type":"image\/jpeg"}],"author":"administrador","twitter_card":"summary_large_image","twitter_misc":{"Escrito por":"administrador","Tiempo de lectura":"2 minutos"},"schema":{"@context":"https:\/\/schema.org","@graph":[{"@type":"Article","@id":"https:\/\/mont-roig.cat\/es\/actualitat\/noticies\/vuelve-el-cicle-panic-con-el-terror-como-protagonista\/#article","isPartOf":{"@id":"https:\/\/mont-roig.cat\/es\/actualitat\/noticies\/vuelve-el-cicle-panic-con-el-terror-como-protagonista\/"},"author":{"name":"administrador","@id":"https:\/\/mont-roig.cat\/es\/#\/schema\/person\/f2b111789f22b7d0c3bd6786c9128cba"},"headline":"Vuelve el ciclo P\u00e0nic, con el terror como protagonista","datePublished":"2017-09-18T12:50:56+00:00","dateModified":"2017-10-06T11:46:42+00:00","mainEntityOfPage":{"@id":"https:\/\/mont-roig.cat\/es\/actualitat\/noticies\/vuelve-el-cicle-panic-con-el-terror-como-protagonista\/"},"wordCount":348,"image":{"@id":"https:\/\/mont-roig.cat\/es\/actualitat\/noticies\/vuelve-el-cicle-panic-con-el-terror-como-protagonista\/#primaryimage"},"thumbnailUrl":"https:\/\/mont-roig.cat\/wp-content\/uploads\/P\u00c0NIC-2017-1-1.jpg","articleSection":["Ayuntamiento","Juventud"],"inLanguage":"es"},{"@type":"WebPage","@id":"https:\/\/mont-roig.cat\/es\/actualitat\/noticies\/vuelve-el-cicle-panic-con-el-terror-como-protagonista\/","url":"https:\/\/mont-roig.cat\/es\/actualitat\/noticies\/vuelve-el-cicle-panic-con-el-terror-como-protagonista\/","name":"Vuelve el ciclo P\u00e0nic, con el terror como protagonista - Ajuntament de Mont-roig del Camp","isPartOf":{"@id":"https:\/\/mont-roig.cat\/es\/#website"},"primaryImageOfPage":{"@id":"https:\/\/mont-roig.cat\/es\/actualitat\/noticies\/vuelve-el-cicle-panic-con-el-terror-como-protagonista\/#primaryimage"},"image":{"@id":"https:\/\/mont-roig.cat\/es\/actualitat\/noticies\/vuelve-el-cicle-panic-con-el-terror-como-protagonista\/#primaryimage"},"thumbnailUrl":"https:\/\/mont-roig.cat\/wp-content\/uploads\/P\u00c0NIC-2017-1-1.jpg","datePublished":"2017-09-18T12:50:56+00:00","dateModified":"2017-10-06T11:46:42+00:00","author":{"@id":"https:\/\/mont-roig.cat\/es\/#\/schema\/person\/f2b111789f22b7d0c3bd6786c9128cba"},"breadcrumb":{"@id":"https:\/\/mont-roig.cat\/es\/actualitat\/noticies\/vuelve-el-cicle-panic-con-el-terror-como-protagonista\/#breadcrumb"},"inLanguage":"es","potentialAction":[{"@type":"ReadAction","target":["https:\/\/mont-roig.cat\/es\/actualitat\/noticies\/vuelve-el-cicle-panic-con-el-terror-como-protagonista\/"]}]},{"@type":"ImageObject","inLanguage":"es","@id":"https:\/\/mont-roig.cat\/es\/actualitat\/noticies\/vuelve-el-cicle-panic-con-el-terror-como-protagonista\/#primaryimage","url":"https:\/\/mont-roig.cat\/wp-content\/uploads\/P\u00c0NIC-2017-1-1.jpg","contentUrl":"https:\/\/mont-roig.cat\/wp-content\/uploads\/P\u00c0NIC-2017-1-1.jpg","width":1588,"height":2246},{"@type":"BreadcrumbList","@id":"https:\/\/mont-roig.cat\/es\/actualitat\/noticies\/vuelve-el-cicle-panic-con-el-terror-como-protagonista\/#breadcrumb","itemListElement":[{"@type":"ListItem","position":1,"name":"Inici","item":"https:\/\/mont-roig.cat\/es\/pagina-de-inicio\/"},{"@type":"ListItem","position":2,"name":"Vuelve el ciclo P\u00e0nic, con el terror como protagonista"}]},{"@type":"WebSite","@id":"https:\/\/mont-roig.cat\/es\/#website","url":"https:\/\/mont-roig.cat\/es\/","name":"Ajuntament de Mont-roig del Camp","description":"Tota la informaci\u00f3 sobre la instituci\u00f3, els seus \u00f2rgans de govern, actualitat, serveis i molt m\u00e9s.","potentialAction":[{"@type":"SearchAction","target":{"@type":"EntryPoint","urlTemplate":"https:\/\/mont-roig.cat\/es\/?s={search_term_string}"},"query-input":{"@type":"PropertyValueSpecification","valueRequired":true,"valueName":"search_term_string"}}],"inLanguage":"es"},{"@type":"Person","@id":"https:\/\/mont-roig.cat\/es\/#\/schema\/person\/f2b111789f22b7d0c3bd6786c9128cba","name":"administrador","image":{"@type":"ImageObject","inLanguage":"es","@id":"https:\/\/secure.gravatar.com\/avatar\/9137aac6891e2595c9d3036fd83bcb653b4db3c946db4c7d9b9be193c3c944bb?s=96&d=mm&r=g","url":"https:\/\/secure.gravatar.com\/avatar\/9137aac6891e2595c9d3036fd83bcb653b4db3c946db4c7d9b9be193c3c944bb?s=96&d=mm&r=g","contentUrl":"https:\/\/secure.gravatar.com\/avatar\/9137aac6891e2595c9d3036fd83bcb653b4db3c946db4c7d9b9be193c3c944bb?s=96&d=mm&r=g","caption":"administrador"},"url":"https:\/\/mont-roig.cat\/es\/actualitat\/noticies\/author\/administrador\/"}]}},"_links":{"self":[{"href":"https:\/\/mont-roig.cat\/es\/wp-json\/wp\/v2\/posts\/21714","targetHints":{"allow":["GET"]}}],"collection":[{"href":"https:\/\/mont-roig.cat\/es\/wp-json\/wp\/v2\/posts"}],"about":[{"href":"https:\/\/mont-roig.cat\/es\/wp-json\/wp\/v2\/types\/post"}],"author":[{"embeddable":true,"href":"https:\/\/mont-roig.cat\/es\/wp-json\/wp\/v2\/users\/4"}],"replies":[{"embeddable":true,"href":"https:\/\/mont-roig.cat\/es\/wp-json\/wp\/v2\/comments?post=21714"}],"version-history":[{"count":3,"href":"https:\/\/mont-roig.cat\/es\/wp-json\/wp\/v2\/posts\/21714\/revisions"}],"predecessor-version":[{"id":22512,"href":"https:\/\/mont-roig.cat\/es\/wp-json\/wp\/v2\/posts\/21714\/revisions\/22512"}],"wp:featuredmedia":[{"embeddable":true,"href":"https:\/\/mont-roig.cat\/es\/wp-json\/wp\/v2\/media\/21712"}],"wp:attachment":[{"href":"https:\/\/mont-roig.cat\/es\/wp-json\/wp\/v2\/media?parent=21714"}],"wp:term":[{"taxonomy":"category","embeddable":true,"href":"https:\/\/mont-roig.cat\/es\/wp-json\/wp\/v2\/categories?post=21714"},{"taxonomy":"post_tag","embeddable":true,"href":"https:\/\/mont-roig.cat\/es\/wp-json\/wp\/v2\/tags?post=21714"}],"curies":[{"name":"wp","href":"https:\/\/api.w.org\/{rel}","templated":true}]}}