{"id":22229,"date":"2017-09-25T15:07:14","date_gmt":"2017-09-25T13:07:14","guid":{"rendered":"http:\/\/mont-roig.cat\/actualitat\/noticies\/todo-a-preparado-para-celebrar-la-fiesta-mayor-de-sant-miquel-de-mont-roig\/"},"modified":"2017-09-25T15:14:38","modified_gmt":"2017-09-25T13:14:38","slug":"todo-a-preparado-para-celebrar-la-fiesta-mayor-de-sant-miquel-de-mont-roig","status":"publish","type":"post","link":"https:\/\/mont-roig.cat\/es\/actualitat\/noticies\/todo-a-preparado-para-celebrar-la-fiesta-mayor-de-sant-miquel-de-mont-roig\/","title":{"rendered":"Todo a preparado para celebrar la Fiesta Mayor de Sant Miquel de Mont-roig"},"content":{"rendered":"<p><strong>Inauguraci\u00f3n del nuevo campo de c\u00e9sped y las pistas de p\u00e1del, fiesta Holi, hinchables, baile de gegants, teatro y Mercat a l&#8217;Antiga entre los actos programados<\/strong><\/p>\n<p><a href=\"http:\/\/mont-roig.cat\/wp-content\/uploads\/cartell_StMiquel2017.jpg\"><img loading=\"lazy\" decoding=\"async\" class=\"wp-image-21694 alignright\" src=\"http:\/\/mont-roig.cat\/wp-content\/uploads\/cartell_StMiquel2017-354x500.jpg\" alt=\"\" width=\"200\" height=\"282\" srcset=\"https:\/\/mont-roig.cat\/wp-content\/uploads\/cartell_StMiquel2017-354x500.jpg 354w, https:\/\/mont-roig.cat\/wp-content\/uploads\/cartell_StMiquel2017-768x1084.jpg 768w, https:\/\/mont-roig.cat\/wp-content\/uploads\/cartell_StMiquel2017-725x1024.jpg 725w, https:\/\/mont-roig.cat\/wp-content\/uploads\/cartell_StMiquel2017.jpg 1920w\" sizes=\"auto, (max-width: 200px) 100vw, 200px\" \/><\/a><\/p>\n<p>Mont-roig del Camp celebrar\u00e1 del 28 de septiembre al 1 de octubre la Fiesta Mayor en honor a Sant Miquel. Los actos comenzar\u00e1n este jueves con el tradicional preg\u00f3n, que este a\u00f1o correr\u00e1 a cargo de la vecina del municipio Pilar Mendoza Vall. El mismo jueves, cine al aire libre y palomitas para disfrutar de una de las \u00faltimas producciones de Walt Disney.<\/p>\n<p>Viernes, festividad de Sant Miquel se celebrar\u00e1 un acto de inauguraci\u00f3n de las nuevas pistas de p\u00e1del de la zona deportiva, con varios torneos y partidos abiertos. Durante toda la ma\u00f1ana habr\u00e1 hinchables en la pista d&#8217;Estiu.<\/p>\n<p>La celebraci\u00f3n continuar\u00e1 con la Misa de Fiesta Mayor, el baile de los gegants del Barri dels Sis Carrers acompa\u00f1ados por los Grallers de Mont-roig y el vermut popular. Ya por la tarde, espect\u00e1culo itinerante de humor y fiesta Holi con animaci\u00f3n. La jornada finalizar\u00e1 con la actuaci\u00f3n del grupo Broads &amp; Covers y Covernats.<\/p>\n<p>S\u00e1bado se inaugurar\u00e1 el nuevo campo de c\u00e9sped con la presentaci\u00f3n del f\u00fatbol base y competiciones deportivas. Tambi\u00e9n habr\u00e1 concierto con el grupo The Wave y discoteca joven. Domingo, ser\u00e1 el turno del teatro con la comedia negra Cap\u00edtulo final.<\/p>\n<p>Durante el fin de semana, vuelve el Mercat a l&#8217;Antiga, con numerosas paradas y m\u00faltiples actividades para todos los p\u00fablicos que llenar\u00e1n la plaza Moss\u00e8n Gaiet\u00e0 Ivern y calles de alrededor de mucho ambiente y fiesta. El acto est\u00e1 organizado por la Associaci\u00f3 El Portal.<\/p>\n<p>Otras asociaciones que han preparado actos son el C.E l&#8217;Areny, el Club de Billar, el Centre d&#8217;Estudis Mont-rogencs, el Club Esportiu Mont-roig, l&#8217;Associaci\u00f3 de Bitlles o el C.A. Mont-roig.<\/p>\n<p>Por otra parte, el Ayuntamiento ha vuelto a organizar un concurso de fotograf\u00edas de las fiestas. Todas aquellas im\u00e1genes publicadas en las redes sociales que contengan la etiqueta # StMiquelMontroig2017 optan a ganar un lote de productos de la Agrobotiga de Mont-roig o dos entradas para las Termes de Montbri\u00f3.<\/p>\n<p><a href=\"http:\/\/mont-roig.cat\/wp-content\/uploads\/Programa_StMiquel2017.pdf\" target=\"_blank\" rel=\"noopener\">Programa Sant Miquel 2017<\/a><\/p>\n<p><a href=\"http:\/\/mont-roig.cat\/wp-content\/uploads\/Bases-Concurs-Instagram-i-Facebook-Sant-Miquel-2017.pdf\" target=\"_blank\" rel=\"noopener\">Bases Concurso Instagram y Facebook Sant Miquel 2017<\/a><\/p>\n","protected":false},"excerpt":{"rendered":"<p>Inauguraci\u00f3n del nuevo campo de c\u00e9sped y las pistas de p\u00e1del, fiesta Holi, hinchables, baile de gegants, teatro y Mercat a l&#8217;Antiga entre los actos programados Mont-roig del Camp celebrar\u00e1 del 28 de septiembre al 1 de octubre la Fiesta Mayor en honor a Sant Miquel. Los actos comenzar\u00e1n este jueves con el tradicional preg\u00f3n, [&hellip;]<\/p>\n","protected":false},"author":4,"featured_media":21694,"comment_status":"closed","ping_status":"closed","sticky":false,"template":"","format":"standard","meta":{"inline_featured_image":false,"_monsterinsights_skip_tracking":false,"_monsterinsights_sitenote_active":false,"_monsterinsights_sitenote_note":"","_monsterinsights_sitenote_category":0,"footnotes":""},"categories":[105],"tags":[],"class_list":["post-22229","post","type-post","status-publish","format-standard","has-post-thumbnail","hentry","category-fiestas"],"yoast_head":"<!-- This site is optimized with the Yoast SEO plugin v27.4 - https:\/\/yoast.com\/product\/yoast-seo-wordpress\/ -->\n<title>Todo a preparado para celebrar la Fiesta Mayor de Sant Miquel de Mont-roig - Ajuntament de Mont-roig del Camp<\/title>\n<meta name=\"robots\" content=\"index, follow, max-snippet:-1, max-image-preview:large, max-video-preview:-1\" \/>\n<link rel=\"canonical\" href=\"https:\/\/mont-roig.cat\/es\/actualitat\/noticies\/todo-a-preparado-para-celebrar-la-fiesta-mayor-de-sant-miquel-de-mont-roig\/\" \/>\n<meta property=\"og:locale\" content=\"es_ES\" \/>\n<meta property=\"og:type\" content=\"article\" \/>\n<meta property=\"og:title\" content=\"Todo a preparado para celebrar la Fiesta Mayor de Sant Miquel de Mont-roig - Ajuntament de Mont-roig del Camp\" \/>\n<meta property=\"og:description\" content=\"Inauguraci\u00f3n del nuevo campo de c\u00e9sped y las pistas de p\u00e1del, fiesta Holi, hinchables, baile de gegants, teatro y Mercat a l&#8217;Antiga entre los actos programados Mont-roig del Camp celebrar\u00e1 del 28 de septiembre al 1 de octubre la Fiesta Mayor en honor a Sant Miquel. Los actos comenzar\u00e1n este jueves con el tradicional preg\u00f3n, [&hellip;]\" \/>\n<meta property=\"og:url\" content=\"https:\/\/mont-roig.cat\/es\/actualitat\/noticies\/todo-a-preparado-para-celebrar-la-fiesta-mayor-de-sant-miquel-de-mont-roig\/\" \/>\n<meta property=\"og:site_name\" content=\"Ajuntament de Mont-roig del Camp\" \/>\n<meta property=\"article:published_time\" content=\"2017-09-25T13:07:14+00:00\" \/>\n<meta property=\"article:modified_time\" content=\"2017-09-25T13:14:38+00:00\" \/>\n<meta property=\"og:image\" content=\"https:\/\/mont-roig.cat\/wp-content\/uploads\/cartell_StMiquel2017.jpg\" \/>\n\t<meta property=\"og:image:width\" content=\"1920\" \/>\n\t<meta property=\"og:image:height\" content=\"2710\" \/>\n\t<meta property=\"og:image:type\" content=\"image\/jpeg\" \/>\n<meta name=\"author\" content=\"administrador\" \/>\n<meta name=\"twitter:card\" content=\"summary_large_image\" \/>\n<meta name=\"twitter:label1\" content=\"Escrito por\" \/>\n\t<meta name=\"twitter:data1\" content=\"administrador\" \/>\n\t<meta name=\"twitter:label2\" content=\"Tiempo de lectura\" \/>\n\t<meta name=\"twitter:data2\" content=\"2 minutos\" \/>\n<script type=\"application\/ld+json\" class=\"yoast-schema-graph\">{\"@context\":\"https:\\\/\\\/schema.org\",\"@graph\":[{\"@type\":\"Article\",\"@id\":\"https:\\\/\\\/mont-roig.cat\\\/es\\\/actualitat\\\/noticies\\\/todo-a-preparado-para-celebrar-la-fiesta-mayor-de-sant-miquel-de-mont-roig\\\/#article\",\"isPartOf\":{\"@id\":\"https:\\\/\\\/mont-roig.cat\\\/es\\\/actualitat\\\/noticies\\\/todo-a-preparado-para-celebrar-la-fiesta-mayor-de-sant-miquel-de-mont-roig\\\/\"},\"author\":{\"name\":\"administrador\",\"@id\":\"https:\\\/\\\/mont-roig.cat\\\/es\\\/#\\\/schema\\\/person\\\/f2b111789f22b7d0c3bd6786c9128cba\"},\"headline\":\"Todo a preparado para celebrar la Fiesta Mayor de Sant Miquel de Mont-roig\",\"datePublished\":\"2017-09-25T13:07:14+00:00\",\"dateModified\":\"2017-09-25T13:14:38+00:00\",\"mainEntityOfPage\":{\"@id\":\"https:\\\/\\\/mont-roig.cat\\\/es\\\/actualitat\\\/noticies\\\/todo-a-preparado-para-celebrar-la-fiesta-mayor-de-sant-miquel-de-mont-roig\\\/\"},\"wordCount\":393,\"image\":{\"@id\":\"https:\\\/\\\/mont-roig.cat\\\/es\\\/actualitat\\\/noticies\\\/todo-a-preparado-para-celebrar-la-fiesta-mayor-de-sant-miquel-de-mont-roig\\\/#primaryimage\"},\"thumbnailUrl\":\"https:\\\/\\\/mont-roig.cat\\\/wp-content\\\/uploads\\\/cartell_StMiquel2017.jpg\",\"articleSection\":[\"Festes\"],\"inLanguage\":\"es\"},{\"@type\":\"WebPage\",\"@id\":\"https:\\\/\\\/mont-roig.cat\\\/es\\\/actualitat\\\/noticies\\\/todo-a-preparado-para-celebrar-la-fiesta-mayor-de-sant-miquel-de-mont-roig\\\/\",\"url\":\"https:\\\/\\\/mont-roig.cat\\\/es\\\/actualitat\\\/noticies\\\/todo-a-preparado-para-celebrar-la-fiesta-mayor-de-sant-miquel-de-mont-roig\\\/\",\"name\":\"Todo a preparado para celebrar la Fiesta Mayor de Sant Miquel de Mont-roig - Ajuntament de Mont-roig del Camp\",\"isPartOf\":{\"@id\":\"https:\\\/\\\/mont-roig.cat\\\/es\\\/#website\"},\"primaryImageOfPage\":{\"@id\":\"https:\\\/\\\/mont-roig.cat\\\/es\\\/actualitat\\\/noticies\\\/todo-a-preparado-para-celebrar-la-fiesta-mayor-de-sant-miquel-de-mont-roig\\\/#primaryimage\"},\"image\":{\"@id\":\"https:\\\/\\\/mont-roig.cat\\\/es\\\/actualitat\\\/noticies\\\/todo-a-preparado-para-celebrar-la-fiesta-mayor-de-sant-miquel-de-mont-roig\\\/#primaryimage\"},\"thumbnailUrl\":\"https:\\\/\\\/mont-roig.cat\\\/wp-content\\\/uploads\\\/cartell_StMiquel2017.jpg\",\"datePublished\":\"2017-09-25T13:07:14+00:00\",\"dateModified\":\"2017-09-25T13:14:38+00:00\",\"author\":{\"@id\":\"https:\\\/\\\/mont-roig.cat\\\/es\\\/#\\\/schema\\\/person\\\/f2b111789f22b7d0c3bd6786c9128cba\"},\"breadcrumb\":{\"@id\":\"https:\\\/\\\/mont-roig.cat\\\/es\\\/actualitat\\\/noticies\\\/todo-a-preparado-para-celebrar-la-fiesta-mayor-de-sant-miquel-de-mont-roig\\\/#breadcrumb\"},\"inLanguage\":\"es\",\"potentialAction\":[{\"@type\":\"ReadAction\",\"target\":[\"https:\\\/\\\/mont-roig.cat\\\/es\\\/actualitat\\\/noticies\\\/todo-a-preparado-para-celebrar-la-fiesta-mayor-de-sant-miquel-de-mont-roig\\\/\"]}]},{\"@type\":\"ImageObject\",\"inLanguage\":\"es\",\"@id\":\"https:\\\/\\\/mont-roig.cat\\\/es\\\/actualitat\\\/noticies\\\/todo-a-preparado-para-celebrar-la-fiesta-mayor-de-sant-miquel-de-mont-roig\\\/#primaryimage\",\"url\":\"https:\\\/\\\/mont-roig.cat\\\/wp-content\\\/uploads\\\/cartell_StMiquel2017.jpg\",\"contentUrl\":\"https:\\\/\\\/mont-roig.cat\\\/wp-content\\\/uploads\\\/cartell_StMiquel2017.jpg\",\"width\":1920,\"height\":2710},{\"@type\":\"BreadcrumbList\",\"@id\":\"https:\\\/\\\/mont-roig.cat\\\/es\\\/actualitat\\\/noticies\\\/todo-a-preparado-para-celebrar-la-fiesta-mayor-de-sant-miquel-de-mont-roig\\\/#breadcrumb\",\"itemListElement\":[{\"@type\":\"ListItem\",\"position\":1,\"name\":\"Inici\",\"item\":\"https:\\\/\\\/mont-roig.cat\\\/es\\\/pagina-de-inicio\\\/\"},{\"@type\":\"ListItem\",\"position\":2,\"name\":\"Todo a preparado para celebrar la Fiesta Mayor de Sant Miquel de Mont-roig\"}]},{\"@type\":\"WebSite\",\"@id\":\"https:\\\/\\\/mont-roig.cat\\\/es\\\/#website\",\"url\":\"https:\\\/\\\/mont-roig.cat\\\/es\\\/\",\"name\":\"Ajuntament de Mont-roig del Camp\",\"description\":\"Tota la informaci\u00f3 sobre la instituci\u00f3, els seus \u00f2rgans de govern, actualitat, serveis i molt m\u00e9s.\",\"potentialAction\":[{\"@type\":\"SearchAction\",\"target\":{\"@type\":\"EntryPoint\",\"urlTemplate\":\"https:\\\/\\\/mont-roig.cat\\\/es\\\/?s={search_term_string}\"},\"query-input\":{\"@type\":\"PropertyValueSpecification\",\"valueRequired\":true,\"valueName\":\"search_term_string\"}}],\"inLanguage\":\"es\"},{\"@type\":\"Person\",\"@id\":\"https:\\\/\\\/mont-roig.cat\\\/es\\\/#\\\/schema\\\/person\\\/f2b111789f22b7d0c3bd6786c9128cba\",\"name\":\"administrador\",\"image\":{\"@type\":\"ImageObject\",\"inLanguage\":\"es\",\"@id\":\"https:\\\/\\\/secure.gravatar.com\\\/avatar\\\/9137aac6891e2595c9d3036fd83bcb653b4db3c946db4c7d9b9be193c3c944bb?s=96&d=mm&r=g\",\"url\":\"https:\\\/\\\/secure.gravatar.com\\\/avatar\\\/9137aac6891e2595c9d3036fd83bcb653b4db3c946db4c7d9b9be193c3c944bb?s=96&d=mm&r=g\",\"contentUrl\":\"https:\\\/\\\/secure.gravatar.com\\\/avatar\\\/9137aac6891e2595c9d3036fd83bcb653b4db3c946db4c7d9b9be193c3c944bb?s=96&d=mm&r=g\",\"caption\":\"administrador\"},\"url\":\"https:\\\/\\\/mont-roig.cat\\\/es\\\/actualitat\\\/noticies\\\/author\\\/administrador\\\/\"}]}<\/script>\n<!-- \/ Yoast SEO plugin. -->","yoast_head_json":{"title":"Todo a preparado para celebrar la Fiesta Mayor de Sant Miquel de Mont-roig - Ajuntament de Mont-roig del Camp","robots":{"index":"index","follow":"follow","max-snippet":"max-snippet:-1","max-image-preview":"max-image-preview:large","max-video-preview":"max-video-preview:-1"},"canonical":"https:\/\/mont-roig.cat\/es\/actualitat\/noticies\/todo-a-preparado-para-celebrar-la-fiesta-mayor-de-sant-miquel-de-mont-roig\/","og_locale":"es_ES","og_type":"article","og_title":"Todo a preparado para celebrar la Fiesta Mayor de Sant Miquel de Mont-roig - Ajuntament de Mont-roig del Camp","og_description":"Inauguraci\u00f3n del nuevo campo de c\u00e9sped y las pistas de p\u00e1del, fiesta Holi, hinchables, baile de gegants, teatro y Mercat a l&#8217;Antiga entre los actos programados Mont-roig del Camp celebrar\u00e1 del 28 de septiembre al 1 de octubre la Fiesta Mayor en honor a Sant Miquel. Los actos comenzar\u00e1n este jueves con el tradicional preg\u00f3n, [&hellip;]","og_url":"https:\/\/mont-roig.cat\/es\/actualitat\/noticies\/todo-a-preparado-para-celebrar-la-fiesta-mayor-de-sant-miquel-de-mont-roig\/","og_site_name":"Ajuntament de Mont-roig del Camp","article_published_time":"2017-09-25T13:07:14+00:00","article_modified_time":"2017-09-25T13:14:38+00:00","og_image":[{"width":1920,"height":2710,"url":"https:\/\/mont-roig.cat\/wp-content\/uploads\/cartell_StMiquel2017.jpg","type":"image\/jpeg"}],"author":"administrador","twitter_card":"summary_large_image","twitter_misc":{"Escrito por":"administrador","Tiempo de lectura":"2 minutos"},"schema":{"@context":"https:\/\/schema.org","@graph":[{"@type":"Article","@id":"https:\/\/mont-roig.cat\/es\/actualitat\/noticies\/todo-a-preparado-para-celebrar-la-fiesta-mayor-de-sant-miquel-de-mont-roig\/#article","isPartOf":{"@id":"https:\/\/mont-roig.cat\/es\/actualitat\/noticies\/todo-a-preparado-para-celebrar-la-fiesta-mayor-de-sant-miquel-de-mont-roig\/"},"author":{"name":"administrador","@id":"https:\/\/mont-roig.cat\/es\/#\/schema\/person\/f2b111789f22b7d0c3bd6786c9128cba"},"headline":"Todo a preparado para celebrar la Fiesta Mayor de Sant Miquel de Mont-roig","datePublished":"2017-09-25T13:07:14+00:00","dateModified":"2017-09-25T13:14:38+00:00","mainEntityOfPage":{"@id":"https:\/\/mont-roig.cat\/es\/actualitat\/noticies\/todo-a-preparado-para-celebrar-la-fiesta-mayor-de-sant-miquel-de-mont-roig\/"},"wordCount":393,"image":{"@id":"https:\/\/mont-roig.cat\/es\/actualitat\/noticies\/todo-a-preparado-para-celebrar-la-fiesta-mayor-de-sant-miquel-de-mont-roig\/#primaryimage"},"thumbnailUrl":"https:\/\/mont-roig.cat\/wp-content\/uploads\/cartell_StMiquel2017.jpg","articleSection":["Festes"],"inLanguage":"es"},{"@type":"WebPage","@id":"https:\/\/mont-roig.cat\/es\/actualitat\/noticies\/todo-a-preparado-para-celebrar-la-fiesta-mayor-de-sant-miquel-de-mont-roig\/","url":"https:\/\/mont-roig.cat\/es\/actualitat\/noticies\/todo-a-preparado-para-celebrar-la-fiesta-mayor-de-sant-miquel-de-mont-roig\/","name":"Todo a preparado para celebrar la Fiesta Mayor de Sant Miquel de Mont-roig - Ajuntament de Mont-roig del Camp","isPartOf":{"@id":"https:\/\/mont-roig.cat\/es\/#website"},"primaryImageOfPage":{"@id":"https:\/\/mont-roig.cat\/es\/actualitat\/noticies\/todo-a-preparado-para-celebrar-la-fiesta-mayor-de-sant-miquel-de-mont-roig\/#primaryimage"},"image":{"@id":"https:\/\/mont-roig.cat\/es\/actualitat\/noticies\/todo-a-preparado-para-celebrar-la-fiesta-mayor-de-sant-miquel-de-mont-roig\/#primaryimage"},"thumbnailUrl":"https:\/\/mont-roig.cat\/wp-content\/uploads\/cartell_StMiquel2017.jpg","datePublished":"2017-09-25T13:07:14+00:00","dateModified":"2017-09-25T13:14:38+00:00","author":{"@id":"https:\/\/mont-roig.cat\/es\/#\/schema\/person\/f2b111789f22b7d0c3bd6786c9128cba"},"breadcrumb":{"@id":"https:\/\/mont-roig.cat\/es\/actualitat\/noticies\/todo-a-preparado-para-celebrar-la-fiesta-mayor-de-sant-miquel-de-mont-roig\/#breadcrumb"},"inLanguage":"es","potentialAction":[{"@type":"ReadAction","target":["https:\/\/mont-roig.cat\/es\/actualitat\/noticies\/todo-a-preparado-para-celebrar-la-fiesta-mayor-de-sant-miquel-de-mont-roig\/"]}]},{"@type":"ImageObject","inLanguage":"es","@id":"https:\/\/mont-roig.cat\/es\/actualitat\/noticies\/todo-a-preparado-para-celebrar-la-fiesta-mayor-de-sant-miquel-de-mont-roig\/#primaryimage","url":"https:\/\/mont-roig.cat\/wp-content\/uploads\/cartell_StMiquel2017.jpg","contentUrl":"https:\/\/mont-roig.cat\/wp-content\/uploads\/cartell_StMiquel2017.jpg","width":1920,"height":2710},{"@type":"BreadcrumbList","@id":"https:\/\/mont-roig.cat\/es\/actualitat\/noticies\/todo-a-preparado-para-celebrar-la-fiesta-mayor-de-sant-miquel-de-mont-roig\/#breadcrumb","itemListElement":[{"@type":"ListItem","position":1,"name":"Inici","item":"https:\/\/mont-roig.cat\/es\/pagina-de-inicio\/"},{"@type":"ListItem","position":2,"name":"Todo a preparado para celebrar la Fiesta Mayor de Sant Miquel de Mont-roig"}]},{"@type":"WebSite","@id":"https:\/\/mont-roig.cat\/es\/#website","url":"https:\/\/mont-roig.cat\/es\/","name":"Ajuntament de Mont-roig del Camp","description":"Tota la informaci\u00f3 sobre la instituci\u00f3, els seus \u00f2rgans de govern, actualitat, serveis i molt m\u00e9s.","potentialAction":[{"@type":"SearchAction","target":{"@type":"EntryPoint","urlTemplate":"https:\/\/mont-roig.cat\/es\/?s={search_term_string}"},"query-input":{"@type":"PropertyValueSpecification","valueRequired":true,"valueName":"search_term_string"}}],"inLanguage":"es"},{"@type":"Person","@id":"https:\/\/mont-roig.cat\/es\/#\/schema\/person\/f2b111789f22b7d0c3bd6786c9128cba","name":"administrador","image":{"@type":"ImageObject","inLanguage":"es","@id":"https:\/\/secure.gravatar.com\/avatar\/9137aac6891e2595c9d3036fd83bcb653b4db3c946db4c7d9b9be193c3c944bb?s=96&d=mm&r=g","url":"https:\/\/secure.gravatar.com\/avatar\/9137aac6891e2595c9d3036fd83bcb653b4db3c946db4c7d9b9be193c3c944bb?s=96&d=mm&r=g","contentUrl":"https:\/\/secure.gravatar.com\/avatar\/9137aac6891e2595c9d3036fd83bcb653b4db3c946db4c7d9b9be193c3c944bb?s=96&d=mm&r=g","caption":"administrador"},"url":"https:\/\/mont-roig.cat\/es\/actualitat\/noticies\/author\/administrador\/"}]}},"_links":{"self":[{"href":"https:\/\/mont-roig.cat\/es\/wp-json\/wp\/v2\/posts\/22229","targetHints":{"allow":["GET"]}}],"collection":[{"href":"https:\/\/mont-roig.cat\/es\/wp-json\/wp\/v2\/posts"}],"about":[{"href":"https:\/\/mont-roig.cat\/es\/wp-json\/wp\/v2\/types\/post"}],"author":[{"embeddable":true,"href":"https:\/\/mont-roig.cat\/es\/wp-json\/wp\/v2\/users\/4"}],"replies":[{"embeddable":true,"href":"https:\/\/mont-roig.cat\/es\/wp-json\/wp\/v2\/comments?post=22229"}],"version-history":[{"count":2,"href":"https:\/\/mont-roig.cat\/es\/wp-json\/wp\/v2\/posts\/22229\/revisions"}],"predecessor-version":[{"id":22231,"href":"https:\/\/mont-roig.cat\/es\/wp-json\/wp\/v2\/posts\/22229\/revisions\/22231"}],"wp:featuredmedia":[{"embeddable":true,"href":"https:\/\/mont-roig.cat\/es\/wp-json\/wp\/v2\/media\/21694"}],"wp:attachment":[{"href":"https:\/\/mont-roig.cat\/es\/wp-json\/wp\/v2\/media?parent=22229"}],"wp:term":[{"taxonomy":"category","embeddable":true,"href":"https:\/\/mont-roig.cat\/es\/wp-json\/wp\/v2\/categories?post=22229"},{"taxonomy":"post_tag","embeddable":true,"href":"https:\/\/mont-roig.cat\/es\/wp-json\/wp\/v2\/tags?post=22229"}],"curies":[{"name":"wp","href":"https:\/\/api.w.org\/{rel}","templated":true}]}}