{"id":22456,"date":"2017-10-04T15:48:15","date_gmt":"2017-10-04T13:48:15","guid":{"rendered":"http:\/\/mont-roig.cat\/actualitat\/noticies\/mont-roig-i-miami-platja-posen-en-marxa-les-jornades-gastronomiques-de-la-cuina-de-larros-de-tardor\/"},"modified":"2017-10-04T16:09:57","modified_gmt":"2017-10-04T14:09:57","slug":"mont-roig-y-miami-platja-ponen-marcha-las-jornadas-gastronomicas-cocina-arroz-otono","status":"publish","type":"post","link":"https:\/\/mont-roig.cat\/es\/actualitat\/noticies\/mont-roig-y-miami-platja-ponen-marcha-las-jornadas-gastronomicas-cocina-arroz-otono\/","title":{"rendered":"Mont-roig y Miami Platja ponen en marcha las jornadas gastron\u00f3micas de la Cocina del arroz de oto\u00f1o"},"content":{"rendered":"<div id=\"attachment_22450\" style=\"width: 310px\" class=\"wp-caption alignright\"><a href=\"http:\/\/mont-roig.cat\/wp-content\/uploads\/DSCN0915.jpg\"><img loading=\"lazy\" decoding=\"async\" aria-describedby=\"caption-attachment-22450\" class=\"wp-image-22450\" src=\"http:\/\/mont-roig.cat\/wp-content\/uploads\/DSCN0915-500x375.jpg\" alt=\"\" width=\"300\" height=\"225\" srcset=\"https:\/\/mont-roig.cat\/wp-content\/uploads\/DSCN0915-500x375.jpg 500w, https:\/\/mont-roig.cat\/wp-content\/uploads\/DSCN0915-768x576.jpg 768w, https:\/\/mont-roig.cat\/wp-content\/uploads\/DSCN0915-1024x768.jpg 1024w, https:\/\/mont-roig.cat\/wp-content\/uploads\/DSCN0915-463x348.jpg 463w, https:\/\/mont-roig.cat\/wp-content\/uploads\/DSCN0915.jpg 1920w\" sizes=\"auto, (max-width: 300px) 100vw, 300px\" \/><\/a><p id=\"caption-attachment-22450\" class=\"wp-caption-text\">Los arroces estar\u00e1n elaborados con productos t\u00edpicos del oto\u00f1o<\/p><\/div>\n<p><strong>La iniciativa permitir\u00e1 degustar tapas, platos y men\u00fas, del 12 al 22 de octubre, en 15 restaurantes del municipio<\/strong><\/p>\n<p>15 restaurantes del municipio participar\u00e1n, del 12 al 22 de octubre, a las primeras jornadas de la Cocina del arroz de oto\u00f1o, una propuesta gastron\u00f3mica que ofrecer\u00e1 platos, men\u00fas y tapas con el arroz y los productos t\u00edpicos de esta \u00e9poca como protagonistas. Esta campa\u00f1a culinaria se pone en marcha, por primera vez, para continuar atrayendo al p\u00fablico y fidelizar el de temporada, m\u00e1s all\u00e1 del verano.<\/p>\n<p>Rissoto con calabaza y gorgonzola, arroz con verduritas y setas, arroz de conejo, arroz caldoso con rebozuelos, arroz con verduras de temporada y longaniza o el arroz de monta\u00f1a en el horno, que se ha podido degustar esta ma\u00f1ana en la presentaci\u00f3n de las jornadas en la Ermita de la Mare de D\u00e9u de la Roca, son algunas de las recetas de esta iniciativa.<\/p>\n<p>En la presentaci\u00f3n han participado los restaurantes de las jornadas, as\u00ed como el proveedor oficial, Segadors del Delta, que ha explicado que la variedad que se utilizar\u00e1 para cocinar es el arroz marisma, de grano grueso y atractivo en el plato. El alcalde, Fran Morancho ha agradecido al proveedor y a los 15 establecimientos su implicaci\u00f3n con la iniciativa. Tambi\u00e9n ha puesto en valor su trabajo remarcando que son una parte muy importante del turismo en Mont-roig y en Miami Platja. Asimismo les ha animado a seguir con la buena calidad y buen servicio y ha abierto la puerta a seguir trabajar conjuntamente para poner en marcha campa\u00f1as como estas porque &#8220;si son buenas para vosotros tambi\u00e9n lo son para el municipio&#8221;.<\/p>\n<p>La Cocina del arroz de Oto\u00f1o, permitir\u00e1 degustar diversas propuestas de arroz a precios para todos los p\u00fablicos, que van desde los 3 euros la tapa, de los 8 a los 12 \u20ac los platos y de los 17 a los 24 \u20ac los men\u00fas.<\/p>\n<p><a href=\"http:\/\/mont-roig.cat\/wp-content\/uploads\/Folleto_Cuina_Tardor_ok.pdf\" target=\"_blank\" rel=\"noopener\">Gu\u00eda de propuestas gastron\u00f3micas y restaurantes participantes<\/a><\/p>\n<p>M\u00e1s informaci\u00f3n: <a href=\"http:\/\/www.mont-roigmiami.cat\" target=\"_blank\" rel=\"noopener\">Mont-roig Miami Turisme<\/a><\/p>\n<p>&nbsp;<\/p>\n\n\t\t<style type=\"text\/css\">\n\t\t\t#gallery-1 {\n\t\t\t\tmargin: auto;\n\t\t\t}\n\t\t\t#gallery-1 .gallery-item {\n\t\t\t\tfloat: left;\n\t\t\t\tmargin-top: 10px;\n\t\t\t\ttext-align: center;\n\t\t\t\twidth: 20%;\n\t\t\t}\n\t\t\t#gallery-1 img {\n\t\t\t\tborder: 2px solid #cfcfcf;\n\t\t\t}\n\t\t\t#gallery-1 .gallery-caption {\n\t\t\t\tmargin-left: 0;\n\t\t\t}\n\t\t\t\/* see gallery_shortcode() in wp-includes\/media.php *\/\n\t\t<\/style>\n\t\t<div id='gallery-1' class='gallery galleryid-22456 gallery-columns-5 gallery-size-large'><dl class='gallery-item'>\n\t\t\t<dt class='gallery-icon landscape'>\n\t\t\t\t<a href='https:\/\/mont-roig.cat\/wp-content\/uploads\/DSCN0905.jpg'><img loading=\"lazy\" decoding=\"async\" width=\"900\" height=\"675\" src=\"https:\/\/mont-roig.cat\/wp-content\/uploads\/DSCN0905-1024x768.jpg\" class=\"attachment-large size-large\" alt=\"\" srcset=\"https:\/\/mont-roig.cat\/wp-content\/uploads\/DSCN0905-1024x768.jpg 1024w, https:\/\/mont-roig.cat\/wp-content\/uploads\/DSCN0905-500x375.jpg 500w, https:\/\/mont-roig.cat\/wp-content\/uploads\/DSCN0905-768x576.jpg 768w, https:\/\/mont-roig.cat\/wp-content\/uploads\/DSCN0905-463x348.jpg 463w, https:\/\/mont-roig.cat\/wp-content\/uploads\/DSCN0905.jpg 1920w\" sizes=\"auto, (max-width: 900px) 100vw, 900px\" \/><\/a>\n\t\t\t<\/dt><\/dl><dl class='gallery-item'>\n\t\t\t<dt class='gallery-icon landscape'>\n\t\t\t\t<a href='https:\/\/mont-roig.cat\/wp-content\/uploads\/DSCN0908.jpg'><img loading=\"lazy\" decoding=\"async\" width=\"900\" height=\"675\" src=\"https:\/\/mont-roig.cat\/wp-content\/uploads\/DSCN0908-1024x768.jpg\" class=\"attachment-large size-large\" alt=\"\" srcset=\"https:\/\/mont-roig.cat\/wp-content\/uploads\/DSCN0908-1024x768.jpg 1024w, https:\/\/mont-roig.cat\/wp-content\/uploads\/DSCN0908-500x375.jpg 500w, https:\/\/mont-roig.cat\/wp-content\/uploads\/DSCN0908-768x576.jpg 768w, https:\/\/mont-roig.cat\/wp-content\/uploads\/DSCN0908-463x348.jpg 463w, https:\/\/mont-roig.cat\/wp-content\/uploads\/DSCN0908.jpg 1920w\" sizes=\"auto, (max-width: 900px) 100vw, 900px\" \/><\/a>\n\t\t\t<\/dt><\/dl><dl class='gallery-item'>\n\t\t\t<dt class='gallery-icon landscape'>\n\t\t\t\t<a href='https:\/\/mont-roig.cat\/wp-content\/uploads\/DSCN0912.jpg'><img loading=\"lazy\" decoding=\"async\" width=\"900\" height=\"675\" src=\"https:\/\/mont-roig.cat\/wp-content\/uploads\/DSCN0912-1024x768.jpg\" class=\"attachment-large size-large\" alt=\"\" srcset=\"https:\/\/mont-roig.cat\/wp-content\/uploads\/DSCN0912-1024x768.jpg 1024w, https:\/\/mont-roig.cat\/wp-content\/uploads\/DSCN0912-500x375.jpg 500w, https:\/\/mont-roig.cat\/wp-content\/uploads\/DSCN0912-768x576.jpg 768w, https:\/\/mont-roig.cat\/wp-content\/uploads\/DSCN0912-463x348.jpg 463w, https:\/\/mont-roig.cat\/wp-content\/uploads\/DSCN0912.jpg 1920w\" sizes=\"auto, (max-width: 900px) 100vw, 900px\" \/><\/a>\n\t\t\t<\/dt><\/dl><dl class='gallery-item'>\n\t\t\t<dt class='gallery-icon landscape'>\n\t\t\t\t<a href='https:\/\/mont-roig.cat\/wp-content\/uploads\/DSCN0924.jpg'><img loading=\"lazy\" decoding=\"async\" width=\"900\" height=\"675\" src=\"https:\/\/mont-roig.cat\/wp-content\/uploads\/DSCN0924-1024x768.jpg\" class=\"attachment-large size-large\" alt=\"\" srcset=\"https:\/\/mont-roig.cat\/wp-content\/uploads\/DSCN0924-1024x768.jpg 1024w, https:\/\/mont-roig.cat\/wp-content\/uploads\/DSCN0924-500x375.jpg 500w, https:\/\/mont-roig.cat\/wp-content\/uploads\/DSCN0924-768x576.jpg 768w, https:\/\/mont-roig.cat\/wp-content\/uploads\/DSCN0924-463x348.jpg 463w, https:\/\/mont-roig.cat\/wp-content\/uploads\/DSCN0924.jpg 1920w\" sizes=\"auto, (max-width: 900px) 100vw, 900px\" \/><\/a>\n\t\t\t<\/dt><\/dl><dl class='gallery-item'>\n\t\t\t<dt class='gallery-icon portrait'>\n\t\t\t\t<a href='https:\/\/mont-roig.cat\/wp-content\/uploads\/Cuina_Tardor.jpg'><img loading=\"lazy\" decoding=\"async\" width=\"740\" height=\"1024\" src=\"https:\/\/mont-roig.cat\/wp-content\/uploads\/Cuina_Tardor-740x1024.jpg\" class=\"attachment-large size-large\" alt=\"\" srcset=\"https:\/\/mont-roig.cat\/wp-content\/uploads\/Cuina_Tardor-740x1024.jpg 740w, https:\/\/mont-roig.cat\/wp-content\/uploads\/Cuina_Tardor-362x500.jpg 362w, https:\/\/mont-roig.cat\/wp-content\/uploads\/Cuina_Tardor-768x1062.jpg 768w, https:\/\/mont-roig.cat\/wp-content\/uploads\/Cuina_Tardor.jpg 1896w\" sizes=\"auto, (max-width: 740px) 100vw, 740px\" \/><\/a>\n\t\t\t<\/dt><\/dl><br style=\"clear: both\" \/>\n\t\t<\/div>\n\n","protected":false},"excerpt":{"rendered":"<p>La iniciativa permitir\u00e1 degustar tapas, platos y men\u00fas, del 12 al 22 de octubre, en 15 restaurantes del municipio 15 restaurantes del municipio participar\u00e1n, del 12 al 22 de octubre, a las primeras jornadas de la Cocina del arroz de oto\u00f1o, una propuesta gastron\u00f3mica que ofrecer\u00e1 platos, men\u00fas y tapas con el arroz y los [&hellip;]<\/p>\n","protected":false},"author":4,"featured_media":22450,"comment_status":"closed","ping_status":"closed","sticky":false,"template":"","format":"standard","meta":{"inline_featured_image":false,"_monsterinsights_skip_tracking":false,"_monsterinsights_sitenote_active":false,"_monsterinsights_sitenote_note":"","_monsterinsights_sitenote_category":0,"footnotes":""},"categories":[115],"tags":[],"class_list":["post-22456","post","type-post","status-publish","format-standard","has-post-thumbnail","hentry","category-turismo"],"yoast_head":"<!-- This site is optimized with the Yoast SEO plugin v27.4 - https:\/\/yoast.com\/product\/yoast-seo-wordpress\/ -->\n<title>Mont-roig y Miami Platja ponen en marcha las jornadas gastron\u00f3micas de la Cocina del arroz de oto\u00f1o - Ajuntament de Mont-roig del Camp<\/title>\n<meta name=\"robots\" content=\"index, follow, max-snippet:-1, max-image-preview:large, max-video-preview:-1\" \/>\n<link rel=\"canonical\" href=\"https:\/\/mont-roig.cat\/es\/actualitat\/noticies\/mont-roig-y-miami-platja-ponen-marcha-las-jornadas-gastronomicas-cocina-arroz-otono\/\" \/>\n<meta property=\"og:locale\" content=\"es_ES\" \/>\n<meta property=\"og:type\" content=\"article\" \/>\n<meta property=\"og:title\" content=\"Mont-roig y Miami Platja ponen en marcha las jornadas gastron\u00f3micas de la Cocina del arroz de oto\u00f1o - Ajuntament de Mont-roig del Camp\" \/>\n<meta property=\"og:description\" content=\"La iniciativa permitir\u00e1 degustar tapas, platos y men\u00fas, del 12 al 22 de octubre, en 15 restaurantes del municipio 15 restaurantes del municipio participar\u00e1n, del 12 al 22 de octubre, a las primeras jornadas de la Cocina del arroz de oto\u00f1o, una propuesta gastron\u00f3mica que ofrecer\u00e1 platos, men\u00fas y tapas con el arroz y los [&hellip;]\" \/>\n<meta property=\"og:url\" content=\"https:\/\/mont-roig.cat\/es\/actualitat\/noticies\/mont-roig-y-miami-platja-ponen-marcha-las-jornadas-gastronomicas-cocina-arroz-otono\/\" \/>\n<meta property=\"og:site_name\" content=\"Ajuntament de Mont-roig del Camp\" \/>\n<meta property=\"article:published_time\" content=\"2017-10-04T13:48:15+00:00\" \/>\n<meta property=\"article:modified_time\" content=\"2017-10-04T14:09:57+00:00\" \/>\n<meta property=\"og:image\" content=\"https:\/\/mont-roig.cat\/wp-content\/uploads\/DSCN0915.jpg\" \/>\n\t<meta property=\"og:image:width\" content=\"1920\" \/>\n\t<meta property=\"og:image:height\" content=\"1440\" \/>\n\t<meta property=\"og:image:type\" content=\"image\/jpeg\" \/>\n<meta name=\"author\" content=\"administrador\" \/>\n<meta name=\"twitter:card\" content=\"summary_large_image\" \/>\n<meta name=\"twitter:label1\" content=\"Escrito por\" \/>\n\t<meta name=\"twitter:data1\" content=\"administrador\" \/>\n\t<meta name=\"twitter:label2\" content=\"Tiempo de lectura\" \/>\n\t<meta name=\"twitter:data2\" content=\"2 minutos\" \/>\n<script type=\"application\/ld+json\" class=\"yoast-schema-graph\">{\"@context\":\"https:\\\/\\\/schema.org\",\"@graph\":[{\"@type\":\"Article\",\"@id\":\"https:\\\/\\\/mont-roig.cat\\\/es\\\/actualitat\\\/noticies\\\/mont-roig-y-miami-platja-ponen-marcha-las-jornadas-gastronomicas-cocina-arroz-otono\\\/#article\",\"isPartOf\":{\"@id\":\"https:\\\/\\\/mont-roig.cat\\\/es\\\/actualitat\\\/noticies\\\/mont-roig-y-miami-platja-ponen-marcha-las-jornadas-gastronomicas-cocina-arroz-otono\\\/\"},\"author\":{\"name\":\"administrador\",\"@id\":\"https:\\\/\\\/mont-roig.cat\\\/es\\\/#\\\/schema\\\/person\\\/f2b111789f22b7d0c3bd6786c9128cba\"},\"headline\":\"Mont-roig y Miami Platja ponen en marcha las jornadas gastron\u00f3micas de la Cocina del arroz de oto\u00f1o\",\"datePublished\":\"2017-10-04T13:48:15+00:00\",\"dateModified\":\"2017-10-04T14:09:57+00:00\",\"mainEntityOfPage\":{\"@id\":\"https:\\\/\\\/mont-roig.cat\\\/es\\\/actualitat\\\/noticies\\\/mont-roig-y-miami-platja-ponen-marcha-las-jornadas-gastronomicas-cocina-arroz-otono\\\/\"},\"wordCount\":390,\"image\":{\"@id\":\"https:\\\/\\\/mont-roig.cat\\\/es\\\/actualitat\\\/noticies\\\/mont-roig-y-miami-platja-ponen-marcha-las-jornadas-gastronomicas-cocina-arroz-otono\\\/#primaryimage\"},\"thumbnailUrl\":\"https:\\\/\\\/mont-roig.cat\\\/wp-content\\\/uploads\\\/DSCN0915.jpg\",\"articleSection\":[\"Turismo\"],\"inLanguage\":\"es\"},{\"@type\":\"WebPage\",\"@id\":\"https:\\\/\\\/mont-roig.cat\\\/es\\\/actualitat\\\/noticies\\\/mont-roig-y-miami-platja-ponen-marcha-las-jornadas-gastronomicas-cocina-arroz-otono\\\/\",\"url\":\"https:\\\/\\\/mont-roig.cat\\\/es\\\/actualitat\\\/noticies\\\/mont-roig-y-miami-platja-ponen-marcha-las-jornadas-gastronomicas-cocina-arroz-otono\\\/\",\"name\":\"Mont-roig y Miami Platja ponen en marcha las jornadas gastron\u00f3micas de la Cocina del arroz de oto\u00f1o - Ajuntament de Mont-roig del Camp\",\"isPartOf\":{\"@id\":\"https:\\\/\\\/mont-roig.cat\\\/es\\\/#website\"},\"primaryImageOfPage\":{\"@id\":\"https:\\\/\\\/mont-roig.cat\\\/es\\\/actualitat\\\/noticies\\\/mont-roig-y-miami-platja-ponen-marcha-las-jornadas-gastronomicas-cocina-arroz-otono\\\/#primaryimage\"},\"image\":{\"@id\":\"https:\\\/\\\/mont-roig.cat\\\/es\\\/actualitat\\\/noticies\\\/mont-roig-y-miami-platja-ponen-marcha-las-jornadas-gastronomicas-cocina-arroz-otono\\\/#primaryimage\"},\"thumbnailUrl\":\"https:\\\/\\\/mont-roig.cat\\\/wp-content\\\/uploads\\\/DSCN0915.jpg\",\"datePublished\":\"2017-10-04T13:48:15+00:00\",\"dateModified\":\"2017-10-04T14:09:57+00:00\",\"author\":{\"@id\":\"https:\\\/\\\/mont-roig.cat\\\/es\\\/#\\\/schema\\\/person\\\/f2b111789f22b7d0c3bd6786c9128cba\"},\"breadcrumb\":{\"@id\":\"https:\\\/\\\/mont-roig.cat\\\/es\\\/actualitat\\\/noticies\\\/mont-roig-y-miami-platja-ponen-marcha-las-jornadas-gastronomicas-cocina-arroz-otono\\\/#breadcrumb\"},\"inLanguage\":\"es\",\"potentialAction\":[{\"@type\":\"ReadAction\",\"target\":[\"https:\\\/\\\/mont-roig.cat\\\/es\\\/actualitat\\\/noticies\\\/mont-roig-y-miami-platja-ponen-marcha-las-jornadas-gastronomicas-cocina-arroz-otono\\\/\"]}]},{\"@type\":\"ImageObject\",\"inLanguage\":\"es\",\"@id\":\"https:\\\/\\\/mont-roig.cat\\\/es\\\/actualitat\\\/noticies\\\/mont-roig-y-miami-platja-ponen-marcha-las-jornadas-gastronomicas-cocina-arroz-otono\\\/#primaryimage\",\"url\":\"https:\\\/\\\/mont-roig.cat\\\/wp-content\\\/uploads\\\/DSCN0915.jpg\",\"contentUrl\":\"https:\\\/\\\/mont-roig.cat\\\/wp-content\\\/uploads\\\/DSCN0915.jpg\",\"width\":1920,\"height\":1440},{\"@type\":\"BreadcrumbList\",\"@id\":\"https:\\\/\\\/mont-roig.cat\\\/es\\\/actualitat\\\/noticies\\\/mont-roig-y-miami-platja-ponen-marcha-las-jornadas-gastronomicas-cocina-arroz-otono\\\/#breadcrumb\",\"itemListElement\":[{\"@type\":\"ListItem\",\"position\":1,\"name\":\"Inici\",\"item\":\"https:\\\/\\\/mont-roig.cat\\\/es\\\/pagina-de-inicio\\\/\"},{\"@type\":\"ListItem\",\"position\":2,\"name\":\"Mont-roig y Miami Platja ponen en marcha las jornadas gastron\u00f3micas de la Cocina del arroz de oto\u00f1o\"}]},{\"@type\":\"WebSite\",\"@id\":\"https:\\\/\\\/mont-roig.cat\\\/es\\\/#website\",\"url\":\"https:\\\/\\\/mont-roig.cat\\\/es\\\/\",\"name\":\"Ajuntament de Mont-roig del Camp\",\"description\":\"Tota la informaci\u00f3 sobre la instituci\u00f3, els seus \u00f2rgans de govern, actualitat, serveis i molt m\u00e9s.\",\"potentialAction\":[{\"@type\":\"SearchAction\",\"target\":{\"@type\":\"EntryPoint\",\"urlTemplate\":\"https:\\\/\\\/mont-roig.cat\\\/es\\\/?s={search_term_string}\"},\"query-input\":{\"@type\":\"PropertyValueSpecification\",\"valueRequired\":true,\"valueName\":\"search_term_string\"}}],\"inLanguage\":\"es\"},{\"@type\":\"Person\",\"@id\":\"https:\\\/\\\/mont-roig.cat\\\/es\\\/#\\\/schema\\\/person\\\/f2b111789f22b7d0c3bd6786c9128cba\",\"name\":\"administrador\",\"image\":{\"@type\":\"ImageObject\",\"inLanguage\":\"es\",\"@id\":\"https:\\\/\\\/secure.gravatar.com\\\/avatar\\\/9137aac6891e2595c9d3036fd83bcb653b4db3c946db4c7d9b9be193c3c944bb?s=96&d=mm&r=g\",\"url\":\"https:\\\/\\\/secure.gravatar.com\\\/avatar\\\/9137aac6891e2595c9d3036fd83bcb653b4db3c946db4c7d9b9be193c3c944bb?s=96&d=mm&r=g\",\"contentUrl\":\"https:\\\/\\\/secure.gravatar.com\\\/avatar\\\/9137aac6891e2595c9d3036fd83bcb653b4db3c946db4c7d9b9be193c3c944bb?s=96&d=mm&r=g\",\"caption\":\"administrador\"},\"url\":\"https:\\\/\\\/mont-roig.cat\\\/es\\\/actualitat\\\/noticies\\\/author\\\/administrador\\\/\"}]}<\/script>\n<!-- \/ Yoast SEO plugin. -->","yoast_head_json":{"title":"Mont-roig y Miami Platja ponen en marcha las jornadas gastron\u00f3micas de la Cocina del arroz de oto\u00f1o - Ajuntament de Mont-roig del Camp","robots":{"index":"index","follow":"follow","max-snippet":"max-snippet:-1","max-image-preview":"max-image-preview:large","max-video-preview":"max-video-preview:-1"},"canonical":"https:\/\/mont-roig.cat\/es\/actualitat\/noticies\/mont-roig-y-miami-platja-ponen-marcha-las-jornadas-gastronomicas-cocina-arroz-otono\/","og_locale":"es_ES","og_type":"article","og_title":"Mont-roig y Miami Platja ponen en marcha las jornadas gastron\u00f3micas de la Cocina del arroz de oto\u00f1o - Ajuntament de Mont-roig del Camp","og_description":"La iniciativa permitir\u00e1 degustar tapas, platos y men\u00fas, del 12 al 22 de octubre, en 15 restaurantes del municipio 15 restaurantes del municipio participar\u00e1n, del 12 al 22 de octubre, a las primeras jornadas de la Cocina del arroz de oto\u00f1o, una propuesta gastron\u00f3mica que ofrecer\u00e1 platos, men\u00fas y tapas con el arroz y los [&hellip;]","og_url":"https:\/\/mont-roig.cat\/es\/actualitat\/noticies\/mont-roig-y-miami-platja-ponen-marcha-las-jornadas-gastronomicas-cocina-arroz-otono\/","og_site_name":"Ajuntament de Mont-roig del Camp","article_published_time":"2017-10-04T13:48:15+00:00","article_modified_time":"2017-10-04T14:09:57+00:00","og_image":[{"width":1920,"height":1440,"url":"https:\/\/mont-roig.cat\/wp-content\/uploads\/DSCN0915.jpg","type":"image\/jpeg"}],"author":"administrador","twitter_card":"summary_large_image","twitter_misc":{"Escrito por":"administrador","Tiempo de lectura":"2 minutos"},"schema":{"@context":"https:\/\/schema.org","@graph":[{"@type":"Article","@id":"https:\/\/mont-roig.cat\/es\/actualitat\/noticies\/mont-roig-y-miami-platja-ponen-marcha-las-jornadas-gastronomicas-cocina-arroz-otono\/#article","isPartOf":{"@id":"https:\/\/mont-roig.cat\/es\/actualitat\/noticies\/mont-roig-y-miami-platja-ponen-marcha-las-jornadas-gastronomicas-cocina-arroz-otono\/"},"author":{"name":"administrador","@id":"https:\/\/mont-roig.cat\/es\/#\/schema\/person\/f2b111789f22b7d0c3bd6786c9128cba"},"headline":"Mont-roig y Miami Platja ponen en marcha las jornadas gastron\u00f3micas de la Cocina del arroz de oto\u00f1o","datePublished":"2017-10-04T13:48:15+00:00","dateModified":"2017-10-04T14:09:57+00:00","mainEntityOfPage":{"@id":"https:\/\/mont-roig.cat\/es\/actualitat\/noticies\/mont-roig-y-miami-platja-ponen-marcha-las-jornadas-gastronomicas-cocina-arroz-otono\/"},"wordCount":390,"image":{"@id":"https:\/\/mont-roig.cat\/es\/actualitat\/noticies\/mont-roig-y-miami-platja-ponen-marcha-las-jornadas-gastronomicas-cocina-arroz-otono\/#primaryimage"},"thumbnailUrl":"https:\/\/mont-roig.cat\/wp-content\/uploads\/DSCN0915.jpg","articleSection":["Turismo"],"inLanguage":"es"},{"@type":"WebPage","@id":"https:\/\/mont-roig.cat\/es\/actualitat\/noticies\/mont-roig-y-miami-platja-ponen-marcha-las-jornadas-gastronomicas-cocina-arroz-otono\/","url":"https:\/\/mont-roig.cat\/es\/actualitat\/noticies\/mont-roig-y-miami-platja-ponen-marcha-las-jornadas-gastronomicas-cocina-arroz-otono\/","name":"Mont-roig y Miami Platja ponen en marcha las jornadas gastron\u00f3micas de la Cocina del arroz de oto\u00f1o - Ajuntament de Mont-roig del Camp","isPartOf":{"@id":"https:\/\/mont-roig.cat\/es\/#website"},"primaryImageOfPage":{"@id":"https:\/\/mont-roig.cat\/es\/actualitat\/noticies\/mont-roig-y-miami-platja-ponen-marcha-las-jornadas-gastronomicas-cocina-arroz-otono\/#primaryimage"},"image":{"@id":"https:\/\/mont-roig.cat\/es\/actualitat\/noticies\/mont-roig-y-miami-platja-ponen-marcha-las-jornadas-gastronomicas-cocina-arroz-otono\/#primaryimage"},"thumbnailUrl":"https:\/\/mont-roig.cat\/wp-content\/uploads\/DSCN0915.jpg","datePublished":"2017-10-04T13:48:15+00:00","dateModified":"2017-10-04T14:09:57+00:00","author":{"@id":"https:\/\/mont-roig.cat\/es\/#\/schema\/person\/f2b111789f22b7d0c3bd6786c9128cba"},"breadcrumb":{"@id":"https:\/\/mont-roig.cat\/es\/actualitat\/noticies\/mont-roig-y-miami-platja-ponen-marcha-las-jornadas-gastronomicas-cocina-arroz-otono\/#breadcrumb"},"inLanguage":"es","potentialAction":[{"@type":"ReadAction","target":["https:\/\/mont-roig.cat\/es\/actualitat\/noticies\/mont-roig-y-miami-platja-ponen-marcha-las-jornadas-gastronomicas-cocina-arroz-otono\/"]}]},{"@type":"ImageObject","inLanguage":"es","@id":"https:\/\/mont-roig.cat\/es\/actualitat\/noticies\/mont-roig-y-miami-platja-ponen-marcha-las-jornadas-gastronomicas-cocina-arroz-otono\/#primaryimage","url":"https:\/\/mont-roig.cat\/wp-content\/uploads\/DSCN0915.jpg","contentUrl":"https:\/\/mont-roig.cat\/wp-content\/uploads\/DSCN0915.jpg","width":1920,"height":1440},{"@type":"BreadcrumbList","@id":"https:\/\/mont-roig.cat\/es\/actualitat\/noticies\/mont-roig-y-miami-platja-ponen-marcha-las-jornadas-gastronomicas-cocina-arroz-otono\/#breadcrumb","itemListElement":[{"@type":"ListItem","position":1,"name":"Inici","item":"https:\/\/mont-roig.cat\/es\/pagina-de-inicio\/"},{"@type":"ListItem","position":2,"name":"Mont-roig y Miami Platja ponen en marcha las jornadas gastron\u00f3micas de la Cocina del arroz de oto\u00f1o"}]},{"@type":"WebSite","@id":"https:\/\/mont-roig.cat\/es\/#website","url":"https:\/\/mont-roig.cat\/es\/","name":"Ajuntament de Mont-roig del Camp","description":"Tota la informaci\u00f3 sobre la instituci\u00f3, els seus \u00f2rgans de govern, actualitat, serveis i molt m\u00e9s.","potentialAction":[{"@type":"SearchAction","target":{"@type":"EntryPoint","urlTemplate":"https:\/\/mont-roig.cat\/es\/?s={search_term_string}"},"query-input":{"@type":"PropertyValueSpecification","valueRequired":true,"valueName":"search_term_string"}}],"inLanguage":"es"},{"@type":"Person","@id":"https:\/\/mont-roig.cat\/es\/#\/schema\/person\/f2b111789f22b7d0c3bd6786c9128cba","name":"administrador","image":{"@type":"ImageObject","inLanguage":"es","@id":"https:\/\/secure.gravatar.com\/avatar\/9137aac6891e2595c9d3036fd83bcb653b4db3c946db4c7d9b9be193c3c944bb?s=96&d=mm&r=g","url":"https:\/\/secure.gravatar.com\/avatar\/9137aac6891e2595c9d3036fd83bcb653b4db3c946db4c7d9b9be193c3c944bb?s=96&d=mm&r=g","contentUrl":"https:\/\/secure.gravatar.com\/avatar\/9137aac6891e2595c9d3036fd83bcb653b4db3c946db4c7d9b9be193c3c944bb?s=96&d=mm&r=g","caption":"administrador"},"url":"https:\/\/mont-roig.cat\/es\/actualitat\/noticies\/author\/administrador\/"}]}},"_links":{"self":[{"href":"https:\/\/mont-roig.cat\/es\/wp-json\/wp\/v2\/posts\/22456","targetHints":{"allow":["GET"]}}],"collection":[{"href":"https:\/\/mont-roig.cat\/es\/wp-json\/wp\/v2\/posts"}],"about":[{"href":"https:\/\/mont-roig.cat\/es\/wp-json\/wp\/v2\/types\/post"}],"author":[{"embeddable":true,"href":"https:\/\/mont-roig.cat\/es\/wp-json\/wp\/v2\/users\/4"}],"replies":[{"embeddable":true,"href":"https:\/\/mont-roig.cat\/es\/wp-json\/wp\/v2\/comments?post=22456"}],"version-history":[{"count":3,"href":"https:\/\/mont-roig.cat\/es\/wp-json\/wp\/v2\/posts\/22456\/revisions"}],"predecessor-version":[{"id":22459,"href":"https:\/\/mont-roig.cat\/es\/wp-json\/wp\/v2\/posts\/22456\/revisions\/22459"}],"wp:featuredmedia":[{"embeddable":true,"href":"https:\/\/mont-roig.cat\/es\/wp-json\/wp\/v2\/media\/22450"}],"wp:attachment":[{"href":"https:\/\/mont-roig.cat\/es\/wp-json\/wp\/v2\/media?parent=22456"}],"wp:term":[{"taxonomy":"category","embeddable":true,"href":"https:\/\/mont-roig.cat\/es\/wp-json\/wp\/v2\/categories?post=22456"},{"taxonomy":"post_tag","embeddable":true,"href":"https:\/\/mont-roig.cat\/es\/wp-json\/wp\/v2\/tags?post=22456"}],"curies":[{"name":"wp","href":"https:\/\/api.w.org\/{rel}","templated":true}]}}