{"id":22909,"date":"2017-11-02T15:09:20","date_gmt":"2017-11-02T14:09:20","guid":{"rendered":"http:\/\/mont-roig.cat\/?p=22909"},"modified":"2017-11-02T15:09:20","modified_gmt":"2017-11-02T14:09:20","slug":"los-bebes-municipio-protagonistas-ii-fiesta-infancia","status":"publish","type":"post","link":"https:\/\/mont-roig.cat\/es\/actualitat\/noticies\/los-bebes-municipio-protagonistas-ii-fiesta-infancia\/","title":{"rendered":"Los beb\u00e9s del municipio, protagonistas de la II Fiesta de la Infancia"},"content":{"rendered":"<ul>\n<li><strong>Los polideportivos municipales de Mont-roig y Miami Platja acoger\u00e1n, el pr\u00f3ximo domingo 19 de noviembre, una celebraci\u00f3n que incluye actividades para toda la familia<\/strong><\/li>\n<\/ul>\n<p><a href=\"http:\/\/mont-roig.cat\/wp-content\/uploads\/Festa-de-la-Inf\u00e0ncia.png\"><img loading=\"lazy\" decoding=\"async\" class=\"wp-image-22906 alignright\" src=\"http:\/\/mont-roig.cat\/wp-content\/uploads\/Festa-de-la-Inf\u00e0ncia-352x500.png\" alt=\"\" width=\"250\" height=\"355\" srcset=\"https:\/\/mont-roig.cat\/wp-content\/uploads\/Festa-de-la-Inf\u00e0ncia-352x500.png 352w, https:\/\/mont-roig.cat\/wp-content\/uploads\/Festa-de-la-Inf\u00e0ncia.png 515w\" sizes=\"auto, (max-width: 250px) 100vw, 250px\" \/><\/a><\/p>\n<p>El Ayuntamiento de Mont-roig del Camp ya lo tiene todo listo para volver a celebrar la Fiesta de la Infancia, un evento l\u00fadico y participativo que quiere homenajear todos los ni\u00f1os y ni\u00f1as del municipio y en especial a los reci\u00e9n nacidos. Por este motivo, del programa de actos destaca el acto de bienvenida a los beb\u00e9s que han nacido entre el 1 de noviembre de 2016 y el 31 de octubre de este 2017.<\/p>\n<p>La celebraci\u00f3n tendr\u00e1 lugar el pr\u00f3ximo domingo 19 de noviembre, de las 11 de la ma\u00f1ana a las dos de la tarde en los polideportivos municipales de Mont-roig y Miami Platja.<\/p>\n<p>Durante toda la ma\u00f1ana habr\u00e1 diversas actividades para que todas las familias lo pasen bien jugando con sus hijos e hijas. El alcalde Fran Morancho dar\u00e1 personalmente la bienvenida a todos los beb\u00e9s que hayan nacido en el \u00faltimo a\u00f1o, que son cerca de un centenar, en un acto programado a las 11 de la ma\u00f1ana en Mont-roig y a las 12.30 h en Miami Platja.<\/p>\n<p>La II Fiesta de la Infancia contar\u00e1 con hinchables y cama el\u00e1stica, juegos gigantes y populares, talleres de pinta caras, photocall, taller de buenos deseos y un taller de pintura que servir\u00e1 para elegir el cartel para el pr\u00f3ximo a\u00f1o entre los dibujos de los ni\u00f1os y ni\u00f1as que participen. En este sentido el cartel de este 2017 es de Marina Beteta.<\/p>\n<p><a href=\"http:\/\/mont-roig.cat\/wp-content\/uploads\/Festa-de-la-Inf\u00e0ncia-Programa-dactivitats-2017.pdf\" target=\"_blank\" rel=\"noopener\">Fiesta de la Infancia &#8211; Programa de actividades 2017<\/a><\/p>\n","protected":false},"excerpt":{"rendered":"<p>Los polideportivos municipales de Mont-roig y Miami Platja acoger\u00e1n, el pr\u00f3ximo domingo 19 de noviembre, una celebraci\u00f3n que incluye actividades para toda la familia El Ayuntamiento de Mont-roig del Camp ya lo tiene todo listo para volver a celebrar la Fiesta de la Infancia, un evento l\u00fadico y participativo que quiere homenajear todos los ni\u00f1os [&hellip;]<\/p>\n","protected":false},"author":4,"featured_media":22906,"comment_status":"closed","ping_status":"closed","sticky":false,"template":"","format":"standard","meta":{"inline_featured_image":false,"_monsterinsights_skip_tracking":false,"_monsterinsights_sitenote_active":false,"_monsterinsights_sitenote_note":"","_monsterinsights_sitenote_category":0,"footnotes":""},"categories":[105],"tags":[],"class_list":["post-22909","post","type-post","status-publish","format-standard","has-post-thumbnail","hentry","category-fiestas"],"yoast_head":"<!-- This site is optimized with the Yoast SEO plugin v27.4 - https:\/\/yoast.com\/product\/yoast-seo-wordpress\/ -->\n<title>Los beb\u00e9s del municipio, protagonistas de la II Fiesta de la Infancia - Ajuntament de Mont-roig del Camp<\/title>\n<meta name=\"robots\" content=\"index, follow, max-snippet:-1, max-image-preview:large, max-video-preview:-1\" \/>\n<link rel=\"canonical\" href=\"https:\/\/mont-roig.cat\/es\/actualitat\/noticies\/los-bebes-municipio-protagonistas-ii-fiesta-infancia\/\" \/>\n<meta property=\"og:locale\" content=\"es_ES\" \/>\n<meta property=\"og:type\" content=\"article\" \/>\n<meta property=\"og:title\" content=\"Los beb\u00e9s del municipio, protagonistas de la II Fiesta de la Infancia - Ajuntament de Mont-roig del Camp\" \/>\n<meta property=\"og:description\" content=\"Los polideportivos municipales de Mont-roig y Miami Platja acoger\u00e1n, el pr\u00f3ximo domingo 19 de noviembre, una celebraci\u00f3n que incluye actividades para toda la familia El Ayuntamiento de Mont-roig del Camp ya lo tiene todo listo para volver a celebrar la Fiesta de la Infancia, un evento l\u00fadico y participativo que quiere homenajear todos los ni\u00f1os [&hellip;]\" \/>\n<meta property=\"og:url\" content=\"https:\/\/mont-roig.cat\/es\/actualitat\/noticies\/los-bebes-municipio-protagonistas-ii-fiesta-infancia\/\" \/>\n<meta property=\"og:site_name\" content=\"Ajuntament de Mont-roig del Camp\" \/>\n<meta property=\"article:published_time\" content=\"2017-11-02T14:09:20+00:00\" \/>\n<meta property=\"og:image\" content=\"https:\/\/mont-roig.cat\/wp-content\/uploads\/Festa-de-la-Inf\u00e0ncia.png\" \/>\n\t<meta property=\"og:image:width\" content=\"515\" \/>\n\t<meta property=\"og:image:height\" content=\"731\" \/>\n\t<meta property=\"og:image:type\" content=\"image\/png\" \/>\n<meta name=\"author\" content=\"administrador\" \/>\n<meta name=\"twitter:card\" content=\"summary_large_image\" \/>\n<meta name=\"twitter:label1\" content=\"Escrito por\" \/>\n\t<meta name=\"twitter:data1\" content=\"administrador\" \/>\n\t<meta name=\"twitter:label2\" content=\"Tiempo de lectura\" \/>\n\t<meta name=\"twitter:data2\" content=\"1 minuto\" \/>\n<script type=\"application\/ld+json\" class=\"yoast-schema-graph\">{\"@context\":\"https:\\\/\\\/schema.org\",\"@graph\":[{\"@type\":\"Article\",\"@id\":\"https:\\\/\\\/mont-roig.cat\\\/es\\\/actualitat\\\/noticies\\\/los-bebes-municipio-protagonistas-ii-fiesta-infancia\\\/#article\",\"isPartOf\":{\"@id\":\"https:\\\/\\\/mont-roig.cat\\\/es\\\/actualitat\\\/noticies\\\/los-bebes-municipio-protagonistas-ii-fiesta-infancia\\\/\"},\"author\":{\"name\":\"administrador\",\"@id\":\"https:\\\/\\\/mont-roig.cat\\\/es\\\/#\\\/schema\\\/person\\\/f2b111789f22b7d0c3bd6786c9128cba\"},\"headline\":\"Los beb\u00e9s del municipio, protagonistas de la II Fiesta de la Infancia\",\"datePublished\":\"2017-11-02T14:09:20+00:00\",\"mainEntityOfPage\":{\"@id\":\"https:\\\/\\\/mont-roig.cat\\\/es\\\/actualitat\\\/noticies\\\/los-bebes-municipio-protagonistas-ii-fiesta-infancia\\\/\"},\"wordCount\":289,\"image\":{\"@id\":\"https:\\\/\\\/mont-roig.cat\\\/es\\\/actualitat\\\/noticies\\\/los-bebes-municipio-protagonistas-ii-fiesta-infancia\\\/#primaryimage\"},\"thumbnailUrl\":\"https:\\\/\\\/mont-roig.cat\\\/wp-content\\\/uploads\\\/Festa-de-la-Inf\u00e0ncia.png\",\"articleSection\":[\"Festes\"],\"inLanguage\":\"es\"},{\"@type\":\"WebPage\",\"@id\":\"https:\\\/\\\/mont-roig.cat\\\/es\\\/actualitat\\\/noticies\\\/los-bebes-municipio-protagonistas-ii-fiesta-infancia\\\/\",\"url\":\"https:\\\/\\\/mont-roig.cat\\\/es\\\/actualitat\\\/noticies\\\/los-bebes-municipio-protagonistas-ii-fiesta-infancia\\\/\",\"name\":\"Los beb\u00e9s del municipio, protagonistas de la II Fiesta de la Infancia - Ajuntament de Mont-roig del Camp\",\"isPartOf\":{\"@id\":\"https:\\\/\\\/mont-roig.cat\\\/es\\\/#website\"},\"primaryImageOfPage\":{\"@id\":\"https:\\\/\\\/mont-roig.cat\\\/es\\\/actualitat\\\/noticies\\\/los-bebes-municipio-protagonistas-ii-fiesta-infancia\\\/#primaryimage\"},\"image\":{\"@id\":\"https:\\\/\\\/mont-roig.cat\\\/es\\\/actualitat\\\/noticies\\\/los-bebes-municipio-protagonistas-ii-fiesta-infancia\\\/#primaryimage\"},\"thumbnailUrl\":\"https:\\\/\\\/mont-roig.cat\\\/wp-content\\\/uploads\\\/Festa-de-la-Inf\u00e0ncia.png\",\"datePublished\":\"2017-11-02T14:09:20+00:00\",\"author\":{\"@id\":\"https:\\\/\\\/mont-roig.cat\\\/es\\\/#\\\/schema\\\/person\\\/f2b111789f22b7d0c3bd6786c9128cba\"},\"breadcrumb\":{\"@id\":\"https:\\\/\\\/mont-roig.cat\\\/es\\\/actualitat\\\/noticies\\\/los-bebes-municipio-protagonistas-ii-fiesta-infancia\\\/#breadcrumb\"},\"inLanguage\":\"es\",\"potentialAction\":[{\"@type\":\"ReadAction\",\"target\":[\"https:\\\/\\\/mont-roig.cat\\\/es\\\/actualitat\\\/noticies\\\/los-bebes-municipio-protagonistas-ii-fiesta-infancia\\\/\"]}]},{\"@type\":\"ImageObject\",\"inLanguage\":\"es\",\"@id\":\"https:\\\/\\\/mont-roig.cat\\\/es\\\/actualitat\\\/noticies\\\/los-bebes-municipio-protagonistas-ii-fiesta-infancia\\\/#primaryimage\",\"url\":\"https:\\\/\\\/mont-roig.cat\\\/wp-content\\\/uploads\\\/Festa-de-la-Inf\u00e0ncia.png\",\"contentUrl\":\"https:\\\/\\\/mont-roig.cat\\\/wp-content\\\/uploads\\\/Festa-de-la-Inf\u00e0ncia.png\",\"width\":515,\"height\":731},{\"@type\":\"BreadcrumbList\",\"@id\":\"https:\\\/\\\/mont-roig.cat\\\/es\\\/actualitat\\\/noticies\\\/los-bebes-municipio-protagonistas-ii-fiesta-infancia\\\/#breadcrumb\",\"itemListElement\":[{\"@type\":\"ListItem\",\"position\":1,\"name\":\"Inici\",\"item\":\"https:\\\/\\\/mont-roig.cat\\\/es\\\/pagina-de-inicio\\\/\"},{\"@type\":\"ListItem\",\"position\":2,\"name\":\"Los beb\u00e9s del municipio, protagonistas de la II Fiesta de la Infancia\"}]},{\"@type\":\"WebSite\",\"@id\":\"https:\\\/\\\/mont-roig.cat\\\/es\\\/#website\",\"url\":\"https:\\\/\\\/mont-roig.cat\\\/es\\\/\",\"name\":\"Ajuntament de Mont-roig del Camp\",\"description\":\"Tota la informaci\u00f3 sobre la instituci\u00f3, els seus \u00f2rgans de govern, actualitat, serveis i molt m\u00e9s.\",\"potentialAction\":[{\"@type\":\"SearchAction\",\"target\":{\"@type\":\"EntryPoint\",\"urlTemplate\":\"https:\\\/\\\/mont-roig.cat\\\/es\\\/?s={search_term_string}\"},\"query-input\":{\"@type\":\"PropertyValueSpecification\",\"valueRequired\":true,\"valueName\":\"search_term_string\"}}],\"inLanguage\":\"es\"},{\"@type\":\"Person\",\"@id\":\"https:\\\/\\\/mont-roig.cat\\\/es\\\/#\\\/schema\\\/person\\\/f2b111789f22b7d0c3bd6786c9128cba\",\"name\":\"administrador\",\"image\":{\"@type\":\"ImageObject\",\"inLanguage\":\"es\",\"@id\":\"https:\\\/\\\/secure.gravatar.com\\\/avatar\\\/9137aac6891e2595c9d3036fd83bcb653b4db3c946db4c7d9b9be193c3c944bb?s=96&d=mm&r=g\",\"url\":\"https:\\\/\\\/secure.gravatar.com\\\/avatar\\\/9137aac6891e2595c9d3036fd83bcb653b4db3c946db4c7d9b9be193c3c944bb?s=96&d=mm&r=g\",\"contentUrl\":\"https:\\\/\\\/secure.gravatar.com\\\/avatar\\\/9137aac6891e2595c9d3036fd83bcb653b4db3c946db4c7d9b9be193c3c944bb?s=96&d=mm&r=g\",\"caption\":\"administrador\"},\"url\":\"https:\\\/\\\/mont-roig.cat\\\/es\\\/actualitat\\\/noticies\\\/author\\\/administrador\\\/\"}]}<\/script>\n<!-- \/ Yoast SEO plugin. -->","yoast_head_json":{"title":"Los beb\u00e9s del municipio, protagonistas de la II Fiesta de la Infancia - Ajuntament de Mont-roig del Camp","robots":{"index":"index","follow":"follow","max-snippet":"max-snippet:-1","max-image-preview":"max-image-preview:large","max-video-preview":"max-video-preview:-1"},"canonical":"https:\/\/mont-roig.cat\/es\/actualitat\/noticies\/los-bebes-municipio-protagonistas-ii-fiesta-infancia\/","og_locale":"es_ES","og_type":"article","og_title":"Los beb\u00e9s del municipio, protagonistas de la II Fiesta de la Infancia - Ajuntament de Mont-roig del Camp","og_description":"Los polideportivos municipales de Mont-roig y Miami Platja acoger\u00e1n, el pr\u00f3ximo domingo 19 de noviembre, una celebraci\u00f3n que incluye actividades para toda la familia El Ayuntamiento de Mont-roig del Camp ya lo tiene todo listo para volver a celebrar la Fiesta de la Infancia, un evento l\u00fadico y participativo que quiere homenajear todos los ni\u00f1os [&hellip;]","og_url":"https:\/\/mont-roig.cat\/es\/actualitat\/noticies\/los-bebes-municipio-protagonistas-ii-fiesta-infancia\/","og_site_name":"Ajuntament de Mont-roig del Camp","article_published_time":"2017-11-02T14:09:20+00:00","og_image":[{"width":515,"height":731,"url":"https:\/\/mont-roig.cat\/wp-content\/uploads\/Festa-de-la-Inf\u00e0ncia.png","type":"image\/png"}],"author":"administrador","twitter_card":"summary_large_image","twitter_misc":{"Escrito por":"administrador","Tiempo de lectura":"1 minuto"},"schema":{"@context":"https:\/\/schema.org","@graph":[{"@type":"Article","@id":"https:\/\/mont-roig.cat\/es\/actualitat\/noticies\/los-bebes-municipio-protagonistas-ii-fiesta-infancia\/#article","isPartOf":{"@id":"https:\/\/mont-roig.cat\/es\/actualitat\/noticies\/los-bebes-municipio-protagonistas-ii-fiesta-infancia\/"},"author":{"name":"administrador","@id":"https:\/\/mont-roig.cat\/es\/#\/schema\/person\/f2b111789f22b7d0c3bd6786c9128cba"},"headline":"Los beb\u00e9s del municipio, protagonistas de la II Fiesta de la Infancia","datePublished":"2017-11-02T14:09:20+00:00","mainEntityOfPage":{"@id":"https:\/\/mont-roig.cat\/es\/actualitat\/noticies\/los-bebes-municipio-protagonistas-ii-fiesta-infancia\/"},"wordCount":289,"image":{"@id":"https:\/\/mont-roig.cat\/es\/actualitat\/noticies\/los-bebes-municipio-protagonistas-ii-fiesta-infancia\/#primaryimage"},"thumbnailUrl":"https:\/\/mont-roig.cat\/wp-content\/uploads\/Festa-de-la-Inf\u00e0ncia.png","articleSection":["Festes"],"inLanguage":"es"},{"@type":"WebPage","@id":"https:\/\/mont-roig.cat\/es\/actualitat\/noticies\/los-bebes-municipio-protagonistas-ii-fiesta-infancia\/","url":"https:\/\/mont-roig.cat\/es\/actualitat\/noticies\/los-bebes-municipio-protagonistas-ii-fiesta-infancia\/","name":"Los beb\u00e9s del municipio, protagonistas de la II Fiesta de la Infancia - Ajuntament de Mont-roig del Camp","isPartOf":{"@id":"https:\/\/mont-roig.cat\/es\/#website"},"primaryImageOfPage":{"@id":"https:\/\/mont-roig.cat\/es\/actualitat\/noticies\/los-bebes-municipio-protagonistas-ii-fiesta-infancia\/#primaryimage"},"image":{"@id":"https:\/\/mont-roig.cat\/es\/actualitat\/noticies\/los-bebes-municipio-protagonistas-ii-fiesta-infancia\/#primaryimage"},"thumbnailUrl":"https:\/\/mont-roig.cat\/wp-content\/uploads\/Festa-de-la-Inf\u00e0ncia.png","datePublished":"2017-11-02T14:09:20+00:00","author":{"@id":"https:\/\/mont-roig.cat\/es\/#\/schema\/person\/f2b111789f22b7d0c3bd6786c9128cba"},"breadcrumb":{"@id":"https:\/\/mont-roig.cat\/es\/actualitat\/noticies\/los-bebes-municipio-protagonistas-ii-fiesta-infancia\/#breadcrumb"},"inLanguage":"es","potentialAction":[{"@type":"ReadAction","target":["https:\/\/mont-roig.cat\/es\/actualitat\/noticies\/los-bebes-municipio-protagonistas-ii-fiesta-infancia\/"]}]},{"@type":"ImageObject","inLanguage":"es","@id":"https:\/\/mont-roig.cat\/es\/actualitat\/noticies\/los-bebes-municipio-protagonistas-ii-fiesta-infancia\/#primaryimage","url":"https:\/\/mont-roig.cat\/wp-content\/uploads\/Festa-de-la-Inf\u00e0ncia.png","contentUrl":"https:\/\/mont-roig.cat\/wp-content\/uploads\/Festa-de-la-Inf\u00e0ncia.png","width":515,"height":731},{"@type":"BreadcrumbList","@id":"https:\/\/mont-roig.cat\/es\/actualitat\/noticies\/los-bebes-municipio-protagonistas-ii-fiesta-infancia\/#breadcrumb","itemListElement":[{"@type":"ListItem","position":1,"name":"Inici","item":"https:\/\/mont-roig.cat\/es\/pagina-de-inicio\/"},{"@type":"ListItem","position":2,"name":"Los beb\u00e9s del municipio, protagonistas de la II Fiesta de la Infancia"}]},{"@type":"WebSite","@id":"https:\/\/mont-roig.cat\/es\/#website","url":"https:\/\/mont-roig.cat\/es\/","name":"Ajuntament de Mont-roig del Camp","description":"Tota la informaci\u00f3 sobre la instituci\u00f3, els seus \u00f2rgans de govern, actualitat, serveis i molt m\u00e9s.","potentialAction":[{"@type":"SearchAction","target":{"@type":"EntryPoint","urlTemplate":"https:\/\/mont-roig.cat\/es\/?s={search_term_string}"},"query-input":{"@type":"PropertyValueSpecification","valueRequired":true,"valueName":"search_term_string"}}],"inLanguage":"es"},{"@type":"Person","@id":"https:\/\/mont-roig.cat\/es\/#\/schema\/person\/f2b111789f22b7d0c3bd6786c9128cba","name":"administrador","image":{"@type":"ImageObject","inLanguage":"es","@id":"https:\/\/secure.gravatar.com\/avatar\/9137aac6891e2595c9d3036fd83bcb653b4db3c946db4c7d9b9be193c3c944bb?s=96&d=mm&r=g","url":"https:\/\/secure.gravatar.com\/avatar\/9137aac6891e2595c9d3036fd83bcb653b4db3c946db4c7d9b9be193c3c944bb?s=96&d=mm&r=g","contentUrl":"https:\/\/secure.gravatar.com\/avatar\/9137aac6891e2595c9d3036fd83bcb653b4db3c946db4c7d9b9be193c3c944bb?s=96&d=mm&r=g","caption":"administrador"},"url":"https:\/\/mont-roig.cat\/es\/actualitat\/noticies\/author\/administrador\/"}]}},"_links":{"self":[{"href":"https:\/\/mont-roig.cat\/es\/wp-json\/wp\/v2\/posts\/22909","targetHints":{"allow":["GET"]}}],"collection":[{"href":"https:\/\/mont-roig.cat\/es\/wp-json\/wp\/v2\/posts"}],"about":[{"href":"https:\/\/mont-roig.cat\/es\/wp-json\/wp\/v2\/types\/post"}],"author":[{"embeddable":true,"href":"https:\/\/mont-roig.cat\/es\/wp-json\/wp\/v2\/users\/4"}],"replies":[{"embeddable":true,"href":"https:\/\/mont-roig.cat\/es\/wp-json\/wp\/v2\/comments?post=22909"}],"version-history":[{"count":1,"href":"https:\/\/mont-roig.cat\/es\/wp-json\/wp\/v2\/posts\/22909\/revisions"}],"predecessor-version":[{"id":22910,"href":"https:\/\/mont-roig.cat\/es\/wp-json\/wp\/v2\/posts\/22909\/revisions\/22910"}],"wp:featuredmedia":[{"embeddable":true,"href":"https:\/\/mont-roig.cat\/es\/wp-json\/wp\/v2\/media\/22906"}],"wp:attachment":[{"href":"https:\/\/mont-roig.cat\/es\/wp-json\/wp\/v2\/media?parent=22909"}],"wp:term":[{"taxonomy":"category","embeddable":true,"href":"https:\/\/mont-roig.cat\/es\/wp-json\/wp\/v2\/categories?post=22909"},{"taxonomy":"post_tag","embeddable":true,"href":"https:\/\/mont-roig.cat\/es\/wp-json\/wp\/v2\/tags?post=22909"}],"curies":[{"name":"wp","href":"https:\/\/api.w.org\/{rel}","templated":true}]}}