{"id":23046,"date":"2017-11-15T16:13:49","date_gmt":"2017-11-15T15:13:49","guid":{"rendered":"http:\/\/mont-roig.cat\/?p=23046"},"modified":"2017-11-15T16:13:49","modified_gmt":"2017-11-15T15:13:49","slug":"ayuntamiento-contratara-20-personas-traves-nuevo-plan-empleo-municipal","status":"publish","type":"post","link":"https:\/\/mont-roig.cat\/es\/actualitat\/noticies\/ayuntamiento-contratara-20-personas-traves-nuevo-plan-empleo-municipal\/","title":{"rendered":"El Ayuntamiento contratar\u00e1 20 personas a trav\u00e9s de un nuevo Plan de Empleo Municipal"},"content":{"rendered":"<div id=\"attachment_23044\" style=\"width: 310px\" class=\"wp-caption alignright\"><a href=\"http:\/\/mont-roig.cat\/wp-content\/uploads\/Pla-dOcupaci\u00f3-2016-Mont-roig-del-Camp.jpg\"><img loading=\"lazy\" decoding=\"async\" aria-describedby=\"caption-attachment-23044\" class=\"wp-image-23044\" src=\"http:\/\/mont-roig.cat\/wp-content\/uploads\/Pla-dOcupaci\u00f3-2016-Mont-roig-del-Camp-500x375.jpg\" alt=\"\" width=\"300\" height=\"225\" srcset=\"https:\/\/mont-roig.cat\/wp-content\/uploads\/Pla-dOcupaci\u00f3-2016-Mont-roig-del-Camp-500x375.jpg 500w, https:\/\/mont-roig.cat\/wp-content\/uploads\/Pla-dOcupaci\u00f3-2016-Mont-roig-del-Camp-768x576.jpg 768w, https:\/\/mont-roig.cat\/wp-content\/uploads\/Pla-dOcupaci\u00f3-2016-Mont-roig-del-Camp-1024x768.jpg 1024w, https:\/\/mont-roig.cat\/wp-content\/uploads\/Pla-dOcupaci\u00f3-2016-Mont-roig-del-Camp-463x348.jpg 463w, https:\/\/mont-roig.cat\/wp-content\/uploads\/Pla-dOcupaci\u00f3-2016-Mont-roig-del-Camp.jpg 1920w\" sizes=\"auto, (max-width: 300px) 100vw, 300px\" \/><\/a><p id=\"caption-attachment-23044\" class=\"wp-caption-text\">Una parte de las personas contratadas realizar\u00e1n trabajos de mejora de la obra p\u00fablica<\/p><\/div>\n<p><strong>Las solicitudes se pueden presentar hasta el 23 de noviembre en las OMAC o bien a trav\u00e9s de la sede electr\u00f3nica<\/strong><\/p>\n<p>El Ayuntamiento de Mont-roig del Camp ha puesto en marcha el tercer Plan de Empleo Municipal de este mandato. En esta ocasi\u00f3n, la iniciativa emplear\u00e1 a 20 personas que se encuentren en situaci\u00f3n de desempleo, durante un periodo de 4 y 5 meses.<\/p>\n<p>Para poder ser admitidos en el Plan de Empleo los interesados \u200b\u200bdeben estar en situaci\u00f3n legal de desempleo, inscritos en la bolsa de trabajo municipal y tener una edad m\u00ednima de 18 a\u00f1os. El proceso selectivo tendr\u00e1 en cuenta aspectos como el curr\u00edculo y la experiencia profesional, la situaci\u00f3n de paro (duraci\u00f3n y prestaciones), las cargas familiares as\u00ed como los colectivos con dificultades para la inserci\u00f3n laboral. El periodo para poder presentar la solicitud finaliza el pr\u00f3ximo d\u00eda 23 de noviembre de 2017. La documentaci\u00f3n se puede presentar de forma presencial en las Oficinas Municipales de Atenci\u00f3n Ciudadana o telem\u00e1ticamente a trav\u00e9s de la sede electr\u00f3nica.<\/p>\n<p>El nuevo Plan de Empleo Municipal contratar\u00e1 a 5 peones de limpieza de viales, 6 peones de jardiner\u00eda, 1 oficial de primera de pintor, 2 peones de pintor, 2 oficiales de primera de alba\u00f1iler\u00eda y 4 peones de obra p\u00fablica. Todos los trabajos se realizar\u00e1n en el t\u00e9rmino municipal de Mont-roig del Camp.<\/p>\n<p>Se ampl\u00eda en este caso, en relaci\u00f3n con el anterior Plan de Empleo de 2016, los \u00e1mbitos de actuaci\u00f3n con la contrataci\u00f3n de personas que realizar\u00e1n tareas de pintura y que se ocupar\u00e1n de pulir y repintar diversos elementos del mobiliario urbano da\u00f1ado o deteriorado por el paso del tiempo como bancos, juegos infantiles, mesas, farolas o cualquier otro elemento de titularidad p\u00fablica.<\/p>\n<p>En el \u00e1mbito de la jardiner\u00eda se prev\u00e9 podar y realizar tratamiento fitosanitario y actuaciones de mantenimiento y mejora de jardines situados en espacios p\u00fablicos. Tambi\u00e9n se trabajar\u00e1 en la reparaci\u00f3n de aceras, tapado de agujeros y arreglo de desperfectos en obra p\u00fablica, as\u00ed como\u00a0 limpieza de zonas verdes, caminos, calas y otros \u00e1mbitos que presentan residuos provenientes de acciones inc\u00edvicas.<\/p>\n<p>La propuesta tiene un objetivo doble. Por un lado contribuir a la dinamizaci\u00f3n laboral y social del municipio, reduciendo el alto \u00edndice de desempleo y creando puestos de trabajo en un periodo bajo de actividad econ\u00f3mica. Por otro, contribuir a mejorar la provisi\u00f3n de bienes y servicios que se ofrecen desde el Ayuntamiento como son los de jardiner\u00eda, pintura, limpieza o arreglo de servicios p\u00fablicos.<\/p>\n<p>M\u00e1s informaci\u00f3n: <a href=\"https:\/\/mont-roig.cat\/es\/ayuntamiento\/funcionament\/recursos-humanos\/convocatorias\/\" target=\"_blank\" rel=\"noopener\">Plan de Empleo Municipal<\/a><\/p>\n","protected":false},"excerpt":{"rendered":"<p>Las solicitudes se pueden presentar hasta el 23 de noviembre en las OMAC o bien a trav\u00e9s de la sede electr\u00f3nica El Ayuntamiento de Mont-roig del Camp ha puesto en marcha el tercer Plan de Empleo Municipal de este mandato. En esta ocasi\u00f3n, la iniciativa emplear\u00e1 a 20 personas que se encuentren en situaci\u00f3n de [&hellip;]<\/p>\n","protected":false},"author":4,"featured_media":23044,"comment_status":"closed","ping_status":"closed","sticky":false,"template":"","format":"standard","meta":{"inline_featured_image":false,"_monsterinsights_skip_tracking":false,"_monsterinsights_sitenote_active":false,"_monsterinsights_sitenote_note":"","_monsterinsights_sitenote_category":0,"footnotes":""},"categories":[98,111],"tags":[],"class_list":["post-23046","post","type-post","status-publish","format-standard","has-post-thumbnail","hentry","category-ayuntamiento","category-recursos-humanos"],"yoast_head":"<!-- This site is optimized with the Yoast SEO plugin v27.4 - https:\/\/yoast.com\/product\/yoast-seo-wordpress\/ -->\n<title>El Ayuntamiento contratar\u00e1 20 personas a trav\u00e9s de un nuevo Plan de Empleo Municipal - Ajuntament de Mont-roig del Camp<\/title>\n<meta name=\"robots\" content=\"index, follow, max-snippet:-1, max-image-preview:large, max-video-preview:-1\" \/>\n<link rel=\"canonical\" href=\"https:\/\/mont-roig.cat\/es\/actualitat\/noticies\/ayuntamiento-contratara-20-personas-traves-nuevo-plan-empleo-municipal\/\" \/>\n<meta property=\"og:locale\" content=\"es_ES\" \/>\n<meta property=\"og:type\" content=\"article\" \/>\n<meta property=\"og:title\" content=\"El Ayuntamiento contratar\u00e1 20 personas a trav\u00e9s de un nuevo Plan de Empleo Municipal - Ajuntament de Mont-roig del Camp\" \/>\n<meta property=\"og:description\" content=\"Las solicitudes se pueden presentar hasta el 23 de noviembre en las OMAC o bien a trav\u00e9s de la sede electr\u00f3nica El Ayuntamiento de Mont-roig del Camp ha puesto en marcha el tercer Plan de Empleo Municipal de este mandato. En esta ocasi\u00f3n, la iniciativa emplear\u00e1 a 20 personas que se encuentren en situaci\u00f3n de [&hellip;]\" \/>\n<meta property=\"og:url\" content=\"https:\/\/mont-roig.cat\/es\/actualitat\/noticies\/ayuntamiento-contratara-20-personas-traves-nuevo-plan-empleo-municipal\/\" \/>\n<meta property=\"og:site_name\" content=\"Ajuntament de Mont-roig del Camp\" \/>\n<meta property=\"article:published_time\" content=\"2017-11-15T15:13:49+00:00\" \/>\n<meta property=\"og:image\" content=\"https:\/\/mont-roig.cat\/wp-content\/uploads\/Pla-dOcupaci\u00f3-2016-Mont-roig-del-Camp.jpg\" \/>\n\t<meta property=\"og:image:width\" content=\"1920\" \/>\n\t<meta property=\"og:image:height\" content=\"1440\" \/>\n\t<meta property=\"og:image:type\" content=\"image\/jpeg\" \/>\n<meta name=\"author\" content=\"administrador\" \/>\n<meta name=\"twitter:card\" content=\"summary_large_image\" \/>\n<meta name=\"twitter:label1\" content=\"Escrito por\" \/>\n\t<meta name=\"twitter:data1\" content=\"administrador\" \/>\n\t<meta name=\"twitter:label2\" content=\"Tiempo de lectura\" \/>\n\t<meta name=\"twitter:data2\" content=\"2 minutos\" \/>\n<script type=\"application\/ld+json\" class=\"yoast-schema-graph\">{\"@context\":\"https:\\\/\\\/schema.org\",\"@graph\":[{\"@type\":\"Article\",\"@id\":\"https:\\\/\\\/mont-roig.cat\\\/es\\\/actualitat\\\/noticies\\\/ayuntamiento-contratara-20-personas-traves-nuevo-plan-empleo-municipal\\\/#article\",\"isPartOf\":{\"@id\":\"https:\\\/\\\/mont-roig.cat\\\/es\\\/actualitat\\\/noticies\\\/ayuntamiento-contratara-20-personas-traves-nuevo-plan-empleo-municipal\\\/\"},\"author\":{\"name\":\"administrador\",\"@id\":\"https:\\\/\\\/mont-roig.cat\\\/es\\\/#\\\/schema\\\/person\\\/f2b111789f22b7d0c3bd6786c9128cba\"},\"headline\":\"El Ayuntamiento contratar\u00e1 20 personas a trav\u00e9s de un nuevo Plan de Empleo Municipal\",\"datePublished\":\"2017-11-15T15:13:49+00:00\",\"mainEntityOfPage\":{\"@id\":\"https:\\\/\\\/mont-roig.cat\\\/es\\\/actualitat\\\/noticies\\\/ayuntamiento-contratara-20-personas-traves-nuevo-plan-empleo-municipal\\\/\"},\"wordCount\":488,\"image\":{\"@id\":\"https:\\\/\\\/mont-roig.cat\\\/es\\\/actualitat\\\/noticies\\\/ayuntamiento-contratara-20-personas-traves-nuevo-plan-empleo-municipal\\\/#primaryimage\"},\"thumbnailUrl\":\"https:\\\/\\\/mont-roig.cat\\\/wp-content\\\/uploads\\\/Pla-dOcupaci\u00f3-2016-Mont-roig-del-Camp.jpg\",\"articleSection\":[\"Ayuntamiento\",\"Recursos humanos\"],\"inLanguage\":\"es\"},{\"@type\":\"WebPage\",\"@id\":\"https:\\\/\\\/mont-roig.cat\\\/es\\\/actualitat\\\/noticies\\\/ayuntamiento-contratara-20-personas-traves-nuevo-plan-empleo-municipal\\\/\",\"url\":\"https:\\\/\\\/mont-roig.cat\\\/es\\\/actualitat\\\/noticies\\\/ayuntamiento-contratara-20-personas-traves-nuevo-plan-empleo-municipal\\\/\",\"name\":\"El Ayuntamiento contratar\u00e1 20 personas a trav\u00e9s de un nuevo Plan de Empleo Municipal - Ajuntament de Mont-roig del Camp\",\"isPartOf\":{\"@id\":\"https:\\\/\\\/mont-roig.cat\\\/es\\\/#website\"},\"primaryImageOfPage\":{\"@id\":\"https:\\\/\\\/mont-roig.cat\\\/es\\\/actualitat\\\/noticies\\\/ayuntamiento-contratara-20-personas-traves-nuevo-plan-empleo-municipal\\\/#primaryimage\"},\"image\":{\"@id\":\"https:\\\/\\\/mont-roig.cat\\\/es\\\/actualitat\\\/noticies\\\/ayuntamiento-contratara-20-personas-traves-nuevo-plan-empleo-municipal\\\/#primaryimage\"},\"thumbnailUrl\":\"https:\\\/\\\/mont-roig.cat\\\/wp-content\\\/uploads\\\/Pla-dOcupaci\u00f3-2016-Mont-roig-del-Camp.jpg\",\"datePublished\":\"2017-11-15T15:13:49+00:00\",\"author\":{\"@id\":\"https:\\\/\\\/mont-roig.cat\\\/es\\\/#\\\/schema\\\/person\\\/f2b111789f22b7d0c3bd6786c9128cba\"},\"breadcrumb\":{\"@id\":\"https:\\\/\\\/mont-roig.cat\\\/es\\\/actualitat\\\/noticies\\\/ayuntamiento-contratara-20-personas-traves-nuevo-plan-empleo-municipal\\\/#breadcrumb\"},\"inLanguage\":\"es\",\"potentialAction\":[{\"@type\":\"ReadAction\",\"target\":[\"https:\\\/\\\/mont-roig.cat\\\/es\\\/actualitat\\\/noticies\\\/ayuntamiento-contratara-20-personas-traves-nuevo-plan-empleo-municipal\\\/\"]}]},{\"@type\":\"ImageObject\",\"inLanguage\":\"es\",\"@id\":\"https:\\\/\\\/mont-roig.cat\\\/es\\\/actualitat\\\/noticies\\\/ayuntamiento-contratara-20-personas-traves-nuevo-plan-empleo-municipal\\\/#primaryimage\",\"url\":\"https:\\\/\\\/mont-roig.cat\\\/wp-content\\\/uploads\\\/Pla-dOcupaci\u00f3-2016-Mont-roig-del-Camp.jpg\",\"contentUrl\":\"https:\\\/\\\/mont-roig.cat\\\/wp-content\\\/uploads\\\/Pla-dOcupaci\u00f3-2016-Mont-roig-del-Camp.jpg\",\"width\":1920,\"height\":1440},{\"@type\":\"BreadcrumbList\",\"@id\":\"https:\\\/\\\/mont-roig.cat\\\/es\\\/actualitat\\\/noticies\\\/ayuntamiento-contratara-20-personas-traves-nuevo-plan-empleo-municipal\\\/#breadcrumb\",\"itemListElement\":[{\"@type\":\"ListItem\",\"position\":1,\"name\":\"Inici\",\"item\":\"https:\\\/\\\/mont-roig.cat\\\/es\\\/pagina-de-inicio\\\/\"},{\"@type\":\"ListItem\",\"position\":2,\"name\":\"El Ayuntamiento contratar\u00e1 20 personas a trav\u00e9s de un nuevo Plan de Empleo Municipal\"}]},{\"@type\":\"WebSite\",\"@id\":\"https:\\\/\\\/mont-roig.cat\\\/es\\\/#website\",\"url\":\"https:\\\/\\\/mont-roig.cat\\\/es\\\/\",\"name\":\"Ajuntament de Mont-roig del Camp\",\"description\":\"Tota la informaci\u00f3 sobre la instituci\u00f3, els seus \u00f2rgans de govern, actualitat, serveis i molt m\u00e9s.\",\"potentialAction\":[{\"@type\":\"SearchAction\",\"target\":{\"@type\":\"EntryPoint\",\"urlTemplate\":\"https:\\\/\\\/mont-roig.cat\\\/es\\\/?s={search_term_string}\"},\"query-input\":{\"@type\":\"PropertyValueSpecification\",\"valueRequired\":true,\"valueName\":\"search_term_string\"}}],\"inLanguage\":\"es\"},{\"@type\":\"Person\",\"@id\":\"https:\\\/\\\/mont-roig.cat\\\/es\\\/#\\\/schema\\\/person\\\/f2b111789f22b7d0c3bd6786c9128cba\",\"name\":\"administrador\",\"image\":{\"@type\":\"ImageObject\",\"inLanguage\":\"es\",\"@id\":\"https:\\\/\\\/secure.gravatar.com\\\/avatar\\\/9137aac6891e2595c9d3036fd83bcb653b4db3c946db4c7d9b9be193c3c944bb?s=96&d=mm&r=g\",\"url\":\"https:\\\/\\\/secure.gravatar.com\\\/avatar\\\/9137aac6891e2595c9d3036fd83bcb653b4db3c946db4c7d9b9be193c3c944bb?s=96&d=mm&r=g\",\"contentUrl\":\"https:\\\/\\\/secure.gravatar.com\\\/avatar\\\/9137aac6891e2595c9d3036fd83bcb653b4db3c946db4c7d9b9be193c3c944bb?s=96&d=mm&r=g\",\"caption\":\"administrador\"},\"url\":\"https:\\\/\\\/mont-roig.cat\\\/es\\\/actualitat\\\/noticies\\\/author\\\/administrador\\\/\"}]}<\/script>\n<!-- \/ Yoast SEO plugin. -->","yoast_head_json":{"title":"El Ayuntamiento contratar\u00e1 20 personas a trav\u00e9s de un nuevo Plan de Empleo Municipal - Ajuntament de Mont-roig del Camp","robots":{"index":"index","follow":"follow","max-snippet":"max-snippet:-1","max-image-preview":"max-image-preview:large","max-video-preview":"max-video-preview:-1"},"canonical":"https:\/\/mont-roig.cat\/es\/actualitat\/noticies\/ayuntamiento-contratara-20-personas-traves-nuevo-plan-empleo-municipal\/","og_locale":"es_ES","og_type":"article","og_title":"El Ayuntamiento contratar\u00e1 20 personas a trav\u00e9s de un nuevo Plan de Empleo Municipal - Ajuntament de Mont-roig del Camp","og_description":"Las solicitudes se pueden presentar hasta el 23 de noviembre en las OMAC o bien a trav\u00e9s de la sede electr\u00f3nica El Ayuntamiento de Mont-roig del Camp ha puesto en marcha el tercer Plan de Empleo Municipal de este mandato. En esta ocasi\u00f3n, la iniciativa emplear\u00e1 a 20 personas que se encuentren en situaci\u00f3n de [&hellip;]","og_url":"https:\/\/mont-roig.cat\/es\/actualitat\/noticies\/ayuntamiento-contratara-20-personas-traves-nuevo-plan-empleo-municipal\/","og_site_name":"Ajuntament de Mont-roig del Camp","article_published_time":"2017-11-15T15:13:49+00:00","og_image":[{"width":1920,"height":1440,"url":"https:\/\/mont-roig.cat\/wp-content\/uploads\/Pla-dOcupaci\u00f3-2016-Mont-roig-del-Camp.jpg","type":"image\/jpeg"}],"author":"administrador","twitter_card":"summary_large_image","twitter_misc":{"Escrito por":"administrador","Tiempo de lectura":"2 minutos"},"schema":{"@context":"https:\/\/schema.org","@graph":[{"@type":"Article","@id":"https:\/\/mont-roig.cat\/es\/actualitat\/noticies\/ayuntamiento-contratara-20-personas-traves-nuevo-plan-empleo-municipal\/#article","isPartOf":{"@id":"https:\/\/mont-roig.cat\/es\/actualitat\/noticies\/ayuntamiento-contratara-20-personas-traves-nuevo-plan-empleo-municipal\/"},"author":{"name":"administrador","@id":"https:\/\/mont-roig.cat\/es\/#\/schema\/person\/f2b111789f22b7d0c3bd6786c9128cba"},"headline":"El Ayuntamiento contratar\u00e1 20 personas a trav\u00e9s de un nuevo Plan de Empleo Municipal","datePublished":"2017-11-15T15:13:49+00:00","mainEntityOfPage":{"@id":"https:\/\/mont-roig.cat\/es\/actualitat\/noticies\/ayuntamiento-contratara-20-personas-traves-nuevo-plan-empleo-municipal\/"},"wordCount":488,"image":{"@id":"https:\/\/mont-roig.cat\/es\/actualitat\/noticies\/ayuntamiento-contratara-20-personas-traves-nuevo-plan-empleo-municipal\/#primaryimage"},"thumbnailUrl":"https:\/\/mont-roig.cat\/wp-content\/uploads\/Pla-dOcupaci\u00f3-2016-Mont-roig-del-Camp.jpg","articleSection":["Ayuntamiento","Recursos humanos"],"inLanguage":"es"},{"@type":"WebPage","@id":"https:\/\/mont-roig.cat\/es\/actualitat\/noticies\/ayuntamiento-contratara-20-personas-traves-nuevo-plan-empleo-municipal\/","url":"https:\/\/mont-roig.cat\/es\/actualitat\/noticies\/ayuntamiento-contratara-20-personas-traves-nuevo-plan-empleo-municipal\/","name":"El Ayuntamiento contratar\u00e1 20 personas a trav\u00e9s de un nuevo Plan de Empleo Municipal - Ajuntament de Mont-roig del Camp","isPartOf":{"@id":"https:\/\/mont-roig.cat\/es\/#website"},"primaryImageOfPage":{"@id":"https:\/\/mont-roig.cat\/es\/actualitat\/noticies\/ayuntamiento-contratara-20-personas-traves-nuevo-plan-empleo-municipal\/#primaryimage"},"image":{"@id":"https:\/\/mont-roig.cat\/es\/actualitat\/noticies\/ayuntamiento-contratara-20-personas-traves-nuevo-plan-empleo-municipal\/#primaryimage"},"thumbnailUrl":"https:\/\/mont-roig.cat\/wp-content\/uploads\/Pla-dOcupaci\u00f3-2016-Mont-roig-del-Camp.jpg","datePublished":"2017-11-15T15:13:49+00:00","author":{"@id":"https:\/\/mont-roig.cat\/es\/#\/schema\/person\/f2b111789f22b7d0c3bd6786c9128cba"},"breadcrumb":{"@id":"https:\/\/mont-roig.cat\/es\/actualitat\/noticies\/ayuntamiento-contratara-20-personas-traves-nuevo-plan-empleo-municipal\/#breadcrumb"},"inLanguage":"es","potentialAction":[{"@type":"ReadAction","target":["https:\/\/mont-roig.cat\/es\/actualitat\/noticies\/ayuntamiento-contratara-20-personas-traves-nuevo-plan-empleo-municipal\/"]}]},{"@type":"ImageObject","inLanguage":"es","@id":"https:\/\/mont-roig.cat\/es\/actualitat\/noticies\/ayuntamiento-contratara-20-personas-traves-nuevo-plan-empleo-municipal\/#primaryimage","url":"https:\/\/mont-roig.cat\/wp-content\/uploads\/Pla-dOcupaci\u00f3-2016-Mont-roig-del-Camp.jpg","contentUrl":"https:\/\/mont-roig.cat\/wp-content\/uploads\/Pla-dOcupaci\u00f3-2016-Mont-roig-del-Camp.jpg","width":1920,"height":1440},{"@type":"BreadcrumbList","@id":"https:\/\/mont-roig.cat\/es\/actualitat\/noticies\/ayuntamiento-contratara-20-personas-traves-nuevo-plan-empleo-municipal\/#breadcrumb","itemListElement":[{"@type":"ListItem","position":1,"name":"Inici","item":"https:\/\/mont-roig.cat\/es\/pagina-de-inicio\/"},{"@type":"ListItem","position":2,"name":"El Ayuntamiento contratar\u00e1 20 personas a trav\u00e9s de un nuevo Plan de Empleo Municipal"}]},{"@type":"WebSite","@id":"https:\/\/mont-roig.cat\/es\/#website","url":"https:\/\/mont-roig.cat\/es\/","name":"Ajuntament de Mont-roig del Camp","description":"Tota la informaci\u00f3 sobre la instituci\u00f3, els seus \u00f2rgans de govern, actualitat, serveis i molt m\u00e9s.","potentialAction":[{"@type":"SearchAction","target":{"@type":"EntryPoint","urlTemplate":"https:\/\/mont-roig.cat\/es\/?s={search_term_string}"},"query-input":{"@type":"PropertyValueSpecification","valueRequired":true,"valueName":"search_term_string"}}],"inLanguage":"es"},{"@type":"Person","@id":"https:\/\/mont-roig.cat\/es\/#\/schema\/person\/f2b111789f22b7d0c3bd6786c9128cba","name":"administrador","image":{"@type":"ImageObject","inLanguage":"es","@id":"https:\/\/secure.gravatar.com\/avatar\/9137aac6891e2595c9d3036fd83bcb653b4db3c946db4c7d9b9be193c3c944bb?s=96&d=mm&r=g","url":"https:\/\/secure.gravatar.com\/avatar\/9137aac6891e2595c9d3036fd83bcb653b4db3c946db4c7d9b9be193c3c944bb?s=96&d=mm&r=g","contentUrl":"https:\/\/secure.gravatar.com\/avatar\/9137aac6891e2595c9d3036fd83bcb653b4db3c946db4c7d9b9be193c3c944bb?s=96&d=mm&r=g","caption":"administrador"},"url":"https:\/\/mont-roig.cat\/es\/actualitat\/noticies\/author\/administrador\/"}]}},"_links":{"self":[{"href":"https:\/\/mont-roig.cat\/es\/wp-json\/wp\/v2\/posts\/23046","targetHints":{"allow":["GET"]}}],"collection":[{"href":"https:\/\/mont-roig.cat\/es\/wp-json\/wp\/v2\/posts"}],"about":[{"href":"https:\/\/mont-roig.cat\/es\/wp-json\/wp\/v2\/types\/post"}],"author":[{"embeddable":true,"href":"https:\/\/mont-roig.cat\/es\/wp-json\/wp\/v2\/users\/4"}],"replies":[{"embeddable":true,"href":"https:\/\/mont-roig.cat\/es\/wp-json\/wp\/v2\/comments?post=23046"}],"version-history":[{"count":1,"href":"https:\/\/mont-roig.cat\/es\/wp-json\/wp\/v2\/posts\/23046\/revisions"}],"predecessor-version":[{"id":23047,"href":"https:\/\/mont-roig.cat\/es\/wp-json\/wp\/v2\/posts\/23046\/revisions\/23047"}],"wp:featuredmedia":[{"embeddable":true,"href":"https:\/\/mont-roig.cat\/es\/wp-json\/wp\/v2\/media\/23044"}],"wp:attachment":[{"href":"https:\/\/mont-roig.cat\/es\/wp-json\/wp\/v2\/media?parent=23046"}],"wp:term":[{"taxonomy":"category","embeddable":true,"href":"https:\/\/mont-roig.cat\/es\/wp-json\/wp\/v2\/categories?post=23046"},{"taxonomy":"post_tag","embeddable":true,"href":"https:\/\/mont-roig.cat\/es\/wp-json\/wp\/v2\/tags?post=23046"}],"curies":[{"name":"wp","href":"https:\/\/api.w.org\/{rel}","templated":true}]}}