{"id":23076,"date":"2017-11-17T10:32:55","date_gmt":"2017-11-17T09:32:55","guid":{"rendered":"http:\/\/mont-roig.cat\/?p=23076"},"modified":"2017-11-17T10:32:55","modified_gmt":"2017-11-17T09:32:55","slug":"se-edita-libro-sobre-mont-roig-camp-musico-baptista-nogues-grifoll","status":"publish","type":"post","link":"https:\/\/mont-roig.cat\/es\/actualitat\/noticies\/se-edita-libro-sobre-mont-roig-camp-musico-baptista-nogues-grifoll\/","title":{"rendered":"Se edita un libro sobre Mont-roig del Camp del m\u00fasico Baptista Nogu\u00e9s Grifoll"},"content":{"rendered":"<div id=\"attachment_23071\" style=\"width: 310px\" class=\"wp-caption alignright\"><a href=\"http:\/\/mont-roig.cat\/wp-content\/uploads\/DSC_5644.jpg\"><img loading=\"lazy\" decoding=\"async\" aria-describedby=\"caption-attachment-23071\" class=\"wp-image-23071\" src=\"http:\/\/mont-roig.cat\/wp-content\/uploads\/DSC_5644-500x333.jpg\" alt=\"\" width=\"300\" height=\"200\" srcset=\"https:\/\/mont-roig.cat\/wp-content\/uploads\/DSC_5644-500x333.jpg 500w, https:\/\/mont-roig.cat\/wp-content\/uploads\/DSC_5644-768x512.jpg 768w, https:\/\/mont-roig.cat\/wp-content\/uploads\/DSC_5644-1024x683.jpg 1024w, https:\/\/mont-roig.cat\/wp-content\/uploads\/DSC_5644.jpg 1920w\" sizes=\"auto, (max-width: 300px) 100vw, 300px\" \/><\/a><p id=\"caption-attachment-23071\" class=\"wp-caption-text\">Acto de presentaci\u00f3n del libro de Baptista Nogu\u00e9s<\/p><\/div>\n<p>La sala de actos de la Casa de Cultura Agust\u00ed Sard\u00e0 qued\u00f3 peque\u00f1a, el pasado domingo 12 de noviembre, para acoger la presentaci\u00f3n del libro &#8220;Noticies hist\u00f2riques de Mont-roig del Camp&#8221;. Se trata de la transcripci\u00f3n anotada del m\u00fasico local Baptista Nogu\u00e9s y Grifoll (1910-1992).<\/p>\n<p>El libro ha sido editado por Ganzell gracias a la colaboraci\u00f3n del Ayuntamiento de Mont-roig del Camp y es el quinto volumen de la colecci\u00f3n Quaderns de la Pixerota, que re\u00fane temas de historia local de Mont-roig.<\/p>\n<p>En el acto de presentaci\u00f3n participaron el alcalde Fran Morancho, la concejala de Cultura N\u00faria Esquius y el editor Eduard Boada, que coincidieron en destacar la importancia de la edici\u00f3n de este libro en la historiograf\u00eda de Mont-roig del Camp. Tambi\u00e9n particip\u00f3 Josep Grifoll, en nombre de la familia Nogu\u00e9s Grifoll, recordando an\u00e9cdotas de Baptista, que invitaba a los m\u00fasicos de las orquestas de las Fiestas Mayores en su casa para improvisar conciertos conjuntamente.<\/p>\n<p>El acto cont\u00f3 con la interpretaci\u00f3n de piezas compuestas por el propio Baptista a cargo del grupo de guitarras y de la Coral infantil del Aula de M\u00fasica y de la Coral Sant Miquel.<\/p>\n<p>Los asistentes tambi\u00e9n pudieron ver fotograf\u00edas de la vida del m\u00fasico, como por ejemplo una fotograf\u00eda de cuando era joven y tocaba en la Orquesta Imperio. Tambi\u00e9n se proyectaron im\u00e1genes del homenaje que el Ayuntamiento le hizo en 1991 en la Ermita de la Mare de D\u00e9u de la Roca, un a\u00f1o antes de su muerte.<\/p>\n<p><a href=\"https:\/\/www.flickr.com\/photos\/ajmont-roig\/albums\/72157690665516886\" target=\"_blank\" rel=\"noopener\">GALER\u00cdA IM\u00c1GENES PRESENTACI\u00d3N DEL LIBRO<\/a><\/p>\n","protected":false},"excerpt":{"rendered":"<p>La sala de actos de la Casa de Cultura Agust\u00ed Sard\u00e0 qued\u00f3 peque\u00f1a, el pasado domingo 12 de noviembre, para acoger la presentaci\u00f3n del libro &#8220;Noticies hist\u00f2riques de Mont-roig del Camp&#8221;. Se trata de la transcripci\u00f3n anotada del m\u00fasico local Baptista Nogu\u00e9s y Grifoll (1910-1992). El libro ha sido editado por Ganzell gracias a la [&hellip;]<\/p>\n","protected":false},"author":4,"featured_media":23071,"comment_status":"closed","ping_status":"closed","sticky":false,"template":"","format":"standard","meta":{"inline_featured_image":false,"_monsterinsights_skip_tracking":false,"_monsterinsights_sitenote_active":false,"_monsterinsights_sitenote_note":"","_monsterinsights_sitenote_category":0,"footnotes":""},"categories":[101],"tags":[],"class_list":["post-23076","post","type-post","status-publish","format-standard","has-post-thumbnail","hentry","category-cultura-es"],"yoast_head":"<!-- This site is optimized with the Yoast SEO plugin v27.4 - https:\/\/yoast.com\/product\/yoast-seo-wordpress\/ -->\n<title>Se edita un libro sobre Mont-roig del Camp del m\u00fasico Baptista Nogu\u00e9s Grifoll - Ajuntament de Mont-roig del Camp<\/title>\n<meta name=\"robots\" content=\"index, follow, max-snippet:-1, max-image-preview:large, max-video-preview:-1\" \/>\n<link rel=\"canonical\" href=\"https:\/\/mont-roig.cat\/es\/actualitat\/noticies\/se-edita-libro-sobre-mont-roig-camp-musico-baptista-nogues-grifoll\/\" \/>\n<meta property=\"og:locale\" content=\"es_ES\" \/>\n<meta property=\"og:type\" content=\"article\" \/>\n<meta property=\"og:title\" content=\"Se edita un libro sobre Mont-roig del Camp del m\u00fasico Baptista Nogu\u00e9s Grifoll - Ajuntament de Mont-roig del Camp\" \/>\n<meta property=\"og:description\" content=\"La sala de actos de la Casa de Cultura Agust\u00ed Sard\u00e0 qued\u00f3 peque\u00f1a, el pasado domingo 12 de noviembre, para acoger la presentaci\u00f3n del libro &#8220;Noticies hist\u00f2riques de Mont-roig del Camp&#8221;. Se trata de la transcripci\u00f3n anotada del m\u00fasico local Baptista Nogu\u00e9s y Grifoll (1910-1992). El libro ha sido editado por Ganzell gracias a la [&hellip;]\" \/>\n<meta property=\"og:url\" content=\"https:\/\/mont-roig.cat\/es\/actualitat\/noticies\/se-edita-libro-sobre-mont-roig-camp-musico-baptista-nogues-grifoll\/\" \/>\n<meta property=\"og:site_name\" content=\"Ajuntament de Mont-roig del Camp\" \/>\n<meta property=\"article:published_time\" content=\"2017-11-17T09:32:55+00:00\" \/>\n<meta property=\"og:image\" content=\"https:\/\/mont-roig.cat\/wp-content\/uploads\/DSC_5644.jpg\" \/>\n\t<meta property=\"og:image:width\" content=\"1920\" \/>\n\t<meta property=\"og:image:height\" content=\"1280\" \/>\n\t<meta property=\"og:image:type\" content=\"image\/jpeg\" \/>\n<meta name=\"author\" content=\"administrador\" \/>\n<meta name=\"twitter:card\" content=\"summary_large_image\" \/>\n<meta name=\"twitter:label1\" content=\"Escrito por\" \/>\n\t<meta name=\"twitter:data1\" content=\"administrador\" \/>\n\t<meta name=\"twitter:label2\" content=\"Tiempo de lectura\" \/>\n\t<meta name=\"twitter:data2\" content=\"1 minuto\" \/>\n<script type=\"application\/ld+json\" class=\"yoast-schema-graph\">{\"@context\":\"https:\\\/\\\/schema.org\",\"@graph\":[{\"@type\":\"Article\",\"@id\":\"https:\\\/\\\/mont-roig.cat\\\/es\\\/actualitat\\\/noticies\\\/se-edita-libro-sobre-mont-roig-camp-musico-baptista-nogues-grifoll\\\/#article\",\"isPartOf\":{\"@id\":\"https:\\\/\\\/mont-roig.cat\\\/es\\\/actualitat\\\/noticies\\\/se-edita-libro-sobre-mont-roig-camp-musico-baptista-nogues-grifoll\\\/\"},\"author\":{\"name\":\"administrador\",\"@id\":\"https:\\\/\\\/mont-roig.cat\\\/es\\\/#\\\/schema\\\/person\\\/f2b111789f22b7d0c3bd6786c9128cba\"},\"headline\":\"Se edita un libro sobre Mont-roig del Camp del m\u00fasico Baptista Nogu\u00e9s Grifoll\",\"datePublished\":\"2017-11-17T09:32:55+00:00\",\"mainEntityOfPage\":{\"@id\":\"https:\\\/\\\/mont-roig.cat\\\/es\\\/actualitat\\\/noticies\\\/se-edita-libro-sobre-mont-roig-camp-musico-baptista-nogues-grifoll\\\/\"},\"wordCount\":311,\"image\":{\"@id\":\"https:\\\/\\\/mont-roig.cat\\\/es\\\/actualitat\\\/noticies\\\/se-edita-libro-sobre-mont-roig-camp-musico-baptista-nogues-grifoll\\\/#primaryimage\"},\"thumbnailUrl\":\"https:\\\/\\\/mont-roig.cat\\\/wp-content\\\/uploads\\\/DSC_5644.jpg\",\"articleSection\":[\"Cultura\"],\"inLanguage\":\"es\"},{\"@type\":\"WebPage\",\"@id\":\"https:\\\/\\\/mont-roig.cat\\\/es\\\/actualitat\\\/noticies\\\/se-edita-libro-sobre-mont-roig-camp-musico-baptista-nogues-grifoll\\\/\",\"url\":\"https:\\\/\\\/mont-roig.cat\\\/es\\\/actualitat\\\/noticies\\\/se-edita-libro-sobre-mont-roig-camp-musico-baptista-nogues-grifoll\\\/\",\"name\":\"Se edita un libro sobre Mont-roig del Camp del m\u00fasico Baptista Nogu\u00e9s Grifoll - Ajuntament de Mont-roig del Camp\",\"isPartOf\":{\"@id\":\"https:\\\/\\\/mont-roig.cat\\\/es\\\/#website\"},\"primaryImageOfPage\":{\"@id\":\"https:\\\/\\\/mont-roig.cat\\\/es\\\/actualitat\\\/noticies\\\/se-edita-libro-sobre-mont-roig-camp-musico-baptista-nogues-grifoll\\\/#primaryimage\"},\"image\":{\"@id\":\"https:\\\/\\\/mont-roig.cat\\\/es\\\/actualitat\\\/noticies\\\/se-edita-libro-sobre-mont-roig-camp-musico-baptista-nogues-grifoll\\\/#primaryimage\"},\"thumbnailUrl\":\"https:\\\/\\\/mont-roig.cat\\\/wp-content\\\/uploads\\\/DSC_5644.jpg\",\"datePublished\":\"2017-11-17T09:32:55+00:00\",\"author\":{\"@id\":\"https:\\\/\\\/mont-roig.cat\\\/es\\\/#\\\/schema\\\/person\\\/f2b111789f22b7d0c3bd6786c9128cba\"},\"breadcrumb\":{\"@id\":\"https:\\\/\\\/mont-roig.cat\\\/es\\\/actualitat\\\/noticies\\\/se-edita-libro-sobre-mont-roig-camp-musico-baptista-nogues-grifoll\\\/#breadcrumb\"},\"inLanguage\":\"es\",\"potentialAction\":[{\"@type\":\"ReadAction\",\"target\":[\"https:\\\/\\\/mont-roig.cat\\\/es\\\/actualitat\\\/noticies\\\/se-edita-libro-sobre-mont-roig-camp-musico-baptista-nogues-grifoll\\\/\"]}]},{\"@type\":\"ImageObject\",\"inLanguage\":\"es\",\"@id\":\"https:\\\/\\\/mont-roig.cat\\\/es\\\/actualitat\\\/noticies\\\/se-edita-libro-sobre-mont-roig-camp-musico-baptista-nogues-grifoll\\\/#primaryimage\",\"url\":\"https:\\\/\\\/mont-roig.cat\\\/wp-content\\\/uploads\\\/DSC_5644.jpg\",\"contentUrl\":\"https:\\\/\\\/mont-roig.cat\\\/wp-content\\\/uploads\\\/DSC_5644.jpg\",\"width\":1920,\"height\":1280},{\"@type\":\"BreadcrumbList\",\"@id\":\"https:\\\/\\\/mont-roig.cat\\\/es\\\/actualitat\\\/noticies\\\/se-edita-libro-sobre-mont-roig-camp-musico-baptista-nogues-grifoll\\\/#breadcrumb\",\"itemListElement\":[{\"@type\":\"ListItem\",\"position\":1,\"name\":\"Inici\",\"item\":\"https:\\\/\\\/mont-roig.cat\\\/es\\\/pagina-de-inicio\\\/\"},{\"@type\":\"ListItem\",\"position\":2,\"name\":\"Se edita un libro sobre Mont-roig del Camp del m\u00fasico Baptista Nogu\u00e9s Grifoll\"}]},{\"@type\":\"WebSite\",\"@id\":\"https:\\\/\\\/mont-roig.cat\\\/es\\\/#website\",\"url\":\"https:\\\/\\\/mont-roig.cat\\\/es\\\/\",\"name\":\"Ajuntament de Mont-roig del Camp\",\"description\":\"Tota la informaci\u00f3 sobre la instituci\u00f3, els seus \u00f2rgans de govern, actualitat, serveis i molt m\u00e9s.\",\"potentialAction\":[{\"@type\":\"SearchAction\",\"target\":{\"@type\":\"EntryPoint\",\"urlTemplate\":\"https:\\\/\\\/mont-roig.cat\\\/es\\\/?s={search_term_string}\"},\"query-input\":{\"@type\":\"PropertyValueSpecification\",\"valueRequired\":true,\"valueName\":\"search_term_string\"}}],\"inLanguage\":\"es\"},{\"@type\":\"Person\",\"@id\":\"https:\\\/\\\/mont-roig.cat\\\/es\\\/#\\\/schema\\\/person\\\/f2b111789f22b7d0c3bd6786c9128cba\",\"name\":\"administrador\",\"image\":{\"@type\":\"ImageObject\",\"inLanguage\":\"es\",\"@id\":\"https:\\\/\\\/secure.gravatar.com\\\/avatar\\\/9137aac6891e2595c9d3036fd83bcb653b4db3c946db4c7d9b9be193c3c944bb?s=96&d=mm&r=g\",\"url\":\"https:\\\/\\\/secure.gravatar.com\\\/avatar\\\/9137aac6891e2595c9d3036fd83bcb653b4db3c946db4c7d9b9be193c3c944bb?s=96&d=mm&r=g\",\"contentUrl\":\"https:\\\/\\\/secure.gravatar.com\\\/avatar\\\/9137aac6891e2595c9d3036fd83bcb653b4db3c946db4c7d9b9be193c3c944bb?s=96&d=mm&r=g\",\"caption\":\"administrador\"},\"url\":\"https:\\\/\\\/mont-roig.cat\\\/es\\\/actualitat\\\/noticies\\\/author\\\/administrador\\\/\"}]}<\/script>\n<!-- \/ Yoast SEO plugin. -->","yoast_head_json":{"title":"Se edita un libro sobre Mont-roig del Camp del m\u00fasico Baptista Nogu\u00e9s Grifoll - Ajuntament de Mont-roig del Camp","robots":{"index":"index","follow":"follow","max-snippet":"max-snippet:-1","max-image-preview":"max-image-preview:large","max-video-preview":"max-video-preview:-1"},"canonical":"https:\/\/mont-roig.cat\/es\/actualitat\/noticies\/se-edita-libro-sobre-mont-roig-camp-musico-baptista-nogues-grifoll\/","og_locale":"es_ES","og_type":"article","og_title":"Se edita un libro sobre Mont-roig del Camp del m\u00fasico Baptista Nogu\u00e9s Grifoll - Ajuntament de Mont-roig del Camp","og_description":"La sala de actos de la Casa de Cultura Agust\u00ed Sard\u00e0 qued\u00f3 peque\u00f1a, el pasado domingo 12 de noviembre, para acoger la presentaci\u00f3n del libro &#8220;Noticies hist\u00f2riques de Mont-roig del Camp&#8221;. Se trata de la transcripci\u00f3n anotada del m\u00fasico local Baptista Nogu\u00e9s y Grifoll (1910-1992). El libro ha sido editado por Ganzell gracias a la [&hellip;]","og_url":"https:\/\/mont-roig.cat\/es\/actualitat\/noticies\/se-edita-libro-sobre-mont-roig-camp-musico-baptista-nogues-grifoll\/","og_site_name":"Ajuntament de Mont-roig del Camp","article_published_time":"2017-11-17T09:32:55+00:00","og_image":[{"width":1920,"height":1280,"url":"https:\/\/mont-roig.cat\/wp-content\/uploads\/DSC_5644.jpg","type":"image\/jpeg"}],"author":"administrador","twitter_card":"summary_large_image","twitter_misc":{"Escrito por":"administrador","Tiempo de lectura":"1 minuto"},"schema":{"@context":"https:\/\/schema.org","@graph":[{"@type":"Article","@id":"https:\/\/mont-roig.cat\/es\/actualitat\/noticies\/se-edita-libro-sobre-mont-roig-camp-musico-baptista-nogues-grifoll\/#article","isPartOf":{"@id":"https:\/\/mont-roig.cat\/es\/actualitat\/noticies\/se-edita-libro-sobre-mont-roig-camp-musico-baptista-nogues-grifoll\/"},"author":{"name":"administrador","@id":"https:\/\/mont-roig.cat\/es\/#\/schema\/person\/f2b111789f22b7d0c3bd6786c9128cba"},"headline":"Se edita un libro sobre Mont-roig del Camp del m\u00fasico Baptista Nogu\u00e9s Grifoll","datePublished":"2017-11-17T09:32:55+00:00","mainEntityOfPage":{"@id":"https:\/\/mont-roig.cat\/es\/actualitat\/noticies\/se-edita-libro-sobre-mont-roig-camp-musico-baptista-nogues-grifoll\/"},"wordCount":311,"image":{"@id":"https:\/\/mont-roig.cat\/es\/actualitat\/noticies\/se-edita-libro-sobre-mont-roig-camp-musico-baptista-nogues-grifoll\/#primaryimage"},"thumbnailUrl":"https:\/\/mont-roig.cat\/wp-content\/uploads\/DSC_5644.jpg","articleSection":["Cultura"],"inLanguage":"es"},{"@type":"WebPage","@id":"https:\/\/mont-roig.cat\/es\/actualitat\/noticies\/se-edita-libro-sobre-mont-roig-camp-musico-baptista-nogues-grifoll\/","url":"https:\/\/mont-roig.cat\/es\/actualitat\/noticies\/se-edita-libro-sobre-mont-roig-camp-musico-baptista-nogues-grifoll\/","name":"Se edita un libro sobre Mont-roig del Camp del m\u00fasico Baptista Nogu\u00e9s Grifoll - Ajuntament de Mont-roig del Camp","isPartOf":{"@id":"https:\/\/mont-roig.cat\/es\/#website"},"primaryImageOfPage":{"@id":"https:\/\/mont-roig.cat\/es\/actualitat\/noticies\/se-edita-libro-sobre-mont-roig-camp-musico-baptista-nogues-grifoll\/#primaryimage"},"image":{"@id":"https:\/\/mont-roig.cat\/es\/actualitat\/noticies\/se-edita-libro-sobre-mont-roig-camp-musico-baptista-nogues-grifoll\/#primaryimage"},"thumbnailUrl":"https:\/\/mont-roig.cat\/wp-content\/uploads\/DSC_5644.jpg","datePublished":"2017-11-17T09:32:55+00:00","author":{"@id":"https:\/\/mont-roig.cat\/es\/#\/schema\/person\/f2b111789f22b7d0c3bd6786c9128cba"},"breadcrumb":{"@id":"https:\/\/mont-roig.cat\/es\/actualitat\/noticies\/se-edita-libro-sobre-mont-roig-camp-musico-baptista-nogues-grifoll\/#breadcrumb"},"inLanguage":"es","potentialAction":[{"@type":"ReadAction","target":["https:\/\/mont-roig.cat\/es\/actualitat\/noticies\/se-edita-libro-sobre-mont-roig-camp-musico-baptista-nogues-grifoll\/"]}]},{"@type":"ImageObject","inLanguage":"es","@id":"https:\/\/mont-roig.cat\/es\/actualitat\/noticies\/se-edita-libro-sobre-mont-roig-camp-musico-baptista-nogues-grifoll\/#primaryimage","url":"https:\/\/mont-roig.cat\/wp-content\/uploads\/DSC_5644.jpg","contentUrl":"https:\/\/mont-roig.cat\/wp-content\/uploads\/DSC_5644.jpg","width":1920,"height":1280},{"@type":"BreadcrumbList","@id":"https:\/\/mont-roig.cat\/es\/actualitat\/noticies\/se-edita-libro-sobre-mont-roig-camp-musico-baptista-nogues-grifoll\/#breadcrumb","itemListElement":[{"@type":"ListItem","position":1,"name":"Inici","item":"https:\/\/mont-roig.cat\/es\/pagina-de-inicio\/"},{"@type":"ListItem","position":2,"name":"Se edita un libro sobre Mont-roig del Camp del m\u00fasico Baptista Nogu\u00e9s Grifoll"}]},{"@type":"WebSite","@id":"https:\/\/mont-roig.cat\/es\/#website","url":"https:\/\/mont-roig.cat\/es\/","name":"Ajuntament de Mont-roig del Camp","description":"Tota la informaci\u00f3 sobre la instituci\u00f3, els seus \u00f2rgans de govern, actualitat, serveis i molt m\u00e9s.","potentialAction":[{"@type":"SearchAction","target":{"@type":"EntryPoint","urlTemplate":"https:\/\/mont-roig.cat\/es\/?s={search_term_string}"},"query-input":{"@type":"PropertyValueSpecification","valueRequired":true,"valueName":"search_term_string"}}],"inLanguage":"es"},{"@type":"Person","@id":"https:\/\/mont-roig.cat\/es\/#\/schema\/person\/f2b111789f22b7d0c3bd6786c9128cba","name":"administrador","image":{"@type":"ImageObject","inLanguage":"es","@id":"https:\/\/secure.gravatar.com\/avatar\/9137aac6891e2595c9d3036fd83bcb653b4db3c946db4c7d9b9be193c3c944bb?s=96&d=mm&r=g","url":"https:\/\/secure.gravatar.com\/avatar\/9137aac6891e2595c9d3036fd83bcb653b4db3c946db4c7d9b9be193c3c944bb?s=96&d=mm&r=g","contentUrl":"https:\/\/secure.gravatar.com\/avatar\/9137aac6891e2595c9d3036fd83bcb653b4db3c946db4c7d9b9be193c3c944bb?s=96&d=mm&r=g","caption":"administrador"},"url":"https:\/\/mont-roig.cat\/es\/actualitat\/noticies\/author\/administrador\/"}]}},"_links":{"self":[{"href":"https:\/\/mont-roig.cat\/es\/wp-json\/wp\/v2\/posts\/23076","targetHints":{"allow":["GET"]}}],"collection":[{"href":"https:\/\/mont-roig.cat\/es\/wp-json\/wp\/v2\/posts"}],"about":[{"href":"https:\/\/mont-roig.cat\/es\/wp-json\/wp\/v2\/types\/post"}],"author":[{"embeddable":true,"href":"https:\/\/mont-roig.cat\/es\/wp-json\/wp\/v2\/users\/4"}],"replies":[{"embeddable":true,"href":"https:\/\/mont-roig.cat\/es\/wp-json\/wp\/v2\/comments?post=23076"}],"version-history":[{"count":1,"href":"https:\/\/mont-roig.cat\/es\/wp-json\/wp\/v2\/posts\/23076\/revisions"}],"predecessor-version":[{"id":23077,"href":"https:\/\/mont-roig.cat\/es\/wp-json\/wp\/v2\/posts\/23076\/revisions\/23077"}],"wp:featuredmedia":[{"embeddable":true,"href":"https:\/\/mont-roig.cat\/es\/wp-json\/wp\/v2\/media\/23071"}],"wp:attachment":[{"href":"https:\/\/mont-roig.cat\/es\/wp-json\/wp\/v2\/media?parent=23076"}],"wp:term":[{"taxonomy":"category","embeddable":true,"href":"https:\/\/mont-roig.cat\/es\/wp-json\/wp\/v2\/categories?post=23076"},{"taxonomy":"post_tag","embeddable":true,"href":"https:\/\/mont-roig.cat\/es\/wp-json\/wp\/v2\/tags?post=23076"}],"curies":[{"name":"wp","href":"https:\/\/api.w.org\/{rel}","templated":true}]}}