{"id":23440,"date":"2017-12-07T08:06:05","date_gmt":"2017-12-07T07:06:05","guid":{"rendered":"http:\/\/mont-roig.cat\/?p=23440"},"modified":"2017-12-07T08:06:05","modified_gmt":"2017-12-07T07:06:05","slug":"paga-tus-tributos-mes-mes","status":"publish","type":"post","link":"https:\/\/mont-roig.cat\/es\/actualitat\/noticies\/paga-tus-tributos-mes-mes\/","title":{"rendered":"Paga tus tributos mes a mes"},"content":{"rendered":"<p><strong><a href=\"http:\/\/mont-roig.cat\/wp-content\/uploads\/captura_base.jpg\"><img loading=\"lazy\" decoding=\"async\" class=\"wp-image-23100 alignright\" src=\"http:\/\/mont-roig.cat\/wp-content\/uploads\/captura_base-500x366.jpg\" alt=\"\" width=\"301\" height=\"220\" srcset=\"https:\/\/mont-roig.cat\/wp-content\/uploads\/captura_base-500x366.jpg 500w, https:\/\/mont-roig.cat\/wp-content\/uploads\/captura_base.jpg 680w\" sizes=\"auto, (max-width: 301px) 100vw, 301px\" \/><\/a><\/strong><\/p>\n<p><strong>\u00daltimas semanas para acogerse al nuevo servicio de BASE y poder pagar, durante el 2018, los tributos de forma mensual y sin intereses<\/strong><\/p>\n<p>Los tributos que se gestionan a trav\u00e9s de BASE se podr\u00e1n agrupar o pagar de forma fraccionada a partir del 2018. Se trata de un nuevo servicio que ha puesto en marcha el organismo aut\u00f3nomo de la Diputaci\u00f3n de Tarragona, que gestiona los ingresos de varios municipios, entre ellos los de Mont-roig del Camp.<\/p>\n<p>La iniciativa, que es un compromiso recogido en el Plan de Acci\u00f3n Municipal, es una petici\u00f3n que el Ayuntamiento de Mont-roig del Camp hab\u00eda hecho de forma reiterada a BASE en los \u00faltimos dos a\u00f1os y que finalmente se ha podido materializar.<\/p>\n<p>Se trata de la Cuenta de Pago Personalizado que permite juntar diferentes tributos municipales en una cuenta com\u00fan y fragmentar el pago en 9 mensualidades, de febrero a octubre, sin intereses.<\/p>\n<p><strong>Solicitudes hasta el 31 de diciembre<\/strong><\/p>\n<p>Las solicitudes para acogerse al pago fraccionado o agrupado deben presentarse antes del 31 de diciembre para poder empezar a pagar los tributos de esta forma durante el a\u00f1o 2018. Es decir, las altas al sistema entran en vigor de un ejercicio para otro.<\/p>\n<p>Los tributos que pueden fraccionarse o agrupar son el impuesto de actividades econ\u00f3micas (IAE), el impuesto sobre bienes inmuebles (IBI), de r\u00fastica y de urbana, el impuesto sobre veh\u00edculos de tracci\u00f3n mec\u00e1nica (IVTM) y las tasas de vencimiento peri\u00f3dico de car\u00e1cter colectivo (vados, basura &#8230; excepto la tasa de suministro de agua).<\/p>\n<p>Destaca tambi\u00e9n que una misma cuenta se pueden reunir obligaciones emitidas por diferentes ayuntamientos y que los solicitantes reciben informaci\u00f3n detallada de la deuda total, de los vencimientos y de los importes.<\/p>\n<p><strong>Se puede solicitar en la web de BASE o en cualquiera de sus oficinas<\/strong><\/p>\n<p>Las personas interesadas en acogerse a la Cuenta de Pagos Personalizada pueden pedirlo de forma telem\u00e1tica a trav\u00e9s de la web de<a href=\"https:\/\/www.base.cat\/web\/ca\/ciutadans\/Tramits\/RecaptacioImpostos\/Voluntaria\/PagamentPersonalitzat\/PagamentPersonalitzat.html\" target=\"_blank\" rel=\"noopener\"> BASE<\/a> o en sus oficinas, en Mont-roig en la calle del Sol, 10 (Tel. 977 837 969) y en Miami Platja en la Avenida Barcelona, \u200b\u200b218 (Tel. 977 810 223).<\/p>\n<p>La solicitud debe hacerse a trav\u00e9s del <a href=\"https:\/\/www.base.cat\/web\/_recursos\/PDF\/Models\/Sol.licituds\/Model_114.pdf\" target=\"_blank\" rel=\"noopener\">modelo 114<\/a>. Es necesario tambi\u00e9n que el interesado se identifique como la persona responsable del pago y facilite una cuenta corriente en el mismo nombre.<\/p>\n","protected":false},"excerpt":{"rendered":"<p>\u00daltimas semanas para acogerse al nuevo servicio de BASE y poder pagar, durante el 2018, los tributos de forma mensual y sin intereses Los tributos que se gestionan a trav\u00e9s de BASE se podr\u00e1n agrupar o pagar de forma fraccionada a partir del 2018. Se trata de un nuevo servicio que ha puesto en marcha [&hellip;]<\/p>\n","protected":false},"author":4,"featured_media":23100,"comment_status":"closed","ping_status":"closed","sticky":false,"template":"","format":"standard","meta":{"inline_featured_image":false,"_monsterinsights_skip_tracking":false,"_monsterinsights_sitenote_active":false,"_monsterinsights_sitenote_note":"","_monsterinsights_sitenote_category":0,"footnotes":""},"categories":[98],"tags":[],"class_list":["post-23440","post","type-post","status-publish","format-standard","has-post-thumbnail","hentry","category-ayuntamiento"],"yoast_head":"<!-- This site is optimized with the Yoast SEO plugin v27.4 - https:\/\/yoast.com\/product\/yoast-seo-wordpress\/ -->\n<title>Paga tus tributos mes a mes - Ajuntament de Mont-roig del Camp<\/title>\n<meta name=\"robots\" content=\"index, follow, max-snippet:-1, max-image-preview:large, max-video-preview:-1\" \/>\n<link rel=\"canonical\" href=\"https:\/\/mont-roig.cat\/es\/actualitat\/noticies\/paga-tus-tributos-mes-mes\/\" \/>\n<meta property=\"og:locale\" content=\"es_ES\" \/>\n<meta property=\"og:type\" content=\"article\" \/>\n<meta property=\"og:title\" content=\"Paga tus tributos mes a mes - Ajuntament de Mont-roig del Camp\" \/>\n<meta property=\"og:description\" content=\"\u00daltimas semanas para acogerse al nuevo servicio de BASE y poder pagar, durante el 2018, los tributos de forma mensual y sin intereses Los tributos que se gestionan a trav\u00e9s de BASE se podr\u00e1n agrupar o pagar de forma fraccionada a partir del 2018. Se trata de un nuevo servicio que ha puesto en marcha [&hellip;]\" \/>\n<meta property=\"og:url\" content=\"https:\/\/mont-roig.cat\/es\/actualitat\/noticies\/paga-tus-tributos-mes-mes\/\" \/>\n<meta property=\"og:site_name\" content=\"Ajuntament de Mont-roig del Camp\" \/>\n<meta property=\"article:published_time\" content=\"2017-12-07T07:06:05+00:00\" \/>\n<meta property=\"og:image\" content=\"https:\/\/mont-roig.cat\/wp-content\/uploads\/captura_base.jpg\" \/>\n\t<meta property=\"og:image:width\" content=\"680\" \/>\n\t<meta property=\"og:image:height\" content=\"498\" \/>\n\t<meta property=\"og:image:type\" content=\"image\/jpeg\" \/>\n<meta name=\"author\" content=\"administrador\" \/>\n<meta name=\"twitter:card\" content=\"summary_large_image\" \/>\n<meta name=\"twitter:label1\" content=\"Escrito por\" \/>\n\t<meta name=\"twitter:data1\" content=\"administrador\" \/>\n\t<meta name=\"twitter:label2\" content=\"Tiempo de lectura\" \/>\n\t<meta name=\"twitter:data2\" content=\"2 minutos\" \/>\n<script type=\"application\/ld+json\" class=\"yoast-schema-graph\">{\"@context\":\"https:\\\/\\\/schema.org\",\"@graph\":[{\"@type\":\"Article\",\"@id\":\"https:\\\/\\\/mont-roig.cat\\\/es\\\/actualitat\\\/noticies\\\/paga-tus-tributos-mes-mes\\\/#article\",\"isPartOf\":{\"@id\":\"https:\\\/\\\/mont-roig.cat\\\/es\\\/actualitat\\\/noticies\\\/paga-tus-tributos-mes-mes\\\/\"},\"author\":{\"name\":\"administrador\",\"@id\":\"https:\\\/\\\/mont-roig.cat\\\/es\\\/#\\\/schema\\\/person\\\/f2b111789f22b7d0c3bd6786c9128cba\"},\"headline\":\"Paga tus tributos mes a mes\",\"datePublished\":\"2017-12-07T07:06:05+00:00\",\"mainEntityOfPage\":{\"@id\":\"https:\\\/\\\/mont-roig.cat\\\/es\\\/actualitat\\\/noticies\\\/paga-tus-tributos-mes-mes\\\/\"},\"wordCount\":397,\"image\":{\"@id\":\"https:\\\/\\\/mont-roig.cat\\\/es\\\/actualitat\\\/noticies\\\/paga-tus-tributos-mes-mes\\\/#primaryimage\"},\"thumbnailUrl\":\"https:\\\/\\\/mont-roig.cat\\\/wp-content\\\/uploads\\\/captura_base.jpg\",\"articleSection\":[\"Ayuntamiento\"],\"inLanguage\":\"es\"},{\"@type\":\"WebPage\",\"@id\":\"https:\\\/\\\/mont-roig.cat\\\/es\\\/actualitat\\\/noticies\\\/paga-tus-tributos-mes-mes\\\/\",\"url\":\"https:\\\/\\\/mont-roig.cat\\\/es\\\/actualitat\\\/noticies\\\/paga-tus-tributos-mes-mes\\\/\",\"name\":\"Paga tus tributos mes a mes - Ajuntament de Mont-roig del Camp\",\"isPartOf\":{\"@id\":\"https:\\\/\\\/mont-roig.cat\\\/es\\\/#website\"},\"primaryImageOfPage\":{\"@id\":\"https:\\\/\\\/mont-roig.cat\\\/es\\\/actualitat\\\/noticies\\\/paga-tus-tributos-mes-mes\\\/#primaryimage\"},\"image\":{\"@id\":\"https:\\\/\\\/mont-roig.cat\\\/es\\\/actualitat\\\/noticies\\\/paga-tus-tributos-mes-mes\\\/#primaryimage\"},\"thumbnailUrl\":\"https:\\\/\\\/mont-roig.cat\\\/wp-content\\\/uploads\\\/captura_base.jpg\",\"datePublished\":\"2017-12-07T07:06:05+00:00\",\"author\":{\"@id\":\"https:\\\/\\\/mont-roig.cat\\\/es\\\/#\\\/schema\\\/person\\\/f2b111789f22b7d0c3bd6786c9128cba\"},\"breadcrumb\":{\"@id\":\"https:\\\/\\\/mont-roig.cat\\\/es\\\/actualitat\\\/noticies\\\/paga-tus-tributos-mes-mes\\\/#breadcrumb\"},\"inLanguage\":\"es\",\"potentialAction\":[{\"@type\":\"ReadAction\",\"target\":[\"https:\\\/\\\/mont-roig.cat\\\/es\\\/actualitat\\\/noticies\\\/paga-tus-tributos-mes-mes\\\/\"]}]},{\"@type\":\"ImageObject\",\"inLanguage\":\"es\",\"@id\":\"https:\\\/\\\/mont-roig.cat\\\/es\\\/actualitat\\\/noticies\\\/paga-tus-tributos-mes-mes\\\/#primaryimage\",\"url\":\"https:\\\/\\\/mont-roig.cat\\\/wp-content\\\/uploads\\\/captura_base.jpg\",\"contentUrl\":\"https:\\\/\\\/mont-roig.cat\\\/wp-content\\\/uploads\\\/captura_base.jpg\",\"width\":680,\"height\":498},{\"@type\":\"BreadcrumbList\",\"@id\":\"https:\\\/\\\/mont-roig.cat\\\/es\\\/actualitat\\\/noticies\\\/paga-tus-tributos-mes-mes\\\/#breadcrumb\",\"itemListElement\":[{\"@type\":\"ListItem\",\"position\":1,\"name\":\"Inici\",\"item\":\"https:\\\/\\\/mont-roig.cat\\\/es\\\/pagina-de-inicio\\\/\"},{\"@type\":\"ListItem\",\"position\":2,\"name\":\"Paga tus tributos mes a mes\"}]},{\"@type\":\"WebSite\",\"@id\":\"https:\\\/\\\/mont-roig.cat\\\/es\\\/#website\",\"url\":\"https:\\\/\\\/mont-roig.cat\\\/es\\\/\",\"name\":\"Ajuntament de Mont-roig del Camp\",\"description\":\"Tota la informaci\u00f3 sobre la instituci\u00f3, els seus \u00f2rgans de govern, actualitat, serveis i molt m\u00e9s.\",\"potentialAction\":[{\"@type\":\"SearchAction\",\"target\":{\"@type\":\"EntryPoint\",\"urlTemplate\":\"https:\\\/\\\/mont-roig.cat\\\/es\\\/?s={search_term_string}\"},\"query-input\":{\"@type\":\"PropertyValueSpecification\",\"valueRequired\":true,\"valueName\":\"search_term_string\"}}],\"inLanguage\":\"es\"},{\"@type\":\"Person\",\"@id\":\"https:\\\/\\\/mont-roig.cat\\\/es\\\/#\\\/schema\\\/person\\\/f2b111789f22b7d0c3bd6786c9128cba\",\"name\":\"administrador\",\"image\":{\"@type\":\"ImageObject\",\"inLanguage\":\"es\",\"@id\":\"https:\\\/\\\/secure.gravatar.com\\\/avatar\\\/9137aac6891e2595c9d3036fd83bcb653b4db3c946db4c7d9b9be193c3c944bb?s=96&d=mm&r=g\",\"url\":\"https:\\\/\\\/secure.gravatar.com\\\/avatar\\\/9137aac6891e2595c9d3036fd83bcb653b4db3c946db4c7d9b9be193c3c944bb?s=96&d=mm&r=g\",\"contentUrl\":\"https:\\\/\\\/secure.gravatar.com\\\/avatar\\\/9137aac6891e2595c9d3036fd83bcb653b4db3c946db4c7d9b9be193c3c944bb?s=96&d=mm&r=g\",\"caption\":\"administrador\"},\"url\":\"https:\\\/\\\/mont-roig.cat\\\/es\\\/actualitat\\\/noticies\\\/author\\\/administrador\\\/\"}]}<\/script>\n<!-- \/ Yoast SEO plugin. -->","yoast_head_json":{"title":"Paga tus tributos mes a mes - Ajuntament de Mont-roig del Camp","robots":{"index":"index","follow":"follow","max-snippet":"max-snippet:-1","max-image-preview":"max-image-preview:large","max-video-preview":"max-video-preview:-1"},"canonical":"https:\/\/mont-roig.cat\/es\/actualitat\/noticies\/paga-tus-tributos-mes-mes\/","og_locale":"es_ES","og_type":"article","og_title":"Paga tus tributos mes a mes - Ajuntament de Mont-roig del Camp","og_description":"\u00daltimas semanas para acogerse al nuevo servicio de BASE y poder pagar, durante el 2018, los tributos de forma mensual y sin intereses Los tributos que se gestionan a trav\u00e9s de BASE se podr\u00e1n agrupar o pagar de forma fraccionada a partir del 2018. Se trata de un nuevo servicio que ha puesto en marcha [&hellip;]","og_url":"https:\/\/mont-roig.cat\/es\/actualitat\/noticies\/paga-tus-tributos-mes-mes\/","og_site_name":"Ajuntament de Mont-roig del Camp","article_published_time":"2017-12-07T07:06:05+00:00","og_image":[{"width":680,"height":498,"url":"https:\/\/mont-roig.cat\/wp-content\/uploads\/captura_base.jpg","type":"image\/jpeg"}],"author":"administrador","twitter_card":"summary_large_image","twitter_misc":{"Escrito por":"administrador","Tiempo de lectura":"2 minutos"},"schema":{"@context":"https:\/\/schema.org","@graph":[{"@type":"Article","@id":"https:\/\/mont-roig.cat\/es\/actualitat\/noticies\/paga-tus-tributos-mes-mes\/#article","isPartOf":{"@id":"https:\/\/mont-roig.cat\/es\/actualitat\/noticies\/paga-tus-tributos-mes-mes\/"},"author":{"name":"administrador","@id":"https:\/\/mont-roig.cat\/es\/#\/schema\/person\/f2b111789f22b7d0c3bd6786c9128cba"},"headline":"Paga tus tributos mes a mes","datePublished":"2017-12-07T07:06:05+00:00","mainEntityOfPage":{"@id":"https:\/\/mont-roig.cat\/es\/actualitat\/noticies\/paga-tus-tributos-mes-mes\/"},"wordCount":397,"image":{"@id":"https:\/\/mont-roig.cat\/es\/actualitat\/noticies\/paga-tus-tributos-mes-mes\/#primaryimage"},"thumbnailUrl":"https:\/\/mont-roig.cat\/wp-content\/uploads\/captura_base.jpg","articleSection":["Ayuntamiento"],"inLanguage":"es"},{"@type":"WebPage","@id":"https:\/\/mont-roig.cat\/es\/actualitat\/noticies\/paga-tus-tributos-mes-mes\/","url":"https:\/\/mont-roig.cat\/es\/actualitat\/noticies\/paga-tus-tributos-mes-mes\/","name":"Paga tus tributos mes a mes - Ajuntament de Mont-roig del Camp","isPartOf":{"@id":"https:\/\/mont-roig.cat\/es\/#website"},"primaryImageOfPage":{"@id":"https:\/\/mont-roig.cat\/es\/actualitat\/noticies\/paga-tus-tributos-mes-mes\/#primaryimage"},"image":{"@id":"https:\/\/mont-roig.cat\/es\/actualitat\/noticies\/paga-tus-tributos-mes-mes\/#primaryimage"},"thumbnailUrl":"https:\/\/mont-roig.cat\/wp-content\/uploads\/captura_base.jpg","datePublished":"2017-12-07T07:06:05+00:00","author":{"@id":"https:\/\/mont-roig.cat\/es\/#\/schema\/person\/f2b111789f22b7d0c3bd6786c9128cba"},"breadcrumb":{"@id":"https:\/\/mont-roig.cat\/es\/actualitat\/noticies\/paga-tus-tributos-mes-mes\/#breadcrumb"},"inLanguage":"es","potentialAction":[{"@type":"ReadAction","target":["https:\/\/mont-roig.cat\/es\/actualitat\/noticies\/paga-tus-tributos-mes-mes\/"]}]},{"@type":"ImageObject","inLanguage":"es","@id":"https:\/\/mont-roig.cat\/es\/actualitat\/noticies\/paga-tus-tributos-mes-mes\/#primaryimage","url":"https:\/\/mont-roig.cat\/wp-content\/uploads\/captura_base.jpg","contentUrl":"https:\/\/mont-roig.cat\/wp-content\/uploads\/captura_base.jpg","width":680,"height":498},{"@type":"BreadcrumbList","@id":"https:\/\/mont-roig.cat\/es\/actualitat\/noticies\/paga-tus-tributos-mes-mes\/#breadcrumb","itemListElement":[{"@type":"ListItem","position":1,"name":"Inici","item":"https:\/\/mont-roig.cat\/es\/pagina-de-inicio\/"},{"@type":"ListItem","position":2,"name":"Paga tus tributos mes a mes"}]},{"@type":"WebSite","@id":"https:\/\/mont-roig.cat\/es\/#website","url":"https:\/\/mont-roig.cat\/es\/","name":"Ajuntament de Mont-roig del Camp","description":"Tota la informaci\u00f3 sobre la instituci\u00f3, els seus \u00f2rgans de govern, actualitat, serveis i molt m\u00e9s.","potentialAction":[{"@type":"SearchAction","target":{"@type":"EntryPoint","urlTemplate":"https:\/\/mont-roig.cat\/es\/?s={search_term_string}"},"query-input":{"@type":"PropertyValueSpecification","valueRequired":true,"valueName":"search_term_string"}}],"inLanguage":"es"},{"@type":"Person","@id":"https:\/\/mont-roig.cat\/es\/#\/schema\/person\/f2b111789f22b7d0c3bd6786c9128cba","name":"administrador","image":{"@type":"ImageObject","inLanguage":"es","@id":"https:\/\/secure.gravatar.com\/avatar\/9137aac6891e2595c9d3036fd83bcb653b4db3c946db4c7d9b9be193c3c944bb?s=96&d=mm&r=g","url":"https:\/\/secure.gravatar.com\/avatar\/9137aac6891e2595c9d3036fd83bcb653b4db3c946db4c7d9b9be193c3c944bb?s=96&d=mm&r=g","contentUrl":"https:\/\/secure.gravatar.com\/avatar\/9137aac6891e2595c9d3036fd83bcb653b4db3c946db4c7d9b9be193c3c944bb?s=96&d=mm&r=g","caption":"administrador"},"url":"https:\/\/mont-roig.cat\/es\/actualitat\/noticies\/author\/administrador\/"}]}},"_links":{"self":[{"href":"https:\/\/mont-roig.cat\/es\/wp-json\/wp\/v2\/posts\/23440","targetHints":{"allow":["GET"]}}],"collection":[{"href":"https:\/\/mont-roig.cat\/es\/wp-json\/wp\/v2\/posts"}],"about":[{"href":"https:\/\/mont-roig.cat\/es\/wp-json\/wp\/v2\/types\/post"}],"author":[{"embeddable":true,"href":"https:\/\/mont-roig.cat\/es\/wp-json\/wp\/v2\/users\/4"}],"replies":[{"embeddable":true,"href":"https:\/\/mont-roig.cat\/es\/wp-json\/wp\/v2\/comments?post=23440"}],"version-history":[{"count":1,"href":"https:\/\/mont-roig.cat\/es\/wp-json\/wp\/v2\/posts\/23440\/revisions"}],"predecessor-version":[{"id":23441,"href":"https:\/\/mont-roig.cat\/es\/wp-json\/wp\/v2\/posts\/23440\/revisions\/23441"}],"wp:featuredmedia":[{"embeddable":true,"href":"https:\/\/mont-roig.cat\/es\/wp-json\/wp\/v2\/media\/23100"}],"wp:attachment":[{"href":"https:\/\/mont-roig.cat\/es\/wp-json\/wp\/v2\/media?parent=23440"}],"wp:term":[{"taxonomy":"category","embeddable":true,"href":"https:\/\/mont-roig.cat\/es\/wp-json\/wp\/v2\/categories?post=23440"},{"taxonomy":"post_tag","embeddable":true,"href":"https:\/\/mont-roig.cat\/es\/wp-json\/wp\/v2\/tags?post=23440"}],"curies":[{"name":"wp","href":"https:\/\/api.w.org\/{rel}","templated":true}]}}