{"id":24131,"date":"2018-01-19T11:37:11","date_gmt":"2018-01-19T10:37:11","guid":{"rendered":"http:\/\/mont-roig.cat\/?p=24131"},"modified":"2018-01-19T13:15:45","modified_gmt":"2018-01-19T12:15:45","slug":"ayuntamiento-mont-roig-camp-organiza-primera-gala-deporte","status":"publish","type":"post","link":"https:\/\/mont-roig.cat\/es\/actualitat\/noticies\/ayuntamiento-mont-roig-camp-organiza-primera-gala-deporte\/","title":{"rendered":"El Ayuntamiento de Mont-roig del Camp organiza la primera Gala del Deporte"},"content":{"rendered":"<p><strong>El evento, que tendr\u00e1 lugar el pr\u00f3ximo 28 de enero, reconocer\u00e1 el esfuerzo de los deportistas locales y las entidades sin \u00e1nimo de lucro que fomentan el deporte en el municipio<\/strong><\/p>\n<p><a href=\"http:\/\/mont-roig.cat\/wp-content\/uploads\/Cartell-Gala-de-lEsport-2018.jpg\"><img loading=\"lazy\" decoding=\"async\" class=\"alignright wp-image-24119\" src=\"http:\/\/mont-roig.cat\/wp-content\/uploads\/Cartell-Gala-de-lEsport-2018-354x500.jpg\" alt=\"\" width=\"240\" height=\"339\" srcset=\"https:\/\/mont-roig.cat\/wp-content\/uploads\/Cartell-Gala-de-lEsport-2018-354x500.jpg 354w, https:\/\/mont-roig.cat\/wp-content\/uploads\/Cartell-Gala-de-lEsport-2018-768x1086.jpg 768w, https:\/\/mont-roig.cat\/wp-content\/uploads\/Cartell-Gala-de-lEsport-2018-724x1024.jpg 724w, https:\/\/mont-roig.cat\/wp-content\/uploads\/Cartell-Gala-de-lEsport-2018.jpg 1920w\" sizes=\"auto, (max-width: 240px) 100vw, 240px\" \/><\/a>El Ayuntamiento de Mont-roig del Camp quiere poner en valor el esfuerzo que realizan los diversos deportistas locales con la organizaci\u00f3n de la primera Gala del Deporte. Se trata de un evento, que se celebrar\u00e1 el pr\u00f3ximo domingo 28 de enero, a las 6 de la tarde, en el polideportivo de Mont-roig y que quiere rendir homenaje y galardonar a deportistas, clubes y entidades que fomentan el deporte en el municipio .<\/p>\n<p>El objetivo es reconocer a todas aquellas personas que llevan el nombre de Mont-roig y Miami Platja m\u00e1s all\u00e1 del municipio pero tambi\u00e9n a la dedicaci\u00f3n, constancia e ilusi\u00f3n de entrenadores y t\u00e9cnicos que trabajan para fomentar unos valores, as\u00ed como todas aquellas personas que simplemente disfrutan con la pr\u00e1ctica deportiva.<\/p>\n<p>En total asistir\u00e1n m\u00e1s de 500 deportistas a trav\u00e9s de una una veintena de clubes de todo tipo de disciplinas como f\u00fatbol, patinaje, r\u00edtmica, ciclismo o taekondo y una quincena de deportistas individuales federados o que participan habitualmente en competiciones de nivel provincial o nacional.<\/p>\n<p>La gala se quiere convertir en una de las citas m\u00e1s importantes del deporte en el municipio, que a la vez sirva para cerrar la temporada deportiva local. La velada est\u00e1 organizada por el Ayuntamiento de Mont-roig del Camp y cuenta con el patrocinio de Costa magazine y Naturetime.<\/p>\n<hr \/>\n<p>* Si eres deportista federado del municipio o participas en competiciones de \u00e1mbito provincial o nacional env\u00edanos un correo electr\u00f3nico a esports@nostreserveis.cat. Queremos contar con tu presencia!<\/p>\n<hr \/>\n<p>Making of del v\u00eddeo que se ha grabado esta semana con todos los participantes y que se proyectar\u00e1 durante la gala. Posteriormente estar\u00e1 disponible en la web y redes sociales municipales.<\/p>\n\n\t\t<style type=\"text\/css\">\n\t\t\t#gallery-1 {\n\t\t\t\tmargin: auto;\n\t\t\t}\n\t\t\t#gallery-1 .gallery-item {\n\t\t\t\tfloat: left;\n\t\t\t\tmargin-top: 10px;\n\t\t\t\ttext-align: center;\n\t\t\t\twidth: 33%;\n\t\t\t}\n\t\t\t#gallery-1 img {\n\t\t\t\tborder: 2px solid #cfcfcf;\n\t\t\t}\n\t\t\t#gallery-1 .gallery-caption {\n\t\t\t\tmargin-left: 0;\n\t\t\t}\n\t\t\t\/* see gallery_shortcode() in wp-includes\/media.php *\/\n\t\t<\/style>\n\t\t<div id='gallery-1' class='gallery galleryid-24131 gallery-columns-3 gallery-size-medium'><dl class='gallery-item'>\n\t\t\t<dt class='gallery-icon landscape'>\n\t\t\t\t<a href='https:\/\/mont-roig.cat\/wp-content\/uploads\/Making-of-video-Gala-de-lEsport-1.jpeg'><img loading=\"lazy\" decoding=\"async\" width=\"500\" height=\"375\" src=\"https:\/\/mont-roig.cat\/wp-content\/uploads\/Making-of-video-Gala-de-lEsport-1-500x375.jpeg\" class=\"attachment-medium size-medium\" alt=\"\" srcset=\"https:\/\/mont-roig.cat\/wp-content\/uploads\/Making-of-video-Gala-de-lEsport-1-500x375.jpeg 500w, https:\/\/mont-roig.cat\/wp-content\/uploads\/Making-of-video-Gala-de-lEsport-1-768x576.jpeg 768w, https:\/\/mont-roig.cat\/wp-content\/uploads\/Making-of-video-Gala-de-lEsport-1-1024x768.jpeg 1024w, https:\/\/mont-roig.cat\/wp-content\/uploads\/Making-of-video-Gala-de-lEsport-1-463x348.jpeg 463w, https:\/\/mont-roig.cat\/wp-content\/uploads\/Making-of-video-Gala-de-lEsport-1.jpeg 1600w\" sizes=\"auto, (max-width: 500px) 100vw, 500px\" \/><\/a>\n\t\t\t<\/dt><\/dl><dl class='gallery-item'>\n\t\t\t<dt class='gallery-icon landscape'>\n\t\t\t\t<a href='https:\/\/mont-roig.cat\/wp-content\/uploads\/Making-of-video-Gala-de-lEsport-2.jpeg'><img loading=\"lazy\" decoding=\"async\" width=\"500\" height=\"375\" src=\"https:\/\/mont-roig.cat\/wp-content\/uploads\/Making-of-video-Gala-de-lEsport-2-500x375.jpeg\" class=\"attachment-medium size-medium\" alt=\"\" srcset=\"https:\/\/mont-roig.cat\/wp-content\/uploads\/Making-of-video-Gala-de-lEsport-2-500x375.jpeg 500w, https:\/\/mont-roig.cat\/wp-content\/uploads\/Making-of-video-Gala-de-lEsport-2-768x576.jpeg 768w, https:\/\/mont-roig.cat\/wp-content\/uploads\/Making-of-video-Gala-de-lEsport-2-1024x768.jpeg 1024w, https:\/\/mont-roig.cat\/wp-content\/uploads\/Making-of-video-Gala-de-lEsport-2-463x348.jpeg 463w, https:\/\/mont-roig.cat\/wp-content\/uploads\/Making-of-video-Gala-de-lEsport-2.jpeg 1600w\" sizes=\"auto, (max-width: 500px) 100vw, 500px\" \/><\/a>\n\t\t\t<\/dt><\/dl><dl class='gallery-item'>\n\t\t\t<dt class='gallery-icon landscape'>\n\t\t\t\t<a href='https:\/\/mont-roig.cat\/wp-content\/uploads\/Making-of-video-Gala-de-lEsport-4.jpeg'><img loading=\"lazy\" decoding=\"async\" width=\"500\" height=\"375\" src=\"https:\/\/mont-roig.cat\/wp-content\/uploads\/Making-of-video-Gala-de-lEsport-4-500x375.jpeg\" class=\"attachment-medium size-medium\" alt=\"\" srcset=\"https:\/\/mont-roig.cat\/wp-content\/uploads\/Making-of-video-Gala-de-lEsport-4-500x375.jpeg 500w, https:\/\/mont-roig.cat\/wp-content\/uploads\/Making-of-video-Gala-de-lEsport-4-768x576.jpeg 768w, https:\/\/mont-roig.cat\/wp-content\/uploads\/Making-of-video-Gala-de-lEsport-4-1024x768.jpeg 1024w, https:\/\/mont-roig.cat\/wp-content\/uploads\/Making-of-video-Gala-de-lEsport-4-463x348.jpeg 463w, https:\/\/mont-roig.cat\/wp-content\/uploads\/Making-of-video-Gala-de-lEsport-4.jpeg 1600w\" sizes=\"auto, (max-width: 500px) 100vw, 500px\" \/><\/a>\n\t\t\t<\/dt><\/dl><br style=\"clear: both\" \/><dl class='gallery-item'>\n\t\t\t<dt class='gallery-icon landscape'>\n\t\t\t\t<a href='https:\/\/mont-roig.cat\/wp-content\/uploads\/Making-of-video-Gala-de-lEsport-5.jpeg'><img loading=\"lazy\" decoding=\"async\" width=\"500\" height=\"375\" src=\"https:\/\/mont-roig.cat\/wp-content\/uploads\/Making-of-video-Gala-de-lEsport-5-500x375.jpeg\" class=\"attachment-medium size-medium\" alt=\"\" srcset=\"https:\/\/mont-roig.cat\/wp-content\/uploads\/Making-of-video-Gala-de-lEsport-5-500x375.jpeg 500w, https:\/\/mont-roig.cat\/wp-content\/uploads\/Making-of-video-Gala-de-lEsport-5-768x576.jpeg 768w, https:\/\/mont-roig.cat\/wp-content\/uploads\/Making-of-video-Gala-de-lEsport-5-1024x768.jpeg 1024w, https:\/\/mont-roig.cat\/wp-content\/uploads\/Making-of-video-Gala-de-lEsport-5-463x348.jpeg 463w, https:\/\/mont-roig.cat\/wp-content\/uploads\/Making-of-video-Gala-de-lEsport-5.jpeg 1600w\" sizes=\"auto, (max-width: 500px) 100vw, 500px\" \/><\/a>\n\t\t\t<\/dt><\/dl><dl class='gallery-item'>\n\t\t\t<dt class='gallery-icon landscape'>\n\t\t\t\t<a href='https:\/\/mont-roig.cat\/wp-content\/uploads\/Making-of-video-Gala-de-lEsport-6.jpeg'><img loading=\"lazy\" decoding=\"async\" width=\"500\" height=\"375\" src=\"https:\/\/mont-roig.cat\/wp-content\/uploads\/Making-of-video-Gala-de-lEsport-6-500x375.jpeg\" class=\"attachment-medium size-medium\" alt=\"\" srcset=\"https:\/\/mont-roig.cat\/wp-content\/uploads\/Making-of-video-Gala-de-lEsport-6-500x375.jpeg 500w, https:\/\/mont-roig.cat\/wp-content\/uploads\/Making-of-video-Gala-de-lEsport-6-768x576.jpeg 768w, https:\/\/mont-roig.cat\/wp-content\/uploads\/Making-of-video-Gala-de-lEsport-6-1024x768.jpeg 1024w, https:\/\/mont-roig.cat\/wp-content\/uploads\/Making-of-video-Gala-de-lEsport-6-463x348.jpeg 463w, https:\/\/mont-roig.cat\/wp-content\/uploads\/Making-of-video-Gala-de-lEsport-6.jpeg 1600w\" sizes=\"auto, (max-width: 500px) 100vw, 500px\" \/><\/a>\n\t\t\t<\/dt><\/dl><dl class='gallery-item'>\n\t\t\t<dt class='gallery-icon landscape'>\n\t\t\t\t<a href='https:\/\/mont-roig.cat\/wp-content\/uploads\/Making-of-video-Gala-de-lEsport-8.jpeg'><img loading=\"lazy\" decoding=\"async\" width=\"500\" height=\"375\" src=\"https:\/\/mont-roig.cat\/wp-content\/uploads\/Making-of-video-Gala-de-lEsport-8-500x375.jpeg\" class=\"attachment-medium size-medium\" alt=\"\" srcset=\"https:\/\/mont-roig.cat\/wp-content\/uploads\/Making-of-video-Gala-de-lEsport-8-500x375.jpeg 500w, https:\/\/mont-roig.cat\/wp-content\/uploads\/Making-of-video-Gala-de-lEsport-8-768x576.jpeg 768w, https:\/\/mont-roig.cat\/wp-content\/uploads\/Making-of-video-Gala-de-lEsport-8-1024x768.jpeg 1024w, https:\/\/mont-roig.cat\/wp-content\/uploads\/Making-of-video-Gala-de-lEsport-8-463x348.jpeg 463w, https:\/\/mont-roig.cat\/wp-content\/uploads\/Making-of-video-Gala-de-lEsport-8.jpeg 1600w\" sizes=\"auto, (max-width: 500px) 100vw, 500px\" \/><\/a>\n\t\t\t<\/dt><\/dl><br style=\"clear: both\" \/><dl class='gallery-item'>\n\t\t\t<dt class='gallery-icon landscape'>\n\t\t\t\t<a href='https:\/\/mont-roig.cat\/wp-content\/uploads\/Making-of-video-Gala-de-lEsport-10.jpeg'><img loading=\"lazy\" decoding=\"async\" width=\"500\" height=\"375\" src=\"https:\/\/mont-roig.cat\/wp-content\/uploads\/Making-of-video-Gala-de-lEsport-10-500x375.jpeg\" class=\"attachment-medium size-medium\" alt=\"\" srcset=\"https:\/\/mont-roig.cat\/wp-content\/uploads\/Making-of-video-Gala-de-lEsport-10-500x375.jpeg 500w, https:\/\/mont-roig.cat\/wp-content\/uploads\/Making-of-video-Gala-de-lEsport-10-768x576.jpeg 768w, https:\/\/mont-roig.cat\/wp-content\/uploads\/Making-of-video-Gala-de-lEsport-10-1024x768.jpeg 1024w, https:\/\/mont-roig.cat\/wp-content\/uploads\/Making-of-video-Gala-de-lEsport-10-463x348.jpeg 463w, https:\/\/mont-roig.cat\/wp-content\/uploads\/Making-of-video-Gala-de-lEsport-10.jpeg 1600w\" sizes=\"auto, (max-width: 500px) 100vw, 500px\" \/><\/a>\n\t\t\t<\/dt><\/dl><dl class='gallery-item'>\n\t\t\t<dt class='gallery-icon landscape'>\n\t\t\t\t<a href='https:\/\/mont-roig.cat\/wp-content\/uploads\/Making-of-video-Gala-de-lEsport-11.jpeg'><img loading=\"lazy\" decoding=\"async\" width=\"500\" height=\"375\" src=\"https:\/\/mont-roig.cat\/wp-content\/uploads\/Making-of-video-Gala-de-lEsport-11-500x375.jpeg\" class=\"attachment-medium size-medium\" alt=\"\" srcset=\"https:\/\/mont-roig.cat\/wp-content\/uploads\/Making-of-video-Gala-de-lEsport-11-500x375.jpeg 500w, https:\/\/mont-roig.cat\/wp-content\/uploads\/Making-of-video-Gala-de-lEsport-11-768x576.jpeg 768w, https:\/\/mont-roig.cat\/wp-content\/uploads\/Making-of-video-Gala-de-lEsport-11-1024x768.jpeg 1024w, https:\/\/mont-roig.cat\/wp-content\/uploads\/Making-of-video-Gala-de-lEsport-11-463x348.jpeg 463w, https:\/\/mont-roig.cat\/wp-content\/uploads\/Making-of-video-Gala-de-lEsport-11.jpeg 1600w\" sizes=\"auto, (max-width: 500px) 100vw, 500px\" \/><\/a>\n\t\t\t<\/dt><\/dl><dl class='gallery-item'>\n\t\t\t<dt class='gallery-icon landscape'>\n\t\t\t\t<a href='https:\/\/mont-roig.cat\/wp-content\/uploads\/Making-of-video-Gala-de-lEsport-13.jpeg'><img loading=\"lazy\" decoding=\"async\" width=\"500\" height=\"375\" src=\"https:\/\/mont-roig.cat\/wp-content\/uploads\/Making-of-video-Gala-de-lEsport-13-500x375.jpeg\" class=\"attachment-medium size-medium\" alt=\"\" srcset=\"https:\/\/mont-roig.cat\/wp-content\/uploads\/Making-of-video-Gala-de-lEsport-13-500x375.jpeg 500w, https:\/\/mont-roig.cat\/wp-content\/uploads\/Making-of-video-Gala-de-lEsport-13-768x576.jpeg 768w, https:\/\/mont-roig.cat\/wp-content\/uploads\/Making-of-video-Gala-de-lEsport-13-1024x768.jpeg 1024w, https:\/\/mont-roig.cat\/wp-content\/uploads\/Making-of-video-Gala-de-lEsport-13-463x348.jpeg 463w, https:\/\/mont-roig.cat\/wp-content\/uploads\/Making-of-video-Gala-de-lEsport-13.jpeg 1600w\" sizes=\"auto, (max-width: 500px) 100vw, 500px\" \/><\/a>\n\t\t\t<\/dt><\/dl><br style=\"clear: both\" \/><dl class='gallery-item'>\n\t\t\t<dt class='gallery-icon landscape'>\n\t\t\t\t<a href='https:\/\/mont-roig.cat\/wp-content\/uploads\/Making-of-video-Gala-de-lEsport-15.jpeg'><img loading=\"lazy\" decoding=\"async\" width=\"500\" height=\"375\" src=\"https:\/\/mont-roig.cat\/wp-content\/uploads\/Making-of-video-Gala-de-lEsport-15-500x375.jpeg\" class=\"attachment-medium size-medium\" alt=\"\" srcset=\"https:\/\/mont-roig.cat\/wp-content\/uploads\/Making-of-video-Gala-de-lEsport-15-500x375.jpeg 500w, https:\/\/mont-roig.cat\/wp-content\/uploads\/Making-of-video-Gala-de-lEsport-15-768x576.jpeg 768w, https:\/\/mont-roig.cat\/wp-content\/uploads\/Making-of-video-Gala-de-lEsport-15-1024x768.jpeg 1024w, https:\/\/mont-roig.cat\/wp-content\/uploads\/Making-of-video-Gala-de-lEsport-15-463x348.jpeg 463w, https:\/\/mont-roig.cat\/wp-content\/uploads\/Making-of-video-Gala-de-lEsport-15.jpeg 1600w\" sizes=\"auto, (max-width: 500px) 100vw, 500px\" \/><\/a>\n\t\t\t<\/dt><\/dl>\n\t\t\t<br style='clear: both' \/>\n\t\t<\/div>\n\n","protected":false},"excerpt":{"rendered":"<p>El evento, que tendr\u00e1 lugar el pr\u00f3ximo 28 de enero, reconocer\u00e1 el esfuerzo de los deportistas locales y las entidades sin \u00e1nimo de lucro que fomentan el deporte en el municipio El Ayuntamiento de Mont-roig del Camp quiere poner en valor el esfuerzo que realizan los diversos deportistas locales con la organizaci\u00f3n de la primera [&hellip;]<\/p>\n","protected":false},"author":4,"featured_media":24119,"comment_status":"closed","ping_status":"closed","sticky":false,"template":"","format":"standard","meta":{"inline_featured_image":false,"_monsterinsights_skip_tracking":false,"_monsterinsights_sitenote_active":false,"_monsterinsights_sitenote_note":"","_monsterinsights_sitenote_category":0,"footnotes":""},"categories":[104],"tags":[],"class_list":["post-24131","post","type-post","status-publish","format-standard","has-post-thumbnail","hentry","category-deportes"],"yoast_head":"<!-- This site is optimized with the Yoast SEO plugin v27.4 - https:\/\/yoast.com\/product\/yoast-seo-wordpress\/ -->\n<title>El Ayuntamiento de Mont-roig del Camp organiza la primera Gala del Deporte - Ajuntament de Mont-roig del Camp<\/title>\n<meta name=\"robots\" content=\"index, follow, max-snippet:-1, max-image-preview:large, max-video-preview:-1\" \/>\n<link rel=\"canonical\" href=\"https:\/\/mont-roig.cat\/es\/actualitat\/noticies\/ayuntamiento-mont-roig-camp-organiza-primera-gala-deporte\/\" \/>\n<meta property=\"og:locale\" content=\"es_ES\" \/>\n<meta property=\"og:type\" content=\"article\" \/>\n<meta property=\"og:title\" content=\"El Ayuntamiento de Mont-roig del Camp organiza la primera Gala del Deporte - Ajuntament de Mont-roig del Camp\" \/>\n<meta property=\"og:description\" content=\"El evento, que tendr\u00e1 lugar el pr\u00f3ximo 28 de enero, reconocer\u00e1 el esfuerzo de los deportistas locales y las entidades sin \u00e1nimo de lucro que fomentan el deporte en el municipio El Ayuntamiento de Mont-roig del Camp quiere poner en valor el esfuerzo que realizan los diversos deportistas locales con la organizaci\u00f3n de la primera [&hellip;]\" \/>\n<meta property=\"og:url\" content=\"https:\/\/mont-roig.cat\/es\/actualitat\/noticies\/ayuntamiento-mont-roig-camp-organiza-primera-gala-deporte\/\" \/>\n<meta property=\"og:site_name\" content=\"Ajuntament de Mont-roig del Camp\" \/>\n<meta property=\"article:published_time\" content=\"2018-01-19T10:37:11+00:00\" \/>\n<meta property=\"article:modified_time\" content=\"2018-01-19T12:15:45+00:00\" \/>\n<meta property=\"og:image\" content=\"https:\/\/mont-roig.cat\/wp-content\/uploads\/Cartell-Gala-de-lEsport-2018.jpg\" \/>\n\t<meta property=\"og:image:width\" content=\"1920\" \/>\n\t<meta property=\"og:image:height\" content=\"2715\" \/>\n\t<meta property=\"og:image:type\" content=\"image\/jpeg\" \/>\n<meta name=\"author\" content=\"administrador\" \/>\n<meta name=\"twitter:card\" content=\"summary_large_image\" \/>\n<meta name=\"twitter:label1\" content=\"Escrito por\" \/>\n\t<meta name=\"twitter:data1\" content=\"administrador\" \/>\n\t<meta name=\"twitter:label2\" content=\"Tiempo de lectura\" \/>\n\t<meta name=\"twitter:data2\" content=\"2 minutos\" \/>\n<script type=\"application\/ld+json\" class=\"yoast-schema-graph\">{\"@context\":\"https:\\\/\\\/schema.org\",\"@graph\":[{\"@type\":\"Article\",\"@id\":\"https:\\\/\\\/mont-roig.cat\\\/es\\\/actualitat\\\/noticies\\\/ayuntamiento-mont-roig-camp-organiza-primera-gala-deporte\\\/#article\",\"isPartOf\":{\"@id\":\"https:\\\/\\\/mont-roig.cat\\\/es\\\/actualitat\\\/noticies\\\/ayuntamiento-mont-roig-camp-organiza-primera-gala-deporte\\\/\"},\"author\":{\"name\":\"administrador\",\"@id\":\"https:\\\/\\\/mont-roig.cat\\\/es\\\/#\\\/schema\\\/person\\\/f2b111789f22b7d0c3bd6786c9128cba\"},\"headline\":\"El Ayuntamiento de Mont-roig del Camp organiza la primera Gala del Deporte\",\"datePublished\":\"2018-01-19T10:37:11+00:00\",\"dateModified\":\"2018-01-19T12:15:45+00:00\",\"mainEntityOfPage\":{\"@id\":\"https:\\\/\\\/mont-roig.cat\\\/es\\\/actualitat\\\/noticies\\\/ayuntamiento-mont-roig-camp-organiza-primera-gala-deporte\\\/\"},\"wordCount\":342,\"image\":{\"@id\":\"https:\\\/\\\/mont-roig.cat\\\/es\\\/actualitat\\\/noticies\\\/ayuntamiento-mont-roig-camp-organiza-primera-gala-deporte\\\/#primaryimage\"},\"thumbnailUrl\":\"https:\\\/\\\/mont-roig.cat\\\/wp-content\\\/uploads\\\/Cartell-Gala-de-lEsport-2018.jpg\",\"articleSection\":[\"Deportes\"],\"inLanguage\":\"es\"},{\"@type\":\"WebPage\",\"@id\":\"https:\\\/\\\/mont-roig.cat\\\/es\\\/actualitat\\\/noticies\\\/ayuntamiento-mont-roig-camp-organiza-primera-gala-deporte\\\/\",\"url\":\"https:\\\/\\\/mont-roig.cat\\\/es\\\/actualitat\\\/noticies\\\/ayuntamiento-mont-roig-camp-organiza-primera-gala-deporte\\\/\",\"name\":\"El Ayuntamiento de Mont-roig del Camp organiza la primera Gala del Deporte - Ajuntament de Mont-roig del Camp\",\"isPartOf\":{\"@id\":\"https:\\\/\\\/mont-roig.cat\\\/es\\\/#website\"},\"primaryImageOfPage\":{\"@id\":\"https:\\\/\\\/mont-roig.cat\\\/es\\\/actualitat\\\/noticies\\\/ayuntamiento-mont-roig-camp-organiza-primera-gala-deporte\\\/#primaryimage\"},\"image\":{\"@id\":\"https:\\\/\\\/mont-roig.cat\\\/es\\\/actualitat\\\/noticies\\\/ayuntamiento-mont-roig-camp-organiza-primera-gala-deporte\\\/#primaryimage\"},\"thumbnailUrl\":\"https:\\\/\\\/mont-roig.cat\\\/wp-content\\\/uploads\\\/Cartell-Gala-de-lEsport-2018.jpg\",\"datePublished\":\"2018-01-19T10:37:11+00:00\",\"dateModified\":\"2018-01-19T12:15:45+00:00\",\"author\":{\"@id\":\"https:\\\/\\\/mont-roig.cat\\\/es\\\/#\\\/schema\\\/person\\\/f2b111789f22b7d0c3bd6786c9128cba\"},\"breadcrumb\":{\"@id\":\"https:\\\/\\\/mont-roig.cat\\\/es\\\/actualitat\\\/noticies\\\/ayuntamiento-mont-roig-camp-organiza-primera-gala-deporte\\\/#breadcrumb\"},\"inLanguage\":\"es\",\"potentialAction\":[{\"@type\":\"ReadAction\",\"target\":[\"https:\\\/\\\/mont-roig.cat\\\/es\\\/actualitat\\\/noticies\\\/ayuntamiento-mont-roig-camp-organiza-primera-gala-deporte\\\/\"]}]},{\"@type\":\"ImageObject\",\"inLanguage\":\"es\",\"@id\":\"https:\\\/\\\/mont-roig.cat\\\/es\\\/actualitat\\\/noticies\\\/ayuntamiento-mont-roig-camp-organiza-primera-gala-deporte\\\/#primaryimage\",\"url\":\"https:\\\/\\\/mont-roig.cat\\\/wp-content\\\/uploads\\\/Cartell-Gala-de-lEsport-2018.jpg\",\"contentUrl\":\"https:\\\/\\\/mont-roig.cat\\\/wp-content\\\/uploads\\\/Cartell-Gala-de-lEsport-2018.jpg\",\"width\":1920,\"height\":2715},{\"@type\":\"BreadcrumbList\",\"@id\":\"https:\\\/\\\/mont-roig.cat\\\/es\\\/actualitat\\\/noticies\\\/ayuntamiento-mont-roig-camp-organiza-primera-gala-deporte\\\/#breadcrumb\",\"itemListElement\":[{\"@type\":\"ListItem\",\"position\":1,\"name\":\"Inici\",\"item\":\"https:\\\/\\\/mont-roig.cat\\\/es\\\/pagina-de-inicio\\\/\"},{\"@type\":\"ListItem\",\"position\":2,\"name\":\"El Ayuntamiento de Mont-roig del Camp organiza la primera Gala del Deporte\"}]},{\"@type\":\"WebSite\",\"@id\":\"https:\\\/\\\/mont-roig.cat\\\/es\\\/#website\",\"url\":\"https:\\\/\\\/mont-roig.cat\\\/es\\\/\",\"name\":\"Ajuntament de Mont-roig del Camp\",\"description\":\"Tota la informaci\u00f3 sobre la instituci\u00f3, els seus \u00f2rgans de govern, actualitat, serveis i molt m\u00e9s.\",\"potentialAction\":[{\"@type\":\"SearchAction\",\"target\":{\"@type\":\"EntryPoint\",\"urlTemplate\":\"https:\\\/\\\/mont-roig.cat\\\/es\\\/?s={search_term_string}\"},\"query-input\":{\"@type\":\"PropertyValueSpecification\",\"valueRequired\":true,\"valueName\":\"search_term_string\"}}],\"inLanguage\":\"es\"},{\"@type\":\"Person\",\"@id\":\"https:\\\/\\\/mont-roig.cat\\\/es\\\/#\\\/schema\\\/person\\\/f2b111789f22b7d0c3bd6786c9128cba\",\"name\":\"administrador\",\"image\":{\"@type\":\"ImageObject\",\"inLanguage\":\"es\",\"@id\":\"https:\\\/\\\/secure.gravatar.com\\\/avatar\\\/9137aac6891e2595c9d3036fd83bcb653b4db3c946db4c7d9b9be193c3c944bb?s=96&d=mm&r=g\",\"url\":\"https:\\\/\\\/secure.gravatar.com\\\/avatar\\\/9137aac6891e2595c9d3036fd83bcb653b4db3c946db4c7d9b9be193c3c944bb?s=96&d=mm&r=g\",\"contentUrl\":\"https:\\\/\\\/secure.gravatar.com\\\/avatar\\\/9137aac6891e2595c9d3036fd83bcb653b4db3c946db4c7d9b9be193c3c944bb?s=96&d=mm&r=g\",\"caption\":\"administrador\"},\"url\":\"https:\\\/\\\/mont-roig.cat\\\/es\\\/actualitat\\\/noticies\\\/author\\\/administrador\\\/\"}]}<\/script>\n<!-- \/ Yoast SEO plugin. -->","yoast_head_json":{"title":"El Ayuntamiento de Mont-roig del Camp organiza la primera Gala del Deporte - Ajuntament de Mont-roig del Camp","robots":{"index":"index","follow":"follow","max-snippet":"max-snippet:-1","max-image-preview":"max-image-preview:large","max-video-preview":"max-video-preview:-1"},"canonical":"https:\/\/mont-roig.cat\/es\/actualitat\/noticies\/ayuntamiento-mont-roig-camp-organiza-primera-gala-deporte\/","og_locale":"es_ES","og_type":"article","og_title":"El Ayuntamiento de Mont-roig del Camp organiza la primera Gala del Deporte - Ajuntament de Mont-roig del Camp","og_description":"El evento, que tendr\u00e1 lugar el pr\u00f3ximo 28 de enero, reconocer\u00e1 el esfuerzo de los deportistas locales y las entidades sin \u00e1nimo de lucro que fomentan el deporte en el municipio El Ayuntamiento de Mont-roig del Camp quiere poner en valor el esfuerzo que realizan los diversos deportistas locales con la organizaci\u00f3n de la primera [&hellip;]","og_url":"https:\/\/mont-roig.cat\/es\/actualitat\/noticies\/ayuntamiento-mont-roig-camp-organiza-primera-gala-deporte\/","og_site_name":"Ajuntament de Mont-roig del Camp","article_published_time":"2018-01-19T10:37:11+00:00","article_modified_time":"2018-01-19T12:15:45+00:00","og_image":[{"width":1920,"height":2715,"url":"https:\/\/mont-roig.cat\/wp-content\/uploads\/Cartell-Gala-de-lEsport-2018.jpg","type":"image\/jpeg"}],"author":"administrador","twitter_card":"summary_large_image","twitter_misc":{"Escrito por":"administrador","Tiempo de lectura":"2 minutos"},"schema":{"@context":"https:\/\/schema.org","@graph":[{"@type":"Article","@id":"https:\/\/mont-roig.cat\/es\/actualitat\/noticies\/ayuntamiento-mont-roig-camp-organiza-primera-gala-deporte\/#article","isPartOf":{"@id":"https:\/\/mont-roig.cat\/es\/actualitat\/noticies\/ayuntamiento-mont-roig-camp-organiza-primera-gala-deporte\/"},"author":{"name":"administrador","@id":"https:\/\/mont-roig.cat\/es\/#\/schema\/person\/f2b111789f22b7d0c3bd6786c9128cba"},"headline":"El Ayuntamiento de Mont-roig del Camp organiza la primera Gala del Deporte","datePublished":"2018-01-19T10:37:11+00:00","dateModified":"2018-01-19T12:15:45+00:00","mainEntityOfPage":{"@id":"https:\/\/mont-roig.cat\/es\/actualitat\/noticies\/ayuntamiento-mont-roig-camp-organiza-primera-gala-deporte\/"},"wordCount":342,"image":{"@id":"https:\/\/mont-roig.cat\/es\/actualitat\/noticies\/ayuntamiento-mont-roig-camp-organiza-primera-gala-deporte\/#primaryimage"},"thumbnailUrl":"https:\/\/mont-roig.cat\/wp-content\/uploads\/Cartell-Gala-de-lEsport-2018.jpg","articleSection":["Deportes"],"inLanguage":"es"},{"@type":"WebPage","@id":"https:\/\/mont-roig.cat\/es\/actualitat\/noticies\/ayuntamiento-mont-roig-camp-organiza-primera-gala-deporte\/","url":"https:\/\/mont-roig.cat\/es\/actualitat\/noticies\/ayuntamiento-mont-roig-camp-organiza-primera-gala-deporte\/","name":"El Ayuntamiento de Mont-roig del Camp organiza la primera Gala del Deporte - Ajuntament de Mont-roig del Camp","isPartOf":{"@id":"https:\/\/mont-roig.cat\/es\/#website"},"primaryImageOfPage":{"@id":"https:\/\/mont-roig.cat\/es\/actualitat\/noticies\/ayuntamiento-mont-roig-camp-organiza-primera-gala-deporte\/#primaryimage"},"image":{"@id":"https:\/\/mont-roig.cat\/es\/actualitat\/noticies\/ayuntamiento-mont-roig-camp-organiza-primera-gala-deporte\/#primaryimage"},"thumbnailUrl":"https:\/\/mont-roig.cat\/wp-content\/uploads\/Cartell-Gala-de-lEsport-2018.jpg","datePublished":"2018-01-19T10:37:11+00:00","dateModified":"2018-01-19T12:15:45+00:00","author":{"@id":"https:\/\/mont-roig.cat\/es\/#\/schema\/person\/f2b111789f22b7d0c3bd6786c9128cba"},"breadcrumb":{"@id":"https:\/\/mont-roig.cat\/es\/actualitat\/noticies\/ayuntamiento-mont-roig-camp-organiza-primera-gala-deporte\/#breadcrumb"},"inLanguage":"es","potentialAction":[{"@type":"ReadAction","target":["https:\/\/mont-roig.cat\/es\/actualitat\/noticies\/ayuntamiento-mont-roig-camp-organiza-primera-gala-deporte\/"]}]},{"@type":"ImageObject","inLanguage":"es","@id":"https:\/\/mont-roig.cat\/es\/actualitat\/noticies\/ayuntamiento-mont-roig-camp-organiza-primera-gala-deporte\/#primaryimage","url":"https:\/\/mont-roig.cat\/wp-content\/uploads\/Cartell-Gala-de-lEsport-2018.jpg","contentUrl":"https:\/\/mont-roig.cat\/wp-content\/uploads\/Cartell-Gala-de-lEsport-2018.jpg","width":1920,"height":2715},{"@type":"BreadcrumbList","@id":"https:\/\/mont-roig.cat\/es\/actualitat\/noticies\/ayuntamiento-mont-roig-camp-organiza-primera-gala-deporte\/#breadcrumb","itemListElement":[{"@type":"ListItem","position":1,"name":"Inici","item":"https:\/\/mont-roig.cat\/es\/pagina-de-inicio\/"},{"@type":"ListItem","position":2,"name":"El Ayuntamiento de Mont-roig del Camp organiza la primera Gala del Deporte"}]},{"@type":"WebSite","@id":"https:\/\/mont-roig.cat\/es\/#website","url":"https:\/\/mont-roig.cat\/es\/","name":"Ajuntament de Mont-roig del Camp","description":"Tota la informaci\u00f3 sobre la instituci\u00f3, els seus \u00f2rgans de govern, actualitat, serveis i molt m\u00e9s.","potentialAction":[{"@type":"SearchAction","target":{"@type":"EntryPoint","urlTemplate":"https:\/\/mont-roig.cat\/es\/?s={search_term_string}"},"query-input":{"@type":"PropertyValueSpecification","valueRequired":true,"valueName":"search_term_string"}}],"inLanguage":"es"},{"@type":"Person","@id":"https:\/\/mont-roig.cat\/es\/#\/schema\/person\/f2b111789f22b7d0c3bd6786c9128cba","name":"administrador","image":{"@type":"ImageObject","inLanguage":"es","@id":"https:\/\/secure.gravatar.com\/avatar\/9137aac6891e2595c9d3036fd83bcb653b4db3c946db4c7d9b9be193c3c944bb?s=96&d=mm&r=g","url":"https:\/\/secure.gravatar.com\/avatar\/9137aac6891e2595c9d3036fd83bcb653b4db3c946db4c7d9b9be193c3c944bb?s=96&d=mm&r=g","contentUrl":"https:\/\/secure.gravatar.com\/avatar\/9137aac6891e2595c9d3036fd83bcb653b4db3c946db4c7d9b9be193c3c944bb?s=96&d=mm&r=g","caption":"administrador"},"url":"https:\/\/mont-roig.cat\/es\/actualitat\/noticies\/author\/administrador\/"}]}},"_links":{"self":[{"href":"https:\/\/mont-roig.cat\/es\/wp-json\/wp\/v2\/posts\/24131","targetHints":{"allow":["GET"]}}],"collection":[{"href":"https:\/\/mont-roig.cat\/es\/wp-json\/wp\/v2\/posts"}],"about":[{"href":"https:\/\/mont-roig.cat\/es\/wp-json\/wp\/v2\/types\/post"}],"author":[{"embeddable":true,"href":"https:\/\/mont-roig.cat\/es\/wp-json\/wp\/v2\/users\/4"}],"replies":[{"embeddable":true,"href":"https:\/\/mont-roig.cat\/es\/wp-json\/wp\/v2\/comments?post=24131"}],"version-history":[{"count":3,"href":"https:\/\/mont-roig.cat\/es\/wp-json\/wp\/v2\/posts\/24131\/revisions"}],"predecessor-version":[{"id":24165,"href":"https:\/\/mont-roig.cat\/es\/wp-json\/wp\/v2\/posts\/24131\/revisions\/24165"}],"wp:featuredmedia":[{"embeddable":true,"href":"https:\/\/mont-roig.cat\/es\/wp-json\/wp\/v2\/media\/24119"}],"wp:attachment":[{"href":"https:\/\/mont-roig.cat\/es\/wp-json\/wp\/v2\/media?parent=24131"}],"wp:term":[{"taxonomy":"category","embeddable":true,"href":"https:\/\/mont-roig.cat\/es\/wp-json\/wp\/v2\/categories?post=24131"},{"taxonomy":"post_tag","embeddable":true,"href":"https:\/\/mont-roig.cat\/es\/wp-json\/wp\/v2\/tags?post=24131"}],"curies":[{"name":"wp","href":"https:\/\/api.w.org\/{rel}","templated":true}]}}