{"id":24182,"date":"2018-01-19T14:48:06","date_gmt":"2018-01-19T13:48:06","guid":{"rendered":"http:\/\/mont-roig.cat\/?p=24182"},"modified":"2018-01-19T14:52:42","modified_gmt":"2018-01-19T13:52:42","slug":"informacion-calendario-contribuyente-2018","status":"publish","type":"post","link":"https:\/\/mont-roig.cat\/es\/actualitat\/noticies\/informacion-calendario-contribuyente-2018\/","title":{"rendered":"Informaci\u00f3n calendario del contribuyente 2018"},"content":{"rendered":"<p><a href=\"http:\/\/mont-roig.cat\/wp-content\/uploads\/Calendari-del-contribuent-2018-001.jpg\"><img loading=\"lazy\" decoding=\"async\" class=\"alignright wp-image-24176\" src=\"http:\/\/mont-roig.cat\/wp-content\/uploads\/Calendari-del-contribuent-2018-001-354x500.jpg\" alt=\"\" width=\"300\" height=\"424\" srcset=\"https:\/\/mont-roig.cat\/wp-content\/uploads\/Calendari-del-contribuent-2018-001-354x500.jpg 354w, https:\/\/mont-roig.cat\/wp-content\/uploads\/Calendari-del-contribuent-2018-001-768x1086.jpg 768w, https:\/\/mont-roig.cat\/wp-content\/uploads\/Calendari-del-contribuent-2018-001-724x1024.jpg 724w, https:\/\/mont-roig.cat\/wp-content\/uploads\/Calendari-del-contribuent-2018-001.jpg 1191w\" sizes=\"auto, (max-width: 300px) 100vw, 300px\" \/><\/a>En el calendario del contribuyente se indican los d\u00edas de inicio y finalizaci\u00f3n del plazo de pago de los diferentes tributos (IBI, Impuesto Actividades econ\u00f3micas o Impuesto sobre Veh\u00edculos de Tracci\u00f3n Mec\u00e1nica, entre otros).<\/p>\n<p>Como novedad de este 2018, la petici\u00f3n de domiciliaci\u00f3n de los recibos o cualquier otro cambio se puede hacer a trav\u00e9s de la sede electr\u00f3nica del Ayuntamiento de Mont-roig del Camp: <a href=\"http:\/\/www.mont-roig.cat\/seu-electronica\" target=\"_blank\" rel=\"noopener\">www.mont-roig.cat\/seu-electronica.<\/a><\/p>\n<p>Los tributos pueden hacerse efectivos en aquellas entidades bancarias que tengan convenio con BASE &#8211; Gesti\u00f3n de ingresos o bien a trav\u00e9s de la domiciliaci\u00f3n. Para que la domiciliaci\u00f3n tenga efecto en el a\u00f1o en curso hay que tramitar la orden de domiciliaci\u00f3n al menos un mes antes de iniciarse el periodo de pago voluntario del tributo. Si la orden llega en fecha posterior la domiciliaci\u00f3n se har\u00e1 efectiva pero tendr\u00e1 efectos en el per\u00edodo o a\u00f1o siguiente.<\/p>\n<p>Cabe recordar que el fraccionamiento del pago del IBI permite pagarlo en tres recibos sin ning\u00fan recargo. Tambi\u00e9n que a trav\u00e9s de <a href=\"https:\/\/mont-roig.cat\/es\/actualitat\/noticies\/paga-tus-tributos-mes-mes\/\" target=\"_blank\" rel=\"noopener\">BASE<\/a> se puede solicitar el fraccionamiento mensual de los tributos sin intereses. Las solicitudes para acogerse al fraccionamiento tendr\u00e1n efectos de un a\u00f1o para el otro.<\/p>\n<p>Para m\u00e1s informaci\u00f3n pueden dirigirse a las Oficinas Municipales de Atenci\u00f3n al Ciudadano.<\/p>\n<p>Calendario del contribuyente en <a href=\"http:\/\/mont-roig.cat\/wp-content\/uploads\/Calendari-del-contribuent-2018.pdf\" target=\"_blank\" rel=\"noopener\">PDF<\/a>.<\/p>\n","protected":false},"excerpt":{"rendered":"<p>En el calendario del contribuyente se indican los d\u00edas de inicio y finalizaci\u00f3n del plazo de pago de los diferentes tributos (IBI, Impuesto Actividades econ\u00f3micas o Impuesto sobre Veh\u00edculos de Tracci\u00f3n Mec\u00e1nica, entre otros). Como novedad de este 2018, la petici\u00f3n de domiciliaci\u00f3n de los recibos o cualquier otro cambio se puede hacer a trav\u00e9s [&hellip;]<\/p>\n","protected":false},"author":4,"featured_media":24176,"comment_status":"closed","ping_status":"closed","sticky":false,"template":"","format":"standard","meta":{"inline_featured_image":false,"_monsterinsights_skip_tracking":false,"_monsterinsights_sitenote_active":false,"_monsterinsights_sitenote_note":"","_monsterinsights_sitenote_category":0,"footnotes":""},"categories":[98],"tags":[],"class_list":["post-24182","post","type-post","status-publish","format-standard","has-post-thumbnail","hentry","category-ayuntamiento"],"yoast_head":"<!-- This site is optimized with the Yoast SEO plugin v27.4 - https:\/\/yoast.com\/product\/yoast-seo-wordpress\/ -->\n<title>Informaci\u00f3n calendario del contribuyente 2018 - Ajuntament de Mont-roig del Camp<\/title>\n<meta name=\"robots\" content=\"index, follow, max-snippet:-1, max-image-preview:large, max-video-preview:-1\" \/>\n<link rel=\"canonical\" href=\"https:\/\/mont-roig.cat\/es\/actualitat\/noticies\/informacion-calendario-contribuyente-2018\/\" \/>\n<meta property=\"og:locale\" content=\"es_ES\" \/>\n<meta property=\"og:type\" content=\"article\" \/>\n<meta property=\"og:title\" content=\"Informaci\u00f3n calendario del contribuyente 2018 - Ajuntament de Mont-roig del Camp\" \/>\n<meta property=\"og:description\" content=\"En el calendario del contribuyente se indican los d\u00edas de inicio y finalizaci\u00f3n del plazo de pago de los diferentes tributos (IBI, Impuesto Actividades econ\u00f3micas o Impuesto sobre Veh\u00edculos de Tracci\u00f3n Mec\u00e1nica, entre otros). Como novedad de este 2018, la petici\u00f3n de domiciliaci\u00f3n de los recibos o cualquier otro cambio se puede hacer a trav\u00e9s [&hellip;]\" \/>\n<meta property=\"og:url\" content=\"https:\/\/mont-roig.cat\/es\/actualitat\/noticies\/informacion-calendario-contribuyente-2018\/\" \/>\n<meta property=\"og:site_name\" content=\"Ajuntament de Mont-roig del Camp\" \/>\n<meta property=\"article:published_time\" content=\"2018-01-19T13:48:06+00:00\" \/>\n<meta property=\"article:modified_time\" content=\"2018-01-19T13:52:42+00:00\" \/>\n<meta property=\"og:image\" content=\"https:\/\/mont-roig.cat\/wp-content\/uploads\/Calendari-del-contribuent-2018-001.jpg\" \/>\n\t<meta property=\"og:image:width\" content=\"1191\" \/>\n\t<meta property=\"og:image:height\" content=\"1684\" \/>\n\t<meta property=\"og:image:type\" content=\"image\/jpeg\" \/>\n<meta name=\"author\" content=\"administrador\" \/>\n<meta name=\"twitter:card\" content=\"summary_large_image\" \/>\n<meta name=\"twitter:label1\" content=\"Escrito por\" \/>\n\t<meta name=\"twitter:data1\" content=\"administrador\" \/>\n\t<meta name=\"twitter:label2\" content=\"Tiempo de lectura\" \/>\n\t<meta name=\"twitter:data2\" content=\"1 minuto\" \/>\n<script type=\"application\/ld+json\" class=\"yoast-schema-graph\">{\"@context\":\"https:\\\/\\\/schema.org\",\"@graph\":[{\"@type\":\"Article\",\"@id\":\"https:\\\/\\\/mont-roig.cat\\\/es\\\/actualitat\\\/noticies\\\/informacion-calendario-contribuyente-2018\\\/#article\",\"isPartOf\":{\"@id\":\"https:\\\/\\\/mont-roig.cat\\\/es\\\/actualitat\\\/noticies\\\/informacion-calendario-contribuyente-2018\\\/\"},\"author\":{\"name\":\"administrador\",\"@id\":\"https:\\\/\\\/mont-roig.cat\\\/es\\\/#\\\/schema\\\/person\\\/f2b111789f22b7d0c3bd6786c9128cba\"},\"headline\":\"Informaci\u00f3n calendario del contribuyente 2018\",\"datePublished\":\"2018-01-19T13:48:06+00:00\",\"dateModified\":\"2018-01-19T13:52:42+00:00\",\"mainEntityOfPage\":{\"@id\":\"https:\\\/\\\/mont-roig.cat\\\/es\\\/actualitat\\\/noticies\\\/informacion-calendario-contribuyente-2018\\\/\"},\"wordCount\":244,\"image\":{\"@id\":\"https:\\\/\\\/mont-roig.cat\\\/es\\\/actualitat\\\/noticies\\\/informacion-calendario-contribuyente-2018\\\/#primaryimage\"},\"thumbnailUrl\":\"https:\\\/\\\/mont-roig.cat\\\/wp-content\\\/uploads\\\/Calendari-del-contribuent-2018-001.jpg\",\"articleSection\":[\"Ayuntamiento\"],\"inLanguage\":\"es\"},{\"@type\":\"WebPage\",\"@id\":\"https:\\\/\\\/mont-roig.cat\\\/es\\\/actualitat\\\/noticies\\\/informacion-calendario-contribuyente-2018\\\/\",\"url\":\"https:\\\/\\\/mont-roig.cat\\\/es\\\/actualitat\\\/noticies\\\/informacion-calendario-contribuyente-2018\\\/\",\"name\":\"Informaci\u00f3n calendario del contribuyente 2018 - Ajuntament de Mont-roig del Camp\",\"isPartOf\":{\"@id\":\"https:\\\/\\\/mont-roig.cat\\\/es\\\/#website\"},\"primaryImageOfPage\":{\"@id\":\"https:\\\/\\\/mont-roig.cat\\\/es\\\/actualitat\\\/noticies\\\/informacion-calendario-contribuyente-2018\\\/#primaryimage\"},\"image\":{\"@id\":\"https:\\\/\\\/mont-roig.cat\\\/es\\\/actualitat\\\/noticies\\\/informacion-calendario-contribuyente-2018\\\/#primaryimage\"},\"thumbnailUrl\":\"https:\\\/\\\/mont-roig.cat\\\/wp-content\\\/uploads\\\/Calendari-del-contribuent-2018-001.jpg\",\"datePublished\":\"2018-01-19T13:48:06+00:00\",\"dateModified\":\"2018-01-19T13:52:42+00:00\",\"author\":{\"@id\":\"https:\\\/\\\/mont-roig.cat\\\/es\\\/#\\\/schema\\\/person\\\/f2b111789f22b7d0c3bd6786c9128cba\"},\"breadcrumb\":{\"@id\":\"https:\\\/\\\/mont-roig.cat\\\/es\\\/actualitat\\\/noticies\\\/informacion-calendario-contribuyente-2018\\\/#breadcrumb\"},\"inLanguage\":\"es\",\"potentialAction\":[{\"@type\":\"ReadAction\",\"target\":[\"https:\\\/\\\/mont-roig.cat\\\/es\\\/actualitat\\\/noticies\\\/informacion-calendario-contribuyente-2018\\\/\"]}]},{\"@type\":\"ImageObject\",\"inLanguage\":\"es\",\"@id\":\"https:\\\/\\\/mont-roig.cat\\\/es\\\/actualitat\\\/noticies\\\/informacion-calendario-contribuyente-2018\\\/#primaryimage\",\"url\":\"https:\\\/\\\/mont-roig.cat\\\/wp-content\\\/uploads\\\/Calendari-del-contribuent-2018-001.jpg\",\"contentUrl\":\"https:\\\/\\\/mont-roig.cat\\\/wp-content\\\/uploads\\\/Calendari-del-contribuent-2018-001.jpg\",\"width\":1191,\"height\":1684},{\"@type\":\"BreadcrumbList\",\"@id\":\"https:\\\/\\\/mont-roig.cat\\\/es\\\/actualitat\\\/noticies\\\/informacion-calendario-contribuyente-2018\\\/#breadcrumb\",\"itemListElement\":[{\"@type\":\"ListItem\",\"position\":1,\"name\":\"Inici\",\"item\":\"https:\\\/\\\/mont-roig.cat\\\/es\\\/pagina-de-inicio\\\/\"},{\"@type\":\"ListItem\",\"position\":2,\"name\":\"Informaci\u00f3n calendario del contribuyente 2018\"}]},{\"@type\":\"WebSite\",\"@id\":\"https:\\\/\\\/mont-roig.cat\\\/es\\\/#website\",\"url\":\"https:\\\/\\\/mont-roig.cat\\\/es\\\/\",\"name\":\"Ajuntament de Mont-roig del Camp\",\"description\":\"Tota la informaci\u00f3 sobre la instituci\u00f3, els seus \u00f2rgans de govern, actualitat, serveis i molt m\u00e9s.\",\"potentialAction\":[{\"@type\":\"SearchAction\",\"target\":{\"@type\":\"EntryPoint\",\"urlTemplate\":\"https:\\\/\\\/mont-roig.cat\\\/es\\\/?s={search_term_string}\"},\"query-input\":{\"@type\":\"PropertyValueSpecification\",\"valueRequired\":true,\"valueName\":\"search_term_string\"}}],\"inLanguage\":\"es\"},{\"@type\":\"Person\",\"@id\":\"https:\\\/\\\/mont-roig.cat\\\/es\\\/#\\\/schema\\\/person\\\/f2b111789f22b7d0c3bd6786c9128cba\",\"name\":\"administrador\",\"image\":{\"@type\":\"ImageObject\",\"inLanguage\":\"es\",\"@id\":\"https:\\\/\\\/secure.gravatar.com\\\/avatar\\\/9137aac6891e2595c9d3036fd83bcb653b4db3c946db4c7d9b9be193c3c944bb?s=96&d=mm&r=g\",\"url\":\"https:\\\/\\\/secure.gravatar.com\\\/avatar\\\/9137aac6891e2595c9d3036fd83bcb653b4db3c946db4c7d9b9be193c3c944bb?s=96&d=mm&r=g\",\"contentUrl\":\"https:\\\/\\\/secure.gravatar.com\\\/avatar\\\/9137aac6891e2595c9d3036fd83bcb653b4db3c946db4c7d9b9be193c3c944bb?s=96&d=mm&r=g\",\"caption\":\"administrador\"},\"url\":\"https:\\\/\\\/mont-roig.cat\\\/es\\\/actualitat\\\/noticies\\\/author\\\/administrador\\\/\"}]}<\/script>\n<!-- \/ Yoast SEO plugin. -->","yoast_head_json":{"title":"Informaci\u00f3n calendario del contribuyente 2018 - Ajuntament de Mont-roig del Camp","robots":{"index":"index","follow":"follow","max-snippet":"max-snippet:-1","max-image-preview":"max-image-preview:large","max-video-preview":"max-video-preview:-1"},"canonical":"https:\/\/mont-roig.cat\/es\/actualitat\/noticies\/informacion-calendario-contribuyente-2018\/","og_locale":"es_ES","og_type":"article","og_title":"Informaci\u00f3n calendario del contribuyente 2018 - Ajuntament de Mont-roig del Camp","og_description":"En el calendario del contribuyente se indican los d\u00edas de inicio y finalizaci\u00f3n del plazo de pago de los diferentes tributos (IBI, Impuesto Actividades econ\u00f3micas o Impuesto sobre Veh\u00edculos de Tracci\u00f3n Mec\u00e1nica, entre otros). Como novedad de este 2018, la petici\u00f3n de domiciliaci\u00f3n de los recibos o cualquier otro cambio se puede hacer a trav\u00e9s [&hellip;]","og_url":"https:\/\/mont-roig.cat\/es\/actualitat\/noticies\/informacion-calendario-contribuyente-2018\/","og_site_name":"Ajuntament de Mont-roig del Camp","article_published_time":"2018-01-19T13:48:06+00:00","article_modified_time":"2018-01-19T13:52:42+00:00","og_image":[{"width":1191,"height":1684,"url":"https:\/\/mont-roig.cat\/wp-content\/uploads\/Calendari-del-contribuent-2018-001.jpg","type":"image\/jpeg"}],"author":"administrador","twitter_card":"summary_large_image","twitter_misc":{"Escrito por":"administrador","Tiempo de lectura":"1 minuto"},"schema":{"@context":"https:\/\/schema.org","@graph":[{"@type":"Article","@id":"https:\/\/mont-roig.cat\/es\/actualitat\/noticies\/informacion-calendario-contribuyente-2018\/#article","isPartOf":{"@id":"https:\/\/mont-roig.cat\/es\/actualitat\/noticies\/informacion-calendario-contribuyente-2018\/"},"author":{"name":"administrador","@id":"https:\/\/mont-roig.cat\/es\/#\/schema\/person\/f2b111789f22b7d0c3bd6786c9128cba"},"headline":"Informaci\u00f3n calendario del contribuyente 2018","datePublished":"2018-01-19T13:48:06+00:00","dateModified":"2018-01-19T13:52:42+00:00","mainEntityOfPage":{"@id":"https:\/\/mont-roig.cat\/es\/actualitat\/noticies\/informacion-calendario-contribuyente-2018\/"},"wordCount":244,"image":{"@id":"https:\/\/mont-roig.cat\/es\/actualitat\/noticies\/informacion-calendario-contribuyente-2018\/#primaryimage"},"thumbnailUrl":"https:\/\/mont-roig.cat\/wp-content\/uploads\/Calendari-del-contribuent-2018-001.jpg","articleSection":["Ayuntamiento"],"inLanguage":"es"},{"@type":"WebPage","@id":"https:\/\/mont-roig.cat\/es\/actualitat\/noticies\/informacion-calendario-contribuyente-2018\/","url":"https:\/\/mont-roig.cat\/es\/actualitat\/noticies\/informacion-calendario-contribuyente-2018\/","name":"Informaci\u00f3n calendario del contribuyente 2018 - Ajuntament de Mont-roig del Camp","isPartOf":{"@id":"https:\/\/mont-roig.cat\/es\/#website"},"primaryImageOfPage":{"@id":"https:\/\/mont-roig.cat\/es\/actualitat\/noticies\/informacion-calendario-contribuyente-2018\/#primaryimage"},"image":{"@id":"https:\/\/mont-roig.cat\/es\/actualitat\/noticies\/informacion-calendario-contribuyente-2018\/#primaryimage"},"thumbnailUrl":"https:\/\/mont-roig.cat\/wp-content\/uploads\/Calendari-del-contribuent-2018-001.jpg","datePublished":"2018-01-19T13:48:06+00:00","dateModified":"2018-01-19T13:52:42+00:00","author":{"@id":"https:\/\/mont-roig.cat\/es\/#\/schema\/person\/f2b111789f22b7d0c3bd6786c9128cba"},"breadcrumb":{"@id":"https:\/\/mont-roig.cat\/es\/actualitat\/noticies\/informacion-calendario-contribuyente-2018\/#breadcrumb"},"inLanguage":"es","potentialAction":[{"@type":"ReadAction","target":["https:\/\/mont-roig.cat\/es\/actualitat\/noticies\/informacion-calendario-contribuyente-2018\/"]}]},{"@type":"ImageObject","inLanguage":"es","@id":"https:\/\/mont-roig.cat\/es\/actualitat\/noticies\/informacion-calendario-contribuyente-2018\/#primaryimage","url":"https:\/\/mont-roig.cat\/wp-content\/uploads\/Calendari-del-contribuent-2018-001.jpg","contentUrl":"https:\/\/mont-roig.cat\/wp-content\/uploads\/Calendari-del-contribuent-2018-001.jpg","width":1191,"height":1684},{"@type":"BreadcrumbList","@id":"https:\/\/mont-roig.cat\/es\/actualitat\/noticies\/informacion-calendario-contribuyente-2018\/#breadcrumb","itemListElement":[{"@type":"ListItem","position":1,"name":"Inici","item":"https:\/\/mont-roig.cat\/es\/pagina-de-inicio\/"},{"@type":"ListItem","position":2,"name":"Informaci\u00f3n calendario del contribuyente 2018"}]},{"@type":"WebSite","@id":"https:\/\/mont-roig.cat\/es\/#website","url":"https:\/\/mont-roig.cat\/es\/","name":"Ajuntament de Mont-roig del Camp","description":"Tota la informaci\u00f3 sobre la instituci\u00f3, els seus \u00f2rgans de govern, actualitat, serveis i molt m\u00e9s.","potentialAction":[{"@type":"SearchAction","target":{"@type":"EntryPoint","urlTemplate":"https:\/\/mont-roig.cat\/es\/?s={search_term_string}"},"query-input":{"@type":"PropertyValueSpecification","valueRequired":true,"valueName":"search_term_string"}}],"inLanguage":"es"},{"@type":"Person","@id":"https:\/\/mont-roig.cat\/es\/#\/schema\/person\/f2b111789f22b7d0c3bd6786c9128cba","name":"administrador","image":{"@type":"ImageObject","inLanguage":"es","@id":"https:\/\/secure.gravatar.com\/avatar\/9137aac6891e2595c9d3036fd83bcb653b4db3c946db4c7d9b9be193c3c944bb?s=96&d=mm&r=g","url":"https:\/\/secure.gravatar.com\/avatar\/9137aac6891e2595c9d3036fd83bcb653b4db3c946db4c7d9b9be193c3c944bb?s=96&d=mm&r=g","contentUrl":"https:\/\/secure.gravatar.com\/avatar\/9137aac6891e2595c9d3036fd83bcb653b4db3c946db4c7d9b9be193c3c944bb?s=96&d=mm&r=g","caption":"administrador"},"url":"https:\/\/mont-roig.cat\/es\/actualitat\/noticies\/author\/administrador\/"}]}},"_links":{"self":[{"href":"https:\/\/mont-roig.cat\/es\/wp-json\/wp\/v2\/posts\/24182","targetHints":{"allow":["GET"]}}],"collection":[{"href":"https:\/\/mont-roig.cat\/es\/wp-json\/wp\/v2\/posts"}],"about":[{"href":"https:\/\/mont-roig.cat\/es\/wp-json\/wp\/v2\/types\/post"}],"author":[{"embeddable":true,"href":"https:\/\/mont-roig.cat\/es\/wp-json\/wp\/v2\/users\/4"}],"replies":[{"embeddable":true,"href":"https:\/\/mont-roig.cat\/es\/wp-json\/wp\/v2\/comments?post=24182"}],"version-history":[{"count":3,"href":"https:\/\/mont-roig.cat\/es\/wp-json\/wp\/v2\/posts\/24182\/revisions"}],"predecessor-version":[{"id":24185,"href":"https:\/\/mont-roig.cat\/es\/wp-json\/wp\/v2\/posts\/24182\/revisions\/24185"}],"wp:featuredmedia":[{"embeddable":true,"href":"https:\/\/mont-roig.cat\/es\/wp-json\/wp\/v2\/media\/24176"}],"wp:attachment":[{"href":"https:\/\/mont-roig.cat\/es\/wp-json\/wp\/v2\/media?parent=24182"}],"wp:term":[{"taxonomy":"category","embeddable":true,"href":"https:\/\/mont-roig.cat\/es\/wp-json\/wp\/v2\/categories?post=24182"},{"taxonomy":"post_tag","embeddable":true,"href":"https:\/\/mont-roig.cat\/es\/wp-json\/wp\/v2\/tags?post=24182"}],"curies":[{"name":"wp","href":"https:\/\/api.w.org\/{rel}","templated":true}]}}