{"id":24265,"date":"2018-01-22T12:47:35","date_gmt":"2018-01-22T11:47:35","guid":{"rendered":"http:\/\/mont-roig.cat\/?p=24265"},"modified":"2018-01-22T14:59:32","modified_gmt":"2018-01-22T13:59:32","slug":"aula-musica-baptista-nogues-estrena-nuevo-piano-cola","status":"publish","type":"post","link":"https:\/\/mont-roig.cat\/es\/actualitat\/noticies\/aula-musica-baptista-nogues-estrena-nuevo-piano-cola\/","title":{"rendered":"El Aula de M\u00fasica Baptista Nogu\u00e9s estrena un nuevo piano de cola"},"content":{"rendered":"<div id=\"attachment_24259\" style=\"width: 310px\" class=\"wp-caption alignright\"><img loading=\"lazy\" decoding=\"async\" aria-describedby=\"caption-attachment-24259\" class=\"wp-image-24259\" style=\"font-family: Georgia, 'Times New Roman', 'Bitstream Charter', Times, serif;\" src=\"http:\/\/mont-roig.cat\/wp-content\/uploads\/Nou-piano-Aula-M\u00fasica-500x375.jpg\" alt=\"\" width=\"300\" height=\"225\" srcset=\"https:\/\/mont-roig.cat\/wp-content\/uploads\/Nou-piano-Aula-M\u00fasica-500x375.jpg 500w, https:\/\/mont-roig.cat\/wp-content\/uploads\/Nou-piano-Aula-M\u00fasica-768x576.jpg 768w, https:\/\/mont-roig.cat\/wp-content\/uploads\/Nou-piano-Aula-M\u00fasica-1024x768.jpg 1024w, https:\/\/mont-roig.cat\/wp-content\/uploads\/Nou-piano-Aula-M\u00fasica-463x348.jpg 463w, https:\/\/mont-roig.cat\/wp-content\/uploads\/Nou-piano-Aula-M\u00fasica.jpg 1920w\" sizes=\"auto, (max-width: 300px) 100vw, 300px\" \/><p id=\"caption-attachment-24259\" class=\"wp-caption-text\">La concejala de Cultura N\u00faria Esqu\u00edus y el equipo docente del Aula de M\u00fasica Baptista Nogu\u00e9s con el nuevo piano de cola<\/p><\/div>\n<p>La sala de actos del Aula de M\u00fasica de Miami Platja cuenta desde hace unas semanas con un nuevo instrumento. Se trata de un piano de cola que ha patrocinado la concejal\u00eda de Cultura del Ayuntamiento de Mont-roig del Camp y que ha sido recibido con mucha ilusi\u00f3n por parte del profesorado y alumnado del centro.<\/p>\n<p>El nuevo instrumento ser\u00e1 el gran protagonista de las actividades que se organicen en esta sala como las clases de piano, de m\u00fasica de c\u00e1mara, de conjunto instrumental, de coral, de sensibilizaci\u00f3n musical y de lenguaje musical. Adem\u00e1s de las audiciones que se realizan trimestralmente.<\/p>\n<p>Por otro lado el piano vertical que hasta ahora hab\u00eda en el Aula de Miami Platja se ha trasladado a la Sala de Exposiciones de Mont-roig, donde habitualmente se realizan las audiciones en este n\u00facleo.<\/p>\n<p>El n\u00famero total de alumnado de piano en el Aula de M\u00fasica Baptista Nogu\u00e9s es de 23 alumnos.<\/p>\n","protected":false},"excerpt":{"rendered":"<p>La sala de actos del Aula de M\u00fasica de Miami Platja cuenta desde hace unas semanas con un nuevo instrumento. Se trata de un piano de cola que ha patrocinado la concejal\u00eda de Cultura del Ayuntamiento de Mont-roig del Camp y que ha sido recibido con mucha ilusi\u00f3n por parte del profesorado y alumnado del [&hellip;]<\/p>\n","protected":false},"author":4,"featured_media":24259,"comment_status":"closed","ping_status":"closed","sticky":false,"template":"","format":"standard","meta":{"inline_featured_image":false,"_monsterinsights_skip_tracking":false,"_monsterinsights_sitenote_active":false,"_monsterinsights_sitenote_note":"","_monsterinsights_sitenote_category":0,"footnotes":""},"categories":[101],"tags":[],"class_list":["post-24265","post","type-post","status-publish","format-standard","has-post-thumbnail","hentry","category-cultura-es"],"yoast_head":"<!-- This site is optimized with the Yoast SEO plugin v27.4 - https:\/\/yoast.com\/product\/yoast-seo-wordpress\/ -->\n<title>El Aula de M\u00fasica Baptista Nogu\u00e9s estrena un nuevo piano de cola - Ajuntament de Mont-roig del Camp<\/title>\n<meta name=\"robots\" content=\"index, follow, max-snippet:-1, max-image-preview:large, max-video-preview:-1\" \/>\n<link rel=\"canonical\" href=\"https:\/\/mont-roig.cat\/es\/actualitat\/noticies\/aula-musica-baptista-nogues-estrena-nuevo-piano-cola\/\" \/>\n<meta property=\"og:locale\" content=\"es_ES\" \/>\n<meta property=\"og:type\" content=\"article\" \/>\n<meta property=\"og:title\" content=\"El Aula de M\u00fasica Baptista Nogu\u00e9s estrena un nuevo piano de cola - Ajuntament de Mont-roig del Camp\" \/>\n<meta property=\"og:description\" content=\"La sala de actos del Aula de M\u00fasica de Miami Platja cuenta desde hace unas semanas con un nuevo instrumento. Se trata de un piano de cola que ha patrocinado la concejal\u00eda de Cultura del Ayuntamiento de Mont-roig del Camp y que ha sido recibido con mucha ilusi\u00f3n por parte del profesorado y alumnado del [&hellip;]\" \/>\n<meta property=\"og:url\" content=\"https:\/\/mont-roig.cat\/es\/actualitat\/noticies\/aula-musica-baptista-nogues-estrena-nuevo-piano-cola\/\" \/>\n<meta property=\"og:site_name\" content=\"Ajuntament de Mont-roig del Camp\" \/>\n<meta property=\"article:published_time\" content=\"2018-01-22T11:47:35+00:00\" \/>\n<meta property=\"article:modified_time\" content=\"2018-01-22T13:59:32+00:00\" \/>\n<meta property=\"og:image\" content=\"https:\/\/mont-roig.cat\/wp-content\/uploads\/Nou-piano-Aula-M\u00fasica.jpg\" \/>\n\t<meta property=\"og:image:width\" content=\"1920\" \/>\n\t<meta property=\"og:image:height\" content=\"1440\" \/>\n\t<meta property=\"og:image:type\" content=\"image\/jpeg\" \/>\n<meta name=\"author\" content=\"administrador\" \/>\n<meta name=\"twitter:card\" content=\"summary_large_image\" \/>\n<meta name=\"twitter:label1\" content=\"Escrito por\" \/>\n\t<meta name=\"twitter:data1\" content=\"administrador\" \/>\n\t<meta name=\"twitter:label2\" content=\"Tiempo de lectura\" \/>\n\t<meta name=\"twitter:data2\" content=\"1 minuto\" \/>\n<script type=\"application\/ld+json\" class=\"yoast-schema-graph\">{\"@context\":\"https:\\\/\\\/schema.org\",\"@graph\":[{\"@type\":\"Article\",\"@id\":\"https:\\\/\\\/mont-roig.cat\\\/es\\\/actualitat\\\/noticies\\\/aula-musica-baptista-nogues-estrena-nuevo-piano-cola\\\/#article\",\"isPartOf\":{\"@id\":\"https:\\\/\\\/mont-roig.cat\\\/es\\\/actualitat\\\/noticies\\\/aula-musica-baptista-nogues-estrena-nuevo-piano-cola\\\/\"},\"author\":{\"name\":\"administrador\",\"@id\":\"https:\\\/\\\/mont-roig.cat\\\/es\\\/#\\\/schema\\\/person\\\/f2b111789f22b7d0c3bd6786c9128cba\"},\"headline\":\"El Aula de M\u00fasica Baptista Nogu\u00e9s estrena un nuevo piano de cola\",\"datePublished\":\"2018-01-22T11:47:35+00:00\",\"dateModified\":\"2018-01-22T13:59:32+00:00\",\"mainEntityOfPage\":{\"@id\":\"https:\\\/\\\/mont-roig.cat\\\/es\\\/actualitat\\\/noticies\\\/aula-musica-baptista-nogues-estrena-nuevo-piano-cola\\\/\"},\"wordCount\":212,\"image\":{\"@id\":\"https:\\\/\\\/mont-roig.cat\\\/es\\\/actualitat\\\/noticies\\\/aula-musica-baptista-nogues-estrena-nuevo-piano-cola\\\/#primaryimage\"},\"thumbnailUrl\":\"https:\\\/\\\/mont-roig.cat\\\/wp-content\\\/uploads\\\/Nou-piano-Aula-M\u00fasica.jpg\",\"articleSection\":[\"Cultura\"],\"inLanguage\":\"es\"},{\"@type\":\"WebPage\",\"@id\":\"https:\\\/\\\/mont-roig.cat\\\/es\\\/actualitat\\\/noticies\\\/aula-musica-baptista-nogues-estrena-nuevo-piano-cola\\\/\",\"url\":\"https:\\\/\\\/mont-roig.cat\\\/es\\\/actualitat\\\/noticies\\\/aula-musica-baptista-nogues-estrena-nuevo-piano-cola\\\/\",\"name\":\"El Aula de M\u00fasica Baptista Nogu\u00e9s estrena un nuevo piano de cola - Ajuntament de Mont-roig del Camp\",\"isPartOf\":{\"@id\":\"https:\\\/\\\/mont-roig.cat\\\/es\\\/#website\"},\"primaryImageOfPage\":{\"@id\":\"https:\\\/\\\/mont-roig.cat\\\/es\\\/actualitat\\\/noticies\\\/aula-musica-baptista-nogues-estrena-nuevo-piano-cola\\\/#primaryimage\"},\"image\":{\"@id\":\"https:\\\/\\\/mont-roig.cat\\\/es\\\/actualitat\\\/noticies\\\/aula-musica-baptista-nogues-estrena-nuevo-piano-cola\\\/#primaryimage\"},\"thumbnailUrl\":\"https:\\\/\\\/mont-roig.cat\\\/wp-content\\\/uploads\\\/Nou-piano-Aula-M\u00fasica.jpg\",\"datePublished\":\"2018-01-22T11:47:35+00:00\",\"dateModified\":\"2018-01-22T13:59:32+00:00\",\"author\":{\"@id\":\"https:\\\/\\\/mont-roig.cat\\\/es\\\/#\\\/schema\\\/person\\\/f2b111789f22b7d0c3bd6786c9128cba\"},\"breadcrumb\":{\"@id\":\"https:\\\/\\\/mont-roig.cat\\\/es\\\/actualitat\\\/noticies\\\/aula-musica-baptista-nogues-estrena-nuevo-piano-cola\\\/#breadcrumb\"},\"inLanguage\":\"es\",\"potentialAction\":[{\"@type\":\"ReadAction\",\"target\":[\"https:\\\/\\\/mont-roig.cat\\\/es\\\/actualitat\\\/noticies\\\/aula-musica-baptista-nogues-estrena-nuevo-piano-cola\\\/\"]}]},{\"@type\":\"ImageObject\",\"inLanguage\":\"es\",\"@id\":\"https:\\\/\\\/mont-roig.cat\\\/es\\\/actualitat\\\/noticies\\\/aula-musica-baptista-nogues-estrena-nuevo-piano-cola\\\/#primaryimage\",\"url\":\"https:\\\/\\\/mont-roig.cat\\\/wp-content\\\/uploads\\\/Nou-piano-Aula-M\u00fasica.jpg\",\"contentUrl\":\"https:\\\/\\\/mont-roig.cat\\\/wp-content\\\/uploads\\\/Nou-piano-Aula-M\u00fasica.jpg\",\"width\":1920,\"height\":1440},{\"@type\":\"BreadcrumbList\",\"@id\":\"https:\\\/\\\/mont-roig.cat\\\/es\\\/actualitat\\\/noticies\\\/aula-musica-baptista-nogues-estrena-nuevo-piano-cola\\\/#breadcrumb\",\"itemListElement\":[{\"@type\":\"ListItem\",\"position\":1,\"name\":\"Inici\",\"item\":\"https:\\\/\\\/mont-roig.cat\\\/es\\\/pagina-de-inicio\\\/\"},{\"@type\":\"ListItem\",\"position\":2,\"name\":\"El Aula de M\u00fasica Baptista Nogu\u00e9s estrena un nuevo piano de cola\"}]},{\"@type\":\"WebSite\",\"@id\":\"https:\\\/\\\/mont-roig.cat\\\/es\\\/#website\",\"url\":\"https:\\\/\\\/mont-roig.cat\\\/es\\\/\",\"name\":\"Ajuntament de Mont-roig del Camp\",\"description\":\"Tota la informaci\u00f3 sobre la instituci\u00f3, els seus \u00f2rgans de govern, actualitat, serveis i molt m\u00e9s.\",\"potentialAction\":[{\"@type\":\"SearchAction\",\"target\":{\"@type\":\"EntryPoint\",\"urlTemplate\":\"https:\\\/\\\/mont-roig.cat\\\/es\\\/?s={search_term_string}\"},\"query-input\":{\"@type\":\"PropertyValueSpecification\",\"valueRequired\":true,\"valueName\":\"search_term_string\"}}],\"inLanguage\":\"es\"},{\"@type\":\"Person\",\"@id\":\"https:\\\/\\\/mont-roig.cat\\\/es\\\/#\\\/schema\\\/person\\\/f2b111789f22b7d0c3bd6786c9128cba\",\"name\":\"administrador\",\"image\":{\"@type\":\"ImageObject\",\"inLanguage\":\"es\",\"@id\":\"https:\\\/\\\/secure.gravatar.com\\\/avatar\\\/9137aac6891e2595c9d3036fd83bcb653b4db3c946db4c7d9b9be193c3c944bb?s=96&d=mm&r=g\",\"url\":\"https:\\\/\\\/secure.gravatar.com\\\/avatar\\\/9137aac6891e2595c9d3036fd83bcb653b4db3c946db4c7d9b9be193c3c944bb?s=96&d=mm&r=g\",\"contentUrl\":\"https:\\\/\\\/secure.gravatar.com\\\/avatar\\\/9137aac6891e2595c9d3036fd83bcb653b4db3c946db4c7d9b9be193c3c944bb?s=96&d=mm&r=g\",\"caption\":\"administrador\"},\"url\":\"https:\\\/\\\/mont-roig.cat\\\/es\\\/actualitat\\\/noticies\\\/author\\\/administrador\\\/\"}]}<\/script>\n<!-- \/ Yoast SEO plugin. -->","yoast_head_json":{"title":"El Aula de M\u00fasica Baptista Nogu\u00e9s estrena un nuevo piano de cola - Ajuntament de Mont-roig del Camp","robots":{"index":"index","follow":"follow","max-snippet":"max-snippet:-1","max-image-preview":"max-image-preview:large","max-video-preview":"max-video-preview:-1"},"canonical":"https:\/\/mont-roig.cat\/es\/actualitat\/noticies\/aula-musica-baptista-nogues-estrena-nuevo-piano-cola\/","og_locale":"es_ES","og_type":"article","og_title":"El Aula de M\u00fasica Baptista Nogu\u00e9s estrena un nuevo piano de cola - Ajuntament de Mont-roig del Camp","og_description":"La sala de actos del Aula de M\u00fasica de Miami Platja cuenta desde hace unas semanas con un nuevo instrumento. Se trata de un piano de cola que ha patrocinado la concejal\u00eda de Cultura del Ayuntamiento de Mont-roig del Camp y que ha sido recibido con mucha ilusi\u00f3n por parte del profesorado y alumnado del [&hellip;]","og_url":"https:\/\/mont-roig.cat\/es\/actualitat\/noticies\/aula-musica-baptista-nogues-estrena-nuevo-piano-cola\/","og_site_name":"Ajuntament de Mont-roig del Camp","article_published_time":"2018-01-22T11:47:35+00:00","article_modified_time":"2018-01-22T13:59:32+00:00","og_image":[{"width":1920,"height":1440,"url":"https:\/\/mont-roig.cat\/wp-content\/uploads\/Nou-piano-Aula-M\u00fasica.jpg","type":"image\/jpeg"}],"author":"administrador","twitter_card":"summary_large_image","twitter_misc":{"Escrito por":"administrador","Tiempo de lectura":"1 minuto"},"schema":{"@context":"https:\/\/schema.org","@graph":[{"@type":"Article","@id":"https:\/\/mont-roig.cat\/es\/actualitat\/noticies\/aula-musica-baptista-nogues-estrena-nuevo-piano-cola\/#article","isPartOf":{"@id":"https:\/\/mont-roig.cat\/es\/actualitat\/noticies\/aula-musica-baptista-nogues-estrena-nuevo-piano-cola\/"},"author":{"name":"administrador","@id":"https:\/\/mont-roig.cat\/es\/#\/schema\/person\/f2b111789f22b7d0c3bd6786c9128cba"},"headline":"El Aula de M\u00fasica Baptista Nogu\u00e9s estrena un nuevo piano de cola","datePublished":"2018-01-22T11:47:35+00:00","dateModified":"2018-01-22T13:59:32+00:00","mainEntityOfPage":{"@id":"https:\/\/mont-roig.cat\/es\/actualitat\/noticies\/aula-musica-baptista-nogues-estrena-nuevo-piano-cola\/"},"wordCount":212,"image":{"@id":"https:\/\/mont-roig.cat\/es\/actualitat\/noticies\/aula-musica-baptista-nogues-estrena-nuevo-piano-cola\/#primaryimage"},"thumbnailUrl":"https:\/\/mont-roig.cat\/wp-content\/uploads\/Nou-piano-Aula-M\u00fasica.jpg","articleSection":["Cultura"],"inLanguage":"es"},{"@type":"WebPage","@id":"https:\/\/mont-roig.cat\/es\/actualitat\/noticies\/aula-musica-baptista-nogues-estrena-nuevo-piano-cola\/","url":"https:\/\/mont-roig.cat\/es\/actualitat\/noticies\/aula-musica-baptista-nogues-estrena-nuevo-piano-cola\/","name":"El Aula de M\u00fasica Baptista Nogu\u00e9s estrena un nuevo piano de cola - Ajuntament de Mont-roig del Camp","isPartOf":{"@id":"https:\/\/mont-roig.cat\/es\/#website"},"primaryImageOfPage":{"@id":"https:\/\/mont-roig.cat\/es\/actualitat\/noticies\/aula-musica-baptista-nogues-estrena-nuevo-piano-cola\/#primaryimage"},"image":{"@id":"https:\/\/mont-roig.cat\/es\/actualitat\/noticies\/aula-musica-baptista-nogues-estrena-nuevo-piano-cola\/#primaryimage"},"thumbnailUrl":"https:\/\/mont-roig.cat\/wp-content\/uploads\/Nou-piano-Aula-M\u00fasica.jpg","datePublished":"2018-01-22T11:47:35+00:00","dateModified":"2018-01-22T13:59:32+00:00","author":{"@id":"https:\/\/mont-roig.cat\/es\/#\/schema\/person\/f2b111789f22b7d0c3bd6786c9128cba"},"breadcrumb":{"@id":"https:\/\/mont-roig.cat\/es\/actualitat\/noticies\/aula-musica-baptista-nogues-estrena-nuevo-piano-cola\/#breadcrumb"},"inLanguage":"es","potentialAction":[{"@type":"ReadAction","target":["https:\/\/mont-roig.cat\/es\/actualitat\/noticies\/aula-musica-baptista-nogues-estrena-nuevo-piano-cola\/"]}]},{"@type":"ImageObject","inLanguage":"es","@id":"https:\/\/mont-roig.cat\/es\/actualitat\/noticies\/aula-musica-baptista-nogues-estrena-nuevo-piano-cola\/#primaryimage","url":"https:\/\/mont-roig.cat\/wp-content\/uploads\/Nou-piano-Aula-M\u00fasica.jpg","contentUrl":"https:\/\/mont-roig.cat\/wp-content\/uploads\/Nou-piano-Aula-M\u00fasica.jpg","width":1920,"height":1440},{"@type":"BreadcrumbList","@id":"https:\/\/mont-roig.cat\/es\/actualitat\/noticies\/aula-musica-baptista-nogues-estrena-nuevo-piano-cola\/#breadcrumb","itemListElement":[{"@type":"ListItem","position":1,"name":"Inici","item":"https:\/\/mont-roig.cat\/es\/pagina-de-inicio\/"},{"@type":"ListItem","position":2,"name":"El Aula de M\u00fasica Baptista Nogu\u00e9s estrena un nuevo piano de cola"}]},{"@type":"WebSite","@id":"https:\/\/mont-roig.cat\/es\/#website","url":"https:\/\/mont-roig.cat\/es\/","name":"Ajuntament de Mont-roig del Camp","description":"Tota la informaci\u00f3 sobre la instituci\u00f3, els seus \u00f2rgans de govern, actualitat, serveis i molt m\u00e9s.","potentialAction":[{"@type":"SearchAction","target":{"@type":"EntryPoint","urlTemplate":"https:\/\/mont-roig.cat\/es\/?s={search_term_string}"},"query-input":{"@type":"PropertyValueSpecification","valueRequired":true,"valueName":"search_term_string"}}],"inLanguage":"es"},{"@type":"Person","@id":"https:\/\/mont-roig.cat\/es\/#\/schema\/person\/f2b111789f22b7d0c3bd6786c9128cba","name":"administrador","image":{"@type":"ImageObject","inLanguage":"es","@id":"https:\/\/secure.gravatar.com\/avatar\/9137aac6891e2595c9d3036fd83bcb653b4db3c946db4c7d9b9be193c3c944bb?s=96&d=mm&r=g","url":"https:\/\/secure.gravatar.com\/avatar\/9137aac6891e2595c9d3036fd83bcb653b4db3c946db4c7d9b9be193c3c944bb?s=96&d=mm&r=g","contentUrl":"https:\/\/secure.gravatar.com\/avatar\/9137aac6891e2595c9d3036fd83bcb653b4db3c946db4c7d9b9be193c3c944bb?s=96&d=mm&r=g","caption":"administrador"},"url":"https:\/\/mont-roig.cat\/es\/actualitat\/noticies\/author\/administrador\/"}]}},"_links":{"self":[{"href":"https:\/\/mont-roig.cat\/es\/wp-json\/wp\/v2\/posts\/24265","targetHints":{"allow":["GET"]}}],"collection":[{"href":"https:\/\/mont-roig.cat\/es\/wp-json\/wp\/v2\/posts"}],"about":[{"href":"https:\/\/mont-roig.cat\/es\/wp-json\/wp\/v2\/types\/post"}],"author":[{"embeddable":true,"href":"https:\/\/mont-roig.cat\/es\/wp-json\/wp\/v2\/users\/4"}],"replies":[{"embeddable":true,"href":"https:\/\/mont-roig.cat\/es\/wp-json\/wp\/v2\/comments?post=24265"}],"version-history":[{"count":3,"href":"https:\/\/mont-roig.cat\/es\/wp-json\/wp\/v2\/posts\/24265\/revisions"}],"predecessor-version":[{"id":24281,"href":"https:\/\/mont-roig.cat\/es\/wp-json\/wp\/v2\/posts\/24265\/revisions\/24281"}],"wp:featuredmedia":[{"embeddable":true,"href":"https:\/\/mont-roig.cat\/es\/wp-json\/wp\/v2\/media\/24259"}],"wp:attachment":[{"href":"https:\/\/mont-roig.cat\/es\/wp-json\/wp\/v2\/media?parent=24265"}],"wp:term":[{"taxonomy":"category","embeddable":true,"href":"https:\/\/mont-roig.cat\/es\/wp-json\/wp\/v2\/categories?post=24265"},{"taxonomy":"post_tag","embeddable":true,"href":"https:\/\/mont-roig.cat\/es\/wp-json\/wp\/v2\/tags?post=24265"}],"curies":[{"name":"wp","href":"https:\/\/api.w.org\/{rel}","templated":true}]}}