{"id":25166,"date":"2018-02-14T12:51:14","date_gmt":"2018-02-14T11:51:14","guid":{"rendered":"http:\/\/mont-roig.cat\/?p=25166"},"modified":"2018-02-14T14:14:39","modified_gmt":"2018-02-14T13:14:39","slug":"mont-roig-camp-se-convierte-municipio-cardioprotegido","status":"publish","type":"post","link":"https:\/\/mont-roig.cat\/es\/actualitat\/noticies\/mont-roig-camp-se-convierte-municipio-cardioprotegido\/","title":{"rendered":"Mont-roig del Camp se convierte en un municipio cardioprotegido"},"content":{"rendered":"<ul>\n<li><strong>Se ampl\u00eda hasta 13 el n\u00famero de desfibriladores que se ubican en puntos estrat\u00e9gicos del municipio. <\/strong><\/li>\n<li><strong>Los clubes y entidades locales pueden solicitar un DEA m\u00f3vil cuando realicen actividades fuera del t\u00e9rmino municipal<\/strong><\/li>\n<\/ul>\n<div id=\"attachment_24948\" style=\"width: 310px\" class=\"wp-caption alignright\"><a href=\"http:\/\/mont-roig.cat\/wp-content\/uploads\/Desfibril\u00b7ladors-4.jpg\"><img loading=\"lazy\" decoding=\"async\" aria-describedby=\"caption-attachment-24948\" class=\"wp-image-24948\" src=\"http:\/\/mont-roig.cat\/wp-content\/uploads\/Desfibril\u00b7ladors-4.jpg\" alt=\"\" width=\"300\" height=\"225\" srcset=\"https:\/\/mont-roig.cat\/wp-content\/uploads\/Desfibril\u00b7ladors-4.jpg 1920w, https:\/\/mont-roig.cat\/wp-content\/uploads\/Desfibril\u00b7ladors-4-500x375.jpg 500w, https:\/\/mont-roig.cat\/wp-content\/uploads\/Desfibril\u00b7ladors-4-768x576.jpg 768w, https:\/\/mont-roig.cat\/wp-content\/uploads\/Desfibril\u00b7ladors-4-1024x768.jpg 1024w, https:\/\/mont-roig.cat\/wp-content\/uploads\/Desfibril\u00b7ladors-4-463x348.jpg 463w\" sizes=\"auto, (max-width: 300px) 100vw, 300px\" \/><\/a><p id=\"caption-attachment-24948\" class=\"wp-caption-text\">Desfibrilador ubicado en Calle S\u00f2ria, 14<\/p><\/div>\n<p id=\"tw-target-text\" class=\"tw-data-text tw-ta tw-text-small\" dir=\"ltr\" data-placeholder=\"Traducci\u00f3n\"><span lang=\"es\">El departamento de Salud P\u00fablica del Ayuntamiento de Mont-roig del Camp ha ampliado hasta 13 el n\u00famero de desfibriladores para dar asistencia a los vecinos y vecinas que puedan sufrir una posible parada cardiorespiratoria.<\/span><\/p>\n<p>Estos desfibriladores se han instalado en lugares c\u00e9ntricos y con afluencia de poblaci\u00f3n, de pr\u00e1ctica deportiva o espacios donde frecuentan personas con riesgo de sufrir paradas cardiorespiratorias. Estos se han ubicado en los n\u00facleos de Mont-roig, Miami Platja y dos urbanizaciones. La previsi\u00f3n para este 2018 es continuar implantando otros en el resto de urbanizaciones.<\/p>\n<p id=\"tw-target-text\" class=\"tw-data-text tw-ta tw-text-small\" dir=\"ltr\" data-placeholder=\"Traducci\u00f3n\"><span lang=\"es\">Por otra parte, el Ayuntamiento ha cedido dos aparatos en el Centro de Atenci\u00f3n Primaria de Mont-roig y la Polic\u00eda Local para que los puedan llevar a las unidades m\u00f3viles. Adem\u00e1s, hay otro en las dependencias del Ayuntamiento que est\u00e1 a disposici\u00f3n de las entidades sociales, culturales o clubes deportivos. Estas pueden solicitarlo de forma espor\u00e1dica cuando tengan que hacer desplazamientos fuera del t\u00e9rmino municipal.<\/span><\/p>\n<p>Los desfibriladores instalados por el Ayuntamiento se caracterizan por su facilidad de uso, que garantizan, a pesar de la situaci\u00f3n de estr\u00e9s del momento, que cualquier persona pueda dar esta primera asistencia tan vital.<\/p>\n<p><strong><span lang=\"es\">Sesiones formativas de forma peri\u00f3dica<\/span><\/strong><\/p>\n<p>A pesar de la facilidad de uso, desde el \u00e1rea de Sanidad y Salud P\u00fablica organizan de forma peri\u00f3dica sesiones formativas para que la poblaci\u00f3n adquiera los conocimientos y confianza necesaria para poderlos utilizar en caso de urgencia. Las personas interesadas en formarse pueden ponerse en contacto con el departamento de Salud P\u00fablica del Ayuntamiento.<\/p>\n<p>Los DEA son unos dispositivos m\u00e9dicos que identifican las arritmias que requieren desfibrilaci\u00f3n y administran una descarga el\u00e9ctrica cuando est\u00e1 indicada. Estos aparatos permiten una primera actuaci\u00f3n que, por su inmediatez, puede mejorar las posibilidades de supervivencia de las personas afectadas. Son pues, una herramienta eficaz antes de la llegada de los servicios de emergencia.<\/p>\n<p>Consulta el mapa con las <a href=\"https:\/\/mont-roig.cat\/es\/ayuntamiento\/areas\/medio-ambiente-y-la-salud-publica\/desfibriladores\/\" target=\"_blank\" rel=\"noopener\">ubicaciones de los desfibriladores<\/a> en este enlace.<\/p>\n","protected":false},"excerpt":{"rendered":"<p>Se ampl\u00eda hasta 13 el n\u00famero de desfibriladores que se ubican en puntos estrat\u00e9gicos del municipio. Los clubes y entidades locales pueden solicitar un DEA m\u00f3vil cuando realicen actividades fuera del t\u00e9rmino municipal El departamento de Salud P\u00fablica del Ayuntamiento de Mont-roig del Camp ha ampliado hasta 13 el n\u00famero de desfibriladores para dar asistencia [&hellip;]<\/p>\n","protected":false},"author":4,"featured_media":24948,"comment_status":"closed","ping_status":"closed","sticky":false,"template":"","format":"standard","meta":{"inline_featured_image":false,"_monsterinsights_skip_tracking":false,"_monsterinsights_sitenote_active":false,"_monsterinsights_sitenote_note":"","_monsterinsights_sitenote_category":0,"footnotes":""},"categories":[98,112],"tags":[],"class_list":["post-25166","post","type-post","status-publish","format-standard","has-post-thumbnail","hentry","category-ayuntamiento","category-sanidad-y-salud-publica"],"yoast_head":"<!-- This site is optimized with the Yoast SEO plugin v27.4 - https:\/\/yoast.com\/product\/yoast-seo-wordpress\/ -->\n<title>Mont-roig del Camp se convierte en un municipio cardioprotegido - Ajuntament de Mont-roig del Camp<\/title>\n<meta name=\"robots\" content=\"index, follow, max-snippet:-1, max-image-preview:large, max-video-preview:-1\" \/>\n<link rel=\"canonical\" href=\"https:\/\/mont-roig.cat\/es\/actualitat\/noticies\/mont-roig-camp-se-convierte-municipio-cardioprotegido\/\" \/>\n<meta property=\"og:locale\" content=\"es_ES\" \/>\n<meta property=\"og:type\" content=\"article\" \/>\n<meta property=\"og:title\" content=\"Mont-roig del Camp se convierte en un municipio cardioprotegido - Ajuntament de Mont-roig del Camp\" \/>\n<meta property=\"og:description\" content=\"Se ampl\u00eda hasta 13 el n\u00famero de desfibriladores que se ubican en puntos estrat\u00e9gicos del municipio. Los clubes y entidades locales pueden solicitar un DEA m\u00f3vil cuando realicen actividades fuera del t\u00e9rmino municipal El departamento de Salud P\u00fablica del Ayuntamiento de Mont-roig del Camp ha ampliado hasta 13 el n\u00famero de desfibriladores para dar asistencia [&hellip;]\" \/>\n<meta property=\"og:url\" content=\"https:\/\/mont-roig.cat\/es\/actualitat\/noticies\/mont-roig-camp-se-convierte-municipio-cardioprotegido\/\" \/>\n<meta property=\"og:site_name\" content=\"Ajuntament de Mont-roig del Camp\" \/>\n<meta property=\"article:published_time\" content=\"2018-02-14T11:51:14+00:00\" \/>\n<meta property=\"article:modified_time\" content=\"2018-02-14T13:14:39+00:00\" \/>\n<meta property=\"og:image\" content=\"https:\/\/mont-roig.cat\/wp-content\/uploads\/Desfibril\u00b7ladors-4.jpg\" \/>\n\t<meta property=\"og:image:width\" content=\"1920\" \/>\n\t<meta property=\"og:image:height\" content=\"1440\" \/>\n\t<meta property=\"og:image:type\" content=\"image\/jpeg\" \/>\n<meta name=\"author\" content=\"administrador\" \/>\n<meta name=\"twitter:card\" content=\"summary_large_image\" \/>\n<meta name=\"twitter:label1\" content=\"Escrito por\" \/>\n\t<meta name=\"twitter:data1\" content=\"administrador\" \/>\n\t<meta name=\"twitter:label2\" content=\"Tiempo de lectura\" \/>\n\t<meta name=\"twitter:data2\" content=\"2 minutos\" \/>\n<script type=\"application\/ld+json\" class=\"yoast-schema-graph\">{\"@context\":\"https:\\\/\\\/schema.org\",\"@graph\":[{\"@type\":\"Article\",\"@id\":\"https:\\\/\\\/mont-roig.cat\\\/es\\\/actualitat\\\/noticies\\\/mont-roig-camp-se-convierte-municipio-cardioprotegido\\\/#article\",\"isPartOf\":{\"@id\":\"https:\\\/\\\/mont-roig.cat\\\/es\\\/actualitat\\\/noticies\\\/mont-roig-camp-se-convierte-municipio-cardioprotegido\\\/\"},\"author\":{\"name\":\"administrador\",\"@id\":\"https:\\\/\\\/mont-roig.cat\\\/es\\\/#\\\/schema\\\/person\\\/f2b111789f22b7d0c3bd6786c9128cba\"},\"headline\":\"Mont-roig del Camp se convierte en un municipio cardioprotegido\",\"datePublished\":\"2018-02-14T11:51:14+00:00\",\"dateModified\":\"2018-02-14T13:14:39+00:00\",\"mainEntityOfPage\":{\"@id\":\"https:\\\/\\\/mont-roig.cat\\\/es\\\/actualitat\\\/noticies\\\/mont-roig-camp-se-convierte-municipio-cardioprotegido\\\/\"},\"wordCount\":397,\"image\":{\"@id\":\"https:\\\/\\\/mont-roig.cat\\\/es\\\/actualitat\\\/noticies\\\/mont-roig-camp-se-convierte-municipio-cardioprotegido\\\/#primaryimage\"},\"thumbnailUrl\":\"https:\\\/\\\/mont-roig.cat\\\/wp-content\\\/uploads\\\/Desfibril\u00b7ladors-4.jpg\",\"articleSection\":[\"Ayuntamiento\",\"Sanidad y Salud p\u00fablica\"],\"inLanguage\":\"es\"},{\"@type\":\"WebPage\",\"@id\":\"https:\\\/\\\/mont-roig.cat\\\/es\\\/actualitat\\\/noticies\\\/mont-roig-camp-se-convierte-municipio-cardioprotegido\\\/\",\"url\":\"https:\\\/\\\/mont-roig.cat\\\/es\\\/actualitat\\\/noticies\\\/mont-roig-camp-se-convierte-municipio-cardioprotegido\\\/\",\"name\":\"Mont-roig del Camp se convierte en un municipio cardioprotegido - Ajuntament de Mont-roig del Camp\",\"isPartOf\":{\"@id\":\"https:\\\/\\\/mont-roig.cat\\\/es\\\/#website\"},\"primaryImageOfPage\":{\"@id\":\"https:\\\/\\\/mont-roig.cat\\\/es\\\/actualitat\\\/noticies\\\/mont-roig-camp-se-convierte-municipio-cardioprotegido\\\/#primaryimage\"},\"image\":{\"@id\":\"https:\\\/\\\/mont-roig.cat\\\/es\\\/actualitat\\\/noticies\\\/mont-roig-camp-se-convierte-municipio-cardioprotegido\\\/#primaryimage\"},\"thumbnailUrl\":\"https:\\\/\\\/mont-roig.cat\\\/wp-content\\\/uploads\\\/Desfibril\u00b7ladors-4.jpg\",\"datePublished\":\"2018-02-14T11:51:14+00:00\",\"dateModified\":\"2018-02-14T13:14:39+00:00\",\"author\":{\"@id\":\"https:\\\/\\\/mont-roig.cat\\\/es\\\/#\\\/schema\\\/person\\\/f2b111789f22b7d0c3bd6786c9128cba\"},\"breadcrumb\":{\"@id\":\"https:\\\/\\\/mont-roig.cat\\\/es\\\/actualitat\\\/noticies\\\/mont-roig-camp-se-convierte-municipio-cardioprotegido\\\/#breadcrumb\"},\"inLanguage\":\"es\",\"potentialAction\":[{\"@type\":\"ReadAction\",\"target\":[\"https:\\\/\\\/mont-roig.cat\\\/es\\\/actualitat\\\/noticies\\\/mont-roig-camp-se-convierte-municipio-cardioprotegido\\\/\"]}]},{\"@type\":\"ImageObject\",\"inLanguage\":\"es\",\"@id\":\"https:\\\/\\\/mont-roig.cat\\\/es\\\/actualitat\\\/noticies\\\/mont-roig-camp-se-convierte-municipio-cardioprotegido\\\/#primaryimage\",\"url\":\"https:\\\/\\\/mont-roig.cat\\\/wp-content\\\/uploads\\\/Desfibril\u00b7ladors-4.jpg\",\"contentUrl\":\"https:\\\/\\\/mont-roig.cat\\\/wp-content\\\/uploads\\\/Desfibril\u00b7ladors-4.jpg\",\"width\":1920,\"height\":1440},{\"@type\":\"BreadcrumbList\",\"@id\":\"https:\\\/\\\/mont-roig.cat\\\/es\\\/actualitat\\\/noticies\\\/mont-roig-camp-se-convierte-municipio-cardioprotegido\\\/#breadcrumb\",\"itemListElement\":[{\"@type\":\"ListItem\",\"position\":1,\"name\":\"Inici\",\"item\":\"https:\\\/\\\/mont-roig.cat\\\/es\\\/pagina-de-inicio\\\/\"},{\"@type\":\"ListItem\",\"position\":2,\"name\":\"Mont-roig del Camp se convierte en un municipio cardioprotegido\"}]},{\"@type\":\"WebSite\",\"@id\":\"https:\\\/\\\/mont-roig.cat\\\/es\\\/#website\",\"url\":\"https:\\\/\\\/mont-roig.cat\\\/es\\\/\",\"name\":\"Ajuntament de Mont-roig del Camp\",\"description\":\"Tota la informaci\u00f3 sobre la instituci\u00f3, els seus \u00f2rgans de govern, actualitat, serveis i molt m\u00e9s.\",\"potentialAction\":[{\"@type\":\"SearchAction\",\"target\":{\"@type\":\"EntryPoint\",\"urlTemplate\":\"https:\\\/\\\/mont-roig.cat\\\/es\\\/?s={search_term_string}\"},\"query-input\":{\"@type\":\"PropertyValueSpecification\",\"valueRequired\":true,\"valueName\":\"search_term_string\"}}],\"inLanguage\":\"es\"},{\"@type\":\"Person\",\"@id\":\"https:\\\/\\\/mont-roig.cat\\\/es\\\/#\\\/schema\\\/person\\\/f2b111789f22b7d0c3bd6786c9128cba\",\"name\":\"administrador\",\"image\":{\"@type\":\"ImageObject\",\"inLanguage\":\"es\",\"@id\":\"https:\\\/\\\/secure.gravatar.com\\\/avatar\\\/9137aac6891e2595c9d3036fd83bcb653b4db3c946db4c7d9b9be193c3c944bb?s=96&d=mm&r=g\",\"url\":\"https:\\\/\\\/secure.gravatar.com\\\/avatar\\\/9137aac6891e2595c9d3036fd83bcb653b4db3c946db4c7d9b9be193c3c944bb?s=96&d=mm&r=g\",\"contentUrl\":\"https:\\\/\\\/secure.gravatar.com\\\/avatar\\\/9137aac6891e2595c9d3036fd83bcb653b4db3c946db4c7d9b9be193c3c944bb?s=96&d=mm&r=g\",\"caption\":\"administrador\"},\"url\":\"https:\\\/\\\/mont-roig.cat\\\/es\\\/actualitat\\\/noticies\\\/author\\\/administrador\\\/\"}]}<\/script>\n<!-- \/ Yoast SEO plugin. -->","yoast_head_json":{"title":"Mont-roig del Camp se convierte en un municipio cardioprotegido - Ajuntament de Mont-roig del Camp","robots":{"index":"index","follow":"follow","max-snippet":"max-snippet:-1","max-image-preview":"max-image-preview:large","max-video-preview":"max-video-preview:-1"},"canonical":"https:\/\/mont-roig.cat\/es\/actualitat\/noticies\/mont-roig-camp-se-convierte-municipio-cardioprotegido\/","og_locale":"es_ES","og_type":"article","og_title":"Mont-roig del Camp se convierte en un municipio cardioprotegido - Ajuntament de Mont-roig del Camp","og_description":"Se ampl\u00eda hasta 13 el n\u00famero de desfibriladores que se ubican en puntos estrat\u00e9gicos del municipio. Los clubes y entidades locales pueden solicitar un DEA m\u00f3vil cuando realicen actividades fuera del t\u00e9rmino municipal El departamento de Salud P\u00fablica del Ayuntamiento de Mont-roig del Camp ha ampliado hasta 13 el n\u00famero de desfibriladores para dar asistencia [&hellip;]","og_url":"https:\/\/mont-roig.cat\/es\/actualitat\/noticies\/mont-roig-camp-se-convierte-municipio-cardioprotegido\/","og_site_name":"Ajuntament de Mont-roig del Camp","article_published_time":"2018-02-14T11:51:14+00:00","article_modified_time":"2018-02-14T13:14:39+00:00","og_image":[{"width":1920,"height":1440,"url":"https:\/\/mont-roig.cat\/wp-content\/uploads\/Desfibril\u00b7ladors-4.jpg","type":"image\/jpeg"}],"author":"administrador","twitter_card":"summary_large_image","twitter_misc":{"Escrito por":"administrador","Tiempo de lectura":"2 minutos"},"schema":{"@context":"https:\/\/schema.org","@graph":[{"@type":"Article","@id":"https:\/\/mont-roig.cat\/es\/actualitat\/noticies\/mont-roig-camp-se-convierte-municipio-cardioprotegido\/#article","isPartOf":{"@id":"https:\/\/mont-roig.cat\/es\/actualitat\/noticies\/mont-roig-camp-se-convierte-municipio-cardioprotegido\/"},"author":{"name":"administrador","@id":"https:\/\/mont-roig.cat\/es\/#\/schema\/person\/f2b111789f22b7d0c3bd6786c9128cba"},"headline":"Mont-roig del Camp se convierte en un municipio cardioprotegido","datePublished":"2018-02-14T11:51:14+00:00","dateModified":"2018-02-14T13:14:39+00:00","mainEntityOfPage":{"@id":"https:\/\/mont-roig.cat\/es\/actualitat\/noticies\/mont-roig-camp-se-convierte-municipio-cardioprotegido\/"},"wordCount":397,"image":{"@id":"https:\/\/mont-roig.cat\/es\/actualitat\/noticies\/mont-roig-camp-se-convierte-municipio-cardioprotegido\/#primaryimage"},"thumbnailUrl":"https:\/\/mont-roig.cat\/wp-content\/uploads\/Desfibril\u00b7ladors-4.jpg","articleSection":["Ayuntamiento","Sanidad y Salud p\u00fablica"],"inLanguage":"es"},{"@type":"WebPage","@id":"https:\/\/mont-roig.cat\/es\/actualitat\/noticies\/mont-roig-camp-se-convierte-municipio-cardioprotegido\/","url":"https:\/\/mont-roig.cat\/es\/actualitat\/noticies\/mont-roig-camp-se-convierte-municipio-cardioprotegido\/","name":"Mont-roig del Camp se convierte en un municipio cardioprotegido - Ajuntament de Mont-roig del Camp","isPartOf":{"@id":"https:\/\/mont-roig.cat\/es\/#website"},"primaryImageOfPage":{"@id":"https:\/\/mont-roig.cat\/es\/actualitat\/noticies\/mont-roig-camp-se-convierte-municipio-cardioprotegido\/#primaryimage"},"image":{"@id":"https:\/\/mont-roig.cat\/es\/actualitat\/noticies\/mont-roig-camp-se-convierte-municipio-cardioprotegido\/#primaryimage"},"thumbnailUrl":"https:\/\/mont-roig.cat\/wp-content\/uploads\/Desfibril\u00b7ladors-4.jpg","datePublished":"2018-02-14T11:51:14+00:00","dateModified":"2018-02-14T13:14:39+00:00","author":{"@id":"https:\/\/mont-roig.cat\/es\/#\/schema\/person\/f2b111789f22b7d0c3bd6786c9128cba"},"breadcrumb":{"@id":"https:\/\/mont-roig.cat\/es\/actualitat\/noticies\/mont-roig-camp-se-convierte-municipio-cardioprotegido\/#breadcrumb"},"inLanguage":"es","potentialAction":[{"@type":"ReadAction","target":["https:\/\/mont-roig.cat\/es\/actualitat\/noticies\/mont-roig-camp-se-convierte-municipio-cardioprotegido\/"]}]},{"@type":"ImageObject","inLanguage":"es","@id":"https:\/\/mont-roig.cat\/es\/actualitat\/noticies\/mont-roig-camp-se-convierte-municipio-cardioprotegido\/#primaryimage","url":"https:\/\/mont-roig.cat\/wp-content\/uploads\/Desfibril\u00b7ladors-4.jpg","contentUrl":"https:\/\/mont-roig.cat\/wp-content\/uploads\/Desfibril\u00b7ladors-4.jpg","width":1920,"height":1440},{"@type":"BreadcrumbList","@id":"https:\/\/mont-roig.cat\/es\/actualitat\/noticies\/mont-roig-camp-se-convierte-municipio-cardioprotegido\/#breadcrumb","itemListElement":[{"@type":"ListItem","position":1,"name":"Inici","item":"https:\/\/mont-roig.cat\/es\/pagina-de-inicio\/"},{"@type":"ListItem","position":2,"name":"Mont-roig del Camp se convierte en un municipio cardioprotegido"}]},{"@type":"WebSite","@id":"https:\/\/mont-roig.cat\/es\/#website","url":"https:\/\/mont-roig.cat\/es\/","name":"Ajuntament de Mont-roig del Camp","description":"Tota la informaci\u00f3 sobre la instituci\u00f3, els seus \u00f2rgans de govern, actualitat, serveis i molt m\u00e9s.","potentialAction":[{"@type":"SearchAction","target":{"@type":"EntryPoint","urlTemplate":"https:\/\/mont-roig.cat\/es\/?s={search_term_string}"},"query-input":{"@type":"PropertyValueSpecification","valueRequired":true,"valueName":"search_term_string"}}],"inLanguage":"es"},{"@type":"Person","@id":"https:\/\/mont-roig.cat\/es\/#\/schema\/person\/f2b111789f22b7d0c3bd6786c9128cba","name":"administrador","image":{"@type":"ImageObject","inLanguage":"es","@id":"https:\/\/secure.gravatar.com\/avatar\/9137aac6891e2595c9d3036fd83bcb653b4db3c946db4c7d9b9be193c3c944bb?s=96&d=mm&r=g","url":"https:\/\/secure.gravatar.com\/avatar\/9137aac6891e2595c9d3036fd83bcb653b4db3c946db4c7d9b9be193c3c944bb?s=96&d=mm&r=g","contentUrl":"https:\/\/secure.gravatar.com\/avatar\/9137aac6891e2595c9d3036fd83bcb653b4db3c946db4c7d9b9be193c3c944bb?s=96&d=mm&r=g","caption":"administrador"},"url":"https:\/\/mont-roig.cat\/es\/actualitat\/noticies\/author\/administrador\/"}]}},"_links":{"self":[{"href":"https:\/\/mont-roig.cat\/es\/wp-json\/wp\/v2\/posts\/25166","targetHints":{"allow":["GET"]}}],"collection":[{"href":"https:\/\/mont-roig.cat\/es\/wp-json\/wp\/v2\/posts"}],"about":[{"href":"https:\/\/mont-roig.cat\/es\/wp-json\/wp\/v2\/types\/post"}],"author":[{"embeddable":true,"href":"https:\/\/mont-roig.cat\/es\/wp-json\/wp\/v2\/users\/4"}],"replies":[{"embeddable":true,"href":"https:\/\/mont-roig.cat\/es\/wp-json\/wp\/v2\/comments?post=25166"}],"version-history":[{"count":6,"href":"https:\/\/mont-roig.cat\/es\/wp-json\/wp\/v2\/posts\/25166\/revisions"}],"predecessor-version":[{"id":25185,"href":"https:\/\/mont-roig.cat\/es\/wp-json\/wp\/v2\/posts\/25166\/revisions\/25185"}],"wp:featuredmedia":[{"embeddable":true,"href":"https:\/\/mont-roig.cat\/es\/wp-json\/wp\/v2\/media\/24948"}],"wp:attachment":[{"href":"https:\/\/mont-roig.cat\/es\/wp-json\/wp\/v2\/media?parent=25166"}],"wp:term":[{"taxonomy":"category","embeddable":true,"href":"https:\/\/mont-roig.cat\/es\/wp-json\/wp\/v2\/categories?post=25166"},{"taxonomy":"post_tag","embeddable":true,"href":"https:\/\/mont-roig.cat\/es\/wp-json\/wp\/v2\/tags?post=25166"}],"curies":[{"name":"wp","href":"https:\/\/api.w.org\/{rel}","templated":true}]}}