{"id":25397,"date":"2018-02-23T10:27:11","date_gmt":"2018-02-23T09:27:11","guid":{"rendered":"https:\/\/mont-roig.cat\/?p=25397"},"modified":"2018-02-23T11:49:36","modified_gmt":"2018-02-23T10:49:36","slug":"alumnos-instituto-miami-ensenan-informatica-las-personas-mayores","status":"publish","type":"post","link":"https:\/\/mont-roig.cat\/es\/actualitat\/noticies\/alumnos-instituto-miami-ensenan-informatica-las-personas-mayores\/","title":{"rendered":"Alumnos del Instituto Miami ense\u00f1an inform\u00e1tica a las personas mayores"},"content":{"rendered":"<div id=\"attachment_25392\" style=\"width: 310px\" class=\"wp-caption alignright\"><a href=\"https:\/\/mont-roig.cat\/wp-content\/uploads\/Classes-inform\u00e0tica-institut-Miami-a-Casal-d\u2019Avis-12.jpg\"><img loading=\"lazy\" decoding=\"async\" aria-describedby=\"caption-attachment-25392\" class=\"wp-image-25392\" src=\"https:\/\/mont-roig.cat\/wp-content\/uploads\/Classes-inform\u00e0tica-institut-Miami-a-Casal-d\u2019Avis-12.jpg\" alt=\"\" width=\"300\" height=\"225\" srcset=\"https:\/\/mont-roig.cat\/wp-content\/uploads\/Classes-inform\u00e0tica-institut-Miami-a-Casal-d\u2019Avis-12.jpg 1228w, https:\/\/mont-roig.cat\/wp-content\/uploads\/Classes-inform\u00e0tica-institut-Miami-a-Casal-d\u2019Avis-12-500x375.jpg 500w, https:\/\/mont-roig.cat\/wp-content\/uploads\/Classes-inform\u00e0tica-institut-Miami-a-Casal-d\u2019Avis-12-768x576.jpg 768w, https:\/\/mont-roig.cat\/wp-content\/uploads\/Classes-inform\u00e0tica-institut-Miami-a-Casal-d\u2019Avis-12-1024x768.jpg 1024w, https:\/\/mont-roig.cat\/wp-content\/uploads\/Classes-inform\u00e0tica-institut-Miami-a-Casal-d\u2019Avis-12-463x348.jpg 463w\" sizes=\"auto, (max-width: 300px) 100vw, 300px\" \/><\/a><p id=\"caption-attachment-25392\" class=\"wp-caption-text\">Las clases se realizan en el Aula de inform\u00e1tica del Casal Sant Jaume<\/p><\/div>\n<p>El Ayuntamiento de Mont-roig del Camp, a trav\u00e9s del departamento de Servicios Sociales, ha apoyado la iniciativa del Instituto Miami de ofrecer clases de inform\u00e1tica a los usuarios del Casal d&#8217;Avis Sant Jaume de Miami Platja.<\/p>\n<p>Se trata de un taller de inform\u00e1tica para personas mayores impartido por los alumnos de 1\u00ba de ESO en las instalaciones del Casal. La propuesta tiene m\u00faltiples objetivos, uno de los cuales es aprovechar las habilidades y conocimientos de los j\u00f3venes estudiantes sobre nuevas tecnolog\u00edas para disminuir las dificultades con las que se encuentran las personas mayores a la hora de utilizarlas.<\/p>\n<div id=\"tw-target-text-container\" class=\"tw-ta-container tw-nfl\">\n<p id=\"tw-target-text\" class=\"tw-data-text tw-ta tw-text-small\" dir=\"ltr\" data-placeholder=\"Traducci\u00f3n\"><span lang=\"es\">La propuesta de trabajo comunitario se ha iniciado esta semana y est\u00e1 previsto que se alargue hasta finales del mes de mayo con un total de 15 sesiones de una hora semanal.<\/span><\/p>\n<p dir=\"ltr\" data-placeholder=\"Traducci\u00f3n\">El taller est\u00e1 enmarcado dentro del Proyecto de Servicio a la Comunidad, el cual se inicia en el Instituto de Miami de manera transversal a primero de la ESO para sensibilizar alumnos y familias, desde el principio de la Secundaria, a vivir estas actividades altruistas como aprendizajes que les ense\u00f1ar\u00e1n a enriquecerse como personas y, por consiguiente, a contribuir activamente desde su lugar a generar cambios en la comunidad.<\/p>\n<p id=\"tw-target-text\" class=\"tw-data-text tw-ta tw-text-small\" dir=\"ltr\" data-placeholder=\"Traducci\u00f3n\"><span lang=\"es\">&#8220;<em>Tots som mestres i tots som aprenents<\/em>&#8220;, es el t\u00edtulo de esta propuesta que servir\u00e1 para que cada uno de los participantes aporte su bagaje, experiencia, conocimientos y al mismo tiempo crear conexiones que incrementen el sentimiento de confianza y val\u00eda personal, cada uno desde su lugar , conectando dos momentos vitales en la vida de las personas.<\/span><\/p>\n<p class=\"tw-data-text tw-ta tw-text-small\" lang=\"es\">\u00a0La iniciativa ha sido aplaudida por los abuelos y abuelas del Casal y por el Ayuntamiento que ha mostrado su entusiasmo ante una propuesta que se espera que sea beneficiosa para todas las partes.<\/p>\n\n\t\t<style type=\"text\/css\">\n\t\t\t#gallery-1 {\n\t\t\t\tmargin: auto;\n\t\t\t}\n\t\t\t#gallery-1 .gallery-item {\n\t\t\t\tfloat: left;\n\t\t\t\tmargin-top: 10px;\n\t\t\t\ttext-align: center;\n\t\t\t\twidth: 33%;\n\t\t\t}\n\t\t\t#gallery-1 img {\n\t\t\t\tborder: 2px solid #cfcfcf;\n\t\t\t}\n\t\t\t#gallery-1 .gallery-caption {\n\t\t\t\tmargin-left: 0;\n\t\t\t}\n\t\t\t\/* see gallery_shortcode() in wp-includes\/media.php *\/\n\t\t<\/style>\n\t\t<div id='gallery-1' class='gallery galleryid-25397 gallery-columns-3 gallery-size-medium'><dl class='gallery-item'>\n\t\t\t<dt class='gallery-icon landscape'>\n\t\t\t\t<a href='https:\/\/mont-roig.cat\/wp-content\/uploads\/Classes-inform\u00e0tica-institut-Miami-a-Casal-d\u2019Avis-15.jpg'><img loading=\"lazy\" decoding=\"async\" width=\"500\" height=\"375\" src=\"https:\/\/mont-roig.cat\/wp-content\/uploads\/Classes-inform\u00e0tica-institut-Miami-a-Casal-d\u2019Avis-15-500x375.jpg\" class=\"attachment-medium size-medium\" alt=\"\" srcset=\"https:\/\/mont-roig.cat\/wp-content\/uploads\/Classes-inform\u00e0tica-institut-Miami-a-Casal-d\u2019Avis-15-500x375.jpg 500w, https:\/\/mont-roig.cat\/wp-content\/uploads\/Classes-inform\u00e0tica-institut-Miami-a-Casal-d\u2019Avis-15-768x576.jpg 768w, https:\/\/mont-roig.cat\/wp-content\/uploads\/Classes-inform\u00e0tica-institut-Miami-a-Casal-d\u2019Avis-15-1024x768.jpg 1024w, https:\/\/mont-roig.cat\/wp-content\/uploads\/Classes-inform\u00e0tica-institut-Miami-a-Casal-d\u2019Avis-15-463x348.jpg 463w, https:\/\/mont-roig.cat\/wp-content\/uploads\/Classes-inform\u00e0tica-institut-Miami-a-Casal-d\u2019Avis-15.jpg 1228w\" sizes=\"auto, (max-width: 500px) 100vw, 500px\" \/><\/a>\n\t\t\t<\/dt><\/dl><dl class='gallery-item'>\n\t\t\t<dt class='gallery-icon landscape'>\n\t\t\t\t<a href='https:\/\/mont-roig.cat\/wp-content\/uploads\/Classes-inform\u00e0tica-institut-Miami-a-Casal-d\u2019Avis-13.jpg'><img loading=\"lazy\" decoding=\"async\" width=\"500\" height=\"375\" src=\"https:\/\/mont-roig.cat\/wp-content\/uploads\/Classes-inform\u00e0tica-institut-Miami-a-Casal-d\u2019Avis-13-500x375.jpg\" class=\"attachment-medium size-medium\" alt=\"\" srcset=\"https:\/\/mont-roig.cat\/wp-content\/uploads\/Classes-inform\u00e0tica-institut-Miami-a-Casal-d\u2019Avis-13-500x375.jpg 500w, https:\/\/mont-roig.cat\/wp-content\/uploads\/Classes-inform\u00e0tica-institut-Miami-a-Casal-d\u2019Avis-13-768x576.jpg 768w, https:\/\/mont-roig.cat\/wp-content\/uploads\/Classes-inform\u00e0tica-institut-Miami-a-Casal-d\u2019Avis-13-1024x768.jpg 1024w, https:\/\/mont-roig.cat\/wp-content\/uploads\/Classes-inform\u00e0tica-institut-Miami-a-Casal-d\u2019Avis-13-463x348.jpg 463w, https:\/\/mont-roig.cat\/wp-content\/uploads\/Classes-inform\u00e0tica-institut-Miami-a-Casal-d\u2019Avis-13.jpg 1228w\" sizes=\"auto, (max-width: 500px) 100vw, 500px\" \/><\/a>\n\t\t\t<\/dt><\/dl><dl class='gallery-item'>\n\t\t\t<dt class='gallery-icon landscape'>\n\t\t\t\t<a href='https:\/\/mont-roig.cat\/wp-content\/uploads\/Classes-inform\u00e0tica-institut-Miami-a-Casal-d\u2019Avis-10.jpg'><img loading=\"lazy\" decoding=\"async\" width=\"500\" height=\"375\" src=\"https:\/\/mont-roig.cat\/wp-content\/uploads\/Classes-inform\u00e0tica-institut-Miami-a-Casal-d\u2019Avis-10-500x375.jpg\" class=\"attachment-medium size-medium\" alt=\"\" srcset=\"https:\/\/mont-roig.cat\/wp-content\/uploads\/Classes-inform\u00e0tica-institut-Miami-a-Casal-d\u2019Avis-10-500x375.jpg 500w, https:\/\/mont-roig.cat\/wp-content\/uploads\/Classes-inform\u00e0tica-institut-Miami-a-Casal-d\u2019Avis-10-768x576.jpg 768w, https:\/\/mont-roig.cat\/wp-content\/uploads\/Classes-inform\u00e0tica-institut-Miami-a-Casal-d\u2019Avis-10-1024x768.jpg 1024w, https:\/\/mont-roig.cat\/wp-content\/uploads\/Classes-inform\u00e0tica-institut-Miami-a-Casal-d\u2019Avis-10-463x348.jpg 463w, https:\/\/mont-roig.cat\/wp-content\/uploads\/Classes-inform\u00e0tica-institut-Miami-a-Casal-d\u2019Avis-10.jpg 1228w\" sizes=\"auto, (max-width: 500px) 100vw, 500px\" \/><\/a>\n\t\t\t<\/dt><\/dl><br style=\"clear: both\" \/><dl class='gallery-item'>\n\t\t\t<dt class='gallery-icon landscape'>\n\t\t\t\t<a href='https:\/\/mont-roig.cat\/wp-content\/uploads\/Classes-inform\u00e0tica-institut-Miami-a-Casal-d\u2019Avis-9.jpg'><img loading=\"lazy\" decoding=\"async\" width=\"500\" height=\"375\" src=\"https:\/\/mont-roig.cat\/wp-content\/uploads\/Classes-inform\u00e0tica-institut-Miami-a-Casal-d\u2019Avis-9-500x375.jpg\" class=\"attachment-medium size-medium\" alt=\"\" srcset=\"https:\/\/mont-roig.cat\/wp-content\/uploads\/Classes-inform\u00e0tica-institut-Miami-a-Casal-d\u2019Avis-9-500x375.jpg 500w, https:\/\/mont-roig.cat\/wp-content\/uploads\/Classes-inform\u00e0tica-institut-Miami-a-Casal-d\u2019Avis-9-768x576.jpg 768w, https:\/\/mont-roig.cat\/wp-content\/uploads\/Classes-inform\u00e0tica-institut-Miami-a-Casal-d\u2019Avis-9-1024x768.jpg 1024w, https:\/\/mont-roig.cat\/wp-content\/uploads\/Classes-inform\u00e0tica-institut-Miami-a-Casal-d\u2019Avis-9-463x348.jpg 463w, https:\/\/mont-roig.cat\/wp-content\/uploads\/Classes-inform\u00e0tica-institut-Miami-a-Casal-d\u2019Avis-9.jpg 1228w\" sizes=\"auto, (max-width: 500px) 100vw, 500px\" \/><\/a>\n\t\t\t<\/dt><\/dl><dl class='gallery-item'>\n\t\t\t<dt class='gallery-icon landscape'>\n\t\t\t\t<a href='https:\/\/mont-roig.cat\/wp-content\/uploads\/Classes-inform\u00e0tica-institut-Miami-a-Casal-d\u2019Avis-8.jpg'><img loading=\"lazy\" decoding=\"async\" width=\"500\" height=\"375\" src=\"https:\/\/mont-roig.cat\/wp-content\/uploads\/Classes-inform\u00e0tica-institut-Miami-a-Casal-d\u2019Avis-8-500x375.jpg\" class=\"attachment-medium size-medium\" alt=\"\" srcset=\"https:\/\/mont-roig.cat\/wp-content\/uploads\/Classes-inform\u00e0tica-institut-Miami-a-Casal-d\u2019Avis-8-500x375.jpg 500w, https:\/\/mont-roig.cat\/wp-content\/uploads\/Classes-inform\u00e0tica-institut-Miami-a-Casal-d\u2019Avis-8-768x576.jpg 768w, https:\/\/mont-roig.cat\/wp-content\/uploads\/Classes-inform\u00e0tica-institut-Miami-a-Casal-d\u2019Avis-8-1024x768.jpg 1024w, https:\/\/mont-roig.cat\/wp-content\/uploads\/Classes-inform\u00e0tica-institut-Miami-a-Casal-d\u2019Avis-8-463x348.jpg 463w, https:\/\/mont-roig.cat\/wp-content\/uploads\/Classes-inform\u00e0tica-institut-Miami-a-Casal-d\u2019Avis-8.jpg 1228w\" sizes=\"auto, (max-width: 500px) 100vw, 500px\" \/><\/a>\n\t\t\t<\/dt><\/dl><dl class='gallery-item'>\n\t\t\t<dt class='gallery-icon landscape'>\n\t\t\t\t<a href='https:\/\/mont-roig.cat\/wp-content\/uploads\/Classes-inform\u00e0tica-institut-Miami-a-Casal-d\u2019Avis-7.jpg'><img loading=\"lazy\" decoding=\"async\" width=\"500\" height=\"375\" src=\"https:\/\/mont-roig.cat\/wp-content\/uploads\/Classes-inform\u00e0tica-institut-Miami-a-Casal-d\u2019Avis-7-500x375.jpg\" class=\"attachment-medium size-medium\" alt=\"\" srcset=\"https:\/\/mont-roig.cat\/wp-content\/uploads\/Classes-inform\u00e0tica-institut-Miami-a-Casal-d\u2019Avis-7-500x375.jpg 500w, https:\/\/mont-roig.cat\/wp-content\/uploads\/Classes-inform\u00e0tica-institut-Miami-a-Casal-d\u2019Avis-7-768x576.jpg 768w, https:\/\/mont-roig.cat\/wp-content\/uploads\/Classes-inform\u00e0tica-institut-Miami-a-Casal-d\u2019Avis-7-1024x768.jpg 1024w, https:\/\/mont-roig.cat\/wp-content\/uploads\/Classes-inform\u00e0tica-institut-Miami-a-Casal-d\u2019Avis-7-463x348.jpg 463w, https:\/\/mont-roig.cat\/wp-content\/uploads\/Classes-inform\u00e0tica-institut-Miami-a-Casal-d\u2019Avis-7.jpg 1228w\" sizes=\"auto, (max-width: 500px) 100vw, 500px\" \/><\/a>\n\t\t\t<\/dt><\/dl><br style=\"clear: both\" \/><dl class='gallery-item'>\n\t\t\t<dt class='gallery-icon landscape'>\n\t\t\t\t<a href='https:\/\/mont-roig.cat\/wp-content\/uploads\/Classes-inform\u00e0tica-institut-Miami-a-Casal-d\u2019Avis-6.jpg'><img loading=\"lazy\" decoding=\"async\" width=\"500\" height=\"375\" src=\"https:\/\/mont-roig.cat\/wp-content\/uploads\/Classes-inform\u00e0tica-institut-Miami-a-Casal-d\u2019Avis-6-500x375.jpg\" class=\"attachment-medium size-medium\" alt=\"\" srcset=\"https:\/\/mont-roig.cat\/wp-content\/uploads\/Classes-inform\u00e0tica-institut-Miami-a-Casal-d\u2019Avis-6-500x375.jpg 500w, https:\/\/mont-roig.cat\/wp-content\/uploads\/Classes-inform\u00e0tica-institut-Miami-a-Casal-d\u2019Avis-6-768x576.jpg 768w, https:\/\/mont-roig.cat\/wp-content\/uploads\/Classes-inform\u00e0tica-institut-Miami-a-Casal-d\u2019Avis-6-1024x768.jpg 1024w, https:\/\/mont-roig.cat\/wp-content\/uploads\/Classes-inform\u00e0tica-institut-Miami-a-Casal-d\u2019Avis-6-463x348.jpg 463w, https:\/\/mont-roig.cat\/wp-content\/uploads\/Classes-inform\u00e0tica-institut-Miami-a-Casal-d\u2019Avis-6.jpg 1228w\" sizes=\"auto, (max-width: 500px) 100vw, 500px\" \/><\/a>\n\t\t\t<\/dt><\/dl><dl class='gallery-item'>\n\t\t\t<dt class='gallery-icon landscape'>\n\t\t\t\t<a href='https:\/\/mont-roig.cat\/wp-content\/uploads\/Classes-inform\u00e0tica-institut-Miami-a-Casal-d\u2019Avis-5.jpg'><img loading=\"lazy\" decoding=\"async\" width=\"500\" height=\"375\" src=\"https:\/\/mont-roig.cat\/wp-content\/uploads\/Classes-inform\u00e0tica-institut-Miami-a-Casal-d\u2019Avis-5-500x375.jpg\" class=\"attachment-medium size-medium\" alt=\"\" srcset=\"https:\/\/mont-roig.cat\/wp-content\/uploads\/Classes-inform\u00e0tica-institut-Miami-a-Casal-d\u2019Avis-5-500x375.jpg 500w, https:\/\/mont-roig.cat\/wp-content\/uploads\/Classes-inform\u00e0tica-institut-Miami-a-Casal-d\u2019Avis-5-768x576.jpg 768w, https:\/\/mont-roig.cat\/wp-content\/uploads\/Classes-inform\u00e0tica-institut-Miami-a-Casal-d\u2019Avis-5-1024x768.jpg 1024w, https:\/\/mont-roig.cat\/wp-content\/uploads\/Classes-inform\u00e0tica-institut-Miami-a-Casal-d\u2019Avis-5-463x348.jpg 463w, https:\/\/mont-roig.cat\/wp-content\/uploads\/Classes-inform\u00e0tica-institut-Miami-a-Casal-d\u2019Avis-5.jpg 1228w\" sizes=\"auto, (max-width: 500px) 100vw, 500px\" \/><\/a>\n\t\t\t<\/dt><\/dl><dl class='gallery-item'>\n\t\t\t<dt class='gallery-icon landscape'>\n\t\t\t\t<a href='https:\/\/mont-roig.cat\/wp-content\/uploads\/Classes-inform\u00e0tica-institut-Miami-a-Casal-d\u2019Avis-4.jpg'><img loading=\"lazy\" decoding=\"async\" width=\"500\" height=\"375\" src=\"https:\/\/mont-roig.cat\/wp-content\/uploads\/Classes-inform\u00e0tica-institut-Miami-a-Casal-d\u2019Avis-4-500x375.jpg\" class=\"attachment-medium size-medium\" alt=\"\" srcset=\"https:\/\/mont-roig.cat\/wp-content\/uploads\/Classes-inform\u00e0tica-institut-Miami-a-Casal-d\u2019Avis-4-500x375.jpg 500w, https:\/\/mont-roig.cat\/wp-content\/uploads\/Classes-inform\u00e0tica-institut-Miami-a-Casal-d\u2019Avis-4-768x576.jpg 768w, https:\/\/mont-roig.cat\/wp-content\/uploads\/Classes-inform\u00e0tica-institut-Miami-a-Casal-d\u2019Avis-4-1024x768.jpg 1024w, https:\/\/mont-roig.cat\/wp-content\/uploads\/Classes-inform\u00e0tica-institut-Miami-a-Casal-d\u2019Avis-4-463x348.jpg 463w, https:\/\/mont-roig.cat\/wp-content\/uploads\/Classes-inform\u00e0tica-institut-Miami-a-Casal-d\u2019Avis-4.jpg 1228w\" sizes=\"auto, (max-width: 500px) 100vw, 500px\" \/><\/a>\n\t\t\t<\/dt><\/dl><br style=\"clear: both\" \/><dl class='gallery-item'>\n\t\t\t<dt class='gallery-icon landscape'>\n\t\t\t\t<a href='https:\/\/mont-roig.cat\/wp-content\/uploads\/Classes-inform\u00e0tica-institut-Miami-a-Casal-d\u2019Avis-3.jpg'><img loading=\"lazy\" decoding=\"async\" width=\"500\" height=\"375\" src=\"https:\/\/mont-roig.cat\/wp-content\/uploads\/Classes-inform\u00e0tica-institut-Miami-a-Casal-d\u2019Avis-3-500x375.jpg\" class=\"attachment-medium size-medium\" alt=\"\" srcset=\"https:\/\/mont-roig.cat\/wp-content\/uploads\/Classes-inform\u00e0tica-institut-Miami-a-Casal-d\u2019Avis-3-500x375.jpg 500w, https:\/\/mont-roig.cat\/wp-content\/uploads\/Classes-inform\u00e0tica-institut-Miami-a-Casal-d\u2019Avis-3-768x576.jpg 768w, https:\/\/mont-roig.cat\/wp-content\/uploads\/Classes-inform\u00e0tica-institut-Miami-a-Casal-d\u2019Avis-3-1024x768.jpg 1024w, https:\/\/mont-roig.cat\/wp-content\/uploads\/Classes-inform\u00e0tica-institut-Miami-a-Casal-d\u2019Avis-3-463x348.jpg 463w, https:\/\/mont-roig.cat\/wp-content\/uploads\/Classes-inform\u00e0tica-institut-Miami-a-Casal-d\u2019Avis-3.jpg 1228w\" sizes=\"auto, (max-width: 500px) 100vw, 500px\" \/><\/a>\n\t\t\t<\/dt><\/dl><dl class='gallery-item'>\n\t\t\t<dt class='gallery-icon landscape'>\n\t\t\t\t<a href='https:\/\/mont-roig.cat\/wp-content\/uploads\/Classes-inform\u00e0tica-institut-Miami-a-Casal-d\u2019Avis-2.jpg'><img loading=\"lazy\" decoding=\"async\" width=\"500\" height=\"375\" src=\"https:\/\/mont-roig.cat\/wp-content\/uploads\/Classes-inform\u00e0tica-institut-Miami-a-Casal-d\u2019Avis-2-500x375.jpg\" class=\"attachment-medium size-medium\" alt=\"\" srcset=\"https:\/\/mont-roig.cat\/wp-content\/uploads\/Classes-inform\u00e0tica-institut-Miami-a-Casal-d\u2019Avis-2-500x375.jpg 500w, https:\/\/mont-roig.cat\/wp-content\/uploads\/Classes-inform\u00e0tica-institut-Miami-a-Casal-d\u2019Avis-2-768x576.jpg 768w, https:\/\/mont-roig.cat\/wp-content\/uploads\/Classes-inform\u00e0tica-institut-Miami-a-Casal-d\u2019Avis-2-1024x768.jpg 1024w, https:\/\/mont-roig.cat\/wp-content\/uploads\/Classes-inform\u00e0tica-institut-Miami-a-Casal-d\u2019Avis-2-463x348.jpg 463w, https:\/\/mont-roig.cat\/wp-content\/uploads\/Classes-inform\u00e0tica-institut-Miami-a-Casal-d\u2019Avis-2.jpg 1228w\" sizes=\"auto, (max-width: 500px) 100vw, 500px\" \/><\/a>\n\t\t\t<\/dt><\/dl><dl class='gallery-item'>\n\t\t\t<dt class='gallery-icon landscape'>\n\t\t\t\t<a href='https:\/\/mont-roig.cat\/wp-content\/uploads\/Classes-inform\u00e0tica-institut-Miami-a-Casal-d\u2019Avis-1.jpg'><img loading=\"lazy\" decoding=\"async\" width=\"500\" height=\"375\" src=\"https:\/\/mont-roig.cat\/wp-content\/uploads\/Classes-inform\u00e0tica-institut-Miami-a-Casal-d\u2019Avis-1-500x375.jpg\" class=\"attachment-medium size-medium\" alt=\"\" srcset=\"https:\/\/mont-roig.cat\/wp-content\/uploads\/Classes-inform\u00e0tica-institut-Miami-a-Casal-d\u2019Avis-1-500x375.jpg 500w, https:\/\/mont-roig.cat\/wp-content\/uploads\/Classes-inform\u00e0tica-institut-Miami-a-Casal-d\u2019Avis-1-768x576.jpg 768w, https:\/\/mont-roig.cat\/wp-content\/uploads\/Classes-inform\u00e0tica-institut-Miami-a-Casal-d\u2019Avis-1-1024x768.jpg 1024w, https:\/\/mont-roig.cat\/wp-content\/uploads\/Classes-inform\u00e0tica-institut-Miami-a-Casal-d\u2019Avis-1-463x348.jpg 463w, https:\/\/mont-roig.cat\/wp-content\/uploads\/Classes-inform\u00e0tica-institut-Miami-a-Casal-d\u2019Avis-1.jpg 1294w\" sizes=\"auto, (max-width: 500px) 100vw, 500px\" \/><\/a>\n\t\t\t<\/dt><\/dl><br style=\"clear: both\" \/>\n\t\t<\/div>\n\n<\/div>\n","protected":false},"excerpt":{"rendered":"<p>El Ayuntamiento de Mont-roig del Camp, a trav\u00e9s del departamento de Servicios Sociales, ha apoyado la iniciativa del Instituto Miami de ofrecer clases de inform\u00e1tica a los usuarios del Casal d&#8217;Avis Sant Jaume de Miami Platja. Se trata de un taller de inform\u00e1tica para personas mayores impartido por los alumnos de 1\u00ba de ESO en [&hellip;]<\/p>\n","protected":false},"author":4,"featured_media":25392,"comment_status":"closed","ping_status":"closed","sticky":false,"template":"","format":"standard","meta":{"inline_featured_image":false,"_monsterinsights_skip_tracking":false,"_monsterinsights_sitenote_active":false,"_monsterinsights_sitenote_note":"","_monsterinsights_sitenote_category":0,"footnotes":""},"categories":[98,114],"tags":[],"class_list":["post-25397","post","type-post","status-publish","format-standard","has-post-thumbnail","hentry","category-ayuntamiento","category-servicios-sociales"],"yoast_head":"<!-- This site is optimized with the Yoast SEO plugin v27.4 - https:\/\/yoast.com\/product\/yoast-seo-wordpress\/ -->\n<title>Alumnos del Instituto Miami ense\u00f1an inform\u00e1tica a las personas mayores - Ajuntament de Mont-roig del Camp<\/title>\n<meta name=\"robots\" content=\"index, follow, max-snippet:-1, max-image-preview:large, max-video-preview:-1\" \/>\n<link rel=\"canonical\" href=\"https:\/\/mont-roig.cat\/es\/actualitat\/noticies\/alumnos-instituto-miami-ensenan-informatica-las-personas-mayores\/\" \/>\n<meta property=\"og:locale\" content=\"es_ES\" \/>\n<meta property=\"og:type\" content=\"article\" \/>\n<meta property=\"og:title\" content=\"Alumnos del Instituto Miami ense\u00f1an inform\u00e1tica a las personas mayores - Ajuntament de Mont-roig del Camp\" \/>\n<meta property=\"og:description\" content=\"El Ayuntamiento de Mont-roig del Camp, a trav\u00e9s del departamento de Servicios Sociales, ha apoyado la iniciativa del Instituto Miami de ofrecer clases de inform\u00e1tica a los usuarios del Casal d&#8217;Avis Sant Jaume de Miami Platja. Se trata de un taller de inform\u00e1tica para personas mayores impartido por los alumnos de 1\u00ba de ESO en [&hellip;]\" \/>\n<meta property=\"og:url\" content=\"https:\/\/mont-roig.cat\/es\/actualitat\/noticies\/alumnos-instituto-miami-ensenan-informatica-las-personas-mayores\/\" \/>\n<meta property=\"og:site_name\" content=\"Ajuntament de Mont-roig del Camp\" \/>\n<meta property=\"article:published_time\" content=\"2018-02-23T09:27:11+00:00\" \/>\n<meta property=\"article:modified_time\" content=\"2018-02-23T10:49:36+00:00\" \/>\n<meta property=\"og:image\" content=\"https:\/\/mont-roig.cat\/wp-content\/uploads\/Classes-inform\u00e0tica-institut-Miami-a-Casal-d\u2019Avis-12.jpg\" \/>\n\t<meta property=\"og:image:width\" content=\"1228\" \/>\n\t<meta property=\"og:image:height\" content=\"921\" \/>\n\t<meta property=\"og:image:type\" content=\"image\/jpeg\" \/>\n<meta name=\"author\" content=\"administrador\" \/>\n<meta name=\"twitter:card\" content=\"summary_large_image\" \/>\n<meta name=\"twitter:label1\" content=\"Escrito por\" \/>\n\t<meta name=\"twitter:data1\" content=\"administrador\" \/>\n\t<meta name=\"twitter:label2\" content=\"Tiempo de lectura\" \/>\n\t<meta name=\"twitter:data2\" content=\"2 minutos\" \/>\n<script type=\"application\/ld+json\" class=\"yoast-schema-graph\">{\"@context\":\"https:\\\/\\\/schema.org\",\"@graph\":[{\"@type\":\"Article\",\"@id\":\"https:\\\/\\\/mont-roig.cat\\\/es\\\/actualitat\\\/noticies\\\/alumnos-instituto-miami-ensenan-informatica-las-personas-mayores\\\/#article\",\"isPartOf\":{\"@id\":\"https:\\\/\\\/mont-roig.cat\\\/es\\\/actualitat\\\/noticies\\\/alumnos-instituto-miami-ensenan-informatica-las-personas-mayores\\\/\"},\"author\":{\"name\":\"administrador\",\"@id\":\"https:\\\/\\\/mont-roig.cat\\\/es\\\/#\\\/schema\\\/person\\\/f2b111789f22b7d0c3bd6786c9128cba\"},\"headline\":\"Alumnos del Instituto Miami ense\u00f1an inform\u00e1tica a las personas mayores\",\"datePublished\":\"2018-02-23T09:27:11+00:00\",\"dateModified\":\"2018-02-23T10:49:36+00:00\",\"mainEntityOfPage\":{\"@id\":\"https:\\\/\\\/mont-roig.cat\\\/es\\\/actualitat\\\/noticies\\\/alumnos-instituto-miami-ensenan-informatica-las-personas-mayores\\\/\"},\"wordCount\":341,\"image\":{\"@id\":\"https:\\\/\\\/mont-roig.cat\\\/es\\\/actualitat\\\/noticies\\\/alumnos-instituto-miami-ensenan-informatica-las-personas-mayores\\\/#primaryimage\"},\"thumbnailUrl\":\"https:\\\/\\\/mont-roig.cat\\\/wp-content\\\/uploads\\\/Classes-inform\u00e0tica-institut-Miami-a-Casal-d\u2019Avis-12.jpg\",\"articleSection\":[\"Ayuntamiento\",\"Servicios sociales\"],\"inLanguage\":\"es\"},{\"@type\":\"WebPage\",\"@id\":\"https:\\\/\\\/mont-roig.cat\\\/es\\\/actualitat\\\/noticies\\\/alumnos-instituto-miami-ensenan-informatica-las-personas-mayores\\\/\",\"url\":\"https:\\\/\\\/mont-roig.cat\\\/es\\\/actualitat\\\/noticies\\\/alumnos-instituto-miami-ensenan-informatica-las-personas-mayores\\\/\",\"name\":\"Alumnos del Instituto Miami ense\u00f1an inform\u00e1tica a las personas mayores - Ajuntament de Mont-roig del Camp\",\"isPartOf\":{\"@id\":\"https:\\\/\\\/mont-roig.cat\\\/es\\\/#website\"},\"primaryImageOfPage\":{\"@id\":\"https:\\\/\\\/mont-roig.cat\\\/es\\\/actualitat\\\/noticies\\\/alumnos-instituto-miami-ensenan-informatica-las-personas-mayores\\\/#primaryimage\"},\"image\":{\"@id\":\"https:\\\/\\\/mont-roig.cat\\\/es\\\/actualitat\\\/noticies\\\/alumnos-instituto-miami-ensenan-informatica-las-personas-mayores\\\/#primaryimage\"},\"thumbnailUrl\":\"https:\\\/\\\/mont-roig.cat\\\/wp-content\\\/uploads\\\/Classes-inform\u00e0tica-institut-Miami-a-Casal-d\u2019Avis-12.jpg\",\"datePublished\":\"2018-02-23T09:27:11+00:00\",\"dateModified\":\"2018-02-23T10:49:36+00:00\",\"author\":{\"@id\":\"https:\\\/\\\/mont-roig.cat\\\/es\\\/#\\\/schema\\\/person\\\/f2b111789f22b7d0c3bd6786c9128cba\"},\"breadcrumb\":{\"@id\":\"https:\\\/\\\/mont-roig.cat\\\/es\\\/actualitat\\\/noticies\\\/alumnos-instituto-miami-ensenan-informatica-las-personas-mayores\\\/#breadcrumb\"},\"inLanguage\":\"es\",\"potentialAction\":[{\"@type\":\"ReadAction\",\"target\":[\"https:\\\/\\\/mont-roig.cat\\\/es\\\/actualitat\\\/noticies\\\/alumnos-instituto-miami-ensenan-informatica-las-personas-mayores\\\/\"]}]},{\"@type\":\"ImageObject\",\"inLanguage\":\"es\",\"@id\":\"https:\\\/\\\/mont-roig.cat\\\/es\\\/actualitat\\\/noticies\\\/alumnos-instituto-miami-ensenan-informatica-las-personas-mayores\\\/#primaryimage\",\"url\":\"https:\\\/\\\/mont-roig.cat\\\/wp-content\\\/uploads\\\/Classes-inform\u00e0tica-institut-Miami-a-Casal-d\u2019Avis-12.jpg\",\"contentUrl\":\"https:\\\/\\\/mont-roig.cat\\\/wp-content\\\/uploads\\\/Classes-inform\u00e0tica-institut-Miami-a-Casal-d\u2019Avis-12.jpg\",\"width\":1228,\"height\":921},{\"@type\":\"BreadcrumbList\",\"@id\":\"https:\\\/\\\/mont-roig.cat\\\/es\\\/actualitat\\\/noticies\\\/alumnos-instituto-miami-ensenan-informatica-las-personas-mayores\\\/#breadcrumb\",\"itemListElement\":[{\"@type\":\"ListItem\",\"position\":1,\"name\":\"Inici\",\"item\":\"https:\\\/\\\/mont-roig.cat\\\/es\\\/pagina-de-inicio\\\/\"},{\"@type\":\"ListItem\",\"position\":2,\"name\":\"Alumnos del Instituto Miami ense\u00f1an inform\u00e1tica a las personas mayores\"}]},{\"@type\":\"WebSite\",\"@id\":\"https:\\\/\\\/mont-roig.cat\\\/es\\\/#website\",\"url\":\"https:\\\/\\\/mont-roig.cat\\\/es\\\/\",\"name\":\"Ajuntament de Mont-roig del Camp\",\"description\":\"Tota la informaci\u00f3 sobre la instituci\u00f3, els seus \u00f2rgans de govern, actualitat, serveis i molt m\u00e9s.\",\"potentialAction\":[{\"@type\":\"SearchAction\",\"target\":{\"@type\":\"EntryPoint\",\"urlTemplate\":\"https:\\\/\\\/mont-roig.cat\\\/es\\\/?s={search_term_string}\"},\"query-input\":{\"@type\":\"PropertyValueSpecification\",\"valueRequired\":true,\"valueName\":\"search_term_string\"}}],\"inLanguage\":\"es\"},{\"@type\":\"Person\",\"@id\":\"https:\\\/\\\/mont-roig.cat\\\/es\\\/#\\\/schema\\\/person\\\/f2b111789f22b7d0c3bd6786c9128cba\",\"name\":\"administrador\",\"image\":{\"@type\":\"ImageObject\",\"inLanguage\":\"es\",\"@id\":\"https:\\\/\\\/secure.gravatar.com\\\/avatar\\\/9137aac6891e2595c9d3036fd83bcb653b4db3c946db4c7d9b9be193c3c944bb?s=96&d=mm&r=g\",\"url\":\"https:\\\/\\\/secure.gravatar.com\\\/avatar\\\/9137aac6891e2595c9d3036fd83bcb653b4db3c946db4c7d9b9be193c3c944bb?s=96&d=mm&r=g\",\"contentUrl\":\"https:\\\/\\\/secure.gravatar.com\\\/avatar\\\/9137aac6891e2595c9d3036fd83bcb653b4db3c946db4c7d9b9be193c3c944bb?s=96&d=mm&r=g\",\"caption\":\"administrador\"},\"url\":\"https:\\\/\\\/mont-roig.cat\\\/es\\\/actualitat\\\/noticies\\\/author\\\/administrador\\\/\"}]}<\/script>\n<!-- \/ Yoast SEO plugin. -->","yoast_head_json":{"title":"Alumnos del Instituto Miami ense\u00f1an inform\u00e1tica a las personas mayores - Ajuntament de Mont-roig del Camp","robots":{"index":"index","follow":"follow","max-snippet":"max-snippet:-1","max-image-preview":"max-image-preview:large","max-video-preview":"max-video-preview:-1"},"canonical":"https:\/\/mont-roig.cat\/es\/actualitat\/noticies\/alumnos-instituto-miami-ensenan-informatica-las-personas-mayores\/","og_locale":"es_ES","og_type":"article","og_title":"Alumnos del Instituto Miami ense\u00f1an inform\u00e1tica a las personas mayores - Ajuntament de Mont-roig del Camp","og_description":"El Ayuntamiento de Mont-roig del Camp, a trav\u00e9s del departamento de Servicios Sociales, ha apoyado la iniciativa del Instituto Miami de ofrecer clases de inform\u00e1tica a los usuarios del Casal d&#8217;Avis Sant Jaume de Miami Platja. Se trata de un taller de inform\u00e1tica para personas mayores impartido por los alumnos de 1\u00ba de ESO en [&hellip;]","og_url":"https:\/\/mont-roig.cat\/es\/actualitat\/noticies\/alumnos-instituto-miami-ensenan-informatica-las-personas-mayores\/","og_site_name":"Ajuntament de Mont-roig del Camp","article_published_time":"2018-02-23T09:27:11+00:00","article_modified_time":"2018-02-23T10:49:36+00:00","og_image":[{"width":1228,"height":921,"url":"https:\/\/mont-roig.cat\/wp-content\/uploads\/Classes-inform\u00e0tica-institut-Miami-a-Casal-d\u2019Avis-12.jpg","type":"image\/jpeg"}],"author":"administrador","twitter_card":"summary_large_image","twitter_misc":{"Escrito por":"administrador","Tiempo de lectura":"2 minutos"},"schema":{"@context":"https:\/\/schema.org","@graph":[{"@type":"Article","@id":"https:\/\/mont-roig.cat\/es\/actualitat\/noticies\/alumnos-instituto-miami-ensenan-informatica-las-personas-mayores\/#article","isPartOf":{"@id":"https:\/\/mont-roig.cat\/es\/actualitat\/noticies\/alumnos-instituto-miami-ensenan-informatica-las-personas-mayores\/"},"author":{"name":"administrador","@id":"https:\/\/mont-roig.cat\/es\/#\/schema\/person\/f2b111789f22b7d0c3bd6786c9128cba"},"headline":"Alumnos del Instituto Miami ense\u00f1an inform\u00e1tica a las personas mayores","datePublished":"2018-02-23T09:27:11+00:00","dateModified":"2018-02-23T10:49:36+00:00","mainEntityOfPage":{"@id":"https:\/\/mont-roig.cat\/es\/actualitat\/noticies\/alumnos-instituto-miami-ensenan-informatica-las-personas-mayores\/"},"wordCount":341,"image":{"@id":"https:\/\/mont-roig.cat\/es\/actualitat\/noticies\/alumnos-instituto-miami-ensenan-informatica-las-personas-mayores\/#primaryimage"},"thumbnailUrl":"https:\/\/mont-roig.cat\/wp-content\/uploads\/Classes-inform\u00e0tica-institut-Miami-a-Casal-d\u2019Avis-12.jpg","articleSection":["Ayuntamiento","Servicios sociales"],"inLanguage":"es"},{"@type":"WebPage","@id":"https:\/\/mont-roig.cat\/es\/actualitat\/noticies\/alumnos-instituto-miami-ensenan-informatica-las-personas-mayores\/","url":"https:\/\/mont-roig.cat\/es\/actualitat\/noticies\/alumnos-instituto-miami-ensenan-informatica-las-personas-mayores\/","name":"Alumnos del Instituto Miami ense\u00f1an inform\u00e1tica a las personas mayores - Ajuntament de Mont-roig del Camp","isPartOf":{"@id":"https:\/\/mont-roig.cat\/es\/#website"},"primaryImageOfPage":{"@id":"https:\/\/mont-roig.cat\/es\/actualitat\/noticies\/alumnos-instituto-miami-ensenan-informatica-las-personas-mayores\/#primaryimage"},"image":{"@id":"https:\/\/mont-roig.cat\/es\/actualitat\/noticies\/alumnos-instituto-miami-ensenan-informatica-las-personas-mayores\/#primaryimage"},"thumbnailUrl":"https:\/\/mont-roig.cat\/wp-content\/uploads\/Classes-inform\u00e0tica-institut-Miami-a-Casal-d\u2019Avis-12.jpg","datePublished":"2018-02-23T09:27:11+00:00","dateModified":"2018-02-23T10:49:36+00:00","author":{"@id":"https:\/\/mont-roig.cat\/es\/#\/schema\/person\/f2b111789f22b7d0c3bd6786c9128cba"},"breadcrumb":{"@id":"https:\/\/mont-roig.cat\/es\/actualitat\/noticies\/alumnos-instituto-miami-ensenan-informatica-las-personas-mayores\/#breadcrumb"},"inLanguage":"es","potentialAction":[{"@type":"ReadAction","target":["https:\/\/mont-roig.cat\/es\/actualitat\/noticies\/alumnos-instituto-miami-ensenan-informatica-las-personas-mayores\/"]}]},{"@type":"ImageObject","inLanguage":"es","@id":"https:\/\/mont-roig.cat\/es\/actualitat\/noticies\/alumnos-instituto-miami-ensenan-informatica-las-personas-mayores\/#primaryimage","url":"https:\/\/mont-roig.cat\/wp-content\/uploads\/Classes-inform\u00e0tica-institut-Miami-a-Casal-d\u2019Avis-12.jpg","contentUrl":"https:\/\/mont-roig.cat\/wp-content\/uploads\/Classes-inform\u00e0tica-institut-Miami-a-Casal-d\u2019Avis-12.jpg","width":1228,"height":921},{"@type":"BreadcrumbList","@id":"https:\/\/mont-roig.cat\/es\/actualitat\/noticies\/alumnos-instituto-miami-ensenan-informatica-las-personas-mayores\/#breadcrumb","itemListElement":[{"@type":"ListItem","position":1,"name":"Inici","item":"https:\/\/mont-roig.cat\/es\/pagina-de-inicio\/"},{"@type":"ListItem","position":2,"name":"Alumnos del Instituto Miami ense\u00f1an inform\u00e1tica a las personas mayores"}]},{"@type":"WebSite","@id":"https:\/\/mont-roig.cat\/es\/#website","url":"https:\/\/mont-roig.cat\/es\/","name":"Ajuntament de Mont-roig del Camp","description":"Tota la informaci\u00f3 sobre la instituci\u00f3, els seus \u00f2rgans de govern, actualitat, serveis i molt m\u00e9s.","potentialAction":[{"@type":"SearchAction","target":{"@type":"EntryPoint","urlTemplate":"https:\/\/mont-roig.cat\/es\/?s={search_term_string}"},"query-input":{"@type":"PropertyValueSpecification","valueRequired":true,"valueName":"search_term_string"}}],"inLanguage":"es"},{"@type":"Person","@id":"https:\/\/mont-roig.cat\/es\/#\/schema\/person\/f2b111789f22b7d0c3bd6786c9128cba","name":"administrador","image":{"@type":"ImageObject","inLanguage":"es","@id":"https:\/\/secure.gravatar.com\/avatar\/9137aac6891e2595c9d3036fd83bcb653b4db3c946db4c7d9b9be193c3c944bb?s=96&d=mm&r=g","url":"https:\/\/secure.gravatar.com\/avatar\/9137aac6891e2595c9d3036fd83bcb653b4db3c946db4c7d9b9be193c3c944bb?s=96&d=mm&r=g","contentUrl":"https:\/\/secure.gravatar.com\/avatar\/9137aac6891e2595c9d3036fd83bcb653b4db3c946db4c7d9b9be193c3c944bb?s=96&d=mm&r=g","caption":"administrador"},"url":"https:\/\/mont-roig.cat\/es\/actualitat\/noticies\/author\/administrador\/"}]}},"_links":{"self":[{"href":"https:\/\/mont-roig.cat\/es\/wp-json\/wp\/v2\/posts\/25397","targetHints":{"allow":["GET"]}}],"collection":[{"href":"https:\/\/mont-roig.cat\/es\/wp-json\/wp\/v2\/posts"}],"about":[{"href":"https:\/\/mont-roig.cat\/es\/wp-json\/wp\/v2\/types\/post"}],"author":[{"embeddable":true,"href":"https:\/\/mont-roig.cat\/es\/wp-json\/wp\/v2\/users\/4"}],"replies":[{"embeddable":true,"href":"https:\/\/mont-roig.cat\/es\/wp-json\/wp\/v2\/comments?post=25397"}],"version-history":[{"count":3,"href":"https:\/\/mont-roig.cat\/es\/wp-json\/wp\/v2\/posts\/25397\/revisions"}],"predecessor-version":[{"id":25401,"href":"https:\/\/mont-roig.cat\/es\/wp-json\/wp\/v2\/posts\/25397\/revisions\/25401"}],"wp:featuredmedia":[{"embeddable":true,"href":"https:\/\/mont-roig.cat\/es\/wp-json\/wp\/v2\/media\/25392"}],"wp:attachment":[{"href":"https:\/\/mont-roig.cat\/es\/wp-json\/wp\/v2\/media?parent=25397"}],"wp:term":[{"taxonomy":"category","embeddable":true,"href":"https:\/\/mont-roig.cat\/es\/wp-json\/wp\/v2\/categories?post=25397"},{"taxonomy":"post_tag","embeddable":true,"href":"https:\/\/mont-roig.cat\/es\/wp-json\/wp\/v2\/tags?post=25397"}],"curies":[{"name":"wp","href":"https:\/\/api.w.org\/{rel}","templated":true}]}}