{"id":25420,"date":"2018-02-23T14:07:50","date_gmt":"2018-02-23T13:07:50","guid":{"rendered":"https:\/\/mont-roig.cat\/?p=25420"},"modified":"2018-02-23T14:29:58","modified_gmt":"2018-02-23T13:29:58","slug":"ayuntamiento-apoya-proyecto-bosc-dels-embrions","status":"publish","type":"post","link":"https:\/\/mont-roig.cat\/es\/actualitat\/noticies\/ayuntamiento-apoya-proyecto-bosc-dels-embrions\/","title":{"rendered":"El Ayuntamiento apoya el proyecto Bosc dels Embrions"},"content":{"rendered":"<ul>\n<li><strong>La iniciativa fomenta la plantaci\u00f3n de \u00e1rboles en el PEIN Mare de D\u00e9u de la Roca<\/strong><\/li>\n<\/ul>\n<div id=\"attachment_25415\" style=\"width: 310px\" class=\"wp-caption alignright\"><a href=\"https:\/\/mont-roig.cat\/wp-content\/uploads\/Plantaci\u00f3-Bosc-dEmbrions.jpg\"><img loading=\"lazy\" decoding=\"async\" aria-describedby=\"caption-attachment-25415\" class=\"wp-image-25415\" src=\"https:\/\/mont-roig.cat\/wp-content\/uploads\/Plantaci\u00f3-Bosc-dEmbrions.jpg\" alt=\"\" width=\"300\" height=\"225\" srcset=\"https:\/\/mont-roig.cat\/wp-content\/uploads\/Plantaci\u00f3-Bosc-dEmbrions.jpg 1920w, https:\/\/mont-roig.cat\/wp-content\/uploads\/Plantaci\u00f3-Bosc-dEmbrions-500x375.jpg 500w, https:\/\/mont-roig.cat\/wp-content\/uploads\/Plantaci\u00f3-Bosc-dEmbrions-768x576.jpg 768w, https:\/\/mont-roig.cat\/wp-content\/uploads\/Plantaci\u00f3-Bosc-dEmbrions-1024x768.jpg 1024w, https:\/\/mont-roig.cat\/wp-content\/uploads\/Plantaci\u00f3-Bosc-dEmbrions-463x348.jpg 463w\" sizes=\"auto, (max-width: 300px) 100vw, 300px\" \/><\/a><p id=\"caption-attachment-25415\" class=\"wp-caption-text\">El Bosc d\u2019Embrions estar\u00e1 formado por encinas<\/p><\/div>\n<p>La hect\u00e1rea y media de la zona de la Cova del Patou, que forma parte del Pla d&#8217;Espais d&#8217;Inter\u00e9s Natural de la Mare de D\u00e9u la Roca, es el terreno municipal que acoger\u00e1 el futuro Bosc dels Embrions.<\/p>\n<p id=\"tw-target-text\" class=\"tw-data-text tw-ta tw-text-small\" dir=\"ltr\" data-placeholder=\"Traducci\u00f3n\"><span lang=\"es\">Se trata de una iniciativa que llevar\u00e1 a cabo la entidad local Escur\u00e7\u00f3, con la colaboraci\u00f3n del Institut Marqu\u00e8s, a trav\u00e9s del cual se plantar\u00e1 un \u00e1rbol por cada ni\u00f1o y ni\u00f1a que ayude a nacer este centro de reproducci\u00f3n asistida barcelon\u00e9s.<\/span><\/p>\n<p id=\"tw-target-text\" class=\"tw-data-text tw-ta tw-text-small\" dir=\"ltr\" data-placeholder=\"Traducci\u00f3n\"><span lang=\"es\">El Ayuntamiento de Mont-roig del Camp ha apoyado la propuesta que contribuye, con la plantaci\u00f3n de encinas, a la reforestaci\u00f3n de este espacio que sufri\u00f3 un incendio en los a\u00f1os 90 y que ya ha acogido varias acciones de repoblaci\u00f3n por parte de entidades locales.<\/span><\/p>\n<div id=\"tw-target-text-container\" class=\"tw-ta-container tw-nfl\">\n<p id=\"tw-target-text\" class=\"tw-data-text tw-ta tw-text-small\" dir=\"ltr\" data-placeholder=\"Traducci\u00f3n\"><span lang=\"es\">Los primeros 10 \u00e1rboles del Bosc dels Embrions se han plantado este jueves en un acto en el que han participado miembros del Ayuntamiento, l&#8217;Escur\u00e7\u00f3 y el Institut Marqu\u00e8s. La primera encina plantada ha sido en honor a una ni\u00f1a brit\u00e1nica que se llama Georgina. De hecho, cada \u00e1rbol estar\u00e1 identificado con el nombre y la fecha de nacimiento de los beb\u00e9s. Adem\u00e1s, las familias podr\u00e1n seguir la evoluci\u00f3n del \u00e1rbol plantado en honor a su hijo, ya que recibir\u00e1n los datos con su geolocalizaci\u00f3n. De esta forma familias de todo el mundo (el centro trabaja con personas de m\u00e1s de 50 pa\u00edses), podr\u00e1n venir a Mont-roig del Camp para visitar el \u00e1rbol que lleva el nombre de su hijo o hija.<\/span><\/p>\n<\/div>\n<p id=\"tw-target-text\" class=\"tw-data-text tw-ta tw-text-small\" dir=\"ltr\" data-placeholder=\"Traducci\u00f3n\"><span lang=\"es\">Junto con esta iniciativa, en la que se prev\u00e9 que se planten 1.500 \u00e1rboles, el Ayuntamiento ha aprovechado para hacer una limpieza de mantenimiento de la zona y poner mesas de picnic nuevas en el \u00c1rea recreativa de la Co<\/span><span lang=\"es\">va de Patou.<\/span><\/p>\n<p><a href=\"https:\/\/mont-roig.cat\/wp-content\/uploads\/Bosc-dembrions-_2.jpg\"><img loading=\"lazy\" decoding=\"async\" class=\"alignleft wp-image-25411\" src=\"https:\/\/mont-roig.cat\/wp-content\/uploads\/Bosc-dembrions-_2.jpg\" alt=\"\" width=\"190\" height=\"143\" srcset=\"https:\/\/mont-roig.cat\/wp-content\/uploads\/Bosc-dembrions-_2.jpg 1920w, https:\/\/mont-roig.cat\/wp-content\/uploads\/Bosc-dembrions-_2-500x375.jpg 500w, https:\/\/mont-roig.cat\/wp-content\/uploads\/Bosc-dembrions-_2-768x576.jpg 768w, https:\/\/mont-roig.cat\/wp-content\/uploads\/Bosc-dembrions-_2-1024x768.jpg 1024w, https:\/\/mont-roig.cat\/wp-content\/uploads\/Bosc-dembrions-_2-463x348.jpg 463w\" sizes=\"auto, (max-width: 190px) 100vw, 190px\" \/><\/a><a href=\"https:\/\/mont-roig.cat\/wp-content\/uploads\/Bosc-dembrions-1.jpg\"><img loading=\"lazy\" decoding=\"async\" class=\"alignleft wp-image-25412\" src=\"https:\/\/mont-roig.cat\/wp-content\/uploads\/Bosc-dembrions-1.jpg\" alt=\"\" width=\"190\" height=\"143\" srcset=\"https:\/\/mont-roig.cat\/wp-content\/uploads\/Bosc-dembrions-1.jpg 1920w, https:\/\/mont-roig.cat\/wp-content\/uploads\/Bosc-dembrions-1-500x375.jpg 500w, https:\/\/mont-roig.cat\/wp-content\/uploads\/Bosc-dembrions-1-768x576.jpg 768w, https:\/\/mont-roig.cat\/wp-content\/uploads\/Bosc-dembrions-1-1024x768.jpg 1024w, https:\/\/mont-roig.cat\/wp-content\/uploads\/Bosc-dembrions-1-463x348.jpg 463w\" sizes=\"auto, (max-width: 190px) 100vw, 190px\" \/><\/a><a href=\"https:\/\/mont-roig.cat\/wp-content\/uploads\/Bosc-dembrions-4.jpg\"><img loading=\"lazy\" decoding=\"async\" class=\"alignleft wp-image-25413\" src=\"https:\/\/mont-roig.cat\/wp-content\/uploads\/Bosc-dembrions-4.jpg\" alt=\"\" width=\"190\" height=\"143\" srcset=\"https:\/\/mont-roig.cat\/wp-content\/uploads\/Bosc-dembrions-4.jpg 1920w, https:\/\/mont-roig.cat\/wp-content\/uploads\/Bosc-dembrions-4-500x375.jpg 500w, https:\/\/mont-roig.cat\/wp-content\/uploads\/Bosc-dembrions-4-768x576.jpg 768w, https:\/\/mont-roig.cat\/wp-content\/uploads\/Bosc-dembrions-4-1024x768.jpg 1024w, https:\/\/mont-roig.cat\/wp-content\/uploads\/Bosc-dembrions-4-463x348.jpg 463w\" sizes=\"auto, (max-width: 190px) 100vw, 190px\" \/><\/a><a href=\"https:\/\/mont-roig.cat\/wp-content\/uploads\/Bosc-dembrions_3.jpg\"><img loading=\"lazy\" decoding=\"async\" class=\"alignleft wp-image-25414\" src=\"https:\/\/mont-roig.cat\/wp-content\/uploads\/Bosc-dembrions_3.jpg\" alt=\"\" width=\"107\" height=\"142\" \/><\/a><\/p>\n","protected":false},"excerpt":{"rendered":"<p>La iniciativa fomenta la plantaci\u00f3n de \u00e1rboles en el PEIN Mare de D\u00e9u de la Roca La hect\u00e1rea y media de la zona de la Cova del Patou, que forma parte del Pla d&#8217;Espais d&#8217;Inter\u00e9s Natural de la Mare de D\u00e9u la Roca, es el terreno municipal que acoger\u00e1 el futuro Bosc dels Embrions. Se [&hellip;]<\/p>\n","protected":false},"author":4,"featured_media":25415,"comment_status":"closed","ping_status":"closed","sticky":false,"template":"","format":"standard","meta":{"inline_featured_image":false,"_monsterinsights_skip_tracking":false,"_monsterinsights_sitenote_active":false,"_monsterinsights_sitenote_note":"","_monsterinsights_sitenote_category":0,"footnotes":""},"categories":[98,107],"tags":[],"class_list":["post-25420","post","type-post","status-publish","format-standard","has-post-thumbnail","hentry","category-ayuntamiento","category-medio-ambiente"],"yoast_head":"<!-- This site is optimized with the Yoast SEO plugin v27.4 - https:\/\/yoast.com\/product\/yoast-seo-wordpress\/ -->\n<title>El Ayuntamiento apoya el proyecto Bosc dels Embrions - Ajuntament de Mont-roig del Camp<\/title>\n<meta name=\"robots\" content=\"index, follow, max-snippet:-1, max-image-preview:large, max-video-preview:-1\" \/>\n<link rel=\"canonical\" href=\"https:\/\/mont-roig.cat\/es\/actualitat\/noticies\/ayuntamiento-apoya-proyecto-bosc-dels-embrions\/\" \/>\n<meta property=\"og:locale\" content=\"es_ES\" \/>\n<meta property=\"og:type\" content=\"article\" \/>\n<meta property=\"og:title\" content=\"El Ayuntamiento apoya el proyecto Bosc dels Embrions - Ajuntament de Mont-roig del Camp\" \/>\n<meta property=\"og:description\" content=\"La iniciativa fomenta la plantaci\u00f3n de \u00e1rboles en el PEIN Mare de D\u00e9u de la Roca La hect\u00e1rea y media de la zona de la Cova del Patou, que forma parte del Pla d&#8217;Espais d&#8217;Inter\u00e9s Natural de la Mare de D\u00e9u la Roca, es el terreno municipal que acoger\u00e1 el futuro Bosc dels Embrions. Se [&hellip;]\" \/>\n<meta property=\"og:url\" content=\"https:\/\/mont-roig.cat\/es\/actualitat\/noticies\/ayuntamiento-apoya-proyecto-bosc-dels-embrions\/\" \/>\n<meta property=\"og:site_name\" content=\"Ajuntament de Mont-roig del Camp\" \/>\n<meta property=\"article:published_time\" content=\"2018-02-23T13:07:50+00:00\" \/>\n<meta property=\"article:modified_time\" content=\"2018-02-23T13:29:58+00:00\" \/>\n<meta property=\"og:image\" content=\"https:\/\/mont-roig.cat\/wp-content\/uploads\/Plantaci\u00f3-Bosc-dEmbrions.jpg\" \/>\n\t<meta property=\"og:image:width\" content=\"1920\" \/>\n\t<meta property=\"og:image:height\" content=\"1440\" \/>\n\t<meta property=\"og:image:type\" content=\"image\/jpeg\" \/>\n<meta name=\"author\" content=\"administrador\" \/>\n<meta name=\"twitter:card\" content=\"summary_large_image\" \/>\n<meta name=\"twitter:label1\" content=\"Escrito por\" \/>\n\t<meta name=\"twitter:data1\" content=\"administrador\" \/>\n\t<meta name=\"twitter:label2\" content=\"Tiempo de lectura\" \/>\n\t<meta name=\"twitter:data2\" content=\"2 minutos\" \/>\n<script type=\"application\/ld+json\" class=\"yoast-schema-graph\">{\"@context\":\"https:\\\/\\\/schema.org\",\"@graph\":[{\"@type\":\"Article\",\"@id\":\"https:\\\/\\\/mont-roig.cat\\\/es\\\/actualitat\\\/noticies\\\/ayuntamiento-apoya-proyecto-bosc-dels-embrions\\\/#article\",\"isPartOf\":{\"@id\":\"https:\\\/\\\/mont-roig.cat\\\/es\\\/actualitat\\\/noticies\\\/ayuntamiento-apoya-proyecto-bosc-dels-embrions\\\/\"},\"author\":{\"name\":\"administrador\",\"@id\":\"https:\\\/\\\/mont-roig.cat\\\/es\\\/#\\\/schema\\\/person\\\/f2b111789f22b7d0c3bd6786c9128cba\"},\"headline\":\"El Ayuntamiento apoya el proyecto Bosc dels Embrions\",\"datePublished\":\"2018-02-23T13:07:50+00:00\",\"dateModified\":\"2018-02-23T13:29:58+00:00\",\"mainEntityOfPage\":{\"@id\":\"https:\\\/\\\/mont-roig.cat\\\/es\\\/actualitat\\\/noticies\\\/ayuntamiento-apoya-proyecto-bosc-dels-embrions\\\/\"},\"wordCount\":353,\"image\":{\"@id\":\"https:\\\/\\\/mont-roig.cat\\\/es\\\/actualitat\\\/noticies\\\/ayuntamiento-apoya-proyecto-bosc-dels-embrions\\\/#primaryimage\"},\"thumbnailUrl\":\"https:\\\/\\\/mont-roig.cat\\\/wp-content\\\/uploads\\\/Plantaci\u00f3-Bosc-dEmbrions.jpg\",\"articleSection\":[\"Ayuntamiento\",\"Medio Ambiente\"],\"inLanguage\":\"es\"},{\"@type\":\"WebPage\",\"@id\":\"https:\\\/\\\/mont-roig.cat\\\/es\\\/actualitat\\\/noticies\\\/ayuntamiento-apoya-proyecto-bosc-dels-embrions\\\/\",\"url\":\"https:\\\/\\\/mont-roig.cat\\\/es\\\/actualitat\\\/noticies\\\/ayuntamiento-apoya-proyecto-bosc-dels-embrions\\\/\",\"name\":\"El Ayuntamiento apoya el proyecto Bosc dels Embrions - Ajuntament de Mont-roig del Camp\",\"isPartOf\":{\"@id\":\"https:\\\/\\\/mont-roig.cat\\\/es\\\/#website\"},\"primaryImageOfPage\":{\"@id\":\"https:\\\/\\\/mont-roig.cat\\\/es\\\/actualitat\\\/noticies\\\/ayuntamiento-apoya-proyecto-bosc-dels-embrions\\\/#primaryimage\"},\"image\":{\"@id\":\"https:\\\/\\\/mont-roig.cat\\\/es\\\/actualitat\\\/noticies\\\/ayuntamiento-apoya-proyecto-bosc-dels-embrions\\\/#primaryimage\"},\"thumbnailUrl\":\"https:\\\/\\\/mont-roig.cat\\\/wp-content\\\/uploads\\\/Plantaci\u00f3-Bosc-dEmbrions.jpg\",\"datePublished\":\"2018-02-23T13:07:50+00:00\",\"dateModified\":\"2018-02-23T13:29:58+00:00\",\"author\":{\"@id\":\"https:\\\/\\\/mont-roig.cat\\\/es\\\/#\\\/schema\\\/person\\\/f2b111789f22b7d0c3bd6786c9128cba\"},\"breadcrumb\":{\"@id\":\"https:\\\/\\\/mont-roig.cat\\\/es\\\/actualitat\\\/noticies\\\/ayuntamiento-apoya-proyecto-bosc-dels-embrions\\\/#breadcrumb\"},\"inLanguage\":\"es\",\"potentialAction\":[{\"@type\":\"ReadAction\",\"target\":[\"https:\\\/\\\/mont-roig.cat\\\/es\\\/actualitat\\\/noticies\\\/ayuntamiento-apoya-proyecto-bosc-dels-embrions\\\/\"]}]},{\"@type\":\"ImageObject\",\"inLanguage\":\"es\",\"@id\":\"https:\\\/\\\/mont-roig.cat\\\/es\\\/actualitat\\\/noticies\\\/ayuntamiento-apoya-proyecto-bosc-dels-embrions\\\/#primaryimage\",\"url\":\"https:\\\/\\\/mont-roig.cat\\\/wp-content\\\/uploads\\\/Plantaci\u00f3-Bosc-dEmbrions.jpg\",\"contentUrl\":\"https:\\\/\\\/mont-roig.cat\\\/wp-content\\\/uploads\\\/Plantaci\u00f3-Bosc-dEmbrions.jpg\",\"width\":1920,\"height\":1440},{\"@type\":\"BreadcrumbList\",\"@id\":\"https:\\\/\\\/mont-roig.cat\\\/es\\\/actualitat\\\/noticies\\\/ayuntamiento-apoya-proyecto-bosc-dels-embrions\\\/#breadcrumb\",\"itemListElement\":[{\"@type\":\"ListItem\",\"position\":1,\"name\":\"Inici\",\"item\":\"https:\\\/\\\/mont-roig.cat\\\/es\\\/pagina-de-inicio\\\/\"},{\"@type\":\"ListItem\",\"position\":2,\"name\":\"El Ayuntamiento apoya el proyecto Bosc dels Embrions\"}]},{\"@type\":\"WebSite\",\"@id\":\"https:\\\/\\\/mont-roig.cat\\\/es\\\/#website\",\"url\":\"https:\\\/\\\/mont-roig.cat\\\/es\\\/\",\"name\":\"Ajuntament de Mont-roig del Camp\",\"description\":\"Tota la informaci\u00f3 sobre la instituci\u00f3, els seus \u00f2rgans de govern, actualitat, serveis i molt m\u00e9s.\",\"potentialAction\":[{\"@type\":\"SearchAction\",\"target\":{\"@type\":\"EntryPoint\",\"urlTemplate\":\"https:\\\/\\\/mont-roig.cat\\\/es\\\/?s={search_term_string}\"},\"query-input\":{\"@type\":\"PropertyValueSpecification\",\"valueRequired\":true,\"valueName\":\"search_term_string\"}}],\"inLanguage\":\"es\"},{\"@type\":\"Person\",\"@id\":\"https:\\\/\\\/mont-roig.cat\\\/es\\\/#\\\/schema\\\/person\\\/f2b111789f22b7d0c3bd6786c9128cba\",\"name\":\"administrador\",\"image\":{\"@type\":\"ImageObject\",\"inLanguage\":\"es\",\"@id\":\"https:\\\/\\\/secure.gravatar.com\\\/avatar\\\/9137aac6891e2595c9d3036fd83bcb653b4db3c946db4c7d9b9be193c3c944bb?s=96&d=mm&r=g\",\"url\":\"https:\\\/\\\/secure.gravatar.com\\\/avatar\\\/9137aac6891e2595c9d3036fd83bcb653b4db3c946db4c7d9b9be193c3c944bb?s=96&d=mm&r=g\",\"contentUrl\":\"https:\\\/\\\/secure.gravatar.com\\\/avatar\\\/9137aac6891e2595c9d3036fd83bcb653b4db3c946db4c7d9b9be193c3c944bb?s=96&d=mm&r=g\",\"caption\":\"administrador\"},\"url\":\"https:\\\/\\\/mont-roig.cat\\\/es\\\/actualitat\\\/noticies\\\/author\\\/administrador\\\/\"}]}<\/script>\n<!-- \/ Yoast SEO plugin. -->","yoast_head_json":{"title":"El Ayuntamiento apoya el proyecto Bosc dels Embrions - Ajuntament de Mont-roig del Camp","robots":{"index":"index","follow":"follow","max-snippet":"max-snippet:-1","max-image-preview":"max-image-preview:large","max-video-preview":"max-video-preview:-1"},"canonical":"https:\/\/mont-roig.cat\/es\/actualitat\/noticies\/ayuntamiento-apoya-proyecto-bosc-dels-embrions\/","og_locale":"es_ES","og_type":"article","og_title":"El Ayuntamiento apoya el proyecto Bosc dels Embrions - Ajuntament de Mont-roig del Camp","og_description":"La iniciativa fomenta la plantaci\u00f3n de \u00e1rboles en el PEIN Mare de D\u00e9u de la Roca La hect\u00e1rea y media de la zona de la Cova del Patou, que forma parte del Pla d&#8217;Espais d&#8217;Inter\u00e9s Natural de la Mare de D\u00e9u la Roca, es el terreno municipal que acoger\u00e1 el futuro Bosc dels Embrions. Se [&hellip;]","og_url":"https:\/\/mont-roig.cat\/es\/actualitat\/noticies\/ayuntamiento-apoya-proyecto-bosc-dels-embrions\/","og_site_name":"Ajuntament de Mont-roig del Camp","article_published_time":"2018-02-23T13:07:50+00:00","article_modified_time":"2018-02-23T13:29:58+00:00","og_image":[{"width":1920,"height":1440,"url":"https:\/\/mont-roig.cat\/wp-content\/uploads\/Plantaci\u00f3-Bosc-dEmbrions.jpg","type":"image\/jpeg"}],"author":"administrador","twitter_card":"summary_large_image","twitter_misc":{"Escrito por":"administrador","Tiempo de lectura":"2 minutos"},"schema":{"@context":"https:\/\/schema.org","@graph":[{"@type":"Article","@id":"https:\/\/mont-roig.cat\/es\/actualitat\/noticies\/ayuntamiento-apoya-proyecto-bosc-dels-embrions\/#article","isPartOf":{"@id":"https:\/\/mont-roig.cat\/es\/actualitat\/noticies\/ayuntamiento-apoya-proyecto-bosc-dels-embrions\/"},"author":{"name":"administrador","@id":"https:\/\/mont-roig.cat\/es\/#\/schema\/person\/f2b111789f22b7d0c3bd6786c9128cba"},"headline":"El Ayuntamiento apoya el proyecto Bosc dels Embrions","datePublished":"2018-02-23T13:07:50+00:00","dateModified":"2018-02-23T13:29:58+00:00","mainEntityOfPage":{"@id":"https:\/\/mont-roig.cat\/es\/actualitat\/noticies\/ayuntamiento-apoya-proyecto-bosc-dels-embrions\/"},"wordCount":353,"image":{"@id":"https:\/\/mont-roig.cat\/es\/actualitat\/noticies\/ayuntamiento-apoya-proyecto-bosc-dels-embrions\/#primaryimage"},"thumbnailUrl":"https:\/\/mont-roig.cat\/wp-content\/uploads\/Plantaci\u00f3-Bosc-dEmbrions.jpg","articleSection":["Ayuntamiento","Medio Ambiente"],"inLanguage":"es"},{"@type":"WebPage","@id":"https:\/\/mont-roig.cat\/es\/actualitat\/noticies\/ayuntamiento-apoya-proyecto-bosc-dels-embrions\/","url":"https:\/\/mont-roig.cat\/es\/actualitat\/noticies\/ayuntamiento-apoya-proyecto-bosc-dels-embrions\/","name":"El Ayuntamiento apoya el proyecto Bosc dels Embrions - Ajuntament de Mont-roig del Camp","isPartOf":{"@id":"https:\/\/mont-roig.cat\/es\/#website"},"primaryImageOfPage":{"@id":"https:\/\/mont-roig.cat\/es\/actualitat\/noticies\/ayuntamiento-apoya-proyecto-bosc-dels-embrions\/#primaryimage"},"image":{"@id":"https:\/\/mont-roig.cat\/es\/actualitat\/noticies\/ayuntamiento-apoya-proyecto-bosc-dels-embrions\/#primaryimage"},"thumbnailUrl":"https:\/\/mont-roig.cat\/wp-content\/uploads\/Plantaci\u00f3-Bosc-dEmbrions.jpg","datePublished":"2018-02-23T13:07:50+00:00","dateModified":"2018-02-23T13:29:58+00:00","author":{"@id":"https:\/\/mont-roig.cat\/es\/#\/schema\/person\/f2b111789f22b7d0c3bd6786c9128cba"},"breadcrumb":{"@id":"https:\/\/mont-roig.cat\/es\/actualitat\/noticies\/ayuntamiento-apoya-proyecto-bosc-dels-embrions\/#breadcrumb"},"inLanguage":"es","potentialAction":[{"@type":"ReadAction","target":["https:\/\/mont-roig.cat\/es\/actualitat\/noticies\/ayuntamiento-apoya-proyecto-bosc-dels-embrions\/"]}]},{"@type":"ImageObject","inLanguage":"es","@id":"https:\/\/mont-roig.cat\/es\/actualitat\/noticies\/ayuntamiento-apoya-proyecto-bosc-dels-embrions\/#primaryimage","url":"https:\/\/mont-roig.cat\/wp-content\/uploads\/Plantaci\u00f3-Bosc-dEmbrions.jpg","contentUrl":"https:\/\/mont-roig.cat\/wp-content\/uploads\/Plantaci\u00f3-Bosc-dEmbrions.jpg","width":1920,"height":1440},{"@type":"BreadcrumbList","@id":"https:\/\/mont-roig.cat\/es\/actualitat\/noticies\/ayuntamiento-apoya-proyecto-bosc-dels-embrions\/#breadcrumb","itemListElement":[{"@type":"ListItem","position":1,"name":"Inici","item":"https:\/\/mont-roig.cat\/es\/pagina-de-inicio\/"},{"@type":"ListItem","position":2,"name":"El Ayuntamiento apoya el proyecto Bosc dels Embrions"}]},{"@type":"WebSite","@id":"https:\/\/mont-roig.cat\/es\/#website","url":"https:\/\/mont-roig.cat\/es\/","name":"Ajuntament de Mont-roig del Camp","description":"Tota la informaci\u00f3 sobre la instituci\u00f3, els seus \u00f2rgans de govern, actualitat, serveis i molt m\u00e9s.","potentialAction":[{"@type":"SearchAction","target":{"@type":"EntryPoint","urlTemplate":"https:\/\/mont-roig.cat\/es\/?s={search_term_string}"},"query-input":{"@type":"PropertyValueSpecification","valueRequired":true,"valueName":"search_term_string"}}],"inLanguage":"es"},{"@type":"Person","@id":"https:\/\/mont-roig.cat\/es\/#\/schema\/person\/f2b111789f22b7d0c3bd6786c9128cba","name":"administrador","image":{"@type":"ImageObject","inLanguage":"es","@id":"https:\/\/secure.gravatar.com\/avatar\/9137aac6891e2595c9d3036fd83bcb653b4db3c946db4c7d9b9be193c3c944bb?s=96&d=mm&r=g","url":"https:\/\/secure.gravatar.com\/avatar\/9137aac6891e2595c9d3036fd83bcb653b4db3c946db4c7d9b9be193c3c944bb?s=96&d=mm&r=g","contentUrl":"https:\/\/secure.gravatar.com\/avatar\/9137aac6891e2595c9d3036fd83bcb653b4db3c946db4c7d9b9be193c3c944bb?s=96&d=mm&r=g","caption":"administrador"},"url":"https:\/\/mont-roig.cat\/es\/actualitat\/noticies\/author\/administrador\/"}]}},"_links":{"self":[{"href":"https:\/\/mont-roig.cat\/es\/wp-json\/wp\/v2\/posts\/25420","targetHints":{"allow":["GET"]}}],"collection":[{"href":"https:\/\/mont-roig.cat\/es\/wp-json\/wp\/v2\/posts"}],"about":[{"href":"https:\/\/mont-roig.cat\/es\/wp-json\/wp\/v2\/types\/post"}],"author":[{"embeddable":true,"href":"https:\/\/mont-roig.cat\/es\/wp-json\/wp\/v2\/users\/4"}],"replies":[{"embeddable":true,"href":"https:\/\/mont-roig.cat\/es\/wp-json\/wp\/v2\/comments?post=25420"}],"version-history":[{"count":4,"href":"https:\/\/mont-roig.cat\/es\/wp-json\/wp\/v2\/posts\/25420\/revisions"}],"predecessor-version":[{"id":25425,"href":"https:\/\/mont-roig.cat\/es\/wp-json\/wp\/v2\/posts\/25420\/revisions\/25425"}],"wp:featuredmedia":[{"embeddable":true,"href":"https:\/\/mont-roig.cat\/es\/wp-json\/wp\/v2\/media\/25415"}],"wp:attachment":[{"href":"https:\/\/mont-roig.cat\/es\/wp-json\/wp\/v2\/media?parent=25420"}],"wp:term":[{"taxonomy":"category","embeddable":true,"href":"https:\/\/mont-roig.cat\/es\/wp-json\/wp\/v2\/categories?post=25420"},{"taxonomy":"post_tag","embeddable":true,"href":"https:\/\/mont-roig.cat\/es\/wp-json\/wp\/v2\/tags?post=25420"}],"curies":[{"name":"wp","href":"https:\/\/api.w.org\/{rel}","templated":true}]}}