{"id":25748,"date":"2018-03-01T09:00:42","date_gmt":"2018-03-01T08:00:42","guid":{"rendered":"https:\/\/mont-roig.cat\/?p=25748"},"modified":"2018-03-01T10:07:48","modified_gmt":"2018-03-01T09:07:48","slug":"nueva-senalizacion-vial-para-mejorar-circulacion-y-seguridad-costa-zefir","status":"publish","type":"post","link":"https:\/\/mont-roig.cat\/es\/actualitat\/noticies\/nueva-senalizacion-vial-para-mejorar-circulacion-y-seguridad-costa-zefir\/","title":{"rendered":"Nueva se\u00f1alizaci\u00f3n vial para mejorar la circulaci\u00f3n y la seguridad en Costa Z\u00e8fir"},"content":{"rendered":"<div id=\"attachment_25744\" style=\"width: 310px\" class=\"wp-caption alignright\"><a href=\"https:\/\/mont-roig.cat\/wp-content\/uploads\/Costa-Z\u00e8fir-nova-senyalitzaci\u00f3_1.jpg\"><img loading=\"lazy\" decoding=\"async\" aria-describedby=\"caption-attachment-25744\" class=\"wp-image-25744\" src=\"https:\/\/mont-roig.cat\/wp-content\/uploads\/Costa-Z\u00e8fir-nova-senyalitzaci\u00f3_1.jpg\" alt=\"\" width=\"300\" height=\"225\" srcset=\"https:\/\/mont-roig.cat\/wp-content\/uploads\/Costa-Z\u00e8fir-nova-senyalitzaci\u00f3_1.jpg 640w, https:\/\/mont-roig.cat\/wp-content\/uploads\/Costa-Z\u00e8fir-nova-senyalitzaci\u00f3_1-500x375.jpg 500w, https:\/\/mont-roig.cat\/wp-content\/uploads\/Costa-Z\u00e8fir-nova-senyalitzaci\u00f3_1-463x348.jpg 463w\" sizes=\"auto, (max-width: 300px) 100vw, 300px\" \/><\/a><p id=\"caption-attachment-25744\" class=\"wp-caption-text\">Se han realizado tareas de se\u00f1alizaci\u00f3n horizontal y vertical<\/p><\/div>\n<p>El Ayuntamiento de Mont-roig del Camp ha realizado tareas de se\u00f1alizaci\u00f3n vial en Costa Z\u00e8fir para mejorar la circulaci\u00f3n del tr\u00e1fico, la seguridad en la zona y el acceso al centro educativo.<br \/>\nCon estos objetivos, se han creado nuevos pasos peatonales y plazas de aparcamiento, se han efectuado cambios de sentido de varias calles y se ha ampliado la se\u00f1alizaci\u00f3n horizontal y vertical.<\/p>\n<p>Las acciones llevadas a cabo servir\u00e1n para evitar las complicaciones de tr\u00e1fico que se producen en las entradas y salidas de la escuela. Adem\u00e1s, al pasar las calles de doble sentido a direcci\u00f3n \u00fanica se han ganado plazas de aparcamiento en las inmediaciones de la escuela con el fin de facilitar a las familias llevar y recoger a los ni\u00f1os en el centro educativo.<\/p>\n<p>Concretamente se ha actuado entre las calles Nicaragua, Brasil, Rep\u00fablica Argentina y avenida de Costa Z\u00e8fir. Algunas de las acciones realizadas son:<\/p>\n<ul>\n<li>Cambios de circulaci\u00f3n convirtiendo en sentido \u00fanico las calles Honduras, Panam\u00e1, Costa Rica, Rep\u00fablica Dominicana y El Salvador.<\/li>\n<li>La calle Rep\u00fablica Argentina se queda con 2 carriles de circulaci\u00f3n de sentido \u00fanico y un carril para aparcar, que ha sido se\u00f1alizado.<\/li>\n<li>Mejora de la visibilidad entre las calles Brasil y Nicaragua al se\u00f1alizar la curva.<\/li>\n<li>Mejora de la vialidad entre las calles Nicaragua y El Salvador gracias al cambio de ubicaci\u00f3n de los contenedores.<\/li>\n<\/ul>\n<p>Las mejoras realizadas forman parte de la primera fase de se\u00f1alizaci\u00f3n horizontal y vertical de esta zona que continuar\u00e1 en los pr\u00f3ximos meses a partir de las calles Per\u00fa, Brasil y avenida Dr. Gil Vernet.<\/p>\n<div id=\"attachment_25745\" style=\"width: 310px\" class=\"wp-caption alignleft\"><a href=\"https:\/\/mont-roig.cat\/wp-content\/uploads\/Costa-Z\u00e8fir-nova-senyalitzaci\u00f3_2.jpg\"><img loading=\"lazy\" decoding=\"async\" aria-describedby=\"caption-attachment-25745\" class=\"wp-image-25745\" src=\"https:\/\/mont-roig.cat\/wp-content\/uploads\/Costa-Z\u00e8fir-nova-senyalitzaci\u00f3_2.jpg\" alt=\"\" width=\"300\" height=\"225\" srcset=\"https:\/\/mont-roig.cat\/wp-content\/uploads\/Costa-Z\u00e8fir-nova-senyalitzaci\u00f3_2.jpg 640w, https:\/\/mont-roig.cat\/wp-content\/uploads\/Costa-Z\u00e8fir-nova-senyalitzaci\u00f3_2-500x375.jpg 500w, https:\/\/mont-roig.cat\/wp-content\/uploads\/Costa-Z\u00e8fir-nova-senyalitzaci\u00f3_2-463x348.jpg 463w\" sizes=\"auto, (max-width: 300px) 100vw, 300px\" \/><\/a><p id=\"caption-attachment-25745\" class=\"wp-caption-text\">Nueva se\u00f1alizaci\u00f3n en Costa Z\u00e9fir<\/p><\/div>\n<div id=\"attachment_25746\" style=\"width: 310px\" class=\"wp-caption alignleft\"><a href=\"https:\/\/mont-roig.cat\/wp-content\/uploads\/Costa-Z\u00e8fir-nova-senyalitzaci\u00f3_3.jpg\"><img loading=\"lazy\" decoding=\"async\" aria-describedby=\"caption-attachment-25746\" class=\"wp-image-25746\" src=\"https:\/\/mont-roig.cat\/wp-content\/uploads\/Costa-Z\u00e8fir-nova-senyalitzaci\u00f3_3.jpg\" alt=\"\" width=\"300\" height=\"225\" srcset=\"https:\/\/mont-roig.cat\/wp-content\/uploads\/Costa-Z\u00e8fir-nova-senyalitzaci\u00f3_3.jpg 640w, https:\/\/mont-roig.cat\/wp-content\/uploads\/Costa-Z\u00e8fir-nova-senyalitzaci\u00f3_3-500x375.jpg 500w, https:\/\/mont-roig.cat\/wp-content\/uploads\/Costa-Z\u00e8fir-nova-senyalitzaci\u00f3_3-463x348.jpg 463w\" sizes=\"auto, (max-width: 300px) 100vw, 300px\" \/><\/a><p id=\"caption-attachment-25746\" class=\"wp-caption-text\">Nueva se\u00f1alizaci\u00f3n en Costa Z\u00e9fir<\/p><\/div>\n","protected":false},"excerpt":{"rendered":"<p>El Ayuntamiento de Mont-roig del Camp ha realizado tareas de se\u00f1alizaci\u00f3n vial en Costa Z\u00e8fir para mejorar la circulaci\u00f3n del tr\u00e1fico, la seguridad en la zona y el acceso al centro educativo. Con estos objetivos, se han creado nuevos pasos peatonales y plazas de aparcamiento, se han efectuado cambios de sentido de varias calles y [&hellip;]<\/p>\n","protected":false},"author":4,"featured_media":25744,"comment_status":"closed","ping_status":"closed","sticky":false,"template":"","format":"standard","meta":{"inline_featured_image":false,"_monsterinsights_skip_tracking":false,"_monsterinsights_sitenote_active":false,"_monsterinsights_sitenote_note":"","_monsterinsights_sitenote_category":0,"footnotes":""},"categories":[98,108],"tags":[],"class_list":["post-25748","post","type-post","status-publish","format-standard","has-post-thumbnail","hentry","category-ayuntamiento","category-movilidad-y-transporte"],"yoast_head":"<!-- This site is optimized with the Yoast SEO plugin v27.4 - https:\/\/yoast.com\/product\/yoast-seo-wordpress\/ -->\n<title>Nueva se\u00f1alizaci\u00f3n vial para mejorar la circulaci\u00f3n y la seguridad en Costa Z\u00e8fir - Ajuntament de Mont-roig del Camp<\/title>\n<meta name=\"robots\" content=\"index, follow, max-snippet:-1, max-image-preview:large, max-video-preview:-1\" \/>\n<link rel=\"canonical\" href=\"https:\/\/mont-roig.cat\/es\/actualitat\/noticies\/nueva-senalizacion-vial-para-mejorar-circulacion-y-seguridad-costa-zefir\/\" \/>\n<meta property=\"og:locale\" content=\"es_ES\" \/>\n<meta property=\"og:type\" content=\"article\" \/>\n<meta property=\"og:title\" content=\"Nueva se\u00f1alizaci\u00f3n vial para mejorar la circulaci\u00f3n y la seguridad en Costa Z\u00e8fir - Ajuntament de Mont-roig del Camp\" \/>\n<meta property=\"og:description\" content=\"El Ayuntamiento de Mont-roig del Camp ha realizado tareas de se\u00f1alizaci\u00f3n vial en Costa Z\u00e8fir para mejorar la circulaci\u00f3n del tr\u00e1fico, la seguridad en la zona y el acceso al centro educativo. Con estos objetivos, se han creado nuevos pasos peatonales y plazas de aparcamiento, se han efectuado cambios de sentido de varias calles y [&hellip;]\" \/>\n<meta property=\"og:url\" content=\"https:\/\/mont-roig.cat\/es\/actualitat\/noticies\/nueva-senalizacion-vial-para-mejorar-circulacion-y-seguridad-costa-zefir\/\" \/>\n<meta property=\"og:site_name\" content=\"Ajuntament de Mont-roig del Camp\" \/>\n<meta property=\"article:published_time\" content=\"2018-03-01T08:00:42+00:00\" \/>\n<meta property=\"article:modified_time\" content=\"2018-03-01T09:07:48+00:00\" \/>\n<meta property=\"og:image\" content=\"https:\/\/mont-roig.cat\/wp-content\/uploads\/Costa-Z\u00e8fir-nova-senyalitzaci\u00f3_1.jpg\" \/>\n\t<meta property=\"og:image:width\" content=\"640\" \/>\n\t<meta property=\"og:image:height\" content=\"480\" \/>\n\t<meta property=\"og:image:type\" content=\"image\/jpeg\" \/>\n<meta name=\"author\" content=\"administrador\" \/>\n<meta name=\"twitter:card\" content=\"summary_large_image\" \/>\n<meta name=\"twitter:label1\" content=\"Escrito por\" \/>\n\t<meta name=\"twitter:data1\" content=\"administrador\" \/>\n\t<meta name=\"twitter:label2\" content=\"Tiempo de lectura\" \/>\n\t<meta name=\"twitter:data2\" content=\"2 minutos\" \/>\n<script type=\"application\/ld+json\" class=\"yoast-schema-graph\">{\"@context\":\"https:\\\/\\\/schema.org\",\"@graph\":[{\"@type\":\"Article\",\"@id\":\"https:\\\/\\\/mont-roig.cat\\\/es\\\/actualitat\\\/noticies\\\/nueva-senalizacion-vial-para-mejorar-circulacion-y-seguridad-costa-zefir\\\/#article\",\"isPartOf\":{\"@id\":\"https:\\\/\\\/mont-roig.cat\\\/es\\\/actualitat\\\/noticies\\\/nueva-senalizacion-vial-para-mejorar-circulacion-y-seguridad-costa-zefir\\\/\"},\"author\":{\"name\":\"administrador\",\"@id\":\"https:\\\/\\\/mont-roig.cat\\\/es\\\/#\\\/schema\\\/person\\\/f2b111789f22b7d0c3bd6786c9128cba\"},\"headline\":\"Nueva se\u00f1alizaci\u00f3n vial para mejorar la circulaci\u00f3n y la seguridad en Costa Z\u00e8fir\",\"datePublished\":\"2018-03-01T08:00:42+00:00\",\"dateModified\":\"2018-03-01T09:07:48+00:00\",\"mainEntityOfPage\":{\"@id\":\"https:\\\/\\\/mont-roig.cat\\\/es\\\/actualitat\\\/noticies\\\/nueva-senalizacion-vial-para-mejorar-circulacion-y-seguridad-costa-zefir\\\/\"},\"wordCount\":346,\"image\":{\"@id\":\"https:\\\/\\\/mont-roig.cat\\\/es\\\/actualitat\\\/noticies\\\/nueva-senalizacion-vial-para-mejorar-circulacion-y-seguridad-costa-zefir\\\/#primaryimage\"},\"thumbnailUrl\":\"https:\\\/\\\/mont-roig.cat\\\/wp-content\\\/uploads\\\/Costa-Z\u00e8fir-nova-senyalitzaci\u00f3_1.jpg\",\"articleSection\":[\"Ayuntamiento\",\"Movilidad y transporte\"],\"inLanguage\":\"es\"},{\"@type\":\"WebPage\",\"@id\":\"https:\\\/\\\/mont-roig.cat\\\/es\\\/actualitat\\\/noticies\\\/nueva-senalizacion-vial-para-mejorar-circulacion-y-seguridad-costa-zefir\\\/\",\"url\":\"https:\\\/\\\/mont-roig.cat\\\/es\\\/actualitat\\\/noticies\\\/nueva-senalizacion-vial-para-mejorar-circulacion-y-seguridad-costa-zefir\\\/\",\"name\":\"Nueva se\u00f1alizaci\u00f3n vial para mejorar la circulaci\u00f3n y la seguridad en Costa Z\u00e8fir - Ajuntament de Mont-roig del Camp\",\"isPartOf\":{\"@id\":\"https:\\\/\\\/mont-roig.cat\\\/es\\\/#website\"},\"primaryImageOfPage\":{\"@id\":\"https:\\\/\\\/mont-roig.cat\\\/es\\\/actualitat\\\/noticies\\\/nueva-senalizacion-vial-para-mejorar-circulacion-y-seguridad-costa-zefir\\\/#primaryimage\"},\"image\":{\"@id\":\"https:\\\/\\\/mont-roig.cat\\\/es\\\/actualitat\\\/noticies\\\/nueva-senalizacion-vial-para-mejorar-circulacion-y-seguridad-costa-zefir\\\/#primaryimage\"},\"thumbnailUrl\":\"https:\\\/\\\/mont-roig.cat\\\/wp-content\\\/uploads\\\/Costa-Z\u00e8fir-nova-senyalitzaci\u00f3_1.jpg\",\"datePublished\":\"2018-03-01T08:00:42+00:00\",\"dateModified\":\"2018-03-01T09:07:48+00:00\",\"author\":{\"@id\":\"https:\\\/\\\/mont-roig.cat\\\/es\\\/#\\\/schema\\\/person\\\/f2b111789f22b7d0c3bd6786c9128cba\"},\"breadcrumb\":{\"@id\":\"https:\\\/\\\/mont-roig.cat\\\/es\\\/actualitat\\\/noticies\\\/nueva-senalizacion-vial-para-mejorar-circulacion-y-seguridad-costa-zefir\\\/#breadcrumb\"},\"inLanguage\":\"es\",\"potentialAction\":[{\"@type\":\"ReadAction\",\"target\":[\"https:\\\/\\\/mont-roig.cat\\\/es\\\/actualitat\\\/noticies\\\/nueva-senalizacion-vial-para-mejorar-circulacion-y-seguridad-costa-zefir\\\/\"]}]},{\"@type\":\"ImageObject\",\"inLanguage\":\"es\",\"@id\":\"https:\\\/\\\/mont-roig.cat\\\/es\\\/actualitat\\\/noticies\\\/nueva-senalizacion-vial-para-mejorar-circulacion-y-seguridad-costa-zefir\\\/#primaryimage\",\"url\":\"https:\\\/\\\/mont-roig.cat\\\/wp-content\\\/uploads\\\/Costa-Z\u00e8fir-nova-senyalitzaci\u00f3_1.jpg\",\"contentUrl\":\"https:\\\/\\\/mont-roig.cat\\\/wp-content\\\/uploads\\\/Costa-Z\u00e8fir-nova-senyalitzaci\u00f3_1.jpg\",\"width\":640,\"height\":480},{\"@type\":\"BreadcrumbList\",\"@id\":\"https:\\\/\\\/mont-roig.cat\\\/es\\\/actualitat\\\/noticies\\\/nueva-senalizacion-vial-para-mejorar-circulacion-y-seguridad-costa-zefir\\\/#breadcrumb\",\"itemListElement\":[{\"@type\":\"ListItem\",\"position\":1,\"name\":\"Inici\",\"item\":\"https:\\\/\\\/mont-roig.cat\\\/es\\\/pagina-de-inicio\\\/\"},{\"@type\":\"ListItem\",\"position\":2,\"name\":\"Nueva se\u00f1alizaci\u00f3n vial para mejorar la circulaci\u00f3n y la seguridad en Costa Z\u00e8fir\"}]},{\"@type\":\"WebSite\",\"@id\":\"https:\\\/\\\/mont-roig.cat\\\/es\\\/#website\",\"url\":\"https:\\\/\\\/mont-roig.cat\\\/es\\\/\",\"name\":\"Ajuntament de Mont-roig del Camp\",\"description\":\"Tota la informaci\u00f3 sobre la instituci\u00f3, els seus \u00f2rgans de govern, actualitat, serveis i molt m\u00e9s.\",\"potentialAction\":[{\"@type\":\"SearchAction\",\"target\":{\"@type\":\"EntryPoint\",\"urlTemplate\":\"https:\\\/\\\/mont-roig.cat\\\/es\\\/?s={search_term_string}\"},\"query-input\":{\"@type\":\"PropertyValueSpecification\",\"valueRequired\":true,\"valueName\":\"search_term_string\"}}],\"inLanguage\":\"es\"},{\"@type\":\"Person\",\"@id\":\"https:\\\/\\\/mont-roig.cat\\\/es\\\/#\\\/schema\\\/person\\\/f2b111789f22b7d0c3bd6786c9128cba\",\"name\":\"administrador\",\"image\":{\"@type\":\"ImageObject\",\"inLanguage\":\"es\",\"@id\":\"https:\\\/\\\/secure.gravatar.com\\\/avatar\\\/9137aac6891e2595c9d3036fd83bcb653b4db3c946db4c7d9b9be193c3c944bb?s=96&d=mm&r=g\",\"url\":\"https:\\\/\\\/secure.gravatar.com\\\/avatar\\\/9137aac6891e2595c9d3036fd83bcb653b4db3c946db4c7d9b9be193c3c944bb?s=96&d=mm&r=g\",\"contentUrl\":\"https:\\\/\\\/secure.gravatar.com\\\/avatar\\\/9137aac6891e2595c9d3036fd83bcb653b4db3c946db4c7d9b9be193c3c944bb?s=96&d=mm&r=g\",\"caption\":\"administrador\"},\"url\":\"https:\\\/\\\/mont-roig.cat\\\/es\\\/actualitat\\\/noticies\\\/author\\\/administrador\\\/\"}]}<\/script>\n<!-- \/ Yoast SEO plugin. -->","yoast_head_json":{"title":"Nueva se\u00f1alizaci\u00f3n vial para mejorar la circulaci\u00f3n y la seguridad en Costa Z\u00e8fir - Ajuntament de Mont-roig del Camp","robots":{"index":"index","follow":"follow","max-snippet":"max-snippet:-1","max-image-preview":"max-image-preview:large","max-video-preview":"max-video-preview:-1"},"canonical":"https:\/\/mont-roig.cat\/es\/actualitat\/noticies\/nueva-senalizacion-vial-para-mejorar-circulacion-y-seguridad-costa-zefir\/","og_locale":"es_ES","og_type":"article","og_title":"Nueva se\u00f1alizaci\u00f3n vial para mejorar la circulaci\u00f3n y la seguridad en Costa Z\u00e8fir - Ajuntament de Mont-roig del Camp","og_description":"El Ayuntamiento de Mont-roig del Camp ha realizado tareas de se\u00f1alizaci\u00f3n vial en Costa Z\u00e8fir para mejorar la circulaci\u00f3n del tr\u00e1fico, la seguridad en la zona y el acceso al centro educativo. Con estos objetivos, se han creado nuevos pasos peatonales y plazas de aparcamiento, se han efectuado cambios de sentido de varias calles y [&hellip;]","og_url":"https:\/\/mont-roig.cat\/es\/actualitat\/noticies\/nueva-senalizacion-vial-para-mejorar-circulacion-y-seguridad-costa-zefir\/","og_site_name":"Ajuntament de Mont-roig del Camp","article_published_time":"2018-03-01T08:00:42+00:00","article_modified_time":"2018-03-01T09:07:48+00:00","og_image":[{"width":640,"height":480,"url":"https:\/\/mont-roig.cat\/wp-content\/uploads\/Costa-Z\u00e8fir-nova-senyalitzaci\u00f3_1.jpg","type":"image\/jpeg"}],"author":"administrador","twitter_card":"summary_large_image","twitter_misc":{"Escrito por":"administrador","Tiempo de lectura":"2 minutos"},"schema":{"@context":"https:\/\/schema.org","@graph":[{"@type":"Article","@id":"https:\/\/mont-roig.cat\/es\/actualitat\/noticies\/nueva-senalizacion-vial-para-mejorar-circulacion-y-seguridad-costa-zefir\/#article","isPartOf":{"@id":"https:\/\/mont-roig.cat\/es\/actualitat\/noticies\/nueva-senalizacion-vial-para-mejorar-circulacion-y-seguridad-costa-zefir\/"},"author":{"name":"administrador","@id":"https:\/\/mont-roig.cat\/es\/#\/schema\/person\/f2b111789f22b7d0c3bd6786c9128cba"},"headline":"Nueva se\u00f1alizaci\u00f3n vial para mejorar la circulaci\u00f3n y la seguridad en Costa Z\u00e8fir","datePublished":"2018-03-01T08:00:42+00:00","dateModified":"2018-03-01T09:07:48+00:00","mainEntityOfPage":{"@id":"https:\/\/mont-roig.cat\/es\/actualitat\/noticies\/nueva-senalizacion-vial-para-mejorar-circulacion-y-seguridad-costa-zefir\/"},"wordCount":346,"image":{"@id":"https:\/\/mont-roig.cat\/es\/actualitat\/noticies\/nueva-senalizacion-vial-para-mejorar-circulacion-y-seguridad-costa-zefir\/#primaryimage"},"thumbnailUrl":"https:\/\/mont-roig.cat\/wp-content\/uploads\/Costa-Z\u00e8fir-nova-senyalitzaci\u00f3_1.jpg","articleSection":["Ayuntamiento","Movilidad y transporte"],"inLanguage":"es"},{"@type":"WebPage","@id":"https:\/\/mont-roig.cat\/es\/actualitat\/noticies\/nueva-senalizacion-vial-para-mejorar-circulacion-y-seguridad-costa-zefir\/","url":"https:\/\/mont-roig.cat\/es\/actualitat\/noticies\/nueva-senalizacion-vial-para-mejorar-circulacion-y-seguridad-costa-zefir\/","name":"Nueva se\u00f1alizaci\u00f3n vial para mejorar la circulaci\u00f3n y la seguridad en Costa Z\u00e8fir - Ajuntament de Mont-roig del Camp","isPartOf":{"@id":"https:\/\/mont-roig.cat\/es\/#website"},"primaryImageOfPage":{"@id":"https:\/\/mont-roig.cat\/es\/actualitat\/noticies\/nueva-senalizacion-vial-para-mejorar-circulacion-y-seguridad-costa-zefir\/#primaryimage"},"image":{"@id":"https:\/\/mont-roig.cat\/es\/actualitat\/noticies\/nueva-senalizacion-vial-para-mejorar-circulacion-y-seguridad-costa-zefir\/#primaryimage"},"thumbnailUrl":"https:\/\/mont-roig.cat\/wp-content\/uploads\/Costa-Z\u00e8fir-nova-senyalitzaci\u00f3_1.jpg","datePublished":"2018-03-01T08:00:42+00:00","dateModified":"2018-03-01T09:07:48+00:00","author":{"@id":"https:\/\/mont-roig.cat\/es\/#\/schema\/person\/f2b111789f22b7d0c3bd6786c9128cba"},"breadcrumb":{"@id":"https:\/\/mont-roig.cat\/es\/actualitat\/noticies\/nueva-senalizacion-vial-para-mejorar-circulacion-y-seguridad-costa-zefir\/#breadcrumb"},"inLanguage":"es","potentialAction":[{"@type":"ReadAction","target":["https:\/\/mont-roig.cat\/es\/actualitat\/noticies\/nueva-senalizacion-vial-para-mejorar-circulacion-y-seguridad-costa-zefir\/"]}]},{"@type":"ImageObject","inLanguage":"es","@id":"https:\/\/mont-roig.cat\/es\/actualitat\/noticies\/nueva-senalizacion-vial-para-mejorar-circulacion-y-seguridad-costa-zefir\/#primaryimage","url":"https:\/\/mont-roig.cat\/wp-content\/uploads\/Costa-Z\u00e8fir-nova-senyalitzaci\u00f3_1.jpg","contentUrl":"https:\/\/mont-roig.cat\/wp-content\/uploads\/Costa-Z\u00e8fir-nova-senyalitzaci\u00f3_1.jpg","width":640,"height":480},{"@type":"BreadcrumbList","@id":"https:\/\/mont-roig.cat\/es\/actualitat\/noticies\/nueva-senalizacion-vial-para-mejorar-circulacion-y-seguridad-costa-zefir\/#breadcrumb","itemListElement":[{"@type":"ListItem","position":1,"name":"Inici","item":"https:\/\/mont-roig.cat\/es\/pagina-de-inicio\/"},{"@type":"ListItem","position":2,"name":"Nueva se\u00f1alizaci\u00f3n vial para mejorar la circulaci\u00f3n y la seguridad en Costa Z\u00e8fir"}]},{"@type":"WebSite","@id":"https:\/\/mont-roig.cat\/es\/#website","url":"https:\/\/mont-roig.cat\/es\/","name":"Ajuntament de Mont-roig del Camp","description":"Tota la informaci\u00f3 sobre la instituci\u00f3, els seus \u00f2rgans de govern, actualitat, serveis i molt m\u00e9s.","potentialAction":[{"@type":"SearchAction","target":{"@type":"EntryPoint","urlTemplate":"https:\/\/mont-roig.cat\/es\/?s={search_term_string}"},"query-input":{"@type":"PropertyValueSpecification","valueRequired":true,"valueName":"search_term_string"}}],"inLanguage":"es"},{"@type":"Person","@id":"https:\/\/mont-roig.cat\/es\/#\/schema\/person\/f2b111789f22b7d0c3bd6786c9128cba","name":"administrador","image":{"@type":"ImageObject","inLanguage":"es","@id":"https:\/\/secure.gravatar.com\/avatar\/9137aac6891e2595c9d3036fd83bcb653b4db3c946db4c7d9b9be193c3c944bb?s=96&d=mm&r=g","url":"https:\/\/secure.gravatar.com\/avatar\/9137aac6891e2595c9d3036fd83bcb653b4db3c946db4c7d9b9be193c3c944bb?s=96&d=mm&r=g","contentUrl":"https:\/\/secure.gravatar.com\/avatar\/9137aac6891e2595c9d3036fd83bcb653b4db3c946db4c7d9b9be193c3c944bb?s=96&d=mm&r=g","caption":"administrador"},"url":"https:\/\/mont-roig.cat\/es\/actualitat\/noticies\/author\/administrador\/"}]}},"_links":{"self":[{"href":"https:\/\/mont-roig.cat\/es\/wp-json\/wp\/v2\/posts\/25748","targetHints":{"allow":["GET"]}}],"collection":[{"href":"https:\/\/mont-roig.cat\/es\/wp-json\/wp\/v2\/posts"}],"about":[{"href":"https:\/\/mont-roig.cat\/es\/wp-json\/wp\/v2\/types\/post"}],"author":[{"embeddable":true,"href":"https:\/\/mont-roig.cat\/es\/wp-json\/wp\/v2\/users\/4"}],"replies":[{"embeddable":true,"href":"https:\/\/mont-roig.cat\/es\/wp-json\/wp\/v2\/comments?post=25748"}],"version-history":[{"count":4,"href":"https:\/\/mont-roig.cat\/es\/wp-json\/wp\/v2\/posts\/25748\/revisions"}],"predecessor-version":[{"id":25754,"href":"https:\/\/mont-roig.cat\/es\/wp-json\/wp\/v2\/posts\/25748\/revisions\/25754"}],"wp:featuredmedia":[{"embeddable":true,"href":"https:\/\/mont-roig.cat\/es\/wp-json\/wp\/v2\/media\/25744"}],"wp:attachment":[{"href":"https:\/\/mont-roig.cat\/es\/wp-json\/wp\/v2\/media?parent=25748"}],"wp:term":[{"taxonomy":"category","embeddable":true,"href":"https:\/\/mont-roig.cat\/es\/wp-json\/wp\/v2\/categories?post=25748"},{"taxonomy":"post_tag","embeddable":true,"href":"https:\/\/mont-roig.cat\/es\/wp-json\/wp\/v2\/tags?post=25748"}],"curies":[{"name":"wp","href":"https:\/\/api.w.org\/{rel}","templated":true}]}}