{"id":26214,"date":"2018-03-12T14:14:33","date_gmt":"2018-03-12T13:14:33","guid":{"rendered":"https:\/\/mont-roig.cat\/?p=26214"},"modified":"2018-03-12T14:32:36","modified_gmt":"2018-03-12T13:32:36","slug":"las-fiestas-de-sant-josep-traeran-a-miami-platja-5-dias-de-actividades-para-todos-los-publicos","status":"publish","type":"post","link":"https:\/\/mont-roig.cat\/es\/actualitat\/noticies\/las-fiestas-de-sant-josep-traeran-a-miami-platja-5-dias-de-actividades-para-todos-los-publicos\/","title":{"rendered":"Las fiestas de Sant Josep traer\u00e1n a Miami Platja 5 d\u00edas de actividades para todos los p\u00fablicos"},"content":{"rendered":"<ul>\n<li><strong>Una jornada de actos para despedir la N-340 antes del inicio de la primera fase de las obras, un espect\u00e1culo de mon\u00f3logos y una fiesta multicultural, platos fuertes de las fiestas<\/strong><\/li>\n<\/ul>\n<p><a href=\"https:\/\/mont-roig.cat\/wp-content\/uploads\/Cartell-Sant-Josep-2018-01.jpg\"><img loading=\"lazy\" decoding=\"async\" class=\"wp-image-25988 alignright\" src=\"https:\/\/mont-roig.cat\/wp-content\/uploads\/Cartell-Sant-Josep-2018-01.jpg\" alt=\"\" width=\"300\" height=\"424\" srcset=\"https:\/\/mont-roig.cat\/wp-content\/uploads\/Cartell-Sant-Josep-2018-01.jpg 1754w, https:\/\/mont-roig.cat\/wp-content\/uploads\/Cartell-Sant-Josep-2018-01-354x500.jpg 354w, https:\/\/mont-roig.cat\/wp-content\/uploads\/Cartell-Sant-Josep-2018-01-768x1086.jpg 768w, https:\/\/mont-roig.cat\/wp-content\/uploads\/Cartell-Sant-Josep-2018-01-724x1024.jpg 724w\" sizes=\"auto, (max-width: 300px) 100vw, 300px\" \/><\/a>Miami Platja se prepara para vivir la Fiesta Mayor de Sant Josep, que se celebrar\u00e1 del 15 al 19 de marzo. En esta edici\u00f3n, uno de los platos fuertes ser\u00e1 el acto &#8220;\u00a1Adi\u00f3s Nacional, hola avenida!&#8221;, una jornada de actividades para despedir simb\u00f3licamente la Nacional 340 antes del inicio de la primera fase de las obras de remodelaci\u00f3n, que se iniciar\u00e1n en breve.<\/p>\n<p>La jornada, que tendr\u00e1 lugar el s\u00e1bado 17 de marzo, contar\u00e1 con un vermut popular y un taller de pintura para llevarse un fragmento del asfalto de recuerdo. Tambi\u00e9n habr\u00e1 zancudos, la batucada del grupo local Miami Suena, un espect\u00e1culo de t\u00edteres y alguna sorpresa m\u00e1s! Y por la tarde, hinchables y fiesta holi.<\/p>\n<p>Otra de las actividades destacadas es la fiesta multicultural, que se celebrar\u00e1 el domingo 18 de marzo en la plaza del Centro Polivalente, de las 12 del mediod\u00eda a las 20 de la noche. Durante todo el d\u00eda habr\u00e1 muestra gastron\u00f3mica con degustaciones, bailes y actuaciones musicales de diversas asociaciones de Miami Platja.<\/p>\n<p>Por otra parte, los mon\u00f3logos volver\u00e1n a ser protagonistas de las fiestas a trav\u00e9s de un espect\u00e1culo que ofrecer\u00e1n Jos\u00e9 Corbacho, Jos\u00e9 Boto y Xavier Deltell, este viernes 16 de marzo, a las 10 de la noche, en el polideportivo municipal. Las entradas anticipadas ya est\u00e1n a la venta y se pueden adquirir hasta el 15 de marzo de 9 a 14 y de 16 a 19 h en la Sala 1 del Centro Polivalente.<\/p>\n<p>(<a href=\"https:\/\/mont-roig.cat\/wp-content\/uploads\/Di\u0301ptic-Sant-Josep-Web-1.pdf\" target=\"_blank\" rel=\"noopener\">Descarga el programa de las fiestas de Sant Josep<\/a>)<\/p>\n<p>Los actos, pero se iniciar\u00e1n de manera oficial el viernes 16 de marzo a las 19 horas con el preg\u00f3n de fiestas, que correr\u00e1 a cargo de la vecina Isabel Mu\u00f1oz Mart\u00ednez. Se ofrecer\u00e1 tambi\u00e9n aperitivo popular y m\u00fasica en directo.<\/p>\n<p>Durante estos d\u00edas habr\u00e1 actividades dirigidas a todos los p\u00fablicos, como los torneos y la noche Joven en la plaza de l&#8217;Illa el s\u00e1bado, el baile popular en el centro polivalente, el espect\u00e1culo de cabaret The lovers, domingo 18 de marzo o las actividades deportivas que organizan diversas entidades locales.<\/p>\n<p>El lunes 19 de marzo, tras la tradicional misa rociera, los m\u00e1s peque\u00f1os ser\u00e1n los protagonistas. Podr\u00e1n pintar un mural, subir al tren para pasear y disfrutar de un espect\u00e1culo de magia.<\/p>\n<p><a href=\"https:\/\/mont-roig.cat\/wp-content\/uploads\/Cartell-Sant-Josep-mut-01.jpg\"><img loading=\"lazy\" decoding=\"async\" class=\"wp-image-25990 alignleft\" src=\"https:\/\/mont-roig.cat\/wp-content\/uploads\/Cartell-Sant-Josep-mut-02.jpg\" alt=\"\" width=\"200\" height=\"283\" srcset=\"https:\/\/mont-roig.cat\/wp-content\/uploads\/Cartell-Sant-Josep-mut-02.jpg 1169w, https:\/\/mont-roig.cat\/wp-content\/uploads\/Cartell-Sant-Josep-mut-02-353x500.jpg 353w, https:\/\/mont-roig.cat\/wp-content\/uploads\/Cartell-Sant-Josep-mut-02-768x1087.jpg 768w, https:\/\/mont-roig.cat\/wp-content\/uploads\/Cartell-Sant-Josep-mut-02-724x1024.jpg 724w\" sizes=\"auto, (max-width: 200px) 100vw, 200px\" \/><img loading=\"lazy\" decoding=\"async\" class=\"wp-image-25989 alignleft\" src=\"https:\/\/mont-roig.cat\/wp-content\/uploads\/Cartell-Sant-Josep-mut-01.jpg\" alt=\"\" width=\"200\" height=\"283\" srcset=\"https:\/\/mont-roig.cat\/wp-content\/uploads\/Cartell-Sant-Josep-mut-01.jpg 1169w, https:\/\/mont-roig.cat\/wp-content\/uploads\/Cartell-Sant-Josep-mut-01-353x500.jpg 353w, https:\/\/mont-roig.cat\/wp-content\/uploads\/Cartell-Sant-Josep-mut-01-768x1087.jpg 768w, https:\/\/mont-roig.cat\/wp-content\/uploads\/Cartell-Sant-Josep-mut-01-724x1024.jpg 724w\" sizes=\"auto, (max-width: 200px) 100vw, 200px\" \/><\/a><\/p>\n","protected":false},"excerpt":{"rendered":"<p>Una jornada de actos para despedir la N-340 antes del inicio de la primera fase de las obras, un espect\u00e1culo de mon\u00f3logos y una fiesta multicultural, platos fuertes de las fiestas Miami Platja se prepara para vivir la Fiesta Mayor de Sant Josep, que se celebrar\u00e1 del 15 al 19 de marzo. En esta edici\u00f3n, [&hellip;]<\/p>\n","protected":false},"author":4,"featured_media":25988,"comment_status":"closed","ping_status":"closed","sticky":false,"template":"","format":"standard","meta":{"inline_featured_image":false,"_monsterinsights_skip_tracking":false,"_monsterinsights_sitenote_active":false,"_monsterinsights_sitenote_note":"","_monsterinsights_sitenote_category":0,"footnotes":""},"categories":[105],"tags":[],"class_list":["post-26214","post","type-post","status-publish","format-standard","has-post-thumbnail","hentry","category-fiestas"],"yoast_head":"<!-- This site is optimized with the Yoast SEO plugin v27.4 - https:\/\/yoast.com\/product\/yoast-seo-wordpress\/ -->\n<title>Las fiestas de Sant Josep traer\u00e1n a Miami Platja 5 d\u00edas de actividades para todos los p\u00fablicos - Ajuntament de Mont-roig del Camp<\/title>\n<meta name=\"robots\" content=\"index, follow, max-snippet:-1, max-image-preview:large, max-video-preview:-1\" \/>\n<link rel=\"canonical\" href=\"https:\/\/mont-roig.cat\/es\/actualitat\/noticies\/las-fiestas-de-sant-josep-traeran-a-miami-platja-5-dias-de-actividades-para-todos-los-publicos\/\" \/>\n<meta property=\"og:locale\" content=\"es_ES\" \/>\n<meta property=\"og:type\" content=\"article\" \/>\n<meta property=\"og:title\" content=\"Las fiestas de Sant Josep traer\u00e1n a Miami Platja 5 d\u00edas de actividades para todos los p\u00fablicos - Ajuntament de Mont-roig del Camp\" \/>\n<meta property=\"og:description\" content=\"Una jornada de actos para despedir la N-340 antes del inicio de la primera fase de las obras, un espect\u00e1culo de mon\u00f3logos y una fiesta multicultural, platos fuertes de las fiestas Miami Platja se prepara para vivir la Fiesta Mayor de Sant Josep, que se celebrar\u00e1 del 15 al 19 de marzo. En esta edici\u00f3n, [&hellip;]\" \/>\n<meta property=\"og:url\" content=\"https:\/\/mont-roig.cat\/es\/actualitat\/noticies\/las-fiestas-de-sant-josep-traeran-a-miami-platja-5-dias-de-actividades-para-todos-los-publicos\/\" \/>\n<meta property=\"og:site_name\" content=\"Ajuntament de Mont-roig del Camp\" \/>\n<meta property=\"article:published_time\" content=\"2018-03-12T13:14:33+00:00\" \/>\n<meta property=\"article:modified_time\" content=\"2018-03-12T13:32:36+00:00\" \/>\n<meta property=\"og:image\" content=\"https:\/\/mont-roig.cat\/wp-content\/uploads\/Cartell-Sant-Josep-2018-01-724x1024.jpg\" \/>\n\t<meta property=\"og:image:width\" content=\"724\" \/>\n\t<meta property=\"og:image:height\" content=\"1024\" \/>\n\t<meta property=\"og:image:type\" content=\"image\/jpeg\" \/>\n<meta name=\"author\" content=\"administrador\" \/>\n<meta name=\"twitter:card\" content=\"summary_large_image\" \/>\n<meta name=\"twitter:label1\" content=\"Escrito por\" \/>\n\t<meta name=\"twitter:data1\" content=\"administrador\" \/>\n\t<meta name=\"twitter:label2\" content=\"Tiempo de lectura\" \/>\n\t<meta name=\"twitter:data2\" content=\"2 minutos\" \/>\n<script type=\"application\/ld+json\" class=\"yoast-schema-graph\">{\"@context\":\"https:\\\/\\\/schema.org\",\"@graph\":[{\"@type\":\"Article\",\"@id\":\"https:\\\/\\\/mont-roig.cat\\\/es\\\/actualitat\\\/noticies\\\/las-fiestas-de-sant-josep-traeran-a-miami-platja-5-dias-de-actividades-para-todos-los-publicos\\\/#article\",\"isPartOf\":{\"@id\":\"https:\\\/\\\/mont-roig.cat\\\/es\\\/actualitat\\\/noticies\\\/las-fiestas-de-sant-josep-traeran-a-miami-platja-5-dias-de-actividades-para-todos-los-publicos\\\/\"},\"author\":{\"name\":\"administrador\",\"@id\":\"https:\\\/\\\/mont-roig.cat\\\/es\\\/#\\\/schema\\\/person\\\/f2b111789f22b7d0c3bd6786c9128cba\"},\"headline\":\"Las fiestas de Sant Josep traer\u00e1n a Miami Platja 5 d\u00edas de actividades para todos los p\u00fablicos\",\"datePublished\":\"2018-03-12T13:14:33+00:00\",\"dateModified\":\"2018-03-12T13:32:36+00:00\",\"mainEntityOfPage\":{\"@id\":\"https:\\\/\\\/mont-roig.cat\\\/es\\\/actualitat\\\/noticies\\\/las-fiestas-de-sant-josep-traeran-a-miami-platja-5-dias-de-actividades-para-todos-los-publicos\\\/\"},\"wordCount\":444,\"image\":{\"@id\":\"https:\\\/\\\/mont-roig.cat\\\/es\\\/actualitat\\\/noticies\\\/las-fiestas-de-sant-josep-traeran-a-miami-platja-5-dias-de-actividades-para-todos-los-publicos\\\/#primaryimage\"},\"thumbnailUrl\":\"https:\\\/\\\/mont-roig.cat\\\/wp-content\\\/uploads\\\/Cartell-Sant-Josep-2018-01.jpg\",\"articleSection\":[\"Festes\"],\"inLanguage\":\"es\"},{\"@type\":\"WebPage\",\"@id\":\"https:\\\/\\\/mont-roig.cat\\\/es\\\/actualitat\\\/noticies\\\/las-fiestas-de-sant-josep-traeran-a-miami-platja-5-dias-de-actividades-para-todos-los-publicos\\\/\",\"url\":\"https:\\\/\\\/mont-roig.cat\\\/es\\\/actualitat\\\/noticies\\\/las-fiestas-de-sant-josep-traeran-a-miami-platja-5-dias-de-actividades-para-todos-los-publicos\\\/\",\"name\":\"Las fiestas de Sant Josep traer\u00e1n a Miami Platja 5 d\u00edas de actividades para todos los p\u00fablicos - Ajuntament de Mont-roig del Camp\",\"isPartOf\":{\"@id\":\"https:\\\/\\\/mont-roig.cat\\\/es\\\/#website\"},\"primaryImageOfPage\":{\"@id\":\"https:\\\/\\\/mont-roig.cat\\\/es\\\/actualitat\\\/noticies\\\/las-fiestas-de-sant-josep-traeran-a-miami-platja-5-dias-de-actividades-para-todos-los-publicos\\\/#primaryimage\"},\"image\":{\"@id\":\"https:\\\/\\\/mont-roig.cat\\\/es\\\/actualitat\\\/noticies\\\/las-fiestas-de-sant-josep-traeran-a-miami-platja-5-dias-de-actividades-para-todos-los-publicos\\\/#primaryimage\"},\"thumbnailUrl\":\"https:\\\/\\\/mont-roig.cat\\\/wp-content\\\/uploads\\\/Cartell-Sant-Josep-2018-01.jpg\",\"datePublished\":\"2018-03-12T13:14:33+00:00\",\"dateModified\":\"2018-03-12T13:32:36+00:00\",\"author\":{\"@id\":\"https:\\\/\\\/mont-roig.cat\\\/es\\\/#\\\/schema\\\/person\\\/f2b111789f22b7d0c3bd6786c9128cba\"},\"breadcrumb\":{\"@id\":\"https:\\\/\\\/mont-roig.cat\\\/es\\\/actualitat\\\/noticies\\\/las-fiestas-de-sant-josep-traeran-a-miami-platja-5-dias-de-actividades-para-todos-los-publicos\\\/#breadcrumb\"},\"inLanguage\":\"es\",\"potentialAction\":[{\"@type\":\"ReadAction\",\"target\":[\"https:\\\/\\\/mont-roig.cat\\\/es\\\/actualitat\\\/noticies\\\/las-fiestas-de-sant-josep-traeran-a-miami-platja-5-dias-de-actividades-para-todos-los-publicos\\\/\"]}]},{\"@type\":\"ImageObject\",\"inLanguage\":\"es\",\"@id\":\"https:\\\/\\\/mont-roig.cat\\\/es\\\/actualitat\\\/noticies\\\/las-fiestas-de-sant-josep-traeran-a-miami-platja-5-dias-de-actividades-para-todos-los-publicos\\\/#primaryimage\",\"url\":\"https:\\\/\\\/mont-roig.cat\\\/wp-content\\\/uploads\\\/Cartell-Sant-Josep-2018-01.jpg\",\"contentUrl\":\"https:\\\/\\\/mont-roig.cat\\\/wp-content\\\/uploads\\\/Cartell-Sant-Josep-2018-01.jpg\",\"width\":1754,\"height\":2480},{\"@type\":\"BreadcrumbList\",\"@id\":\"https:\\\/\\\/mont-roig.cat\\\/es\\\/actualitat\\\/noticies\\\/las-fiestas-de-sant-josep-traeran-a-miami-platja-5-dias-de-actividades-para-todos-los-publicos\\\/#breadcrumb\",\"itemListElement\":[{\"@type\":\"ListItem\",\"position\":1,\"name\":\"Inici\",\"item\":\"https:\\\/\\\/mont-roig.cat\\\/es\\\/pagina-de-inicio\\\/\"},{\"@type\":\"ListItem\",\"position\":2,\"name\":\"Las fiestas de Sant Josep traer\u00e1n a Miami Platja 5 d\u00edas de actividades para todos los p\u00fablicos\"}]},{\"@type\":\"WebSite\",\"@id\":\"https:\\\/\\\/mont-roig.cat\\\/es\\\/#website\",\"url\":\"https:\\\/\\\/mont-roig.cat\\\/es\\\/\",\"name\":\"Ajuntament de Mont-roig del Camp\",\"description\":\"Tota la informaci\u00f3 sobre la instituci\u00f3, els seus \u00f2rgans de govern, actualitat, serveis i molt m\u00e9s.\",\"potentialAction\":[{\"@type\":\"SearchAction\",\"target\":{\"@type\":\"EntryPoint\",\"urlTemplate\":\"https:\\\/\\\/mont-roig.cat\\\/es\\\/?s={search_term_string}\"},\"query-input\":{\"@type\":\"PropertyValueSpecification\",\"valueRequired\":true,\"valueName\":\"search_term_string\"}}],\"inLanguage\":\"es\"},{\"@type\":\"Person\",\"@id\":\"https:\\\/\\\/mont-roig.cat\\\/es\\\/#\\\/schema\\\/person\\\/f2b111789f22b7d0c3bd6786c9128cba\",\"name\":\"administrador\",\"image\":{\"@type\":\"ImageObject\",\"inLanguage\":\"es\",\"@id\":\"https:\\\/\\\/secure.gravatar.com\\\/avatar\\\/9137aac6891e2595c9d3036fd83bcb653b4db3c946db4c7d9b9be193c3c944bb?s=96&d=mm&r=g\",\"url\":\"https:\\\/\\\/secure.gravatar.com\\\/avatar\\\/9137aac6891e2595c9d3036fd83bcb653b4db3c946db4c7d9b9be193c3c944bb?s=96&d=mm&r=g\",\"contentUrl\":\"https:\\\/\\\/secure.gravatar.com\\\/avatar\\\/9137aac6891e2595c9d3036fd83bcb653b4db3c946db4c7d9b9be193c3c944bb?s=96&d=mm&r=g\",\"caption\":\"administrador\"},\"url\":\"https:\\\/\\\/mont-roig.cat\\\/es\\\/actualitat\\\/noticies\\\/author\\\/administrador\\\/\"}]}<\/script>\n<!-- \/ Yoast SEO plugin. -->","yoast_head_json":{"title":"Las fiestas de Sant Josep traer\u00e1n a Miami Platja 5 d\u00edas de actividades para todos los p\u00fablicos - Ajuntament de Mont-roig del Camp","robots":{"index":"index","follow":"follow","max-snippet":"max-snippet:-1","max-image-preview":"max-image-preview:large","max-video-preview":"max-video-preview:-1"},"canonical":"https:\/\/mont-roig.cat\/es\/actualitat\/noticies\/las-fiestas-de-sant-josep-traeran-a-miami-platja-5-dias-de-actividades-para-todos-los-publicos\/","og_locale":"es_ES","og_type":"article","og_title":"Las fiestas de Sant Josep traer\u00e1n a Miami Platja 5 d\u00edas de actividades para todos los p\u00fablicos - Ajuntament de Mont-roig del Camp","og_description":"Una jornada de actos para despedir la N-340 antes del inicio de la primera fase de las obras, un espect\u00e1culo de mon\u00f3logos y una fiesta multicultural, platos fuertes de las fiestas Miami Platja se prepara para vivir la Fiesta Mayor de Sant Josep, que se celebrar\u00e1 del 15 al 19 de marzo. En esta edici\u00f3n, [&hellip;]","og_url":"https:\/\/mont-roig.cat\/es\/actualitat\/noticies\/las-fiestas-de-sant-josep-traeran-a-miami-platja-5-dias-de-actividades-para-todos-los-publicos\/","og_site_name":"Ajuntament de Mont-roig del Camp","article_published_time":"2018-03-12T13:14:33+00:00","article_modified_time":"2018-03-12T13:32:36+00:00","og_image":[{"width":724,"height":1024,"url":"https:\/\/mont-roig.cat\/wp-content\/uploads\/Cartell-Sant-Josep-2018-01-724x1024.jpg","type":"image\/jpeg"}],"author":"administrador","twitter_card":"summary_large_image","twitter_misc":{"Escrito por":"administrador","Tiempo de lectura":"2 minutos"},"schema":{"@context":"https:\/\/schema.org","@graph":[{"@type":"Article","@id":"https:\/\/mont-roig.cat\/es\/actualitat\/noticies\/las-fiestas-de-sant-josep-traeran-a-miami-platja-5-dias-de-actividades-para-todos-los-publicos\/#article","isPartOf":{"@id":"https:\/\/mont-roig.cat\/es\/actualitat\/noticies\/las-fiestas-de-sant-josep-traeran-a-miami-platja-5-dias-de-actividades-para-todos-los-publicos\/"},"author":{"name":"administrador","@id":"https:\/\/mont-roig.cat\/es\/#\/schema\/person\/f2b111789f22b7d0c3bd6786c9128cba"},"headline":"Las fiestas de Sant Josep traer\u00e1n a Miami Platja 5 d\u00edas de actividades para todos los p\u00fablicos","datePublished":"2018-03-12T13:14:33+00:00","dateModified":"2018-03-12T13:32:36+00:00","mainEntityOfPage":{"@id":"https:\/\/mont-roig.cat\/es\/actualitat\/noticies\/las-fiestas-de-sant-josep-traeran-a-miami-platja-5-dias-de-actividades-para-todos-los-publicos\/"},"wordCount":444,"image":{"@id":"https:\/\/mont-roig.cat\/es\/actualitat\/noticies\/las-fiestas-de-sant-josep-traeran-a-miami-platja-5-dias-de-actividades-para-todos-los-publicos\/#primaryimage"},"thumbnailUrl":"https:\/\/mont-roig.cat\/wp-content\/uploads\/Cartell-Sant-Josep-2018-01.jpg","articleSection":["Festes"],"inLanguage":"es"},{"@type":"WebPage","@id":"https:\/\/mont-roig.cat\/es\/actualitat\/noticies\/las-fiestas-de-sant-josep-traeran-a-miami-platja-5-dias-de-actividades-para-todos-los-publicos\/","url":"https:\/\/mont-roig.cat\/es\/actualitat\/noticies\/las-fiestas-de-sant-josep-traeran-a-miami-platja-5-dias-de-actividades-para-todos-los-publicos\/","name":"Las fiestas de Sant Josep traer\u00e1n a Miami Platja 5 d\u00edas de actividades para todos los p\u00fablicos - Ajuntament de Mont-roig del Camp","isPartOf":{"@id":"https:\/\/mont-roig.cat\/es\/#website"},"primaryImageOfPage":{"@id":"https:\/\/mont-roig.cat\/es\/actualitat\/noticies\/las-fiestas-de-sant-josep-traeran-a-miami-platja-5-dias-de-actividades-para-todos-los-publicos\/#primaryimage"},"image":{"@id":"https:\/\/mont-roig.cat\/es\/actualitat\/noticies\/las-fiestas-de-sant-josep-traeran-a-miami-platja-5-dias-de-actividades-para-todos-los-publicos\/#primaryimage"},"thumbnailUrl":"https:\/\/mont-roig.cat\/wp-content\/uploads\/Cartell-Sant-Josep-2018-01.jpg","datePublished":"2018-03-12T13:14:33+00:00","dateModified":"2018-03-12T13:32:36+00:00","author":{"@id":"https:\/\/mont-roig.cat\/es\/#\/schema\/person\/f2b111789f22b7d0c3bd6786c9128cba"},"breadcrumb":{"@id":"https:\/\/mont-roig.cat\/es\/actualitat\/noticies\/las-fiestas-de-sant-josep-traeran-a-miami-platja-5-dias-de-actividades-para-todos-los-publicos\/#breadcrumb"},"inLanguage":"es","potentialAction":[{"@type":"ReadAction","target":["https:\/\/mont-roig.cat\/es\/actualitat\/noticies\/las-fiestas-de-sant-josep-traeran-a-miami-platja-5-dias-de-actividades-para-todos-los-publicos\/"]}]},{"@type":"ImageObject","inLanguage":"es","@id":"https:\/\/mont-roig.cat\/es\/actualitat\/noticies\/las-fiestas-de-sant-josep-traeran-a-miami-platja-5-dias-de-actividades-para-todos-los-publicos\/#primaryimage","url":"https:\/\/mont-roig.cat\/wp-content\/uploads\/Cartell-Sant-Josep-2018-01.jpg","contentUrl":"https:\/\/mont-roig.cat\/wp-content\/uploads\/Cartell-Sant-Josep-2018-01.jpg","width":1754,"height":2480},{"@type":"BreadcrumbList","@id":"https:\/\/mont-roig.cat\/es\/actualitat\/noticies\/las-fiestas-de-sant-josep-traeran-a-miami-platja-5-dias-de-actividades-para-todos-los-publicos\/#breadcrumb","itemListElement":[{"@type":"ListItem","position":1,"name":"Inici","item":"https:\/\/mont-roig.cat\/es\/pagina-de-inicio\/"},{"@type":"ListItem","position":2,"name":"Las fiestas de Sant Josep traer\u00e1n a Miami Platja 5 d\u00edas de actividades para todos los p\u00fablicos"}]},{"@type":"WebSite","@id":"https:\/\/mont-roig.cat\/es\/#website","url":"https:\/\/mont-roig.cat\/es\/","name":"Ajuntament de Mont-roig del Camp","description":"Tota la informaci\u00f3 sobre la instituci\u00f3, els seus \u00f2rgans de govern, actualitat, serveis i molt m\u00e9s.","potentialAction":[{"@type":"SearchAction","target":{"@type":"EntryPoint","urlTemplate":"https:\/\/mont-roig.cat\/es\/?s={search_term_string}"},"query-input":{"@type":"PropertyValueSpecification","valueRequired":true,"valueName":"search_term_string"}}],"inLanguage":"es"},{"@type":"Person","@id":"https:\/\/mont-roig.cat\/es\/#\/schema\/person\/f2b111789f22b7d0c3bd6786c9128cba","name":"administrador","image":{"@type":"ImageObject","inLanguage":"es","@id":"https:\/\/secure.gravatar.com\/avatar\/9137aac6891e2595c9d3036fd83bcb653b4db3c946db4c7d9b9be193c3c944bb?s=96&d=mm&r=g","url":"https:\/\/secure.gravatar.com\/avatar\/9137aac6891e2595c9d3036fd83bcb653b4db3c946db4c7d9b9be193c3c944bb?s=96&d=mm&r=g","contentUrl":"https:\/\/secure.gravatar.com\/avatar\/9137aac6891e2595c9d3036fd83bcb653b4db3c946db4c7d9b9be193c3c944bb?s=96&d=mm&r=g","caption":"administrador"},"url":"https:\/\/mont-roig.cat\/es\/actualitat\/noticies\/author\/administrador\/"}]}},"_links":{"self":[{"href":"https:\/\/mont-roig.cat\/es\/wp-json\/wp\/v2\/posts\/26214","targetHints":{"allow":["GET"]}}],"collection":[{"href":"https:\/\/mont-roig.cat\/es\/wp-json\/wp\/v2\/posts"}],"about":[{"href":"https:\/\/mont-roig.cat\/es\/wp-json\/wp\/v2\/types\/post"}],"author":[{"embeddable":true,"href":"https:\/\/mont-roig.cat\/es\/wp-json\/wp\/v2\/users\/4"}],"replies":[{"embeddable":true,"href":"https:\/\/mont-roig.cat\/es\/wp-json\/wp\/v2\/comments?post=26214"}],"version-history":[{"count":4,"href":"https:\/\/mont-roig.cat\/es\/wp-json\/wp\/v2\/posts\/26214\/revisions"}],"predecessor-version":[{"id":26224,"href":"https:\/\/mont-roig.cat\/es\/wp-json\/wp\/v2\/posts\/26214\/revisions\/26224"}],"wp:featuredmedia":[{"embeddable":true,"href":"https:\/\/mont-roig.cat\/es\/wp-json\/wp\/v2\/media\/25988"}],"wp:attachment":[{"href":"https:\/\/mont-roig.cat\/es\/wp-json\/wp\/v2\/media?parent=26214"}],"wp:term":[{"taxonomy":"category","embeddable":true,"href":"https:\/\/mont-roig.cat\/es\/wp-json\/wp\/v2\/categories?post=26214"},{"taxonomy":"post_tag","embeddable":true,"href":"https:\/\/mont-roig.cat\/es\/wp-json\/wp\/v2\/tags?post=26214"}],"curies":[{"name":"wp","href":"https:\/\/api.w.org\/{rel}","templated":true}]}}