{"id":26367,"date":"2018-03-21T08:40:42","date_gmt":"2018-03-21T07:40:42","guid":{"rendered":"https:\/\/mont-roig.cat\/?p=26367"},"modified":"2018-03-21T08:40:42","modified_gmt":"2018-03-21T07:40:42","slug":"las-agentes-civicas-ponen-en-marcha-una-campana-de-sensibilizacion-de-ahorro-de-agua","status":"publish","type":"post","link":"https:\/\/mont-roig.cat\/es\/actualitat\/noticies\/las-agentes-civicas-ponen-en-marcha-una-campana-de-sensibilizacion-de-ahorro-de-agua\/","title":{"rendered":"Las agentes c\u00edvicas ponen en marcha una campa\u00f1a de sensibilizaci\u00f3n de ahorro de agua"},"content":{"rendered":"<ul>\n<li>\n<p id=\"tw-target-text\" class=\"tw-data-text tw-ta tw-text-small\" dir=\"ltr\" data-placeholder=\"Traducci\u00f3n\"><strong><span lang=\"es\">La iniciativa surge del programa Trabajo en los Barris y se extender\u00e1 a todo el municipio<\/span><\/strong><\/p>\n<\/li>\n<\/ul>\n<p><a href=\"https:\/\/mont-roig.cat\/wp-content\/uploads\/aigua2_flyer.jpg\"><img loading=\"lazy\" decoding=\"async\" class=\"alignright wp-image-26362\" src=\"https:\/\/mont-roig.cat\/wp-content\/uploads\/aigua2_flyer.jpg\" alt=\"\" width=\"150\" height=\"375\" srcset=\"https:\/\/mont-roig.cat\/wp-content\/uploads\/aigua2_flyer.jpg 800w, https:\/\/mont-roig.cat\/wp-content\/uploads\/aigua2_flyer-200x500.jpg 200w, https:\/\/mont-roig.cat\/wp-content\/uploads\/aigua2_flyer-768x1920.jpg 768w, https:\/\/mont-roig.cat\/wp-content\/uploads\/aigua2_flyer-410x1024.jpg 410w\" sizes=\"auto, (max-width: 150px) 100vw, 150px\" \/><\/a><img loading=\"lazy\" decoding=\"async\" class=\"alignright wp-image-26361\" src=\"https:\/\/mont-roig.cat\/wp-content\/uploads\/aigua1_flyer.jpg\" alt=\"\" width=\"150\" height=\"375\" srcset=\"https:\/\/mont-roig.cat\/wp-content\/uploads\/aigua1_flyer.jpg 800w, https:\/\/mont-roig.cat\/wp-content\/uploads\/aigua1_flyer-200x500.jpg 200w, https:\/\/mont-roig.cat\/wp-content\/uploads\/aigua1_flyer-768x1920.jpg 768w, https:\/\/mont-roig.cat\/wp-content\/uploads\/aigua1_flyer-410x1024.jpg 410w\" sizes=\"auto, (max-width: 150px) 100vw, 150px\" \/>Coincidiendo con el d\u00eda Mundial del Agua, que se celebra el 22 de marzo, las agentes c\u00edvicas del Plan de Barrios de La Florida llevar\u00e1n a cabo una campa\u00f1a informativa para sensibilizar a la poblaci\u00f3n de la importancia de ahorrar agua.<\/p>\n<p id=\"tw-target-text\" class=\"tw-data-text tw-ta tw-text-small\" dir=\"ltr\" data-placeholder=\"Traducci\u00f3n\"><span lang=\"es\">La iniciativa se ha desarrollado a partir de las campa\u00f1as de sensibilizaci\u00f3n ambiental del programa Trabajo en los Barrios, subvencionado por el SOC y ha contado con la colaboraci\u00f3n de Nostraigua y el Departamento de Medio Ambiente del Ayuntamiento de Mont-roig del Camp. En concreto se ha preparado un flyer informativo que quiere concienciar sobre la importancia de los peque\u00f1os gestos que podemos hacer en casa para ahorrar agua.<\/span><\/p>\n<p id=\"tw-target-text\" class=\"tw-data-text tw-ta tw-text-small\" dir=\"ltr\" data-placeholder=\"Traducci\u00f3n\"><span lang=\"es\">A partir de este material, que tambi\u00e9n se distribuir\u00e1 a varios puntos municipales, las agentes c\u00edvicas informar\u00e1n a comercios y vecinos del barrio, sobre esta campa\u00f1a.<\/span><\/p>\n<p id=\"tw-target-text\" class=\"tw-data-text tw-ta tw-text-small\" dir=\"ltr\" data-placeholder=\"Traducci\u00f3n\"><span lang=\"es\">Paralelamente, y en colaboraci\u00f3n con la escuela Joan Mir\u00f3, se ha planificado una visita con los alumnos de 3 a 6 a\u00f1os durante los d\u00edas 21 y 22 de marzo en el Centro Polivalente. Las agentes c\u00edvicas les explicar\u00e1n cuentos y peque\u00f1os relatos relacionados con la educaci\u00f3n ambiental y pondr\u00e1n especial \u00e9nfasis en la importancia de hacer un consumo eficiente del agua. Se aprovechar\u00e1 la visita para hacer tambi\u00e9n peque\u00f1as actividades l\u00fadicas relacionadas con el agua.<\/span><\/p>\n<p id=\"tw-target-text\" class=\"tw-data-text tw-ta tw-text-small\" dir=\"ltr\" data-placeholder=\"Traducci\u00f3n\"><span lang=\"es\">Por otra parte, otra actividad de sensibilizaci\u00f3n ambiental que se llevar\u00e1 a cabo los pr\u00f3ximos d\u00edas ser\u00e1 el programa ECOCASES. En esta campa\u00f1a, se entregar\u00e1 un kit de ahorro de agua (de un dep\u00f3sito de recogida de aguas pluviales, grifo de dep\u00f3sito, aireador de ducha y de grifo) a un total de 10 hogares elegidas aleatoriamente con el fin de introducir peque\u00f1os gestos que se traduzcan en ahorro h\u00eddrico, convertirlos en cotidianos y perdurables. Esta campa\u00f1a tendr\u00e1 una duraci\u00f3n prevista de 3 meses, en la que las agentes c\u00edvicas acompa\u00f1ar\u00e1n a las familias en todo el proceso y posteriormente se analizar\u00e1n las facturas recibidas.<\/span><\/p>\n<p><a href=\"https:\/\/mont-roig.cat\/wp-content\/uploads\/Estalvi-aigua.jpeg\"><img loading=\"lazy\" decoding=\"async\" class=\"alignleft wp-image-26363\" src=\"https:\/\/mont-roig.cat\/wp-content\/uploads\/Estalvi-aigua.jpeg\" alt=\"\" width=\"300\" height=\"186\" srcset=\"https:\/\/mont-roig.cat\/wp-content\/uploads\/Estalvi-aigua.jpeg 1920w, https:\/\/mont-roig.cat\/wp-content\/uploads\/Estalvi-aigua-500x310.jpeg 500w, https:\/\/mont-roig.cat\/wp-content\/uploads\/Estalvi-aigua-768x476.jpeg 768w, https:\/\/mont-roig.cat\/wp-content\/uploads\/Estalvi-aigua-1024x634.jpeg 1024w\" sizes=\"auto, (max-width: 300px) 100vw, 300px\" \/><\/a><\/p>\n","protected":false},"excerpt":{"rendered":"<p>La iniciativa surge del programa Trabajo en los Barris y se extender\u00e1 a todo el municipio Coincidiendo con el d\u00eda Mundial del Agua, que se celebra el 22 de marzo, las agentes c\u00edvicas del Plan de Barrios de La Florida llevar\u00e1n a cabo una campa\u00f1a informativa para sensibilizar a la poblaci\u00f3n de la importancia de [&hellip;]<\/p>\n","protected":false},"author":4,"featured_media":26363,"comment_status":"closed","ping_status":"closed","sticky":false,"template":"","format":"standard","meta":{"inline_featured_image":false,"_monsterinsights_skip_tracking":false,"_monsterinsights_sitenote_active":false,"_monsterinsights_sitenote_note":"","_monsterinsights_sitenote_category":0,"footnotes":""},"categories":[135],"tags":[],"class_list":["post-26367","post","type-post","status-publish","format-standard","has-post-thumbnail","hentry","category-plan-de-barrios-es"],"yoast_head":"<!-- This site is optimized with the Yoast SEO plugin v27.4 - https:\/\/yoast.com\/product\/yoast-seo-wordpress\/ -->\n<title>Las agentes c\u00edvicas ponen en marcha una campa\u00f1a de sensibilizaci\u00f3n de ahorro de agua - Ajuntament de Mont-roig del Camp<\/title>\n<meta name=\"robots\" content=\"index, follow, max-snippet:-1, max-image-preview:large, max-video-preview:-1\" \/>\n<link rel=\"canonical\" href=\"https:\/\/mont-roig.cat\/es\/actualitat\/noticies\/las-agentes-civicas-ponen-en-marcha-una-campana-de-sensibilizacion-de-ahorro-de-agua\/\" \/>\n<meta property=\"og:locale\" content=\"es_ES\" \/>\n<meta property=\"og:type\" content=\"article\" \/>\n<meta property=\"og:title\" content=\"Las agentes c\u00edvicas ponen en marcha una campa\u00f1a de sensibilizaci\u00f3n de ahorro de agua - Ajuntament de Mont-roig del Camp\" \/>\n<meta property=\"og:description\" content=\"La iniciativa surge del programa Trabajo en los Barris y se extender\u00e1 a todo el municipio Coincidiendo con el d\u00eda Mundial del Agua, que se celebra el 22 de marzo, las agentes c\u00edvicas del Plan de Barrios de La Florida llevar\u00e1n a cabo una campa\u00f1a informativa para sensibilizar a la poblaci\u00f3n de la importancia de [&hellip;]\" \/>\n<meta property=\"og:url\" content=\"https:\/\/mont-roig.cat\/es\/actualitat\/noticies\/las-agentes-civicas-ponen-en-marcha-una-campana-de-sensibilizacion-de-ahorro-de-agua\/\" \/>\n<meta property=\"og:site_name\" content=\"Ajuntament de Mont-roig del Camp\" \/>\n<meta property=\"article:published_time\" content=\"2018-03-21T07:40:42+00:00\" \/>\n<meta property=\"og:image\" content=\"https:\/\/mont-roig.cat\/wp-content\/uploads\/Estalvi-aigua.jpeg\" \/>\n\t<meta property=\"og:image:width\" content=\"1920\" \/>\n\t<meta property=\"og:image:height\" content=\"1190\" \/>\n\t<meta property=\"og:image:type\" content=\"image\/jpeg\" \/>\n<meta name=\"author\" content=\"administrador\" \/>\n<meta name=\"twitter:card\" content=\"summary_large_image\" \/>\n<meta name=\"twitter:label1\" content=\"Escrito por\" \/>\n\t<meta name=\"twitter:data1\" content=\"administrador\" \/>\n\t<meta name=\"twitter:label2\" content=\"Tiempo de lectura\" \/>\n\t<meta name=\"twitter:data2\" content=\"2 minutos\" \/>\n<script type=\"application\/ld+json\" class=\"yoast-schema-graph\">{\"@context\":\"https:\\\/\\\/schema.org\",\"@graph\":[{\"@type\":\"Article\",\"@id\":\"https:\\\/\\\/mont-roig.cat\\\/es\\\/actualitat\\\/noticies\\\/las-agentes-civicas-ponen-en-marcha-una-campana-de-sensibilizacion-de-ahorro-de-agua\\\/#article\",\"isPartOf\":{\"@id\":\"https:\\\/\\\/mont-roig.cat\\\/es\\\/actualitat\\\/noticies\\\/las-agentes-civicas-ponen-en-marcha-una-campana-de-sensibilizacion-de-ahorro-de-agua\\\/\"},\"author\":{\"name\":\"administrador\",\"@id\":\"https:\\\/\\\/mont-roig.cat\\\/es\\\/#\\\/schema\\\/person\\\/f2b111789f22b7d0c3bd6786c9128cba\"},\"headline\":\"Las agentes c\u00edvicas ponen en marcha una campa\u00f1a de sensibilizaci\u00f3n de ahorro de agua\",\"datePublished\":\"2018-03-21T07:40:42+00:00\",\"mainEntityOfPage\":{\"@id\":\"https:\\\/\\\/mont-roig.cat\\\/es\\\/actualitat\\\/noticies\\\/las-agentes-civicas-ponen-en-marcha-una-campana-de-sensibilizacion-de-ahorro-de-agua\\\/\"},\"wordCount\":380,\"image\":{\"@id\":\"https:\\\/\\\/mont-roig.cat\\\/es\\\/actualitat\\\/noticies\\\/las-agentes-civicas-ponen-en-marcha-una-campana-de-sensibilizacion-de-ahorro-de-agua\\\/#primaryimage\"},\"thumbnailUrl\":\"https:\\\/\\\/mont-roig.cat\\\/wp-content\\\/uploads\\\/Estalvi-aigua.jpeg\",\"articleSection\":[\"Pla de Barris\"],\"inLanguage\":\"es\"},{\"@type\":\"WebPage\",\"@id\":\"https:\\\/\\\/mont-roig.cat\\\/es\\\/actualitat\\\/noticies\\\/las-agentes-civicas-ponen-en-marcha-una-campana-de-sensibilizacion-de-ahorro-de-agua\\\/\",\"url\":\"https:\\\/\\\/mont-roig.cat\\\/es\\\/actualitat\\\/noticies\\\/las-agentes-civicas-ponen-en-marcha-una-campana-de-sensibilizacion-de-ahorro-de-agua\\\/\",\"name\":\"Las agentes c\u00edvicas ponen en marcha una campa\u00f1a de sensibilizaci\u00f3n de ahorro de agua - Ajuntament de Mont-roig del Camp\",\"isPartOf\":{\"@id\":\"https:\\\/\\\/mont-roig.cat\\\/es\\\/#website\"},\"primaryImageOfPage\":{\"@id\":\"https:\\\/\\\/mont-roig.cat\\\/es\\\/actualitat\\\/noticies\\\/las-agentes-civicas-ponen-en-marcha-una-campana-de-sensibilizacion-de-ahorro-de-agua\\\/#primaryimage\"},\"image\":{\"@id\":\"https:\\\/\\\/mont-roig.cat\\\/es\\\/actualitat\\\/noticies\\\/las-agentes-civicas-ponen-en-marcha-una-campana-de-sensibilizacion-de-ahorro-de-agua\\\/#primaryimage\"},\"thumbnailUrl\":\"https:\\\/\\\/mont-roig.cat\\\/wp-content\\\/uploads\\\/Estalvi-aigua.jpeg\",\"datePublished\":\"2018-03-21T07:40:42+00:00\",\"author\":{\"@id\":\"https:\\\/\\\/mont-roig.cat\\\/es\\\/#\\\/schema\\\/person\\\/f2b111789f22b7d0c3bd6786c9128cba\"},\"breadcrumb\":{\"@id\":\"https:\\\/\\\/mont-roig.cat\\\/es\\\/actualitat\\\/noticies\\\/las-agentes-civicas-ponen-en-marcha-una-campana-de-sensibilizacion-de-ahorro-de-agua\\\/#breadcrumb\"},\"inLanguage\":\"es\",\"potentialAction\":[{\"@type\":\"ReadAction\",\"target\":[\"https:\\\/\\\/mont-roig.cat\\\/es\\\/actualitat\\\/noticies\\\/las-agentes-civicas-ponen-en-marcha-una-campana-de-sensibilizacion-de-ahorro-de-agua\\\/\"]}]},{\"@type\":\"ImageObject\",\"inLanguage\":\"es\",\"@id\":\"https:\\\/\\\/mont-roig.cat\\\/es\\\/actualitat\\\/noticies\\\/las-agentes-civicas-ponen-en-marcha-una-campana-de-sensibilizacion-de-ahorro-de-agua\\\/#primaryimage\",\"url\":\"https:\\\/\\\/mont-roig.cat\\\/wp-content\\\/uploads\\\/Estalvi-aigua.jpeg\",\"contentUrl\":\"https:\\\/\\\/mont-roig.cat\\\/wp-content\\\/uploads\\\/Estalvi-aigua.jpeg\",\"width\":1920,\"height\":1190},{\"@type\":\"BreadcrumbList\",\"@id\":\"https:\\\/\\\/mont-roig.cat\\\/es\\\/actualitat\\\/noticies\\\/las-agentes-civicas-ponen-en-marcha-una-campana-de-sensibilizacion-de-ahorro-de-agua\\\/#breadcrumb\",\"itemListElement\":[{\"@type\":\"ListItem\",\"position\":1,\"name\":\"Inici\",\"item\":\"https:\\\/\\\/mont-roig.cat\\\/es\\\/pagina-de-inicio\\\/\"},{\"@type\":\"ListItem\",\"position\":2,\"name\":\"Las agentes c\u00edvicas ponen en marcha una campa\u00f1a de sensibilizaci\u00f3n de ahorro de agua\"}]},{\"@type\":\"WebSite\",\"@id\":\"https:\\\/\\\/mont-roig.cat\\\/es\\\/#website\",\"url\":\"https:\\\/\\\/mont-roig.cat\\\/es\\\/\",\"name\":\"Ajuntament de Mont-roig del Camp\",\"description\":\"Tota la informaci\u00f3 sobre la instituci\u00f3, els seus \u00f2rgans de govern, actualitat, serveis i molt m\u00e9s.\",\"potentialAction\":[{\"@type\":\"SearchAction\",\"target\":{\"@type\":\"EntryPoint\",\"urlTemplate\":\"https:\\\/\\\/mont-roig.cat\\\/es\\\/?s={search_term_string}\"},\"query-input\":{\"@type\":\"PropertyValueSpecification\",\"valueRequired\":true,\"valueName\":\"search_term_string\"}}],\"inLanguage\":\"es\"},{\"@type\":\"Person\",\"@id\":\"https:\\\/\\\/mont-roig.cat\\\/es\\\/#\\\/schema\\\/person\\\/f2b111789f22b7d0c3bd6786c9128cba\",\"name\":\"administrador\",\"image\":{\"@type\":\"ImageObject\",\"inLanguage\":\"es\",\"@id\":\"https:\\\/\\\/secure.gravatar.com\\\/avatar\\\/9137aac6891e2595c9d3036fd83bcb653b4db3c946db4c7d9b9be193c3c944bb?s=96&d=mm&r=g\",\"url\":\"https:\\\/\\\/secure.gravatar.com\\\/avatar\\\/9137aac6891e2595c9d3036fd83bcb653b4db3c946db4c7d9b9be193c3c944bb?s=96&d=mm&r=g\",\"contentUrl\":\"https:\\\/\\\/secure.gravatar.com\\\/avatar\\\/9137aac6891e2595c9d3036fd83bcb653b4db3c946db4c7d9b9be193c3c944bb?s=96&d=mm&r=g\",\"caption\":\"administrador\"},\"url\":\"https:\\\/\\\/mont-roig.cat\\\/es\\\/actualitat\\\/noticies\\\/author\\\/administrador\\\/\"}]}<\/script>\n<!-- \/ Yoast SEO plugin. -->","yoast_head_json":{"title":"Las agentes c\u00edvicas ponen en marcha una campa\u00f1a de sensibilizaci\u00f3n de ahorro de agua - Ajuntament de Mont-roig del Camp","robots":{"index":"index","follow":"follow","max-snippet":"max-snippet:-1","max-image-preview":"max-image-preview:large","max-video-preview":"max-video-preview:-1"},"canonical":"https:\/\/mont-roig.cat\/es\/actualitat\/noticies\/las-agentes-civicas-ponen-en-marcha-una-campana-de-sensibilizacion-de-ahorro-de-agua\/","og_locale":"es_ES","og_type":"article","og_title":"Las agentes c\u00edvicas ponen en marcha una campa\u00f1a de sensibilizaci\u00f3n de ahorro de agua - Ajuntament de Mont-roig del Camp","og_description":"La iniciativa surge del programa Trabajo en los Barris y se extender\u00e1 a todo el municipio Coincidiendo con el d\u00eda Mundial del Agua, que se celebra el 22 de marzo, las agentes c\u00edvicas del Plan de Barrios de La Florida llevar\u00e1n a cabo una campa\u00f1a informativa para sensibilizar a la poblaci\u00f3n de la importancia de [&hellip;]","og_url":"https:\/\/mont-roig.cat\/es\/actualitat\/noticies\/las-agentes-civicas-ponen-en-marcha-una-campana-de-sensibilizacion-de-ahorro-de-agua\/","og_site_name":"Ajuntament de Mont-roig del Camp","article_published_time":"2018-03-21T07:40:42+00:00","og_image":[{"width":1920,"height":1190,"url":"https:\/\/mont-roig.cat\/wp-content\/uploads\/Estalvi-aigua.jpeg","type":"image\/jpeg"}],"author":"administrador","twitter_card":"summary_large_image","twitter_misc":{"Escrito por":"administrador","Tiempo de lectura":"2 minutos"},"schema":{"@context":"https:\/\/schema.org","@graph":[{"@type":"Article","@id":"https:\/\/mont-roig.cat\/es\/actualitat\/noticies\/las-agentes-civicas-ponen-en-marcha-una-campana-de-sensibilizacion-de-ahorro-de-agua\/#article","isPartOf":{"@id":"https:\/\/mont-roig.cat\/es\/actualitat\/noticies\/las-agentes-civicas-ponen-en-marcha-una-campana-de-sensibilizacion-de-ahorro-de-agua\/"},"author":{"name":"administrador","@id":"https:\/\/mont-roig.cat\/es\/#\/schema\/person\/f2b111789f22b7d0c3bd6786c9128cba"},"headline":"Las agentes c\u00edvicas ponen en marcha una campa\u00f1a de sensibilizaci\u00f3n de ahorro de agua","datePublished":"2018-03-21T07:40:42+00:00","mainEntityOfPage":{"@id":"https:\/\/mont-roig.cat\/es\/actualitat\/noticies\/las-agentes-civicas-ponen-en-marcha-una-campana-de-sensibilizacion-de-ahorro-de-agua\/"},"wordCount":380,"image":{"@id":"https:\/\/mont-roig.cat\/es\/actualitat\/noticies\/las-agentes-civicas-ponen-en-marcha-una-campana-de-sensibilizacion-de-ahorro-de-agua\/#primaryimage"},"thumbnailUrl":"https:\/\/mont-roig.cat\/wp-content\/uploads\/Estalvi-aigua.jpeg","articleSection":["Pla de Barris"],"inLanguage":"es"},{"@type":"WebPage","@id":"https:\/\/mont-roig.cat\/es\/actualitat\/noticies\/las-agentes-civicas-ponen-en-marcha-una-campana-de-sensibilizacion-de-ahorro-de-agua\/","url":"https:\/\/mont-roig.cat\/es\/actualitat\/noticies\/las-agentes-civicas-ponen-en-marcha-una-campana-de-sensibilizacion-de-ahorro-de-agua\/","name":"Las agentes c\u00edvicas ponen en marcha una campa\u00f1a de sensibilizaci\u00f3n de ahorro de agua - Ajuntament de Mont-roig del Camp","isPartOf":{"@id":"https:\/\/mont-roig.cat\/es\/#website"},"primaryImageOfPage":{"@id":"https:\/\/mont-roig.cat\/es\/actualitat\/noticies\/las-agentes-civicas-ponen-en-marcha-una-campana-de-sensibilizacion-de-ahorro-de-agua\/#primaryimage"},"image":{"@id":"https:\/\/mont-roig.cat\/es\/actualitat\/noticies\/las-agentes-civicas-ponen-en-marcha-una-campana-de-sensibilizacion-de-ahorro-de-agua\/#primaryimage"},"thumbnailUrl":"https:\/\/mont-roig.cat\/wp-content\/uploads\/Estalvi-aigua.jpeg","datePublished":"2018-03-21T07:40:42+00:00","author":{"@id":"https:\/\/mont-roig.cat\/es\/#\/schema\/person\/f2b111789f22b7d0c3bd6786c9128cba"},"breadcrumb":{"@id":"https:\/\/mont-roig.cat\/es\/actualitat\/noticies\/las-agentes-civicas-ponen-en-marcha-una-campana-de-sensibilizacion-de-ahorro-de-agua\/#breadcrumb"},"inLanguage":"es","potentialAction":[{"@type":"ReadAction","target":["https:\/\/mont-roig.cat\/es\/actualitat\/noticies\/las-agentes-civicas-ponen-en-marcha-una-campana-de-sensibilizacion-de-ahorro-de-agua\/"]}]},{"@type":"ImageObject","inLanguage":"es","@id":"https:\/\/mont-roig.cat\/es\/actualitat\/noticies\/las-agentes-civicas-ponen-en-marcha-una-campana-de-sensibilizacion-de-ahorro-de-agua\/#primaryimage","url":"https:\/\/mont-roig.cat\/wp-content\/uploads\/Estalvi-aigua.jpeg","contentUrl":"https:\/\/mont-roig.cat\/wp-content\/uploads\/Estalvi-aigua.jpeg","width":1920,"height":1190},{"@type":"BreadcrumbList","@id":"https:\/\/mont-roig.cat\/es\/actualitat\/noticies\/las-agentes-civicas-ponen-en-marcha-una-campana-de-sensibilizacion-de-ahorro-de-agua\/#breadcrumb","itemListElement":[{"@type":"ListItem","position":1,"name":"Inici","item":"https:\/\/mont-roig.cat\/es\/pagina-de-inicio\/"},{"@type":"ListItem","position":2,"name":"Las agentes c\u00edvicas ponen en marcha una campa\u00f1a de sensibilizaci\u00f3n de ahorro de agua"}]},{"@type":"WebSite","@id":"https:\/\/mont-roig.cat\/es\/#website","url":"https:\/\/mont-roig.cat\/es\/","name":"Ajuntament de Mont-roig del Camp","description":"Tota la informaci\u00f3 sobre la instituci\u00f3, els seus \u00f2rgans de govern, actualitat, serveis i molt m\u00e9s.","potentialAction":[{"@type":"SearchAction","target":{"@type":"EntryPoint","urlTemplate":"https:\/\/mont-roig.cat\/es\/?s={search_term_string}"},"query-input":{"@type":"PropertyValueSpecification","valueRequired":true,"valueName":"search_term_string"}}],"inLanguage":"es"},{"@type":"Person","@id":"https:\/\/mont-roig.cat\/es\/#\/schema\/person\/f2b111789f22b7d0c3bd6786c9128cba","name":"administrador","image":{"@type":"ImageObject","inLanguage":"es","@id":"https:\/\/secure.gravatar.com\/avatar\/9137aac6891e2595c9d3036fd83bcb653b4db3c946db4c7d9b9be193c3c944bb?s=96&d=mm&r=g","url":"https:\/\/secure.gravatar.com\/avatar\/9137aac6891e2595c9d3036fd83bcb653b4db3c946db4c7d9b9be193c3c944bb?s=96&d=mm&r=g","contentUrl":"https:\/\/secure.gravatar.com\/avatar\/9137aac6891e2595c9d3036fd83bcb653b4db3c946db4c7d9b9be193c3c944bb?s=96&d=mm&r=g","caption":"administrador"},"url":"https:\/\/mont-roig.cat\/es\/actualitat\/noticies\/author\/administrador\/"}]}},"_links":{"self":[{"href":"https:\/\/mont-roig.cat\/es\/wp-json\/wp\/v2\/posts\/26367","targetHints":{"allow":["GET"]}}],"collection":[{"href":"https:\/\/mont-roig.cat\/es\/wp-json\/wp\/v2\/posts"}],"about":[{"href":"https:\/\/mont-roig.cat\/es\/wp-json\/wp\/v2\/types\/post"}],"author":[{"embeddable":true,"href":"https:\/\/mont-roig.cat\/es\/wp-json\/wp\/v2\/users\/4"}],"replies":[{"embeddable":true,"href":"https:\/\/mont-roig.cat\/es\/wp-json\/wp\/v2\/comments?post=26367"}],"version-history":[{"count":2,"href":"https:\/\/mont-roig.cat\/es\/wp-json\/wp\/v2\/posts\/26367\/revisions"}],"predecessor-version":[{"id":26369,"href":"https:\/\/mont-roig.cat\/es\/wp-json\/wp\/v2\/posts\/26367\/revisions\/26369"}],"wp:featuredmedia":[{"embeddable":true,"href":"https:\/\/mont-roig.cat\/es\/wp-json\/wp\/v2\/media\/26363"}],"wp:attachment":[{"href":"https:\/\/mont-roig.cat\/es\/wp-json\/wp\/v2\/media?parent=26367"}],"wp:term":[{"taxonomy":"category","embeddable":true,"href":"https:\/\/mont-roig.cat\/es\/wp-json\/wp\/v2\/categories?post=26367"},{"taxonomy":"post_tag","embeddable":true,"href":"https:\/\/mont-roig.cat\/es\/wp-json\/wp\/v2\/tags?post=26367"}],"curies":[{"name":"wp","href":"https:\/\/api.w.org\/{rel}","templated":true}]}}