{"id":26422,"date":"2018-03-22T08:23:03","date_gmt":"2018-03-22T07:23:03","guid":{"rendered":"https:\/\/mont-roig.cat\/?p=26422"},"modified":"2018-03-22T09:42:14","modified_gmt":"2018-03-22T08:42:14","slug":"inscripcions-obertes-per-als-casals-esportius-de-setmana-santa","status":"publish","type":"post","link":"https:\/\/mont-roig.cat\/es\/actualitat\/noticies\/inscripcions-obertes-per-als-casals-esportius-de-setmana-santa\/","title":{"rendered":"Inscripciones abiertas para los casales deportivos de Semana Santa"},"content":{"rendered":"<div id=\"attachment_26419\" style=\"width: 210px\" class=\"wp-caption alignright\"><a href=\"https:\/\/mont-roig.cat\/wp-content\/uploads\/Casal-destiu.jpg\"><img loading=\"lazy\" decoding=\"async\" aria-describedby=\"caption-attachment-26419\" class=\"wp-image-26419\" src=\"https:\/\/mont-roig.cat\/wp-content\/uploads\/Casal-destiu.jpg\" alt=\"\" width=\"200\" height=\"356\" srcset=\"https:\/\/mont-roig.cat\/wp-content\/uploads\/Casal-destiu.jpg 900w, https:\/\/mont-roig.cat\/wp-content\/uploads\/Casal-destiu-281x500.jpg 281w, https:\/\/mont-roig.cat\/wp-content\/uploads\/Casal-destiu-768x1365.jpg 768w, https:\/\/mont-roig.cat\/wp-content\/uploads\/Casal-destiu-576x1024.jpg 576w\" sizes=\"auto, (max-width: 200px) 100vw, 200px\" \/><\/a><p id=\"caption-attachment-26419\" class=\"wp-caption-text\">Es realitzen casals esportius a l\u2019estiu, per Nadal i per Setmana Santa<\/p><\/div>\n<p id=\"tw-target-text\" class=\"tw-data-text tw-ta tw-text-small\" dir=\"ltr\" data-placeholder=\"Traducci\u00f3n\"><span lang=\"es\">El \u00c1rea de Deportes vuelve a organizar el casal l\u00fadico deportivo de Semana Santa para que a los ni\u00f1os y ni\u00f1as puedan Disfrutar del deporte y el ocio durante las vacaciones.<\/span><\/p>\n<p>Del 26 al 29 de marzo los polideportivos de Mont-roig y Miami Platja acoger\u00e1n talleres, juegos y din\u00e1micas deportivas y como fin de fiesta una jornada de juegos en el agua en la piscina cubierta para ni\u00f1os y ni\u00f1as nacidos \/ as entre el 2005 y 2014.<\/p>\n<p id=\"tw-target-text\" class=\"tw-data-text tw-ta tw-text-medium\" dir=\"ltr\" data-placeholder=\"Traducci\u00f3n\"><strong><span lang=\"es\">El horario de las actividades ser\u00e1 de de 8.45 h a 13.15 h.<\/span><\/strong><\/p>\n<p>Precio: 5 \u20ac \/d\u00eda o 15 \u20ac\/ 4 d\u00edas<\/p>\n<p>Plazas limitadas a 30 ni\u00f1os\/as para polideportivo<\/p>\n<p>Las familias interesadas ya pueden inscribirse en los polideportivos municipales:<\/p>\n<p>HORARIO INSCRIPCIONES:<\/p>\n<p>\u2013 Poliedeportivo Miami Platja, de 9.00 h a 13.00 h y de 15.30 h a 19.00 h.<\/p>\n<p>\u2013 Polideportivo Mont-roig, de 12.00 h a 15.00 h.<\/p>\n","protected":false},"excerpt":{"rendered":"<p>El \u00c1rea de Deportes vuelve a organizar el casal l\u00fadico deportivo de Semana Santa para que a los ni\u00f1os y ni\u00f1as puedan Disfrutar del deporte y el ocio durante las vacaciones. Del 26 al 29 de marzo los polideportivos de Mont-roig y Miami Platja acoger\u00e1n talleres, juegos y din\u00e1micas deportivas y como fin de fiesta [&hellip;]<\/p>\n","protected":false},"author":4,"featured_media":26419,"comment_status":"closed","ping_status":"closed","sticky":false,"template":"","format":"standard","meta":{"inline_featured_image":false,"_monsterinsights_skip_tracking":false,"_monsterinsights_sitenote_active":false,"_monsterinsights_sitenote_note":"","_monsterinsights_sitenote_category":0,"footnotes":""},"categories":[104],"tags":[],"class_list":["post-26422","post","type-post","status-publish","format-standard","has-post-thumbnail","hentry","category-deportes"],"yoast_head":"<!-- This site is optimized with the Yoast SEO plugin v27.4 - https:\/\/yoast.com\/product\/yoast-seo-wordpress\/ -->\n<title>Inscripciones abiertas para los casales deportivos de Semana Santa - Ajuntament de Mont-roig del Camp<\/title>\n<meta name=\"robots\" content=\"index, follow, max-snippet:-1, max-image-preview:large, max-video-preview:-1\" \/>\n<link rel=\"canonical\" href=\"https:\/\/mont-roig.cat\/es\/actualitat\/noticies\/inscripcions-obertes-per-als-casals-esportius-de-setmana-santa\/\" \/>\n<meta property=\"og:locale\" content=\"es_ES\" \/>\n<meta property=\"og:type\" content=\"article\" \/>\n<meta property=\"og:title\" content=\"Inscripciones abiertas para los casales deportivos de Semana Santa - Ajuntament de Mont-roig del Camp\" \/>\n<meta property=\"og:description\" content=\"El \u00c1rea de Deportes vuelve a organizar el casal l\u00fadico deportivo de Semana Santa para que a los ni\u00f1os y ni\u00f1as puedan Disfrutar del deporte y el ocio durante las vacaciones. Del 26 al 29 de marzo los polideportivos de Mont-roig y Miami Platja acoger\u00e1n talleres, juegos y din\u00e1micas deportivas y como fin de fiesta [&hellip;]\" \/>\n<meta property=\"og:url\" content=\"https:\/\/mont-roig.cat\/es\/actualitat\/noticies\/inscripcions-obertes-per-als-casals-esportius-de-setmana-santa\/\" \/>\n<meta property=\"og:site_name\" content=\"Ajuntament de Mont-roig del Camp\" \/>\n<meta property=\"article:published_time\" content=\"2018-03-22T07:23:03+00:00\" \/>\n<meta property=\"article:modified_time\" content=\"2018-03-22T08:42:14+00:00\" \/>\n<meta property=\"og:image\" content=\"https:\/\/mont-roig.cat\/wp-content\/uploads\/Casal-destiu.jpg\" \/>\n\t<meta property=\"og:image:width\" content=\"900\" \/>\n\t<meta property=\"og:image:height\" content=\"1600\" \/>\n\t<meta property=\"og:image:type\" content=\"image\/jpeg\" \/>\n<meta name=\"author\" content=\"administrador\" \/>\n<meta name=\"twitter:card\" content=\"summary_large_image\" \/>\n<meta name=\"twitter:label1\" content=\"Escrito por\" \/>\n\t<meta name=\"twitter:data1\" content=\"administrador\" \/>\n\t<meta name=\"twitter:label2\" content=\"Tiempo de lectura\" \/>\n\t<meta name=\"twitter:data2\" content=\"1 minuto\" \/>\n<script type=\"application\/ld+json\" class=\"yoast-schema-graph\">{\"@context\":\"https:\\\/\\\/schema.org\",\"@graph\":[{\"@type\":\"Article\",\"@id\":\"https:\\\/\\\/mont-roig.cat\\\/es\\\/actualitat\\\/noticies\\\/inscripcions-obertes-per-als-casals-esportius-de-setmana-santa\\\/#article\",\"isPartOf\":{\"@id\":\"https:\\\/\\\/mont-roig.cat\\\/es\\\/actualitat\\\/noticies\\\/inscripcions-obertes-per-als-casals-esportius-de-setmana-santa\\\/\"},\"author\":{\"name\":\"administrador\",\"@id\":\"https:\\\/\\\/mont-roig.cat\\\/es\\\/#\\\/schema\\\/person\\\/f2b111789f22b7d0c3bd6786c9128cba\"},\"headline\":\"Inscripciones abiertas para los casales deportivos de Semana Santa\",\"datePublished\":\"2018-03-22T07:23:03+00:00\",\"dateModified\":\"2018-03-22T08:42:14+00:00\",\"mainEntityOfPage\":{\"@id\":\"https:\\\/\\\/mont-roig.cat\\\/es\\\/actualitat\\\/noticies\\\/inscripcions-obertes-per-als-casals-esportius-de-setmana-santa\\\/\"},\"wordCount\":164,\"image\":{\"@id\":\"https:\\\/\\\/mont-roig.cat\\\/es\\\/actualitat\\\/noticies\\\/inscripcions-obertes-per-als-casals-esportius-de-setmana-santa\\\/#primaryimage\"},\"thumbnailUrl\":\"https:\\\/\\\/mont-roig.cat\\\/wp-content\\\/uploads\\\/Casal-destiu.jpg\",\"articleSection\":[\"Deportes\"],\"inLanguage\":\"es\"},{\"@type\":\"WebPage\",\"@id\":\"https:\\\/\\\/mont-roig.cat\\\/es\\\/actualitat\\\/noticies\\\/inscripcions-obertes-per-als-casals-esportius-de-setmana-santa\\\/\",\"url\":\"https:\\\/\\\/mont-roig.cat\\\/es\\\/actualitat\\\/noticies\\\/inscripcions-obertes-per-als-casals-esportius-de-setmana-santa\\\/\",\"name\":\"Inscripciones abiertas para los casales deportivos de Semana Santa - Ajuntament de Mont-roig del Camp\",\"isPartOf\":{\"@id\":\"https:\\\/\\\/mont-roig.cat\\\/es\\\/#website\"},\"primaryImageOfPage\":{\"@id\":\"https:\\\/\\\/mont-roig.cat\\\/es\\\/actualitat\\\/noticies\\\/inscripcions-obertes-per-als-casals-esportius-de-setmana-santa\\\/#primaryimage\"},\"image\":{\"@id\":\"https:\\\/\\\/mont-roig.cat\\\/es\\\/actualitat\\\/noticies\\\/inscripcions-obertes-per-als-casals-esportius-de-setmana-santa\\\/#primaryimage\"},\"thumbnailUrl\":\"https:\\\/\\\/mont-roig.cat\\\/wp-content\\\/uploads\\\/Casal-destiu.jpg\",\"datePublished\":\"2018-03-22T07:23:03+00:00\",\"dateModified\":\"2018-03-22T08:42:14+00:00\",\"author\":{\"@id\":\"https:\\\/\\\/mont-roig.cat\\\/es\\\/#\\\/schema\\\/person\\\/f2b111789f22b7d0c3bd6786c9128cba\"},\"breadcrumb\":{\"@id\":\"https:\\\/\\\/mont-roig.cat\\\/es\\\/actualitat\\\/noticies\\\/inscripcions-obertes-per-als-casals-esportius-de-setmana-santa\\\/#breadcrumb\"},\"inLanguage\":\"es\",\"potentialAction\":[{\"@type\":\"ReadAction\",\"target\":[\"https:\\\/\\\/mont-roig.cat\\\/es\\\/actualitat\\\/noticies\\\/inscripcions-obertes-per-als-casals-esportius-de-setmana-santa\\\/\"]}]},{\"@type\":\"ImageObject\",\"inLanguage\":\"es\",\"@id\":\"https:\\\/\\\/mont-roig.cat\\\/es\\\/actualitat\\\/noticies\\\/inscripcions-obertes-per-als-casals-esportius-de-setmana-santa\\\/#primaryimage\",\"url\":\"https:\\\/\\\/mont-roig.cat\\\/wp-content\\\/uploads\\\/Casal-destiu.jpg\",\"contentUrl\":\"https:\\\/\\\/mont-roig.cat\\\/wp-content\\\/uploads\\\/Casal-destiu.jpg\",\"width\":900,\"height\":1600},{\"@type\":\"BreadcrumbList\",\"@id\":\"https:\\\/\\\/mont-roig.cat\\\/es\\\/actualitat\\\/noticies\\\/inscripcions-obertes-per-als-casals-esportius-de-setmana-santa\\\/#breadcrumb\",\"itemListElement\":[{\"@type\":\"ListItem\",\"position\":1,\"name\":\"Inici\",\"item\":\"https:\\\/\\\/mont-roig.cat\\\/es\\\/pagina-de-inicio\\\/\"},{\"@type\":\"ListItem\",\"position\":2,\"name\":\"Inscripciones abiertas para los casales deportivos de Semana Santa\"}]},{\"@type\":\"WebSite\",\"@id\":\"https:\\\/\\\/mont-roig.cat\\\/es\\\/#website\",\"url\":\"https:\\\/\\\/mont-roig.cat\\\/es\\\/\",\"name\":\"Ajuntament de Mont-roig del Camp\",\"description\":\"Tota la informaci\u00f3 sobre la instituci\u00f3, els seus \u00f2rgans de govern, actualitat, serveis i molt m\u00e9s.\",\"potentialAction\":[{\"@type\":\"SearchAction\",\"target\":{\"@type\":\"EntryPoint\",\"urlTemplate\":\"https:\\\/\\\/mont-roig.cat\\\/es\\\/?s={search_term_string}\"},\"query-input\":{\"@type\":\"PropertyValueSpecification\",\"valueRequired\":true,\"valueName\":\"search_term_string\"}}],\"inLanguage\":\"es\"},{\"@type\":\"Person\",\"@id\":\"https:\\\/\\\/mont-roig.cat\\\/es\\\/#\\\/schema\\\/person\\\/f2b111789f22b7d0c3bd6786c9128cba\",\"name\":\"administrador\",\"image\":{\"@type\":\"ImageObject\",\"inLanguage\":\"es\",\"@id\":\"https:\\\/\\\/secure.gravatar.com\\\/avatar\\\/9137aac6891e2595c9d3036fd83bcb653b4db3c946db4c7d9b9be193c3c944bb?s=96&d=mm&r=g\",\"url\":\"https:\\\/\\\/secure.gravatar.com\\\/avatar\\\/9137aac6891e2595c9d3036fd83bcb653b4db3c946db4c7d9b9be193c3c944bb?s=96&d=mm&r=g\",\"contentUrl\":\"https:\\\/\\\/secure.gravatar.com\\\/avatar\\\/9137aac6891e2595c9d3036fd83bcb653b4db3c946db4c7d9b9be193c3c944bb?s=96&d=mm&r=g\",\"caption\":\"administrador\"},\"url\":\"https:\\\/\\\/mont-roig.cat\\\/es\\\/actualitat\\\/noticies\\\/author\\\/administrador\\\/\"}]}<\/script>\n<!-- \/ Yoast SEO plugin. -->","yoast_head_json":{"title":"Inscripciones abiertas para los casales deportivos de Semana Santa - Ajuntament de Mont-roig del Camp","robots":{"index":"index","follow":"follow","max-snippet":"max-snippet:-1","max-image-preview":"max-image-preview:large","max-video-preview":"max-video-preview:-1"},"canonical":"https:\/\/mont-roig.cat\/es\/actualitat\/noticies\/inscripcions-obertes-per-als-casals-esportius-de-setmana-santa\/","og_locale":"es_ES","og_type":"article","og_title":"Inscripciones abiertas para los casales deportivos de Semana Santa - Ajuntament de Mont-roig del Camp","og_description":"El \u00c1rea de Deportes vuelve a organizar el casal l\u00fadico deportivo de Semana Santa para que a los ni\u00f1os y ni\u00f1as puedan Disfrutar del deporte y el ocio durante las vacaciones. Del 26 al 29 de marzo los polideportivos de Mont-roig y Miami Platja acoger\u00e1n talleres, juegos y din\u00e1micas deportivas y como fin de fiesta [&hellip;]","og_url":"https:\/\/mont-roig.cat\/es\/actualitat\/noticies\/inscripcions-obertes-per-als-casals-esportius-de-setmana-santa\/","og_site_name":"Ajuntament de Mont-roig del Camp","article_published_time":"2018-03-22T07:23:03+00:00","article_modified_time":"2018-03-22T08:42:14+00:00","og_image":[{"width":900,"height":1600,"url":"https:\/\/mont-roig.cat\/wp-content\/uploads\/Casal-destiu.jpg","type":"image\/jpeg"}],"author":"administrador","twitter_card":"summary_large_image","twitter_misc":{"Escrito por":"administrador","Tiempo de lectura":"1 minuto"},"schema":{"@context":"https:\/\/schema.org","@graph":[{"@type":"Article","@id":"https:\/\/mont-roig.cat\/es\/actualitat\/noticies\/inscripcions-obertes-per-als-casals-esportius-de-setmana-santa\/#article","isPartOf":{"@id":"https:\/\/mont-roig.cat\/es\/actualitat\/noticies\/inscripcions-obertes-per-als-casals-esportius-de-setmana-santa\/"},"author":{"name":"administrador","@id":"https:\/\/mont-roig.cat\/es\/#\/schema\/person\/f2b111789f22b7d0c3bd6786c9128cba"},"headline":"Inscripciones abiertas para los casales deportivos de Semana Santa","datePublished":"2018-03-22T07:23:03+00:00","dateModified":"2018-03-22T08:42:14+00:00","mainEntityOfPage":{"@id":"https:\/\/mont-roig.cat\/es\/actualitat\/noticies\/inscripcions-obertes-per-als-casals-esportius-de-setmana-santa\/"},"wordCount":164,"image":{"@id":"https:\/\/mont-roig.cat\/es\/actualitat\/noticies\/inscripcions-obertes-per-als-casals-esportius-de-setmana-santa\/#primaryimage"},"thumbnailUrl":"https:\/\/mont-roig.cat\/wp-content\/uploads\/Casal-destiu.jpg","articleSection":["Deportes"],"inLanguage":"es"},{"@type":"WebPage","@id":"https:\/\/mont-roig.cat\/es\/actualitat\/noticies\/inscripcions-obertes-per-als-casals-esportius-de-setmana-santa\/","url":"https:\/\/mont-roig.cat\/es\/actualitat\/noticies\/inscripcions-obertes-per-als-casals-esportius-de-setmana-santa\/","name":"Inscripciones abiertas para los casales deportivos de Semana Santa - Ajuntament de Mont-roig del Camp","isPartOf":{"@id":"https:\/\/mont-roig.cat\/es\/#website"},"primaryImageOfPage":{"@id":"https:\/\/mont-roig.cat\/es\/actualitat\/noticies\/inscripcions-obertes-per-als-casals-esportius-de-setmana-santa\/#primaryimage"},"image":{"@id":"https:\/\/mont-roig.cat\/es\/actualitat\/noticies\/inscripcions-obertes-per-als-casals-esportius-de-setmana-santa\/#primaryimage"},"thumbnailUrl":"https:\/\/mont-roig.cat\/wp-content\/uploads\/Casal-destiu.jpg","datePublished":"2018-03-22T07:23:03+00:00","dateModified":"2018-03-22T08:42:14+00:00","author":{"@id":"https:\/\/mont-roig.cat\/es\/#\/schema\/person\/f2b111789f22b7d0c3bd6786c9128cba"},"breadcrumb":{"@id":"https:\/\/mont-roig.cat\/es\/actualitat\/noticies\/inscripcions-obertes-per-als-casals-esportius-de-setmana-santa\/#breadcrumb"},"inLanguage":"es","potentialAction":[{"@type":"ReadAction","target":["https:\/\/mont-roig.cat\/es\/actualitat\/noticies\/inscripcions-obertes-per-als-casals-esportius-de-setmana-santa\/"]}]},{"@type":"ImageObject","inLanguage":"es","@id":"https:\/\/mont-roig.cat\/es\/actualitat\/noticies\/inscripcions-obertes-per-als-casals-esportius-de-setmana-santa\/#primaryimage","url":"https:\/\/mont-roig.cat\/wp-content\/uploads\/Casal-destiu.jpg","contentUrl":"https:\/\/mont-roig.cat\/wp-content\/uploads\/Casal-destiu.jpg","width":900,"height":1600},{"@type":"BreadcrumbList","@id":"https:\/\/mont-roig.cat\/es\/actualitat\/noticies\/inscripcions-obertes-per-als-casals-esportius-de-setmana-santa\/#breadcrumb","itemListElement":[{"@type":"ListItem","position":1,"name":"Inici","item":"https:\/\/mont-roig.cat\/es\/pagina-de-inicio\/"},{"@type":"ListItem","position":2,"name":"Inscripciones abiertas para los casales deportivos de Semana Santa"}]},{"@type":"WebSite","@id":"https:\/\/mont-roig.cat\/es\/#website","url":"https:\/\/mont-roig.cat\/es\/","name":"Ajuntament de Mont-roig del Camp","description":"Tota la informaci\u00f3 sobre la instituci\u00f3, els seus \u00f2rgans de govern, actualitat, serveis i molt m\u00e9s.","potentialAction":[{"@type":"SearchAction","target":{"@type":"EntryPoint","urlTemplate":"https:\/\/mont-roig.cat\/es\/?s={search_term_string}"},"query-input":{"@type":"PropertyValueSpecification","valueRequired":true,"valueName":"search_term_string"}}],"inLanguage":"es"},{"@type":"Person","@id":"https:\/\/mont-roig.cat\/es\/#\/schema\/person\/f2b111789f22b7d0c3bd6786c9128cba","name":"administrador","image":{"@type":"ImageObject","inLanguage":"es","@id":"https:\/\/secure.gravatar.com\/avatar\/9137aac6891e2595c9d3036fd83bcb653b4db3c946db4c7d9b9be193c3c944bb?s=96&d=mm&r=g","url":"https:\/\/secure.gravatar.com\/avatar\/9137aac6891e2595c9d3036fd83bcb653b4db3c946db4c7d9b9be193c3c944bb?s=96&d=mm&r=g","contentUrl":"https:\/\/secure.gravatar.com\/avatar\/9137aac6891e2595c9d3036fd83bcb653b4db3c946db4c7d9b9be193c3c944bb?s=96&d=mm&r=g","caption":"administrador"},"url":"https:\/\/mont-roig.cat\/es\/actualitat\/noticies\/author\/administrador\/"}]}},"_links":{"self":[{"href":"https:\/\/mont-roig.cat\/es\/wp-json\/wp\/v2\/posts\/26422","targetHints":{"allow":["GET"]}}],"collection":[{"href":"https:\/\/mont-roig.cat\/es\/wp-json\/wp\/v2\/posts"}],"about":[{"href":"https:\/\/mont-roig.cat\/es\/wp-json\/wp\/v2\/types\/post"}],"author":[{"embeddable":true,"href":"https:\/\/mont-roig.cat\/es\/wp-json\/wp\/v2\/users\/4"}],"replies":[{"embeddable":true,"href":"https:\/\/mont-roig.cat\/es\/wp-json\/wp\/v2\/comments?post=26422"}],"version-history":[{"count":5,"href":"https:\/\/mont-roig.cat\/es\/wp-json\/wp\/v2\/posts\/26422\/revisions"}],"predecessor-version":[{"id":26429,"href":"https:\/\/mont-roig.cat\/es\/wp-json\/wp\/v2\/posts\/26422\/revisions\/26429"}],"wp:featuredmedia":[{"embeddable":true,"href":"https:\/\/mont-roig.cat\/es\/wp-json\/wp\/v2\/media\/26419"}],"wp:attachment":[{"href":"https:\/\/mont-roig.cat\/es\/wp-json\/wp\/v2\/media?parent=26422"}],"wp:term":[{"taxonomy":"category","embeddable":true,"href":"https:\/\/mont-roig.cat\/es\/wp-json\/wp\/v2\/categories?post=26422"},{"taxonomy":"post_tag","embeddable":true,"href":"https:\/\/mont-roig.cat\/es\/wp-json\/wp\/v2\/tags?post=26422"}],"curies":[{"name":"wp","href":"https:\/\/api.w.org\/{rel}","templated":true}]}}