{"id":26612,"date":"2018-04-05T10:08:02","date_gmt":"2018-04-05T08:08:02","guid":{"rendered":"https:\/\/mont-roig.cat\/?p=26612"},"modified":"2018-04-05T10:10:31","modified_gmt":"2018-04-05T08:10:31","slug":"pre-inscripciones-escolares-cursos-2018-2019","status":"publish","type":"post","link":"https:\/\/mont-roig.cat\/es\/actualitat\/noticies\/pre-inscripciones-escolares-cursos-2018-2019\/","title":{"rendered":"Pre-inscripciones escolares cursos 2018-2019"},"content":{"rendered":"<div id=\"attachment_26603\" style=\"width: 310px\" class=\"wp-caption alignright\"><a href=\"https:\/\/mont-roig.cat\/wp-content\/uploads\/llar-dinfants.jpg\"><img loading=\"lazy\" decoding=\"async\" aria-describedby=\"caption-attachment-26603\" class=\"wp-image-26603\" src=\"https:\/\/mont-roig.cat\/wp-content\/uploads\/llar-dinfants.jpg\" alt=\"\" width=\"300\" height=\"225\" srcset=\"https:\/\/mont-roig.cat\/wp-content\/uploads\/llar-dinfants.jpg 1920w, https:\/\/mont-roig.cat\/wp-content\/uploads\/llar-dinfants-500x375.jpg 500w, https:\/\/mont-roig.cat\/wp-content\/uploads\/llar-dinfants-768x576.jpg 768w, https:\/\/mont-roig.cat\/wp-content\/uploads\/llar-dinfants-1024x768.jpg 1024w, https:\/\/mont-roig.cat\/wp-content\/uploads\/llar-dinfants-463x348.jpg 463w\" sizes=\"auto, (max-width: 300px) 100vw, 300px\" \/><\/a><p id=\"caption-attachment-26603\" class=\"wp-caption-text\">Las guarder\u00edas municipales ofrecen puertas abiertas los d\u00edas 25 y 26 de abril<\/p><\/div>\n<p>Las pr\u00f3ximas semanas se abren las pre-inscripciones escolares en los diversos centros educativos del municipio. Las primeras en iniciarse son las del segundo ciclo de educaci\u00f3n infantil, primaria y secundaria, que se realizar\u00e1n del 13 al 24 de abril.<\/p>\n<div id=\"tw-target-text-container\" class=\"tw-ta-container tw-nfl\">\n<p id=\"tw-target-text\" class=\"tw-data-text tw-ta tw-text-small\" dir=\"ltr\" data-placeholder=\"Traducci\u00f3n\"><span lang=\"es\">En el municipio, las escuelas Joan Mir\u00f3, Marcel\u00b7l\u00ed Esquius y Mare de D\u00e9u de la Roca ofrecen el segundo ciclo de educaci\u00f3n infantil y educaci\u00f3n primaria, mientras que el Instituto Antoni Ballester y el Instituto Miami ofrecen la educaci\u00f3n secundaria obligatoria. Con la pre-inscripci\u00f3n, que hay que hacerla antes de la matr\u00edcula, se solicita la admisi\u00f3n en uno de estos centros.<\/span><\/p>\n<\/div>\n<div id=\"tw-target-text-container\" class=\"tw-ta-container tw-nfl\">\n<p id=\"tw-target-text\" class=\"tw-data-text tw-ta tw-text-small\" dir=\"ltr\" data-placeholder=\"Traducci\u00f3n\"><span lang=\"es\">Por otra parte, del 14 al 24 de mayo se podr\u00e1n hacer las pre-inscripciones para Bachillerato y para el Ciclo Formativo de Grado Medio de sistemas Microinform\u00e1ticos y redes que se imparte en el Instituto Antoni Ballester de Mont-roig. En este centro tambi\u00e9n se puede cursar el Programa de Formaci\u00f3n e Inserci\u00f3n &#8211; Plan de Transici\u00f3n al Trabajo de Auxiliar en viveros y jardines, en este caso las fechas son del 14 al 25 de mayo.<\/span><\/p>\n<\/div>\n<div id=\"tw-target-text-container\" class=\"tw-ta-container tw-nfl\">\n<p id=\"tw-target-text\" class=\"tw-data-text tw-ta tw-text-small\" dir=\"ltr\" data-placeholder=\"Traducci\u00f3n\"><span lang=\"es\">En cuanto a las guarder\u00edas municipales, el periodo de pre-inscripci\u00f3n ser\u00e1 del 2 al 11 de mayo. En este caso hay que destacar que la Llar d&#8217;infants Mare de D\u00e9u de la Roca ofrecer\u00e1 jornada de puertas abiertas el 25 de abril y la Llar d&#8217;infants Petete de Miami Platja, el 26 de abril.<\/span><\/p>\n<\/div>\n<div id=\"tw-target-text-container\" class=\"tw-ta-container tw-nfl\">\n<p id=\"tw-target-text\" class=\"tw-data-text tw-ta tw-text-small\" dir=\"ltr\" data-placeholder=\"Traducci\u00f3n\"><span lang=\"es\">Finalmente el Aula municipal de M\u00fasica Baptista Nogu\u00e9s, que ofrece formaci\u00f3n musical desde los 4 a\u00f1os, tiene el periodo de inscripci\u00f3n del 14 de mayo al 1 de junio y las puertas abiertas, el 12 de mayo.<\/span><\/p>\n<\/div>\n<ul>\n<li><a href=\"https:\/\/mont-roig.cat\/wp-content\/uploads\/DIPTIC_LLARS_2018_OK.pdf\" target=\"_blank\" rel=\"noopener\">Llars d\u2019infants Mare de D\u00e9u de la Roca i Petete<\/a><\/li>\n<li><a href=\"https:\/\/mont-roig.cat\/wp-content\/uploads\/flyer_escoles_2018_OK.pdf\" target=\"_blank\" rel=\"noopener\">Escoles Marcel\u00b7l\u00ed Esquius, Mare de D\u00e9u de la Roca i Joan Mir\u00f3<\/a><\/li>\n<li><a href=\"https:\/\/mont-roig.cat\/wp-content\/uploads\/flyer_INSTITUTS_2018_OK.pdf\" target=\"_blank\" rel=\"noopener\">Instituts Antoni Ballester i Miami<\/a><\/li>\n<li><a href=\"https:\/\/mont-roig.cat\/wp-content\/uploads\/Diptic_musica_2018_ok.pdf\" target=\"_blank\" rel=\"noopener\">Aula de M\u00fasica Baptista Nogu\u00e9s<\/a><\/li>\n<\/ul>\n","protected":false},"excerpt":{"rendered":"<p>Las pr\u00f3ximas semanas se abren las pre-inscripciones escolares en los diversos centros educativos del municipio. Las primeras en iniciarse son las del segundo ciclo de educaci\u00f3n infantil, primaria y secundaria, que se realizar\u00e1n del 13 al 24 de abril. En el municipio, las escuelas Joan Mir\u00f3, Marcel\u00b7l\u00ed Esquius y Mare de D\u00e9u de la Roca [&hellip;]<\/p>\n","protected":false},"author":4,"featured_media":26603,"comment_status":"closed","ping_status":"closed","sticky":false,"template":"","format":"standard","meta":{"inline_featured_image":false,"_monsterinsights_skip_tracking":false,"_monsterinsights_sitenote_active":false,"_monsterinsights_sitenote_note":"","_monsterinsights_sitenote_category":0,"footnotes":""},"categories":[103],"tags":[],"class_list":["post-26612","post","type-post","status-publish","format-standard","has-post-thumbnail","hentry","category-educacion"],"yoast_head":"<!-- This site is optimized with the Yoast SEO plugin v27.4 - https:\/\/yoast.com\/product\/yoast-seo-wordpress\/ -->\n<title>Pre-inscripciones escolares cursos 2018-2019 - Ajuntament de Mont-roig del Camp<\/title>\n<meta name=\"robots\" content=\"index, follow, max-snippet:-1, max-image-preview:large, max-video-preview:-1\" \/>\n<link rel=\"canonical\" href=\"https:\/\/mont-roig.cat\/es\/actualitat\/noticies\/pre-inscripciones-escolares-cursos-2018-2019\/\" \/>\n<meta property=\"og:locale\" content=\"es_ES\" \/>\n<meta property=\"og:type\" content=\"article\" \/>\n<meta property=\"og:title\" content=\"Pre-inscripciones escolares cursos 2018-2019 - Ajuntament de Mont-roig del Camp\" \/>\n<meta property=\"og:description\" content=\"Las pr\u00f3ximas semanas se abren las pre-inscripciones escolares en los diversos centros educativos del municipio. Las primeras en iniciarse son las del segundo ciclo de educaci\u00f3n infantil, primaria y secundaria, que se realizar\u00e1n del 13 al 24 de abril. En el municipio, las escuelas Joan Mir\u00f3, Marcel\u00b7l\u00ed Esquius y Mare de D\u00e9u de la Roca [&hellip;]\" \/>\n<meta property=\"og:url\" content=\"https:\/\/mont-roig.cat\/es\/actualitat\/noticies\/pre-inscripciones-escolares-cursos-2018-2019\/\" \/>\n<meta property=\"og:site_name\" content=\"Ajuntament de Mont-roig del Camp\" \/>\n<meta property=\"article:published_time\" content=\"2018-04-05T08:08:02+00:00\" \/>\n<meta property=\"article:modified_time\" content=\"2018-04-05T08:10:31+00:00\" \/>\n<meta property=\"og:image\" content=\"https:\/\/mont-roig.cat\/wp-content\/uploads\/llar-dinfants.jpg\" \/>\n\t<meta property=\"og:image:width\" content=\"1920\" \/>\n\t<meta property=\"og:image:height\" content=\"1440\" \/>\n\t<meta property=\"og:image:type\" content=\"image\/jpeg\" \/>\n<meta name=\"author\" content=\"administrador\" \/>\n<meta name=\"twitter:card\" content=\"summary_large_image\" \/>\n<meta name=\"twitter:label1\" content=\"Escrito por\" \/>\n\t<meta name=\"twitter:data1\" content=\"administrador\" \/>\n\t<meta name=\"twitter:label2\" content=\"Tiempo de lectura\" \/>\n\t<meta name=\"twitter:data2\" content=\"2 minutos\" \/>\n<script type=\"application\/ld+json\" class=\"yoast-schema-graph\">{\"@context\":\"https:\\\/\\\/schema.org\",\"@graph\":[{\"@type\":\"Article\",\"@id\":\"https:\\\/\\\/mont-roig.cat\\\/es\\\/actualitat\\\/noticies\\\/pre-inscripciones-escolares-cursos-2018-2019\\\/#article\",\"isPartOf\":{\"@id\":\"https:\\\/\\\/mont-roig.cat\\\/es\\\/actualitat\\\/noticies\\\/pre-inscripciones-escolares-cursos-2018-2019\\\/\"},\"author\":{\"name\":\"administrador\",\"@id\":\"https:\\\/\\\/mont-roig.cat\\\/es\\\/#\\\/schema\\\/person\\\/f2b111789f22b7d0c3bd6786c9128cba\"},\"headline\":\"Pre-inscripciones escolares cursos 2018-2019\",\"datePublished\":\"2018-04-05T08:08:02+00:00\",\"dateModified\":\"2018-04-05T08:10:31+00:00\",\"mainEntityOfPage\":{\"@id\":\"https:\\\/\\\/mont-roig.cat\\\/es\\\/actualitat\\\/noticies\\\/pre-inscripciones-escolares-cursos-2018-2019\\\/\"},\"wordCount\":340,\"image\":{\"@id\":\"https:\\\/\\\/mont-roig.cat\\\/es\\\/actualitat\\\/noticies\\\/pre-inscripciones-escolares-cursos-2018-2019\\\/#primaryimage\"},\"thumbnailUrl\":\"https:\\\/\\\/mont-roig.cat\\\/wp-content\\\/uploads\\\/llar-dinfants.jpg\",\"articleSection\":[\"Educaci\u00f3n\"],\"inLanguage\":\"es\"},{\"@type\":\"WebPage\",\"@id\":\"https:\\\/\\\/mont-roig.cat\\\/es\\\/actualitat\\\/noticies\\\/pre-inscripciones-escolares-cursos-2018-2019\\\/\",\"url\":\"https:\\\/\\\/mont-roig.cat\\\/es\\\/actualitat\\\/noticies\\\/pre-inscripciones-escolares-cursos-2018-2019\\\/\",\"name\":\"Pre-inscripciones escolares cursos 2018-2019 - Ajuntament de Mont-roig del Camp\",\"isPartOf\":{\"@id\":\"https:\\\/\\\/mont-roig.cat\\\/es\\\/#website\"},\"primaryImageOfPage\":{\"@id\":\"https:\\\/\\\/mont-roig.cat\\\/es\\\/actualitat\\\/noticies\\\/pre-inscripciones-escolares-cursos-2018-2019\\\/#primaryimage\"},\"image\":{\"@id\":\"https:\\\/\\\/mont-roig.cat\\\/es\\\/actualitat\\\/noticies\\\/pre-inscripciones-escolares-cursos-2018-2019\\\/#primaryimage\"},\"thumbnailUrl\":\"https:\\\/\\\/mont-roig.cat\\\/wp-content\\\/uploads\\\/llar-dinfants.jpg\",\"datePublished\":\"2018-04-05T08:08:02+00:00\",\"dateModified\":\"2018-04-05T08:10:31+00:00\",\"author\":{\"@id\":\"https:\\\/\\\/mont-roig.cat\\\/es\\\/#\\\/schema\\\/person\\\/f2b111789f22b7d0c3bd6786c9128cba\"},\"breadcrumb\":{\"@id\":\"https:\\\/\\\/mont-roig.cat\\\/es\\\/actualitat\\\/noticies\\\/pre-inscripciones-escolares-cursos-2018-2019\\\/#breadcrumb\"},\"inLanguage\":\"es\",\"potentialAction\":[{\"@type\":\"ReadAction\",\"target\":[\"https:\\\/\\\/mont-roig.cat\\\/es\\\/actualitat\\\/noticies\\\/pre-inscripciones-escolares-cursos-2018-2019\\\/\"]}]},{\"@type\":\"ImageObject\",\"inLanguage\":\"es\",\"@id\":\"https:\\\/\\\/mont-roig.cat\\\/es\\\/actualitat\\\/noticies\\\/pre-inscripciones-escolares-cursos-2018-2019\\\/#primaryimage\",\"url\":\"https:\\\/\\\/mont-roig.cat\\\/wp-content\\\/uploads\\\/llar-dinfants.jpg\",\"contentUrl\":\"https:\\\/\\\/mont-roig.cat\\\/wp-content\\\/uploads\\\/llar-dinfants.jpg\",\"width\":1920,\"height\":1440},{\"@type\":\"BreadcrumbList\",\"@id\":\"https:\\\/\\\/mont-roig.cat\\\/es\\\/actualitat\\\/noticies\\\/pre-inscripciones-escolares-cursos-2018-2019\\\/#breadcrumb\",\"itemListElement\":[{\"@type\":\"ListItem\",\"position\":1,\"name\":\"Inici\",\"item\":\"https:\\\/\\\/mont-roig.cat\\\/es\\\/pagina-de-inicio\\\/\"},{\"@type\":\"ListItem\",\"position\":2,\"name\":\"Pre-inscripciones escolares cursos 2018-2019\"}]},{\"@type\":\"WebSite\",\"@id\":\"https:\\\/\\\/mont-roig.cat\\\/es\\\/#website\",\"url\":\"https:\\\/\\\/mont-roig.cat\\\/es\\\/\",\"name\":\"Ajuntament de Mont-roig del Camp\",\"description\":\"Tota la informaci\u00f3 sobre la instituci\u00f3, els seus \u00f2rgans de govern, actualitat, serveis i molt m\u00e9s.\",\"potentialAction\":[{\"@type\":\"SearchAction\",\"target\":{\"@type\":\"EntryPoint\",\"urlTemplate\":\"https:\\\/\\\/mont-roig.cat\\\/es\\\/?s={search_term_string}\"},\"query-input\":{\"@type\":\"PropertyValueSpecification\",\"valueRequired\":true,\"valueName\":\"search_term_string\"}}],\"inLanguage\":\"es\"},{\"@type\":\"Person\",\"@id\":\"https:\\\/\\\/mont-roig.cat\\\/es\\\/#\\\/schema\\\/person\\\/f2b111789f22b7d0c3bd6786c9128cba\",\"name\":\"administrador\",\"image\":{\"@type\":\"ImageObject\",\"inLanguage\":\"es\",\"@id\":\"https:\\\/\\\/secure.gravatar.com\\\/avatar\\\/9137aac6891e2595c9d3036fd83bcb653b4db3c946db4c7d9b9be193c3c944bb?s=96&d=mm&r=g\",\"url\":\"https:\\\/\\\/secure.gravatar.com\\\/avatar\\\/9137aac6891e2595c9d3036fd83bcb653b4db3c946db4c7d9b9be193c3c944bb?s=96&d=mm&r=g\",\"contentUrl\":\"https:\\\/\\\/secure.gravatar.com\\\/avatar\\\/9137aac6891e2595c9d3036fd83bcb653b4db3c946db4c7d9b9be193c3c944bb?s=96&d=mm&r=g\",\"caption\":\"administrador\"},\"url\":\"https:\\\/\\\/mont-roig.cat\\\/es\\\/actualitat\\\/noticies\\\/author\\\/administrador\\\/\"}]}<\/script>\n<!-- \/ Yoast SEO plugin. -->","yoast_head_json":{"title":"Pre-inscripciones escolares cursos 2018-2019 - Ajuntament de Mont-roig del Camp","robots":{"index":"index","follow":"follow","max-snippet":"max-snippet:-1","max-image-preview":"max-image-preview:large","max-video-preview":"max-video-preview:-1"},"canonical":"https:\/\/mont-roig.cat\/es\/actualitat\/noticies\/pre-inscripciones-escolares-cursos-2018-2019\/","og_locale":"es_ES","og_type":"article","og_title":"Pre-inscripciones escolares cursos 2018-2019 - Ajuntament de Mont-roig del Camp","og_description":"Las pr\u00f3ximas semanas se abren las pre-inscripciones escolares en los diversos centros educativos del municipio. Las primeras en iniciarse son las del segundo ciclo de educaci\u00f3n infantil, primaria y secundaria, que se realizar\u00e1n del 13 al 24 de abril. En el municipio, las escuelas Joan Mir\u00f3, Marcel\u00b7l\u00ed Esquius y Mare de D\u00e9u de la Roca [&hellip;]","og_url":"https:\/\/mont-roig.cat\/es\/actualitat\/noticies\/pre-inscripciones-escolares-cursos-2018-2019\/","og_site_name":"Ajuntament de Mont-roig del Camp","article_published_time":"2018-04-05T08:08:02+00:00","article_modified_time":"2018-04-05T08:10:31+00:00","og_image":[{"width":1920,"height":1440,"url":"https:\/\/mont-roig.cat\/wp-content\/uploads\/llar-dinfants.jpg","type":"image\/jpeg"}],"author":"administrador","twitter_card":"summary_large_image","twitter_misc":{"Escrito por":"administrador","Tiempo de lectura":"2 minutos"},"schema":{"@context":"https:\/\/schema.org","@graph":[{"@type":"Article","@id":"https:\/\/mont-roig.cat\/es\/actualitat\/noticies\/pre-inscripciones-escolares-cursos-2018-2019\/#article","isPartOf":{"@id":"https:\/\/mont-roig.cat\/es\/actualitat\/noticies\/pre-inscripciones-escolares-cursos-2018-2019\/"},"author":{"name":"administrador","@id":"https:\/\/mont-roig.cat\/es\/#\/schema\/person\/f2b111789f22b7d0c3bd6786c9128cba"},"headline":"Pre-inscripciones escolares cursos 2018-2019","datePublished":"2018-04-05T08:08:02+00:00","dateModified":"2018-04-05T08:10:31+00:00","mainEntityOfPage":{"@id":"https:\/\/mont-roig.cat\/es\/actualitat\/noticies\/pre-inscripciones-escolares-cursos-2018-2019\/"},"wordCount":340,"image":{"@id":"https:\/\/mont-roig.cat\/es\/actualitat\/noticies\/pre-inscripciones-escolares-cursos-2018-2019\/#primaryimage"},"thumbnailUrl":"https:\/\/mont-roig.cat\/wp-content\/uploads\/llar-dinfants.jpg","articleSection":["Educaci\u00f3n"],"inLanguage":"es"},{"@type":"WebPage","@id":"https:\/\/mont-roig.cat\/es\/actualitat\/noticies\/pre-inscripciones-escolares-cursos-2018-2019\/","url":"https:\/\/mont-roig.cat\/es\/actualitat\/noticies\/pre-inscripciones-escolares-cursos-2018-2019\/","name":"Pre-inscripciones escolares cursos 2018-2019 - Ajuntament de Mont-roig del Camp","isPartOf":{"@id":"https:\/\/mont-roig.cat\/es\/#website"},"primaryImageOfPage":{"@id":"https:\/\/mont-roig.cat\/es\/actualitat\/noticies\/pre-inscripciones-escolares-cursos-2018-2019\/#primaryimage"},"image":{"@id":"https:\/\/mont-roig.cat\/es\/actualitat\/noticies\/pre-inscripciones-escolares-cursos-2018-2019\/#primaryimage"},"thumbnailUrl":"https:\/\/mont-roig.cat\/wp-content\/uploads\/llar-dinfants.jpg","datePublished":"2018-04-05T08:08:02+00:00","dateModified":"2018-04-05T08:10:31+00:00","author":{"@id":"https:\/\/mont-roig.cat\/es\/#\/schema\/person\/f2b111789f22b7d0c3bd6786c9128cba"},"breadcrumb":{"@id":"https:\/\/mont-roig.cat\/es\/actualitat\/noticies\/pre-inscripciones-escolares-cursos-2018-2019\/#breadcrumb"},"inLanguage":"es","potentialAction":[{"@type":"ReadAction","target":["https:\/\/mont-roig.cat\/es\/actualitat\/noticies\/pre-inscripciones-escolares-cursos-2018-2019\/"]}]},{"@type":"ImageObject","inLanguage":"es","@id":"https:\/\/mont-roig.cat\/es\/actualitat\/noticies\/pre-inscripciones-escolares-cursos-2018-2019\/#primaryimage","url":"https:\/\/mont-roig.cat\/wp-content\/uploads\/llar-dinfants.jpg","contentUrl":"https:\/\/mont-roig.cat\/wp-content\/uploads\/llar-dinfants.jpg","width":1920,"height":1440},{"@type":"BreadcrumbList","@id":"https:\/\/mont-roig.cat\/es\/actualitat\/noticies\/pre-inscripciones-escolares-cursos-2018-2019\/#breadcrumb","itemListElement":[{"@type":"ListItem","position":1,"name":"Inici","item":"https:\/\/mont-roig.cat\/es\/pagina-de-inicio\/"},{"@type":"ListItem","position":2,"name":"Pre-inscripciones escolares cursos 2018-2019"}]},{"@type":"WebSite","@id":"https:\/\/mont-roig.cat\/es\/#website","url":"https:\/\/mont-roig.cat\/es\/","name":"Ajuntament de Mont-roig del Camp","description":"Tota la informaci\u00f3 sobre la instituci\u00f3, els seus \u00f2rgans de govern, actualitat, serveis i molt m\u00e9s.","potentialAction":[{"@type":"SearchAction","target":{"@type":"EntryPoint","urlTemplate":"https:\/\/mont-roig.cat\/es\/?s={search_term_string}"},"query-input":{"@type":"PropertyValueSpecification","valueRequired":true,"valueName":"search_term_string"}}],"inLanguage":"es"},{"@type":"Person","@id":"https:\/\/mont-roig.cat\/es\/#\/schema\/person\/f2b111789f22b7d0c3bd6786c9128cba","name":"administrador","image":{"@type":"ImageObject","inLanguage":"es","@id":"https:\/\/secure.gravatar.com\/avatar\/9137aac6891e2595c9d3036fd83bcb653b4db3c946db4c7d9b9be193c3c944bb?s=96&d=mm&r=g","url":"https:\/\/secure.gravatar.com\/avatar\/9137aac6891e2595c9d3036fd83bcb653b4db3c946db4c7d9b9be193c3c944bb?s=96&d=mm&r=g","contentUrl":"https:\/\/secure.gravatar.com\/avatar\/9137aac6891e2595c9d3036fd83bcb653b4db3c946db4c7d9b9be193c3c944bb?s=96&d=mm&r=g","caption":"administrador"},"url":"https:\/\/mont-roig.cat\/es\/actualitat\/noticies\/author\/administrador\/"}]}},"_links":{"self":[{"href":"https:\/\/mont-roig.cat\/es\/wp-json\/wp\/v2\/posts\/26612","targetHints":{"allow":["GET"]}}],"collection":[{"href":"https:\/\/mont-roig.cat\/es\/wp-json\/wp\/v2\/posts"}],"about":[{"href":"https:\/\/mont-roig.cat\/es\/wp-json\/wp\/v2\/types\/post"}],"author":[{"embeddable":true,"href":"https:\/\/mont-roig.cat\/es\/wp-json\/wp\/v2\/users\/4"}],"replies":[{"embeddable":true,"href":"https:\/\/mont-roig.cat\/es\/wp-json\/wp\/v2\/comments?post=26612"}],"version-history":[{"count":3,"href":"https:\/\/mont-roig.cat\/es\/wp-json\/wp\/v2\/posts\/26612\/revisions"}],"predecessor-version":[{"id":26617,"href":"https:\/\/mont-roig.cat\/es\/wp-json\/wp\/v2\/posts\/26612\/revisions\/26617"}],"wp:featuredmedia":[{"embeddable":true,"href":"https:\/\/mont-roig.cat\/es\/wp-json\/wp\/v2\/media\/26603"}],"wp:attachment":[{"href":"https:\/\/mont-roig.cat\/es\/wp-json\/wp\/v2\/media?parent=26612"}],"wp:term":[{"taxonomy":"category","embeddable":true,"href":"https:\/\/mont-roig.cat\/es\/wp-json\/wp\/v2\/categories?post=26612"},{"taxonomy":"post_tag","embeddable":true,"href":"https:\/\/mont-roig.cat\/es\/wp-json\/wp\/v2\/tags?post=26612"}],"curies":[{"name":"wp","href":"https:\/\/api.w.org\/{rel}","templated":true}]}}