{"id":26863,"date":"2018-04-10T13:52:10","date_gmt":"2018-04-10T11:52:10","guid":{"rendered":"https:\/\/mont-roig.cat\/?p=26863"},"modified":"2018-04-16T09:17:16","modified_gmt":"2018-04-16T07:17:16","slug":"inscripciones-abiertas-para-el-curso-deporte-educativo-extraescolar","status":"publish","type":"post","link":"https:\/\/mont-roig.cat\/es\/actualitat\/noticies\/inscripciones-abiertas-para-el-curso-deporte-educativo-extraescolar\/","title":{"rendered":"Inscripciones abiertas para el curso Deporte Educativo Extraescolar"},"content":{"rendered":"<ul>\n<li><strong><span lang=\"es\">Se impartir\u00e1 del 5 al 20 de mayo en el Casal de Joves K1 de Mont-roig<\/span><\/strong><\/li>\n<\/ul>\n<div id=\"tw-target-text-container\" class=\"tw-ta-container tw-nfl\">\n<p id=\"tw-target-text\" class=\"tw-data-text tw-ta tw-text-small\" dir=\"ltr\" data-placeholder=\"Traducci\u00f3n\"><span lang=\"es\"><a href=\"https:\/\/mont-roig.cat\/wp-content\/uploads\/ESPORT-EDUCATIU.jpg\"><img loading=\"lazy\" decoding=\"async\" class=\"alignright wp-image-26864\" src=\"https:\/\/mont-roig.cat\/wp-content\/uploads\/ESPORT-EDUCATIU-354x500.jpg\" alt=\"\" width=\"300\" height=\"424\" srcset=\"https:\/\/mont-roig.cat\/wp-content\/uploads\/ESPORT-EDUCATIU-354x500.jpg 354w, https:\/\/mont-roig.cat\/wp-content\/uploads\/ESPORT-EDUCATIU-768x1086.jpg 768w, https:\/\/mont-roig.cat\/wp-content\/uploads\/ESPORT-EDUCATIU-724x1024.jpg 724w, https:\/\/mont-roig.cat\/wp-content\/uploads\/ESPORT-EDUCATIU.jpg 1588w\" sizes=\"auto, (max-width: 300px) 100vw, 300px\" \/><\/a>El Departamento de Juventud del Ayuntamiento de Mont-roig del Camp organiza el curso &#8220;Deporte Educativo Extraescolar&#8221; para ofrecer a los j\u00f3venes del municipio nuevas oportunidades para formarse y ampliar sus conocimientos.<\/span><\/p>\n<\/div>\n<div id=\"tw-target-text-container\" class=\"tw-ta-container tw-nfl\">\n<p id=\"tw-target-text\" class=\"tw-data-text tw-ta tw-text-small\" dir=\"ltr\" data-placeholder=\"Traducci\u00f3n\"><span lang=\"es\">El curso est\u00e1 destinado a monitores\/as de tiempo libre y educadores\/as, pero tambi\u00e9n a todas aquellas personas que est\u00e1n interesadas en desarrollar din\u00e1micas socioeducativas en el contexto deportivo.<\/span><\/p>\n<\/div>\n<div id=\"tw-target-text-container\" class=\"tw-ta-container tw-nfl\">\n<p id=\"tw-target-text\" class=\"tw-data-text tw-ta tw-text-small\" dir=\"ltr\" data-placeholder=\"Traducci\u00f3n\"><span lang=\"es\">Impartido por la Fundaci\u00f3n Pere Tarr\u00e9s, el curso se realizar\u00e1 los d\u00edas 5, 6, 12, 13, 19 y 20 de mayo, de las 9.30 a las 14.30 horas en el casal de Joves K1 de Mont-roig.<\/span><\/p>\n<\/div>\n<div id=\"tw-target-text-container\" class=\"tw-ta-container tw-nfl\">\n<p id=\"tw-target-text\" class=\"tw-data-text tw-ta tw-text-small\" dir=\"ltr\" data-placeholder=\"Traducci\u00f3n\"><span lang=\"es\">A trav\u00e9s de 6 sesiones, los participantes trabajar\u00e1n aspectos como el deporte y los valores, el deporte recreativo y el deporte de competici\u00f3n, las necesidades l\u00fadicas seg\u00fan la edad, la resoluci\u00f3n de conflictos, el juego adaptado o los deportes de otras culturas, entre otros.<\/span><\/p>\n<\/div>\n<div id=\"tw-target-text-container\" class=\"tw-ta-container tw-nfl\">\n<p id=\"tw-target-text\" class=\"tw-data-text tw-ta tw-text-small\" dir=\"ltr\" data-placeholder=\"Traducci\u00f3n\"><span lang=\"es\">Las inscripciones ya est\u00e1n abiertas y se pueden hacer a los casals de Joves K1 y K2, en las oficinas municipales o bien a trav\u00e9s de la sede electr\u00f3nica del Ayuntamiento. El precio del curso es de 50 euros y tiene una duraci\u00f3n de 30 horas formativas.<\/span><\/p>\n<\/div>\n","protected":false},"excerpt":{"rendered":"<p>Se impartir\u00e1 del 5 al 20 de mayo en el Casal de Joves K1 de Mont-roig El Departamento de Juventud del Ayuntamiento de Mont-roig del Camp organiza el curso &#8220;Deporte Educativo Extraescolar&#8221; para ofrecer a los j\u00f3venes del municipio nuevas oportunidades para formarse y ampliar sus conocimientos. El curso est\u00e1 destinado a monitores\/as de tiempo [&hellip;]<\/p>\n","protected":false},"author":4,"featured_media":26864,"comment_status":"closed","ping_status":"closed","sticky":false,"template":"","format":"standard","meta":{"inline_featured_image":false,"_monsterinsights_skip_tracking":false,"_monsterinsights_sitenote_active":false,"_monsterinsights_sitenote_note":"","_monsterinsights_sitenote_category":0,"footnotes":""},"categories":[104,103,106],"tags":[],"class_list":["post-26863","post","type-post","status-publish","format-standard","has-post-thumbnail","hentry","category-deportes","category-educacion","category-juventud"],"yoast_head":"<!-- This site is optimized with the Yoast SEO plugin v27.4 - https:\/\/yoast.com\/product\/yoast-seo-wordpress\/ -->\n<title>Inscripciones abiertas para el curso Deporte Educativo Extraescolar - Ajuntament de Mont-roig del Camp<\/title>\n<meta name=\"robots\" content=\"index, follow, max-snippet:-1, max-image-preview:large, max-video-preview:-1\" \/>\n<link rel=\"canonical\" href=\"https:\/\/mont-roig.cat\/es\/actualitat\/noticies\/inscripciones-abiertas-para-el-curso-deporte-educativo-extraescolar\/\" \/>\n<meta property=\"og:locale\" content=\"es_ES\" \/>\n<meta property=\"og:type\" content=\"article\" \/>\n<meta property=\"og:title\" content=\"Inscripciones abiertas para el curso Deporte Educativo Extraescolar - Ajuntament de Mont-roig del Camp\" \/>\n<meta property=\"og:description\" content=\"Se impartir\u00e1 del 5 al 20 de mayo en el Casal de Joves K1 de Mont-roig El Departamento de Juventud del Ayuntamiento de Mont-roig del Camp organiza el curso &#8220;Deporte Educativo Extraescolar&#8221; para ofrecer a los j\u00f3venes del municipio nuevas oportunidades para formarse y ampliar sus conocimientos. El curso est\u00e1 destinado a monitores\/as de tiempo [&hellip;]\" \/>\n<meta property=\"og:url\" content=\"https:\/\/mont-roig.cat\/es\/actualitat\/noticies\/inscripciones-abiertas-para-el-curso-deporte-educativo-extraescolar\/\" \/>\n<meta property=\"og:site_name\" content=\"Ajuntament de Mont-roig del Camp\" \/>\n<meta property=\"article:published_time\" content=\"2018-04-10T11:52:10+00:00\" \/>\n<meta property=\"article:modified_time\" content=\"2018-04-16T07:17:16+00:00\" \/>\n<meta property=\"og:image\" content=\"https:\/\/mont-roig.cat\/wp-content\/uploads\/ESPORT-EDUCATIU.jpg\" \/>\n\t<meta property=\"og:image:width\" content=\"1588\" \/>\n\t<meta property=\"og:image:height\" content=\"2246\" \/>\n\t<meta property=\"og:image:type\" content=\"image\/jpeg\" \/>\n<meta name=\"author\" content=\"administrador\" \/>\n<meta name=\"twitter:card\" content=\"summary_large_image\" \/>\n<meta name=\"twitter:label1\" content=\"Escrito por\" \/>\n\t<meta name=\"twitter:data1\" content=\"administrador\" \/>\n\t<meta name=\"twitter:label2\" content=\"Tiempo de lectura\" \/>\n\t<meta name=\"twitter:data2\" content=\"1 minuto\" \/>\n<script type=\"application\/ld+json\" class=\"yoast-schema-graph\">{\"@context\":\"https:\\\/\\\/schema.org\",\"@graph\":[{\"@type\":\"Article\",\"@id\":\"https:\\\/\\\/mont-roig.cat\\\/es\\\/actualitat\\\/noticies\\\/inscripciones-abiertas-para-el-curso-deporte-educativo-extraescolar\\\/#article\",\"isPartOf\":{\"@id\":\"https:\\\/\\\/mont-roig.cat\\\/es\\\/actualitat\\\/noticies\\\/inscripciones-abiertas-para-el-curso-deporte-educativo-extraescolar\\\/\"},\"author\":{\"name\":\"administrador\",\"@id\":\"https:\\\/\\\/mont-roig.cat\\\/es\\\/#\\\/schema\\\/person\\\/f2b111789f22b7d0c3bd6786c9128cba\"},\"headline\":\"Inscripciones abiertas para el curso Deporte Educativo Extraescolar\",\"datePublished\":\"2018-04-10T11:52:10+00:00\",\"dateModified\":\"2018-04-16T07:17:16+00:00\",\"mainEntityOfPage\":{\"@id\":\"https:\\\/\\\/mont-roig.cat\\\/es\\\/actualitat\\\/noticies\\\/inscripciones-abiertas-para-el-curso-deporte-educativo-extraescolar\\\/\"},\"wordCount\":216,\"image\":{\"@id\":\"https:\\\/\\\/mont-roig.cat\\\/es\\\/actualitat\\\/noticies\\\/inscripciones-abiertas-para-el-curso-deporte-educativo-extraescolar\\\/#primaryimage\"},\"thumbnailUrl\":\"https:\\\/\\\/mont-roig.cat\\\/wp-content\\\/uploads\\\/ESPORT-EDUCATIU.jpg\",\"articleSection\":[\"Deportes\",\"Educaci\u00f3n\",\"Juventud\"],\"inLanguage\":\"es\"},{\"@type\":\"WebPage\",\"@id\":\"https:\\\/\\\/mont-roig.cat\\\/es\\\/actualitat\\\/noticies\\\/inscripciones-abiertas-para-el-curso-deporte-educativo-extraescolar\\\/\",\"url\":\"https:\\\/\\\/mont-roig.cat\\\/es\\\/actualitat\\\/noticies\\\/inscripciones-abiertas-para-el-curso-deporte-educativo-extraescolar\\\/\",\"name\":\"Inscripciones abiertas para el curso Deporte Educativo Extraescolar - Ajuntament de Mont-roig del Camp\",\"isPartOf\":{\"@id\":\"https:\\\/\\\/mont-roig.cat\\\/es\\\/#website\"},\"primaryImageOfPage\":{\"@id\":\"https:\\\/\\\/mont-roig.cat\\\/es\\\/actualitat\\\/noticies\\\/inscripciones-abiertas-para-el-curso-deporte-educativo-extraescolar\\\/#primaryimage\"},\"image\":{\"@id\":\"https:\\\/\\\/mont-roig.cat\\\/es\\\/actualitat\\\/noticies\\\/inscripciones-abiertas-para-el-curso-deporte-educativo-extraescolar\\\/#primaryimage\"},\"thumbnailUrl\":\"https:\\\/\\\/mont-roig.cat\\\/wp-content\\\/uploads\\\/ESPORT-EDUCATIU.jpg\",\"datePublished\":\"2018-04-10T11:52:10+00:00\",\"dateModified\":\"2018-04-16T07:17:16+00:00\",\"author\":{\"@id\":\"https:\\\/\\\/mont-roig.cat\\\/es\\\/#\\\/schema\\\/person\\\/f2b111789f22b7d0c3bd6786c9128cba\"},\"breadcrumb\":{\"@id\":\"https:\\\/\\\/mont-roig.cat\\\/es\\\/actualitat\\\/noticies\\\/inscripciones-abiertas-para-el-curso-deporte-educativo-extraescolar\\\/#breadcrumb\"},\"inLanguage\":\"es\",\"potentialAction\":[{\"@type\":\"ReadAction\",\"target\":[\"https:\\\/\\\/mont-roig.cat\\\/es\\\/actualitat\\\/noticies\\\/inscripciones-abiertas-para-el-curso-deporte-educativo-extraescolar\\\/\"]}]},{\"@type\":\"ImageObject\",\"inLanguage\":\"es\",\"@id\":\"https:\\\/\\\/mont-roig.cat\\\/es\\\/actualitat\\\/noticies\\\/inscripciones-abiertas-para-el-curso-deporte-educativo-extraescolar\\\/#primaryimage\",\"url\":\"https:\\\/\\\/mont-roig.cat\\\/wp-content\\\/uploads\\\/ESPORT-EDUCATIU.jpg\",\"contentUrl\":\"https:\\\/\\\/mont-roig.cat\\\/wp-content\\\/uploads\\\/ESPORT-EDUCATIU.jpg\",\"width\":1588,\"height\":2246},{\"@type\":\"BreadcrumbList\",\"@id\":\"https:\\\/\\\/mont-roig.cat\\\/es\\\/actualitat\\\/noticies\\\/inscripciones-abiertas-para-el-curso-deporte-educativo-extraescolar\\\/#breadcrumb\",\"itemListElement\":[{\"@type\":\"ListItem\",\"position\":1,\"name\":\"Inici\",\"item\":\"https:\\\/\\\/mont-roig.cat\\\/es\\\/pagina-de-inicio\\\/\"},{\"@type\":\"ListItem\",\"position\":2,\"name\":\"Inscripciones abiertas para el curso Deporte Educativo Extraescolar\"}]},{\"@type\":\"WebSite\",\"@id\":\"https:\\\/\\\/mont-roig.cat\\\/es\\\/#website\",\"url\":\"https:\\\/\\\/mont-roig.cat\\\/es\\\/\",\"name\":\"Ajuntament de Mont-roig del Camp\",\"description\":\"Tota la informaci\u00f3 sobre la instituci\u00f3, els seus \u00f2rgans de govern, actualitat, serveis i molt m\u00e9s.\",\"potentialAction\":[{\"@type\":\"SearchAction\",\"target\":{\"@type\":\"EntryPoint\",\"urlTemplate\":\"https:\\\/\\\/mont-roig.cat\\\/es\\\/?s={search_term_string}\"},\"query-input\":{\"@type\":\"PropertyValueSpecification\",\"valueRequired\":true,\"valueName\":\"search_term_string\"}}],\"inLanguage\":\"es\"},{\"@type\":\"Person\",\"@id\":\"https:\\\/\\\/mont-roig.cat\\\/es\\\/#\\\/schema\\\/person\\\/f2b111789f22b7d0c3bd6786c9128cba\",\"name\":\"administrador\",\"image\":{\"@type\":\"ImageObject\",\"inLanguage\":\"es\",\"@id\":\"https:\\\/\\\/secure.gravatar.com\\\/avatar\\\/9137aac6891e2595c9d3036fd83bcb653b4db3c946db4c7d9b9be193c3c944bb?s=96&d=mm&r=g\",\"url\":\"https:\\\/\\\/secure.gravatar.com\\\/avatar\\\/9137aac6891e2595c9d3036fd83bcb653b4db3c946db4c7d9b9be193c3c944bb?s=96&d=mm&r=g\",\"contentUrl\":\"https:\\\/\\\/secure.gravatar.com\\\/avatar\\\/9137aac6891e2595c9d3036fd83bcb653b4db3c946db4c7d9b9be193c3c944bb?s=96&d=mm&r=g\",\"caption\":\"administrador\"},\"url\":\"https:\\\/\\\/mont-roig.cat\\\/es\\\/actualitat\\\/noticies\\\/author\\\/administrador\\\/\"}]}<\/script>\n<!-- \/ Yoast SEO plugin. -->","yoast_head_json":{"title":"Inscripciones abiertas para el curso Deporte Educativo Extraescolar - Ajuntament de Mont-roig del Camp","robots":{"index":"index","follow":"follow","max-snippet":"max-snippet:-1","max-image-preview":"max-image-preview:large","max-video-preview":"max-video-preview:-1"},"canonical":"https:\/\/mont-roig.cat\/es\/actualitat\/noticies\/inscripciones-abiertas-para-el-curso-deporte-educativo-extraescolar\/","og_locale":"es_ES","og_type":"article","og_title":"Inscripciones abiertas para el curso Deporte Educativo Extraescolar - Ajuntament de Mont-roig del Camp","og_description":"Se impartir\u00e1 del 5 al 20 de mayo en el Casal de Joves K1 de Mont-roig El Departamento de Juventud del Ayuntamiento de Mont-roig del Camp organiza el curso &#8220;Deporte Educativo Extraescolar&#8221; para ofrecer a los j\u00f3venes del municipio nuevas oportunidades para formarse y ampliar sus conocimientos. El curso est\u00e1 destinado a monitores\/as de tiempo [&hellip;]","og_url":"https:\/\/mont-roig.cat\/es\/actualitat\/noticies\/inscripciones-abiertas-para-el-curso-deporte-educativo-extraescolar\/","og_site_name":"Ajuntament de Mont-roig del Camp","article_published_time":"2018-04-10T11:52:10+00:00","article_modified_time":"2018-04-16T07:17:16+00:00","og_image":[{"width":1588,"height":2246,"url":"https:\/\/mont-roig.cat\/wp-content\/uploads\/ESPORT-EDUCATIU.jpg","type":"image\/jpeg"}],"author":"administrador","twitter_card":"summary_large_image","twitter_misc":{"Escrito por":"administrador","Tiempo de lectura":"1 minuto"},"schema":{"@context":"https:\/\/schema.org","@graph":[{"@type":"Article","@id":"https:\/\/mont-roig.cat\/es\/actualitat\/noticies\/inscripciones-abiertas-para-el-curso-deporte-educativo-extraescolar\/#article","isPartOf":{"@id":"https:\/\/mont-roig.cat\/es\/actualitat\/noticies\/inscripciones-abiertas-para-el-curso-deporte-educativo-extraescolar\/"},"author":{"name":"administrador","@id":"https:\/\/mont-roig.cat\/es\/#\/schema\/person\/f2b111789f22b7d0c3bd6786c9128cba"},"headline":"Inscripciones abiertas para el curso Deporte Educativo Extraescolar","datePublished":"2018-04-10T11:52:10+00:00","dateModified":"2018-04-16T07:17:16+00:00","mainEntityOfPage":{"@id":"https:\/\/mont-roig.cat\/es\/actualitat\/noticies\/inscripciones-abiertas-para-el-curso-deporte-educativo-extraescolar\/"},"wordCount":216,"image":{"@id":"https:\/\/mont-roig.cat\/es\/actualitat\/noticies\/inscripciones-abiertas-para-el-curso-deporte-educativo-extraescolar\/#primaryimage"},"thumbnailUrl":"https:\/\/mont-roig.cat\/wp-content\/uploads\/ESPORT-EDUCATIU.jpg","articleSection":["Deportes","Educaci\u00f3n","Juventud"],"inLanguage":"es"},{"@type":"WebPage","@id":"https:\/\/mont-roig.cat\/es\/actualitat\/noticies\/inscripciones-abiertas-para-el-curso-deporte-educativo-extraescolar\/","url":"https:\/\/mont-roig.cat\/es\/actualitat\/noticies\/inscripciones-abiertas-para-el-curso-deporte-educativo-extraescolar\/","name":"Inscripciones abiertas para el curso Deporte Educativo Extraescolar - Ajuntament de Mont-roig del Camp","isPartOf":{"@id":"https:\/\/mont-roig.cat\/es\/#website"},"primaryImageOfPage":{"@id":"https:\/\/mont-roig.cat\/es\/actualitat\/noticies\/inscripciones-abiertas-para-el-curso-deporte-educativo-extraescolar\/#primaryimage"},"image":{"@id":"https:\/\/mont-roig.cat\/es\/actualitat\/noticies\/inscripciones-abiertas-para-el-curso-deporte-educativo-extraescolar\/#primaryimage"},"thumbnailUrl":"https:\/\/mont-roig.cat\/wp-content\/uploads\/ESPORT-EDUCATIU.jpg","datePublished":"2018-04-10T11:52:10+00:00","dateModified":"2018-04-16T07:17:16+00:00","author":{"@id":"https:\/\/mont-roig.cat\/es\/#\/schema\/person\/f2b111789f22b7d0c3bd6786c9128cba"},"breadcrumb":{"@id":"https:\/\/mont-roig.cat\/es\/actualitat\/noticies\/inscripciones-abiertas-para-el-curso-deporte-educativo-extraescolar\/#breadcrumb"},"inLanguage":"es","potentialAction":[{"@type":"ReadAction","target":["https:\/\/mont-roig.cat\/es\/actualitat\/noticies\/inscripciones-abiertas-para-el-curso-deporte-educativo-extraescolar\/"]}]},{"@type":"ImageObject","inLanguage":"es","@id":"https:\/\/mont-roig.cat\/es\/actualitat\/noticies\/inscripciones-abiertas-para-el-curso-deporte-educativo-extraescolar\/#primaryimage","url":"https:\/\/mont-roig.cat\/wp-content\/uploads\/ESPORT-EDUCATIU.jpg","contentUrl":"https:\/\/mont-roig.cat\/wp-content\/uploads\/ESPORT-EDUCATIU.jpg","width":1588,"height":2246},{"@type":"BreadcrumbList","@id":"https:\/\/mont-roig.cat\/es\/actualitat\/noticies\/inscripciones-abiertas-para-el-curso-deporte-educativo-extraescolar\/#breadcrumb","itemListElement":[{"@type":"ListItem","position":1,"name":"Inici","item":"https:\/\/mont-roig.cat\/es\/pagina-de-inicio\/"},{"@type":"ListItem","position":2,"name":"Inscripciones abiertas para el curso Deporte Educativo Extraescolar"}]},{"@type":"WebSite","@id":"https:\/\/mont-roig.cat\/es\/#website","url":"https:\/\/mont-roig.cat\/es\/","name":"Ajuntament de Mont-roig del Camp","description":"Tota la informaci\u00f3 sobre la instituci\u00f3, els seus \u00f2rgans de govern, actualitat, serveis i molt m\u00e9s.","potentialAction":[{"@type":"SearchAction","target":{"@type":"EntryPoint","urlTemplate":"https:\/\/mont-roig.cat\/es\/?s={search_term_string}"},"query-input":{"@type":"PropertyValueSpecification","valueRequired":true,"valueName":"search_term_string"}}],"inLanguage":"es"},{"@type":"Person","@id":"https:\/\/mont-roig.cat\/es\/#\/schema\/person\/f2b111789f22b7d0c3bd6786c9128cba","name":"administrador","image":{"@type":"ImageObject","inLanguage":"es","@id":"https:\/\/secure.gravatar.com\/avatar\/9137aac6891e2595c9d3036fd83bcb653b4db3c946db4c7d9b9be193c3c944bb?s=96&d=mm&r=g","url":"https:\/\/secure.gravatar.com\/avatar\/9137aac6891e2595c9d3036fd83bcb653b4db3c946db4c7d9b9be193c3c944bb?s=96&d=mm&r=g","contentUrl":"https:\/\/secure.gravatar.com\/avatar\/9137aac6891e2595c9d3036fd83bcb653b4db3c946db4c7d9b9be193c3c944bb?s=96&d=mm&r=g","caption":"administrador"},"url":"https:\/\/mont-roig.cat\/es\/actualitat\/noticies\/author\/administrador\/"}]}},"_links":{"self":[{"href":"https:\/\/mont-roig.cat\/es\/wp-json\/wp\/v2\/posts\/26863","targetHints":{"allow":["GET"]}}],"collection":[{"href":"https:\/\/mont-roig.cat\/es\/wp-json\/wp\/v2\/posts"}],"about":[{"href":"https:\/\/mont-roig.cat\/es\/wp-json\/wp\/v2\/types\/post"}],"author":[{"embeddable":true,"href":"https:\/\/mont-roig.cat\/es\/wp-json\/wp\/v2\/users\/4"}],"replies":[{"embeddable":true,"href":"https:\/\/mont-roig.cat\/es\/wp-json\/wp\/v2\/comments?post=26863"}],"version-history":[{"count":5,"href":"https:\/\/mont-roig.cat\/es\/wp-json\/wp\/v2\/posts\/26863\/revisions"}],"predecessor-version":[{"id":26957,"href":"https:\/\/mont-roig.cat\/es\/wp-json\/wp\/v2\/posts\/26863\/revisions\/26957"}],"wp:featuredmedia":[{"embeddable":true,"href":"https:\/\/mont-roig.cat\/es\/wp-json\/wp\/v2\/media\/26864"}],"wp:attachment":[{"href":"https:\/\/mont-roig.cat\/es\/wp-json\/wp\/v2\/media?parent=26863"}],"wp:term":[{"taxonomy":"category","embeddable":true,"href":"https:\/\/mont-roig.cat\/es\/wp-json\/wp\/v2\/categories?post=26863"},{"taxonomy":"post_tag","embeddable":true,"href":"https:\/\/mont-roig.cat\/es\/wp-json\/wp\/v2\/tags?post=26863"}],"curies":[{"name":"wp","href":"https:\/\/api.w.org\/{rel}","templated":true}]}}