{"id":26888,"date":"2018-04-11T15:53:04","date_gmt":"2018-04-11T13:53:04","guid":{"rendered":"https:\/\/mont-roig.cat\/?p=26888"},"modified":"2018-04-12T09:46:53","modified_gmt":"2018-04-12T07:46:53","slug":"el-pleno-aprueba-la-liquidacion-del-presupuesto-municipal-de-2017","status":"publish","type":"post","link":"https:\/\/mont-roig.cat\/es\/actualitat\/noticies\/el-pleno-aprueba-la-liquidacion-del-presupuesto-municipal-de-2017\/","title":{"rendered":"El Pleno presenta la liquidaci\u00f3n del presupuesto municipal de 2017"},"content":{"rendered":"<ul>\n<li><strong>El cierre del ejercicio soporta indicadores positivos que acreditan la buena salud econ\u00f3mica del Ayuntamiento<\/strong><\/li>\n<li><strong>Se aprueba una moci\u00f3n del grupo municipal de Esquerra para pedir, entre otros, la liberaci\u00f3n de los presos pol\u00edticos<\/strong><\/li>\n<\/ul>\n<div id=\"attachment_26886\" style=\"width: 310px\" class=\"wp-caption alignright\"><a href=\"https:\/\/mont-roig.cat\/wp-content\/uploads\/Ple-11-dabril.jpg\"><img loading=\"lazy\" decoding=\"async\" aria-describedby=\"caption-attachment-26886\" class=\"wp-image-26886\" src=\"https:\/\/mont-roig.cat\/wp-content\/uploads\/Ple-11-dabril.jpg\" alt=\"\" width=\"300\" height=\"225\" srcset=\"https:\/\/mont-roig.cat\/wp-content\/uploads\/Ple-11-dabril.jpg 1920w, https:\/\/mont-roig.cat\/wp-content\/uploads\/Ple-11-dabril-500x375.jpg 500w, https:\/\/mont-roig.cat\/wp-content\/uploads\/Ple-11-dabril-768x576.jpg 768w, https:\/\/mont-roig.cat\/wp-content\/uploads\/Ple-11-dabril-1024x768.jpg 1024w, https:\/\/mont-roig.cat\/wp-content\/uploads\/Ple-11-dabril-463x348.jpg 463w\" sizes=\"auto, (max-width: 300px) 100vw, 300px\" \/><\/a><p id=\"caption-attachment-26886\" class=\"wp-caption-text\">Sesi\u00f3n plenaria de 11 de abril de 2018<\/p><\/div>\n<p>El Pleno del Ayuntamiento de Mont-roig del Camp, celebrado este mediod\u00eda, ha presentado la liquidaci\u00f3n del presupuesto correspondiente al ejercicio 2017 y los diversos indicadores que definen la situaci\u00f3n econ\u00f3mica del consistorio.<\/p>\n<p>En este sentido, el periodo medio de pago se sit\u00faa en 1,71 d\u00edas, inferior a los 30 d\u00edas que marca la normativa. El resultado presupuestario es de 1,3 millones positivos y el saldo pendiente de cobro es de 9,3 millones de euros, que ha ido bajando desde el 2014, gracias al esfuerzo de recaudaci\u00f3n y mejora de la situaci\u00f3n econ\u00f3mica del municipio. En cuanto al remanente de tesorer\u00eda se sit\u00faa en 3,38 millones de euros, que vuelve a subir, en la l\u00ednea de los \u00faltimos ejercicios y que aumenta respecto al 2016, en 838.000 euros. Destaca, adem\u00e1s, que el ahorro neto es positivo en un 9,76%. Tambi\u00e9n se debe destacar que el nivel de endeudamiento es del 71,9% y est\u00e1 por debajo del 110%, que es el m\u00e1ximo previsto, no existiendo gastos sin consignaci\u00f3n presupuestaria.<\/p>\n<p>Con estos indicadores, el concejal de Hacienda Juan Gallardo ha hecho una valoraci\u00f3n positiva de la liquidaci\u00f3n del presupuesto, asegurando que estos determinan que la salud econ\u00f3mica del Ayuntamiento es muy buena.<\/p>\n<p>Por otra parte, el plenario ha dado cuenta tambi\u00e9n de la aprobaci\u00f3n de un plan presupuestario a medio plazo para el periodo 2019 &#8211; 2021. Se trata de una figura que reclama Hacienda a las administraciones locales cuando se produce incumplimiento de la regla de gasto, tal y como ha explicado el concejal a las cr\u00edticas del grupo municipal del PDeCAT. Se trata de una cuesti\u00f3n muy t\u00e9cnica que deben cumplir incluso las administraciones saneadas. Este incumplimiento, seg\u00fan Gallardo, ha sido puntual y se ha producido por la necesidad de contemplar en las cuentas del Ayuntamiento de 2017 las inversiones del Pla de Barris y no perder la financiaci\u00f3n de la Generalitat.<\/p>\n<p>En el turno de mociones, el plenario ha aprobado una moci\u00f3n presentada por el grupo municipal de Esquerra para pedir &#8220;la liberaci\u00f3n de los presos pol\u00edticos, el regreso de los exiliados y la denuncia de la deriva antidemocr\u00e1tica y autoritaria del Estado espa\u00f1ol&#8221; que ha obtenido 7 votos a favor, 5 en contra y 2 abstenciones.<\/p>\n<p>Finalmente, preguntado por la oposici\u00f3n, la concejal de Cultura y el alcalde han contestado sobre el cierre del Centro Mir\u00f3 coincidiendo con la apertura del Mas Mir\u00f3 el pr\u00f3ximo 20 de abril, como han solicitado los herederos del pintor, que administran el derecho de uso de su nombre y su obra. La concejal N\u00faria Esquius ha explicado que la Esgl\u00e9sia Vella, adem\u00e1s de seguir siendo un punto de informaci\u00f3n tur\u00edstica, mantendr\u00e1 su car\u00e1cter cultural y albergar\u00e1 exposiciones y actos de las entidades del pueblo, que ya se han empezado a programar. Por otra parte, el alcalde Fran Morancho ha explicado que el proyecto del Mas Mir\u00f3 contempla una ruta trabajada conjuntamente con el Ayuntamiento, que comenzar\u00e1 en el Mas y finalizar\u00e1 en el casco antiguo, en concreto en la plaza de Joan Mir\u00f3 donde el pintor recibi\u00f3 un homenaje del pueblo en 1979, y en la Esgl\u00e9sia Vella, donde los visitantes podr\u00e1n contemplar el tapiz que los herederos cedieron al pueblo de Mont-roig.<\/p>\n","protected":false},"excerpt":{"rendered":"<p>El cierre del ejercicio soporta indicadores positivos que acreditan la buena salud econ\u00f3mica del Ayuntamiento Se aprueba una moci\u00f3n del grupo municipal de Esquerra para pedir, entre otros, la liberaci\u00f3n de los presos pol\u00edticos El Pleno del Ayuntamiento de Mont-roig del Camp, celebrado este mediod\u00eda, ha presentado la liquidaci\u00f3n del presupuesto correspondiente al ejercicio 2017 [&hellip;]<\/p>\n","protected":false},"author":4,"featured_media":26886,"comment_status":"closed","ping_status":"closed","sticky":false,"template":"","format":"standard","meta":{"inline_featured_image":false,"_monsterinsights_skip_tracking":false,"_monsterinsights_sitenote_active":false,"_monsterinsights_sitenote_note":"","_monsterinsights_sitenote_category":0,"footnotes":""},"categories":[98],"tags":[],"class_list":["post-26888","post","type-post","status-publish","format-standard","has-post-thumbnail","hentry","category-ayuntamiento"],"yoast_head":"<!-- This site is optimized with the Yoast SEO plugin v27.4 - https:\/\/yoast.com\/product\/yoast-seo-wordpress\/ -->\n<title>El Pleno presenta la liquidaci\u00f3n del presupuesto municipal de 2017 - Ajuntament de Mont-roig del Camp<\/title>\n<meta name=\"robots\" content=\"index, follow, max-snippet:-1, max-image-preview:large, max-video-preview:-1\" \/>\n<link rel=\"canonical\" href=\"https:\/\/mont-roig.cat\/es\/actualitat\/noticies\/el-pleno-aprueba-la-liquidacion-del-presupuesto-municipal-de-2017\/\" \/>\n<meta property=\"og:locale\" content=\"es_ES\" \/>\n<meta property=\"og:type\" content=\"article\" \/>\n<meta property=\"og:title\" content=\"El Pleno presenta la liquidaci\u00f3n del presupuesto municipal de 2017 - Ajuntament de Mont-roig del Camp\" \/>\n<meta property=\"og:description\" content=\"El cierre del ejercicio soporta indicadores positivos que acreditan la buena salud econ\u00f3mica del Ayuntamiento Se aprueba una moci\u00f3n del grupo municipal de Esquerra para pedir, entre otros, la liberaci\u00f3n de los presos pol\u00edticos El Pleno del Ayuntamiento de Mont-roig del Camp, celebrado este mediod\u00eda, ha presentado la liquidaci\u00f3n del presupuesto correspondiente al ejercicio 2017 [&hellip;]\" \/>\n<meta property=\"og:url\" content=\"https:\/\/mont-roig.cat\/es\/actualitat\/noticies\/el-pleno-aprueba-la-liquidacion-del-presupuesto-municipal-de-2017\/\" \/>\n<meta property=\"og:site_name\" content=\"Ajuntament de Mont-roig del Camp\" \/>\n<meta property=\"article:published_time\" content=\"2018-04-11T13:53:04+00:00\" \/>\n<meta property=\"article:modified_time\" content=\"2018-04-12T07:46:53+00:00\" \/>\n<meta property=\"og:image\" content=\"https:\/\/mont-roig.cat\/wp-content\/uploads\/Ple-11-dabril.jpg\" \/>\n\t<meta property=\"og:image:width\" content=\"1920\" \/>\n\t<meta property=\"og:image:height\" content=\"1440\" \/>\n\t<meta property=\"og:image:type\" content=\"image\/jpeg\" \/>\n<meta name=\"author\" content=\"administrador\" \/>\n<meta name=\"twitter:card\" content=\"summary_large_image\" \/>\n<meta name=\"twitter:label1\" content=\"Escrito por\" \/>\n\t<meta name=\"twitter:data1\" content=\"administrador\" \/>\n\t<meta name=\"twitter:label2\" content=\"Tiempo de lectura\" \/>\n\t<meta name=\"twitter:data2\" content=\"3 minutos\" \/>\n<script type=\"application\/ld+json\" class=\"yoast-schema-graph\">{\"@context\":\"https:\\\/\\\/schema.org\",\"@graph\":[{\"@type\":\"Article\",\"@id\":\"https:\\\/\\\/mont-roig.cat\\\/es\\\/actualitat\\\/noticies\\\/el-pleno-aprueba-la-liquidacion-del-presupuesto-municipal-de-2017\\\/#article\",\"isPartOf\":{\"@id\":\"https:\\\/\\\/mont-roig.cat\\\/es\\\/actualitat\\\/noticies\\\/el-pleno-aprueba-la-liquidacion-del-presupuesto-municipal-de-2017\\\/\"},\"author\":{\"name\":\"administrador\",\"@id\":\"https:\\\/\\\/mont-roig.cat\\\/es\\\/#\\\/schema\\\/person\\\/f2b111789f22b7d0c3bd6786c9128cba\"},\"headline\":\"El Pleno presenta la liquidaci\u00f3n del presupuesto municipal de 2017\",\"datePublished\":\"2018-04-11T13:53:04+00:00\",\"dateModified\":\"2018-04-12T07:46:53+00:00\",\"mainEntityOfPage\":{\"@id\":\"https:\\\/\\\/mont-roig.cat\\\/es\\\/actualitat\\\/noticies\\\/el-pleno-aprueba-la-liquidacion-del-presupuesto-municipal-de-2017\\\/\"},\"wordCount\":614,\"image\":{\"@id\":\"https:\\\/\\\/mont-roig.cat\\\/es\\\/actualitat\\\/noticies\\\/el-pleno-aprueba-la-liquidacion-del-presupuesto-municipal-de-2017\\\/#primaryimage\"},\"thumbnailUrl\":\"https:\\\/\\\/mont-roig.cat\\\/wp-content\\\/uploads\\\/Ple-11-dabril.jpg\",\"articleSection\":[\"Ayuntamiento\"],\"inLanguage\":\"es\"},{\"@type\":\"WebPage\",\"@id\":\"https:\\\/\\\/mont-roig.cat\\\/es\\\/actualitat\\\/noticies\\\/el-pleno-aprueba-la-liquidacion-del-presupuesto-municipal-de-2017\\\/\",\"url\":\"https:\\\/\\\/mont-roig.cat\\\/es\\\/actualitat\\\/noticies\\\/el-pleno-aprueba-la-liquidacion-del-presupuesto-municipal-de-2017\\\/\",\"name\":\"El Pleno presenta la liquidaci\u00f3n del presupuesto municipal de 2017 - Ajuntament de Mont-roig del Camp\",\"isPartOf\":{\"@id\":\"https:\\\/\\\/mont-roig.cat\\\/es\\\/#website\"},\"primaryImageOfPage\":{\"@id\":\"https:\\\/\\\/mont-roig.cat\\\/es\\\/actualitat\\\/noticies\\\/el-pleno-aprueba-la-liquidacion-del-presupuesto-municipal-de-2017\\\/#primaryimage\"},\"image\":{\"@id\":\"https:\\\/\\\/mont-roig.cat\\\/es\\\/actualitat\\\/noticies\\\/el-pleno-aprueba-la-liquidacion-del-presupuesto-municipal-de-2017\\\/#primaryimage\"},\"thumbnailUrl\":\"https:\\\/\\\/mont-roig.cat\\\/wp-content\\\/uploads\\\/Ple-11-dabril.jpg\",\"datePublished\":\"2018-04-11T13:53:04+00:00\",\"dateModified\":\"2018-04-12T07:46:53+00:00\",\"author\":{\"@id\":\"https:\\\/\\\/mont-roig.cat\\\/es\\\/#\\\/schema\\\/person\\\/f2b111789f22b7d0c3bd6786c9128cba\"},\"breadcrumb\":{\"@id\":\"https:\\\/\\\/mont-roig.cat\\\/es\\\/actualitat\\\/noticies\\\/el-pleno-aprueba-la-liquidacion-del-presupuesto-municipal-de-2017\\\/#breadcrumb\"},\"inLanguage\":\"es\",\"potentialAction\":[{\"@type\":\"ReadAction\",\"target\":[\"https:\\\/\\\/mont-roig.cat\\\/es\\\/actualitat\\\/noticies\\\/el-pleno-aprueba-la-liquidacion-del-presupuesto-municipal-de-2017\\\/\"]}]},{\"@type\":\"ImageObject\",\"inLanguage\":\"es\",\"@id\":\"https:\\\/\\\/mont-roig.cat\\\/es\\\/actualitat\\\/noticies\\\/el-pleno-aprueba-la-liquidacion-del-presupuesto-municipal-de-2017\\\/#primaryimage\",\"url\":\"https:\\\/\\\/mont-roig.cat\\\/wp-content\\\/uploads\\\/Ple-11-dabril.jpg\",\"contentUrl\":\"https:\\\/\\\/mont-roig.cat\\\/wp-content\\\/uploads\\\/Ple-11-dabril.jpg\",\"width\":1920,\"height\":1440},{\"@type\":\"BreadcrumbList\",\"@id\":\"https:\\\/\\\/mont-roig.cat\\\/es\\\/actualitat\\\/noticies\\\/el-pleno-aprueba-la-liquidacion-del-presupuesto-municipal-de-2017\\\/#breadcrumb\",\"itemListElement\":[{\"@type\":\"ListItem\",\"position\":1,\"name\":\"Inici\",\"item\":\"https:\\\/\\\/mont-roig.cat\\\/es\\\/pagina-de-inicio\\\/\"},{\"@type\":\"ListItem\",\"position\":2,\"name\":\"El Pleno presenta la liquidaci\u00f3n del presupuesto municipal de 2017\"}]},{\"@type\":\"WebSite\",\"@id\":\"https:\\\/\\\/mont-roig.cat\\\/es\\\/#website\",\"url\":\"https:\\\/\\\/mont-roig.cat\\\/es\\\/\",\"name\":\"Ajuntament de Mont-roig del Camp\",\"description\":\"Tota la informaci\u00f3 sobre la instituci\u00f3, els seus \u00f2rgans de govern, actualitat, serveis i molt m\u00e9s.\",\"potentialAction\":[{\"@type\":\"SearchAction\",\"target\":{\"@type\":\"EntryPoint\",\"urlTemplate\":\"https:\\\/\\\/mont-roig.cat\\\/es\\\/?s={search_term_string}\"},\"query-input\":{\"@type\":\"PropertyValueSpecification\",\"valueRequired\":true,\"valueName\":\"search_term_string\"}}],\"inLanguage\":\"es\"},{\"@type\":\"Person\",\"@id\":\"https:\\\/\\\/mont-roig.cat\\\/es\\\/#\\\/schema\\\/person\\\/f2b111789f22b7d0c3bd6786c9128cba\",\"name\":\"administrador\",\"image\":{\"@type\":\"ImageObject\",\"inLanguage\":\"es\",\"@id\":\"https:\\\/\\\/secure.gravatar.com\\\/avatar\\\/9137aac6891e2595c9d3036fd83bcb653b4db3c946db4c7d9b9be193c3c944bb?s=96&d=mm&r=g\",\"url\":\"https:\\\/\\\/secure.gravatar.com\\\/avatar\\\/9137aac6891e2595c9d3036fd83bcb653b4db3c946db4c7d9b9be193c3c944bb?s=96&d=mm&r=g\",\"contentUrl\":\"https:\\\/\\\/secure.gravatar.com\\\/avatar\\\/9137aac6891e2595c9d3036fd83bcb653b4db3c946db4c7d9b9be193c3c944bb?s=96&d=mm&r=g\",\"caption\":\"administrador\"},\"url\":\"https:\\\/\\\/mont-roig.cat\\\/es\\\/actualitat\\\/noticies\\\/author\\\/administrador\\\/\"}]}<\/script>\n<!-- \/ Yoast SEO plugin. -->","yoast_head_json":{"title":"El Pleno presenta la liquidaci\u00f3n del presupuesto municipal de 2017 - Ajuntament de Mont-roig del Camp","robots":{"index":"index","follow":"follow","max-snippet":"max-snippet:-1","max-image-preview":"max-image-preview:large","max-video-preview":"max-video-preview:-1"},"canonical":"https:\/\/mont-roig.cat\/es\/actualitat\/noticies\/el-pleno-aprueba-la-liquidacion-del-presupuesto-municipal-de-2017\/","og_locale":"es_ES","og_type":"article","og_title":"El Pleno presenta la liquidaci\u00f3n del presupuesto municipal de 2017 - Ajuntament de Mont-roig del Camp","og_description":"El cierre del ejercicio soporta indicadores positivos que acreditan la buena salud econ\u00f3mica del Ayuntamiento Se aprueba una moci\u00f3n del grupo municipal de Esquerra para pedir, entre otros, la liberaci\u00f3n de los presos pol\u00edticos El Pleno del Ayuntamiento de Mont-roig del Camp, celebrado este mediod\u00eda, ha presentado la liquidaci\u00f3n del presupuesto correspondiente al ejercicio 2017 [&hellip;]","og_url":"https:\/\/mont-roig.cat\/es\/actualitat\/noticies\/el-pleno-aprueba-la-liquidacion-del-presupuesto-municipal-de-2017\/","og_site_name":"Ajuntament de Mont-roig del Camp","article_published_time":"2018-04-11T13:53:04+00:00","article_modified_time":"2018-04-12T07:46:53+00:00","og_image":[{"width":1920,"height":1440,"url":"https:\/\/mont-roig.cat\/wp-content\/uploads\/Ple-11-dabril.jpg","type":"image\/jpeg"}],"author":"administrador","twitter_card":"summary_large_image","twitter_misc":{"Escrito por":"administrador","Tiempo de lectura":"3 minutos"},"schema":{"@context":"https:\/\/schema.org","@graph":[{"@type":"Article","@id":"https:\/\/mont-roig.cat\/es\/actualitat\/noticies\/el-pleno-aprueba-la-liquidacion-del-presupuesto-municipal-de-2017\/#article","isPartOf":{"@id":"https:\/\/mont-roig.cat\/es\/actualitat\/noticies\/el-pleno-aprueba-la-liquidacion-del-presupuesto-municipal-de-2017\/"},"author":{"name":"administrador","@id":"https:\/\/mont-roig.cat\/es\/#\/schema\/person\/f2b111789f22b7d0c3bd6786c9128cba"},"headline":"El Pleno presenta la liquidaci\u00f3n del presupuesto municipal de 2017","datePublished":"2018-04-11T13:53:04+00:00","dateModified":"2018-04-12T07:46:53+00:00","mainEntityOfPage":{"@id":"https:\/\/mont-roig.cat\/es\/actualitat\/noticies\/el-pleno-aprueba-la-liquidacion-del-presupuesto-municipal-de-2017\/"},"wordCount":614,"image":{"@id":"https:\/\/mont-roig.cat\/es\/actualitat\/noticies\/el-pleno-aprueba-la-liquidacion-del-presupuesto-municipal-de-2017\/#primaryimage"},"thumbnailUrl":"https:\/\/mont-roig.cat\/wp-content\/uploads\/Ple-11-dabril.jpg","articleSection":["Ayuntamiento"],"inLanguage":"es"},{"@type":"WebPage","@id":"https:\/\/mont-roig.cat\/es\/actualitat\/noticies\/el-pleno-aprueba-la-liquidacion-del-presupuesto-municipal-de-2017\/","url":"https:\/\/mont-roig.cat\/es\/actualitat\/noticies\/el-pleno-aprueba-la-liquidacion-del-presupuesto-municipal-de-2017\/","name":"El Pleno presenta la liquidaci\u00f3n del presupuesto municipal de 2017 - Ajuntament de Mont-roig del Camp","isPartOf":{"@id":"https:\/\/mont-roig.cat\/es\/#website"},"primaryImageOfPage":{"@id":"https:\/\/mont-roig.cat\/es\/actualitat\/noticies\/el-pleno-aprueba-la-liquidacion-del-presupuesto-municipal-de-2017\/#primaryimage"},"image":{"@id":"https:\/\/mont-roig.cat\/es\/actualitat\/noticies\/el-pleno-aprueba-la-liquidacion-del-presupuesto-municipal-de-2017\/#primaryimage"},"thumbnailUrl":"https:\/\/mont-roig.cat\/wp-content\/uploads\/Ple-11-dabril.jpg","datePublished":"2018-04-11T13:53:04+00:00","dateModified":"2018-04-12T07:46:53+00:00","author":{"@id":"https:\/\/mont-roig.cat\/es\/#\/schema\/person\/f2b111789f22b7d0c3bd6786c9128cba"},"breadcrumb":{"@id":"https:\/\/mont-roig.cat\/es\/actualitat\/noticies\/el-pleno-aprueba-la-liquidacion-del-presupuesto-municipal-de-2017\/#breadcrumb"},"inLanguage":"es","potentialAction":[{"@type":"ReadAction","target":["https:\/\/mont-roig.cat\/es\/actualitat\/noticies\/el-pleno-aprueba-la-liquidacion-del-presupuesto-municipal-de-2017\/"]}]},{"@type":"ImageObject","inLanguage":"es","@id":"https:\/\/mont-roig.cat\/es\/actualitat\/noticies\/el-pleno-aprueba-la-liquidacion-del-presupuesto-municipal-de-2017\/#primaryimage","url":"https:\/\/mont-roig.cat\/wp-content\/uploads\/Ple-11-dabril.jpg","contentUrl":"https:\/\/mont-roig.cat\/wp-content\/uploads\/Ple-11-dabril.jpg","width":1920,"height":1440},{"@type":"BreadcrumbList","@id":"https:\/\/mont-roig.cat\/es\/actualitat\/noticies\/el-pleno-aprueba-la-liquidacion-del-presupuesto-municipal-de-2017\/#breadcrumb","itemListElement":[{"@type":"ListItem","position":1,"name":"Inici","item":"https:\/\/mont-roig.cat\/es\/pagina-de-inicio\/"},{"@type":"ListItem","position":2,"name":"El Pleno presenta la liquidaci\u00f3n del presupuesto municipal de 2017"}]},{"@type":"WebSite","@id":"https:\/\/mont-roig.cat\/es\/#website","url":"https:\/\/mont-roig.cat\/es\/","name":"Ajuntament de Mont-roig del Camp","description":"Tota la informaci\u00f3 sobre la instituci\u00f3, els seus \u00f2rgans de govern, actualitat, serveis i molt m\u00e9s.","potentialAction":[{"@type":"SearchAction","target":{"@type":"EntryPoint","urlTemplate":"https:\/\/mont-roig.cat\/es\/?s={search_term_string}"},"query-input":{"@type":"PropertyValueSpecification","valueRequired":true,"valueName":"search_term_string"}}],"inLanguage":"es"},{"@type":"Person","@id":"https:\/\/mont-roig.cat\/es\/#\/schema\/person\/f2b111789f22b7d0c3bd6786c9128cba","name":"administrador","image":{"@type":"ImageObject","inLanguage":"es","@id":"https:\/\/secure.gravatar.com\/avatar\/9137aac6891e2595c9d3036fd83bcb653b4db3c946db4c7d9b9be193c3c944bb?s=96&d=mm&r=g","url":"https:\/\/secure.gravatar.com\/avatar\/9137aac6891e2595c9d3036fd83bcb653b4db3c946db4c7d9b9be193c3c944bb?s=96&d=mm&r=g","contentUrl":"https:\/\/secure.gravatar.com\/avatar\/9137aac6891e2595c9d3036fd83bcb653b4db3c946db4c7d9b9be193c3c944bb?s=96&d=mm&r=g","caption":"administrador"},"url":"https:\/\/mont-roig.cat\/es\/actualitat\/noticies\/author\/administrador\/"}]}},"_links":{"self":[{"href":"https:\/\/mont-roig.cat\/es\/wp-json\/wp\/v2\/posts\/26888","targetHints":{"allow":["GET"]}}],"collection":[{"href":"https:\/\/mont-roig.cat\/es\/wp-json\/wp\/v2\/posts"}],"about":[{"href":"https:\/\/mont-roig.cat\/es\/wp-json\/wp\/v2\/types\/post"}],"author":[{"embeddable":true,"href":"https:\/\/mont-roig.cat\/es\/wp-json\/wp\/v2\/users\/4"}],"replies":[{"embeddable":true,"href":"https:\/\/mont-roig.cat\/es\/wp-json\/wp\/v2\/comments?post=26888"}],"version-history":[{"count":3,"href":"https:\/\/mont-roig.cat\/es\/wp-json\/wp\/v2\/posts\/26888\/revisions"}],"predecessor-version":[{"id":26901,"href":"https:\/\/mont-roig.cat\/es\/wp-json\/wp\/v2\/posts\/26888\/revisions\/26901"}],"wp:featuredmedia":[{"embeddable":true,"href":"https:\/\/mont-roig.cat\/es\/wp-json\/wp\/v2\/media\/26886"}],"wp:attachment":[{"href":"https:\/\/mont-roig.cat\/es\/wp-json\/wp\/v2\/media?parent=26888"}],"wp:term":[{"taxonomy":"category","embeddable":true,"href":"https:\/\/mont-roig.cat\/es\/wp-json\/wp\/v2\/categories?post=26888"},{"taxonomy":"post_tag","embeddable":true,"href":"https:\/\/mont-roig.cat\/es\/wp-json\/wp\/v2\/tags?post=26888"}],"curies":[{"name":"wp","href":"https:\/\/api.w.org\/{rel}","templated":true}]}}