{"id":26991,"date":"2018-04-18T10:52:07","date_gmt":"2018-04-18T08:52:07","guid":{"rendered":"https:\/\/mont-roig.cat\/?p=26991"},"modified":"2018-04-18T12:07:28","modified_gmt":"2018-04-18T10:07:28","slug":"las-bibliotecas-municipales-soplan-las-velas-por-sant-jordi","status":"publish","type":"post","link":"https:\/\/mont-roig.cat\/es\/actualitat\/noticies\/las-bibliotecas-municipales-soplan-las-velas-por-sant-jordi\/","title":{"rendered":"Las bibliotecas municipales soplan las velas por Sant Jordi"},"content":{"rendered":"<ul>\n<li>\n<div id=\"tw-target-text-container\" class=\"tw-ta-container tw-nfl\">\n<p id=\"tw-target-text\" class=\"tw-data-text tw-ta tw-text-small\" dir=\"ltr\" data-placeholder=\"Traducci\u00f3n\"><strong><span lang=\"es\">Habr\u00e1 paradas de libros y rosas y la participaci\u00f3n de diversas entidades locales<\/span><\/strong><\/p>\n<\/div>\n<\/li>\n<\/ul>\n<p><a href=\"https:\/\/mont-roig.cat\/wp-content\/uploads\/Cartell_A3_StJordi2018_ok-001-1.jpg\"><img loading=\"lazy\" decoding=\"async\" class=\"wp-image-26976 alignright\" src=\"https:\/\/mont-roig.cat\/wp-content\/uploads\/Cartell_A3_StJordi2018_ok-001-1.jpg\" alt=\"\" width=\"300\" height=\"423\" srcset=\"https:\/\/mont-roig.cat\/wp-content\/uploads\/Cartell_A3_StJordi2018_ok-001-1.jpg 1695w, https:\/\/mont-roig.cat\/wp-content\/uploads\/Cartell_A3_StJordi2018_ok-001-1-354x500.jpg 354w, https:\/\/mont-roig.cat\/wp-content\/uploads\/Cartell_A3_StJordi2018_ok-001-1-768x1084.jpg 768w, https:\/\/mont-roig.cat\/wp-content\/uploads\/Cartell_A3_StJordi2018_ok-001-1-726x1024.jpg 726w\" sizes=\"auto, (max-width: 300px) 100vw, 300px\" \/><\/a><\/p>\n<div id=\"tw-target-text-container\" class=\"tw-ta-container tw-nfl\">\n<p id=\"tw-target-text\" class=\"tw-data-text tw-ta tw-text-small\" dir=\"ltr\" data-placeholder=\"Traducci\u00f3n\"><span lang=\"es\">El Sant Jordi de este 2018 ser\u00e1 especial en Mont-roig del Camp porque, adem\u00e1s de celebrar el d\u00eda del libro y la rosa, se conmemora el aniversario de las bibliotecas municipales Joan Mir\u00f3. En concreto, la del n\u00facleo de Mont-roig cumple 30 a\u00f1os y la de Miami Platja 15. Por ello, durante la tarde del d\u00eda 23 habr\u00e1 varios actos en el exterior de las bibliotecas, con puestos de libros, talleres de manualidades, photocalls, espect\u00e1culos infantiles, parlamentos institucionales y la participaci\u00f3n de diversas entidades locales que ayudar\u00e1n a soplar las velas del pastel de cumplea\u00f1os.<\/span><\/p>\n<\/div>\n<div id=\"tw-target-text-container\" class=\"tw-ta-container tw-nfl\">\n<p class=\"tw-data-text tw-ta tw-text-small\" dir=\"ltr\" data-placeholder=\"Traducci\u00f3n\"><span lang=\"es\">En Mont-roig los actos comenzar\u00e1n a las 5 de la tarde y tendr\u00e1n lugar en el aparcamiento de la Casa de Cultura, con la venta de libros, rosas y talleres de manualidades a cargo de los Brivalls. En esta hora comenzar\u00e1 el espect\u00e1culo &#8220;Posa&#8217;t en \u00f2rbita&#8221; de la c\u00eda. Escalivada. Tras los parlamentos institucionales la biblioteca de Mont-roig soplar\u00e1 las 30 velas y entregar\u00e1 los premios del concurso de puntos de libro y los s\u00faper lectores 2017. A continuaci\u00f3n habr\u00e1 baile de gigantes con la\u00a0<\/span><span lang=\"ca\">Colla Gegantera del Barri de Dalt Pitota y Pitot, la colla Gegantera del Barri <\/span><span lang=\"es\">de los 6 calles y los Grallers de Mont-roig, A las 6 y 45 minutos est\u00e1 previsto una baile de sardanas con la\u00a0<\/span><span lang=\"ca\">Rotllana mont-rogenca<\/span><span lang=\"es\">. La celebraci\u00f3n terminar\u00e1 con el concierto de Sant Jordi de la Coral Sant Miquel de Mont-roig.<\/span><\/p>\n<\/div>\n<div id=\"tw-target-text-container\" class=\"tw-ta-container tw-nfl\">\n<p id=\"tw-target-text\" class=\"tw-data-text tw-ta tw-text-small\" dir=\"ltr\" data-placeholder=\"Traducci\u00f3n\"><span lang=\"es\">En Miami Platja, la venta de libros y rosas tambi\u00e9n comenzar\u00e1 a las 5 de la tarde. Habr\u00e1 tambi\u00e9n talleres a cargo de la Associaci\u00f3 Lluna Roja. A las 18 h est\u00e1 prevista la representaci\u00f3n del espect\u00e1culo &#8220;El viatge m\u00e9s bonic del m\u00f3n&#8221; de la mano con la c\u00eda La Boia Teatre, (se representar\u00e1 tambi\u00e9n el d\u00eda 21 de abril, a las 7 de la tarde en el Casal de J\u00f3ves K1 de Mont-roig). Seguidamente habr\u00e1 la actuaci\u00f3n de la Associaci\u00f3 Line Dance &amp; Country Mont-roig \/ Miami. A las siete y media est\u00e1n previstos los parlamentos institucionales para seguidamente soplar las 15 velas de la Biblioteca de Miami Platja y entregar los premios a s\u00faper lectores. La fiesta acabar\u00e1 con la actuaci\u00f3n de la batucada de Miami Sona.<\/span><\/p>\n<\/div>\n<p><strong>Pinta el cartel de Sant Jordi 2018<\/strong><\/p>\n<p>Por tercer a\u00f1o consecutivo, los ni\u00f1os y ni\u00f1as podr\u00e1n pintar los elementos del cartel de Sant Jordi a su gusto. En este caso, adem\u00e1s, se invita a recortar las im\u00e1genes y a construir unos t\u00edteres de palo que tambi\u00e9n pueden servir para hacer una representaci\u00f3n de la leyenda de Sant Jordi con sombras chinescas.<\/p>\n<p><strong>Programaci\u00f3n especial de las bibliotecas<\/strong><\/p>\n<p>Era el 20 de abril de 1988 cuando abri\u00f3 las puertas la biblioteca Joan Mir\u00f3 de Mont-roig y el 23 de abril de 2003 cuando lo hac\u00eda la de Miami Platja. Se celebran entonces, los 30 y los 15 a\u00f1os de un servicio de largo recorrido, que no solo alberga libros sino que es punto neur\u00e1lgico del municipio, de cultura de proximidad y de socializaci\u00f3n de los vecinos y vecinas. Para conmemorar las efem\u00e9rides se han programado actividades especiales durante todo el a\u00f1o. De hecho, este Sant Jordi ser\u00e1 uno de los momentos de m\u00e1xima celebraci\u00f3n, pero ya ha habido actividades especiales durante todo el mes de abril. Los d\u00edas 12 y 16 de abril se hicieron cuenta cuentos para adultos con Rat Cebri\u00e1n y Agus Farr\u00e9 y los d\u00edas 11 y 18 de abril Jeep Gasulla ofreci\u00f3 cuentos de dragones y caballeros.<\/p>\n","protected":false},"excerpt":{"rendered":"<p>Habr\u00e1 paradas de libros y rosas y la participaci\u00f3n de diversas entidades locales El Sant Jordi de este 2018 ser\u00e1 especial en Mont-roig del Camp porque, adem\u00e1s de celebrar el d\u00eda del libro y la rosa, se conmemora el aniversario de las bibliotecas municipales Joan Mir\u00f3. En concreto, la del n\u00facleo de Mont-roig cumple 30 [&hellip;]<\/p>\n","protected":false},"author":4,"featured_media":26976,"comment_status":"closed","ping_status":"closed","sticky":false,"template":"","format":"standard","meta":{"inline_featured_image":false,"_monsterinsights_skip_tracking":false,"_monsterinsights_sitenote_active":false,"_monsterinsights_sitenote_note":"","_monsterinsights_sitenote_category":0,"footnotes":""},"categories":[101],"tags":[],"class_list":["post-26991","post","type-post","status-publish","format-standard","has-post-thumbnail","hentry","category-cultura-es"],"yoast_head":"<!-- This site is optimized with the Yoast SEO plugin v27.4 - https:\/\/yoast.com\/product\/yoast-seo-wordpress\/ -->\n<title>Las bibliotecas municipales soplan las velas por Sant Jordi - Ajuntament de Mont-roig del Camp<\/title>\n<meta name=\"robots\" content=\"index, follow, max-snippet:-1, max-image-preview:large, max-video-preview:-1\" \/>\n<link rel=\"canonical\" href=\"https:\/\/mont-roig.cat\/es\/actualitat\/noticies\/las-bibliotecas-municipales-soplan-las-velas-por-sant-jordi\/\" \/>\n<meta property=\"og:locale\" content=\"es_ES\" \/>\n<meta property=\"og:type\" content=\"article\" \/>\n<meta property=\"og:title\" content=\"Las bibliotecas municipales soplan las velas por Sant Jordi - Ajuntament de Mont-roig del Camp\" \/>\n<meta property=\"og:description\" content=\"Habr\u00e1 paradas de libros y rosas y la participaci\u00f3n de diversas entidades locales El Sant Jordi de este 2018 ser\u00e1 especial en Mont-roig del Camp porque, adem\u00e1s de celebrar el d\u00eda del libro y la rosa, se conmemora el aniversario de las bibliotecas municipales Joan Mir\u00f3. En concreto, la del n\u00facleo de Mont-roig cumple 30 [&hellip;]\" \/>\n<meta property=\"og:url\" content=\"https:\/\/mont-roig.cat\/es\/actualitat\/noticies\/las-bibliotecas-municipales-soplan-las-velas-por-sant-jordi\/\" \/>\n<meta property=\"og:site_name\" content=\"Ajuntament de Mont-roig del Camp\" \/>\n<meta property=\"article:published_time\" content=\"2018-04-18T08:52:07+00:00\" \/>\n<meta property=\"article:modified_time\" content=\"2018-04-18T10:07:28+00:00\" \/>\n<meta property=\"og:image\" content=\"https:\/\/mont-roig.cat\/wp-content\/uploads\/Cartell_A3_StJordi2018_ok-001-1.jpg\" \/>\n\t<meta property=\"og:image:width\" content=\"1695\" \/>\n\t<meta property=\"og:image:height\" content=\"2392\" \/>\n\t<meta property=\"og:image:type\" content=\"image\/jpeg\" \/>\n<meta name=\"author\" content=\"administrador\" \/>\n<meta name=\"twitter:card\" content=\"summary_large_image\" \/>\n<meta name=\"twitter:label1\" content=\"Escrito por\" \/>\n\t<meta name=\"twitter:data1\" content=\"administrador\" \/>\n\t<meta name=\"twitter:label2\" content=\"Tiempo de lectura\" \/>\n\t<meta name=\"twitter:data2\" content=\"3 minutos\" \/>\n<script type=\"application\/ld+json\" class=\"yoast-schema-graph\">{\"@context\":\"https:\\\/\\\/schema.org\",\"@graph\":[{\"@type\":\"Article\",\"@id\":\"https:\\\/\\\/mont-roig.cat\\\/es\\\/actualitat\\\/noticies\\\/las-bibliotecas-municipales-soplan-las-velas-por-sant-jordi\\\/#article\",\"isPartOf\":{\"@id\":\"https:\\\/\\\/mont-roig.cat\\\/es\\\/actualitat\\\/noticies\\\/las-bibliotecas-municipales-soplan-las-velas-por-sant-jordi\\\/\"},\"author\":{\"name\":\"administrador\",\"@id\":\"https:\\\/\\\/mont-roig.cat\\\/es\\\/#\\\/schema\\\/person\\\/f2b111789f22b7d0c3bd6786c9128cba\"},\"headline\":\"Las bibliotecas municipales soplan las velas por Sant Jordi\",\"datePublished\":\"2018-04-18T08:52:07+00:00\",\"dateModified\":\"2018-04-18T10:07:28+00:00\",\"mainEntityOfPage\":{\"@id\":\"https:\\\/\\\/mont-roig.cat\\\/es\\\/actualitat\\\/noticies\\\/las-bibliotecas-municipales-soplan-las-velas-por-sant-jordi\\\/\"},\"wordCount\":620,\"image\":{\"@id\":\"https:\\\/\\\/mont-roig.cat\\\/es\\\/actualitat\\\/noticies\\\/las-bibliotecas-municipales-soplan-las-velas-por-sant-jordi\\\/#primaryimage\"},\"thumbnailUrl\":\"https:\\\/\\\/mont-roig.cat\\\/wp-content\\\/uploads\\\/Cartell_A3_StJordi2018_ok-001-1.jpg\",\"articleSection\":[\"Cultura\"],\"inLanguage\":\"es\"},{\"@type\":\"WebPage\",\"@id\":\"https:\\\/\\\/mont-roig.cat\\\/es\\\/actualitat\\\/noticies\\\/las-bibliotecas-municipales-soplan-las-velas-por-sant-jordi\\\/\",\"url\":\"https:\\\/\\\/mont-roig.cat\\\/es\\\/actualitat\\\/noticies\\\/las-bibliotecas-municipales-soplan-las-velas-por-sant-jordi\\\/\",\"name\":\"Las bibliotecas municipales soplan las velas por Sant Jordi - Ajuntament de Mont-roig del Camp\",\"isPartOf\":{\"@id\":\"https:\\\/\\\/mont-roig.cat\\\/es\\\/#website\"},\"primaryImageOfPage\":{\"@id\":\"https:\\\/\\\/mont-roig.cat\\\/es\\\/actualitat\\\/noticies\\\/las-bibliotecas-municipales-soplan-las-velas-por-sant-jordi\\\/#primaryimage\"},\"image\":{\"@id\":\"https:\\\/\\\/mont-roig.cat\\\/es\\\/actualitat\\\/noticies\\\/las-bibliotecas-municipales-soplan-las-velas-por-sant-jordi\\\/#primaryimage\"},\"thumbnailUrl\":\"https:\\\/\\\/mont-roig.cat\\\/wp-content\\\/uploads\\\/Cartell_A3_StJordi2018_ok-001-1.jpg\",\"datePublished\":\"2018-04-18T08:52:07+00:00\",\"dateModified\":\"2018-04-18T10:07:28+00:00\",\"author\":{\"@id\":\"https:\\\/\\\/mont-roig.cat\\\/es\\\/#\\\/schema\\\/person\\\/f2b111789f22b7d0c3bd6786c9128cba\"},\"breadcrumb\":{\"@id\":\"https:\\\/\\\/mont-roig.cat\\\/es\\\/actualitat\\\/noticies\\\/las-bibliotecas-municipales-soplan-las-velas-por-sant-jordi\\\/#breadcrumb\"},\"inLanguage\":\"es\",\"potentialAction\":[{\"@type\":\"ReadAction\",\"target\":[\"https:\\\/\\\/mont-roig.cat\\\/es\\\/actualitat\\\/noticies\\\/las-bibliotecas-municipales-soplan-las-velas-por-sant-jordi\\\/\"]}]},{\"@type\":\"ImageObject\",\"inLanguage\":\"es\",\"@id\":\"https:\\\/\\\/mont-roig.cat\\\/es\\\/actualitat\\\/noticies\\\/las-bibliotecas-municipales-soplan-las-velas-por-sant-jordi\\\/#primaryimage\",\"url\":\"https:\\\/\\\/mont-roig.cat\\\/wp-content\\\/uploads\\\/Cartell_A3_StJordi2018_ok-001-1.jpg\",\"contentUrl\":\"https:\\\/\\\/mont-roig.cat\\\/wp-content\\\/uploads\\\/Cartell_A3_StJordi2018_ok-001-1.jpg\",\"width\":1695,\"height\":2392},{\"@type\":\"BreadcrumbList\",\"@id\":\"https:\\\/\\\/mont-roig.cat\\\/es\\\/actualitat\\\/noticies\\\/las-bibliotecas-municipales-soplan-las-velas-por-sant-jordi\\\/#breadcrumb\",\"itemListElement\":[{\"@type\":\"ListItem\",\"position\":1,\"name\":\"Inici\",\"item\":\"https:\\\/\\\/mont-roig.cat\\\/es\\\/pagina-de-inicio\\\/\"},{\"@type\":\"ListItem\",\"position\":2,\"name\":\"Las bibliotecas municipales soplan las velas por Sant Jordi\"}]},{\"@type\":\"WebSite\",\"@id\":\"https:\\\/\\\/mont-roig.cat\\\/es\\\/#website\",\"url\":\"https:\\\/\\\/mont-roig.cat\\\/es\\\/\",\"name\":\"Ajuntament de Mont-roig del Camp\",\"description\":\"Tota la informaci\u00f3 sobre la instituci\u00f3, els seus \u00f2rgans de govern, actualitat, serveis i molt m\u00e9s.\",\"potentialAction\":[{\"@type\":\"SearchAction\",\"target\":{\"@type\":\"EntryPoint\",\"urlTemplate\":\"https:\\\/\\\/mont-roig.cat\\\/es\\\/?s={search_term_string}\"},\"query-input\":{\"@type\":\"PropertyValueSpecification\",\"valueRequired\":true,\"valueName\":\"search_term_string\"}}],\"inLanguage\":\"es\"},{\"@type\":\"Person\",\"@id\":\"https:\\\/\\\/mont-roig.cat\\\/es\\\/#\\\/schema\\\/person\\\/f2b111789f22b7d0c3bd6786c9128cba\",\"name\":\"administrador\",\"image\":{\"@type\":\"ImageObject\",\"inLanguage\":\"es\",\"@id\":\"https:\\\/\\\/secure.gravatar.com\\\/avatar\\\/9137aac6891e2595c9d3036fd83bcb653b4db3c946db4c7d9b9be193c3c944bb?s=96&d=mm&r=g\",\"url\":\"https:\\\/\\\/secure.gravatar.com\\\/avatar\\\/9137aac6891e2595c9d3036fd83bcb653b4db3c946db4c7d9b9be193c3c944bb?s=96&d=mm&r=g\",\"contentUrl\":\"https:\\\/\\\/secure.gravatar.com\\\/avatar\\\/9137aac6891e2595c9d3036fd83bcb653b4db3c946db4c7d9b9be193c3c944bb?s=96&d=mm&r=g\",\"caption\":\"administrador\"},\"url\":\"https:\\\/\\\/mont-roig.cat\\\/es\\\/actualitat\\\/noticies\\\/author\\\/administrador\\\/\"}]}<\/script>\n<!-- \/ Yoast SEO plugin. -->","yoast_head_json":{"title":"Las bibliotecas municipales soplan las velas por Sant Jordi - Ajuntament de Mont-roig del Camp","robots":{"index":"index","follow":"follow","max-snippet":"max-snippet:-1","max-image-preview":"max-image-preview:large","max-video-preview":"max-video-preview:-1"},"canonical":"https:\/\/mont-roig.cat\/es\/actualitat\/noticies\/las-bibliotecas-municipales-soplan-las-velas-por-sant-jordi\/","og_locale":"es_ES","og_type":"article","og_title":"Las bibliotecas municipales soplan las velas por Sant Jordi - Ajuntament de Mont-roig del Camp","og_description":"Habr\u00e1 paradas de libros y rosas y la participaci\u00f3n de diversas entidades locales El Sant Jordi de este 2018 ser\u00e1 especial en Mont-roig del Camp porque, adem\u00e1s de celebrar el d\u00eda del libro y la rosa, se conmemora el aniversario de las bibliotecas municipales Joan Mir\u00f3. En concreto, la del n\u00facleo de Mont-roig cumple 30 [&hellip;]","og_url":"https:\/\/mont-roig.cat\/es\/actualitat\/noticies\/las-bibliotecas-municipales-soplan-las-velas-por-sant-jordi\/","og_site_name":"Ajuntament de Mont-roig del Camp","article_published_time":"2018-04-18T08:52:07+00:00","article_modified_time":"2018-04-18T10:07:28+00:00","og_image":[{"width":1695,"height":2392,"url":"https:\/\/mont-roig.cat\/wp-content\/uploads\/Cartell_A3_StJordi2018_ok-001-1.jpg","type":"image\/jpeg"}],"author":"administrador","twitter_card":"summary_large_image","twitter_misc":{"Escrito por":"administrador","Tiempo de lectura":"3 minutos"},"schema":{"@context":"https:\/\/schema.org","@graph":[{"@type":"Article","@id":"https:\/\/mont-roig.cat\/es\/actualitat\/noticies\/las-bibliotecas-municipales-soplan-las-velas-por-sant-jordi\/#article","isPartOf":{"@id":"https:\/\/mont-roig.cat\/es\/actualitat\/noticies\/las-bibliotecas-municipales-soplan-las-velas-por-sant-jordi\/"},"author":{"name":"administrador","@id":"https:\/\/mont-roig.cat\/es\/#\/schema\/person\/f2b111789f22b7d0c3bd6786c9128cba"},"headline":"Las bibliotecas municipales soplan las velas por Sant Jordi","datePublished":"2018-04-18T08:52:07+00:00","dateModified":"2018-04-18T10:07:28+00:00","mainEntityOfPage":{"@id":"https:\/\/mont-roig.cat\/es\/actualitat\/noticies\/las-bibliotecas-municipales-soplan-las-velas-por-sant-jordi\/"},"wordCount":620,"image":{"@id":"https:\/\/mont-roig.cat\/es\/actualitat\/noticies\/las-bibliotecas-municipales-soplan-las-velas-por-sant-jordi\/#primaryimage"},"thumbnailUrl":"https:\/\/mont-roig.cat\/wp-content\/uploads\/Cartell_A3_StJordi2018_ok-001-1.jpg","articleSection":["Cultura"],"inLanguage":"es"},{"@type":"WebPage","@id":"https:\/\/mont-roig.cat\/es\/actualitat\/noticies\/las-bibliotecas-municipales-soplan-las-velas-por-sant-jordi\/","url":"https:\/\/mont-roig.cat\/es\/actualitat\/noticies\/las-bibliotecas-municipales-soplan-las-velas-por-sant-jordi\/","name":"Las bibliotecas municipales soplan las velas por Sant Jordi - Ajuntament de Mont-roig del Camp","isPartOf":{"@id":"https:\/\/mont-roig.cat\/es\/#website"},"primaryImageOfPage":{"@id":"https:\/\/mont-roig.cat\/es\/actualitat\/noticies\/las-bibliotecas-municipales-soplan-las-velas-por-sant-jordi\/#primaryimage"},"image":{"@id":"https:\/\/mont-roig.cat\/es\/actualitat\/noticies\/las-bibliotecas-municipales-soplan-las-velas-por-sant-jordi\/#primaryimage"},"thumbnailUrl":"https:\/\/mont-roig.cat\/wp-content\/uploads\/Cartell_A3_StJordi2018_ok-001-1.jpg","datePublished":"2018-04-18T08:52:07+00:00","dateModified":"2018-04-18T10:07:28+00:00","author":{"@id":"https:\/\/mont-roig.cat\/es\/#\/schema\/person\/f2b111789f22b7d0c3bd6786c9128cba"},"breadcrumb":{"@id":"https:\/\/mont-roig.cat\/es\/actualitat\/noticies\/las-bibliotecas-municipales-soplan-las-velas-por-sant-jordi\/#breadcrumb"},"inLanguage":"es","potentialAction":[{"@type":"ReadAction","target":["https:\/\/mont-roig.cat\/es\/actualitat\/noticies\/las-bibliotecas-municipales-soplan-las-velas-por-sant-jordi\/"]}]},{"@type":"ImageObject","inLanguage":"es","@id":"https:\/\/mont-roig.cat\/es\/actualitat\/noticies\/las-bibliotecas-municipales-soplan-las-velas-por-sant-jordi\/#primaryimage","url":"https:\/\/mont-roig.cat\/wp-content\/uploads\/Cartell_A3_StJordi2018_ok-001-1.jpg","contentUrl":"https:\/\/mont-roig.cat\/wp-content\/uploads\/Cartell_A3_StJordi2018_ok-001-1.jpg","width":1695,"height":2392},{"@type":"BreadcrumbList","@id":"https:\/\/mont-roig.cat\/es\/actualitat\/noticies\/las-bibliotecas-municipales-soplan-las-velas-por-sant-jordi\/#breadcrumb","itemListElement":[{"@type":"ListItem","position":1,"name":"Inici","item":"https:\/\/mont-roig.cat\/es\/pagina-de-inicio\/"},{"@type":"ListItem","position":2,"name":"Las bibliotecas municipales soplan las velas por Sant Jordi"}]},{"@type":"WebSite","@id":"https:\/\/mont-roig.cat\/es\/#website","url":"https:\/\/mont-roig.cat\/es\/","name":"Ajuntament de Mont-roig del Camp","description":"Tota la informaci\u00f3 sobre la instituci\u00f3, els seus \u00f2rgans de govern, actualitat, serveis i molt m\u00e9s.","potentialAction":[{"@type":"SearchAction","target":{"@type":"EntryPoint","urlTemplate":"https:\/\/mont-roig.cat\/es\/?s={search_term_string}"},"query-input":{"@type":"PropertyValueSpecification","valueRequired":true,"valueName":"search_term_string"}}],"inLanguage":"es"},{"@type":"Person","@id":"https:\/\/mont-roig.cat\/es\/#\/schema\/person\/f2b111789f22b7d0c3bd6786c9128cba","name":"administrador","image":{"@type":"ImageObject","inLanguage":"es","@id":"https:\/\/secure.gravatar.com\/avatar\/9137aac6891e2595c9d3036fd83bcb653b4db3c946db4c7d9b9be193c3c944bb?s=96&d=mm&r=g","url":"https:\/\/secure.gravatar.com\/avatar\/9137aac6891e2595c9d3036fd83bcb653b4db3c946db4c7d9b9be193c3c944bb?s=96&d=mm&r=g","contentUrl":"https:\/\/secure.gravatar.com\/avatar\/9137aac6891e2595c9d3036fd83bcb653b4db3c946db4c7d9b9be193c3c944bb?s=96&d=mm&r=g","caption":"administrador"},"url":"https:\/\/mont-roig.cat\/es\/actualitat\/noticies\/author\/administrador\/"}]}},"_links":{"self":[{"href":"https:\/\/mont-roig.cat\/es\/wp-json\/wp\/v2\/posts\/26991","targetHints":{"allow":["GET"]}}],"collection":[{"href":"https:\/\/mont-roig.cat\/es\/wp-json\/wp\/v2\/posts"}],"about":[{"href":"https:\/\/mont-roig.cat\/es\/wp-json\/wp\/v2\/types\/post"}],"author":[{"embeddable":true,"href":"https:\/\/mont-roig.cat\/es\/wp-json\/wp\/v2\/users\/4"}],"replies":[{"embeddable":true,"href":"https:\/\/mont-roig.cat\/es\/wp-json\/wp\/v2\/comments?post=26991"}],"version-history":[{"count":4,"href":"https:\/\/mont-roig.cat\/es\/wp-json\/wp\/v2\/posts\/26991\/revisions"}],"predecessor-version":[{"id":27001,"href":"https:\/\/mont-roig.cat\/es\/wp-json\/wp\/v2\/posts\/26991\/revisions\/27001"}],"wp:featuredmedia":[{"embeddable":true,"href":"https:\/\/mont-roig.cat\/es\/wp-json\/wp\/v2\/media\/26976"}],"wp:attachment":[{"href":"https:\/\/mont-roig.cat\/es\/wp-json\/wp\/v2\/media?parent=26991"}],"wp:term":[{"taxonomy":"category","embeddable":true,"href":"https:\/\/mont-roig.cat\/es\/wp-json\/wp\/v2\/categories?post=26991"},{"taxonomy":"post_tag","embeddable":true,"href":"https:\/\/mont-roig.cat\/es\/wp-json\/wp\/v2\/tags?post=26991"}],"curies":[{"name":"wp","href":"https:\/\/api.w.org\/{rel}","templated":true}]}}