{"id":27327,"date":"2018-05-02T10:46:44","date_gmt":"2018-05-02T08:46:44","guid":{"rendered":"https:\/\/mont-roig.cat\/?p=27327"},"modified":"2018-05-02T10:58:24","modified_gmt":"2018-05-02T08:58:24","slug":"noves-dates-per-a-la-renovacio-i-tramitacio-del-dni-al-municipi","status":"publish","type":"post","link":"https:\/\/mont-roig.cat\/es\/actualitat\/noticies\/noves-dates-per-a-la-renovacio-i-tramitacio-del-dni-al-municipi\/","title":{"rendered":"Nuevas fechas para la renovaci\u00f3n y tramitaci\u00f3n del DNI al municipio"},"content":{"rendered":"<div id=\"tw-target-text-container\" class=\"tw-ta-container tw-nfl\">\n<ul>\n<li id=\"tw-target-text\" class=\"tw-data-text tw-ta tw-text-small\" dir=\"ltr\" data-placeholder=\"Traducci\u00f3n\"><strong><span lang=\"es\">Los tr\u00e1mites se podr\u00e1n hacer los d\u00edas 8 y 10 de mayo en Miami Platja y 15 y 17 de mayo en Mont-roig<\/span><\/strong><\/li>\n<li class=\"tw-data-text tw-ta tw-text-small\" dir=\"ltr\" data-placeholder=\"Traducci\u00f3n\"><strong><span lang=\"es\">Hay que pedir cita previa a trav\u00e9s de las OMAC<\/span><\/strong><\/li>\n<\/ul>\n<\/div>\n<div id=\"tw-target-text-container\" class=\"tw-ta-container tw-nfl\">\n<p><a href=\"https:\/\/mont-roig.cat\/wp-content\/uploads\/DNI.png\"><img loading=\"lazy\" decoding=\"async\" class=\"alignright wp-image-9570\" src=\"https:\/\/mont-roig.cat\/wp-content\/uploads\/DNI.png\" alt=\"\" width=\"300\" height=\"190\" srcset=\"https:\/\/mont-roig.cat\/wp-content\/uploads\/DNI.png 738w, https:\/\/mont-roig.cat\/wp-content\/uploads\/DNI-500x317.png 500w\" sizes=\"auto, (max-width: 300px) 100vw, 300px\" \/><\/a><\/p>\n<p id=\"tw-target-text\" class=\"tw-data-text tw-ta tw-text-small\" dir=\"ltr\" data-placeholder=\"Traducci\u00f3n\"><span lang=\"es\">La Polic\u00eda Nacional volver\u00e1 a ofrecer el servicio de renovaci\u00f3n y tramitaci\u00f3n del DNI en el municipio a partir de este mes de mayo.<\/span><\/p>\n<\/div>\n<div id=\"tw-target-text-container\" class=\"tw-ta-container tw-nfl\">\n<p id=\"tw-target-text\" class=\"tw-data-text tw-ta tw-text-small\" dir=\"ltr\" data-placeholder=\"Traducci\u00f3n\"><span lang=\"es\">En concreto, la oficina m\u00f3vil de la Direcci\u00f3n General de la Polic\u00eda se desplazar\u00e1 a Miami Platja, martes 8 de mayo y jueves 10 de mayo, de las 10 a las 12.15 h en la Biblioteca Joan Mir\u00f3.<\/span><\/p>\n<\/div>\n<div id=\"tw-target-text-container\" class=\"tw-ta-container tw-nfl\">\n<p id=\"tw-target-text\" class=\"tw-data-text tw-ta tw-text-small\" dir=\"ltr\" data-placeholder=\"Traducci\u00f3n\"><span lang=\"es\">En Mont-roig ofrecen el servicio el martes 15 de mayo y jueves 17 de mayo, de las 9.30 h a las 12.30 h en el casal de Joves K1.<\/span><\/p>\n<\/div>\n<div id=\"tw-target-text-container\" class=\"tw-ta-container tw-nfl\">\n<p id=\"tw-target-text\" class=\"tw-data-text tw-ta tw-text-small\" dir=\"ltr\" data-placeholder=\"Traducci\u00f3n\"><span lang=\"es\">En ambos casos el primer d\u00eda se podr\u00e1 realizar el tr\u00e1mite y el segundo recoger los documentos.<\/span><\/p>\n<\/div>\n<div id=\"tw-target-text-container\" class=\"tw-ta-container tw-nfl\">\n<p id=\"tw-target-text\" class=\"tw-data-text tw-ta tw-text-small\" dir=\"ltr\" data-placeholder=\"Traducci\u00f3n\"><span lang=\"es\">El servicio contempla cualquier tr\u00e1mite del DNI, tanto si se trata de hac\u00e9rselo por primera vez como si se ha de renovar, ya sea por p\u00e9rdida, por sustracci\u00f3n o por cambio de datos o domicilio.<\/span><\/p>\n<\/div>\n<div id=\"tw-target-text-container\" class=\"tw-ta-container tw-nfl\">\n<p id=\"tw-target-text\" class=\"tw-data-text tw-ta tw-text-small\" dir=\"ltr\" data-placeholder=\"Traducci\u00f3n\"><span lang=\"es\">Recordemos que para beneficiarse de este servicio, es necesario pedir hora en las Oficinas Municipales de Atenci\u00f3n al Ciudadano (OMAC) del Ayuntamiento, tanto en Mont-roig como Miami Platja. Al pedir cita previa se informar\u00e1 de la documentaci\u00f3n requerida para poder realizar el tr\u00e1mite.<\/span><\/p>\n<\/div>\n<div id=\"tw-target-text-container\" class=\"tw-ta-container tw-nfl\">\n<p id=\"tw-target-text\" class=\"tw-data-text tw-ta tw-text-small\" dir=\"ltr\" data-placeholder=\"Traducci\u00f3n\"><span lang=\"es\">La petici\u00f3n de cita previa tambi\u00e9n se puede hacer a trav\u00e9s del siguiente <a href=\"https:\/\/mont-roig.cat\/es\/ayuntamiento\/atencion-ciudadana\/tramites-e-instancias\/\" target=\"_blank\" rel=\"noopener\">enlace<\/a>.<\/span><\/p>\n<\/div>\n<p>OMAC Mont-roig: Crta. Colldejou, s\/n, o al 977 83 70 05<br \/>\nOMAC Miami Platja: carrer S\u00f2ria, 14-16, o al 977 17 04 40.<\/p>\n","protected":false},"excerpt":{"rendered":"<p>Los tr\u00e1mites se podr\u00e1n hacer los d\u00edas 8 y 10 de mayo en Miami Platja y 15 y 17 de mayo en Mont-roig Hay que pedir cita previa a trav\u00e9s de las OMAC La Polic\u00eda Nacional volver\u00e1 a ofrecer el servicio de renovaci\u00f3n y tramitaci\u00f3n del DNI en el municipio a partir de este mes [&hellip;]<\/p>\n","protected":false},"author":4,"featured_media":9570,"comment_status":"closed","ping_status":"closed","sticky":false,"template":"","format":"standard","meta":{"inline_featured_image":false,"_monsterinsights_skip_tracking":false,"_monsterinsights_sitenote_active":false,"_monsterinsights_sitenote_note":"","_monsterinsights_sitenote_category":0,"footnotes":""},"categories":[98],"tags":[],"class_list":["post-27327","post","type-post","status-publish","format-standard","has-post-thumbnail","hentry","category-ayuntamiento"],"yoast_head":"<!-- This site is optimized with the Yoast SEO plugin v27.4 - https:\/\/yoast.com\/product\/yoast-seo-wordpress\/ -->\n<title>Nuevas fechas para la renovaci\u00f3n y tramitaci\u00f3n del DNI al municipio - Ajuntament de Mont-roig del Camp<\/title>\n<meta name=\"robots\" content=\"index, follow, max-snippet:-1, max-image-preview:large, max-video-preview:-1\" \/>\n<link rel=\"canonical\" href=\"https:\/\/mont-roig.cat\/es\/actualitat\/noticies\/noves-dates-per-a-la-renovacio-i-tramitacio-del-dni-al-municipi\/\" \/>\n<meta property=\"og:locale\" content=\"es_ES\" \/>\n<meta property=\"og:type\" content=\"article\" \/>\n<meta property=\"og:title\" content=\"Nuevas fechas para la renovaci\u00f3n y tramitaci\u00f3n del DNI al municipio - Ajuntament de Mont-roig del Camp\" \/>\n<meta property=\"og:description\" content=\"Los tr\u00e1mites se podr\u00e1n hacer los d\u00edas 8 y 10 de mayo en Miami Platja y 15 y 17 de mayo en Mont-roig Hay que pedir cita previa a trav\u00e9s de las OMAC La Polic\u00eda Nacional volver\u00e1 a ofrecer el servicio de renovaci\u00f3n y tramitaci\u00f3n del DNI en el municipio a partir de este mes [&hellip;]\" \/>\n<meta property=\"og:url\" content=\"https:\/\/mont-roig.cat\/es\/actualitat\/noticies\/noves-dates-per-a-la-renovacio-i-tramitacio-del-dni-al-municipi\/\" \/>\n<meta property=\"og:site_name\" content=\"Ajuntament de Mont-roig del Camp\" \/>\n<meta property=\"article:published_time\" content=\"2018-05-02T08:46:44+00:00\" \/>\n<meta property=\"article:modified_time\" content=\"2018-05-02T08:58:24+00:00\" \/>\n<meta property=\"og:image\" content=\"https:\/\/mont-roig.cat\/wp-content\/uploads\/DNI.png\" \/>\n\t<meta property=\"og:image:width\" content=\"738\" \/>\n\t<meta property=\"og:image:height\" content=\"468\" \/>\n\t<meta property=\"og:image:type\" content=\"image\/png\" \/>\n<meta name=\"author\" content=\"administrador\" \/>\n<meta name=\"twitter:card\" content=\"summary_large_image\" \/>\n<meta name=\"twitter:label1\" content=\"Escrito por\" \/>\n\t<meta name=\"twitter:data1\" content=\"administrador\" \/>\n\t<meta name=\"twitter:label2\" content=\"Tiempo de lectura\" \/>\n\t<meta name=\"twitter:data2\" content=\"1 minuto\" \/>\n<script type=\"application\/ld+json\" class=\"yoast-schema-graph\">{\"@context\":\"https:\\\/\\\/schema.org\",\"@graph\":[{\"@type\":\"Article\",\"@id\":\"https:\\\/\\\/mont-roig.cat\\\/es\\\/actualitat\\\/noticies\\\/noves-dates-per-a-la-renovacio-i-tramitacio-del-dni-al-municipi\\\/#article\",\"isPartOf\":{\"@id\":\"https:\\\/\\\/mont-roig.cat\\\/es\\\/actualitat\\\/noticies\\\/noves-dates-per-a-la-renovacio-i-tramitacio-del-dni-al-municipi\\\/\"},\"author\":{\"name\":\"administrador\",\"@id\":\"https:\\\/\\\/mont-roig.cat\\\/es\\\/#\\\/schema\\\/person\\\/f2b111789f22b7d0c3bd6786c9128cba\"},\"headline\":\"Nuevas fechas para la renovaci\u00f3n y tramitaci\u00f3n del DNI al municipio\",\"datePublished\":\"2018-05-02T08:46:44+00:00\",\"dateModified\":\"2018-05-02T08:58:24+00:00\",\"mainEntityOfPage\":{\"@id\":\"https:\\\/\\\/mont-roig.cat\\\/es\\\/actualitat\\\/noticies\\\/noves-dates-per-a-la-renovacio-i-tramitacio-del-dni-al-municipi\\\/\"},\"wordCount\":273,\"image\":{\"@id\":\"https:\\\/\\\/mont-roig.cat\\\/es\\\/actualitat\\\/noticies\\\/noves-dates-per-a-la-renovacio-i-tramitacio-del-dni-al-municipi\\\/#primaryimage\"},\"thumbnailUrl\":\"https:\\\/\\\/mont-roig.cat\\\/wp-content\\\/uploads\\\/DNI.png\",\"articleSection\":[\"Ayuntamiento\"],\"inLanguage\":\"es\"},{\"@type\":\"WebPage\",\"@id\":\"https:\\\/\\\/mont-roig.cat\\\/es\\\/actualitat\\\/noticies\\\/noves-dates-per-a-la-renovacio-i-tramitacio-del-dni-al-municipi\\\/\",\"url\":\"https:\\\/\\\/mont-roig.cat\\\/es\\\/actualitat\\\/noticies\\\/noves-dates-per-a-la-renovacio-i-tramitacio-del-dni-al-municipi\\\/\",\"name\":\"Nuevas fechas para la renovaci\u00f3n y tramitaci\u00f3n del DNI al municipio - Ajuntament de Mont-roig del Camp\",\"isPartOf\":{\"@id\":\"https:\\\/\\\/mont-roig.cat\\\/es\\\/#website\"},\"primaryImageOfPage\":{\"@id\":\"https:\\\/\\\/mont-roig.cat\\\/es\\\/actualitat\\\/noticies\\\/noves-dates-per-a-la-renovacio-i-tramitacio-del-dni-al-municipi\\\/#primaryimage\"},\"image\":{\"@id\":\"https:\\\/\\\/mont-roig.cat\\\/es\\\/actualitat\\\/noticies\\\/noves-dates-per-a-la-renovacio-i-tramitacio-del-dni-al-municipi\\\/#primaryimage\"},\"thumbnailUrl\":\"https:\\\/\\\/mont-roig.cat\\\/wp-content\\\/uploads\\\/DNI.png\",\"datePublished\":\"2018-05-02T08:46:44+00:00\",\"dateModified\":\"2018-05-02T08:58:24+00:00\",\"author\":{\"@id\":\"https:\\\/\\\/mont-roig.cat\\\/es\\\/#\\\/schema\\\/person\\\/f2b111789f22b7d0c3bd6786c9128cba\"},\"breadcrumb\":{\"@id\":\"https:\\\/\\\/mont-roig.cat\\\/es\\\/actualitat\\\/noticies\\\/noves-dates-per-a-la-renovacio-i-tramitacio-del-dni-al-municipi\\\/#breadcrumb\"},\"inLanguage\":\"es\",\"potentialAction\":[{\"@type\":\"ReadAction\",\"target\":[\"https:\\\/\\\/mont-roig.cat\\\/es\\\/actualitat\\\/noticies\\\/noves-dates-per-a-la-renovacio-i-tramitacio-del-dni-al-municipi\\\/\"]}]},{\"@type\":\"ImageObject\",\"inLanguage\":\"es\",\"@id\":\"https:\\\/\\\/mont-roig.cat\\\/es\\\/actualitat\\\/noticies\\\/noves-dates-per-a-la-renovacio-i-tramitacio-del-dni-al-municipi\\\/#primaryimage\",\"url\":\"https:\\\/\\\/mont-roig.cat\\\/wp-content\\\/uploads\\\/DNI.png\",\"contentUrl\":\"https:\\\/\\\/mont-roig.cat\\\/wp-content\\\/uploads\\\/DNI.png\",\"width\":738,\"height\":468},{\"@type\":\"BreadcrumbList\",\"@id\":\"https:\\\/\\\/mont-roig.cat\\\/es\\\/actualitat\\\/noticies\\\/noves-dates-per-a-la-renovacio-i-tramitacio-del-dni-al-municipi\\\/#breadcrumb\",\"itemListElement\":[{\"@type\":\"ListItem\",\"position\":1,\"name\":\"Inici\",\"item\":\"https:\\\/\\\/mont-roig.cat\\\/es\\\/pagina-de-inicio\\\/\"},{\"@type\":\"ListItem\",\"position\":2,\"name\":\"Nuevas fechas para la renovaci\u00f3n y tramitaci\u00f3n del DNI al municipio\"}]},{\"@type\":\"WebSite\",\"@id\":\"https:\\\/\\\/mont-roig.cat\\\/es\\\/#website\",\"url\":\"https:\\\/\\\/mont-roig.cat\\\/es\\\/\",\"name\":\"Ajuntament de Mont-roig del Camp\",\"description\":\"Tota la informaci\u00f3 sobre la instituci\u00f3, els seus \u00f2rgans de govern, actualitat, serveis i molt m\u00e9s.\",\"potentialAction\":[{\"@type\":\"SearchAction\",\"target\":{\"@type\":\"EntryPoint\",\"urlTemplate\":\"https:\\\/\\\/mont-roig.cat\\\/es\\\/?s={search_term_string}\"},\"query-input\":{\"@type\":\"PropertyValueSpecification\",\"valueRequired\":true,\"valueName\":\"search_term_string\"}}],\"inLanguage\":\"es\"},{\"@type\":\"Person\",\"@id\":\"https:\\\/\\\/mont-roig.cat\\\/es\\\/#\\\/schema\\\/person\\\/f2b111789f22b7d0c3bd6786c9128cba\",\"name\":\"administrador\",\"image\":{\"@type\":\"ImageObject\",\"inLanguage\":\"es\",\"@id\":\"https:\\\/\\\/secure.gravatar.com\\\/avatar\\\/9137aac6891e2595c9d3036fd83bcb653b4db3c946db4c7d9b9be193c3c944bb?s=96&d=mm&r=g\",\"url\":\"https:\\\/\\\/secure.gravatar.com\\\/avatar\\\/9137aac6891e2595c9d3036fd83bcb653b4db3c946db4c7d9b9be193c3c944bb?s=96&d=mm&r=g\",\"contentUrl\":\"https:\\\/\\\/secure.gravatar.com\\\/avatar\\\/9137aac6891e2595c9d3036fd83bcb653b4db3c946db4c7d9b9be193c3c944bb?s=96&d=mm&r=g\",\"caption\":\"administrador\"},\"url\":\"https:\\\/\\\/mont-roig.cat\\\/es\\\/actualitat\\\/noticies\\\/author\\\/administrador\\\/\"}]}<\/script>\n<!-- \/ Yoast SEO plugin. -->","yoast_head_json":{"title":"Nuevas fechas para la renovaci\u00f3n y tramitaci\u00f3n del DNI al municipio - Ajuntament de Mont-roig del Camp","robots":{"index":"index","follow":"follow","max-snippet":"max-snippet:-1","max-image-preview":"max-image-preview:large","max-video-preview":"max-video-preview:-1"},"canonical":"https:\/\/mont-roig.cat\/es\/actualitat\/noticies\/noves-dates-per-a-la-renovacio-i-tramitacio-del-dni-al-municipi\/","og_locale":"es_ES","og_type":"article","og_title":"Nuevas fechas para la renovaci\u00f3n y tramitaci\u00f3n del DNI al municipio - Ajuntament de Mont-roig del Camp","og_description":"Los tr\u00e1mites se podr\u00e1n hacer los d\u00edas 8 y 10 de mayo en Miami Platja y 15 y 17 de mayo en Mont-roig Hay que pedir cita previa a trav\u00e9s de las OMAC La Polic\u00eda Nacional volver\u00e1 a ofrecer el servicio de renovaci\u00f3n y tramitaci\u00f3n del DNI en el municipio a partir de este mes [&hellip;]","og_url":"https:\/\/mont-roig.cat\/es\/actualitat\/noticies\/noves-dates-per-a-la-renovacio-i-tramitacio-del-dni-al-municipi\/","og_site_name":"Ajuntament de Mont-roig del Camp","article_published_time":"2018-05-02T08:46:44+00:00","article_modified_time":"2018-05-02T08:58:24+00:00","og_image":[{"width":738,"height":468,"url":"https:\/\/mont-roig.cat\/wp-content\/uploads\/DNI.png","type":"image\/png"}],"author":"administrador","twitter_card":"summary_large_image","twitter_misc":{"Escrito por":"administrador","Tiempo de lectura":"1 minuto"},"schema":{"@context":"https:\/\/schema.org","@graph":[{"@type":"Article","@id":"https:\/\/mont-roig.cat\/es\/actualitat\/noticies\/noves-dates-per-a-la-renovacio-i-tramitacio-del-dni-al-municipi\/#article","isPartOf":{"@id":"https:\/\/mont-roig.cat\/es\/actualitat\/noticies\/noves-dates-per-a-la-renovacio-i-tramitacio-del-dni-al-municipi\/"},"author":{"name":"administrador","@id":"https:\/\/mont-roig.cat\/es\/#\/schema\/person\/f2b111789f22b7d0c3bd6786c9128cba"},"headline":"Nuevas fechas para la renovaci\u00f3n y tramitaci\u00f3n del DNI al municipio","datePublished":"2018-05-02T08:46:44+00:00","dateModified":"2018-05-02T08:58:24+00:00","mainEntityOfPage":{"@id":"https:\/\/mont-roig.cat\/es\/actualitat\/noticies\/noves-dates-per-a-la-renovacio-i-tramitacio-del-dni-al-municipi\/"},"wordCount":273,"image":{"@id":"https:\/\/mont-roig.cat\/es\/actualitat\/noticies\/noves-dates-per-a-la-renovacio-i-tramitacio-del-dni-al-municipi\/#primaryimage"},"thumbnailUrl":"https:\/\/mont-roig.cat\/wp-content\/uploads\/DNI.png","articleSection":["Ayuntamiento"],"inLanguage":"es"},{"@type":"WebPage","@id":"https:\/\/mont-roig.cat\/es\/actualitat\/noticies\/noves-dates-per-a-la-renovacio-i-tramitacio-del-dni-al-municipi\/","url":"https:\/\/mont-roig.cat\/es\/actualitat\/noticies\/noves-dates-per-a-la-renovacio-i-tramitacio-del-dni-al-municipi\/","name":"Nuevas fechas para la renovaci\u00f3n y tramitaci\u00f3n del DNI al municipio - Ajuntament de Mont-roig del Camp","isPartOf":{"@id":"https:\/\/mont-roig.cat\/es\/#website"},"primaryImageOfPage":{"@id":"https:\/\/mont-roig.cat\/es\/actualitat\/noticies\/noves-dates-per-a-la-renovacio-i-tramitacio-del-dni-al-municipi\/#primaryimage"},"image":{"@id":"https:\/\/mont-roig.cat\/es\/actualitat\/noticies\/noves-dates-per-a-la-renovacio-i-tramitacio-del-dni-al-municipi\/#primaryimage"},"thumbnailUrl":"https:\/\/mont-roig.cat\/wp-content\/uploads\/DNI.png","datePublished":"2018-05-02T08:46:44+00:00","dateModified":"2018-05-02T08:58:24+00:00","author":{"@id":"https:\/\/mont-roig.cat\/es\/#\/schema\/person\/f2b111789f22b7d0c3bd6786c9128cba"},"breadcrumb":{"@id":"https:\/\/mont-roig.cat\/es\/actualitat\/noticies\/noves-dates-per-a-la-renovacio-i-tramitacio-del-dni-al-municipi\/#breadcrumb"},"inLanguage":"es","potentialAction":[{"@type":"ReadAction","target":["https:\/\/mont-roig.cat\/es\/actualitat\/noticies\/noves-dates-per-a-la-renovacio-i-tramitacio-del-dni-al-municipi\/"]}]},{"@type":"ImageObject","inLanguage":"es","@id":"https:\/\/mont-roig.cat\/es\/actualitat\/noticies\/noves-dates-per-a-la-renovacio-i-tramitacio-del-dni-al-municipi\/#primaryimage","url":"https:\/\/mont-roig.cat\/wp-content\/uploads\/DNI.png","contentUrl":"https:\/\/mont-roig.cat\/wp-content\/uploads\/DNI.png","width":738,"height":468},{"@type":"BreadcrumbList","@id":"https:\/\/mont-roig.cat\/es\/actualitat\/noticies\/noves-dates-per-a-la-renovacio-i-tramitacio-del-dni-al-municipi\/#breadcrumb","itemListElement":[{"@type":"ListItem","position":1,"name":"Inici","item":"https:\/\/mont-roig.cat\/es\/pagina-de-inicio\/"},{"@type":"ListItem","position":2,"name":"Nuevas fechas para la renovaci\u00f3n y tramitaci\u00f3n del DNI al municipio"}]},{"@type":"WebSite","@id":"https:\/\/mont-roig.cat\/es\/#website","url":"https:\/\/mont-roig.cat\/es\/","name":"Ajuntament de Mont-roig del Camp","description":"Tota la informaci\u00f3 sobre la instituci\u00f3, els seus \u00f2rgans de govern, actualitat, serveis i molt m\u00e9s.","potentialAction":[{"@type":"SearchAction","target":{"@type":"EntryPoint","urlTemplate":"https:\/\/mont-roig.cat\/es\/?s={search_term_string}"},"query-input":{"@type":"PropertyValueSpecification","valueRequired":true,"valueName":"search_term_string"}}],"inLanguage":"es"},{"@type":"Person","@id":"https:\/\/mont-roig.cat\/es\/#\/schema\/person\/f2b111789f22b7d0c3bd6786c9128cba","name":"administrador","image":{"@type":"ImageObject","inLanguage":"es","@id":"https:\/\/secure.gravatar.com\/avatar\/9137aac6891e2595c9d3036fd83bcb653b4db3c946db4c7d9b9be193c3c944bb?s=96&d=mm&r=g","url":"https:\/\/secure.gravatar.com\/avatar\/9137aac6891e2595c9d3036fd83bcb653b4db3c946db4c7d9b9be193c3c944bb?s=96&d=mm&r=g","contentUrl":"https:\/\/secure.gravatar.com\/avatar\/9137aac6891e2595c9d3036fd83bcb653b4db3c946db4c7d9b9be193c3c944bb?s=96&d=mm&r=g","caption":"administrador"},"url":"https:\/\/mont-roig.cat\/es\/actualitat\/noticies\/author\/administrador\/"}]}},"_links":{"self":[{"href":"https:\/\/mont-roig.cat\/es\/wp-json\/wp\/v2\/posts\/27327","targetHints":{"allow":["GET"]}}],"collection":[{"href":"https:\/\/mont-roig.cat\/es\/wp-json\/wp\/v2\/posts"}],"about":[{"href":"https:\/\/mont-roig.cat\/es\/wp-json\/wp\/v2\/types\/post"}],"author":[{"embeddable":true,"href":"https:\/\/mont-roig.cat\/es\/wp-json\/wp\/v2\/users\/4"}],"replies":[{"embeddable":true,"href":"https:\/\/mont-roig.cat\/es\/wp-json\/wp\/v2\/comments?post=27327"}],"version-history":[{"count":5,"href":"https:\/\/mont-roig.cat\/es\/wp-json\/wp\/v2\/posts\/27327\/revisions"}],"predecessor-version":[{"id":27335,"href":"https:\/\/mont-roig.cat\/es\/wp-json\/wp\/v2\/posts\/27327\/revisions\/27335"}],"wp:featuredmedia":[{"embeddable":true,"href":"https:\/\/mont-roig.cat\/es\/wp-json\/wp\/v2\/media\/9570"}],"wp:attachment":[{"href":"https:\/\/mont-roig.cat\/es\/wp-json\/wp\/v2\/media?parent=27327"}],"wp:term":[{"taxonomy":"category","embeddable":true,"href":"https:\/\/mont-roig.cat\/es\/wp-json\/wp\/v2\/categories?post=27327"},{"taxonomy":"post_tag","embeddable":true,"href":"https:\/\/mont-roig.cat\/es\/wp-json\/wp\/v2\/tags?post=27327"}],"curies":[{"name":"wp","href":"https:\/\/api.w.org\/{rel}","templated":true}]}}