{"id":27436,"date":"2018-05-02T16:00:21","date_gmt":"2018-05-02T14:00:21","guid":{"rendered":"https:\/\/mont-roig.cat\/?p=27436"},"modified":"2018-05-02T16:00:21","modified_gmt":"2018-05-02T14:00:21","slug":"los-alcaldes-de-la-costa-que-reclaman-desmantelar-las-vias-pasan-a-la-accion","status":"publish","type":"post","link":"https:\/\/mont-roig.cat\/es\/actualitat\/noticies\/los-alcaldes-de-la-costa-que-reclaman-desmantelar-las-vias-pasan-a-la-accion\/","title":{"rendered":"Los alcaldes de la costa que reclaman desmantelar las v\u00edas pasan a la acci\u00f3n"},"content":{"rendered":"<ul>\n<li>Los alcaldes de Mont-roig del Camp, Vandell\u00f2s i l&#8217;Hospitalet de l&#8217;Infant, Salou y Cambrils anuncian que se personar\u00e1n a las puertas de la Delegaci\u00f3n del Gobierno en Barcelona para pedir una reuni\u00f3n con el delegado, y le presentar\u00e1n un manifiesto para reclamar la urgencia de los trabajos de desmantelamiento de las instalaciones ferroviarias desde Salou hasta Vandell\u00f2s<\/li>\n<li>Tambi\u00e9n apuestan por estudiar la legalidad de la entrada en funcionamiento del Corredor sin que se haya dado cumplimiento a la Resoluci\u00f3n de Impacto Ambiental que obliga al Gobierno Central el desmantelamiento de las v\u00edas<\/li>\n<\/ul>\n\n\t\t<style type=\"text\/css\">\n\t\t\t#gallery-1 {\n\t\t\t\tmargin: auto;\n\t\t\t}\n\t\t\t#gallery-1 .gallery-item {\n\t\t\t\tfloat: left;\n\t\t\t\tmargin-top: 10px;\n\t\t\t\ttext-align: center;\n\t\t\t\twidth: 33%;\n\t\t\t}\n\t\t\t#gallery-1 img {\n\t\t\t\tborder: 2px solid #cfcfcf;\n\t\t\t}\n\t\t\t#gallery-1 .gallery-caption {\n\t\t\t\tmargin-left: 0;\n\t\t\t}\n\t\t\t\/* see gallery_shortcode() in wp-includes\/media.php *\/\n\t\t<\/style>\n\t\t<div id='gallery-1' class='gallery galleryid-27436 gallery-columns-3 gallery-size-thumbnail'><dl class='gallery-item'>\n\t\t\t<dt class='gallery-icon landscape'>\n\t\t\t\t<a href='https:\/\/mont-roig.cat\/wp-content\/uploads\/Trobada-alcaldes-de-la-costa-2.jpeg'><img loading=\"lazy\" decoding=\"async\" width=\"50\" height=\"50\" src=\"https:\/\/mont-roig.cat\/wp-content\/uploads\/Trobada-alcaldes-de-la-costa-2-50x50.jpeg\" class=\"attachment-thumbnail size-thumbnail\" alt=\"\" srcset=\"https:\/\/mont-roig.cat\/wp-content\/uploads\/Trobada-alcaldes-de-la-costa-2-50x50.jpeg 50w, https:\/\/mont-roig.cat\/wp-content\/uploads\/Trobada-alcaldes-de-la-costa-2-560x560.jpeg 560w, https:\/\/mont-roig.cat\/wp-content\/uploads\/Trobada-alcaldes-de-la-costa-2-367x367.jpeg 367w, https:\/\/mont-roig.cat\/wp-content\/uploads\/Trobada-alcaldes-de-la-costa-2-450x450.jpeg 450w, https:\/\/mont-roig.cat\/wp-content\/uploads\/Trobada-alcaldes-de-la-costa-2-85x85.jpeg 85w, https:\/\/mont-roig.cat\/wp-content\/uploads\/Trobada-alcaldes-de-la-costa-2-45x45.jpeg 45w\" sizes=\"auto, (max-width: 50px) 100vw, 50px\" \/><\/a>\n\t\t\t<\/dt><\/dl><dl class='gallery-item'>\n\t\t\t<dt class='gallery-icon landscape'>\n\t\t\t\t<a href='https:\/\/mont-roig.cat\/wp-content\/uploads\/Trobada-alcaldes-de-la-costa-3.jpeg'><img loading=\"lazy\" decoding=\"async\" width=\"50\" height=\"50\" src=\"https:\/\/mont-roig.cat\/wp-content\/uploads\/Trobada-alcaldes-de-la-costa-3-50x50.jpeg\" class=\"attachment-thumbnail size-thumbnail\" alt=\"\" srcset=\"https:\/\/mont-roig.cat\/wp-content\/uploads\/Trobada-alcaldes-de-la-costa-3-50x50.jpeg 50w, https:\/\/mont-roig.cat\/wp-content\/uploads\/Trobada-alcaldes-de-la-costa-3-560x560.jpeg 560w, https:\/\/mont-roig.cat\/wp-content\/uploads\/Trobada-alcaldes-de-la-costa-3-367x367.jpeg 367w, https:\/\/mont-roig.cat\/wp-content\/uploads\/Trobada-alcaldes-de-la-costa-3-450x450.jpeg 450w, https:\/\/mont-roig.cat\/wp-content\/uploads\/Trobada-alcaldes-de-la-costa-3-85x85.jpeg 85w, https:\/\/mont-roig.cat\/wp-content\/uploads\/Trobada-alcaldes-de-la-costa-3-45x45.jpeg 45w\" sizes=\"auto, (max-width: 50px) 100vw, 50px\" \/><\/a>\n\t\t\t<\/dt><\/dl><dl class='gallery-item'>\n\t\t\t<dt class='gallery-icon landscape'>\n\t\t\t\t<a href='https:\/\/mont-roig.cat\/wp-content\/uploads\/Trobada-alcaldes-de-la-costa-4.jpeg'><img loading=\"lazy\" decoding=\"async\" width=\"50\" height=\"50\" src=\"https:\/\/mont-roig.cat\/wp-content\/uploads\/Trobada-alcaldes-de-la-costa-4-50x50.jpeg\" class=\"attachment-thumbnail size-thumbnail\" alt=\"\" srcset=\"https:\/\/mont-roig.cat\/wp-content\/uploads\/Trobada-alcaldes-de-la-costa-4-50x50.jpeg 50w, https:\/\/mont-roig.cat\/wp-content\/uploads\/Trobada-alcaldes-de-la-costa-4-560x560.jpeg 560w, https:\/\/mont-roig.cat\/wp-content\/uploads\/Trobada-alcaldes-de-la-costa-4-367x367.jpeg 367w, https:\/\/mont-roig.cat\/wp-content\/uploads\/Trobada-alcaldes-de-la-costa-4-450x450.jpeg 450w, https:\/\/mont-roig.cat\/wp-content\/uploads\/Trobada-alcaldes-de-la-costa-4-85x85.jpeg 85w, https:\/\/mont-roig.cat\/wp-content\/uploads\/Trobada-alcaldes-de-la-costa-4-45x45.jpeg 45w\" sizes=\"auto, (max-width: 50px) 100vw, 50px\" \/><\/a>\n\t\t\t<\/dt><\/dl><br style=\"clear: both\" \/><dl class='gallery-item'>\n\t\t\t<dt class='gallery-icon landscape'>\n\t\t\t\t<a href='https:\/\/mont-roig.cat\/wp-content\/uploads\/Trobada-alcaldes-de-la-costa.jpeg'><img loading=\"lazy\" decoding=\"async\" width=\"50\" height=\"50\" src=\"https:\/\/mont-roig.cat\/wp-content\/uploads\/Trobada-alcaldes-de-la-costa-50x50.jpeg\" class=\"attachment-thumbnail size-thumbnail\" alt=\"\" srcset=\"https:\/\/mont-roig.cat\/wp-content\/uploads\/Trobada-alcaldes-de-la-costa-50x50.jpeg 50w, https:\/\/mont-roig.cat\/wp-content\/uploads\/Trobada-alcaldes-de-la-costa-560x560.jpeg 560w, https:\/\/mont-roig.cat\/wp-content\/uploads\/Trobada-alcaldes-de-la-costa-367x367.jpeg 367w, https:\/\/mont-roig.cat\/wp-content\/uploads\/Trobada-alcaldes-de-la-costa-450x450.jpeg 450w, https:\/\/mont-roig.cat\/wp-content\/uploads\/Trobada-alcaldes-de-la-costa-85x85.jpeg 85w, https:\/\/mont-roig.cat\/wp-content\/uploads\/Trobada-alcaldes-de-la-costa-45x45.jpeg 45w\" sizes=\"auto, (max-width: 50px) 100vw, 50px\" \/><\/a>\n\t\t\t<\/dt><\/dl>\n\t\t\t<br style='clear: both' \/>\n\t\t<\/div>\n\n<p>&nbsp;<\/p>\n<p>&nbsp;<\/p>\n<p>Los alcaldes de Mont-roig del Camp, Fran Morancho; Vandell\u00f2s i l&#8217;Hospitalet de l&#8217;Infant, Alfons Garcia; Salou, Pere Granados y Cambrils, Cam\u00ed Mendoza, han acordado hoy, en una reuni\u00f3n celebrada en el Ayuntamiento de Salou, pasar a la acci\u00f3n con dos primeras iniciativas, despu\u00e9s de reclamar insistentemente al Gobierno Central una respuesta sobre el desmantelamiento de la l\u00ednea ferroviaria de la costa, y haber recibido por respuesta el silencio, la indiferencia y el olvido.<\/p>\n<p>Recordemos que en la reuni\u00f3n celebrada el pasado 14 de febrero en la Subdelegaci\u00f3n del Gobierno en Tarragona, el delegado de Gobierno en Catalu\u00f1a, Enric Millo, se compromet\u00eda a dar una respuesta a los alcaldes a finales del mes de febrero; respuesta que no ha llegado todav\u00eda y por este motivo los alcaldes est\u00e1n comprensiblemente molestos y preocupados, previendo que las v\u00edas quedar\u00e1n desafectadas y en desuso una vez entre en funcionamiento, pr\u00f3ximamente, la l\u00ednea del Corredor del Mediterr\u00e1neo.<\/p>\n<p>Ante esta situaci\u00f3n, los alcaldes han acordado coordinarse para, muy pr\u00f3ximamente, viajar ante las puertas de la Delegaci\u00f3n del Gobierno en Catalu\u00f1a para leer un manifiesto que entregar\u00e1n al delegado. Si transcurridos 15 d\u00edas el delegado no convoca una reuni\u00f3n, entonces han acordado trasladar su reivindicaci\u00f3n y denuncia de incumplimiento al Ministerio de Fomento en Madrid. La otra iniciativa que han acordado es la de estudiar la legalidad de la entrada en funcionamiento del Corredor sin que se haya dado cumplimiento al desmantelamiento de las v\u00edas como obliga la Resoluci\u00f3n de Impacto Ambiental.<\/p>\n<p>En este sentido, Fran Morancho, alcalde de Mont-roig del Camp, ha manifestado su preocupaci\u00f3n por las \u00faltimas declaraciones del ministro &#8220;poniendo en duda el estudio de impacto ambiental. Nos preocupa que las v\u00edas no se desmantelen, la inseguridad que pueden provocar cuando est\u00e9n en desuso, nos preocupa qu\u00e9 pasar\u00e1 el d\u00eda siguiente de la puesta en marcha del corredor&#8221;. Morancho ha a\u00f1adido que &#8220;hoy no deber\u00edamos estar aqu\u00ed, haciendo esta reivindicaci\u00f3n y anunciando acciones. Esta es una demanda hist\u00f3rica del territorio que el Estado no est\u00e1 escuchando&#8221;.<\/p>\n<p>Por su parte, el alcalde de Salou ha sido muy contundente y ha dicho: &#8220;Si hay indicios de ilegalidad acudiremos a la v\u00eda contenciosa interponiendo demanda contra el Ministerio&#8221;. El alcalde de Salou tambi\u00e9n ha hecho notar que desde Alcald\u00eda &#8220;se ha insistido v\u00eda telef\u00f3nica y por correo electr\u00f3nico en la solicitud de la reuni\u00f3n con la que se comprometi\u00f3 el delegado del Gobierno del Estado para avanzar en un proyecto de desmantelamiento de la l\u00ednea del litoral; y nunca se ha recibido ninguna respuesta&#8221;. Tambi\u00e9n ha remarcado que esta petici\u00f3n se hab\u00eda hecho mediante &#8220;una moci\u00f3n que se aprob\u00f3 por el pleno del d\u00eda 9 de abril&#8221;. Por otra parte tambi\u00e9n ha manifestado que &#8220;la eliminaci\u00f3n de las v\u00edas al paso por Salou es una reivindicaci\u00f3n hist\u00f3rica, pero tambi\u00e9n es una necesidad para la seguridad de las personas, as\u00ed como para vertebrar una nueva movilidad urbana y ordenar nuevas zonas para uso los peatones; y por eso reclamamos concreci\u00f3n con proyecto y plazos de desmantelamiento y que se cumplan las obligaciones presupuestando las inversiones correspondientes para su ejecuci\u00f3n&#8221;.<\/p>\n<p>La alcaldesa de Cambrils, Cam\u00ed Mendoza, ha afirmado que &#8220;no se entiende que extraoficialmente se diga que a finales de a\u00f1o entrar\u00e1 en funcionamiento el Corredor del Mediterr\u00e1neo y que los municipios afectados no tengamos ning\u00fan tipo de informaci\u00f3n oficial sobre el futuro de la v\u00eda de tren que quedar\u00e1 en desuso, despu\u00e9s de haberla reclamado al delegado del gobierno, que se comprometi\u00f3 a responder antes de terminar el mes de febrero&#8221;.<\/p>\n<p>&#8220;Es un tema que nos preocupa mucho porque no desmantelar la v\u00eda significa tener una infraestructura abandonada que generar\u00e1 problemas de seguridad y que sigue dividiendo el n\u00facleo urbano, ha explicado la alcaldesa. &#8220;En Cambrils tenemos un amplio consenso en este sentido, como demuestra la moci\u00f3n aprobada el viernes por el Pleno, con 15 votos a favor y 5 abstenciones. Es por ello que, siguiendo en la l\u00ednea que nos marcamos en febrero, continuaremos trabajando conjuntamente para que el Ministerio de Fomento cumpla con sus obligaciones &#8220;, ha a\u00f1adido.<\/p>\n<p>Por su parte el alcalde de Vandell\u00f2s i l&#8217;Hospitalet de l&#8217;Infant, Alfons Garc\u00eda, ha manifestado: &#8220;Lo que pedimos es que haya una concreci\u00f3n, que no se ha visto plasmada ni en una reuni\u00f3n ni siquiera en el proyecto de presupuestos del Estado, porque no est\u00e1 prevista la inversi\u00f3n para el desmantelamiento de las v\u00edas. M\u00e1s all\u00e1 de los planes de futuro que tengamos cada uno de nuestros municipios, lo fundamental es que hoy por hoy no tenemos ni proyecto ni presupuesto para el desmantelamiento de las v\u00edas y eso nos preocupa mucho, ante la inminencia de la puesta en funcionamiento del corredor del Mediterr\u00e1neo&#8221;. Garcia tambi\u00e9n ha pedido que &#8220;la administraci\u00f3n sea cuidadosa con el municipio y con nuestro territorio, y que lleve a cabo las acciones que se ha comprometido a desarrollar&#8221;.<\/p>\n","protected":false},"excerpt":{"rendered":"<p>Los alcaldes de Mont-roig del Camp, Vandell\u00f2s i l&#8217;Hospitalet de l&#8217;Infant, Salou y Cambrils anuncian que se personar\u00e1n a las puertas de la Delegaci\u00f3n del Gobierno en Barcelona para pedir una reuni\u00f3n con el delegado, y le presentar\u00e1n un manifiesto para reclamar la urgencia de los trabajos de desmantelamiento de las instalaciones ferroviarias desde Salou [&hellip;]<\/p>\n","protected":false},"author":4,"featured_media":27429,"comment_status":"closed","ping_status":"closed","sticky":false,"template":"","format":"standard","meta":{"inline_featured_image":false,"_monsterinsights_skip_tracking":false,"_monsterinsights_sitenote_active":false,"_monsterinsights_sitenote_note":"","_monsterinsights_sitenote_category":0,"footnotes":""},"categories":[156,98,108],"tags":[],"class_list":["post-27436","post","type-post","status-publish","format-standard","has-post-thumbnail","hentry","category-alcalde-es","category-ayuntamiento","category-movilidad-y-transporte"],"yoast_head":"<!-- This site is optimized with the Yoast SEO plugin v27.4 - https:\/\/yoast.com\/product\/yoast-seo-wordpress\/ -->\n<title>Los alcaldes de la costa que reclaman desmantelar las v\u00edas pasan a la acci\u00f3n - Ajuntament de Mont-roig del Camp<\/title>\n<meta name=\"robots\" content=\"index, follow, max-snippet:-1, max-image-preview:large, max-video-preview:-1\" \/>\n<link rel=\"canonical\" href=\"https:\/\/mont-roig.cat\/es\/actualitat\/noticies\/los-alcaldes-de-la-costa-que-reclaman-desmantelar-las-vias-pasan-a-la-accion\/\" \/>\n<meta property=\"og:locale\" content=\"es_ES\" \/>\n<meta property=\"og:type\" content=\"article\" \/>\n<meta property=\"og:title\" content=\"Los alcaldes de la costa que reclaman desmantelar las v\u00edas pasan a la acci\u00f3n - Ajuntament de Mont-roig del Camp\" \/>\n<meta property=\"og:description\" content=\"Los alcaldes de Mont-roig del Camp, Vandell\u00f2s i l&#8217;Hospitalet de l&#8217;Infant, Salou y Cambrils anuncian que se personar\u00e1n a las puertas de la Delegaci\u00f3n del Gobierno en Barcelona para pedir una reuni\u00f3n con el delegado, y le presentar\u00e1n un manifiesto para reclamar la urgencia de los trabajos de desmantelamiento de las instalaciones ferroviarias desde Salou [&hellip;]\" \/>\n<meta property=\"og:url\" content=\"https:\/\/mont-roig.cat\/es\/actualitat\/noticies\/los-alcaldes-de-la-costa-que-reclaman-desmantelar-las-vias-pasan-a-la-accion\/\" \/>\n<meta property=\"og:site_name\" content=\"Ajuntament de Mont-roig del Camp\" \/>\n<meta property=\"article:published_time\" content=\"2018-05-02T14:00:21+00:00\" \/>\n<meta property=\"og:image\" content=\"https:\/\/mont-roig.cat\/wp-content\/uploads\/Trobada-alcaldes-de-la-costa-4.jpeg\" \/>\n\t<meta property=\"og:image:width\" content=\"1600\" \/>\n\t<meta property=\"og:image:height\" content=\"1200\" \/>\n\t<meta property=\"og:image:type\" content=\"image\/jpeg\" \/>\n<meta name=\"author\" content=\"administrador\" \/>\n<meta name=\"twitter:card\" content=\"summary_large_image\" \/>\n<meta name=\"twitter:label1\" content=\"Escrito por\" \/>\n\t<meta name=\"twitter:data1\" content=\"administrador\" \/>\n\t<meta name=\"twitter:label2\" content=\"Tiempo de lectura\" \/>\n\t<meta name=\"twitter:data2\" content=\"5 minutos\" \/>\n<script type=\"application\/ld+json\" class=\"yoast-schema-graph\">{\"@context\":\"https:\\\/\\\/schema.org\",\"@graph\":[{\"@type\":\"Article\",\"@id\":\"https:\\\/\\\/mont-roig.cat\\\/es\\\/actualitat\\\/noticies\\\/los-alcaldes-de-la-costa-que-reclaman-desmantelar-las-vias-pasan-a-la-accion\\\/#article\",\"isPartOf\":{\"@id\":\"https:\\\/\\\/mont-roig.cat\\\/es\\\/actualitat\\\/noticies\\\/los-alcaldes-de-la-costa-que-reclaman-desmantelar-las-vias-pasan-a-la-accion\\\/\"},\"author\":{\"name\":\"administrador\",\"@id\":\"https:\\\/\\\/mont-roig.cat\\\/es\\\/#\\\/schema\\\/person\\\/f2b111789f22b7d0c3bd6786c9128cba\"},\"headline\":\"Los alcaldes de la costa que reclaman desmantelar las v\u00edas pasan a la acci\u00f3n\",\"datePublished\":\"2018-05-02T14:00:21+00:00\",\"mainEntityOfPage\":{\"@id\":\"https:\\\/\\\/mont-roig.cat\\\/es\\\/actualitat\\\/noticies\\\/los-alcaldes-de-la-costa-que-reclaman-desmantelar-las-vias-pasan-a-la-accion\\\/\"},\"wordCount\":1001,\"image\":{\"@id\":\"https:\\\/\\\/mont-roig.cat\\\/es\\\/actualitat\\\/noticies\\\/los-alcaldes-de-la-costa-que-reclaman-desmantelar-las-vias-pasan-a-la-accion\\\/#primaryimage\"},\"thumbnailUrl\":\"https:\\\/\\\/mont-roig.cat\\\/wp-content\\\/uploads\\\/Trobada-alcaldes-de-la-costa-4.jpeg\",\"articleSection\":[\"Alcalde\",\"Ayuntamiento\",\"Movilidad y transporte\"],\"inLanguage\":\"es\"},{\"@type\":\"WebPage\",\"@id\":\"https:\\\/\\\/mont-roig.cat\\\/es\\\/actualitat\\\/noticies\\\/los-alcaldes-de-la-costa-que-reclaman-desmantelar-las-vias-pasan-a-la-accion\\\/\",\"url\":\"https:\\\/\\\/mont-roig.cat\\\/es\\\/actualitat\\\/noticies\\\/los-alcaldes-de-la-costa-que-reclaman-desmantelar-las-vias-pasan-a-la-accion\\\/\",\"name\":\"Los alcaldes de la costa que reclaman desmantelar las v\u00edas pasan a la acci\u00f3n - Ajuntament de Mont-roig del Camp\",\"isPartOf\":{\"@id\":\"https:\\\/\\\/mont-roig.cat\\\/es\\\/#website\"},\"primaryImageOfPage\":{\"@id\":\"https:\\\/\\\/mont-roig.cat\\\/es\\\/actualitat\\\/noticies\\\/los-alcaldes-de-la-costa-que-reclaman-desmantelar-las-vias-pasan-a-la-accion\\\/#primaryimage\"},\"image\":{\"@id\":\"https:\\\/\\\/mont-roig.cat\\\/es\\\/actualitat\\\/noticies\\\/los-alcaldes-de-la-costa-que-reclaman-desmantelar-las-vias-pasan-a-la-accion\\\/#primaryimage\"},\"thumbnailUrl\":\"https:\\\/\\\/mont-roig.cat\\\/wp-content\\\/uploads\\\/Trobada-alcaldes-de-la-costa-4.jpeg\",\"datePublished\":\"2018-05-02T14:00:21+00:00\",\"author\":{\"@id\":\"https:\\\/\\\/mont-roig.cat\\\/es\\\/#\\\/schema\\\/person\\\/f2b111789f22b7d0c3bd6786c9128cba\"},\"breadcrumb\":{\"@id\":\"https:\\\/\\\/mont-roig.cat\\\/es\\\/actualitat\\\/noticies\\\/los-alcaldes-de-la-costa-que-reclaman-desmantelar-las-vias-pasan-a-la-accion\\\/#breadcrumb\"},\"inLanguage\":\"es\",\"potentialAction\":[{\"@type\":\"ReadAction\",\"target\":[\"https:\\\/\\\/mont-roig.cat\\\/es\\\/actualitat\\\/noticies\\\/los-alcaldes-de-la-costa-que-reclaman-desmantelar-las-vias-pasan-a-la-accion\\\/\"]}]},{\"@type\":\"ImageObject\",\"inLanguage\":\"es\",\"@id\":\"https:\\\/\\\/mont-roig.cat\\\/es\\\/actualitat\\\/noticies\\\/los-alcaldes-de-la-costa-que-reclaman-desmantelar-las-vias-pasan-a-la-accion\\\/#primaryimage\",\"url\":\"https:\\\/\\\/mont-roig.cat\\\/wp-content\\\/uploads\\\/Trobada-alcaldes-de-la-costa-4.jpeg\",\"contentUrl\":\"https:\\\/\\\/mont-roig.cat\\\/wp-content\\\/uploads\\\/Trobada-alcaldes-de-la-costa-4.jpeg\",\"width\":1600,\"height\":1200},{\"@type\":\"BreadcrumbList\",\"@id\":\"https:\\\/\\\/mont-roig.cat\\\/es\\\/actualitat\\\/noticies\\\/los-alcaldes-de-la-costa-que-reclaman-desmantelar-las-vias-pasan-a-la-accion\\\/#breadcrumb\",\"itemListElement\":[{\"@type\":\"ListItem\",\"position\":1,\"name\":\"Inici\",\"item\":\"https:\\\/\\\/mont-roig.cat\\\/es\\\/pagina-de-inicio\\\/\"},{\"@type\":\"ListItem\",\"position\":2,\"name\":\"Los alcaldes de la costa que reclaman desmantelar las v\u00edas pasan a la acci\u00f3n\"}]},{\"@type\":\"WebSite\",\"@id\":\"https:\\\/\\\/mont-roig.cat\\\/es\\\/#website\",\"url\":\"https:\\\/\\\/mont-roig.cat\\\/es\\\/\",\"name\":\"Ajuntament de Mont-roig del Camp\",\"description\":\"Tota la informaci\u00f3 sobre la instituci\u00f3, els seus \u00f2rgans de govern, actualitat, serveis i molt m\u00e9s.\",\"potentialAction\":[{\"@type\":\"SearchAction\",\"target\":{\"@type\":\"EntryPoint\",\"urlTemplate\":\"https:\\\/\\\/mont-roig.cat\\\/es\\\/?s={search_term_string}\"},\"query-input\":{\"@type\":\"PropertyValueSpecification\",\"valueRequired\":true,\"valueName\":\"search_term_string\"}}],\"inLanguage\":\"es\"},{\"@type\":\"Person\",\"@id\":\"https:\\\/\\\/mont-roig.cat\\\/es\\\/#\\\/schema\\\/person\\\/f2b111789f22b7d0c3bd6786c9128cba\",\"name\":\"administrador\",\"image\":{\"@type\":\"ImageObject\",\"inLanguage\":\"es\",\"@id\":\"https:\\\/\\\/secure.gravatar.com\\\/avatar\\\/9137aac6891e2595c9d3036fd83bcb653b4db3c946db4c7d9b9be193c3c944bb?s=96&d=mm&r=g\",\"url\":\"https:\\\/\\\/secure.gravatar.com\\\/avatar\\\/9137aac6891e2595c9d3036fd83bcb653b4db3c946db4c7d9b9be193c3c944bb?s=96&d=mm&r=g\",\"contentUrl\":\"https:\\\/\\\/secure.gravatar.com\\\/avatar\\\/9137aac6891e2595c9d3036fd83bcb653b4db3c946db4c7d9b9be193c3c944bb?s=96&d=mm&r=g\",\"caption\":\"administrador\"},\"url\":\"https:\\\/\\\/mont-roig.cat\\\/es\\\/actualitat\\\/noticies\\\/author\\\/administrador\\\/\"}]}<\/script>\n<!-- \/ Yoast SEO plugin. -->","yoast_head_json":{"title":"Los alcaldes de la costa que reclaman desmantelar las v\u00edas pasan a la acci\u00f3n - Ajuntament de Mont-roig del Camp","robots":{"index":"index","follow":"follow","max-snippet":"max-snippet:-1","max-image-preview":"max-image-preview:large","max-video-preview":"max-video-preview:-1"},"canonical":"https:\/\/mont-roig.cat\/es\/actualitat\/noticies\/los-alcaldes-de-la-costa-que-reclaman-desmantelar-las-vias-pasan-a-la-accion\/","og_locale":"es_ES","og_type":"article","og_title":"Los alcaldes de la costa que reclaman desmantelar las v\u00edas pasan a la acci\u00f3n - Ajuntament de Mont-roig del Camp","og_description":"Los alcaldes de Mont-roig del Camp, Vandell\u00f2s i l&#8217;Hospitalet de l&#8217;Infant, Salou y Cambrils anuncian que se personar\u00e1n a las puertas de la Delegaci\u00f3n del Gobierno en Barcelona para pedir una reuni\u00f3n con el delegado, y le presentar\u00e1n un manifiesto para reclamar la urgencia de los trabajos de desmantelamiento de las instalaciones ferroviarias desde Salou [&hellip;]","og_url":"https:\/\/mont-roig.cat\/es\/actualitat\/noticies\/los-alcaldes-de-la-costa-que-reclaman-desmantelar-las-vias-pasan-a-la-accion\/","og_site_name":"Ajuntament de Mont-roig del Camp","article_published_time":"2018-05-02T14:00:21+00:00","og_image":[{"width":1600,"height":1200,"url":"https:\/\/mont-roig.cat\/wp-content\/uploads\/Trobada-alcaldes-de-la-costa-4.jpeg","type":"image\/jpeg"}],"author":"administrador","twitter_card":"summary_large_image","twitter_misc":{"Escrito por":"administrador","Tiempo de lectura":"5 minutos"},"schema":{"@context":"https:\/\/schema.org","@graph":[{"@type":"Article","@id":"https:\/\/mont-roig.cat\/es\/actualitat\/noticies\/los-alcaldes-de-la-costa-que-reclaman-desmantelar-las-vias-pasan-a-la-accion\/#article","isPartOf":{"@id":"https:\/\/mont-roig.cat\/es\/actualitat\/noticies\/los-alcaldes-de-la-costa-que-reclaman-desmantelar-las-vias-pasan-a-la-accion\/"},"author":{"name":"administrador","@id":"https:\/\/mont-roig.cat\/es\/#\/schema\/person\/f2b111789f22b7d0c3bd6786c9128cba"},"headline":"Los alcaldes de la costa que reclaman desmantelar las v\u00edas pasan a la acci\u00f3n","datePublished":"2018-05-02T14:00:21+00:00","mainEntityOfPage":{"@id":"https:\/\/mont-roig.cat\/es\/actualitat\/noticies\/los-alcaldes-de-la-costa-que-reclaman-desmantelar-las-vias-pasan-a-la-accion\/"},"wordCount":1001,"image":{"@id":"https:\/\/mont-roig.cat\/es\/actualitat\/noticies\/los-alcaldes-de-la-costa-que-reclaman-desmantelar-las-vias-pasan-a-la-accion\/#primaryimage"},"thumbnailUrl":"https:\/\/mont-roig.cat\/wp-content\/uploads\/Trobada-alcaldes-de-la-costa-4.jpeg","articleSection":["Alcalde","Ayuntamiento","Movilidad y transporte"],"inLanguage":"es"},{"@type":"WebPage","@id":"https:\/\/mont-roig.cat\/es\/actualitat\/noticies\/los-alcaldes-de-la-costa-que-reclaman-desmantelar-las-vias-pasan-a-la-accion\/","url":"https:\/\/mont-roig.cat\/es\/actualitat\/noticies\/los-alcaldes-de-la-costa-que-reclaman-desmantelar-las-vias-pasan-a-la-accion\/","name":"Los alcaldes de la costa que reclaman desmantelar las v\u00edas pasan a la acci\u00f3n - Ajuntament de Mont-roig del Camp","isPartOf":{"@id":"https:\/\/mont-roig.cat\/es\/#website"},"primaryImageOfPage":{"@id":"https:\/\/mont-roig.cat\/es\/actualitat\/noticies\/los-alcaldes-de-la-costa-que-reclaman-desmantelar-las-vias-pasan-a-la-accion\/#primaryimage"},"image":{"@id":"https:\/\/mont-roig.cat\/es\/actualitat\/noticies\/los-alcaldes-de-la-costa-que-reclaman-desmantelar-las-vias-pasan-a-la-accion\/#primaryimage"},"thumbnailUrl":"https:\/\/mont-roig.cat\/wp-content\/uploads\/Trobada-alcaldes-de-la-costa-4.jpeg","datePublished":"2018-05-02T14:00:21+00:00","author":{"@id":"https:\/\/mont-roig.cat\/es\/#\/schema\/person\/f2b111789f22b7d0c3bd6786c9128cba"},"breadcrumb":{"@id":"https:\/\/mont-roig.cat\/es\/actualitat\/noticies\/los-alcaldes-de-la-costa-que-reclaman-desmantelar-las-vias-pasan-a-la-accion\/#breadcrumb"},"inLanguage":"es","potentialAction":[{"@type":"ReadAction","target":["https:\/\/mont-roig.cat\/es\/actualitat\/noticies\/los-alcaldes-de-la-costa-que-reclaman-desmantelar-las-vias-pasan-a-la-accion\/"]}]},{"@type":"ImageObject","inLanguage":"es","@id":"https:\/\/mont-roig.cat\/es\/actualitat\/noticies\/los-alcaldes-de-la-costa-que-reclaman-desmantelar-las-vias-pasan-a-la-accion\/#primaryimage","url":"https:\/\/mont-roig.cat\/wp-content\/uploads\/Trobada-alcaldes-de-la-costa-4.jpeg","contentUrl":"https:\/\/mont-roig.cat\/wp-content\/uploads\/Trobada-alcaldes-de-la-costa-4.jpeg","width":1600,"height":1200},{"@type":"BreadcrumbList","@id":"https:\/\/mont-roig.cat\/es\/actualitat\/noticies\/los-alcaldes-de-la-costa-que-reclaman-desmantelar-las-vias-pasan-a-la-accion\/#breadcrumb","itemListElement":[{"@type":"ListItem","position":1,"name":"Inici","item":"https:\/\/mont-roig.cat\/es\/pagina-de-inicio\/"},{"@type":"ListItem","position":2,"name":"Los alcaldes de la costa que reclaman desmantelar las v\u00edas pasan a la acci\u00f3n"}]},{"@type":"WebSite","@id":"https:\/\/mont-roig.cat\/es\/#website","url":"https:\/\/mont-roig.cat\/es\/","name":"Ajuntament de Mont-roig del Camp","description":"Tota la informaci\u00f3 sobre la instituci\u00f3, els seus \u00f2rgans de govern, actualitat, serveis i molt m\u00e9s.","potentialAction":[{"@type":"SearchAction","target":{"@type":"EntryPoint","urlTemplate":"https:\/\/mont-roig.cat\/es\/?s={search_term_string}"},"query-input":{"@type":"PropertyValueSpecification","valueRequired":true,"valueName":"search_term_string"}}],"inLanguage":"es"},{"@type":"Person","@id":"https:\/\/mont-roig.cat\/es\/#\/schema\/person\/f2b111789f22b7d0c3bd6786c9128cba","name":"administrador","image":{"@type":"ImageObject","inLanguage":"es","@id":"https:\/\/secure.gravatar.com\/avatar\/9137aac6891e2595c9d3036fd83bcb653b4db3c946db4c7d9b9be193c3c944bb?s=96&d=mm&r=g","url":"https:\/\/secure.gravatar.com\/avatar\/9137aac6891e2595c9d3036fd83bcb653b4db3c946db4c7d9b9be193c3c944bb?s=96&d=mm&r=g","contentUrl":"https:\/\/secure.gravatar.com\/avatar\/9137aac6891e2595c9d3036fd83bcb653b4db3c946db4c7d9b9be193c3c944bb?s=96&d=mm&r=g","caption":"administrador"},"url":"https:\/\/mont-roig.cat\/es\/actualitat\/noticies\/author\/administrador\/"}]}},"_links":{"self":[{"href":"https:\/\/mont-roig.cat\/es\/wp-json\/wp\/v2\/posts\/27436","targetHints":{"allow":["GET"]}}],"collection":[{"href":"https:\/\/mont-roig.cat\/es\/wp-json\/wp\/v2\/posts"}],"about":[{"href":"https:\/\/mont-roig.cat\/es\/wp-json\/wp\/v2\/types\/post"}],"author":[{"embeddable":true,"href":"https:\/\/mont-roig.cat\/es\/wp-json\/wp\/v2\/users\/4"}],"replies":[{"embeddable":true,"href":"https:\/\/mont-roig.cat\/es\/wp-json\/wp\/v2\/comments?post=27436"}],"version-history":[{"count":2,"href":"https:\/\/mont-roig.cat\/es\/wp-json\/wp\/v2\/posts\/27436\/revisions"}],"predecessor-version":[{"id":27438,"href":"https:\/\/mont-roig.cat\/es\/wp-json\/wp\/v2\/posts\/27436\/revisions\/27438"}],"wp:featuredmedia":[{"embeddable":true,"href":"https:\/\/mont-roig.cat\/es\/wp-json\/wp\/v2\/media\/27429"}],"wp:attachment":[{"href":"https:\/\/mont-roig.cat\/es\/wp-json\/wp\/v2\/media?parent=27436"}],"wp:term":[{"taxonomy":"category","embeddable":true,"href":"https:\/\/mont-roig.cat\/es\/wp-json\/wp\/v2\/categories?post=27436"},{"taxonomy":"post_tag","embeddable":true,"href":"https:\/\/mont-roig.cat\/es\/wp-json\/wp\/v2\/tags?post=27436"}],"curies":[{"name":"wp","href":"https:\/\/api.w.org\/{rel}","templated":true}]}}