{"id":27483,"date":"2018-05-03T14:25:12","date_gmt":"2018-05-03T12:25:12","guid":{"rendered":"https:\/\/mont-roig.cat\/?p=27483"},"modified":"2018-05-03T15:33:40","modified_gmt":"2018-05-03T13:33:40","slug":"se-amplian-los-dias-y-los-establecimientos-participantes-en-la-sexta-ruta-de-la-tapa-de-miami-platja","status":"publish","type":"post","link":"https:\/\/mont-roig.cat\/es\/actualitat\/noticies\/se-amplian-los-dias-y-los-establecimientos-participantes-en-la-sexta-ruta-de-la-tapa-de-miami-platja\/","title":{"rendered":"Se ampl\u00edan los d\u00edas y los establecimientos participantes en la sexta Ruta de la Tapa de Miami Platja"},"content":{"rendered":"<ul>\n<li>\n<div id=\"tw-target-text-container\" class=\"tw-ta-container tw-nfl\">\n<p id=\"tw-target-text\" class=\"tw-data-text tw-ta tw-text-small\" dir=\"ltr\" data-placeholder=\"Traducci\u00f3n\"><strong><span lang=\"es\">La iniciativa gastron\u00f3mica contin\u00faa creciendo con 31 propuestas culinarias que se podr\u00e1n degustar del 4 al 20 de mayo<\/span><\/strong><\/p>\n<\/div>\n<\/li>\n<\/ul>\n<div id=\"tw-target-text-container\" class=\"tw-ta-container tw-nfl\">\n<div id=\"attachment_27466\" style=\"width: 310px\" class=\"wp-caption alignright\"><a href=\"https:\/\/mont-roig.cat\/wp-content\/uploads\/Ruta-de-la-apa-2018-16.jpg\"><img loading=\"lazy\" decoding=\"async\" aria-describedby=\"caption-attachment-27466\" class=\"wp-image-27466\" title=\"Ruta de la Tapa\" src=\"https:\/\/mont-roig.cat\/wp-content\/uploads\/Ruta-de-la-apa-2018-16.jpg\" alt=\"\" width=\"300\" height=\"225\" srcset=\"https:\/\/mont-roig.cat\/wp-content\/uploads\/Ruta-de-la-apa-2018-16.jpg 1920w, https:\/\/mont-roig.cat\/wp-content\/uploads\/Ruta-de-la-apa-2018-16-500x375.jpg 500w, https:\/\/mont-roig.cat\/wp-content\/uploads\/Ruta-de-la-apa-2018-16-768x576.jpg 768w, https:\/\/mont-roig.cat\/wp-content\/uploads\/Ruta-de-la-apa-2018-16-1024x768.jpg 1024w, https:\/\/mont-roig.cat\/wp-content\/uploads\/Ruta-de-la-apa-2018-16-463x348.jpg 463w\" sizes=\"auto, (max-width: 300px) 100vw, 300px\" \/><\/a><p id=\"caption-attachment-27466\" class=\"wp-caption-text\">Establecimientos participantes en la sexta Ruta de la Tapa de Miami Platja<\/p><\/div>\n<p id=\"tw-target-text\" class=\"tw-data-text tw-ta tw-text-small\" dir=\"ltr\" data-placeholder=\"Traducci\u00f3n\"><span lang=\"es\">La sexta Ruta de la Tapa de Miami Platja empieza este viernes con la participaci\u00f3n de 31 establecimientos de restauraci\u00f3n. Una edici\u00f3n que destaca por el aumento de bares y restaurantes que ofrecer\u00e1n propuestas gastron\u00f3micas de peque\u00f1o formato, pero tambi\u00e9n por la ampliaci\u00f3n de d\u00edas, un total de 17, en una iniciativa que busca dinamizar el sector de la restauraci\u00f3n local.<\/span><\/p>\n<\/div>\n<div id=\"tw-target-text-container\" class=\"tw-ta-container tw-nfl\">\n<p id=\"tw-target-text\" class=\"tw-data-text tw-ta tw-text-small\" dir=\"ltr\" data-placeholder=\"Traducci\u00f3n\"><span lang=\"es\">Hasta el 20 de mayo se podr\u00e1n degustar tapas &#8220;de gran nivel, calidad y cantidad&#8221; ha asegurado el alcalde de Mont-roig del Camp, Fran Morancho en el acto de presentaci\u00f3n de la Ruta, que ha tenido lugar esta ma\u00f1ana en el Centro polivalente de Miami Platja. Morancho tambi\u00e9n ha resaltado la apuesta que se est\u00e1 haciendo para potenciar el turismo gastron\u00f3mico apoyando iniciativas como \u00e9stas, de la Asociaci\u00f3n de Hosteler\u00eda de Miami Platja, y la puesta en marcha de nuevas propuestas como las Jornadas Gastron\u00f3micas del Cal\u00e7ot, de la Cuina de l&#8217;Arr\u00f2s de oto\u00f1o o las ya consolidadas Jornadas del Pop.<\/span><\/p>\n<\/div>\n<div id=\"tw-target-text-container\" class=\"tw-ta-container tw-nfl\">\n<p id=\"tw-target-text\" class=\"tw-data-text tw-ta tw-text-small\" dir=\"ltr\" data-placeholder=\"Traducci\u00f3n\"><span lang=\"es\">&#8220;Es un reclamo importante para nuestros visitantes&#8221; ha asegurado la concejala de Turismo Yolanda P\u00e9rez, que tambi\u00e9n ha remarcado que a nivel local &#8220;nos ayuda a entrar en nuevos establecimientos y descubrir nuevas cocinas&#8221;. En este sentido, el presidente de la Asociaci\u00f3n de Hosteler\u00eda de Miami Platja, Xavier Alcaide ha dicho que &#8220;nos hemos esforzado para que haya un buen nivel&#8221; y que &#8220;poco a poco hemos conseguido hacerlo grande gracias a la esfuerzo de los establecimientos de restauraci\u00f3n&#8221;.<\/span><\/p>\n<\/div>\n<div id=\"tw-target-text-container\" class=\"tw-ta-container tw-nfl\">\n<p id=\"tw-target-text\" class=\"tw-data-text tw-ta tw-text-small\" dir=\"ltr\" data-placeholder=\"Traducci\u00f3n\"><span lang=\"es\">El acto ha contado con la presencia de Ana Villalonga, vicepresidenta de la Academia de Gastronom\u00eda de Tarragona y los establecimientos restauradores que han presentado las tapas que ofrecer\u00e1n estos d\u00edas.<\/span><\/p>\n<\/div>\n<div id=\"tw-target-text-container\" class=\"tw-ta-container tw-nfl\">\n<p id=\"tw-target-text\" class=\"tw-data-text tw-ta tw-text-small\" dir=\"ltr\" data-placeholder=\"Traducci\u00f3n\"><span lang=\"es\">La iniciativa mantiene precios y contin\u00faa ofreciendo la opci\u00f3n de participar en diversos sorteos para aquellos que completen un m\u00ednimo de 10 establecimientos de la ruta.\u00a0<\/span>La ruta de la Tapa est\u00e1 organizada por la Asociaci\u00f3n de Hosteler\u00eda de Miami Platja y cuenta con la colaboraci\u00f3n del Ayuntamiento de Mont-roig del Camp y varias empresas.<\/p>\n<\/div>\n<p>Pod\u00e9is descargar el desplegable en el siguientet <a href=\"https:\/\/mont-roig.cat\/wp-content\/uploads\/DESPLEGABLE_RUTA_TAPA.pdf\" target=\"_blank\" rel=\"noopener\">enlace<\/a>.<\/p>\n\n\t\t<!-- MasterSlider -->\n\t\t<div id=\"P_MS69f272369215e\" class=\"master-slider-parent master-slider-gallery   ms-parent-id-0\"  >\n\n\t\t\t\n\t\t\t<!-- MasterSlider Main -->\n\t\t\t<div id=\"MS69f272369215e\" class=\"master-slider ms-skin-default\" >\n\t\t\t\t \t\t\t\t \n\t\t\t<div  class=\"ms-slide\" data-delay=\"3\"    >\n\t\t\t\t\t<img decoding=\"async\" src=\"https:\/\/mont-roig.cat\/wp-content\/plugins\/masterslider\/public\/assets\/css\/blank.gif\" alt=\"Ruta de la Tapa 2018 (9)\" title=\"Ruta de la Tapa 2018 (9)\" data-src=\"https:\/\/mont-roig.cat\/wp-content\/uploadsArray\" \/>\n\t<a href=\"http:\/\/Array\" target=\"_self\"    >Ruta de la Tapa 2018 (9)<\/a>\n\n\n\t<img decoding=\"async\" class=\"ms-thumb\" src=\"https:\/\/mont-roig.cat\/wp-content\/uploadsArray\" alt=\"Ruta de la Tapa 2018 (9)\" \/>\n\t\t\t\t<\/div>\n\t\t\t<div  class=\"ms-slide\" data-delay=\"3\"    >\n\t\t\t\t\t<img decoding=\"async\" src=\"https:\/\/mont-roig.cat\/wp-content\/plugins\/masterslider\/public\/assets\/css\/blank.gif\" alt=\"Ruta de la Tapa 2018 (12)\" title=\"Ruta de la Tapa 2018 (12)\" data-src=\"https:\/\/mont-roig.cat\/wp-content\/uploadsArray\" \/>\n\t<a href=\"http:\/\/Array\" target=\"_self\"    >Ruta de la Tapa 2018 (12)<\/a>\n\n\n\t<img decoding=\"async\" class=\"ms-thumb\" src=\"https:\/\/mont-roig.cat\/wp-content\/uploadsArray\" alt=\"Ruta de la Tapa 2018 (12)\" \/>\n\t\t\t\t<\/div>\n\t\t\t<div  class=\"ms-slide\" data-delay=\"3\"    >\n\t\t\t\t\t<img decoding=\"async\" src=\"https:\/\/mont-roig.cat\/wp-content\/plugins\/masterslider\/public\/assets\/css\/blank.gif\" alt=\"Ruta de la Tapa 2018 (2)\" title=\"Ruta de la Tapa 2018 (2)\" data-src=\"https:\/\/mont-roig.cat\/wp-content\/uploadsArray\" \/>\n\t<a href=\"http:\/\/Array\" target=\"_self\"    >Ruta de la Tapa 2018 (2)<\/a>\n\n\n\t<img decoding=\"async\" class=\"ms-thumb\" src=\"https:\/\/mont-roig.cat\/wp-content\/uploadsArray\" alt=\"Ruta de la Tapa 2018 (2)\" \/>\n\t\t\t\t<\/div>\n\t\t\t<div  class=\"ms-slide\" data-delay=\"3\"    >\n\t\t\t\t\t<img decoding=\"async\" src=\"https:\/\/mont-roig.cat\/wp-content\/plugins\/masterslider\/public\/assets\/css\/blank.gif\" alt=\"Ruta de la Tapa 2018 (5)\" title=\"Ruta de la Tapa 2018 (5)\" data-src=\"https:\/\/mont-roig.cat\/wp-content\/uploadsArray\" \/>\n\t<a href=\"http:\/\/Array\" target=\"_self\"    >Ruta de la Tapa 2018 (5)<\/a>\n\n\n\t<img decoding=\"async\" class=\"ms-thumb\" src=\"https:\/\/mont-roig.cat\/wp-content\/uploadsArray\" alt=\"Ruta de la Tapa 2018 (5)\" \/>\n\t\t\t\t<\/div>\n\t\t\t<div  class=\"ms-slide\" data-delay=\"3\"    >\n\t\t\t\t\t<img decoding=\"async\" src=\"https:\/\/mont-roig.cat\/wp-content\/plugins\/masterslider\/public\/assets\/css\/blank.gif\" alt=\"Ruta de la Tapa 2018 (11)\" title=\"Ruta de la Tapa 2018 (11)\" data-src=\"https:\/\/mont-roig.cat\/wp-content\/uploadsArray\" \/>\n\t<a href=\"http:\/\/Array\" target=\"_self\"    >Ruta de la Tapa 2018 (11)<\/a>\n\n\n\t<img decoding=\"async\" class=\"ms-thumb\" src=\"https:\/\/mont-roig.cat\/wp-content\/uploadsArray\" alt=\"Ruta de la Tapa 2018 (11)\" \/>\n\t\t\t\t<\/div>\n\t\t\t<div  class=\"ms-slide\" data-delay=\"3\"    >\n\t\t\t\t\t<img decoding=\"async\" src=\"https:\/\/mont-roig.cat\/wp-content\/plugins\/masterslider\/public\/assets\/css\/blank.gif\" alt=\"Ruta de la Tapa 2018 (4)\" title=\"Ruta de la Tapa 2018 (4)\" data-src=\"https:\/\/mont-roig.cat\/wp-content\/uploadsArray\" \/>\n\t<a href=\"http:\/\/Array\" target=\"_self\"    >Ruta de la Tapa 2018 (4)<\/a>\n\n\n\t<img decoding=\"async\" class=\"ms-thumb\" src=\"https:\/\/mont-roig.cat\/wp-content\/uploadsArray\" alt=\"Ruta de la Tapa 2018 (4)\" \/>\n\t\t\t\t<\/div>\n\t\t\t<div  class=\"ms-slide\" data-delay=\"3\"    >\n\t\t\t\t\t<img decoding=\"async\" src=\"https:\/\/mont-roig.cat\/wp-content\/plugins\/masterslider\/public\/assets\/css\/blank.gif\" alt=\"Ruta de la Tapa 2018 (7)\" title=\"Ruta de la Tapa 2018 (7)\" data-src=\"https:\/\/mont-roig.cat\/wp-content\/uploadsArray\" \/>\n\t<a href=\"http:\/\/Array\" target=\"_self\"    >Ruta de la Tapa 2018 (7)<\/a>\n\n\n\t<img decoding=\"async\" class=\"ms-thumb\" src=\"https:\/\/mont-roig.cat\/wp-content\/uploadsArray\" alt=\"Ruta de la Tapa 2018 (7)\" \/>\n\t\t\t\t<\/div>\n\t\t\t<div  class=\"ms-slide\" data-delay=\"3\"    >\n\t\t\t\t\t<img decoding=\"async\" src=\"https:\/\/mont-roig.cat\/wp-content\/plugins\/masterslider\/public\/assets\/css\/blank.gif\" alt=\"Ruta de la Tapa 2018 (8)\" title=\"Ruta de la Tapa 2018 (8)\" data-src=\"https:\/\/mont-roig.cat\/wp-content\/uploadsArray\" \/>\n\t<a href=\"http:\/\/Array\" target=\"_self\"    >Ruta de la Tapa 2018 (8)<\/a>\n\n\n\t<img decoding=\"async\" class=\"ms-thumb\" src=\"https:\/\/mont-roig.cat\/wp-content\/uploadsArray\" alt=\"Ruta de la Tapa 2018 (8)\" \/>\n\t\t\t\t<\/div>\n\t\t\t<div  class=\"ms-slide\" data-delay=\"3\"    >\n\t\t\t\t\t<img decoding=\"async\" src=\"https:\/\/mont-roig.cat\/wp-content\/plugins\/masterslider\/public\/assets\/css\/blank.gif\" alt=\"Ruta de la Tapa 2018 (3)\" title=\"Ruta de la Tapa 2018 (3)\" data-src=\"https:\/\/mont-roig.cat\/wp-content\/uploadsArray\" \/>\n\t<a href=\"http:\/\/Array\" target=\"_self\"    >Ruta de la Tapa 2018 (3)<\/a>\n\n\n\t<img decoding=\"async\" class=\"ms-thumb\" src=\"https:\/\/mont-roig.cat\/wp-content\/uploadsArray\" alt=\"Ruta de la Tapa 2018 (3)\" \/>\n\t\t\t\t<\/div>\n\t\t\t<div  class=\"ms-slide\" data-delay=\"3\"    >\n\t\t\t\t\t<img decoding=\"async\" src=\"https:\/\/mont-roig.cat\/wp-content\/plugins\/masterslider\/public\/assets\/css\/blank.gif\" alt=\"Ruta de la Tapa 2018 (15)\" title=\"Ruta de la Tapa 2018 (15)\" data-src=\"https:\/\/mont-roig.cat\/wp-content\/uploadsArray\" \/>\n\t<a href=\"http:\/\/Array\" target=\"_self\"    >Ruta de la Tapa 2018 (15)<\/a>\n\n\n\t<img decoding=\"async\" class=\"ms-thumb\" src=\"https:\/\/mont-roig.cat\/wp-content\/uploadsArray\" alt=\"Ruta de la Tapa 2018 (15)\" \/>\n\t\t\t\t<\/div>\n\t\t\t<div  class=\"ms-slide\" data-delay=\"3\"    >\n\t\t\t\t\t<img decoding=\"async\" src=\"https:\/\/mont-roig.cat\/wp-content\/plugins\/masterslider\/public\/assets\/css\/blank.gif\" alt=\"Ruta de la Tapa 2018 (14)\" title=\"Ruta de la Tapa 2018 (14)\" data-src=\"https:\/\/mont-roig.cat\/wp-content\/uploadsArray\" \/>\n\t<a href=\"http:\/\/Array\" target=\"_self\"    >Ruta de la Tapa 2018 (14)<\/a>\n\n\n\t<img decoding=\"async\" class=\"ms-thumb\" src=\"https:\/\/mont-roig.cat\/wp-content\/uploadsArray\" alt=\"Ruta de la Tapa 2018 (14)\" \/>\n\t\t\t\t<\/div>\n\t\t\t<div  class=\"ms-slide\" data-delay=\"3\"    >\n\t\t\t\t\t<img decoding=\"async\" src=\"https:\/\/mont-roig.cat\/wp-content\/plugins\/masterslider\/public\/assets\/css\/blank.gif\" alt=\"Ruta de la Tapa\" title=\"Ruta de la Tapa\" data-src=\"https:\/\/mont-roig.cat\/wp-content\/uploadsArray\" \/>\n\t<a href=\"http:\/\/Array\" target=\"_self\"    >Ruta de la Tapa<\/a>\n\n\n\t<img decoding=\"async\" class=\"ms-thumb\" src=\"https:\/\/mont-roig.cat\/wp-content\/uploadsArray\" alt=\"Ruta de la Tapa\" \/>\n\t\t\t\t<\/div>\n\n\t\t\t<\/div>\n\t\t\t<!-- END MasterSlider Main -->\n\n\t\t\t \n\t\t<\/div>\n\t\t<!-- END MasterSlider -->\n\n\t\t<script>\n\t\t( window.MSReady = window.MSReady || [] ).push( function( $ ) {\n\n\t\t\t\"use strict\";\n\t\t\tvar masterslider_215e = new MasterSlider();\n\n\t\t\t\/\/ slider controls\n\t\t\tmasterslider_215e.control('arrows'     ,{ autohide:true, overVideo:true  });\n\t\t\tmasterslider_215e.control('thumblist'  ,{ autohide:false, overVideo:true, dir:'h', speed:17, inset:false, arrows:false, hover:false, customClass:'', align:'bottom',type:'thumbs', margin:2, width:140, height:80, space:2, fillMode:'fill'  });\n\t\t\t\/\/ slider setup\n\t\t\tmasterslider_215e.setup(\"MS69f272369215e\", {\n\t\t\t\twidth           : 960,\n\t\t\t\theight          : 540,\n\t\t\t\tminHeight       : 0,\n\t\t\t\tspace           : 0,\n\t\t\t\tstart           : 1,\n\t\t\t\tgrabCursor      : true,\n\t\t\t\tswipe           : true,\n\t\t\t\tmouse           : true,\n\t\t\t\tkeyboard        : false,\n\t\t\t\tlayout          : \"fillwidth\",\n\t\t\t\twheel           : false,\n\t\t\t\tautoplay        : true,\n                instantStartLayers:false,\n\t\t\t\tmobileBGVideo:false,\n\t\t\t\tloop            : false,\n\t\t\t\tshuffle         : false,\n\t\t\t\tpreload         : 3,\n\t\t\t\theightLimit     : false,\n\t\t\t\tautoHeight      : false,\n\t\t\t\tsmoothHeight    : true,\n\t\t\t\tendPause        : false,\n\t\t\t\toverPause       : false,\n\t\t\t\tfillMode        : \"fill\",\n\t\t\t\tcenterControls  : true,\n\t\t\t\tstartOnAppear   : false,\n\t\t\t\tlayersMode      : \"center\",\n\t\t\t\tautofillTarget  : \"\",\n\t\t\t\thideLayers      : false,\n\t\t\t\tfullscreenMargin: 0,\n\t\t\t\tspeed           : 17,\n\t\t\t\tdir             : \"h\",\n\t\t\t\tparallaxMode    : 'swipe',\n\t\t\t\tview            : \"basic\"\n\t\t\t});\n\n\t\t\t\n\t\t\twindow.masterslider_instances = window.masterslider_instances || [];\n\t\t\twindow.masterslider_instances.push( masterslider_215e );\n\t\t});\n\t\t<\/script>\n\n\n","protected":false},"excerpt":{"rendered":"<p>La iniciativa gastron\u00f3mica contin\u00faa creciendo con 31 propuestas culinarias que se podr\u00e1n degustar del 4 al 20 de mayo La sexta Ruta de la Tapa de Miami Platja empieza este viernes con la participaci\u00f3n de 31 establecimientos de restauraci\u00f3n. Una edici\u00f3n que destaca por el aumento de bares y restaurantes que ofrecer\u00e1n propuestas gastron\u00f3micas de [&hellip;]<\/p>\n","protected":false},"author":4,"featured_media":27466,"comment_status":"closed","ping_status":"closed","sticky":false,"template":"","format":"standard","meta":{"inline_featured_image":false,"_monsterinsights_skip_tracking":false,"_monsterinsights_sitenote_active":false,"_monsterinsights_sitenote_note":"","_monsterinsights_sitenote_category":0,"footnotes":""},"categories":[98,110,115],"tags":[],"class_list":["post-27483","post","type-post","status-publish","format-standard","has-post-thumbnail","hentry","category-ayuntamiento","category-promocion-economica","category-turismo"],"yoast_head":"<!-- This site is optimized with the Yoast SEO plugin v27.4 - https:\/\/yoast.com\/product\/yoast-seo-wordpress\/ -->\n<title>Se ampl\u00edan los d\u00edas y los establecimientos participantes en la sexta Ruta de la Tapa de Miami Platja - Ajuntament de Mont-roig del Camp<\/title>\n<meta name=\"robots\" content=\"index, follow, max-snippet:-1, max-image-preview:large, max-video-preview:-1\" \/>\n<link rel=\"canonical\" href=\"https:\/\/mont-roig.cat\/es\/actualitat\/noticies\/se-amplian-los-dias-y-los-establecimientos-participantes-en-la-sexta-ruta-de-la-tapa-de-miami-platja\/\" \/>\n<meta property=\"og:locale\" content=\"es_ES\" \/>\n<meta property=\"og:type\" content=\"article\" \/>\n<meta property=\"og:title\" content=\"Se ampl\u00edan los d\u00edas y los establecimientos participantes en la sexta Ruta de la Tapa de Miami Platja - Ajuntament de Mont-roig del Camp\" \/>\n<meta property=\"og:description\" content=\"La iniciativa gastron\u00f3mica contin\u00faa creciendo con 31 propuestas culinarias que se podr\u00e1n degustar del 4 al 20 de mayo La sexta Ruta de la Tapa de Miami Platja empieza este viernes con la participaci\u00f3n de 31 establecimientos de restauraci\u00f3n. Una edici\u00f3n que destaca por el aumento de bares y restaurantes que ofrecer\u00e1n propuestas gastron\u00f3micas de [&hellip;]\" \/>\n<meta property=\"og:url\" content=\"https:\/\/mont-roig.cat\/es\/actualitat\/noticies\/se-amplian-los-dias-y-los-establecimientos-participantes-en-la-sexta-ruta-de-la-tapa-de-miami-platja\/\" \/>\n<meta property=\"og:site_name\" content=\"Ajuntament de Mont-roig del Camp\" \/>\n<meta property=\"article:published_time\" content=\"2018-05-03T12:25:12+00:00\" \/>\n<meta property=\"article:modified_time\" content=\"2018-05-03T13:33:40+00:00\" \/>\n<meta property=\"og:image\" content=\"https:\/\/mont-roig.cat\/wp-content\/uploads\/Ruta-de-la-apa-2018-16.jpg\" \/>\n\t<meta property=\"og:image:width\" content=\"1920\" \/>\n\t<meta property=\"og:image:height\" content=\"1440\" \/>\n\t<meta property=\"og:image:type\" content=\"image\/jpeg\" \/>\n<meta name=\"author\" content=\"administrador\" \/>\n<meta name=\"twitter:card\" content=\"summary_large_image\" \/>\n<meta name=\"twitter:label1\" content=\"Escrito por\" \/>\n\t<meta name=\"twitter:data1\" content=\"administrador\" \/>\n\t<meta name=\"twitter:label2\" content=\"Tiempo de lectura\" \/>\n\t<meta name=\"twitter:data2\" content=\"2 minutos\" \/>\n<script type=\"application\/ld+json\" class=\"yoast-schema-graph\">{\"@context\":\"https:\\\/\\\/schema.org\",\"@graph\":[{\"@type\":\"Article\",\"@id\":\"https:\\\/\\\/mont-roig.cat\\\/es\\\/actualitat\\\/noticies\\\/se-amplian-los-dias-y-los-establecimientos-participantes-en-la-sexta-ruta-de-la-tapa-de-miami-platja\\\/#article\",\"isPartOf\":{\"@id\":\"https:\\\/\\\/mont-roig.cat\\\/es\\\/actualitat\\\/noticies\\\/se-amplian-los-dias-y-los-establecimientos-participantes-en-la-sexta-ruta-de-la-tapa-de-miami-platja\\\/\"},\"author\":{\"name\":\"administrador\",\"@id\":\"https:\\\/\\\/mont-roig.cat\\\/es\\\/#\\\/schema\\\/person\\\/f2b111789f22b7d0c3bd6786c9128cba\"},\"headline\":\"Se ampl\u00edan los d\u00edas y los establecimientos participantes en la sexta Ruta de la Tapa de Miami Platja\",\"datePublished\":\"2018-05-03T12:25:12+00:00\",\"dateModified\":\"2018-05-03T13:33:40+00:00\",\"mainEntityOfPage\":{\"@id\":\"https:\\\/\\\/mont-roig.cat\\\/es\\\/actualitat\\\/noticies\\\/se-amplian-los-dias-y-los-establecimientos-participantes-en-la-sexta-ruta-de-la-tapa-de-miami-platja\\\/\"},\"wordCount\":440,\"image\":{\"@id\":\"https:\\\/\\\/mont-roig.cat\\\/es\\\/actualitat\\\/noticies\\\/se-amplian-los-dias-y-los-establecimientos-participantes-en-la-sexta-ruta-de-la-tapa-de-miami-platja\\\/#primaryimage\"},\"thumbnailUrl\":\"https:\\\/\\\/mont-roig.cat\\\/wp-content\\\/uploads\\\/Ruta-de-la-apa-2018-16.jpg\",\"articleSection\":[\"Ayuntamiento\",\"Promoci\u00f3n econ\u00f3mica\",\"Turismo\"],\"inLanguage\":\"es\"},{\"@type\":\"WebPage\",\"@id\":\"https:\\\/\\\/mont-roig.cat\\\/es\\\/actualitat\\\/noticies\\\/se-amplian-los-dias-y-los-establecimientos-participantes-en-la-sexta-ruta-de-la-tapa-de-miami-platja\\\/\",\"url\":\"https:\\\/\\\/mont-roig.cat\\\/es\\\/actualitat\\\/noticies\\\/se-amplian-los-dias-y-los-establecimientos-participantes-en-la-sexta-ruta-de-la-tapa-de-miami-platja\\\/\",\"name\":\"Se ampl\u00edan los d\u00edas y los establecimientos participantes en la sexta Ruta de la Tapa de Miami Platja - Ajuntament de Mont-roig del Camp\",\"isPartOf\":{\"@id\":\"https:\\\/\\\/mont-roig.cat\\\/es\\\/#website\"},\"primaryImageOfPage\":{\"@id\":\"https:\\\/\\\/mont-roig.cat\\\/es\\\/actualitat\\\/noticies\\\/se-amplian-los-dias-y-los-establecimientos-participantes-en-la-sexta-ruta-de-la-tapa-de-miami-platja\\\/#primaryimage\"},\"image\":{\"@id\":\"https:\\\/\\\/mont-roig.cat\\\/es\\\/actualitat\\\/noticies\\\/se-amplian-los-dias-y-los-establecimientos-participantes-en-la-sexta-ruta-de-la-tapa-de-miami-platja\\\/#primaryimage\"},\"thumbnailUrl\":\"https:\\\/\\\/mont-roig.cat\\\/wp-content\\\/uploads\\\/Ruta-de-la-apa-2018-16.jpg\",\"datePublished\":\"2018-05-03T12:25:12+00:00\",\"dateModified\":\"2018-05-03T13:33:40+00:00\",\"author\":{\"@id\":\"https:\\\/\\\/mont-roig.cat\\\/es\\\/#\\\/schema\\\/person\\\/f2b111789f22b7d0c3bd6786c9128cba\"},\"breadcrumb\":{\"@id\":\"https:\\\/\\\/mont-roig.cat\\\/es\\\/actualitat\\\/noticies\\\/se-amplian-los-dias-y-los-establecimientos-participantes-en-la-sexta-ruta-de-la-tapa-de-miami-platja\\\/#breadcrumb\"},\"inLanguage\":\"es\",\"potentialAction\":[{\"@type\":\"ReadAction\",\"target\":[\"https:\\\/\\\/mont-roig.cat\\\/es\\\/actualitat\\\/noticies\\\/se-amplian-los-dias-y-los-establecimientos-participantes-en-la-sexta-ruta-de-la-tapa-de-miami-platja\\\/\"]}]},{\"@type\":\"ImageObject\",\"inLanguage\":\"es\",\"@id\":\"https:\\\/\\\/mont-roig.cat\\\/es\\\/actualitat\\\/noticies\\\/se-amplian-los-dias-y-los-establecimientos-participantes-en-la-sexta-ruta-de-la-tapa-de-miami-platja\\\/#primaryimage\",\"url\":\"https:\\\/\\\/mont-roig.cat\\\/wp-content\\\/uploads\\\/Ruta-de-la-apa-2018-16.jpg\",\"contentUrl\":\"https:\\\/\\\/mont-roig.cat\\\/wp-content\\\/uploads\\\/Ruta-de-la-apa-2018-16.jpg\",\"width\":1920,\"height\":1440},{\"@type\":\"BreadcrumbList\",\"@id\":\"https:\\\/\\\/mont-roig.cat\\\/es\\\/actualitat\\\/noticies\\\/se-amplian-los-dias-y-los-establecimientos-participantes-en-la-sexta-ruta-de-la-tapa-de-miami-platja\\\/#breadcrumb\",\"itemListElement\":[{\"@type\":\"ListItem\",\"position\":1,\"name\":\"Inici\",\"item\":\"https:\\\/\\\/mont-roig.cat\\\/es\\\/pagina-de-inicio\\\/\"},{\"@type\":\"ListItem\",\"position\":2,\"name\":\"Se ampl\u00edan los d\u00edas y los establecimientos participantes en la sexta Ruta de la Tapa de Miami Platja\"}]},{\"@type\":\"WebSite\",\"@id\":\"https:\\\/\\\/mont-roig.cat\\\/es\\\/#website\",\"url\":\"https:\\\/\\\/mont-roig.cat\\\/es\\\/\",\"name\":\"Ajuntament de Mont-roig del Camp\",\"description\":\"Tota la informaci\u00f3 sobre la instituci\u00f3, els seus \u00f2rgans de govern, actualitat, serveis i molt m\u00e9s.\",\"potentialAction\":[{\"@type\":\"SearchAction\",\"target\":{\"@type\":\"EntryPoint\",\"urlTemplate\":\"https:\\\/\\\/mont-roig.cat\\\/es\\\/?s={search_term_string}\"},\"query-input\":{\"@type\":\"PropertyValueSpecification\",\"valueRequired\":true,\"valueName\":\"search_term_string\"}}],\"inLanguage\":\"es\"},{\"@type\":\"Person\",\"@id\":\"https:\\\/\\\/mont-roig.cat\\\/es\\\/#\\\/schema\\\/person\\\/f2b111789f22b7d0c3bd6786c9128cba\",\"name\":\"administrador\",\"image\":{\"@type\":\"ImageObject\",\"inLanguage\":\"es\",\"@id\":\"https:\\\/\\\/secure.gravatar.com\\\/avatar\\\/9137aac6891e2595c9d3036fd83bcb653b4db3c946db4c7d9b9be193c3c944bb?s=96&d=mm&r=g\",\"url\":\"https:\\\/\\\/secure.gravatar.com\\\/avatar\\\/9137aac6891e2595c9d3036fd83bcb653b4db3c946db4c7d9b9be193c3c944bb?s=96&d=mm&r=g\",\"contentUrl\":\"https:\\\/\\\/secure.gravatar.com\\\/avatar\\\/9137aac6891e2595c9d3036fd83bcb653b4db3c946db4c7d9b9be193c3c944bb?s=96&d=mm&r=g\",\"caption\":\"administrador\"},\"url\":\"https:\\\/\\\/mont-roig.cat\\\/es\\\/actualitat\\\/noticies\\\/author\\\/administrador\\\/\"}]}<\/script>\n<!-- \/ Yoast SEO plugin. -->","yoast_head_json":{"title":"Se ampl\u00edan los d\u00edas y los establecimientos participantes en la sexta Ruta de la Tapa de Miami Platja - Ajuntament de Mont-roig del Camp","robots":{"index":"index","follow":"follow","max-snippet":"max-snippet:-1","max-image-preview":"max-image-preview:large","max-video-preview":"max-video-preview:-1"},"canonical":"https:\/\/mont-roig.cat\/es\/actualitat\/noticies\/se-amplian-los-dias-y-los-establecimientos-participantes-en-la-sexta-ruta-de-la-tapa-de-miami-platja\/","og_locale":"es_ES","og_type":"article","og_title":"Se ampl\u00edan los d\u00edas y los establecimientos participantes en la sexta Ruta de la Tapa de Miami Platja - Ajuntament de Mont-roig del Camp","og_description":"La iniciativa gastron\u00f3mica contin\u00faa creciendo con 31 propuestas culinarias que se podr\u00e1n degustar del 4 al 20 de mayo La sexta Ruta de la Tapa de Miami Platja empieza este viernes con la participaci\u00f3n de 31 establecimientos de restauraci\u00f3n. Una edici\u00f3n que destaca por el aumento de bares y restaurantes que ofrecer\u00e1n propuestas gastron\u00f3micas de [&hellip;]","og_url":"https:\/\/mont-roig.cat\/es\/actualitat\/noticies\/se-amplian-los-dias-y-los-establecimientos-participantes-en-la-sexta-ruta-de-la-tapa-de-miami-platja\/","og_site_name":"Ajuntament de Mont-roig del Camp","article_published_time":"2018-05-03T12:25:12+00:00","article_modified_time":"2018-05-03T13:33:40+00:00","og_image":[{"width":1920,"height":1440,"url":"https:\/\/mont-roig.cat\/wp-content\/uploads\/Ruta-de-la-apa-2018-16.jpg","type":"image\/jpeg"}],"author":"administrador","twitter_card":"summary_large_image","twitter_misc":{"Escrito por":"administrador","Tiempo de lectura":"2 minutos"},"schema":{"@context":"https:\/\/schema.org","@graph":[{"@type":"Article","@id":"https:\/\/mont-roig.cat\/es\/actualitat\/noticies\/se-amplian-los-dias-y-los-establecimientos-participantes-en-la-sexta-ruta-de-la-tapa-de-miami-platja\/#article","isPartOf":{"@id":"https:\/\/mont-roig.cat\/es\/actualitat\/noticies\/se-amplian-los-dias-y-los-establecimientos-participantes-en-la-sexta-ruta-de-la-tapa-de-miami-platja\/"},"author":{"name":"administrador","@id":"https:\/\/mont-roig.cat\/es\/#\/schema\/person\/f2b111789f22b7d0c3bd6786c9128cba"},"headline":"Se ampl\u00edan los d\u00edas y los establecimientos participantes en la sexta Ruta de la Tapa de Miami Platja","datePublished":"2018-05-03T12:25:12+00:00","dateModified":"2018-05-03T13:33:40+00:00","mainEntityOfPage":{"@id":"https:\/\/mont-roig.cat\/es\/actualitat\/noticies\/se-amplian-los-dias-y-los-establecimientos-participantes-en-la-sexta-ruta-de-la-tapa-de-miami-platja\/"},"wordCount":440,"image":{"@id":"https:\/\/mont-roig.cat\/es\/actualitat\/noticies\/se-amplian-los-dias-y-los-establecimientos-participantes-en-la-sexta-ruta-de-la-tapa-de-miami-platja\/#primaryimage"},"thumbnailUrl":"https:\/\/mont-roig.cat\/wp-content\/uploads\/Ruta-de-la-apa-2018-16.jpg","articleSection":["Ayuntamiento","Promoci\u00f3n econ\u00f3mica","Turismo"],"inLanguage":"es"},{"@type":"WebPage","@id":"https:\/\/mont-roig.cat\/es\/actualitat\/noticies\/se-amplian-los-dias-y-los-establecimientos-participantes-en-la-sexta-ruta-de-la-tapa-de-miami-platja\/","url":"https:\/\/mont-roig.cat\/es\/actualitat\/noticies\/se-amplian-los-dias-y-los-establecimientos-participantes-en-la-sexta-ruta-de-la-tapa-de-miami-platja\/","name":"Se ampl\u00edan los d\u00edas y los establecimientos participantes en la sexta Ruta de la Tapa de Miami Platja - Ajuntament de Mont-roig del Camp","isPartOf":{"@id":"https:\/\/mont-roig.cat\/es\/#website"},"primaryImageOfPage":{"@id":"https:\/\/mont-roig.cat\/es\/actualitat\/noticies\/se-amplian-los-dias-y-los-establecimientos-participantes-en-la-sexta-ruta-de-la-tapa-de-miami-platja\/#primaryimage"},"image":{"@id":"https:\/\/mont-roig.cat\/es\/actualitat\/noticies\/se-amplian-los-dias-y-los-establecimientos-participantes-en-la-sexta-ruta-de-la-tapa-de-miami-platja\/#primaryimage"},"thumbnailUrl":"https:\/\/mont-roig.cat\/wp-content\/uploads\/Ruta-de-la-apa-2018-16.jpg","datePublished":"2018-05-03T12:25:12+00:00","dateModified":"2018-05-03T13:33:40+00:00","author":{"@id":"https:\/\/mont-roig.cat\/es\/#\/schema\/person\/f2b111789f22b7d0c3bd6786c9128cba"},"breadcrumb":{"@id":"https:\/\/mont-roig.cat\/es\/actualitat\/noticies\/se-amplian-los-dias-y-los-establecimientos-participantes-en-la-sexta-ruta-de-la-tapa-de-miami-platja\/#breadcrumb"},"inLanguage":"es","potentialAction":[{"@type":"ReadAction","target":["https:\/\/mont-roig.cat\/es\/actualitat\/noticies\/se-amplian-los-dias-y-los-establecimientos-participantes-en-la-sexta-ruta-de-la-tapa-de-miami-platja\/"]}]},{"@type":"ImageObject","inLanguage":"es","@id":"https:\/\/mont-roig.cat\/es\/actualitat\/noticies\/se-amplian-los-dias-y-los-establecimientos-participantes-en-la-sexta-ruta-de-la-tapa-de-miami-platja\/#primaryimage","url":"https:\/\/mont-roig.cat\/wp-content\/uploads\/Ruta-de-la-apa-2018-16.jpg","contentUrl":"https:\/\/mont-roig.cat\/wp-content\/uploads\/Ruta-de-la-apa-2018-16.jpg","width":1920,"height":1440},{"@type":"BreadcrumbList","@id":"https:\/\/mont-roig.cat\/es\/actualitat\/noticies\/se-amplian-los-dias-y-los-establecimientos-participantes-en-la-sexta-ruta-de-la-tapa-de-miami-platja\/#breadcrumb","itemListElement":[{"@type":"ListItem","position":1,"name":"Inici","item":"https:\/\/mont-roig.cat\/es\/pagina-de-inicio\/"},{"@type":"ListItem","position":2,"name":"Se ampl\u00edan los d\u00edas y los establecimientos participantes en la sexta Ruta de la Tapa de Miami Platja"}]},{"@type":"WebSite","@id":"https:\/\/mont-roig.cat\/es\/#website","url":"https:\/\/mont-roig.cat\/es\/","name":"Ajuntament de Mont-roig del Camp","description":"Tota la informaci\u00f3 sobre la instituci\u00f3, els seus \u00f2rgans de govern, actualitat, serveis i molt m\u00e9s.","potentialAction":[{"@type":"SearchAction","target":{"@type":"EntryPoint","urlTemplate":"https:\/\/mont-roig.cat\/es\/?s={search_term_string}"},"query-input":{"@type":"PropertyValueSpecification","valueRequired":true,"valueName":"search_term_string"}}],"inLanguage":"es"},{"@type":"Person","@id":"https:\/\/mont-roig.cat\/es\/#\/schema\/person\/f2b111789f22b7d0c3bd6786c9128cba","name":"administrador","image":{"@type":"ImageObject","inLanguage":"es","@id":"https:\/\/secure.gravatar.com\/avatar\/9137aac6891e2595c9d3036fd83bcb653b4db3c946db4c7d9b9be193c3c944bb?s=96&d=mm&r=g","url":"https:\/\/secure.gravatar.com\/avatar\/9137aac6891e2595c9d3036fd83bcb653b4db3c946db4c7d9b9be193c3c944bb?s=96&d=mm&r=g","contentUrl":"https:\/\/secure.gravatar.com\/avatar\/9137aac6891e2595c9d3036fd83bcb653b4db3c946db4c7d9b9be193c3c944bb?s=96&d=mm&r=g","caption":"administrador"},"url":"https:\/\/mont-roig.cat\/es\/actualitat\/noticies\/author\/administrador\/"}]}},"_links":{"self":[{"href":"https:\/\/mont-roig.cat\/es\/wp-json\/wp\/v2\/posts\/27483","targetHints":{"allow":["GET"]}}],"collection":[{"href":"https:\/\/mont-roig.cat\/es\/wp-json\/wp\/v2\/posts"}],"about":[{"href":"https:\/\/mont-roig.cat\/es\/wp-json\/wp\/v2\/types\/post"}],"author":[{"embeddable":true,"href":"https:\/\/mont-roig.cat\/es\/wp-json\/wp\/v2\/users\/4"}],"replies":[{"embeddable":true,"href":"https:\/\/mont-roig.cat\/es\/wp-json\/wp\/v2\/comments?post=27483"}],"version-history":[{"count":9,"href":"https:\/\/mont-roig.cat\/es\/wp-json\/wp\/v2\/posts\/27483\/revisions"}],"predecessor-version":[{"id":27499,"href":"https:\/\/mont-roig.cat\/es\/wp-json\/wp\/v2\/posts\/27483\/revisions\/27499"}],"wp:featuredmedia":[{"embeddable":true,"href":"https:\/\/mont-roig.cat\/es\/wp-json\/wp\/v2\/media\/27466"}],"wp:attachment":[{"href":"https:\/\/mont-roig.cat\/es\/wp-json\/wp\/v2\/media?parent=27483"}],"wp:term":[{"taxonomy":"category","embeddable":true,"href":"https:\/\/mont-roig.cat\/es\/wp-json\/wp\/v2\/categories?post=27483"},{"taxonomy":"post_tag","embeddable":true,"href":"https:\/\/mont-roig.cat\/es\/wp-json\/wp\/v2\/tags?post=27483"}],"curies":[{"name":"wp","href":"https:\/\/api.w.org\/{rel}","templated":true}]}}