{"id":27564,"date":"2018-05-08T17:27:10","date_gmt":"2018-05-08T15:27:10","guid":{"rendered":"https:\/\/mont-roig.cat\/?p=27564"},"modified":"2018-05-08T19:16:44","modified_gmt":"2018-05-08T17:16:44","slug":"la-cala-vienesos-platja-dels-penyals-galardonada-con-una-bandera-azul","status":"publish","type":"post","link":"https:\/\/mont-roig.cat\/es\/actualitat\/noticies\/la-cala-vienesos-platja-dels-penyals-galardonada-con-una-bandera-azul\/","title":{"rendered":"La Cala Vienesos &#8211; Platja dels Penyals galardonada con una Bandera Azul"},"content":{"rendered":"<div id=\"attachment_27569\" style=\"width: 310px\" class=\"wp-caption alignright\"><a href=\"https:\/\/mont-roig.cat\/wp-content\/uploads\/Vienesos-Penyals.jpg\"><img loading=\"lazy\" decoding=\"async\" aria-describedby=\"caption-attachment-27569\" class=\"wp-image-27569\" src=\"https:\/\/mont-roig.cat\/wp-content\/uploads\/Vienesos-Penyals.jpg\" alt=\"\" width=\"300\" height=\"200\" srcset=\"https:\/\/mont-roig.cat\/wp-content\/uploads\/Vienesos-Penyals.jpg 1920w, https:\/\/mont-roig.cat\/wp-content\/uploads\/Vienesos-Penyals-500x333.jpg 500w, https:\/\/mont-roig.cat\/wp-content\/uploads\/Vienesos-Penyals-768x512.jpg 768w, https:\/\/mont-roig.cat\/wp-content\/uploads\/Vienesos-Penyals-1024x683.jpg 1024w\" sizes=\"auto, (max-width: 300px) 100vw, 300px\" \/><\/a><p id=\"caption-attachment-27569\" class=\"wp-caption-text\">Cala Vienesos &#8211; Platja dels Penyals ha obtenido la Bandera Azul<\/p><\/div>\n<p>Mont-roig del Camp iniciar\u00e1 la temporada tur\u00edstica con una nueva Bandera Azul. La Cala Vienesos &#8211; Platja dels Penyals ha sido galardonada con este distintivo que otorga anualmente la Asociaci\u00f3n de Educaci\u00f3n Ambiental y del Consumidor (ADEAC). Se trata de una certificaci\u00f3n que valora y premia las condiciones higi\u00e9nicas, de seguridad, de acceso libre, de atenci\u00f3n a personas con discapacidad y la oferta complementaria de estos espacios. Con esta nueva incorporaci\u00f3n el municipio tendr\u00e1 un total de 4 playas de Bandera Azul:<\/p>\n<p>&#8211; Platja de la Pixerota<\/p>\n<p>&#8211; Platja Cristall<\/p>\n<p>&#8211; Platja de la Casa dels Lladres<\/p>\n<p>&#8211; Cala Vienesos &#8211; Platja dels Penyals<\/p>\n<p>La Bandera Azul deCala Vienesos &#8211; Platja dels Penyals es la \u00fanica que gana el litoral de Tarragona en relaci\u00f3n con el 2017. En total la costa de la demarcaci\u00f3n pasar\u00e1 a tener 43 playas con este reconocimiento.<\/p>\n<p>La obtenci\u00f3n de las Banderas Azules es el resultado del esfuerzo y el trabajo llevado a cabo para mejorar la accesibilidad, la calidad y dotarlas de servicios. Un esfuerzo a trav\u00e9s del cual se ha conseguido aumentar el n\u00famero de playas certificadas, el a\u00f1o pasado con la Platja de la Casa dels Lladres y este a\u00f1o con la Cala Vienesos &#8211; Platja dels Penyals.<\/p>\n<p><strong>Bandera Ecoplayas a l&#8217;Estany Gelat<\/strong><\/p>\n<p>Adem\u00e1s de las 4 Banderas Azules, el litoral del municipio contar\u00e1 tambi\u00e9n con una Bandera Ecoplayas que ondear\u00e1 por segundo a\u00f1o consecutivo en el Estany Gelat. En este caso est\u00e1 otorgada por la Asociaci\u00f3n T\u00e9cnica para la Gesti\u00f3n de Residuos y Medio Ambiente (ATEGRUS). Este distintivo valora aspectos como la calidad de las aguas y la arena, la limpieza, el dise\u00f1o paisaj\u00edstico, la funcionalidad de los equipos o la separaci\u00f3n f\u00edsica y visual del tr\u00e1fico.<\/p>\n","protected":false},"excerpt":{"rendered":"<p>Mont-roig del Camp iniciar\u00e1 la temporada tur\u00edstica con una nueva Bandera Azul. La Cala Vienesos &#8211; Platja dels Penyals ha sido galardonada con este distintivo que otorga anualmente la Asociaci\u00f3n de Educaci\u00f3n Ambiental y del Consumidor (ADEAC). Se trata de una certificaci\u00f3n que valora y premia las condiciones higi\u00e9nicas, de seguridad, de acceso libre, de [&hellip;]<\/p>\n","protected":false},"author":4,"featured_media":27569,"comment_status":"closed","ping_status":"closed","sticky":false,"template":"","format":"standard","meta":{"inline_featured_image":false,"_monsterinsights_skip_tracking":false,"_monsterinsights_sitenote_active":false,"_monsterinsights_sitenote_note":"","_monsterinsights_sitenote_category":0,"footnotes":""},"categories":[115],"tags":[],"class_list":["post-27564","post","type-post","status-publish","format-standard","has-post-thumbnail","hentry","category-turismo"],"yoast_head":"<!-- This site is optimized with the Yoast SEO plugin v27.4 - https:\/\/yoast.com\/product\/yoast-seo-wordpress\/ -->\n<title>La Cala Vienesos - Platja dels Penyals galardonada con una Bandera Azul - Ajuntament de Mont-roig del Camp<\/title>\n<meta name=\"robots\" content=\"index, follow, max-snippet:-1, max-image-preview:large, max-video-preview:-1\" \/>\n<link rel=\"canonical\" href=\"https:\/\/mont-roig.cat\/es\/actualitat\/noticies\/la-cala-vienesos-platja-dels-penyals-galardonada-con-una-bandera-azul\/\" \/>\n<meta property=\"og:locale\" content=\"es_ES\" \/>\n<meta property=\"og:type\" content=\"article\" \/>\n<meta property=\"og:title\" content=\"La Cala Vienesos - Platja dels Penyals galardonada con una Bandera Azul - Ajuntament de Mont-roig del Camp\" \/>\n<meta property=\"og:description\" content=\"Mont-roig del Camp iniciar\u00e1 la temporada tur\u00edstica con una nueva Bandera Azul. La Cala Vienesos &#8211; Platja dels Penyals ha sido galardonada con este distintivo que otorga anualmente la Asociaci\u00f3n de Educaci\u00f3n Ambiental y del Consumidor (ADEAC). Se trata de una certificaci\u00f3n que valora y premia las condiciones higi\u00e9nicas, de seguridad, de acceso libre, de [&hellip;]\" \/>\n<meta property=\"og:url\" content=\"https:\/\/mont-roig.cat\/es\/actualitat\/noticies\/la-cala-vienesos-platja-dels-penyals-galardonada-con-una-bandera-azul\/\" \/>\n<meta property=\"og:site_name\" content=\"Ajuntament de Mont-roig del Camp\" \/>\n<meta property=\"article:published_time\" content=\"2018-05-08T15:27:10+00:00\" \/>\n<meta property=\"article:modified_time\" content=\"2018-05-08T17:16:44+00:00\" \/>\n<meta property=\"og:image\" content=\"https:\/\/mont-roig.cat\/wp-content\/uploads\/Vienesos-Penyals.jpg\" \/>\n\t<meta property=\"og:image:width\" content=\"1920\" \/>\n\t<meta property=\"og:image:height\" content=\"1280\" \/>\n\t<meta property=\"og:image:type\" content=\"image\/jpeg\" \/>\n<meta name=\"author\" content=\"administrador\" \/>\n<meta name=\"twitter:card\" content=\"summary_large_image\" \/>\n<meta name=\"twitter:label1\" content=\"Escrito por\" \/>\n\t<meta name=\"twitter:data1\" content=\"administrador\" \/>\n\t<meta name=\"twitter:label2\" content=\"Tiempo de lectura\" \/>\n\t<meta name=\"twitter:data2\" content=\"2 minutos\" \/>\n<script type=\"application\/ld+json\" class=\"yoast-schema-graph\">{\"@context\":\"https:\\\/\\\/schema.org\",\"@graph\":[{\"@type\":\"Article\",\"@id\":\"https:\\\/\\\/mont-roig.cat\\\/es\\\/actualitat\\\/noticies\\\/la-cala-vienesos-platja-dels-penyals-galardonada-con-una-bandera-azul\\\/#article\",\"isPartOf\":{\"@id\":\"https:\\\/\\\/mont-roig.cat\\\/es\\\/actualitat\\\/noticies\\\/la-cala-vienesos-platja-dels-penyals-galardonada-con-una-bandera-azul\\\/\"},\"author\":{\"name\":\"administrador\",\"@id\":\"https:\\\/\\\/mont-roig.cat\\\/es\\\/#\\\/schema\\\/person\\\/f2b111789f22b7d0c3bd6786c9128cba\"},\"headline\":\"La Cala Vienesos &#8211; Platja dels Penyals galardonada con una Bandera Azul\",\"datePublished\":\"2018-05-08T15:27:10+00:00\",\"dateModified\":\"2018-05-08T17:16:44+00:00\",\"mainEntityOfPage\":{\"@id\":\"https:\\\/\\\/mont-roig.cat\\\/es\\\/actualitat\\\/noticies\\\/la-cala-vienesos-platja-dels-penyals-galardonada-con-una-bandera-azul\\\/\"},\"wordCount\":337,\"image\":{\"@id\":\"https:\\\/\\\/mont-roig.cat\\\/es\\\/actualitat\\\/noticies\\\/la-cala-vienesos-platja-dels-penyals-galardonada-con-una-bandera-azul\\\/#primaryimage\"},\"thumbnailUrl\":\"https:\\\/\\\/mont-roig.cat\\\/wp-content\\\/uploads\\\/Vienesos-Penyals.jpg\",\"articleSection\":[\"Turismo\"],\"inLanguage\":\"es\"},{\"@type\":\"WebPage\",\"@id\":\"https:\\\/\\\/mont-roig.cat\\\/es\\\/actualitat\\\/noticies\\\/la-cala-vienesos-platja-dels-penyals-galardonada-con-una-bandera-azul\\\/\",\"url\":\"https:\\\/\\\/mont-roig.cat\\\/es\\\/actualitat\\\/noticies\\\/la-cala-vienesos-platja-dels-penyals-galardonada-con-una-bandera-azul\\\/\",\"name\":\"La Cala Vienesos - Platja dels Penyals galardonada con una Bandera Azul - Ajuntament de Mont-roig del Camp\",\"isPartOf\":{\"@id\":\"https:\\\/\\\/mont-roig.cat\\\/es\\\/#website\"},\"primaryImageOfPage\":{\"@id\":\"https:\\\/\\\/mont-roig.cat\\\/es\\\/actualitat\\\/noticies\\\/la-cala-vienesos-platja-dels-penyals-galardonada-con-una-bandera-azul\\\/#primaryimage\"},\"image\":{\"@id\":\"https:\\\/\\\/mont-roig.cat\\\/es\\\/actualitat\\\/noticies\\\/la-cala-vienesos-platja-dels-penyals-galardonada-con-una-bandera-azul\\\/#primaryimage\"},\"thumbnailUrl\":\"https:\\\/\\\/mont-roig.cat\\\/wp-content\\\/uploads\\\/Vienesos-Penyals.jpg\",\"datePublished\":\"2018-05-08T15:27:10+00:00\",\"dateModified\":\"2018-05-08T17:16:44+00:00\",\"author\":{\"@id\":\"https:\\\/\\\/mont-roig.cat\\\/es\\\/#\\\/schema\\\/person\\\/f2b111789f22b7d0c3bd6786c9128cba\"},\"breadcrumb\":{\"@id\":\"https:\\\/\\\/mont-roig.cat\\\/es\\\/actualitat\\\/noticies\\\/la-cala-vienesos-platja-dels-penyals-galardonada-con-una-bandera-azul\\\/#breadcrumb\"},\"inLanguage\":\"es\",\"potentialAction\":[{\"@type\":\"ReadAction\",\"target\":[\"https:\\\/\\\/mont-roig.cat\\\/es\\\/actualitat\\\/noticies\\\/la-cala-vienesos-platja-dels-penyals-galardonada-con-una-bandera-azul\\\/\"]}]},{\"@type\":\"ImageObject\",\"inLanguage\":\"es\",\"@id\":\"https:\\\/\\\/mont-roig.cat\\\/es\\\/actualitat\\\/noticies\\\/la-cala-vienesos-platja-dels-penyals-galardonada-con-una-bandera-azul\\\/#primaryimage\",\"url\":\"https:\\\/\\\/mont-roig.cat\\\/wp-content\\\/uploads\\\/Vienesos-Penyals.jpg\",\"contentUrl\":\"https:\\\/\\\/mont-roig.cat\\\/wp-content\\\/uploads\\\/Vienesos-Penyals.jpg\",\"width\":1920,\"height\":1280},{\"@type\":\"BreadcrumbList\",\"@id\":\"https:\\\/\\\/mont-roig.cat\\\/es\\\/actualitat\\\/noticies\\\/la-cala-vienesos-platja-dels-penyals-galardonada-con-una-bandera-azul\\\/#breadcrumb\",\"itemListElement\":[{\"@type\":\"ListItem\",\"position\":1,\"name\":\"Inici\",\"item\":\"https:\\\/\\\/mont-roig.cat\\\/es\\\/pagina-de-inicio\\\/\"},{\"@type\":\"ListItem\",\"position\":2,\"name\":\"La Cala Vienesos &#8211; Platja dels Penyals galardonada con una Bandera Azul\"}]},{\"@type\":\"WebSite\",\"@id\":\"https:\\\/\\\/mont-roig.cat\\\/es\\\/#website\",\"url\":\"https:\\\/\\\/mont-roig.cat\\\/es\\\/\",\"name\":\"Ajuntament de Mont-roig del Camp\",\"description\":\"Tota la informaci\u00f3 sobre la instituci\u00f3, els seus \u00f2rgans de govern, actualitat, serveis i molt m\u00e9s.\",\"potentialAction\":[{\"@type\":\"SearchAction\",\"target\":{\"@type\":\"EntryPoint\",\"urlTemplate\":\"https:\\\/\\\/mont-roig.cat\\\/es\\\/?s={search_term_string}\"},\"query-input\":{\"@type\":\"PropertyValueSpecification\",\"valueRequired\":true,\"valueName\":\"search_term_string\"}}],\"inLanguage\":\"es\"},{\"@type\":\"Person\",\"@id\":\"https:\\\/\\\/mont-roig.cat\\\/es\\\/#\\\/schema\\\/person\\\/f2b111789f22b7d0c3bd6786c9128cba\",\"name\":\"administrador\",\"image\":{\"@type\":\"ImageObject\",\"inLanguage\":\"es\",\"@id\":\"https:\\\/\\\/secure.gravatar.com\\\/avatar\\\/9137aac6891e2595c9d3036fd83bcb653b4db3c946db4c7d9b9be193c3c944bb?s=96&d=mm&r=g\",\"url\":\"https:\\\/\\\/secure.gravatar.com\\\/avatar\\\/9137aac6891e2595c9d3036fd83bcb653b4db3c946db4c7d9b9be193c3c944bb?s=96&d=mm&r=g\",\"contentUrl\":\"https:\\\/\\\/secure.gravatar.com\\\/avatar\\\/9137aac6891e2595c9d3036fd83bcb653b4db3c946db4c7d9b9be193c3c944bb?s=96&d=mm&r=g\",\"caption\":\"administrador\"},\"url\":\"https:\\\/\\\/mont-roig.cat\\\/es\\\/actualitat\\\/noticies\\\/author\\\/administrador\\\/\"}]}<\/script>\n<!-- \/ Yoast SEO plugin. -->","yoast_head_json":{"title":"La Cala Vienesos - Platja dels Penyals galardonada con una Bandera Azul - Ajuntament de Mont-roig del Camp","robots":{"index":"index","follow":"follow","max-snippet":"max-snippet:-1","max-image-preview":"max-image-preview:large","max-video-preview":"max-video-preview:-1"},"canonical":"https:\/\/mont-roig.cat\/es\/actualitat\/noticies\/la-cala-vienesos-platja-dels-penyals-galardonada-con-una-bandera-azul\/","og_locale":"es_ES","og_type":"article","og_title":"La Cala Vienesos - Platja dels Penyals galardonada con una Bandera Azul - Ajuntament de Mont-roig del Camp","og_description":"Mont-roig del Camp iniciar\u00e1 la temporada tur\u00edstica con una nueva Bandera Azul. La Cala Vienesos &#8211; Platja dels Penyals ha sido galardonada con este distintivo que otorga anualmente la Asociaci\u00f3n de Educaci\u00f3n Ambiental y del Consumidor (ADEAC). Se trata de una certificaci\u00f3n que valora y premia las condiciones higi\u00e9nicas, de seguridad, de acceso libre, de [&hellip;]","og_url":"https:\/\/mont-roig.cat\/es\/actualitat\/noticies\/la-cala-vienesos-platja-dels-penyals-galardonada-con-una-bandera-azul\/","og_site_name":"Ajuntament de Mont-roig del Camp","article_published_time":"2018-05-08T15:27:10+00:00","article_modified_time":"2018-05-08T17:16:44+00:00","og_image":[{"width":1920,"height":1280,"url":"https:\/\/mont-roig.cat\/wp-content\/uploads\/Vienesos-Penyals.jpg","type":"image\/jpeg"}],"author":"administrador","twitter_card":"summary_large_image","twitter_misc":{"Escrito por":"administrador","Tiempo de lectura":"2 minutos"},"schema":{"@context":"https:\/\/schema.org","@graph":[{"@type":"Article","@id":"https:\/\/mont-roig.cat\/es\/actualitat\/noticies\/la-cala-vienesos-platja-dels-penyals-galardonada-con-una-bandera-azul\/#article","isPartOf":{"@id":"https:\/\/mont-roig.cat\/es\/actualitat\/noticies\/la-cala-vienesos-platja-dels-penyals-galardonada-con-una-bandera-azul\/"},"author":{"name":"administrador","@id":"https:\/\/mont-roig.cat\/es\/#\/schema\/person\/f2b111789f22b7d0c3bd6786c9128cba"},"headline":"La Cala Vienesos &#8211; Platja dels Penyals galardonada con una Bandera Azul","datePublished":"2018-05-08T15:27:10+00:00","dateModified":"2018-05-08T17:16:44+00:00","mainEntityOfPage":{"@id":"https:\/\/mont-roig.cat\/es\/actualitat\/noticies\/la-cala-vienesos-platja-dels-penyals-galardonada-con-una-bandera-azul\/"},"wordCount":337,"image":{"@id":"https:\/\/mont-roig.cat\/es\/actualitat\/noticies\/la-cala-vienesos-platja-dels-penyals-galardonada-con-una-bandera-azul\/#primaryimage"},"thumbnailUrl":"https:\/\/mont-roig.cat\/wp-content\/uploads\/Vienesos-Penyals.jpg","articleSection":["Turismo"],"inLanguage":"es"},{"@type":"WebPage","@id":"https:\/\/mont-roig.cat\/es\/actualitat\/noticies\/la-cala-vienesos-platja-dels-penyals-galardonada-con-una-bandera-azul\/","url":"https:\/\/mont-roig.cat\/es\/actualitat\/noticies\/la-cala-vienesos-platja-dels-penyals-galardonada-con-una-bandera-azul\/","name":"La Cala Vienesos - Platja dels Penyals galardonada con una Bandera Azul - Ajuntament de Mont-roig del Camp","isPartOf":{"@id":"https:\/\/mont-roig.cat\/es\/#website"},"primaryImageOfPage":{"@id":"https:\/\/mont-roig.cat\/es\/actualitat\/noticies\/la-cala-vienesos-platja-dels-penyals-galardonada-con-una-bandera-azul\/#primaryimage"},"image":{"@id":"https:\/\/mont-roig.cat\/es\/actualitat\/noticies\/la-cala-vienesos-platja-dels-penyals-galardonada-con-una-bandera-azul\/#primaryimage"},"thumbnailUrl":"https:\/\/mont-roig.cat\/wp-content\/uploads\/Vienesos-Penyals.jpg","datePublished":"2018-05-08T15:27:10+00:00","dateModified":"2018-05-08T17:16:44+00:00","author":{"@id":"https:\/\/mont-roig.cat\/es\/#\/schema\/person\/f2b111789f22b7d0c3bd6786c9128cba"},"breadcrumb":{"@id":"https:\/\/mont-roig.cat\/es\/actualitat\/noticies\/la-cala-vienesos-platja-dels-penyals-galardonada-con-una-bandera-azul\/#breadcrumb"},"inLanguage":"es","potentialAction":[{"@type":"ReadAction","target":["https:\/\/mont-roig.cat\/es\/actualitat\/noticies\/la-cala-vienesos-platja-dels-penyals-galardonada-con-una-bandera-azul\/"]}]},{"@type":"ImageObject","inLanguage":"es","@id":"https:\/\/mont-roig.cat\/es\/actualitat\/noticies\/la-cala-vienesos-platja-dels-penyals-galardonada-con-una-bandera-azul\/#primaryimage","url":"https:\/\/mont-roig.cat\/wp-content\/uploads\/Vienesos-Penyals.jpg","contentUrl":"https:\/\/mont-roig.cat\/wp-content\/uploads\/Vienesos-Penyals.jpg","width":1920,"height":1280},{"@type":"BreadcrumbList","@id":"https:\/\/mont-roig.cat\/es\/actualitat\/noticies\/la-cala-vienesos-platja-dels-penyals-galardonada-con-una-bandera-azul\/#breadcrumb","itemListElement":[{"@type":"ListItem","position":1,"name":"Inici","item":"https:\/\/mont-roig.cat\/es\/pagina-de-inicio\/"},{"@type":"ListItem","position":2,"name":"La Cala Vienesos &#8211; Platja dels Penyals galardonada con una Bandera Azul"}]},{"@type":"WebSite","@id":"https:\/\/mont-roig.cat\/es\/#website","url":"https:\/\/mont-roig.cat\/es\/","name":"Ajuntament de Mont-roig del Camp","description":"Tota la informaci\u00f3 sobre la instituci\u00f3, els seus \u00f2rgans de govern, actualitat, serveis i molt m\u00e9s.","potentialAction":[{"@type":"SearchAction","target":{"@type":"EntryPoint","urlTemplate":"https:\/\/mont-roig.cat\/es\/?s={search_term_string}"},"query-input":{"@type":"PropertyValueSpecification","valueRequired":true,"valueName":"search_term_string"}}],"inLanguage":"es"},{"@type":"Person","@id":"https:\/\/mont-roig.cat\/es\/#\/schema\/person\/f2b111789f22b7d0c3bd6786c9128cba","name":"administrador","image":{"@type":"ImageObject","inLanguage":"es","@id":"https:\/\/secure.gravatar.com\/avatar\/9137aac6891e2595c9d3036fd83bcb653b4db3c946db4c7d9b9be193c3c944bb?s=96&d=mm&r=g","url":"https:\/\/secure.gravatar.com\/avatar\/9137aac6891e2595c9d3036fd83bcb653b4db3c946db4c7d9b9be193c3c944bb?s=96&d=mm&r=g","contentUrl":"https:\/\/secure.gravatar.com\/avatar\/9137aac6891e2595c9d3036fd83bcb653b4db3c946db4c7d9b9be193c3c944bb?s=96&d=mm&r=g","caption":"administrador"},"url":"https:\/\/mont-roig.cat\/es\/actualitat\/noticies\/author\/administrador\/"}]}},"_links":{"self":[{"href":"https:\/\/mont-roig.cat\/es\/wp-json\/wp\/v2\/posts\/27564","targetHints":{"allow":["GET"]}}],"collection":[{"href":"https:\/\/mont-roig.cat\/es\/wp-json\/wp\/v2\/posts"}],"about":[{"href":"https:\/\/mont-roig.cat\/es\/wp-json\/wp\/v2\/types\/post"}],"author":[{"embeddable":true,"href":"https:\/\/mont-roig.cat\/es\/wp-json\/wp\/v2\/users\/4"}],"replies":[{"embeddable":true,"href":"https:\/\/mont-roig.cat\/es\/wp-json\/wp\/v2\/comments?post=27564"}],"version-history":[{"count":4,"href":"https:\/\/mont-roig.cat\/es\/wp-json\/wp\/v2\/posts\/27564\/revisions"}],"predecessor-version":[{"id":27572,"href":"https:\/\/mont-roig.cat\/es\/wp-json\/wp\/v2\/posts\/27564\/revisions\/27572"}],"wp:featuredmedia":[{"embeddable":true,"href":"https:\/\/mont-roig.cat\/es\/wp-json\/wp\/v2\/media\/27569"}],"wp:attachment":[{"href":"https:\/\/mont-roig.cat\/es\/wp-json\/wp\/v2\/media?parent=27564"}],"wp:term":[{"taxonomy":"category","embeddable":true,"href":"https:\/\/mont-roig.cat\/es\/wp-json\/wp\/v2\/categories?post=27564"},{"taxonomy":"post_tag","embeddable":true,"href":"https:\/\/mont-roig.cat\/es\/wp-json\/wp\/v2\/tags?post=27564"}],"curies":[{"name":"wp","href":"https:\/\/api.w.org\/{rel}","templated":true}]}}