{"id":27677,"date":"2018-05-14T15:43:33","date_gmt":"2018-05-14T13:43:33","guid":{"rendered":"https:\/\/mont-roig.cat\/?p=27677"},"modified":"2018-05-14T15:43:33","modified_gmt":"2018-05-14T13:43:33","slug":"marina-pujol-sole-es-la-nueva-pubilla-de-mont-roig-del-camp","status":"publish","type":"post","link":"https:\/\/mont-roig.cat\/es\/actualitat\/noticies\/marina-pujol-sole-es-la-nueva-pubilla-de-mont-roig-del-camp\/","title":{"rendered":"Marina Pujol Sol\u00e9 es la nueva Pubilla de Mont-roig del Camp"},"content":{"rendered":"<div id=\"attachment_27667\" style=\"width: 310px\" class=\"wp-caption alignright\"><a href=\"https:\/\/mont-roig.cat\/wp-content\/uploads\/Recepci\u00f3-institucional-Pubilles-2018.jpg\"><img loading=\"lazy\" decoding=\"async\" aria-describedby=\"caption-attachment-27667\" class=\"wp-image-27667\" src=\"https:\/\/mont-roig.cat\/wp-content\/uploads\/Recepci\u00f3-institucional-Pubilles-2018.jpg\" alt=\"\" width=\"300\" height=\"225\" srcset=\"https:\/\/mont-roig.cat\/wp-content\/uploads\/Recepci\u00f3-institucional-Pubilles-2018.jpg 1181w, https:\/\/mont-roig.cat\/wp-content\/uploads\/Recepci\u00f3-institucional-Pubilles-2018-500x375.jpg 500w, https:\/\/mont-roig.cat\/wp-content\/uploads\/Recepci\u00f3-institucional-Pubilles-2018-768x576.jpg 768w, https:\/\/mont-roig.cat\/wp-content\/uploads\/Recepci\u00f3-institucional-Pubilles-2018-1024x768.jpg 1024w, https:\/\/mont-roig.cat\/wp-content\/uploads\/Recepci\u00f3-institucional-Pubilles-2018-463x348.jpg 463w\" sizes=\"auto, (max-width: 300px) 100vw, 300px\" \/><\/a><p id=\"caption-attachment-27667\" class=\"wp-caption-text\">Recepci\u00f3n institucional a las pubilles y hereus 2018<\/p><\/div>\n<p><strong>Roca Baiges y Anna Oliv\u00e9 han sido elegidas primera y segunda dama<\/strong><\/p>\n<p>Marina Pujol Sol\u00e9, en representaci\u00f3n del Grup de Col\u00f2nies i Esplai \u201cels Brivalls\u201d es la nueva Pubilla de Mont-roig del Camp. La proclamaci\u00f3n tuvo lugar este s\u00e1bado 12 de mayo, en un acto emotivo y singular, pues se dio la circunstancia que la pubilla 2017, Anna Pujol Sol\u00e9, es la hermana de la nueva pubilla. As\u00ed, la an\u00e9cdota de la velada fue que su hermana mayor le hizo el traspaso de un cargo que le permitir\u00e1, adem\u00e1s, optar al t\u00edtulo de Pubilla de Catalu\u00f1a.<\/p>\n<p>Durante el acto, celebrado en el polideportivo municipal, tambi\u00e9n se escogi\u00f3 a Roca Baiges Lla\u00f3, de la Associaci\u00f3 de les Maria de la Roca como Primera Dama y Anna Oliv\u00e9 Anguera, de los Kintus 2018 como Segunda Dama. Tambi\u00e9n se presentaron la Pubilla y el Hereu infantil del AMPA de la Escola Mare de D\u00e9u de la Roca, que son la Isona Mallafr\u00e9 Alfanjar\u00edn y Arnau Benaiges Cots. Adem\u00e1s, este a\u00f1o, como novedad, se proyect\u00f3 un v\u00eddeo con las presentaciones personales de todos los participantes.<\/p>\n<p>Las asociaciones y participantes fueron las siguientes:<\/p>\n<ul>\n<li>\n<div id=\"attachment_27669\" style=\"width: 260px\" class=\"wp-caption alignright\"><a href=\"https:\/\/mont-roig.cat\/wp-content\/uploads\/Pubilla-i-dames-2018.jpg\"><img loading=\"lazy\" decoding=\"async\" aria-describedby=\"caption-attachment-27669\" class=\"wp-image-27669\" src=\"https:\/\/mont-roig.cat\/wp-content\/uploads\/Pubilla-i-dames-2018.jpg\" alt=\"\" width=\"250\" height=\"333\" srcset=\"https:\/\/mont-roig.cat\/wp-content\/uploads\/Pubilla-i-dames-2018.jpg 886w, https:\/\/mont-roig.cat\/wp-content\/uploads\/Pubilla-i-dames-2018-375x500.jpg 375w, https:\/\/mont-roig.cat\/wp-content\/uploads\/Pubilla-i-dames-2018-768x1024.jpg 768w\" sizes=\"auto, (max-width: 250px) 100vw, 250px\" \/><\/a><p id=\"caption-attachment-27669\" class=\"wp-caption-text\">Pubilla y damas 2018<\/p><\/div>\n<p>Agrupaci\u00f3 de Patinatge Mont-roig &#8211; Paula Munt\u00e9 Calvo<\/li>\n<li>Associaci\u00f3 de les Maria de la Roca &#8211; Roca Baiges Lla\u00f3<\/li>\n<li>Grup de Col\u00f2nies i Esplai \u201cEls Brivalls\u201d &#8211; Marina Pujol Sol\u00e9<\/li>\n<li>Associaci\u00f3 d\u2019Empresaris i Comerciants de Mont-roig &#8211; Carol Gonz\u00e1lez Carreras<\/li>\n<li>Club Esportiu de Mont-roig &#8211; Laia Llamas Puche<\/li>\n<li>Penya Ciclista de Mont-roig &#8211; Aroa Garcia Fern\u00e1ndez<\/li>\n<li>AMPA Escola Mare de D\u00e9u de la Roca &#8211; Isona Mallafr\u00e8 Alfanjar\u00edn y Arnau Benaiges Cots<\/li>\n<li>Kintus\/es 2018 Anna Oliv\u00e9 Anguera y Marc Mart\u00ednez Ram\u00edrez<\/li>\n<\/ul>\n<p>Las actividades de pubillaje continuaron el domingo con la tradicional recepci\u00f3n institucional, en la Casa de Cultura Agust\u00ed Sard\u00e0. Las autoridades locales hicieron entrega de un ramo de retamas a las pubilles y hereus. El acto finaliz\u00f3 con una fotograf\u00eda de familia.<\/p>\n<p>A continuaci\u00f3n, las pubilles, hereus y autoridades, acompa\u00f1ados por la Colla Gegantera del Barri dels 6 carrers y los Grallers de Mont-roig iniciaron el cortejo hacia la iglesia Sant Miquel Arc\u00e0ngel. Despu\u00e9s de misa tuvo lugar un aperitivo popular. Ya por la tarde la Uni\u00f3 de Dones de Mont-roig organiz\u00f3 diversas actividades para recaudar fondos para la Liga contra el C\u00e1ncer.<\/p>\n\n\t\t<style type=\"text\/css\">\n\t\t\t#gallery-1 {\n\t\t\t\tmargin: auto;\n\t\t\t}\n\t\t\t#gallery-1 .gallery-item {\n\t\t\t\tfloat: left;\n\t\t\t\tmargin-top: 10px;\n\t\t\t\ttext-align: center;\n\t\t\t\twidth: 33%;\n\t\t\t}\n\t\t\t#gallery-1 img {\n\t\t\t\tborder: 2px solid #cfcfcf;\n\t\t\t}\n\t\t\t#gallery-1 .gallery-caption {\n\t\t\t\tmargin-left: 0;\n\t\t\t}\n\t\t\t\/* see gallery_shortcode() in wp-includes\/media.php *\/\n\t\t<\/style>\n\t\t<div id='gallery-1' class='gallery galleryid-27677 gallery-columns-3 gallery-size-thumbnail'><dl class='gallery-item'>\n\t\t\t<dt class='gallery-icon landscape'>\n\t\t\t\t<a href='https:\/\/mont-roig.cat\/wp-content\/uploads\/Pubilles-i-hereus-participants-2018.jpg'><img loading=\"lazy\" decoding=\"async\" width=\"50\" height=\"50\" src=\"https:\/\/mont-roig.cat\/wp-content\/uploads\/Pubilles-i-hereus-participants-2018-50x50.jpg\" class=\"attachment-thumbnail size-thumbnail\" alt=\"\" srcset=\"https:\/\/mont-roig.cat\/wp-content\/uploads\/Pubilles-i-hereus-participants-2018-50x50.jpg 50w, https:\/\/mont-roig.cat\/wp-content\/uploads\/Pubilles-i-hereus-participants-2018-560x560.jpg 560w, https:\/\/mont-roig.cat\/wp-content\/uploads\/Pubilles-i-hereus-participants-2018-367x367.jpg 367w, https:\/\/mont-roig.cat\/wp-content\/uploads\/Pubilles-i-hereus-participants-2018-450x450.jpg 450w, https:\/\/mont-roig.cat\/wp-content\/uploads\/Pubilles-i-hereus-participants-2018-85x85.jpg 85w, https:\/\/mont-roig.cat\/wp-content\/uploads\/Pubilles-i-hereus-participants-2018-45x45.jpg 45w\" sizes=\"auto, (max-width: 50px) 100vw, 50px\" \/><\/a>\n\t\t\t<\/dt><\/dl><dl class='gallery-item'>\n\t\t\t<dt class='gallery-icon landscape'>\n\t\t\t\t<a href='https:\/\/mont-roig.cat\/wp-content\/uploads\/Seguici-pubilles.jpg'><img loading=\"lazy\" decoding=\"async\" width=\"50\" height=\"50\" src=\"https:\/\/mont-roig.cat\/wp-content\/uploads\/Seguici-pubilles-50x50.jpg\" class=\"attachment-thumbnail size-thumbnail\" alt=\"\" srcset=\"https:\/\/mont-roig.cat\/wp-content\/uploads\/Seguici-pubilles-50x50.jpg 50w, https:\/\/mont-roig.cat\/wp-content\/uploads\/Seguici-pubilles-560x560.jpg 560w, https:\/\/mont-roig.cat\/wp-content\/uploads\/Seguici-pubilles-367x367.jpg 367w, https:\/\/mont-roig.cat\/wp-content\/uploads\/Seguici-pubilles-450x450.jpg 450w, https:\/\/mont-roig.cat\/wp-content\/uploads\/Seguici-pubilles-85x85.jpg 85w, https:\/\/mont-roig.cat\/wp-content\/uploads\/Seguici-pubilles-45x45.jpg 45w\" sizes=\"auto, (max-width: 50px) 100vw, 50px\" \/><\/a>\n\t\t\t<\/dt><\/dl><dl class='gallery-item'>\n\t\t\t<dt class='gallery-icon landscape'>\n\t\t\t\t<a href='https:\/\/mont-roig.cat\/wp-content\/uploads\/Seguici-pubilles-2018-2.jpg'><img loading=\"lazy\" decoding=\"async\" width=\"50\" height=\"50\" src=\"https:\/\/mont-roig.cat\/wp-content\/uploads\/Seguici-pubilles-2018-2-50x50.jpg\" class=\"attachment-thumbnail size-thumbnail\" alt=\"\" srcset=\"https:\/\/mont-roig.cat\/wp-content\/uploads\/Seguici-pubilles-2018-2-50x50.jpg 50w, https:\/\/mont-roig.cat\/wp-content\/uploads\/Seguici-pubilles-2018-2-560x560.jpg 560w, https:\/\/mont-roig.cat\/wp-content\/uploads\/Seguici-pubilles-2018-2-367x367.jpg 367w, https:\/\/mont-roig.cat\/wp-content\/uploads\/Seguici-pubilles-2018-2-450x450.jpg 450w, https:\/\/mont-roig.cat\/wp-content\/uploads\/Seguici-pubilles-2018-2-85x85.jpg 85w, https:\/\/mont-roig.cat\/wp-content\/uploads\/Seguici-pubilles-2018-2-45x45.jpg 45w\" sizes=\"auto, (max-width: 50px) 100vw, 50px\" \/><\/a>\n\t\t\t<\/dt><\/dl><br style=\"clear: both\" \/><dl class='gallery-item'>\n\t\t\t<dt class='gallery-icon landscape'>\n\t\t\t\t<a href='https:\/\/mont-roig.cat\/wp-content\/uploads\/Gegants-6-carrers-i-Grallers-Mont-roig.jpg'><img loading=\"lazy\" decoding=\"async\" width=\"50\" height=\"50\" src=\"https:\/\/mont-roig.cat\/wp-content\/uploads\/Gegants-6-carrers-i-Grallers-Mont-roig-50x50.jpg\" class=\"attachment-thumbnail size-thumbnail\" alt=\"\" srcset=\"https:\/\/mont-roig.cat\/wp-content\/uploads\/Gegants-6-carrers-i-Grallers-Mont-roig-50x50.jpg 50w, https:\/\/mont-roig.cat\/wp-content\/uploads\/Gegants-6-carrers-i-Grallers-Mont-roig-560x560.jpg 560w, https:\/\/mont-roig.cat\/wp-content\/uploads\/Gegants-6-carrers-i-Grallers-Mont-roig-367x367.jpg 367w, https:\/\/mont-roig.cat\/wp-content\/uploads\/Gegants-6-carrers-i-Grallers-Mont-roig-450x450.jpg 450w, https:\/\/mont-roig.cat\/wp-content\/uploads\/Gegants-6-carrers-i-Grallers-Mont-roig-85x85.jpg 85w, https:\/\/mont-roig.cat\/wp-content\/uploads\/Gegants-6-carrers-i-Grallers-Mont-roig-45x45.jpg 45w\" sizes=\"auto, (max-width: 50px) 100vw, 50px\" \/><\/a>\n\t\t\t<\/dt><\/dl><dl class='gallery-item'>\n\t\t\t<dt class='gallery-icon landscape'>\n\t\t\t\t<a href='https:\/\/mont-roig.cat\/wp-content\/uploads\/Donatiu-Ajuntament-LLiga-Contra-el-C\u00e0ncer.jpg'><img loading=\"lazy\" decoding=\"async\" width=\"50\" height=\"50\" src=\"https:\/\/mont-roig.cat\/wp-content\/uploads\/Donatiu-Ajuntament-LLiga-Contra-el-C\u00e0ncer-50x50.jpg\" class=\"attachment-thumbnail size-thumbnail\" alt=\"\" srcset=\"https:\/\/mont-roig.cat\/wp-content\/uploads\/Donatiu-Ajuntament-LLiga-Contra-el-C\u00e0ncer-50x50.jpg 50w, https:\/\/mont-roig.cat\/wp-content\/uploads\/Donatiu-Ajuntament-LLiga-Contra-el-C\u00e0ncer-560x560.jpg 560w, https:\/\/mont-roig.cat\/wp-content\/uploads\/Donatiu-Ajuntament-LLiga-Contra-el-C\u00e0ncer-367x367.jpg 367w, https:\/\/mont-roig.cat\/wp-content\/uploads\/Donatiu-Ajuntament-LLiga-Contra-el-C\u00e0ncer-450x450.jpg 450w, https:\/\/mont-roig.cat\/wp-content\/uploads\/Donatiu-Ajuntament-LLiga-Contra-el-C\u00e0ncer-85x85.jpg 85w, https:\/\/mont-roig.cat\/wp-content\/uploads\/Donatiu-Ajuntament-LLiga-Contra-el-C\u00e0ncer-45x45.jpg 45w\" sizes=\"auto, (max-width: 50px) 100vw, 50px\" \/><\/a>\n\t\t\t<\/dt><\/dl>\n\t\t\t<br style='clear: both' \/>\n\t\t<\/div>\n\n","protected":false},"excerpt":{"rendered":"<p>Roca Baiges y Anna Oliv\u00e9 han sido elegidas primera y segunda dama Marina Pujol Sol\u00e9, en representaci\u00f3n del Grup de Col\u00f2nies i Esplai \u201cels Brivalls\u201d es la nueva Pubilla de Mont-roig del Camp. La proclamaci\u00f3n tuvo lugar este s\u00e1bado 12 de mayo, en un acto emotivo y singular, pues se dio la circunstancia que la [&hellip;]<\/p>\n","protected":false},"author":4,"featured_media":27667,"comment_status":"closed","ping_status":"closed","sticky":false,"template":"","format":"standard","meta":{"inline_featured_image":false,"_monsterinsights_skip_tracking":false,"_monsterinsights_sitenote_active":false,"_monsterinsights_sitenote_note":"","_monsterinsights_sitenote_category":0,"footnotes":""},"categories":[98,105],"tags":[],"class_list":["post-27677","post","type-post","status-publish","format-standard","has-post-thumbnail","hentry","category-ayuntamiento","category-fiestas"],"yoast_head":"<!-- This site is optimized with the Yoast SEO plugin v27.4 - https:\/\/yoast.com\/product\/yoast-seo-wordpress\/ -->\n<title>Marina Pujol Sol\u00e9 es la nueva Pubilla de Mont-roig del Camp - Ajuntament de Mont-roig del Camp<\/title>\n<meta name=\"robots\" content=\"index, follow, max-snippet:-1, max-image-preview:large, max-video-preview:-1\" \/>\n<link rel=\"canonical\" href=\"https:\/\/mont-roig.cat\/es\/actualitat\/noticies\/marina-pujol-sole-es-la-nueva-pubilla-de-mont-roig-del-camp\/\" \/>\n<meta property=\"og:locale\" content=\"es_ES\" \/>\n<meta property=\"og:type\" content=\"article\" \/>\n<meta property=\"og:title\" content=\"Marina Pujol Sol\u00e9 es la nueva Pubilla de Mont-roig del Camp - Ajuntament de Mont-roig del Camp\" \/>\n<meta property=\"og:description\" content=\"Roca Baiges y Anna Oliv\u00e9 han sido elegidas primera y segunda dama Marina Pujol Sol\u00e9, en representaci\u00f3n del Grup de Col\u00f2nies i Esplai \u201cels Brivalls\u201d es la nueva Pubilla de Mont-roig del Camp. La proclamaci\u00f3n tuvo lugar este s\u00e1bado 12 de mayo, en un acto emotivo y singular, pues se dio la circunstancia que la [&hellip;]\" \/>\n<meta property=\"og:url\" content=\"https:\/\/mont-roig.cat\/es\/actualitat\/noticies\/marina-pujol-sole-es-la-nueva-pubilla-de-mont-roig-del-camp\/\" \/>\n<meta property=\"og:site_name\" content=\"Ajuntament de Mont-roig del Camp\" \/>\n<meta property=\"article:published_time\" content=\"2018-05-14T13:43:33+00:00\" \/>\n<meta property=\"og:image\" content=\"https:\/\/mont-roig.cat\/wp-content\/uploads\/Recepci\u00f3-institucional-Pubilles-2018.jpg\" \/>\n\t<meta property=\"og:image:width\" content=\"1181\" \/>\n\t<meta property=\"og:image:height\" content=\"886\" \/>\n\t<meta property=\"og:image:type\" content=\"image\/jpeg\" \/>\n<meta name=\"author\" content=\"administrador\" \/>\n<meta name=\"twitter:card\" content=\"summary_large_image\" \/>\n<meta name=\"twitter:label1\" content=\"Escrito por\" \/>\n\t<meta name=\"twitter:data1\" content=\"administrador\" \/>\n\t<meta name=\"twitter:label2\" content=\"Tiempo de lectura\" \/>\n\t<meta name=\"twitter:data2\" content=\"2 minutos\" \/>\n<script type=\"application\/ld+json\" class=\"yoast-schema-graph\">{\"@context\":\"https:\\\/\\\/schema.org\",\"@graph\":[{\"@type\":\"Article\",\"@id\":\"https:\\\/\\\/mont-roig.cat\\\/es\\\/actualitat\\\/noticies\\\/marina-pujol-sole-es-la-nueva-pubilla-de-mont-roig-del-camp\\\/#article\",\"isPartOf\":{\"@id\":\"https:\\\/\\\/mont-roig.cat\\\/es\\\/actualitat\\\/noticies\\\/marina-pujol-sole-es-la-nueva-pubilla-de-mont-roig-del-camp\\\/\"},\"author\":{\"name\":\"administrador\",\"@id\":\"https:\\\/\\\/mont-roig.cat\\\/es\\\/#\\\/schema\\\/person\\\/f2b111789f22b7d0c3bd6786c9128cba\"},\"headline\":\"Marina Pujol Sol\u00e9 es la nueva Pubilla de Mont-roig del Camp\",\"datePublished\":\"2018-05-14T13:43:33+00:00\",\"mainEntityOfPage\":{\"@id\":\"https:\\\/\\\/mont-roig.cat\\\/es\\\/actualitat\\\/noticies\\\/marina-pujol-sole-es-la-nueva-pubilla-de-mont-roig-del-camp\\\/\"},\"wordCount\":442,\"image\":{\"@id\":\"https:\\\/\\\/mont-roig.cat\\\/es\\\/actualitat\\\/noticies\\\/marina-pujol-sole-es-la-nueva-pubilla-de-mont-roig-del-camp\\\/#primaryimage\"},\"thumbnailUrl\":\"https:\\\/\\\/mont-roig.cat\\\/wp-content\\\/uploads\\\/Recepci\u00f3-institucional-Pubilles-2018.jpg\",\"articleSection\":[\"Ayuntamiento\",\"Festes\"],\"inLanguage\":\"es\"},{\"@type\":\"WebPage\",\"@id\":\"https:\\\/\\\/mont-roig.cat\\\/es\\\/actualitat\\\/noticies\\\/marina-pujol-sole-es-la-nueva-pubilla-de-mont-roig-del-camp\\\/\",\"url\":\"https:\\\/\\\/mont-roig.cat\\\/es\\\/actualitat\\\/noticies\\\/marina-pujol-sole-es-la-nueva-pubilla-de-mont-roig-del-camp\\\/\",\"name\":\"Marina Pujol Sol\u00e9 es la nueva Pubilla de Mont-roig del Camp - Ajuntament de Mont-roig del Camp\",\"isPartOf\":{\"@id\":\"https:\\\/\\\/mont-roig.cat\\\/es\\\/#website\"},\"primaryImageOfPage\":{\"@id\":\"https:\\\/\\\/mont-roig.cat\\\/es\\\/actualitat\\\/noticies\\\/marina-pujol-sole-es-la-nueva-pubilla-de-mont-roig-del-camp\\\/#primaryimage\"},\"image\":{\"@id\":\"https:\\\/\\\/mont-roig.cat\\\/es\\\/actualitat\\\/noticies\\\/marina-pujol-sole-es-la-nueva-pubilla-de-mont-roig-del-camp\\\/#primaryimage\"},\"thumbnailUrl\":\"https:\\\/\\\/mont-roig.cat\\\/wp-content\\\/uploads\\\/Recepci\u00f3-institucional-Pubilles-2018.jpg\",\"datePublished\":\"2018-05-14T13:43:33+00:00\",\"author\":{\"@id\":\"https:\\\/\\\/mont-roig.cat\\\/es\\\/#\\\/schema\\\/person\\\/f2b111789f22b7d0c3bd6786c9128cba\"},\"breadcrumb\":{\"@id\":\"https:\\\/\\\/mont-roig.cat\\\/es\\\/actualitat\\\/noticies\\\/marina-pujol-sole-es-la-nueva-pubilla-de-mont-roig-del-camp\\\/#breadcrumb\"},\"inLanguage\":\"es\",\"potentialAction\":[{\"@type\":\"ReadAction\",\"target\":[\"https:\\\/\\\/mont-roig.cat\\\/es\\\/actualitat\\\/noticies\\\/marina-pujol-sole-es-la-nueva-pubilla-de-mont-roig-del-camp\\\/\"]}]},{\"@type\":\"ImageObject\",\"inLanguage\":\"es\",\"@id\":\"https:\\\/\\\/mont-roig.cat\\\/es\\\/actualitat\\\/noticies\\\/marina-pujol-sole-es-la-nueva-pubilla-de-mont-roig-del-camp\\\/#primaryimage\",\"url\":\"https:\\\/\\\/mont-roig.cat\\\/wp-content\\\/uploads\\\/Recepci\u00f3-institucional-Pubilles-2018.jpg\",\"contentUrl\":\"https:\\\/\\\/mont-roig.cat\\\/wp-content\\\/uploads\\\/Recepci\u00f3-institucional-Pubilles-2018.jpg\",\"width\":1181,\"height\":886},{\"@type\":\"BreadcrumbList\",\"@id\":\"https:\\\/\\\/mont-roig.cat\\\/es\\\/actualitat\\\/noticies\\\/marina-pujol-sole-es-la-nueva-pubilla-de-mont-roig-del-camp\\\/#breadcrumb\",\"itemListElement\":[{\"@type\":\"ListItem\",\"position\":1,\"name\":\"Inici\",\"item\":\"https:\\\/\\\/mont-roig.cat\\\/es\\\/pagina-de-inicio\\\/\"},{\"@type\":\"ListItem\",\"position\":2,\"name\":\"Marina Pujol Sol\u00e9 es la nueva Pubilla de Mont-roig del Camp\"}]},{\"@type\":\"WebSite\",\"@id\":\"https:\\\/\\\/mont-roig.cat\\\/es\\\/#website\",\"url\":\"https:\\\/\\\/mont-roig.cat\\\/es\\\/\",\"name\":\"Ajuntament de Mont-roig del Camp\",\"description\":\"Tota la informaci\u00f3 sobre la instituci\u00f3, els seus \u00f2rgans de govern, actualitat, serveis i molt m\u00e9s.\",\"potentialAction\":[{\"@type\":\"SearchAction\",\"target\":{\"@type\":\"EntryPoint\",\"urlTemplate\":\"https:\\\/\\\/mont-roig.cat\\\/es\\\/?s={search_term_string}\"},\"query-input\":{\"@type\":\"PropertyValueSpecification\",\"valueRequired\":true,\"valueName\":\"search_term_string\"}}],\"inLanguage\":\"es\"},{\"@type\":\"Person\",\"@id\":\"https:\\\/\\\/mont-roig.cat\\\/es\\\/#\\\/schema\\\/person\\\/f2b111789f22b7d0c3bd6786c9128cba\",\"name\":\"administrador\",\"image\":{\"@type\":\"ImageObject\",\"inLanguage\":\"es\",\"@id\":\"https:\\\/\\\/secure.gravatar.com\\\/avatar\\\/9137aac6891e2595c9d3036fd83bcb653b4db3c946db4c7d9b9be193c3c944bb?s=96&d=mm&r=g\",\"url\":\"https:\\\/\\\/secure.gravatar.com\\\/avatar\\\/9137aac6891e2595c9d3036fd83bcb653b4db3c946db4c7d9b9be193c3c944bb?s=96&d=mm&r=g\",\"contentUrl\":\"https:\\\/\\\/secure.gravatar.com\\\/avatar\\\/9137aac6891e2595c9d3036fd83bcb653b4db3c946db4c7d9b9be193c3c944bb?s=96&d=mm&r=g\",\"caption\":\"administrador\"},\"url\":\"https:\\\/\\\/mont-roig.cat\\\/es\\\/actualitat\\\/noticies\\\/author\\\/administrador\\\/\"}]}<\/script>\n<!-- \/ Yoast SEO plugin. -->","yoast_head_json":{"title":"Marina Pujol Sol\u00e9 es la nueva Pubilla de Mont-roig del Camp - Ajuntament de Mont-roig del Camp","robots":{"index":"index","follow":"follow","max-snippet":"max-snippet:-1","max-image-preview":"max-image-preview:large","max-video-preview":"max-video-preview:-1"},"canonical":"https:\/\/mont-roig.cat\/es\/actualitat\/noticies\/marina-pujol-sole-es-la-nueva-pubilla-de-mont-roig-del-camp\/","og_locale":"es_ES","og_type":"article","og_title":"Marina Pujol Sol\u00e9 es la nueva Pubilla de Mont-roig del Camp - Ajuntament de Mont-roig del Camp","og_description":"Roca Baiges y Anna Oliv\u00e9 han sido elegidas primera y segunda dama Marina Pujol Sol\u00e9, en representaci\u00f3n del Grup de Col\u00f2nies i Esplai \u201cels Brivalls\u201d es la nueva Pubilla de Mont-roig del Camp. La proclamaci\u00f3n tuvo lugar este s\u00e1bado 12 de mayo, en un acto emotivo y singular, pues se dio la circunstancia que la [&hellip;]","og_url":"https:\/\/mont-roig.cat\/es\/actualitat\/noticies\/marina-pujol-sole-es-la-nueva-pubilla-de-mont-roig-del-camp\/","og_site_name":"Ajuntament de Mont-roig del Camp","article_published_time":"2018-05-14T13:43:33+00:00","og_image":[{"width":1181,"height":886,"url":"https:\/\/mont-roig.cat\/wp-content\/uploads\/Recepci\u00f3-institucional-Pubilles-2018.jpg","type":"image\/jpeg"}],"author":"administrador","twitter_card":"summary_large_image","twitter_misc":{"Escrito por":"administrador","Tiempo de lectura":"2 minutos"},"schema":{"@context":"https:\/\/schema.org","@graph":[{"@type":"Article","@id":"https:\/\/mont-roig.cat\/es\/actualitat\/noticies\/marina-pujol-sole-es-la-nueva-pubilla-de-mont-roig-del-camp\/#article","isPartOf":{"@id":"https:\/\/mont-roig.cat\/es\/actualitat\/noticies\/marina-pujol-sole-es-la-nueva-pubilla-de-mont-roig-del-camp\/"},"author":{"name":"administrador","@id":"https:\/\/mont-roig.cat\/es\/#\/schema\/person\/f2b111789f22b7d0c3bd6786c9128cba"},"headline":"Marina Pujol Sol\u00e9 es la nueva Pubilla de Mont-roig del Camp","datePublished":"2018-05-14T13:43:33+00:00","mainEntityOfPage":{"@id":"https:\/\/mont-roig.cat\/es\/actualitat\/noticies\/marina-pujol-sole-es-la-nueva-pubilla-de-mont-roig-del-camp\/"},"wordCount":442,"image":{"@id":"https:\/\/mont-roig.cat\/es\/actualitat\/noticies\/marina-pujol-sole-es-la-nueva-pubilla-de-mont-roig-del-camp\/#primaryimage"},"thumbnailUrl":"https:\/\/mont-roig.cat\/wp-content\/uploads\/Recepci\u00f3-institucional-Pubilles-2018.jpg","articleSection":["Ayuntamiento","Festes"],"inLanguage":"es"},{"@type":"WebPage","@id":"https:\/\/mont-roig.cat\/es\/actualitat\/noticies\/marina-pujol-sole-es-la-nueva-pubilla-de-mont-roig-del-camp\/","url":"https:\/\/mont-roig.cat\/es\/actualitat\/noticies\/marina-pujol-sole-es-la-nueva-pubilla-de-mont-roig-del-camp\/","name":"Marina Pujol Sol\u00e9 es la nueva Pubilla de Mont-roig del Camp - Ajuntament de Mont-roig del Camp","isPartOf":{"@id":"https:\/\/mont-roig.cat\/es\/#website"},"primaryImageOfPage":{"@id":"https:\/\/mont-roig.cat\/es\/actualitat\/noticies\/marina-pujol-sole-es-la-nueva-pubilla-de-mont-roig-del-camp\/#primaryimage"},"image":{"@id":"https:\/\/mont-roig.cat\/es\/actualitat\/noticies\/marina-pujol-sole-es-la-nueva-pubilla-de-mont-roig-del-camp\/#primaryimage"},"thumbnailUrl":"https:\/\/mont-roig.cat\/wp-content\/uploads\/Recepci\u00f3-institucional-Pubilles-2018.jpg","datePublished":"2018-05-14T13:43:33+00:00","author":{"@id":"https:\/\/mont-roig.cat\/es\/#\/schema\/person\/f2b111789f22b7d0c3bd6786c9128cba"},"breadcrumb":{"@id":"https:\/\/mont-roig.cat\/es\/actualitat\/noticies\/marina-pujol-sole-es-la-nueva-pubilla-de-mont-roig-del-camp\/#breadcrumb"},"inLanguage":"es","potentialAction":[{"@type":"ReadAction","target":["https:\/\/mont-roig.cat\/es\/actualitat\/noticies\/marina-pujol-sole-es-la-nueva-pubilla-de-mont-roig-del-camp\/"]}]},{"@type":"ImageObject","inLanguage":"es","@id":"https:\/\/mont-roig.cat\/es\/actualitat\/noticies\/marina-pujol-sole-es-la-nueva-pubilla-de-mont-roig-del-camp\/#primaryimage","url":"https:\/\/mont-roig.cat\/wp-content\/uploads\/Recepci\u00f3-institucional-Pubilles-2018.jpg","contentUrl":"https:\/\/mont-roig.cat\/wp-content\/uploads\/Recepci\u00f3-institucional-Pubilles-2018.jpg","width":1181,"height":886},{"@type":"BreadcrumbList","@id":"https:\/\/mont-roig.cat\/es\/actualitat\/noticies\/marina-pujol-sole-es-la-nueva-pubilla-de-mont-roig-del-camp\/#breadcrumb","itemListElement":[{"@type":"ListItem","position":1,"name":"Inici","item":"https:\/\/mont-roig.cat\/es\/pagina-de-inicio\/"},{"@type":"ListItem","position":2,"name":"Marina Pujol Sol\u00e9 es la nueva Pubilla de Mont-roig del Camp"}]},{"@type":"WebSite","@id":"https:\/\/mont-roig.cat\/es\/#website","url":"https:\/\/mont-roig.cat\/es\/","name":"Ajuntament de Mont-roig del Camp","description":"Tota la informaci\u00f3 sobre la instituci\u00f3, els seus \u00f2rgans de govern, actualitat, serveis i molt m\u00e9s.","potentialAction":[{"@type":"SearchAction","target":{"@type":"EntryPoint","urlTemplate":"https:\/\/mont-roig.cat\/es\/?s={search_term_string}"},"query-input":{"@type":"PropertyValueSpecification","valueRequired":true,"valueName":"search_term_string"}}],"inLanguage":"es"},{"@type":"Person","@id":"https:\/\/mont-roig.cat\/es\/#\/schema\/person\/f2b111789f22b7d0c3bd6786c9128cba","name":"administrador","image":{"@type":"ImageObject","inLanguage":"es","@id":"https:\/\/secure.gravatar.com\/avatar\/9137aac6891e2595c9d3036fd83bcb653b4db3c946db4c7d9b9be193c3c944bb?s=96&d=mm&r=g","url":"https:\/\/secure.gravatar.com\/avatar\/9137aac6891e2595c9d3036fd83bcb653b4db3c946db4c7d9b9be193c3c944bb?s=96&d=mm&r=g","contentUrl":"https:\/\/secure.gravatar.com\/avatar\/9137aac6891e2595c9d3036fd83bcb653b4db3c946db4c7d9b9be193c3c944bb?s=96&d=mm&r=g","caption":"administrador"},"url":"https:\/\/mont-roig.cat\/es\/actualitat\/noticies\/author\/administrador\/"}]}},"_links":{"self":[{"href":"https:\/\/mont-roig.cat\/es\/wp-json\/wp\/v2\/posts\/27677","targetHints":{"allow":["GET"]}}],"collection":[{"href":"https:\/\/mont-roig.cat\/es\/wp-json\/wp\/v2\/posts"}],"about":[{"href":"https:\/\/mont-roig.cat\/es\/wp-json\/wp\/v2\/types\/post"}],"author":[{"embeddable":true,"href":"https:\/\/mont-roig.cat\/es\/wp-json\/wp\/v2\/users\/4"}],"replies":[{"embeddable":true,"href":"https:\/\/mont-roig.cat\/es\/wp-json\/wp\/v2\/comments?post=27677"}],"version-history":[{"count":2,"href":"https:\/\/mont-roig.cat\/es\/wp-json\/wp\/v2\/posts\/27677\/revisions"}],"predecessor-version":[{"id":27681,"href":"https:\/\/mont-roig.cat\/es\/wp-json\/wp\/v2\/posts\/27677\/revisions\/27681"}],"wp:featuredmedia":[{"embeddable":true,"href":"https:\/\/mont-roig.cat\/es\/wp-json\/wp\/v2\/media\/27667"}],"wp:attachment":[{"href":"https:\/\/mont-roig.cat\/es\/wp-json\/wp\/v2\/media?parent=27677"}],"wp:term":[{"taxonomy":"category","embeddable":true,"href":"https:\/\/mont-roig.cat\/es\/wp-json\/wp\/v2\/categories?post=27677"},{"taxonomy":"post_tag","embeddable":true,"href":"https:\/\/mont-roig.cat\/es\/wp-json\/wp\/v2\/tags?post=27677"}],"curies":[{"name":"wp","href":"https:\/\/api.w.org\/{rel}","templated":true}]}}