{"id":27772,"date":"2018-05-17T08:05:34","date_gmt":"2018-05-17T06:05:34","guid":{"rendered":"https:\/\/mont-roig.cat\/?p=27772"},"modified":"2018-05-17T08:07:52","modified_gmt":"2018-05-17T06:07:52","slug":"el-ayuntamiento-participa-en-la-campana-lets-clean-up-europe-con-las-escuelas","status":"publish","type":"post","link":"https:\/\/mont-roig.cat\/es\/actualitat\/noticies\/el-ayuntamiento-participa-en-la-campana-lets-clean-up-europe-con-las-escuelas\/","title":{"rendered":"El Ayuntamiento participa en la campa\u00f1a Let\u2019s Clean Up Europe con las escuelas"},"content":{"rendered":"<ul>\n<li><b>Se realizaran limpiezas populares los d\u00edas\u00a018, 22 y 24 de mayo<\/b><\/li>\n<\/ul>\n<p><a href=\"https:\/\/mont-roig.cat\/wp-content\/uploads\/Poster_cleanup.jpg\"><img loading=\"lazy\" decoding=\"async\" class=\"alignright wp-image-27769\" src=\"https:\/\/mont-roig.cat\/wp-content\/uploads\/Poster_cleanup.jpg\" alt=\"\" width=\"199\" height=\"284\" srcset=\"https:\/\/mont-roig.cat\/wp-content\/uploads\/Poster_cleanup.jpg 1920w, https:\/\/mont-roig.cat\/wp-content\/uploads\/Poster_cleanup-350x500.jpg 350w, https:\/\/mont-roig.cat\/wp-content\/uploads\/Poster_cleanup-768x1097.jpg 768w, https:\/\/mont-roig.cat\/wp-content\/uploads\/Poster_cleanup-717x1024.jpg 717w\" sizes=\"auto, (max-width: 199px) 100vw, 199px\" \/><\/a><\/p>\n<div id=\"tw-target-text-container\" class=\"tw-ta-container tw-nfl\">\n<p id=\"tw-target-text\" class=\"tw-data-text tw-ta tw-text-small\" dir=\"ltr\" data-placeholder=\"Traducci\u00f3n\"><span lang=\"es\">El Ayuntamiento de Mont-roig del Camp se ha vuelto a adherir a la campa\u00f1a europea Let &#8216;s Clean Up Europe con la organizaci\u00f3n de limpiezas populares conjuntamente con las escuelas del municipio. En esta edici\u00f3n se ha invitado a los centros educativos a participar en esta iniciativa que pretende concienciar sobre la cantidad de residuos que tiramos de forma incontrolada en la naturaleza, adem\u00e1s de promover la recogida de estos residuos vertidos ilegalmente en nuestro entorno .<\/span><\/p>\n<\/div>\n<div id=\"tw-target-text-container\" class=\"tw-ta-container tw-nfl\">\n<p id=\"tw-target-text\" class=\"tw-data-text tw-ta tw-text-small\" dir=\"ltr\" data-placeholder=\"Traducci\u00f3n\"><span lang=\"es\">En la propuesta se ha adherido la escuela Mare de D\u00e9u de la Roca que realizar\u00e1 una limpieza en el entorno del Instituto Antoni Ballester, este viernes 18 de mayo, de 10 a 12 h. Por otra parte la escuela Marcel\u00b7l\u00ed Esquius realizar\u00e1 la actividad de recogida de residuos los d\u00edas 22 y 24 de mayo, de 10 a 12h en el Estany Gelat.<\/span><\/p>\n<\/div>\n<p id=\"tw-target-text\" class=\"tw-data-text tw-ta tw-text-small\" dir=\"ltr\" data-placeholder=\"Traducci\u00f3n\"><span lang=\"es\">A pesar de la participaci\u00f3n de las escuelas, las actividades est\u00e1n abiertas a todo el mundo. As\u00ed, todos aquellos que quieran colaborar con estas acciones voluntarias recibir\u00e1n guantes y bolsas de pl\u00e1stico para poder recoger los residuos que posteriormente ser\u00e1n separados para hacer la recogida selectiva.<\/span><\/p>\n<div id=\"tw-target-text-container\" class=\"tw-ta-container tw-nfl\">\n<p id=\"tw-target-text\" class=\"tw-data-text tw-ta tw-text-small\" dir=\"ltr\" data-placeholder=\"Traducci\u00f3n\"><span lang=\"es\">La acci\u00f3n, que es una operaci\u00f3n de limpieza que se organiza a nivel europeo, es una oportunidad \u00fanica para incrementar el nivel de concienciaci\u00f3n sobre el problema de la basura y ayudar a cambiar el comportamiento de la poblaci\u00f3n.<\/span><\/p>\n<\/div>\n<div id=\"tw-target-text-container\" class=\"tw-ta-container tw-nfl\">\n<p id=\"tw-target-text\" class=\"tw-data-text tw-ta tw-text-small\" dir=\"ltr\" data-placeholder=\"Traducci\u00f3n\"><span lang=\"es\">Estas acciones de limpieza atacan los vertidos ilegales y los vertederos \u00abnaturales\u00bb y esto permite poner en primer plano la necesidad de ser conscientes de nuestro comportamiento en la generaci\u00f3n de residuos.<\/span><\/p>\n<\/div>\n<p><a href=\"http:\/\/mont-roig.cat\/wp-content\/uploads\/arc_color_h.jpg\" rel=\"attachment wp-att-11038\"><img loading=\"lazy\" decoding=\"async\" class=\"wp-image-11038 alignright\" src=\"http:\/\/mont-roig.cat\/wp-content\/uploads\/arc_color_h-500x72.jpg\" alt=\"Ag\u00e8ncia de Residus de Catalunya\" width=\"403\" height=\"58\" srcset=\"https:\/\/mont-roig.cat\/wp-content\/uploads\/arc_color_h-500x72.jpg 500w, https:\/\/mont-roig.cat\/wp-content\/uploads\/arc_color_h-768x111.jpg 768w, https:\/\/mont-roig.cat\/wp-content\/uploads\/arc_color_h-1024x148.jpg 1024w\" sizes=\"auto, (max-width: 403px) 100vw, 403px\" \/><\/a><\/p>\n","protected":false},"excerpt":{"rendered":"<p>Se realizaran limpiezas populares los d\u00edas\u00a018, 22 y 24 de mayo El Ayuntamiento de Mont-roig del Camp se ha vuelto a adherir a la campa\u00f1a europea Let &#8216;s Clean Up Europe con la organizaci\u00f3n de limpiezas populares conjuntamente con las escuelas del municipio. En esta edici\u00f3n se ha invitado a los centros educativos a participar [&hellip;]<\/p>\n","protected":false},"author":4,"featured_media":27769,"comment_status":"closed","ping_status":"closed","sticky":false,"template":"","format":"standard","meta":{"inline_featured_image":false,"_monsterinsights_skip_tracking":false,"_monsterinsights_sitenote_active":false,"_monsterinsights_sitenote_note":"","_monsterinsights_sitenote_category":0,"footnotes":""},"categories":[98,109],"tags":[],"class_list":["post-27772","post","type-post","status-publish","format-standard","has-post-thumbnail","hentry","category-ayuntamiento","category-limpieza-viaria"],"yoast_head":"<!-- This site is optimized with the Yoast SEO plugin v27.4 - https:\/\/yoast.com\/product\/yoast-seo-wordpress\/ -->\n<title>El Ayuntamiento participa en la campa\u00f1a Let\u2019s Clean Up Europe con las escuelas - Ajuntament de Mont-roig del Camp<\/title>\n<meta name=\"robots\" content=\"index, follow, max-snippet:-1, max-image-preview:large, max-video-preview:-1\" \/>\n<link rel=\"canonical\" href=\"https:\/\/mont-roig.cat\/es\/actualitat\/noticies\/el-ayuntamiento-participa-en-la-campana-lets-clean-up-europe-con-las-escuelas\/\" \/>\n<meta property=\"og:locale\" content=\"es_ES\" \/>\n<meta property=\"og:type\" content=\"article\" \/>\n<meta property=\"og:title\" content=\"El Ayuntamiento participa en la campa\u00f1a Let\u2019s Clean Up Europe con las escuelas - Ajuntament de Mont-roig del Camp\" \/>\n<meta property=\"og:description\" content=\"Se realizaran limpiezas populares los d\u00edas\u00a018, 22 y 24 de mayo El Ayuntamiento de Mont-roig del Camp se ha vuelto a adherir a la campa\u00f1a europea Let &#8216;s Clean Up Europe con la organizaci\u00f3n de limpiezas populares conjuntamente con las escuelas del municipio. En esta edici\u00f3n se ha invitado a los centros educativos a participar [&hellip;]\" \/>\n<meta property=\"og:url\" content=\"https:\/\/mont-roig.cat\/es\/actualitat\/noticies\/el-ayuntamiento-participa-en-la-campana-lets-clean-up-europe-con-las-escuelas\/\" \/>\n<meta property=\"og:site_name\" content=\"Ajuntament de Mont-roig del Camp\" \/>\n<meta property=\"article:published_time\" content=\"2018-05-17T06:05:34+00:00\" \/>\n<meta property=\"article:modified_time\" content=\"2018-05-17T06:07:52+00:00\" \/>\n<meta property=\"og:image\" content=\"https:\/\/mont-roig.cat\/wp-content\/uploads\/Poster_cleanup.jpg\" \/>\n\t<meta property=\"og:image:width\" content=\"1920\" \/>\n\t<meta property=\"og:image:height\" content=\"2744\" \/>\n\t<meta property=\"og:image:type\" content=\"image\/jpeg\" \/>\n<meta name=\"author\" content=\"administrador\" \/>\n<meta name=\"twitter:card\" content=\"summary_large_image\" \/>\n<meta name=\"twitter:label1\" content=\"Escrito por\" \/>\n\t<meta name=\"twitter:data1\" content=\"administrador\" \/>\n\t<meta name=\"twitter:label2\" content=\"Tiempo de lectura\" \/>\n\t<meta name=\"twitter:data2\" content=\"1 minuto\" \/>\n<script type=\"application\/ld+json\" class=\"yoast-schema-graph\">{\"@context\":\"https:\\\/\\\/schema.org\",\"@graph\":[{\"@type\":\"Article\",\"@id\":\"https:\\\/\\\/mont-roig.cat\\\/es\\\/actualitat\\\/noticies\\\/el-ayuntamiento-participa-en-la-campana-lets-clean-up-europe-con-las-escuelas\\\/#article\",\"isPartOf\":{\"@id\":\"https:\\\/\\\/mont-roig.cat\\\/es\\\/actualitat\\\/noticies\\\/el-ayuntamiento-participa-en-la-campana-lets-clean-up-europe-con-las-escuelas\\\/\"},\"author\":{\"name\":\"administrador\",\"@id\":\"https:\\\/\\\/mont-roig.cat\\\/es\\\/#\\\/schema\\\/person\\\/f2b111789f22b7d0c3bd6786c9128cba\"},\"headline\":\"El Ayuntamiento participa en la campa\u00f1a Let\u2019s Clean Up Europe con las escuelas\",\"datePublished\":\"2018-05-17T06:05:34+00:00\",\"dateModified\":\"2018-05-17T06:07:52+00:00\",\"mainEntityOfPage\":{\"@id\":\"https:\\\/\\\/mont-roig.cat\\\/es\\\/actualitat\\\/noticies\\\/el-ayuntamiento-participa-en-la-campana-lets-clean-up-europe-con-las-escuelas\\\/\"},\"wordCount\":293,\"image\":{\"@id\":\"https:\\\/\\\/mont-roig.cat\\\/es\\\/actualitat\\\/noticies\\\/el-ayuntamiento-participa-en-la-campana-lets-clean-up-europe-con-las-escuelas\\\/#primaryimage\"},\"thumbnailUrl\":\"https:\\\/\\\/mont-roig.cat\\\/wp-content\\\/uploads\\\/Poster_cleanup.jpg\",\"articleSection\":[\"Ayuntamiento\",\"Limpieza viaria\"],\"inLanguage\":\"es\"},{\"@type\":\"WebPage\",\"@id\":\"https:\\\/\\\/mont-roig.cat\\\/es\\\/actualitat\\\/noticies\\\/el-ayuntamiento-participa-en-la-campana-lets-clean-up-europe-con-las-escuelas\\\/\",\"url\":\"https:\\\/\\\/mont-roig.cat\\\/es\\\/actualitat\\\/noticies\\\/el-ayuntamiento-participa-en-la-campana-lets-clean-up-europe-con-las-escuelas\\\/\",\"name\":\"El Ayuntamiento participa en la campa\u00f1a Let\u2019s Clean Up Europe con las escuelas - Ajuntament de Mont-roig del Camp\",\"isPartOf\":{\"@id\":\"https:\\\/\\\/mont-roig.cat\\\/es\\\/#website\"},\"primaryImageOfPage\":{\"@id\":\"https:\\\/\\\/mont-roig.cat\\\/es\\\/actualitat\\\/noticies\\\/el-ayuntamiento-participa-en-la-campana-lets-clean-up-europe-con-las-escuelas\\\/#primaryimage\"},\"image\":{\"@id\":\"https:\\\/\\\/mont-roig.cat\\\/es\\\/actualitat\\\/noticies\\\/el-ayuntamiento-participa-en-la-campana-lets-clean-up-europe-con-las-escuelas\\\/#primaryimage\"},\"thumbnailUrl\":\"https:\\\/\\\/mont-roig.cat\\\/wp-content\\\/uploads\\\/Poster_cleanup.jpg\",\"datePublished\":\"2018-05-17T06:05:34+00:00\",\"dateModified\":\"2018-05-17T06:07:52+00:00\",\"author\":{\"@id\":\"https:\\\/\\\/mont-roig.cat\\\/es\\\/#\\\/schema\\\/person\\\/f2b111789f22b7d0c3bd6786c9128cba\"},\"breadcrumb\":{\"@id\":\"https:\\\/\\\/mont-roig.cat\\\/es\\\/actualitat\\\/noticies\\\/el-ayuntamiento-participa-en-la-campana-lets-clean-up-europe-con-las-escuelas\\\/#breadcrumb\"},\"inLanguage\":\"es\",\"potentialAction\":[{\"@type\":\"ReadAction\",\"target\":[\"https:\\\/\\\/mont-roig.cat\\\/es\\\/actualitat\\\/noticies\\\/el-ayuntamiento-participa-en-la-campana-lets-clean-up-europe-con-las-escuelas\\\/\"]}]},{\"@type\":\"ImageObject\",\"inLanguage\":\"es\",\"@id\":\"https:\\\/\\\/mont-roig.cat\\\/es\\\/actualitat\\\/noticies\\\/el-ayuntamiento-participa-en-la-campana-lets-clean-up-europe-con-las-escuelas\\\/#primaryimage\",\"url\":\"https:\\\/\\\/mont-roig.cat\\\/wp-content\\\/uploads\\\/Poster_cleanup.jpg\",\"contentUrl\":\"https:\\\/\\\/mont-roig.cat\\\/wp-content\\\/uploads\\\/Poster_cleanup.jpg\",\"width\":1920,\"height\":2744},{\"@type\":\"BreadcrumbList\",\"@id\":\"https:\\\/\\\/mont-roig.cat\\\/es\\\/actualitat\\\/noticies\\\/el-ayuntamiento-participa-en-la-campana-lets-clean-up-europe-con-las-escuelas\\\/#breadcrumb\",\"itemListElement\":[{\"@type\":\"ListItem\",\"position\":1,\"name\":\"Inici\",\"item\":\"https:\\\/\\\/mont-roig.cat\\\/es\\\/pagina-de-inicio\\\/\"},{\"@type\":\"ListItem\",\"position\":2,\"name\":\"El Ayuntamiento participa en la campa\u00f1a Let\u2019s Clean Up Europe con las escuelas\"}]},{\"@type\":\"WebSite\",\"@id\":\"https:\\\/\\\/mont-roig.cat\\\/es\\\/#website\",\"url\":\"https:\\\/\\\/mont-roig.cat\\\/es\\\/\",\"name\":\"Ajuntament de Mont-roig del Camp\",\"description\":\"Tota la informaci\u00f3 sobre la instituci\u00f3, els seus \u00f2rgans de govern, actualitat, serveis i molt m\u00e9s.\",\"potentialAction\":[{\"@type\":\"SearchAction\",\"target\":{\"@type\":\"EntryPoint\",\"urlTemplate\":\"https:\\\/\\\/mont-roig.cat\\\/es\\\/?s={search_term_string}\"},\"query-input\":{\"@type\":\"PropertyValueSpecification\",\"valueRequired\":true,\"valueName\":\"search_term_string\"}}],\"inLanguage\":\"es\"},{\"@type\":\"Person\",\"@id\":\"https:\\\/\\\/mont-roig.cat\\\/es\\\/#\\\/schema\\\/person\\\/f2b111789f22b7d0c3bd6786c9128cba\",\"name\":\"administrador\",\"image\":{\"@type\":\"ImageObject\",\"inLanguage\":\"es\",\"@id\":\"https:\\\/\\\/secure.gravatar.com\\\/avatar\\\/9137aac6891e2595c9d3036fd83bcb653b4db3c946db4c7d9b9be193c3c944bb?s=96&d=mm&r=g\",\"url\":\"https:\\\/\\\/secure.gravatar.com\\\/avatar\\\/9137aac6891e2595c9d3036fd83bcb653b4db3c946db4c7d9b9be193c3c944bb?s=96&d=mm&r=g\",\"contentUrl\":\"https:\\\/\\\/secure.gravatar.com\\\/avatar\\\/9137aac6891e2595c9d3036fd83bcb653b4db3c946db4c7d9b9be193c3c944bb?s=96&d=mm&r=g\",\"caption\":\"administrador\"},\"url\":\"https:\\\/\\\/mont-roig.cat\\\/es\\\/actualitat\\\/noticies\\\/author\\\/administrador\\\/\"}]}<\/script>\n<!-- \/ Yoast SEO plugin. -->","yoast_head_json":{"title":"El Ayuntamiento participa en la campa\u00f1a Let\u2019s Clean Up Europe con las escuelas - Ajuntament de Mont-roig del Camp","robots":{"index":"index","follow":"follow","max-snippet":"max-snippet:-1","max-image-preview":"max-image-preview:large","max-video-preview":"max-video-preview:-1"},"canonical":"https:\/\/mont-roig.cat\/es\/actualitat\/noticies\/el-ayuntamiento-participa-en-la-campana-lets-clean-up-europe-con-las-escuelas\/","og_locale":"es_ES","og_type":"article","og_title":"El Ayuntamiento participa en la campa\u00f1a Let\u2019s Clean Up Europe con las escuelas - Ajuntament de Mont-roig del Camp","og_description":"Se realizaran limpiezas populares los d\u00edas\u00a018, 22 y 24 de mayo El Ayuntamiento de Mont-roig del Camp se ha vuelto a adherir a la campa\u00f1a europea Let &#8216;s Clean Up Europe con la organizaci\u00f3n de limpiezas populares conjuntamente con las escuelas del municipio. En esta edici\u00f3n se ha invitado a los centros educativos a participar [&hellip;]","og_url":"https:\/\/mont-roig.cat\/es\/actualitat\/noticies\/el-ayuntamiento-participa-en-la-campana-lets-clean-up-europe-con-las-escuelas\/","og_site_name":"Ajuntament de Mont-roig del Camp","article_published_time":"2018-05-17T06:05:34+00:00","article_modified_time":"2018-05-17T06:07:52+00:00","og_image":[{"width":1920,"height":2744,"url":"https:\/\/mont-roig.cat\/wp-content\/uploads\/Poster_cleanup.jpg","type":"image\/jpeg"}],"author":"administrador","twitter_card":"summary_large_image","twitter_misc":{"Escrito por":"administrador","Tiempo de lectura":"1 minuto"},"schema":{"@context":"https:\/\/schema.org","@graph":[{"@type":"Article","@id":"https:\/\/mont-roig.cat\/es\/actualitat\/noticies\/el-ayuntamiento-participa-en-la-campana-lets-clean-up-europe-con-las-escuelas\/#article","isPartOf":{"@id":"https:\/\/mont-roig.cat\/es\/actualitat\/noticies\/el-ayuntamiento-participa-en-la-campana-lets-clean-up-europe-con-las-escuelas\/"},"author":{"name":"administrador","@id":"https:\/\/mont-roig.cat\/es\/#\/schema\/person\/f2b111789f22b7d0c3bd6786c9128cba"},"headline":"El Ayuntamiento participa en la campa\u00f1a Let\u2019s Clean Up Europe con las escuelas","datePublished":"2018-05-17T06:05:34+00:00","dateModified":"2018-05-17T06:07:52+00:00","mainEntityOfPage":{"@id":"https:\/\/mont-roig.cat\/es\/actualitat\/noticies\/el-ayuntamiento-participa-en-la-campana-lets-clean-up-europe-con-las-escuelas\/"},"wordCount":293,"image":{"@id":"https:\/\/mont-roig.cat\/es\/actualitat\/noticies\/el-ayuntamiento-participa-en-la-campana-lets-clean-up-europe-con-las-escuelas\/#primaryimage"},"thumbnailUrl":"https:\/\/mont-roig.cat\/wp-content\/uploads\/Poster_cleanup.jpg","articleSection":["Ayuntamiento","Limpieza viaria"],"inLanguage":"es"},{"@type":"WebPage","@id":"https:\/\/mont-roig.cat\/es\/actualitat\/noticies\/el-ayuntamiento-participa-en-la-campana-lets-clean-up-europe-con-las-escuelas\/","url":"https:\/\/mont-roig.cat\/es\/actualitat\/noticies\/el-ayuntamiento-participa-en-la-campana-lets-clean-up-europe-con-las-escuelas\/","name":"El Ayuntamiento participa en la campa\u00f1a Let\u2019s Clean Up Europe con las escuelas - Ajuntament de Mont-roig del Camp","isPartOf":{"@id":"https:\/\/mont-roig.cat\/es\/#website"},"primaryImageOfPage":{"@id":"https:\/\/mont-roig.cat\/es\/actualitat\/noticies\/el-ayuntamiento-participa-en-la-campana-lets-clean-up-europe-con-las-escuelas\/#primaryimage"},"image":{"@id":"https:\/\/mont-roig.cat\/es\/actualitat\/noticies\/el-ayuntamiento-participa-en-la-campana-lets-clean-up-europe-con-las-escuelas\/#primaryimage"},"thumbnailUrl":"https:\/\/mont-roig.cat\/wp-content\/uploads\/Poster_cleanup.jpg","datePublished":"2018-05-17T06:05:34+00:00","dateModified":"2018-05-17T06:07:52+00:00","author":{"@id":"https:\/\/mont-roig.cat\/es\/#\/schema\/person\/f2b111789f22b7d0c3bd6786c9128cba"},"breadcrumb":{"@id":"https:\/\/mont-roig.cat\/es\/actualitat\/noticies\/el-ayuntamiento-participa-en-la-campana-lets-clean-up-europe-con-las-escuelas\/#breadcrumb"},"inLanguage":"es","potentialAction":[{"@type":"ReadAction","target":["https:\/\/mont-roig.cat\/es\/actualitat\/noticies\/el-ayuntamiento-participa-en-la-campana-lets-clean-up-europe-con-las-escuelas\/"]}]},{"@type":"ImageObject","inLanguage":"es","@id":"https:\/\/mont-roig.cat\/es\/actualitat\/noticies\/el-ayuntamiento-participa-en-la-campana-lets-clean-up-europe-con-las-escuelas\/#primaryimage","url":"https:\/\/mont-roig.cat\/wp-content\/uploads\/Poster_cleanup.jpg","contentUrl":"https:\/\/mont-roig.cat\/wp-content\/uploads\/Poster_cleanup.jpg","width":1920,"height":2744},{"@type":"BreadcrumbList","@id":"https:\/\/mont-roig.cat\/es\/actualitat\/noticies\/el-ayuntamiento-participa-en-la-campana-lets-clean-up-europe-con-las-escuelas\/#breadcrumb","itemListElement":[{"@type":"ListItem","position":1,"name":"Inici","item":"https:\/\/mont-roig.cat\/es\/pagina-de-inicio\/"},{"@type":"ListItem","position":2,"name":"El Ayuntamiento participa en la campa\u00f1a Let\u2019s Clean Up Europe con las escuelas"}]},{"@type":"WebSite","@id":"https:\/\/mont-roig.cat\/es\/#website","url":"https:\/\/mont-roig.cat\/es\/","name":"Ajuntament de Mont-roig del Camp","description":"Tota la informaci\u00f3 sobre la instituci\u00f3, els seus \u00f2rgans de govern, actualitat, serveis i molt m\u00e9s.","potentialAction":[{"@type":"SearchAction","target":{"@type":"EntryPoint","urlTemplate":"https:\/\/mont-roig.cat\/es\/?s={search_term_string}"},"query-input":{"@type":"PropertyValueSpecification","valueRequired":true,"valueName":"search_term_string"}}],"inLanguage":"es"},{"@type":"Person","@id":"https:\/\/mont-roig.cat\/es\/#\/schema\/person\/f2b111789f22b7d0c3bd6786c9128cba","name":"administrador","image":{"@type":"ImageObject","inLanguage":"es","@id":"https:\/\/secure.gravatar.com\/avatar\/9137aac6891e2595c9d3036fd83bcb653b4db3c946db4c7d9b9be193c3c944bb?s=96&d=mm&r=g","url":"https:\/\/secure.gravatar.com\/avatar\/9137aac6891e2595c9d3036fd83bcb653b4db3c946db4c7d9b9be193c3c944bb?s=96&d=mm&r=g","contentUrl":"https:\/\/secure.gravatar.com\/avatar\/9137aac6891e2595c9d3036fd83bcb653b4db3c946db4c7d9b9be193c3c944bb?s=96&d=mm&r=g","caption":"administrador"},"url":"https:\/\/mont-roig.cat\/es\/actualitat\/noticies\/author\/administrador\/"}]}},"_links":{"self":[{"href":"https:\/\/mont-roig.cat\/es\/wp-json\/wp\/v2\/posts\/27772","targetHints":{"allow":["GET"]}}],"collection":[{"href":"https:\/\/mont-roig.cat\/es\/wp-json\/wp\/v2\/posts"}],"about":[{"href":"https:\/\/mont-roig.cat\/es\/wp-json\/wp\/v2\/types\/post"}],"author":[{"embeddable":true,"href":"https:\/\/mont-roig.cat\/es\/wp-json\/wp\/v2\/users\/4"}],"replies":[{"embeddable":true,"href":"https:\/\/mont-roig.cat\/es\/wp-json\/wp\/v2\/comments?post=27772"}],"version-history":[{"count":4,"href":"https:\/\/mont-roig.cat\/es\/wp-json\/wp\/v2\/posts\/27772\/revisions"}],"predecessor-version":[{"id":27776,"href":"https:\/\/mont-roig.cat\/es\/wp-json\/wp\/v2\/posts\/27772\/revisions\/27776"}],"wp:featuredmedia":[{"embeddable":true,"href":"https:\/\/mont-roig.cat\/es\/wp-json\/wp\/v2\/media\/27769"}],"wp:attachment":[{"href":"https:\/\/mont-roig.cat\/es\/wp-json\/wp\/v2\/media?parent=27772"}],"wp:term":[{"taxonomy":"category","embeddable":true,"href":"https:\/\/mont-roig.cat\/es\/wp-json\/wp\/v2\/categories?post=27772"},{"taxonomy":"post_tag","embeddable":true,"href":"https:\/\/mont-roig.cat\/es\/wp-json\/wp\/v2\/tags?post=27772"}],"curies":[{"name":"wp","href":"https:\/\/api.w.org\/{rel}","templated":true}]}}