{"id":27874,"date":"2018-05-22T08:34:00","date_gmt":"2018-05-22T06:34:00","guid":{"rendered":"https:\/\/mont-roig.cat\/?p=27874"},"modified":"2018-05-22T09:51:48","modified_gmt":"2018-05-22T07:51:48","slug":"ultimos-dias-para-hacer-las-preinscripciones-del-cfgm-de-sistemas-microinformaticos-y-redes","status":"publish","type":"post","link":"https:\/\/mont-roig.cat\/es\/actualitat\/noticies\/ultimos-dias-para-hacer-las-preinscripciones-del-cfgm-de-sistemas-microinformaticos-y-redes\/","title":{"rendered":"\u00daltimos d\u00edas para hacer las preinscripciones del CFGM de Sistemas Microinform\u00e1ticos y Redes"},"content":{"rendered":"<div id=\"attachment_27864\" style=\"width: 310px\" class=\"wp-caption alignright\"><a href=\"https:\/\/mont-roig.cat\/wp-content\/uploads\/CFGM-Informatica-1.jpg\"><img loading=\"lazy\" decoding=\"async\" aria-describedby=\"caption-attachment-27864\" class=\"wp-image-27864\" src=\"https:\/\/mont-roig.cat\/wp-content\/uploads\/CFGM-Informatica-1.jpg\" alt=\"\" width=\"300\" height=\"169\" srcset=\"https:\/\/mont-roig.cat\/wp-content\/uploads\/CFGM-Informatica-1.jpg 1920w, https:\/\/mont-roig.cat\/wp-content\/uploads\/CFGM-Informatica-1-500x281.jpg 500w, https:\/\/mont-roig.cat\/wp-content\/uploads\/CFGM-Informatica-1-768x432.jpg 768w, https:\/\/mont-roig.cat\/wp-content\/uploads\/CFGM-Informatica-1-1024x576.jpg 1024w\" sizes=\"auto, (max-width: 300px) 100vw, 300px\" \/><\/a><p id=\"caption-attachment-27864\" class=\"wp-caption-text\">Los alumnos del CFGM de Sistemas Microinform\u00e1ticos y Redes participaron en la Feria de la Formaci\u00f3n Profesional, Camins de FP 2018 en Tarragona para promocionar estos estudios<\/p><\/div>\n<div id=\"tw-target-text-container\" class=\"tw-ta-container tw-nfl\">\n<p id=\"tw-target-text\" class=\"tw-data-text tw-ta tw-text-small\" dir=\"ltr\" data-placeholder=\"Traducci\u00f3n\"><span lang=\"es\">El Instituto Antoni Ballester ofrece por segundo a\u00f1o consecutivo el Ciclo Formativo de Grado Medio de Sistemas Microinform\u00e1ticos y Redes. Se trata de unos estudios a trav\u00e9s de los cuales el alumnado aprender\u00e1 a instalar, configurar y mantener sistemas microinform\u00e1ticos, as\u00ed como redes locales en peque\u00f1os entornos.<\/span><\/p>\n<\/div>\n<div id=\"tw-target-text-container\" class=\"tw-ta-container tw-nfl\">\n<p id=\"tw-target-text\" class=\"tw-data-text tw-ta tw-text-small\" dir=\"ltr\" data-placeholder=\"Traducci\u00f3n\"><span lang=\"es\">La formaci\u00f3n es dual, es decir, el alumnado realiza una estancia en la empresa que cuenta con 1.042 horas remuneradas. En este sentido, cabe destacar que se realizan m\u00e1s horas de pr\u00e1cticas reales en la empresa y menos horas en clase.<\/span><\/p>\n<\/div>\n<p>Que salidas profesionales tiene el CFGM?<\/p>\n<ul>\n<li>T\u00e9cnico de redes de datos<\/li>\n<li>Reparador\/a de perif\u00e9ricos de sistemas microinform\u00e1ticos<\/li>\n<li>T\u00e9cnico\/ a instalador\/a y reparador\/a de equipos inform\u00e1ticos<\/li>\n<li>T\u00e9cnico\/a de soporte inform\u00e1tico<\/li>\n<li>Comercial de microinform\u00e1tica<\/li>\n<li>Operador\/a de teleasist\u00e9ncia<\/li>\n<li>Operador\/a de sistemas<\/li>\n<\/ul>\n<div id=\"tw-target-text-container\" class=\"tw-ta-container tw-nfl\">\n<p id=\"tw-target-text\" class=\"tw-data-text tw-ta tw-text-small\" dir=\"ltr\" data-placeholder=\"Traducci\u00f3n\"><span lang=\"es\">Las inscripciones finalizan el pr\u00f3ximo 24 de mayo y se pueden hacer al mismo Instituto Antoni Ballester de Mont-roig del Camp.<\/span><\/p>\n<\/div>\n<p>M\u00e1s info:<\/p>\n<p><a href=\"https:\/\/mont-roig.cat\/wp-content\/uploads\/DIPTIC-IABALLESTER-CFGM-SMX-FINAL.pdf\" target=\"_blank\" rel=\"noopener\">D\u00edptico CFGM Instituto Antoni Ballester<\/a><\/p>\n<p><a href=\"https:\/\/mont-roig.cat\/es\/?page_id=17008\" target=\"_blank\" rel=\"noopener\">Cicle Formatiu de Grau Mitj\u00e0 de Sistemes microinform\u00e0tics i xarxes DUAL<\/a><\/p>\n","protected":false},"excerpt":{"rendered":"<p>El Instituto Antoni Ballester ofrece por segundo a\u00f1o consecutivo el Ciclo Formativo de Grado Medio de Sistemas Microinform\u00e1ticos y Redes. Se trata de unos estudios a trav\u00e9s de los cuales el alumnado aprender\u00e1 a instalar, configurar y mantener sistemas microinform\u00e1ticos, as\u00ed como redes locales en peque\u00f1os entornos. La formaci\u00f3n es dual, es decir, el alumnado [&hellip;]<\/p>\n","protected":false},"author":4,"featured_media":27864,"comment_status":"closed","ping_status":"closed","sticky":false,"template":"","format":"standard","meta":{"inline_featured_image":false,"_monsterinsights_skip_tracking":false,"_monsterinsights_sitenote_active":false,"_monsterinsights_sitenote_note":"","_monsterinsights_sitenote_category":0,"footnotes":""},"categories":[103],"tags":[],"class_list":["post-27874","post","type-post","status-publish","format-standard","has-post-thumbnail","hentry","category-educacion"],"yoast_head":"<!-- This site is optimized with the Yoast SEO plugin v27.4 - https:\/\/yoast.com\/product\/yoast-seo-wordpress\/ -->\n<title>\u00daltimos d\u00edas para hacer las preinscripciones del CFGM de Sistemas Microinform\u00e1ticos y Redes - Ajuntament de Mont-roig del Camp<\/title>\n<meta name=\"robots\" content=\"index, follow, max-snippet:-1, max-image-preview:large, max-video-preview:-1\" \/>\n<link rel=\"canonical\" href=\"https:\/\/mont-roig.cat\/es\/actualitat\/noticies\/ultimos-dias-para-hacer-las-preinscripciones-del-cfgm-de-sistemas-microinformaticos-y-redes\/\" \/>\n<meta property=\"og:locale\" content=\"es_ES\" \/>\n<meta property=\"og:type\" content=\"article\" \/>\n<meta property=\"og:title\" content=\"\u00daltimos d\u00edas para hacer las preinscripciones del CFGM de Sistemas Microinform\u00e1ticos y Redes - Ajuntament de Mont-roig del Camp\" \/>\n<meta property=\"og:description\" content=\"El Instituto Antoni Ballester ofrece por segundo a\u00f1o consecutivo el Ciclo Formativo de Grado Medio de Sistemas Microinform\u00e1ticos y Redes. Se trata de unos estudios a trav\u00e9s de los cuales el alumnado aprender\u00e1 a instalar, configurar y mantener sistemas microinform\u00e1ticos, as\u00ed como redes locales en peque\u00f1os entornos. La formaci\u00f3n es dual, es decir, el alumnado [&hellip;]\" \/>\n<meta property=\"og:url\" content=\"https:\/\/mont-roig.cat\/es\/actualitat\/noticies\/ultimos-dias-para-hacer-las-preinscripciones-del-cfgm-de-sistemas-microinformaticos-y-redes\/\" \/>\n<meta property=\"og:site_name\" content=\"Ajuntament de Mont-roig del Camp\" \/>\n<meta property=\"article:published_time\" content=\"2018-05-22T06:34:00+00:00\" \/>\n<meta property=\"article:modified_time\" content=\"2018-05-22T07:51:48+00:00\" \/>\n<meta property=\"og:image\" content=\"https:\/\/mont-roig.cat\/wp-content\/uploads\/CFGM-Informatica-1.jpg\" \/>\n\t<meta property=\"og:image:width\" content=\"1920\" \/>\n\t<meta property=\"og:image:height\" content=\"1080\" \/>\n\t<meta property=\"og:image:type\" content=\"image\/jpeg\" \/>\n<meta name=\"author\" content=\"administrador\" \/>\n<meta name=\"twitter:card\" content=\"summary_large_image\" \/>\n<meta name=\"twitter:label1\" content=\"Escrito por\" \/>\n\t<meta name=\"twitter:data1\" content=\"administrador\" \/>\n\t<meta name=\"twitter:label2\" content=\"Tiempo de lectura\" \/>\n\t<meta name=\"twitter:data2\" content=\"1 minuto\" \/>\n<script type=\"application\/ld+json\" class=\"yoast-schema-graph\">{\"@context\":\"https:\\\/\\\/schema.org\",\"@graph\":[{\"@type\":\"Article\",\"@id\":\"https:\\\/\\\/mont-roig.cat\\\/es\\\/actualitat\\\/noticies\\\/ultimos-dias-para-hacer-las-preinscripciones-del-cfgm-de-sistemas-microinformaticos-y-redes\\\/#article\",\"isPartOf\":{\"@id\":\"https:\\\/\\\/mont-roig.cat\\\/es\\\/actualitat\\\/noticies\\\/ultimos-dias-para-hacer-las-preinscripciones-del-cfgm-de-sistemas-microinformaticos-y-redes\\\/\"},\"author\":{\"name\":\"administrador\",\"@id\":\"https:\\\/\\\/mont-roig.cat\\\/es\\\/#\\\/schema\\\/person\\\/f2b111789f22b7d0c3bd6786c9128cba\"},\"headline\":\"\u00daltimos d\u00edas para hacer las preinscripciones del CFGM de Sistemas Microinform\u00e1ticos y Redes\",\"datePublished\":\"2018-05-22T06:34:00+00:00\",\"dateModified\":\"2018-05-22T07:51:48+00:00\",\"mainEntityOfPage\":{\"@id\":\"https:\\\/\\\/mont-roig.cat\\\/es\\\/actualitat\\\/noticies\\\/ultimos-dias-para-hacer-las-preinscripciones-del-cfgm-de-sistemas-microinformaticos-y-redes\\\/\"},\"wordCount\":240,\"image\":{\"@id\":\"https:\\\/\\\/mont-roig.cat\\\/es\\\/actualitat\\\/noticies\\\/ultimos-dias-para-hacer-las-preinscripciones-del-cfgm-de-sistemas-microinformaticos-y-redes\\\/#primaryimage\"},\"thumbnailUrl\":\"https:\\\/\\\/mont-roig.cat\\\/wp-content\\\/uploads\\\/CFGM-Informatica-1.jpg\",\"articleSection\":[\"Educaci\u00f3n\"],\"inLanguage\":\"es\"},{\"@type\":\"WebPage\",\"@id\":\"https:\\\/\\\/mont-roig.cat\\\/es\\\/actualitat\\\/noticies\\\/ultimos-dias-para-hacer-las-preinscripciones-del-cfgm-de-sistemas-microinformaticos-y-redes\\\/\",\"url\":\"https:\\\/\\\/mont-roig.cat\\\/es\\\/actualitat\\\/noticies\\\/ultimos-dias-para-hacer-las-preinscripciones-del-cfgm-de-sistemas-microinformaticos-y-redes\\\/\",\"name\":\"\u00daltimos d\u00edas para hacer las preinscripciones del CFGM de Sistemas Microinform\u00e1ticos y Redes - Ajuntament de Mont-roig del Camp\",\"isPartOf\":{\"@id\":\"https:\\\/\\\/mont-roig.cat\\\/es\\\/#website\"},\"primaryImageOfPage\":{\"@id\":\"https:\\\/\\\/mont-roig.cat\\\/es\\\/actualitat\\\/noticies\\\/ultimos-dias-para-hacer-las-preinscripciones-del-cfgm-de-sistemas-microinformaticos-y-redes\\\/#primaryimage\"},\"image\":{\"@id\":\"https:\\\/\\\/mont-roig.cat\\\/es\\\/actualitat\\\/noticies\\\/ultimos-dias-para-hacer-las-preinscripciones-del-cfgm-de-sistemas-microinformaticos-y-redes\\\/#primaryimage\"},\"thumbnailUrl\":\"https:\\\/\\\/mont-roig.cat\\\/wp-content\\\/uploads\\\/CFGM-Informatica-1.jpg\",\"datePublished\":\"2018-05-22T06:34:00+00:00\",\"dateModified\":\"2018-05-22T07:51:48+00:00\",\"author\":{\"@id\":\"https:\\\/\\\/mont-roig.cat\\\/es\\\/#\\\/schema\\\/person\\\/f2b111789f22b7d0c3bd6786c9128cba\"},\"breadcrumb\":{\"@id\":\"https:\\\/\\\/mont-roig.cat\\\/es\\\/actualitat\\\/noticies\\\/ultimos-dias-para-hacer-las-preinscripciones-del-cfgm-de-sistemas-microinformaticos-y-redes\\\/#breadcrumb\"},\"inLanguage\":\"es\",\"potentialAction\":[{\"@type\":\"ReadAction\",\"target\":[\"https:\\\/\\\/mont-roig.cat\\\/es\\\/actualitat\\\/noticies\\\/ultimos-dias-para-hacer-las-preinscripciones-del-cfgm-de-sistemas-microinformaticos-y-redes\\\/\"]}]},{\"@type\":\"ImageObject\",\"inLanguage\":\"es\",\"@id\":\"https:\\\/\\\/mont-roig.cat\\\/es\\\/actualitat\\\/noticies\\\/ultimos-dias-para-hacer-las-preinscripciones-del-cfgm-de-sistemas-microinformaticos-y-redes\\\/#primaryimage\",\"url\":\"https:\\\/\\\/mont-roig.cat\\\/wp-content\\\/uploads\\\/CFGM-Informatica-1.jpg\",\"contentUrl\":\"https:\\\/\\\/mont-roig.cat\\\/wp-content\\\/uploads\\\/CFGM-Informatica-1.jpg\",\"width\":1920,\"height\":1080},{\"@type\":\"BreadcrumbList\",\"@id\":\"https:\\\/\\\/mont-roig.cat\\\/es\\\/actualitat\\\/noticies\\\/ultimos-dias-para-hacer-las-preinscripciones-del-cfgm-de-sistemas-microinformaticos-y-redes\\\/#breadcrumb\",\"itemListElement\":[{\"@type\":\"ListItem\",\"position\":1,\"name\":\"Inici\",\"item\":\"https:\\\/\\\/mont-roig.cat\\\/es\\\/pagina-de-inicio\\\/\"},{\"@type\":\"ListItem\",\"position\":2,\"name\":\"\u00daltimos d\u00edas para hacer las preinscripciones del CFGM de Sistemas Microinform\u00e1ticos y Redes\"}]},{\"@type\":\"WebSite\",\"@id\":\"https:\\\/\\\/mont-roig.cat\\\/es\\\/#website\",\"url\":\"https:\\\/\\\/mont-roig.cat\\\/es\\\/\",\"name\":\"Ajuntament de Mont-roig del Camp\",\"description\":\"Tota la informaci\u00f3 sobre la instituci\u00f3, els seus \u00f2rgans de govern, actualitat, serveis i molt m\u00e9s.\",\"potentialAction\":[{\"@type\":\"SearchAction\",\"target\":{\"@type\":\"EntryPoint\",\"urlTemplate\":\"https:\\\/\\\/mont-roig.cat\\\/es\\\/?s={search_term_string}\"},\"query-input\":{\"@type\":\"PropertyValueSpecification\",\"valueRequired\":true,\"valueName\":\"search_term_string\"}}],\"inLanguage\":\"es\"},{\"@type\":\"Person\",\"@id\":\"https:\\\/\\\/mont-roig.cat\\\/es\\\/#\\\/schema\\\/person\\\/f2b111789f22b7d0c3bd6786c9128cba\",\"name\":\"administrador\",\"image\":{\"@type\":\"ImageObject\",\"inLanguage\":\"es\",\"@id\":\"https:\\\/\\\/secure.gravatar.com\\\/avatar\\\/9137aac6891e2595c9d3036fd83bcb653b4db3c946db4c7d9b9be193c3c944bb?s=96&d=mm&r=g\",\"url\":\"https:\\\/\\\/secure.gravatar.com\\\/avatar\\\/9137aac6891e2595c9d3036fd83bcb653b4db3c946db4c7d9b9be193c3c944bb?s=96&d=mm&r=g\",\"contentUrl\":\"https:\\\/\\\/secure.gravatar.com\\\/avatar\\\/9137aac6891e2595c9d3036fd83bcb653b4db3c946db4c7d9b9be193c3c944bb?s=96&d=mm&r=g\",\"caption\":\"administrador\"},\"url\":\"https:\\\/\\\/mont-roig.cat\\\/es\\\/actualitat\\\/noticies\\\/author\\\/administrador\\\/\"}]}<\/script>\n<!-- \/ Yoast SEO plugin. -->","yoast_head_json":{"title":"\u00daltimos d\u00edas para hacer las preinscripciones del CFGM de Sistemas Microinform\u00e1ticos y Redes - Ajuntament de Mont-roig del Camp","robots":{"index":"index","follow":"follow","max-snippet":"max-snippet:-1","max-image-preview":"max-image-preview:large","max-video-preview":"max-video-preview:-1"},"canonical":"https:\/\/mont-roig.cat\/es\/actualitat\/noticies\/ultimos-dias-para-hacer-las-preinscripciones-del-cfgm-de-sistemas-microinformaticos-y-redes\/","og_locale":"es_ES","og_type":"article","og_title":"\u00daltimos d\u00edas para hacer las preinscripciones del CFGM de Sistemas Microinform\u00e1ticos y Redes - Ajuntament de Mont-roig del Camp","og_description":"El Instituto Antoni Ballester ofrece por segundo a\u00f1o consecutivo el Ciclo Formativo de Grado Medio de Sistemas Microinform\u00e1ticos y Redes. Se trata de unos estudios a trav\u00e9s de los cuales el alumnado aprender\u00e1 a instalar, configurar y mantener sistemas microinform\u00e1ticos, as\u00ed como redes locales en peque\u00f1os entornos. La formaci\u00f3n es dual, es decir, el alumnado [&hellip;]","og_url":"https:\/\/mont-roig.cat\/es\/actualitat\/noticies\/ultimos-dias-para-hacer-las-preinscripciones-del-cfgm-de-sistemas-microinformaticos-y-redes\/","og_site_name":"Ajuntament de Mont-roig del Camp","article_published_time":"2018-05-22T06:34:00+00:00","article_modified_time":"2018-05-22T07:51:48+00:00","og_image":[{"width":1920,"height":1080,"url":"https:\/\/mont-roig.cat\/wp-content\/uploads\/CFGM-Informatica-1.jpg","type":"image\/jpeg"}],"author":"administrador","twitter_card":"summary_large_image","twitter_misc":{"Escrito por":"administrador","Tiempo de lectura":"1 minuto"},"schema":{"@context":"https:\/\/schema.org","@graph":[{"@type":"Article","@id":"https:\/\/mont-roig.cat\/es\/actualitat\/noticies\/ultimos-dias-para-hacer-las-preinscripciones-del-cfgm-de-sistemas-microinformaticos-y-redes\/#article","isPartOf":{"@id":"https:\/\/mont-roig.cat\/es\/actualitat\/noticies\/ultimos-dias-para-hacer-las-preinscripciones-del-cfgm-de-sistemas-microinformaticos-y-redes\/"},"author":{"name":"administrador","@id":"https:\/\/mont-roig.cat\/es\/#\/schema\/person\/f2b111789f22b7d0c3bd6786c9128cba"},"headline":"\u00daltimos d\u00edas para hacer las preinscripciones del CFGM de Sistemas Microinform\u00e1ticos y Redes","datePublished":"2018-05-22T06:34:00+00:00","dateModified":"2018-05-22T07:51:48+00:00","mainEntityOfPage":{"@id":"https:\/\/mont-roig.cat\/es\/actualitat\/noticies\/ultimos-dias-para-hacer-las-preinscripciones-del-cfgm-de-sistemas-microinformaticos-y-redes\/"},"wordCount":240,"image":{"@id":"https:\/\/mont-roig.cat\/es\/actualitat\/noticies\/ultimos-dias-para-hacer-las-preinscripciones-del-cfgm-de-sistemas-microinformaticos-y-redes\/#primaryimage"},"thumbnailUrl":"https:\/\/mont-roig.cat\/wp-content\/uploads\/CFGM-Informatica-1.jpg","articleSection":["Educaci\u00f3n"],"inLanguage":"es"},{"@type":"WebPage","@id":"https:\/\/mont-roig.cat\/es\/actualitat\/noticies\/ultimos-dias-para-hacer-las-preinscripciones-del-cfgm-de-sistemas-microinformaticos-y-redes\/","url":"https:\/\/mont-roig.cat\/es\/actualitat\/noticies\/ultimos-dias-para-hacer-las-preinscripciones-del-cfgm-de-sistemas-microinformaticos-y-redes\/","name":"\u00daltimos d\u00edas para hacer las preinscripciones del CFGM de Sistemas Microinform\u00e1ticos y Redes - Ajuntament de Mont-roig del Camp","isPartOf":{"@id":"https:\/\/mont-roig.cat\/es\/#website"},"primaryImageOfPage":{"@id":"https:\/\/mont-roig.cat\/es\/actualitat\/noticies\/ultimos-dias-para-hacer-las-preinscripciones-del-cfgm-de-sistemas-microinformaticos-y-redes\/#primaryimage"},"image":{"@id":"https:\/\/mont-roig.cat\/es\/actualitat\/noticies\/ultimos-dias-para-hacer-las-preinscripciones-del-cfgm-de-sistemas-microinformaticos-y-redes\/#primaryimage"},"thumbnailUrl":"https:\/\/mont-roig.cat\/wp-content\/uploads\/CFGM-Informatica-1.jpg","datePublished":"2018-05-22T06:34:00+00:00","dateModified":"2018-05-22T07:51:48+00:00","author":{"@id":"https:\/\/mont-roig.cat\/es\/#\/schema\/person\/f2b111789f22b7d0c3bd6786c9128cba"},"breadcrumb":{"@id":"https:\/\/mont-roig.cat\/es\/actualitat\/noticies\/ultimos-dias-para-hacer-las-preinscripciones-del-cfgm-de-sistemas-microinformaticos-y-redes\/#breadcrumb"},"inLanguage":"es","potentialAction":[{"@type":"ReadAction","target":["https:\/\/mont-roig.cat\/es\/actualitat\/noticies\/ultimos-dias-para-hacer-las-preinscripciones-del-cfgm-de-sistemas-microinformaticos-y-redes\/"]}]},{"@type":"ImageObject","inLanguage":"es","@id":"https:\/\/mont-roig.cat\/es\/actualitat\/noticies\/ultimos-dias-para-hacer-las-preinscripciones-del-cfgm-de-sistemas-microinformaticos-y-redes\/#primaryimage","url":"https:\/\/mont-roig.cat\/wp-content\/uploads\/CFGM-Informatica-1.jpg","contentUrl":"https:\/\/mont-roig.cat\/wp-content\/uploads\/CFGM-Informatica-1.jpg","width":1920,"height":1080},{"@type":"BreadcrumbList","@id":"https:\/\/mont-roig.cat\/es\/actualitat\/noticies\/ultimos-dias-para-hacer-las-preinscripciones-del-cfgm-de-sistemas-microinformaticos-y-redes\/#breadcrumb","itemListElement":[{"@type":"ListItem","position":1,"name":"Inici","item":"https:\/\/mont-roig.cat\/es\/pagina-de-inicio\/"},{"@type":"ListItem","position":2,"name":"\u00daltimos d\u00edas para hacer las preinscripciones del CFGM de Sistemas Microinform\u00e1ticos y Redes"}]},{"@type":"WebSite","@id":"https:\/\/mont-roig.cat\/es\/#website","url":"https:\/\/mont-roig.cat\/es\/","name":"Ajuntament de Mont-roig del Camp","description":"Tota la informaci\u00f3 sobre la instituci\u00f3, els seus \u00f2rgans de govern, actualitat, serveis i molt m\u00e9s.","potentialAction":[{"@type":"SearchAction","target":{"@type":"EntryPoint","urlTemplate":"https:\/\/mont-roig.cat\/es\/?s={search_term_string}"},"query-input":{"@type":"PropertyValueSpecification","valueRequired":true,"valueName":"search_term_string"}}],"inLanguage":"es"},{"@type":"Person","@id":"https:\/\/mont-roig.cat\/es\/#\/schema\/person\/f2b111789f22b7d0c3bd6786c9128cba","name":"administrador","image":{"@type":"ImageObject","inLanguage":"es","@id":"https:\/\/secure.gravatar.com\/avatar\/9137aac6891e2595c9d3036fd83bcb653b4db3c946db4c7d9b9be193c3c944bb?s=96&d=mm&r=g","url":"https:\/\/secure.gravatar.com\/avatar\/9137aac6891e2595c9d3036fd83bcb653b4db3c946db4c7d9b9be193c3c944bb?s=96&d=mm&r=g","contentUrl":"https:\/\/secure.gravatar.com\/avatar\/9137aac6891e2595c9d3036fd83bcb653b4db3c946db4c7d9b9be193c3c944bb?s=96&d=mm&r=g","caption":"administrador"},"url":"https:\/\/mont-roig.cat\/es\/actualitat\/noticies\/author\/administrador\/"}]}},"_links":{"self":[{"href":"https:\/\/mont-roig.cat\/es\/wp-json\/wp\/v2\/posts\/27874","targetHints":{"allow":["GET"]}}],"collection":[{"href":"https:\/\/mont-roig.cat\/es\/wp-json\/wp\/v2\/posts"}],"about":[{"href":"https:\/\/mont-roig.cat\/es\/wp-json\/wp\/v2\/types\/post"}],"author":[{"embeddable":true,"href":"https:\/\/mont-roig.cat\/es\/wp-json\/wp\/v2\/users\/4"}],"replies":[{"embeddable":true,"href":"https:\/\/mont-roig.cat\/es\/wp-json\/wp\/v2\/comments?post=27874"}],"version-history":[{"count":4,"href":"https:\/\/mont-roig.cat\/es\/wp-json\/wp\/v2\/posts\/27874\/revisions"}],"predecessor-version":[{"id":27880,"href":"https:\/\/mont-roig.cat\/es\/wp-json\/wp\/v2\/posts\/27874\/revisions\/27880"}],"wp:featuredmedia":[{"embeddable":true,"href":"https:\/\/mont-roig.cat\/es\/wp-json\/wp\/v2\/media\/27864"}],"wp:attachment":[{"href":"https:\/\/mont-roig.cat\/es\/wp-json\/wp\/v2\/media?parent=27874"}],"wp:term":[{"taxonomy":"category","embeddable":true,"href":"https:\/\/mont-roig.cat\/es\/wp-json\/wp\/v2\/categories?post=27874"},{"taxonomy":"post_tag","embeddable":true,"href":"https:\/\/mont-roig.cat\/es\/wp-json\/wp\/v2\/tags?post=27874"}],"curies":[{"name":"wp","href":"https:\/\/api.w.org\/{rel}","templated":true}]}}