{"id":27921,"date":"2018-05-25T14:46:15","date_gmt":"2018-05-25T12:46:15","guid":{"rendered":"https:\/\/mont-roig.cat\/?p=27921"},"modified":"2018-05-25T14:46:15","modified_gmt":"2018-05-25T12:46:15","slug":"mont-roig-del-camp-y-vandellos-i-lhospitalet-de-linfant-se-unen-al-plan-integral-de-ecovidrio-para-incrementar-el-reciclado-de-vidrio-en-verano","status":"publish","type":"post","link":"https:\/\/mont-roig.cat\/es\/actualitat\/noticies\/mont-roig-del-camp-y-vandellos-i-lhospitalet-de-linfant-se-unen-al-plan-integral-de-ecovidrio-para-incrementar-el-reciclado-de-vidrio-en-verano\/","title":{"rendered":"Mont-roig del Camp  y Vandell\u00f2s i l\u2019Hospitalet de l\u2019Infant se unen al plan integral de Ecovidrio para incrementar el reciclado de vidrio en verano"},"content":{"rendered":"<ul>\n<li><strong>M\u00e1s de 140 establecimientos hosteleros de la l\u00ednea de costa de Mont-roig del Camp y de Vandell\u00f2s i l&#8217;Hospitalet de l&#8217;Infant participar\u00e1n en la campa\u00f1a \u2018Toma nota, recicla vidrio\u2019<\/strong><\/li>\n<li><strong>La colaboraci\u00f3n de la hosteler\u00eda, que genera casi el 50% de los residuos de envases de vidrio de un solo uso, es clave para incrementar la tasa de reciclado<\/strong><\/li>\n<li><strong>Ecovidrio realizar\u00e1 m\u00e1s de 400 visitas de informaci\u00f3n y sensibilizaci\u00f3n a los profesionales hosteleros e instalar\u00e1 60 contenedores nuevos para facilitar el reciclaje de envases de vidrio<\/strong><\/li>\n<\/ul>\n<div id=\"attachment_27919\" style=\"width: 310px\" class=\"wp-caption alignright\"><a href=\"https:\/\/mont-roig.cat\/wp-content\/uploads\/IMG_1821.jpg\"><img loading=\"lazy\" decoding=\"async\" aria-describedby=\"caption-attachment-27919\" class=\"wp-image-27919\" src=\"https:\/\/mont-roig.cat\/wp-content\/uploads\/IMG_1821.jpg\" alt=\"\" width=\"300\" height=\"225\" srcset=\"https:\/\/mont-roig.cat\/wp-content\/uploads\/IMG_1821.jpg 1920w, https:\/\/mont-roig.cat\/wp-content\/uploads\/IMG_1821-500x375.jpg 500w, https:\/\/mont-roig.cat\/wp-content\/uploads\/IMG_1821-768x576.jpg 768w, https:\/\/mont-roig.cat\/wp-content\/uploads\/IMG_1821-1024x768.jpg 1024w, https:\/\/mont-roig.cat\/wp-content\/uploads\/IMG_1821-463x348.jpg 463w\" sizes=\"auto, (max-width: 300px) 100vw, 300px\" \/><\/a><p id=\"caption-attachment-27919\" class=\"wp-caption-text\">Alfons Garcia, alcalde de Vandell\u00f2s i l&#8217;Hospitalet de l&#8217;Infant; Josep Maria Tost, director de la Ag\u00e8ncia de Residus de Catalunya; Fran Morancho, alcalde de Mont-roig del Camp y Jos\u00e9 Fuster, director de Operaciones de Ecovidrio<\/p><\/div>\n<p>Mont-roig del Camp y Vandell\u00f2s i l&#8217;Hospitalet de l&#8217;Infant se han unido al Plan integral de Ecovidrio, entidad sin \u00e1nimo de lucro encargada del reciclaje de envases de vidrio, para incrementar el reciclaje de estos residuos en los establecimientos hosteleros durante el verano. La campa\u00f1a se ha presentado en L\u2019Hospitalet de l\u2019Infant en un acto que ha contado con la asistencia de Josep Maria Tost, director de la Ag\u00e8ncia de Residus de Catalunya; Alfons Garcia, alcalde de Vandell\u00f2s i l\u2019Hospitalet de l\u2019Infant; Fran Morancho, alcalde de Mont-roig del Camp; y Jos\u00e9 Fuster, director de Operaciones de Ecovidrio. Tambi\u00e9n estaban presentes representantes de Secomsa, que colabora con la campa\u00f1a encarg\u00e1ndose de las cuestiones log\u00edsticas y de la gesti\u00f3n de los residuos en estos municipios.<\/p>\n<p>El verano es una \u00e9poca fundamental para incrementar el reciclaje de envases vidrio. El impacto del turismo y el aumento poblacional, as\u00ed como el incremento del consumo en el sector hostelero, conllevan que a lo largo de este periodo se recicle aproximadamente el 30% del de los residuos de envases de vidrio de todo el a\u00f1o. Adem\u00e1s, la colaboraci\u00f3n del sector hostelero es clave ya que genera casi el 50% de los residuos de envases de vidrio de un solo uso.<\/p>\n<p><strong>\u2018Toma nota, recicla vidrio\u2019: una iniciativa por la hosteler\u00eda sostenible <\/strong><\/p>\n<p>La campa\u00f1a \u2018Toma nota, recicla vidrio\u2019 alcanzar\u00e1 a 142 establecimientos hosteleros de la l\u00ednea de costa de Mont-roig del Camp (concretamente del n\u00facleo de Miami Platja y de la urbanizaci\u00f3n Mont-roig Badia) y de Vandell\u00f2s i l\u2019Hospitalet de l\u2019Infant (en concreto, de los n\u00facleos de L&#8217;Hospitalet de l&#8217;Infant y de L\u2019Almadrava). Con el objetivo de movilizar a los profesionales de este sector, Ecovidrio realizar\u00e1 m\u00e1s de 400 de visitas de informaci\u00f3n y sensibilizaci\u00f3n durante el periodo estival. Adem\u00e1s, la entidad instalar\u00e1 un total de 31 nuevos contenedores, 18 en Miami Platja y Mont-roig Badia y 13 en L&#8217;Hospitalet de l&#8217;Infant i L\u2019Almadrava. Asimismo, entregar\u00e1 150 cubos para facilitar el transporte de los residuos de envases de vidrio.<\/p>\n<p>Los establecimientos adheridos a la iniciativa competir\u00e1n durante el verano y podr\u00e1n seguir su posici\u00f3n en el ranking a trav\u00e9s de la web <a href=\"http:\/\/www.tomanotareciclavidrio.es\/\">www.tomanotareciclavidrio.es<\/a>. Los locales m\u00e1s comprometidos con el reciclaje de envases de vidrio y que alcancen mayor puntuaci\u00f3n, recibir\u00e1n como premio una clase magistral con un chef reconocido con tres Estrellas Michel\u00edn.<\/p>\n<p><strong>Reto para incrementar el reciclaje<\/strong><\/p>\n<p>Para movilizar a la ciudadan\u00eda, Ecovidrio decorar\u00e1 24 contenedores, 15 en el n\u00facleo de Miami Platja y la urbanizaci\u00f3n Mont-roig Badia y 9 en L&#8217;Hospitalet de l&#8217;Infant, con motivos veraniegos. Adem\u00e1s, la entidad otorgar\u00e1 a los municipios que superen el reto de incrementar el reciclado de envases de vidrio un reconocimiento.<\/p>\n<p><strong>Econom\u00eda circular y lucha contra el cambio clim\u00e1tico <\/strong><\/p>\n<p>En un momento clave ante la trasposici\u00f3n de la Directiva europea de Envases y Residuos de Envases y el objetivo de reciclar el 55% de los residuos municipales en 2025, el reciclaje de envases de vidrio ha logrado alcanzar una tasa del 73% seg\u00fan la \u00faltima estimaci\u00f3n de Ecovidrio.<\/p>\n<p>El reciclaje de envases de vidrio se consolida como un elemento esencial en la lucha contra la sobreexplotaci\u00f3n de los recursos y el cambio clim\u00e1tico.\u00a0 En este sentido, la colaboraci\u00f3n de ayuntamientos, entidades locales y administraciones p\u00fablicas en general ser\u00e1 clave para garantizar la transici\u00f3n hacia la econom\u00eda circular.<\/p>\n<p>Los municipios de Mont-roig del Camp y de Vandell\u00f2s i l&#8217;Hospitalet de l&#8217;Infant deber\u00e1n incrementar el reciclado de envases de vidrio y, en el caso de cumplir las previsiones, lograr\u00edan:<\/p>\n<ul>\n<li>Evitar las emisiones de CO2 equivalentes a plantar 230 \u00e1rboles y preservarlos durante100 a\u00f1os.<\/li>\n<li>Evitar la extracci\u00f3n de casi 300 toneladas de materias primas de la naturaleza.<\/li>\n<li>Ahorrar 540 MWh de energ\u00eda en la fabricaci\u00f3n de nuevos envases.<\/li>\n<\/ul>\n\n\t\t<style type=\"text\/css\">\n\t\t\t#gallery-1 {\n\t\t\t\tmargin: auto;\n\t\t\t}\n\t\t\t#gallery-1 .gallery-item {\n\t\t\t\tfloat: left;\n\t\t\t\tmargin-top: 10px;\n\t\t\t\ttext-align: center;\n\t\t\t\twidth: 33%;\n\t\t\t}\n\t\t\t#gallery-1 img {\n\t\t\t\tborder: 2px solid #cfcfcf;\n\t\t\t}\n\t\t\t#gallery-1 .gallery-caption {\n\t\t\t\tmargin-left: 0;\n\t\t\t}\n\t\t\t\/* see gallery_shortcode() in wp-includes\/media.php *\/\n\t\t<\/style>\n\t\t<div id='gallery-1' class='gallery galleryid-27921 gallery-columns-3 gallery-size-thumbnail'><dl class='gallery-item'>\n\t\t\t<dt class='gallery-icon landscape'>\n\t\t\t\t<a href='https:\/\/mont-roig.cat\/wp-content\/uploads\/DSCN2521.jpg'><img loading=\"lazy\" decoding=\"async\" width=\"50\" height=\"50\" src=\"https:\/\/mont-roig.cat\/wp-content\/uploads\/DSCN2521-50x50.jpg\" class=\"attachment-thumbnail size-thumbnail\" alt=\"\" srcset=\"https:\/\/mont-roig.cat\/wp-content\/uploads\/DSCN2521-50x50.jpg 50w, https:\/\/mont-roig.cat\/wp-content\/uploads\/DSCN2521-560x560.jpg 560w, https:\/\/mont-roig.cat\/wp-content\/uploads\/DSCN2521-367x367.jpg 367w, https:\/\/mont-roig.cat\/wp-content\/uploads\/DSCN2521-450x450.jpg 450w, https:\/\/mont-roig.cat\/wp-content\/uploads\/DSCN2521-85x85.jpg 85w, https:\/\/mont-roig.cat\/wp-content\/uploads\/DSCN2521-45x45.jpg 45w\" sizes=\"auto, (max-width: 50px) 100vw, 50px\" \/><\/a>\n\t\t\t<\/dt><\/dl><dl class='gallery-item'>\n\t\t\t<dt class='gallery-icon landscape'>\n\t\t\t\t<a href='https:\/\/mont-roig.cat\/wp-content\/uploads\/DSCN2519.jpg'><img loading=\"lazy\" decoding=\"async\" width=\"50\" height=\"50\" src=\"https:\/\/mont-roig.cat\/wp-content\/uploads\/DSCN2519-50x50.jpg\" class=\"attachment-thumbnail size-thumbnail\" alt=\"\" srcset=\"https:\/\/mont-roig.cat\/wp-content\/uploads\/DSCN2519-50x50.jpg 50w, https:\/\/mont-roig.cat\/wp-content\/uploads\/DSCN2519-560x560.jpg 560w, https:\/\/mont-roig.cat\/wp-content\/uploads\/DSCN2519-367x367.jpg 367w, https:\/\/mont-roig.cat\/wp-content\/uploads\/DSCN2519-450x450.jpg 450w, https:\/\/mont-roig.cat\/wp-content\/uploads\/DSCN2519-85x85.jpg 85w, https:\/\/mont-roig.cat\/wp-content\/uploads\/DSCN2519-45x45.jpg 45w\" sizes=\"auto, (max-width: 50px) 100vw, 50px\" \/><\/a>\n\t\t\t<\/dt><\/dl><dl class='gallery-item'>\n\t\t\t<dt class='gallery-icon landscape'>\n\t\t\t\t<a href='https:\/\/mont-roig.cat\/wp-content\/uploads\/DSCN2525.jpg'><img loading=\"lazy\" decoding=\"async\" width=\"50\" height=\"50\" src=\"https:\/\/mont-roig.cat\/wp-content\/uploads\/DSCN2525-50x50.jpg\" class=\"attachment-thumbnail size-thumbnail\" alt=\"\" srcset=\"https:\/\/mont-roig.cat\/wp-content\/uploads\/DSCN2525-50x50.jpg 50w, https:\/\/mont-roig.cat\/wp-content\/uploads\/DSCN2525-560x560.jpg 560w, https:\/\/mont-roig.cat\/wp-content\/uploads\/DSCN2525-367x367.jpg 367w, https:\/\/mont-roig.cat\/wp-content\/uploads\/DSCN2525-450x450.jpg 450w, https:\/\/mont-roig.cat\/wp-content\/uploads\/DSCN2525-85x85.jpg 85w, https:\/\/mont-roig.cat\/wp-content\/uploads\/DSCN2525-45x45.jpg 45w\" sizes=\"auto, (max-width: 50px) 100vw, 50px\" \/><\/a>\n\t\t\t<\/dt><\/dl><br style=\"clear: both\" \/><dl class='gallery-item'>\n\t\t\t<dt class='gallery-icon landscape'>\n\t\t\t\t<a href='https:\/\/mont-roig.cat\/wp-content\/uploads\/DSCN2533.jpg'><img loading=\"lazy\" decoding=\"async\" width=\"50\" height=\"50\" src=\"https:\/\/mont-roig.cat\/wp-content\/uploads\/DSCN2533-50x50.jpg\" class=\"attachment-thumbnail size-thumbnail\" alt=\"\" srcset=\"https:\/\/mont-roig.cat\/wp-content\/uploads\/DSCN2533-50x50.jpg 50w, https:\/\/mont-roig.cat\/wp-content\/uploads\/DSCN2533-560x560.jpg 560w, https:\/\/mont-roig.cat\/wp-content\/uploads\/DSCN2533-367x367.jpg 367w, https:\/\/mont-roig.cat\/wp-content\/uploads\/DSCN2533-450x450.jpg 450w, https:\/\/mont-roig.cat\/wp-content\/uploads\/DSCN2533-85x85.jpg 85w, https:\/\/mont-roig.cat\/wp-content\/uploads\/DSCN2533-45x45.jpg 45w\" sizes=\"auto, (max-width: 50px) 100vw, 50px\" \/><\/a>\n\t\t\t<\/dt><\/dl><dl class='gallery-item'>\n\t\t\t<dt class='gallery-icon landscape'>\n\t\t\t\t<a href='https:\/\/mont-roig.cat\/wp-content\/uploads\/DSCN2534.jpg'><img loading=\"lazy\" decoding=\"async\" width=\"50\" height=\"50\" src=\"https:\/\/mont-roig.cat\/wp-content\/uploads\/DSCN2534-50x50.jpg\" class=\"attachment-thumbnail size-thumbnail\" alt=\"\" srcset=\"https:\/\/mont-roig.cat\/wp-content\/uploads\/DSCN2534-50x50.jpg 50w, https:\/\/mont-roig.cat\/wp-content\/uploads\/DSCN2534-560x560.jpg 560w, https:\/\/mont-roig.cat\/wp-content\/uploads\/DSCN2534-367x367.jpg 367w, https:\/\/mont-roig.cat\/wp-content\/uploads\/DSCN2534-450x450.jpg 450w, https:\/\/mont-roig.cat\/wp-content\/uploads\/DSCN2534-85x85.jpg 85w, https:\/\/mont-roig.cat\/wp-content\/uploads\/DSCN2534-45x45.jpg 45w\" sizes=\"auto, (max-width: 50px) 100vw, 50px\" \/><\/a>\n\t\t\t<\/dt><\/dl><dl class='gallery-item'>\n\t\t\t<dt class='gallery-icon landscape'>\n\t\t\t\t<a href='https:\/\/mont-roig.cat\/wp-content\/uploads\/DSCN2538.jpg'><img loading=\"lazy\" decoding=\"async\" width=\"50\" height=\"50\" src=\"https:\/\/mont-roig.cat\/wp-content\/uploads\/DSCN2538-50x50.jpg\" class=\"attachment-thumbnail size-thumbnail\" alt=\"\" srcset=\"https:\/\/mont-roig.cat\/wp-content\/uploads\/DSCN2538-50x50.jpg 50w, https:\/\/mont-roig.cat\/wp-content\/uploads\/DSCN2538-560x560.jpg 560w, https:\/\/mont-roig.cat\/wp-content\/uploads\/DSCN2538-367x367.jpg 367w, https:\/\/mont-roig.cat\/wp-content\/uploads\/DSCN2538-450x450.jpg 450w, https:\/\/mont-roig.cat\/wp-content\/uploads\/DSCN2538-85x85.jpg 85w, https:\/\/mont-roig.cat\/wp-content\/uploads\/DSCN2538-45x45.jpg 45w\" sizes=\"auto, (max-width: 50px) 100vw, 50px\" \/><\/a>\n\t\t\t<\/dt><\/dl><br style=\"clear: both\" \/>\n\t\t<\/div>\n\n","protected":false},"excerpt":{"rendered":"<p>M\u00e1s de 140 establecimientos hosteleros de la l\u00ednea de costa de Mont-roig del Camp y de Vandell\u00f2s i l&#8217;Hospitalet de l&#8217;Infant participar\u00e1n en la campa\u00f1a \u2018Toma nota, recicla vidrio\u2019 La colaboraci\u00f3n de la hosteler\u00eda, que genera casi el 50% de los residuos de envases de vidrio de un solo uso, es clave para incrementar la [&hellip;]<\/p>\n","protected":false},"author":4,"featured_media":27919,"comment_status":"closed","ping_status":"closed","sticky":false,"template":"","format":"standard","meta":{"inline_featured_image":false,"_monsterinsights_skip_tracking":false,"_monsterinsights_sitenote_active":false,"_monsterinsights_sitenote_note":"","_monsterinsights_sitenote_category":0,"footnotes":""},"categories":[143],"tags":[],"class_list":["post-27921","post","type-post","status-publish","format-standard","has-post-thumbnail","hentry","category-residuos-es"],"yoast_head":"<!-- This site is optimized with the Yoast SEO plugin v27.4 - https:\/\/yoast.com\/product\/yoast-seo-wordpress\/ -->\n<title>Mont-roig del Camp y Vandell\u00f2s i l\u2019Hospitalet de l\u2019Infant se unen al plan integral de Ecovidrio para incrementar el reciclado de vidrio en verano - Ajuntament de Mont-roig del Camp<\/title>\n<meta name=\"robots\" content=\"index, follow, max-snippet:-1, max-image-preview:large, max-video-preview:-1\" \/>\n<link rel=\"canonical\" href=\"https:\/\/mont-roig.cat\/es\/actualitat\/noticies\/mont-roig-del-camp-y-vandellos-i-lhospitalet-de-linfant-se-unen-al-plan-integral-de-ecovidrio-para-incrementar-el-reciclado-de-vidrio-en-verano\/\" \/>\n<meta property=\"og:locale\" content=\"es_ES\" \/>\n<meta property=\"og:type\" content=\"article\" \/>\n<meta property=\"og:title\" content=\"Mont-roig del Camp y Vandell\u00f2s i l\u2019Hospitalet de l\u2019Infant se unen al plan integral de Ecovidrio para incrementar el reciclado de vidrio en verano - Ajuntament de Mont-roig del Camp\" \/>\n<meta property=\"og:description\" content=\"M\u00e1s de 140 establecimientos hosteleros de la l\u00ednea de costa de Mont-roig del Camp y de Vandell\u00f2s i l&#8217;Hospitalet de l&#8217;Infant participar\u00e1n en la campa\u00f1a \u2018Toma nota, recicla vidrio\u2019 La colaboraci\u00f3n de la hosteler\u00eda, que genera casi el 50% de los residuos de envases de vidrio de un solo uso, es clave para incrementar la [&hellip;]\" \/>\n<meta property=\"og:url\" content=\"https:\/\/mont-roig.cat\/es\/actualitat\/noticies\/mont-roig-del-camp-y-vandellos-i-lhospitalet-de-linfant-se-unen-al-plan-integral-de-ecovidrio-para-incrementar-el-reciclado-de-vidrio-en-verano\/\" \/>\n<meta property=\"og:site_name\" content=\"Ajuntament de Mont-roig del Camp\" \/>\n<meta property=\"article:published_time\" content=\"2018-05-25T12:46:15+00:00\" \/>\n<meta property=\"og:image\" content=\"https:\/\/mont-roig.cat\/wp-content\/uploads\/IMG_1821.jpg\" \/>\n\t<meta property=\"og:image:width\" content=\"1920\" \/>\n\t<meta property=\"og:image:height\" content=\"1440\" \/>\n\t<meta property=\"og:image:type\" content=\"image\/jpeg\" \/>\n<meta name=\"author\" content=\"administrador\" \/>\n<meta name=\"twitter:card\" content=\"summary_large_image\" \/>\n<meta name=\"twitter:label1\" content=\"Escrito por\" \/>\n\t<meta name=\"twitter:data1\" content=\"administrador\" \/>\n\t<meta name=\"twitter:label2\" content=\"Tiempo de lectura\" \/>\n\t<meta name=\"twitter:data2\" content=\"4 minutos\" \/>\n<script type=\"application\/ld+json\" class=\"yoast-schema-graph\">{\"@context\":\"https:\\\/\\\/schema.org\",\"@graph\":[{\"@type\":\"Article\",\"@id\":\"https:\\\/\\\/mont-roig.cat\\\/es\\\/actualitat\\\/noticies\\\/mont-roig-del-camp-y-vandellos-i-lhospitalet-de-linfant-se-unen-al-plan-integral-de-ecovidrio-para-incrementar-el-reciclado-de-vidrio-en-verano\\\/#article\",\"isPartOf\":{\"@id\":\"https:\\\/\\\/mont-roig.cat\\\/es\\\/actualitat\\\/noticies\\\/mont-roig-del-camp-y-vandellos-i-lhospitalet-de-linfant-se-unen-al-plan-integral-de-ecovidrio-para-incrementar-el-reciclado-de-vidrio-en-verano\\\/\"},\"author\":{\"name\":\"administrador\",\"@id\":\"https:\\\/\\\/mont-roig.cat\\\/es\\\/#\\\/schema\\\/person\\\/f2b111789f22b7d0c3bd6786c9128cba\"},\"headline\":\"Mont-roig del Camp y Vandell\u00f2s i l\u2019Hospitalet de l\u2019Infant se unen al plan integral de Ecovidrio para incrementar el reciclado de vidrio en verano\",\"datePublished\":\"2018-05-25T12:46:15+00:00\",\"mainEntityOfPage\":{\"@id\":\"https:\\\/\\\/mont-roig.cat\\\/es\\\/actualitat\\\/noticies\\\/mont-roig-del-camp-y-vandellos-i-lhospitalet-de-linfant-se-unen-al-plan-integral-de-ecovidrio-para-incrementar-el-reciclado-de-vidrio-en-verano\\\/\"},\"wordCount\":829,\"image\":{\"@id\":\"https:\\\/\\\/mont-roig.cat\\\/es\\\/actualitat\\\/noticies\\\/mont-roig-del-camp-y-vandellos-i-lhospitalet-de-linfant-se-unen-al-plan-integral-de-ecovidrio-para-incrementar-el-reciclado-de-vidrio-en-verano\\\/#primaryimage\"},\"thumbnailUrl\":\"https:\\\/\\\/mont-roig.cat\\\/wp-content\\\/uploads\\\/IMG_1821.jpg\",\"articleSection\":[\"Residuos\"],\"inLanguage\":\"es\"},{\"@type\":\"WebPage\",\"@id\":\"https:\\\/\\\/mont-roig.cat\\\/es\\\/actualitat\\\/noticies\\\/mont-roig-del-camp-y-vandellos-i-lhospitalet-de-linfant-se-unen-al-plan-integral-de-ecovidrio-para-incrementar-el-reciclado-de-vidrio-en-verano\\\/\",\"url\":\"https:\\\/\\\/mont-roig.cat\\\/es\\\/actualitat\\\/noticies\\\/mont-roig-del-camp-y-vandellos-i-lhospitalet-de-linfant-se-unen-al-plan-integral-de-ecovidrio-para-incrementar-el-reciclado-de-vidrio-en-verano\\\/\",\"name\":\"Mont-roig del Camp y Vandell\u00f2s i l\u2019Hospitalet de l\u2019Infant se unen al plan integral de Ecovidrio para incrementar el reciclado de vidrio en verano - Ajuntament de Mont-roig del Camp\",\"isPartOf\":{\"@id\":\"https:\\\/\\\/mont-roig.cat\\\/es\\\/#website\"},\"primaryImageOfPage\":{\"@id\":\"https:\\\/\\\/mont-roig.cat\\\/es\\\/actualitat\\\/noticies\\\/mont-roig-del-camp-y-vandellos-i-lhospitalet-de-linfant-se-unen-al-plan-integral-de-ecovidrio-para-incrementar-el-reciclado-de-vidrio-en-verano\\\/#primaryimage\"},\"image\":{\"@id\":\"https:\\\/\\\/mont-roig.cat\\\/es\\\/actualitat\\\/noticies\\\/mont-roig-del-camp-y-vandellos-i-lhospitalet-de-linfant-se-unen-al-plan-integral-de-ecovidrio-para-incrementar-el-reciclado-de-vidrio-en-verano\\\/#primaryimage\"},\"thumbnailUrl\":\"https:\\\/\\\/mont-roig.cat\\\/wp-content\\\/uploads\\\/IMG_1821.jpg\",\"datePublished\":\"2018-05-25T12:46:15+00:00\",\"author\":{\"@id\":\"https:\\\/\\\/mont-roig.cat\\\/es\\\/#\\\/schema\\\/person\\\/f2b111789f22b7d0c3bd6786c9128cba\"},\"breadcrumb\":{\"@id\":\"https:\\\/\\\/mont-roig.cat\\\/es\\\/actualitat\\\/noticies\\\/mont-roig-del-camp-y-vandellos-i-lhospitalet-de-linfant-se-unen-al-plan-integral-de-ecovidrio-para-incrementar-el-reciclado-de-vidrio-en-verano\\\/#breadcrumb\"},\"inLanguage\":\"es\",\"potentialAction\":[{\"@type\":\"ReadAction\",\"target\":[\"https:\\\/\\\/mont-roig.cat\\\/es\\\/actualitat\\\/noticies\\\/mont-roig-del-camp-y-vandellos-i-lhospitalet-de-linfant-se-unen-al-plan-integral-de-ecovidrio-para-incrementar-el-reciclado-de-vidrio-en-verano\\\/\"]}]},{\"@type\":\"ImageObject\",\"inLanguage\":\"es\",\"@id\":\"https:\\\/\\\/mont-roig.cat\\\/es\\\/actualitat\\\/noticies\\\/mont-roig-del-camp-y-vandellos-i-lhospitalet-de-linfant-se-unen-al-plan-integral-de-ecovidrio-para-incrementar-el-reciclado-de-vidrio-en-verano\\\/#primaryimage\",\"url\":\"https:\\\/\\\/mont-roig.cat\\\/wp-content\\\/uploads\\\/IMG_1821.jpg\",\"contentUrl\":\"https:\\\/\\\/mont-roig.cat\\\/wp-content\\\/uploads\\\/IMG_1821.jpg\",\"width\":1920,\"height\":1440},{\"@type\":\"BreadcrumbList\",\"@id\":\"https:\\\/\\\/mont-roig.cat\\\/es\\\/actualitat\\\/noticies\\\/mont-roig-del-camp-y-vandellos-i-lhospitalet-de-linfant-se-unen-al-plan-integral-de-ecovidrio-para-incrementar-el-reciclado-de-vidrio-en-verano\\\/#breadcrumb\",\"itemListElement\":[{\"@type\":\"ListItem\",\"position\":1,\"name\":\"Inici\",\"item\":\"https:\\\/\\\/mont-roig.cat\\\/es\\\/pagina-de-inicio\\\/\"},{\"@type\":\"ListItem\",\"position\":2,\"name\":\"Mont-roig del Camp y Vandell\u00f2s i l\u2019Hospitalet de l\u2019Infant se unen al plan integral de Ecovidrio para incrementar el reciclado de vidrio en verano\"}]},{\"@type\":\"WebSite\",\"@id\":\"https:\\\/\\\/mont-roig.cat\\\/es\\\/#website\",\"url\":\"https:\\\/\\\/mont-roig.cat\\\/es\\\/\",\"name\":\"Ajuntament de Mont-roig del Camp\",\"description\":\"Tota la informaci\u00f3 sobre la instituci\u00f3, els seus \u00f2rgans de govern, actualitat, serveis i molt m\u00e9s.\",\"potentialAction\":[{\"@type\":\"SearchAction\",\"target\":{\"@type\":\"EntryPoint\",\"urlTemplate\":\"https:\\\/\\\/mont-roig.cat\\\/es\\\/?s={search_term_string}\"},\"query-input\":{\"@type\":\"PropertyValueSpecification\",\"valueRequired\":true,\"valueName\":\"search_term_string\"}}],\"inLanguage\":\"es\"},{\"@type\":\"Person\",\"@id\":\"https:\\\/\\\/mont-roig.cat\\\/es\\\/#\\\/schema\\\/person\\\/f2b111789f22b7d0c3bd6786c9128cba\",\"name\":\"administrador\",\"image\":{\"@type\":\"ImageObject\",\"inLanguage\":\"es\",\"@id\":\"https:\\\/\\\/secure.gravatar.com\\\/avatar\\\/9137aac6891e2595c9d3036fd83bcb653b4db3c946db4c7d9b9be193c3c944bb?s=96&d=mm&r=g\",\"url\":\"https:\\\/\\\/secure.gravatar.com\\\/avatar\\\/9137aac6891e2595c9d3036fd83bcb653b4db3c946db4c7d9b9be193c3c944bb?s=96&d=mm&r=g\",\"contentUrl\":\"https:\\\/\\\/secure.gravatar.com\\\/avatar\\\/9137aac6891e2595c9d3036fd83bcb653b4db3c946db4c7d9b9be193c3c944bb?s=96&d=mm&r=g\",\"caption\":\"administrador\"},\"url\":\"https:\\\/\\\/mont-roig.cat\\\/es\\\/actualitat\\\/noticies\\\/author\\\/administrador\\\/\"}]}<\/script>\n<!-- \/ Yoast SEO plugin. -->","yoast_head_json":{"title":"Mont-roig del Camp y Vandell\u00f2s i l\u2019Hospitalet de l\u2019Infant se unen al plan integral de Ecovidrio para incrementar el reciclado de vidrio en verano - Ajuntament de Mont-roig del Camp","robots":{"index":"index","follow":"follow","max-snippet":"max-snippet:-1","max-image-preview":"max-image-preview:large","max-video-preview":"max-video-preview:-1"},"canonical":"https:\/\/mont-roig.cat\/es\/actualitat\/noticies\/mont-roig-del-camp-y-vandellos-i-lhospitalet-de-linfant-se-unen-al-plan-integral-de-ecovidrio-para-incrementar-el-reciclado-de-vidrio-en-verano\/","og_locale":"es_ES","og_type":"article","og_title":"Mont-roig del Camp y Vandell\u00f2s i l\u2019Hospitalet de l\u2019Infant se unen al plan integral de Ecovidrio para incrementar el reciclado de vidrio en verano - Ajuntament de Mont-roig del Camp","og_description":"M\u00e1s de 140 establecimientos hosteleros de la l\u00ednea de costa de Mont-roig del Camp y de Vandell\u00f2s i l&#8217;Hospitalet de l&#8217;Infant participar\u00e1n en la campa\u00f1a \u2018Toma nota, recicla vidrio\u2019 La colaboraci\u00f3n de la hosteler\u00eda, que genera casi el 50% de los residuos de envases de vidrio de un solo uso, es clave para incrementar la [&hellip;]","og_url":"https:\/\/mont-roig.cat\/es\/actualitat\/noticies\/mont-roig-del-camp-y-vandellos-i-lhospitalet-de-linfant-se-unen-al-plan-integral-de-ecovidrio-para-incrementar-el-reciclado-de-vidrio-en-verano\/","og_site_name":"Ajuntament de Mont-roig del Camp","article_published_time":"2018-05-25T12:46:15+00:00","og_image":[{"width":1920,"height":1440,"url":"https:\/\/mont-roig.cat\/wp-content\/uploads\/IMG_1821.jpg","type":"image\/jpeg"}],"author":"administrador","twitter_card":"summary_large_image","twitter_misc":{"Escrito por":"administrador","Tiempo de lectura":"4 minutos"},"schema":{"@context":"https:\/\/schema.org","@graph":[{"@type":"Article","@id":"https:\/\/mont-roig.cat\/es\/actualitat\/noticies\/mont-roig-del-camp-y-vandellos-i-lhospitalet-de-linfant-se-unen-al-plan-integral-de-ecovidrio-para-incrementar-el-reciclado-de-vidrio-en-verano\/#article","isPartOf":{"@id":"https:\/\/mont-roig.cat\/es\/actualitat\/noticies\/mont-roig-del-camp-y-vandellos-i-lhospitalet-de-linfant-se-unen-al-plan-integral-de-ecovidrio-para-incrementar-el-reciclado-de-vidrio-en-verano\/"},"author":{"name":"administrador","@id":"https:\/\/mont-roig.cat\/es\/#\/schema\/person\/f2b111789f22b7d0c3bd6786c9128cba"},"headline":"Mont-roig del Camp y Vandell\u00f2s i l\u2019Hospitalet de l\u2019Infant se unen al plan integral de Ecovidrio para incrementar el reciclado de vidrio en verano","datePublished":"2018-05-25T12:46:15+00:00","mainEntityOfPage":{"@id":"https:\/\/mont-roig.cat\/es\/actualitat\/noticies\/mont-roig-del-camp-y-vandellos-i-lhospitalet-de-linfant-se-unen-al-plan-integral-de-ecovidrio-para-incrementar-el-reciclado-de-vidrio-en-verano\/"},"wordCount":829,"image":{"@id":"https:\/\/mont-roig.cat\/es\/actualitat\/noticies\/mont-roig-del-camp-y-vandellos-i-lhospitalet-de-linfant-se-unen-al-plan-integral-de-ecovidrio-para-incrementar-el-reciclado-de-vidrio-en-verano\/#primaryimage"},"thumbnailUrl":"https:\/\/mont-roig.cat\/wp-content\/uploads\/IMG_1821.jpg","articleSection":["Residuos"],"inLanguage":"es"},{"@type":"WebPage","@id":"https:\/\/mont-roig.cat\/es\/actualitat\/noticies\/mont-roig-del-camp-y-vandellos-i-lhospitalet-de-linfant-se-unen-al-plan-integral-de-ecovidrio-para-incrementar-el-reciclado-de-vidrio-en-verano\/","url":"https:\/\/mont-roig.cat\/es\/actualitat\/noticies\/mont-roig-del-camp-y-vandellos-i-lhospitalet-de-linfant-se-unen-al-plan-integral-de-ecovidrio-para-incrementar-el-reciclado-de-vidrio-en-verano\/","name":"Mont-roig del Camp y Vandell\u00f2s i l\u2019Hospitalet de l\u2019Infant se unen al plan integral de Ecovidrio para incrementar el reciclado de vidrio en verano - Ajuntament de Mont-roig del Camp","isPartOf":{"@id":"https:\/\/mont-roig.cat\/es\/#website"},"primaryImageOfPage":{"@id":"https:\/\/mont-roig.cat\/es\/actualitat\/noticies\/mont-roig-del-camp-y-vandellos-i-lhospitalet-de-linfant-se-unen-al-plan-integral-de-ecovidrio-para-incrementar-el-reciclado-de-vidrio-en-verano\/#primaryimage"},"image":{"@id":"https:\/\/mont-roig.cat\/es\/actualitat\/noticies\/mont-roig-del-camp-y-vandellos-i-lhospitalet-de-linfant-se-unen-al-plan-integral-de-ecovidrio-para-incrementar-el-reciclado-de-vidrio-en-verano\/#primaryimage"},"thumbnailUrl":"https:\/\/mont-roig.cat\/wp-content\/uploads\/IMG_1821.jpg","datePublished":"2018-05-25T12:46:15+00:00","author":{"@id":"https:\/\/mont-roig.cat\/es\/#\/schema\/person\/f2b111789f22b7d0c3bd6786c9128cba"},"breadcrumb":{"@id":"https:\/\/mont-roig.cat\/es\/actualitat\/noticies\/mont-roig-del-camp-y-vandellos-i-lhospitalet-de-linfant-se-unen-al-plan-integral-de-ecovidrio-para-incrementar-el-reciclado-de-vidrio-en-verano\/#breadcrumb"},"inLanguage":"es","potentialAction":[{"@type":"ReadAction","target":["https:\/\/mont-roig.cat\/es\/actualitat\/noticies\/mont-roig-del-camp-y-vandellos-i-lhospitalet-de-linfant-se-unen-al-plan-integral-de-ecovidrio-para-incrementar-el-reciclado-de-vidrio-en-verano\/"]}]},{"@type":"ImageObject","inLanguage":"es","@id":"https:\/\/mont-roig.cat\/es\/actualitat\/noticies\/mont-roig-del-camp-y-vandellos-i-lhospitalet-de-linfant-se-unen-al-plan-integral-de-ecovidrio-para-incrementar-el-reciclado-de-vidrio-en-verano\/#primaryimage","url":"https:\/\/mont-roig.cat\/wp-content\/uploads\/IMG_1821.jpg","contentUrl":"https:\/\/mont-roig.cat\/wp-content\/uploads\/IMG_1821.jpg","width":1920,"height":1440},{"@type":"BreadcrumbList","@id":"https:\/\/mont-roig.cat\/es\/actualitat\/noticies\/mont-roig-del-camp-y-vandellos-i-lhospitalet-de-linfant-se-unen-al-plan-integral-de-ecovidrio-para-incrementar-el-reciclado-de-vidrio-en-verano\/#breadcrumb","itemListElement":[{"@type":"ListItem","position":1,"name":"Inici","item":"https:\/\/mont-roig.cat\/es\/pagina-de-inicio\/"},{"@type":"ListItem","position":2,"name":"Mont-roig del Camp y Vandell\u00f2s i l\u2019Hospitalet de l\u2019Infant se unen al plan integral de Ecovidrio para incrementar el reciclado de vidrio en verano"}]},{"@type":"WebSite","@id":"https:\/\/mont-roig.cat\/es\/#website","url":"https:\/\/mont-roig.cat\/es\/","name":"Ajuntament de Mont-roig del Camp","description":"Tota la informaci\u00f3 sobre la instituci\u00f3, els seus \u00f2rgans de govern, actualitat, serveis i molt m\u00e9s.","potentialAction":[{"@type":"SearchAction","target":{"@type":"EntryPoint","urlTemplate":"https:\/\/mont-roig.cat\/es\/?s={search_term_string}"},"query-input":{"@type":"PropertyValueSpecification","valueRequired":true,"valueName":"search_term_string"}}],"inLanguage":"es"},{"@type":"Person","@id":"https:\/\/mont-roig.cat\/es\/#\/schema\/person\/f2b111789f22b7d0c3bd6786c9128cba","name":"administrador","image":{"@type":"ImageObject","inLanguage":"es","@id":"https:\/\/secure.gravatar.com\/avatar\/9137aac6891e2595c9d3036fd83bcb653b4db3c946db4c7d9b9be193c3c944bb?s=96&d=mm&r=g","url":"https:\/\/secure.gravatar.com\/avatar\/9137aac6891e2595c9d3036fd83bcb653b4db3c946db4c7d9b9be193c3c944bb?s=96&d=mm&r=g","contentUrl":"https:\/\/secure.gravatar.com\/avatar\/9137aac6891e2595c9d3036fd83bcb653b4db3c946db4c7d9b9be193c3c944bb?s=96&d=mm&r=g","caption":"administrador"},"url":"https:\/\/mont-roig.cat\/es\/actualitat\/noticies\/author\/administrador\/"}]}},"_links":{"self":[{"href":"https:\/\/mont-roig.cat\/es\/wp-json\/wp\/v2\/posts\/27921","targetHints":{"allow":["GET"]}}],"collection":[{"href":"https:\/\/mont-roig.cat\/es\/wp-json\/wp\/v2\/posts"}],"about":[{"href":"https:\/\/mont-roig.cat\/es\/wp-json\/wp\/v2\/types\/post"}],"author":[{"embeddable":true,"href":"https:\/\/mont-roig.cat\/es\/wp-json\/wp\/v2\/users\/4"}],"replies":[{"embeddable":true,"href":"https:\/\/mont-roig.cat\/es\/wp-json\/wp\/v2\/comments?post=27921"}],"version-history":[{"count":2,"href":"https:\/\/mont-roig.cat\/es\/wp-json\/wp\/v2\/posts\/27921\/revisions"}],"predecessor-version":[{"id":27923,"href":"https:\/\/mont-roig.cat\/es\/wp-json\/wp\/v2\/posts\/27921\/revisions\/27923"}],"wp:featuredmedia":[{"embeddable":true,"href":"https:\/\/mont-roig.cat\/es\/wp-json\/wp\/v2\/media\/27919"}],"wp:attachment":[{"href":"https:\/\/mont-roig.cat\/es\/wp-json\/wp\/v2\/media?parent=27921"}],"wp:term":[{"taxonomy":"category","embeddable":true,"href":"https:\/\/mont-roig.cat\/es\/wp-json\/wp\/v2\/categories?post=27921"},{"taxonomy":"post_tag","embeddable":true,"href":"https:\/\/mont-roig.cat\/es\/wp-json\/wp\/v2\/tags?post=27921"}],"curies":[{"name":"wp","href":"https:\/\/api.w.org\/{rel}","templated":true}]}}