{"id":27964,"date":"2018-05-29T15:10:51","date_gmt":"2018-05-29T13:10:51","guid":{"rendered":"https:\/\/mont-roig.cat\/?p=27964"},"modified":"2018-05-29T15:10:51","modified_gmt":"2018-05-29T13:10:51","slug":"la-18a-noche-del-turismo-se-celebrara-en-el-mas-miro","status":"publish","type":"post","link":"https:\/\/mont-roig.cat\/es\/actualitat\/noticies\/la-18a-noche-del-turismo-se-celebrara-en-el-mas-miro\/","title":{"rendered":"La 18\u00aa Noche del Turismo se celebrar\u00e1 en el Mas Mir\u00f3"},"content":{"rendered":"<ul>\n<li><strong>El nuevo punto de promoci\u00f3n tur\u00edstica del municipio acoger\u00e1 el tejido empresarial local en una velada que servir\u00e1 para dar la bienvenida a la nueva temporada<\/strong><\/li>\n<li><strong>El camping Miramar, el chiringuito Tierra Caliente y el empresario Victor Rubio optan al Premio Noche del Turismo 2018<\/strong><\/li>\n<\/ul>\n<div id=\"attachment_27962\" style=\"width: 310px\" class=\"wp-caption alignright\"><a href=\"https:\/\/mont-roig.cat\/wp-content\/uploads\/Nit-turisme-2018.png\"><img loading=\"lazy\" decoding=\"async\" aria-describedby=\"caption-attachment-27962\" class=\"wp-image-27962\" src=\"https:\/\/mont-roig.cat\/wp-content\/uploads\/Nit-turisme-2018.png\" alt=\"\" width=\"300\" height=\"145\" srcset=\"https:\/\/mont-roig.cat\/wp-content\/uploads\/Nit-turisme-2018.png 1019w, https:\/\/mont-roig.cat\/wp-content\/uploads\/Nit-turisme-2018-500x241.png 500w, https:\/\/mont-roig.cat\/wp-content\/uploads\/Nit-turisme-2018-768x371.png 768w\" sizes=\"auto, (max-width: 300px) 100vw, 300px\" \/><\/a><p id=\"caption-attachment-27962\" class=\"wp-caption-text\">Imagen de la Noche del Turismo 2018<\/p><\/div>\n<p>El Mas Mir\u00f3 acoger\u00e1 la 18\u00aa Noche del Turismo. La velada, que se celebrar\u00e1 el pr\u00f3ximo jueves 31 de mayo, servir\u00e1 para presentar a las empresas locales el nuevo punto de promoci\u00f3n tur\u00edstica del municipio, el espacio donde se gest\u00f3 el universo y la obra del artista Joan Mir\u00f3 .<\/p>\n<p>La gala, adem\u00e1s, volver\u00e1 a ser punto de encuentro entre el tejido empresarial y los representantes municipales para contribuir a la creaci\u00f3n de relaciones y sinergias que favorezcan el desarrollo tur\u00edstico local. Durante la velada, adem\u00e1s, se aprovechar\u00e1 para dar la bienvenida a la nueva temporada tur\u00edstica con los nuevos proyectos del sector.<\/p>\n<p><strong>Premio Noche del Turismo<\/strong><\/p>\n<p>Por tercer a\u00f1o consecutivo se entregar\u00e1 el premio Noche del Turismo, cuyo objetivo es poner en valor el trabajo y la trayectoria profesional de aquellas empresas, entidades o instituciones que apuestan por la calidad, la segmentaci\u00f3n, la diferenciaci\u00f3n y la especializaci\u00f3n en sus servicios y que contribuyen de esta forma a potenciar la competitividad y el desarrollo tur\u00edstico del municipio. Los candidatos finalistas son propuestos por la Concejal\u00eda de Turismo y ratificados por Junta de Gobierno Local.<\/p>\n<p>En esta edici\u00f3n los finalistas al Premio Noche del Turismo son:<\/p>\n<p>&#8211; Camping Miramar: Por la innovaci\u00f3n y mejora de sus instalaciones y servicios, haciendo de sus caravanas vintage una forma de alojamiento innovadora y diferenciadora.<\/p>\n<p>&#8211; Guingueta &#8220;Tierra Caliente&#8221;: Por su trayectoria profesional reconocida en el tiempo, haciendo de su chiringuito un referente en la costa de Miami Platja.<\/p>\n<p>&#8211; Victor Rubio: En nombre propio, por su emprenedur\u00eda en el mundo de la restauraci\u00f3n local, con 4 establecimientos: Calma Playa Cristal, El Limonero, Ginger Caf\u00e9 y chiringuito &#8220;Cosita Beach&#8221;. Adem\u00e1s, pr\u00f3ximamente est\u00e1 previsto que abra un restaurante de cocina japonesa.<\/p>\n","protected":false},"excerpt":{"rendered":"<p>El nuevo punto de promoci\u00f3n tur\u00edstica del municipio acoger\u00e1 el tejido empresarial local en una velada que servir\u00e1 para dar la bienvenida a la nueva temporada El camping Miramar, el chiringuito Tierra Caliente y el empresario Victor Rubio optan al Premio Noche del Turismo 2018 El Mas Mir\u00f3 acoger\u00e1 la 18\u00aa Noche del Turismo. La [&hellip;]<\/p>\n","protected":false},"author":4,"featured_media":27962,"comment_status":"closed","ping_status":"closed","sticky":false,"template":"","format":"standard","meta":{"inline_featured_image":false,"_monsterinsights_skip_tracking":false,"footnotes":""},"categories":[115],"tags":[],"class_list":["post-27964","post","type-post","status-publish","format-standard","has-post-thumbnail","hentry","category-turismo"],"yoast_head":"<!-- This site is optimized with the Yoast SEO plugin v28.2 - https:\/\/yoast.com\/product\/yoast-seo-wordpress\/ -->\n<title>La 18\u00aa Noche del Turismo se celebrar\u00e1 en el Mas Mir\u00f3 - Ajuntament de Mont-roig del Camp<\/title>\n<meta name=\"robots\" content=\"index, follow, max-snippet:-1, max-image-preview:large, max-video-preview:-1\" \/>\n<link rel=\"canonical\" href=\"https:\/\/mont-roig.cat\/es\/actualitat\/noticies\/la-18a-noche-del-turismo-se-celebrara-en-el-mas-miro\/\" \/>\n<meta property=\"og:locale\" content=\"es_ES\" \/>\n<meta property=\"og:type\" content=\"article\" \/>\n<meta property=\"og:title\" content=\"La 18\u00aa Noche del Turismo se celebrar\u00e1 en el Mas Mir\u00f3 - Ajuntament de Mont-roig del Camp\" \/>\n<meta property=\"og:description\" content=\"El nuevo punto de promoci\u00f3n tur\u00edstica del municipio acoger\u00e1 el tejido empresarial local en una velada que servir\u00e1 para dar la bienvenida a la nueva temporada El camping Miramar, el chiringuito Tierra Caliente y el empresario Victor Rubio optan al Premio Noche del Turismo 2018 El Mas Mir\u00f3 acoger\u00e1 la 18\u00aa Noche del Turismo. La [&hellip;]\" \/>\n<meta property=\"og:url\" content=\"https:\/\/mont-roig.cat\/es\/actualitat\/noticies\/la-18a-noche-del-turismo-se-celebrara-en-el-mas-miro\/\" \/>\n<meta property=\"og:site_name\" content=\"Ajuntament de Mont-roig del Camp\" \/>\n<meta property=\"article:published_time\" content=\"2018-05-29T13:10:51+00:00\" \/>\n<meta property=\"og:image\" content=\"https:\/\/mont-roig.cat\/wp-content\/uploads\/Nit-turisme-2018.png\" \/>\n\t<meta property=\"og:image:width\" content=\"1019\" \/>\n\t<meta property=\"og:image:height\" content=\"492\" \/>\n\t<meta property=\"og:image:type\" content=\"image\/png\" \/>\n<meta name=\"author\" content=\"administrador\" \/>\n<meta name=\"twitter:card\" content=\"summary_large_image\" \/>\n<meta name=\"twitter:label1\" content=\"Escrito por\" \/>\n\t<meta name=\"twitter:data1\" content=\"administrador\" \/>\n\t<meta name=\"twitter:label2\" content=\"Tiempo de lectura\" \/>\n\t<meta name=\"twitter:data2\" content=\"2 minutos\" \/>\n<script type=\"application\/ld+json\" class=\"yoast-schema-graph\">{\"@context\":\"https:\\\/\\\/schema.org\",\"@graph\":[{\"@type\":\"Article\",\"@id\":\"https:\\\/\\\/mont-roig.cat\\\/es\\\/actualitat\\\/noticies\\\/la-18a-noche-del-turismo-se-celebrara-en-el-mas-miro\\\/#article\",\"isPartOf\":{\"@id\":\"https:\\\/\\\/mont-roig.cat\\\/es\\\/actualitat\\\/noticies\\\/la-18a-noche-del-turismo-se-celebrara-en-el-mas-miro\\\/\"},\"author\":{\"name\":\"administrador\",\"@id\":\"https:\\\/\\\/mont-roig.cat\\\/es\\\/#\\\/schema\\\/person\\\/f2b111789f22b7d0c3bd6786c9128cba\"},\"headline\":\"La 18\u00aa Noche del Turismo se celebrar\u00e1 en el Mas Mir\u00f3\",\"datePublished\":\"2018-05-29T13:10:51+00:00\",\"mainEntityOfPage\":{\"@id\":\"https:\\\/\\\/mont-roig.cat\\\/es\\\/actualitat\\\/noticies\\\/la-18a-noche-del-turismo-se-celebrara-en-el-mas-miro\\\/\"},\"wordCount\":370,\"image\":{\"@id\":\"https:\\\/\\\/mont-roig.cat\\\/es\\\/actualitat\\\/noticies\\\/la-18a-noche-del-turismo-se-celebrara-en-el-mas-miro\\\/#primaryimage\"},\"thumbnailUrl\":\"https:\\\/\\\/mont-roig.cat\\\/wp-content\\\/uploads\\\/Nit-turisme-2018.png\",\"articleSection\":[\"Turismo\"],\"inLanguage\":\"es\"},{\"@type\":\"WebPage\",\"@id\":\"https:\\\/\\\/mont-roig.cat\\\/es\\\/actualitat\\\/noticies\\\/la-18a-noche-del-turismo-se-celebrara-en-el-mas-miro\\\/\",\"url\":\"https:\\\/\\\/mont-roig.cat\\\/es\\\/actualitat\\\/noticies\\\/la-18a-noche-del-turismo-se-celebrara-en-el-mas-miro\\\/\",\"name\":\"La 18\u00aa Noche del Turismo se celebrar\u00e1 en el Mas Mir\u00f3 - Ajuntament de Mont-roig del Camp\",\"isPartOf\":{\"@id\":\"https:\\\/\\\/mont-roig.cat\\\/es\\\/#website\"},\"primaryImageOfPage\":{\"@id\":\"https:\\\/\\\/mont-roig.cat\\\/es\\\/actualitat\\\/noticies\\\/la-18a-noche-del-turismo-se-celebrara-en-el-mas-miro\\\/#primaryimage\"},\"image\":{\"@id\":\"https:\\\/\\\/mont-roig.cat\\\/es\\\/actualitat\\\/noticies\\\/la-18a-noche-del-turismo-se-celebrara-en-el-mas-miro\\\/#primaryimage\"},\"thumbnailUrl\":\"https:\\\/\\\/mont-roig.cat\\\/wp-content\\\/uploads\\\/Nit-turisme-2018.png\",\"datePublished\":\"2018-05-29T13:10:51+00:00\",\"author\":{\"@id\":\"https:\\\/\\\/mont-roig.cat\\\/es\\\/#\\\/schema\\\/person\\\/f2b111789f22b7d0c3bd6786c9128cba\"},\"breadcrumb\":{\"@id\":\"https:\\\/\\\/mont-roig.cat\\\/es\\\/actualitat\\\/noticies\\\/la-18a-noche-del-turismo-se-celebrara-en-el-mas-miro\\\/#breadcrumb\"},\"inLanguage\":\"es\",\"potentialAction\":[{\"@type\":\"ReadAction\",\"target\":[\"https:\\\/\\\/mont-roig.cat\\\/es\\\/actualitat\\\/noticies\\\/la-18a-noche-del-turismo-se-celebrara-en-el-mas-miro\\\/\"]}]},{\"@type\":\"ImageObject\",\"inLanguage\":\"es\",\"@id\":\"https:\\\/\\\/mont-roig.cat\\\/es\\\/actualitat\\\/noticies\\\/la-18a-noche-del-turismo-se-celebrara-en-el-mas-miro\\\/#primaryimage\",\"url\":\"https:\\\/\\\/mont-roig.cat\\\/wp-content\\\/uploads\\\/Nit-turisme-2018.png\",\"contentUrl\":\"https:\\\/\\\/mont-roig.cat\\\/wp-content\\\/uploads\\\/Nit-turisme-2018.png\",\"width\":1019,\"height\":492},{\"@type\":\"BreadcrumbList\",\"@id\":\"https:\\\/\\\/mont-roig.cat\\\/es\\\/actualitat\\\/noticies\\\/la-18a-noche-del-turismo-se-celebrara-en-el-mas-miro\\\/#breadcrumb\",\"itemListElement\":[{\"@type\":\"ListItem\",\"position\":1,\"name\":\"Inici\",\"item\":\"https:\\\/\\\/mont-roig.cat\\\/es\\\/pagina-de-inicio\\\/\"},{\"@type\":\"ListItem\",\"position\":2,\"name\":\"La 18\u00aa Noche del Turismo se celebrar\u00e1 en el Mas Mir\u00f3\"}]},{\"@type\":\"WebSite\",\"@id\":\"https:\\\/\\\/mont-roig.cat\\\/es\\\/#website\",\"url\":\"https:\\\/\\\/mont-roig.cat\\\/es\\\/\",\"name\":\"Ajuntament de Mont-roig del Camp\",\"description\":\"Tota la informaci\u00f3 sobre la instituci\u00f3, els seus \u00f2rgans de govern, actualitat, serveis i molt m\u00e9s.\",\"potentialAction\":[{\"@type\":\"SearchAction\",\"target\":{\"@type\":\"EntryPoint\",\"urlTemplate\":\"https:\\\/\\\/mont-roig.cat\\\/es\\\/?s={search_term_string}\"},\"query-input\":{\"@type\":\"PropertyValueSpecification\",\"valueRequired\":true,\"valueName\":\"search_term_string\"}}],\"inLanguage\":\"es\"},{\"@type\":\"Person\",\"@id\":\"https:\\\/\\\/mont-roig.cat\\\/es\\\/#\\\/schema\\\/person\\\/f2b111789f22b7d0c3bd6786c9128cba\",\"name\":\"administrador\",\"image\":{\"@type\":\"ImageObject\",\"inLanguage\":\"es\",\"@id\":\"https:\\\/\\\/secure.gravatar.com\\\/avatar\\\/9137aac6891e2595c9d3036fd83bcb653b4db3c946db4c7d9b9be193c3c944bb?s=96&d=mm&r=g\",\"url\":\"https:\\\/\\\/secure.gravatar.com\\\/avatar\\\/9137aac6891e2595c9d3036fd83bcb653b4db3c946db4c7d9b9be193c3c944bb?s=96&d=mm&r=g\",\"contentUrl\":\"https:\\\/\\\/secure.gravatar.com\\\/avatar\\\/9137aac6891e2595c9d3036fd83bcb653b4db3c946db4c7d9b9be193c3c944bb?s=96&d=mm&r=g\",\"caption\":\"administrador\"},\"url\":\"https:\\\/\\\/mont-roig.cat\\\/es\\\/actualitat\\\/noticies\\\/author\\\/administrador\\\/\"}]}<\/script>\n<!-- \/ Yoast SEO plugin. -->","yoast_head_json":{"title":"La 18\u00aa Noche del Turismo se celebrar\u00e1 en el Mas Mir\u00f3 - Ajuntament de Mont-roig del Camp","robots":{"index":"index","follow":"follow","max-snippet":"max-snippet:-1","max-image-preview":"max-image-preview:large","max-video-preview":"max-video-preview:-1"},"canonical":"https:\/\/mont-roig.cat\/es\/actualitat\/noticies\/la-18a-noche-del-turismo-se-celebrara-en-el-mas-miro\/","og_locale":"es_ES","og_type":"article","og_title":"La 18\u00aa Noche del Turismo se celebrar\u00e1 en el Mas Mir\u00f3 - Ajuntament de Mont-roig del Camp","og_description":"El nuevo punto de promoci\u00f3n tur\u00edstica del municipio acoger\u00e1 el tejido empresarial local en una velada que servir\u00e1 para dar la bienvenida a la nueva temporada El camping Miramar, el chiringuito Tierra Caliente y el empresario Victor Rubio optan al Premio Noche del Turismo 2018 El Mas Mir\u00f3 acoger\u00e1 la 18\u00aa Noche del Turismo. La [&hellip;]","og_url":"https:\/\/mont-roig.cat\/es\/actualitat\/noticies\/la-18a-noche-del-turismo-se-celebrara-en-el-mas-miro\/","og_site_name":"Ajuntament de Mont-roig del Camp","article_published_time":"2018-05-29T13:10:51+00:00","og_image":[{"width":1019,"height":492,"url":"https:\/\/mont-roig.cat\/wp-content\/uploads\/Nit-turisme-2018.png","type":"image\/png"}],"author":"administrador","twitter_card":"summary_large_image","twitter_misc":{"Escrito por":"administrador","Tiempo de lectura":"2 minutos"},"schema":{"@context":"https:\/\/schema.org","@graph":[{"@type":"Article","@id":"https:\/\/mont-roig.cat\/es\/actualitat\/noticies\/la-18a-noche-del-turismo-se-celebrara-en-el-mas-miro\/#article","isPartOf":{"@id":"https:\/\/mont-roig.cat\/es\/actualitat\/noticies\/la-18a-noche-del-turismo-se-celebrara-en-el-mas-miro\/"},"author":{"name":"administrador","@id":"https:\/\/mont-roig.cat\/es\/#\/schema\/person\/f2b111789f22b7d0c3bd6786c9128cba"},"headline":"La 18\u00aa Noche del Turismo se celebrar\u00e1 en el Mas Mir\u00f3","datePublished":"2018-05-29T13:10:51+00:00","mainEntityOfPage":{"@id":"https:\/\/mont-roig.cat\/es\/actualitat\/noticies\/la-18a-noche-del-turismo-se-celebrara-en-el-mas-miro\/"},"wordCount":370,"image":{"@id":"https:\/\/mont-roig.cat\/es\/actualitat\/noticies\/la-18a-noche-del-turismo-se-celebrara-en-el-mas-miro\/#primaryimage"},"thumbnailUrl":"https:\/\/mont-roig.cat\/wp-content\/uploads\/Nit-turisme-2018.png","articleSection":["Turismo"],"inLanguage":"es"},{"@type":"WebPage","@id":"https:\/\/mont-roig.cat\/es\/actualitat\/noticies\/la-18a-noche-del-turismo-se-celebrara-en-el-mas-miro\/","url":"https:\/\/mont-roig.cat\/es\/actualitat\/noticies\/la-18a-noche-del-turismo-se-celebrara-en-el-mas-miro\/","name":"La 18\u00aa Noche del Turismo se celebrar\u00e1 en el Mas Mir\u00f3 - Ajuntament de Mont-roig del Camp","isPartOf":{"@id":"https:\/\/mont-roig.cat\/es\/#website"},"primaryImageOfPage":{"@id":"https:\/\/mont-roig.cat\/es\/actualitat\/noticies\/la-18a-noche-del-turismo-se-celebrara-en-el-mas-miro\/#primaryimage"},"image":{"@id":"https:\/\/mont-roig.cat\/es\/actualitat\/noticies\/la-18a-noche-del-turismo-se-celebrara-en-el-mas-miro\/#primaryimage"},"thumbnailUrl":"https:\/\/mont-roig.cat\/wp-content\/uploads\/Nit-turisme-2018.png","datePublished":"2018-05-29T13:10:51+00:00","author":{"@id":"https:\/\/mont-roig.cat\/es\/#\/schema\/person\/f2b111789f22b7d0c3bd6786c9128cba"},"breadcrumb":{"@id":"https:\/\/mont-roig.cat\/es\/actualitat\/noticies\/la-18a-noche-del-turismo-se-celebrara-en-el-mas-miro\/#breadcrumb"},"inLanguage":"es","potentialAction":[{"@type":"ReadAction","target":["https:\/\/mont-roig.cat\/es\/actualitat\/noticies\/la-18a-noche-del-turismo-se-celebrara-en-el-mas-miro\/"]}]},{"@type":"ImageObject","inLanguage":"es","@id":"https:\/\/mont-roig.cat\/es\/actualitat\/noticies\/la-18a-noche-del-turismo-se-celebrara-en-el-mas-miro\/#primaryimage","url":"https:\/\/mont-roig.cat\/wp-content\/uploads\/Nit-turisme-2018.png","contentUrl":"https:\/\/mont-roig.cat\/wp-content\/uploads\/Nit-turisme-2018.png","width":1019,"height":492},{"@type":"BreadcrumbList","@id":"https:\/\/mont-roig.cat\/es\/actualitat\/noticies\/la-18a-noche-del-turismo-se-celebrara-en-el-mas-miro\/#breadcrumb","itemListElement":[{"@type":"ListItem","position":1,"name":"Inici","item":"https:\/\/mont-roig.cat\/es\/pagina-de-inicio\/"},{"@type":"ListItem","position":2,"name":"La 18\u00aa Noche del Turismo se celebrar\u00e1 en el Mas Mir\u00f3"}]},{"@type":"WebSite","@id":"https:\/\/mont-roig.cat\/es\/#website","url":"https:\/\/mont-roig.cat\/es\/","name":"Ajuntament de Mont-roig del Camp","description":"Tota la informaci\u00f3 sobre la instituci\u00f3, els seus \u00f2rgans de govern, actualitat, serveis i molt m\u00e9s.","potentialAction":[{"@type":"SearchAction","target":{"@type":"EntryPoint","urlTemplate":"https:\/\/mont-roig.cat\/es\/?s={search_term_string}"},"query-input":{"@type":"PropertyValueSpecification","valueRequired":true,"valueName":"search_term_string"}}],"inLanguage":"es"},{"@type":"Person","@id":"https:\/\/mont-roig.cat\/es\/#\/schema\/person\/f2b111789f22b7d0c3bd6786c9128cba","name":"administrador","image":{"@type":"ImageObject","inLanguage":"es","@id":"https:\/\/secure.gravatar.com\/avatar\/9137aac6891e2595c9d3036fd83bcb653b4db3c946db4c7d9b9be193c3c944bb?s=96&d=mm&r=g","url":"https:\/\/secure.gravatar.com\/avatar\/9137aac6891e2595c9d3036fd83bcb653b4db3c946db4c7d9b9be193c3c944bb?s=96&d=mm&r=g","contentUrl":"https:\/\/secure.gravatar.com\/avatar\/9137aac6891e2595c9d3036fd83bcb653b4db3c946db4c7d9b9be193c3c944bb?s=96&d=mm&r=g","caption":"administrador"},"url":"https:\/\/mont-roig.cat\/es\/actualitat\/noticies\/author\/administrador\/"}]}},"_links":{"self":[{"href":"https:\/\/mont-roig.cat\/es\/wp-json\/wp\/v2\/posts\/27964","targetHints":{"allow":["GET"]}}],"collection":[{"href":"https:\/\/mont-roig.cat\/es\/wp-json\/wp\/v2\/posts"}],"about":[{"href":"https:\/\/mont-roig.cat\/es\/wp-json\/wp\/v2\/types\/post"}],"author":[{"embeddable":true,"href":"https:\/\/mont-roig.cat\/es\/wp-json\/wp\/v2\/users\/4"}],"replies":[{"embeddable":true,"href":"https:\/\/mont-roig.cat\/es\/wp-json\/wp\/v2\/comments?post=27964"}],"version-history":[{"count":2,"href":"https:\/\/mont-roig.cat\/es\/wp-json\/wp\/v2\/posts\/27964\/revisions"}],"predecessor-version":[{"id":27966,"href":"https:\/\/mont-roig.cat\/es\/wp-json\/wp\/v2\/posts\/27964\/revisions\/27966"}],"wp:featuredmedia":[{"embeddable":true,"href":"https:\/\/mont-roig.cat\/es\/wp-json\/wp\/v2\/media\/27962"}],"wp:attachment":[{"href":"https:\/\/mont-roig.cat\/es\/wp-json\/wp\/v2\/media?parent=27964"}],"wp:term":[{"taxonomy":"category","embeddable":true,"href":"https:\/\/mont-roig.cat\/es\/wp-json\/wp\/v2\/categories?post=27964"},{"taxonomy":"post_tag","embeddable":true,"href":"https:\/\/mont-roig.cat\/es\/wp-json\/wp\/v2\/tags?post=27964"}],"curies":[{"name":"wp","href":"https:\/\/api.w.org\/{rel}","templated":true}]}}