{"id":28234,"date":"2018-06-07T15:21:20","date_gmt":"2018-06-07T13:21:20","guid":{"rendered":"https:\/\/mont-roig.cat\/?p=28234"},"modified":"2018-06-07T15:21:20","modified_gmt":"2018-06-07T13:21:20","slug":"mont-roig-y-miami-platja-acogen-la-primera-costa-dorada-bike-race-una-competicion-de-btt-unica-en-la-demarcacion","status":"publish","type":"post","link":"https:\/\/mont-roig.cat\/es\/actualitat\/noticies\/mont-roig-y-miami-platja-acogen-la-primera-costa-dorada-bike-race-una-competicion-de-btt-unica-en-la-demarcacion\/","title":{"rendered":"Mont-roig y Miami Platja acogen la primera Costa Dorada Bike Race, una competici\u00f3n de BTT \u00fanica en la demarcaci\u00f3n"},"content":{"rendered":"<ul>\n<li><strong>La prueba deportiva, de 3 etapas, se celebrar\u00e1 los d\u00edas 19, 20 y 21 de octubre y est\u00e1 pensada para que ciclistas y acompa\u00f1antes puedan disfrutar de la experiencia<\/strong><\/li>\n<\/ul>\n<div id=\"attachment_28232\" style=\"width: 310px\" class=\"wp-caption alignright\"><a href=\"https:\/\/mont-roig.cat\/wp-content\/uploads\/Presentaci\u00f3-Costa-Daurada-Bike-Race.jpg\"><img loading=\"lazy\" decoding=\"async\" aria-describedby=\"caption-attachment-28232\" class=\"wp-image-28232\" src=\"https:\/\/mont-roig.cat\/wp-content\/uploads\/Presentaci\u00f3-Costa-Daurada-Bike-Race.jpg\" alt=\"\" width=\"300\" height=\"225\" srcset=\"https:\/\/mont-roig.cat\/wp-content\/uploads\/Presentaci\u00f3-Costa-Daurada-Bike-Race.jpg 1920w, https:\/\/mont-roig.cat\/wp-content\/uploads\/Presentaci\u00f3-Costa-Daurada-Bike-Race-500x375.jpg 500w, https:\/\/mont-roig.cat\/wp-content\/uploads\/Presentaci\u00f3-Costa-Daurada-Bike-Race-768x576.jpg 768w, https:\/\/mont-roig.cat\/wp-content\/uploads\/Presentaci\u00f3-Costa-Daurada-Bike-Race-1024x768.jpg 1024w, https:\/\/mont-roig.cat\/wp-content\/uploads\/Presentaci\u00f3-Costa-Daurada-Bike-Race-463x348.jpg 463w\" sizes=\"auto, (max-width: 300px) 100vw, 300px\" \/><\/a><p id=\"caption-attachment-28232\" class=\"wp-caption-text\">Impulsores de la Costa Dorada Bike Race<\/p><\/div>\n<p>Mont-roig y Miami Platja acoger\u00e1n la Costa Dorada Bike Race, la primera prueba deportiva de mountain bike de 3 etapas, \u00fanica en la Costa Dorada, que tendr\u00e1 lugar los d\u00edas 19, 20 y 21 de octubre de 2018.<\/p>\n<p>La competici\u00f3n est\u00e1 organizada por las empresas locales camping Els Prats y Megabici y cuenta con el apoyo y la colaboraci\u00f3n del Ayuntamiento de Mont-roig del Camp. El evento, que tendr\u00e1 participaci\u00f3n internacional, quiere convertirse en un referente para los amantes de la BTT, donde deportistas y acompa\u00f1antes, adem\u00e1s, puedan compartir una experiencia que se complementa con los recursos gastron\u00f3micos, tur\u00edsticos y culturales del municipio de Mont-roig del Camp.<\/p>\n<p>El acto de presentaci\u00f3n, que ha tenido lugar esta ma\u00f1ana en el camping Els Prats, ha contado con la presencia del alcalde de Mont-roig del Camp, Fran Morancho; David Llaurad\u00f3, en representaci\u00f3n de la Federaci\u00f3n Catalana de Ciclismo, Milton Ramos, como embajador de la competici\u00f3n y Lope Miguel, codirector de carrera y propietario de una de las empresas organizadoras.<\/p>\n<p>Lope Miguel, codirector de la carrera ha explicado que uno de los puntos fuertes de esta propuesta es que est\u00e1 pensada para los corredores y sus familias. As\u00ed, para los tres d\u00edas hay preparadas actividades paralelas para que los acompa\u00f1antes disfruten tanto o m\u00e1s que los deportistas. Miguel explic\u00f3 que &#8220;queremos que vean el territorio, que participen en las actividades complementarias y que el pr\u00f3ximo a\u00f1o sea la familia quien pida ir a la Costa Dorada Bike Race&#8221;. Por otra parte tambi\u00e9n ha destacado el entorno por el que transcurrir\u00e1 la competici\u00f3n, con una de las mejores vistas del Camp de Tarragona desde la Ermita de la Mare de D\u00e9u de la Roca o el gran potencial de este territorio para recorrer con BTT.<\/p>\n<p>Milton Ramos, corredor profesional y embajador de la competici\u00f3n ha dicho que &#8220;la Costa Dorada Bike Race tiene muchos de los aspectos que tienen las carreras excelentes, como por ejemplo la ubicaci\u00f3n o las instalaciones excepcionales&#8221;. Adem\u00e1s ha dicho que este ser\u00e1 el inicio de un gran proyecto.<\/p>\n<p>Por su parte, David Llaurad\u00f3, delegado de la Federaci\u00f3n Catalana de Ciclismo ha hablado de la importancia de poner en marcha pruebas como la que hoy se ha presentado &#8220;por su nivel, por su organizaci\u00f3n y por ser \u00fanica en este territorio&#8221;.<\/p>\n<p>Finalmente, el alcalde Fran Morancho ha felicitado la iniciativa de las empresas organizadoras por el impulso y la fuerza que tendr\u00e1 esta competici\u00f3n y espera que &#8220;dentro de unos a\u00f1os tenga repercusi\u00f3n mundial&#8221;. Adem\u00e1s ha destacado la importancia de &#8220;llevar hasta 500 corredores y sus familias, fuera de la temporada tur\u00edstica en el municipio&#8221; y ha remarcado que el trabajo conjunto entre la iniciativa privada y la p\u00fablica es garant\u00eda de \u00e9xito.<\/p>\n<p><strong>3 d\u00edas, 3 etapas<\/strong><\/p>\n<p>La primera de las etapas es una crono r\u00e1pida que llevar\u00e1 a los participantes hasta la Ermita de la Mare de D\u00e9u de la Roca. La segunda etapa, que es la m\u00e1s dura de las tres y con m\u00e1s desnivel y kilometraje, tendr\u00e1 punto de salida y llegada al n\u00facleo de Miami Platja y pasar\u00e1 por localidades vecinas como Pratdip o Vandell\u00f2s. Finalmente el tercer d\u00eda es la etapa m\u00e1s r\u00e1pida y tendr\u00e1 punto de salida y llegada en el camping, pasando tambi\u00e9n por otros municipios de la comarca.<\/p>\n<p>El camping Els Prats es la sede deportiva del evento, que pone a disposici\u00f3n de los ciclistas y sus familias alojamiento, gastronom\u00eda, un programa de animaci\u00f3n, as\u00ed como servicios especializados para las bicicletas gracias a Megabici.<\/p>\n<p>Las inscripciones ya est\u00e1n abiertas y se pueden hacer hasta el 16 de octubre. M\u00e1s informaci\u00f3n en: www.costadauradabikerace.com: <a href=\"http:\/\/www.costadauradabikerace.com\" target=\"_blank\" rel=\"noopener\">www.costadauradabikerace.com<\/a><\/p>\n","protected":false},"excerpt":{"rendered":"<p>La prueba deportiva, de 3 etapas, se celebrar\u00e1 los d\u00edas 19, 20 y 21 de octubre y est\u00e1 pensada para que ciclistas y acompa\u00f1antes puedan disfrutar de la experiencia Mont-roig y Miami Platja acoger\u00e1n la Costa Dorada Bike Race, la primera prueba deportiva de mountain bike de 3 etapas, \u00fanica en la Costa Dorada, que [&hellip;]<\/p>\n","protected":false},"author":4,"featured_media":28232,"comment_status":"closed","ping_status":"closed","sticky":false,"template":"","format":"standard","meta":{"inline_featured_image":false,"_monsterinsights_skip_tracking":false,"_monsterinsights_sitenote_active":false,"_monsterinsights_sitenote_note":"","_monsterinsights_sitenote_category":0,"footnotes":""},"categories":[98,104,115],"tags":[],"class_list":["post-28234","post","type-post","status-publish","format-standard","has-post-thumbnail","hentry","category-ayuntamiento","category-deportes","category-turismo"],"yoast_head":"<!-- This site is optimized with the Yoast SEO plugin v27.4 - https:\/\/yoast.com\/product\/yoast-seo-wordpress\/ -->\n<title>Mont-roig y Miami Platja acogen la primera Costa Dorada Bike Race, una competici\u00f3n de BTT \u00fanica en la demarcaci\u00f3n - Ajuntament de Mont-roig del Camp<\/title>\n<meta name=\"robots\" content=\"index, follow, max-snippet:-1, max-image-preview:large, max-video-preview:-1\" \/>\n<link rel=\"canonical\" href=\"https:\/\/mont-roig.cat\/es\/actualitat\/noticies\/mont-roig-y-miami-platja-acogen-la-primera-costa-dorada-bike-race-una-competicion-de-btt-unica-en-la-demarcacion\/\" \/>\n<meta property=\"og:locale\" content=\"es_ES\" \/>\n<meta property=\"og:type\" content=\"article\" \/>\n<meta property=\"og:title\" content=\"Mont-roig y Miami Platja acogen la primera Costa Dorada Bike Race, una competici\u00f3n de BTT \u00fanica en la demarcaci\u00f3n - Ajuntament de Mont-roig del Camp\" \/>\n<meta property=\"og:description\" content=\"La prueba deportiva, de 3 etapas, se celebrar\u00e1 los d\u00edas 19, 20 y 21 de octubre y est\u00e1 pensada para que ciclistas y acompa\u00f1antes puedan disfrutar de la experiencia Mont-roig y Miami Platja acoger\u00e1n la Costa Dorada Bike Race, la primera prueba deportiva de mountain bike de 3 etapas, \u00fanica en la Costa Dorada, que [&hellip;]\" \/>\n<meta property=\"og:url\" content=\"https:\/\/mont-roig.cat\/es\/actualitat\/noticies\/mont-roig-y-miami-platja-acogen-la-primera-costa-dorada-bike-race-una-competicion-de-btt-unica-en-la-demarcacion\/\" \/>\n<meta property=\"og:site_name\" content=\"Ajuntament de Mont-roig del Camp\" \/>\n<meta property=\"article:published_time\" content=\"2018-06-07T13:21:20+00:00\" \/>\n<meta property=\"og:image\" content=\"https:\/\/mont-roig.cat\/wp-content\/uploads\/Presentaci\u00f3-Costa-Daurada-Bike-Race.jpg\" \/>\n\t<meta property=\"og:image:width\" content=\"1920\" \/>\n\t<meta property=\"og:image:height\" content=\"1440\" \/>\n\t<meta property=\"og:image:type\" content=\"image\/jpeg\" \/>\n<meta name=\"author\" content=\"administrador\" \/>\n<meta name=\"twitter:card\" content=\"summary_large_image\" \/>\n<meta name=\"twitter:label1\" content=\"Escrito por\" \/>\n\t<meta name=\"twitter:data1\" content=\"administrador\" \/>\n\t<meta name=\"twitter:label2\" content=\"Tiempo de lectura\" \/>\n\t<meta name=\"twitter:data2\" content=\"3 minutos\" \/>\n<script type=\"application\/ld+json\" class=\"yoast-schema-graph\">{\"@context\":\"https:\\\/\\\/schema.org\",\"@graph\":[{\"@type\":\"Article\",\"@id\":\"https:\\\/\\\/mont-roig.cat\\\/es\\\/actualitat\\\/noticies\\\/mont-roig-y-miami-platja-acogen-la-primera-costa-dorada-bike-race-una-competicion-de-btt-unica-en-la-demarcacion\\\/#article\",\"isPartOf\":{\"@id\":\"https:\\\/\\\/mont-roig.cat\\\/es\\\/actualitat\\\/noticies\\\/mont-roig-y-miami-platja-acogen-la-primera-costa-dorada-bike-race-una-competicion-de-btt-unica-en-la-demarcacion\\\/\"},\"author\":{\"name\":\"administrador\",\"@id\":\"https:\\\/\\\/mont-roig.cat\\\/es\\\/#\\\/schema\\\/person\\\/f2b111789f22b7d0c3bd6786c9128cba\"},\"headline\":\"Mont-roig y Miami Platja acogen la primera Costa Dorada Bike Race, una competici\u00f3n de BTT \u00fanica en la demarcaci\u00f3n\",\"datePublished\":\"2018-06-07T13:21:20+00:00\",\"mainEntityOfPage\":{\"@id\":\"https:\\\/\\\/mont-roig.cat\\\/es\\\/actualitat\\\/noticies\\\/mont-roig-y-miami-platja-acogen-la-primera-costa-dorada-bike-race-una-competicion-de-btt-unica-en-la-demarcacion\\\/\"},\"wordCount\":708,\"image\":{\"@id\":\"https:\\\/\\\/mont-roig.cat\\\/es\\\/actualitat\\\/noticies\\\/mont-roig-y-miami-platja-acogen-la-primera-costa-dorada-bike-race-una-competicion-de-btt-unica-en-la-demarcacion\\\/#primaryimage\"},\"thumbnailUrl\":\"https:\\\/\\\/mont-roig.cat\\\/wp-content\\\/uploads\\\/Presentaci\u00f3-Costa-Daurada-Bike-Race.jpg\",\"articleSection\":[\"Ayuntamiento\",\"Deportes\",\"Turismo\"],\"inLanguage\":\"es\"},{\"@type\":\"WebPage\",\"@id\":\"https:\\\/\\\/mont-roig.cat\\\/es\\\/actualitat\\\/noticies\\\/mont-roig-y-miami-platja-acogen-la-primera-costa-dorada-bike-race-una-competicion-de-btt-unica-en-la-demarcacion\\\/\",\"url\":\"https:\\\/\\\/mont-roig.cat\\\/es\\\/actualitat\\\/noticies\\\/mont-roig-y-miami-platja-acogen-la-primera-costa-dorada-bike-race-una-competicion-de-btt-unica-en-la-demarcacion\\\/\",\"name\":\"Mont-roig y Miami Platja acogen la primera Costa Dorada Bike Race, una competici\u00f3n de BTT \u00fanica en la demarcaci\u00f3n - Ajuntament de Mont-roig del Camp\",\"isPartOf\":{\"@id\":\"https:\\\/\\\/mont-roig.cat\\\/es\\\/#website\"},\"primaryImageOfPage\":{\"@id\":\"https:\\\/\\\/mont-roig.cat\\\/es\\\/actualitat\\\/noticies\\\/mont-roig-y-miami-platja-acogen-la-primera-costa-dorada-bike-race-una-competicion-de-btt-unica-en-la-demarcacion\\\/#primaryimage\"},\"image\":{\"@id\":\"https:\\\/\\\/mont-roig.cat\\\/es\\\/actualitat\\\/noticies\\\/mont-roig-y-miami-platja-acogen-la-primera-costa-dorada-bike-race-una-competicion-de-btt-unica-en-la-demarcacion\\\/#primaryimage\"},\"thumbnailUrl\":\"https:\\\/\\\/mont-roig.cat\\\/wp-content\\\/uploads\\\/Presentaci\u00f3-Costa-Daurada-Bike-Race.jpg\",\"datePublished\":\"2018-06-07T13:21:20+00:00\",\"author\":{\"@id\":\"https:\\\/\\\/mont-roig.cat\\\/es\\\/#\\\/schema\\\/person\\\/f2b111789f22b7d0c3bd6786c9128cba\"},\"breadcrumb\":{\"@id\":\"https:\\\/\\\/mont-roig.cat\\\/es\\\/actualitat\\\/noticies\\\/mont-roig-y-miami-platja-acogen-la-primera-costa-dorada-bike-race-una-competicion-de-btt-unica-en-la-demarcacion\\\/#breadcrumb\"},\"inLanguage\":\"es\",\"potentialAction\":[{\"@type\":\"ReadAction\",\"target\":[\"https:\\\/\\\/mont-roig.cat\\\/es\\\/actualitat\\\/noticies\\\/mont-roig-y-miami-platja-acogen-la-primera-costa-dorada-bike-race-una-competicion-de-btt-unica-en-la-demarcacion\\\/\"]}]},{\"@type\":\"ImageObject\",\"inLanguage\":\"es\",\"@id\":\"https:\\\/\\\/mont-roig.cat\\\/es\\\/actualitat\\\/noticies\\\/mont-roig-y-miami-platja-acogen-la-primera-costa-dorada-bike-race-una-competicion-de-btt-unica-en-la-demarcacion\\\/#primaryimage\",\"url\":\"https:\\\/\\\/mont-roig.cat\\\/wp-content\\\/uploads\\\/Presentaci\u00f3-Costa-Daurada-Bike-Race.jpg\",\"contentUrl\":\"https:\\\/\\\/mont-roig.cat\\\/wp-content\\\/uploads\\\/Presentaci\u00f3-Costa-Daurada-Bike-Race.jpg\",\"width\":1920,\"height\":1440},{\"@type\":\"BreadcrumbList\",\"@id\":\"https:\\\/\\\/mont-roig.cat\\\/es\\\/actualitat\\\/noticies\\\/mont-roig-y-miami-platja-acogen-la-primera-costa-dorada-bike-race-una-competicion-de-btt-unica-en-la-demarcacion\\\/#breadcrumb\",\"itemListElement\":[{\"@type\":\"ListItem\",\"position\":1,\"name\":\"Inici\",\"item\":\"https:\\\/\\\/mont-roig.cat\\\/es\\\/pagina-de-inicio\\\/\"},{\"@type\":\"ListItem\",\"position\":2,\"name\":\"Mont-roig y Miami Platja acogen la primera Costa Dorada Bike Race, una competici\u00f3n de BTT \u00fanica en la demarcaci\u00f3n\"}]},{\"@type\":\"WebSite\",\"@id\":\"https:\\\/\\\/mont-roig.cat\\\/es\\\/#website\",\"url\":\"https:\\\/\\\/mont-roig.cat\\\/es\\\/\",\"name\":\"Ajuntament de Mont-roig del Camp\",\"description\":\"Tota la informaci\u00f3 sobre la instituci\u00f3, els seus \u00f2rgans de govern, actualitat, serveis i molt m\u00e9s.\",\"potentialAction\":[{\"@type\":\"SearchAction\",\"target\":{\"@type\":\"EntryPoint\",\"urlTemplate\":\"https:\\\/\\\/mont-roig.cat\\\/es\\\/?s={search_term_string}\"},\"query-input\":{\"@type\":\"PropertyValueSpecification\",\"valueRequired\":true,\"valueName\":\"search_term_string\"}}],\"inLanguage\":\"es\"},{\"@type\":\"Person\",\"@id\":\"https:\\\/\\\/mont-roig.cat\\\/es\\\/#\\\/schema\\\/person\\\/f2b111789f22b7d0c3bd6786c9128cba\",\"name\":\"administrador\",\"image\":{\"@type\":\"ImageObject\",\"inLanguage\":\"es\",\"@id\":\"https:\\\/\\\/secure.gravatar.com\\\/avatar\\\/9137aac6891e2595c9d3036fd83bcb653b4db3c946db4c7d9b9be193c3c944bb?s=96&d=mm&r=g\",\"url\":\"https:\\\/\\\/secure.gravatar.com\\\/avatar\\\/9137aac6891e2595c9d3036fd83bcb653b4db3c946db4c7d9b9be193c3c944bb?s=96&d=mm&r=g\",\"contentUrl\":\"https:\\\/\\\/secure.gravatar.com\\\/avatar\\\/9137aac6891e2595c9d3036fd83bcb653b4db3c946db4c7d9b9be193c3c944bb?s=96&d=mm&r=g\",\"caption\":\"administrador\"},\"url\":\"https:\\\/\\\/mont-roig.cat\\\/es\\\/actualitat\\\/noticies\\\/author\\\/administrador\\\/\"}]}<\/script>\n<!-- \/ Yoast SEO plugin. -->","yoast_head_json":{"title":"Mont-roig y Miami Platja acogen la primera Costa Dorada Bike Race, una competici\u00f3n de BTT \u00fanica en la demarcaci\u00f3n - Ajuntament de Mont-roig del Camp","robots":{"index":"index","follow":"follow","max-snippet":"max-snippet:-1","max-image-preview":"max-image-preview:large","max-video-preview":"max-video-preview:-1"},"canonical":"https:\/\/mont-roig.cat\/es\/actualitat\/noticies\/mont-roig-y-miami-platja-acogen-la-primera-costa-dorada-bike-race-una-competicion-de-btt-unica-en-la-demarcacion\/","og_locale":"es_ES","og_type":"article","og_title":"Mont-roig y Miami Platja acogen la primera Costa Dorada Bike Race, una competici\u00f3n de BTT \u00fanica en la demarcaci\u00f3n - Ajuntament de Mont-roig del Camp","og_description":"La prueba deportiva, de 3 etapas, se celebrar\u00e1 los d\u00edas 19, 20 y 21 de octubre y est\u00e1 pensada para que ciclistas y acompa\u00f1antes puedan disfrutar de la experiencia Mont-roig y Miami Platja acoger\u00e1n la Costa Dorada Bike Race, la primera prueba deportiva de mountain bike de 3 etapas, \u00fanica en la Costa Dorada, que [&hellip;]","og_url":"https:\/\/mont-roig.cat\/es\/actualitat\/noticies\/mont-roig-y-miami-platja-acogen-la-primera-costa-dorada-bike-race-una-competicion-de-btt-unica-en-la-demarcacion\/","og_site_name":"Ajuntament de Mont-roig del Camp","article_published_time":"2018-06-07T13:21:20+00:00","og_image":[{"width":1920,"height":1440,"url":"https:\/\/mont-roig.cat\/wp-content\/uploads\/Presentaci\u00f3-Costa-Daurada-Bike-Race.jpg","type":"image\/jpeg"}],"author":"administrador","twitter_card":"summary_large_image","twitter_misc":{"Escrito por":"administrador","Tiempo de lectura":"3 minutos"},"schema":{"@context":"https:\/\/schema.org","@graph":[{"@type":"Article","@id":"https:\/\/mont-roig.cat\/es\/actualitat\/noticies\/mont-roig-y-miami-platja-acogen-la-primera-costa-dorada-bike-race-una-competicion-de-btt-unica-en-la-demarcacion\/#article","isPartOf":{"@id":"https:\/\/mont-roig.cat\/es\/actualitat\/noticies\/mont-roig-y-miami-platja-acogen-la-primera-costa-dorada-bike-race-una-competicion-de-btt-unica-en-la-demarcacion\/"},"author":{"name":"administrador","@id":"https:\/\/mont-roig.cat\/es\/#\/schema\/person\/f2b111789f22b7d0c3bd6786c9128cba"},"headline":"Mont-roig y Miami Platja acogen la primera Costa Dorada Bike Race, una competici\u00f3n de BTT \u00fanica en la demarcaci\u00f3n","datePublished":"2018-06-07T13:21:20+00:00","mainEntityOfPage":{"@id":"https:\/\/mont-roig.cat\/es\/actualitat\/noticies\/mont-roig-y-miami-platja-acogen-la-primera-costa-dorada-bike-race-una-competicion-de-btt-unica-en-la-demarcacion\/"},"wordCount":708,"image":{"@id":"https:\/\/mont-roig.cat\/es\/actualitat\/noticies\/mont-roig-y-miami-platja-acogen-la-primera-costa-dorada-bike-race-una-competicion-de-btt-unica-en-la-demarcacion\/#primaryimage"},"thumbnailUrl":"https:\/\/mont-roig.cat\/wp-content\/uploads\/Presentaci\u00f3-Costa-Daurada-Bike-Race.jpg","articleSection":["Ayuntamiento","Deportes","Turismo"],"inLanguage":"es"},{"@type":"WebPage","@id":"https:\/\/mont-roig.cat\/es\/actualitat\/noticies\/mont-roig-y-miami-platja-acogen-la-primera-costa-dorada-bike-race-una-competicion-de-btt-unica-en-la-demarcacion\/","url":"https:\/\/mont-roig.cat\/es\/actualitat\/noticies\/mont-roig-y-miami-platja-acogen-la-primera-costa-dorada-bike-race-una-competicion-de-btt-unica-en-la-demarcacion\/","name":"Mont-roig y Miami Platja acogen la primera Costa Dorada Bike Race, una competici\u00f3n de BTT \u00fanica en la demarcaci\u00f3n - Ajuntament de Mont-roig del Camp","isPartOf":{"@id":"https:\/\/mont-roig.cat\/es\/#website"},"primaryImageOfPage":{"@id":"https:\/\/mont-roig.cat\/es\/actualitat\/noticies\/mont-roig-y-miami-platja-acogen-la-primera-costa-dorada-bike-race-una-competicion-de-btt-unica-en-la-demarcacion\/#primaryimage"},"image":{"@id":"https:\/\/mont-roig.cat\/es\/actualitat\/noticies\/mont-roig-y-miami-platja-acogen-la-primera-costa-dorada-bike-race-una-competicion-de-btt-unica-en-la-demarcacion\/#primaryimage"},"thumbnailUrl":"https:\/\/mont-roig.cat\/wp-content\/uploads\/Presentaci\u00f3-Costa-Daurada-Bike-Race.jpg","datePublished":"2018-06-07T13:21:20+00:00","author":{"@id":"https:\/\/mont-roig.cat\/es\/#\/schema\/person\/f2b111789f22b7d0c3bd6786c9128cba"},"breadcrumb":{"@id":"https:\/\/mont-roig.cat\/es\/actualitat\/noticies\/mont-roig-y-miami-platja-acogen-la-primera-costa-dorada-bike-race-una-competicion-de-btt-unica-en-la-demarcacion\/#breadcrumb"},"inLanguage":"es","potentialAction":[{"@type":"ReadAction","target":["https:\/\/mont-roig.cat\/es\/actualitat\/noticies\/mont-roig-y-miami-platja-acogen-la-primera-costa-dorada-bike-race-una-competicion-de-btt-unica-en-la-demarcacion\/"]}]},{"@type":"ImageObject","inLanguage":"es","@id":"https:\/\/mont-roig.cat\/es\/actualitat\/noticies\/mont-roig-y-miami-platja-acogen-la-primera-costa-dorada-bike-race-una-competicion-de-btt-unica-en-la-demarcacion\/#primaryimage","url":"https:\/\/mont-roig.cat\/wp-content\/uploads\/Presentaci\u00f3-Costa-Daurada-Bike-Race.jpg","contentUrl":"https:\/\/mont-roig.cat\/wp-content\/uploads\/Presentaci\u00f3-Costa-Daurada-Bike-Race.jpg","width":1920,"height":1440},{"@type":"BreadcrumbList","@id":"https:\/\/mont-roig.cat\/es\/actualitat\/noticies\/mont-roig-y-miami-platja-acogen-la-primera-costa-dorada-bike-race-una-competicion-de-btt-unica-en-la-demarcacion\/#breadcrumb","itemListElement":[{"@type":"ListItem","position":1,"name":"Inici","item":"https:\/\/mont-roig.cat\/es\/pagina-de-inicio\/"},{"@type":"ListItem","position":2,"name":"Mont-roig y Miami Platja acogen la primera Costa Dorada Bike Race, una competici\u00f3n de BTT \u00fanica en la demarcaci\u00f3n"}]},{"@type":"WebSite","@id":"https:\/\/mont-roig.cat\/es\/#website","url":"https:\/\/mont-roig.cat\/es\/","name":"Ajuntament de Mont-roig del Camp","description":"Tota la informaci\u00f3 sobre la instituci\u00f3, els seus \u00f2rgans de govern, actualitat, serveis i molt m\u00e9s.","potentialAction":[{"@type":"SearchAction","target":{"@type":"EntryPoint","urlTemplate":"https:\/\/mont-roig.cat\/es\/?s={search_term_string}"},"query-input":{"@type":"PropertyValueSpecification","valueRequired":true,"valueName":"search_term_string"}}],"inLanguage":"es"},{"@type":"Person","@id":"https:\/\/mont-roig.cat\/es\/#\/schema\/person\/f2b111789f22b7d0c3bd6786c9128cba","name":"administrador","image":{"@type":"ImageObject","inLanguage":"es","@id":"https:\/\/secure.gravatar.com\/avatar\/9137aac6891e2595c9d3036fd83bcb653b4db3c946db4c7d9b9be193c3c944bb?s=96&d=mm&r=g","url":"https:\/\/secure.gravatar.com\/avatar\/9137aac6891e2595c9d3036fd83bcb653b4db3c946db4c7d9b9be193c3c944bb?s=96&d=mm&r=g","contentUrl":"https:\/\/secure.gravatar.com\/avatar\/9137aac6891e2595c9d3036fd83bcb653b4db3c946db4c7d9b9be193c3c944bb?s=96&d=mm&r=g","caption":"administrador"},"url":"https:\/\/mont-roig.cat\/es\/actualitat\/noticies\/author\/administrador\/"}]}},"_links":{"self":[{"href":"https:\/\/mont-roig.cat\/es\/wp-json\/wp\/v2\/posts\/28234","targetHints":{"allow":["GET"]}}],"collection":[{"href":"https:\/\/mont-roig.cat\/es\/wp-json\/wp\/v2\/posts"}],"about":[{"href":"https:\/\/mont-roig.cat\/es\/wp-json\/wp\/v2\/types\/post"}],"author":[{"embeddable":true,"href":"https:\/\/mont-roig.cat\/es\/wp-json\/wp\/v2\/users\/4"}],"replies":[{"embeddable":true,"href":"https:\/\/mont-roig.cat\/es\/wp-json\/wp\/v2\/comments?post=28234"}],"version-history":[{"count":2,"href":"https:\/\/mont-roig.cat\/es\/wp-json\/wp\/v2\/posts\/28234\/revisions"}],"predecessor-version":[{"id":28236,"href":"https:\/\/mont-roig.cat\/es\/wp-json\/wp\/v2\/posts\/28234\/revisions\/28236"}],"wp:featuredmedia":[{"embeddable":true,"href":"https:\/\/mont-roig.cat\/es\/wp-json\/wp\/v2\/media\/28232"}],"wp:attachment":[{"href":"https:\/\/mont-roig.cat\/es\/wp-json\/wp\/v2\/media?parent=28234"}],"wp:term":[{"taxonomy":"category","embeddable":true,"href":"https:\/\/mont-roig.cat\/es\/wp-json\/wp\/v2\/categories?post=28234"},{"taxonomy":"post_tag","embeddable":true,"href":"https:\/\/mont-roig.cat\/es\/wp-json\/wp\/v2\/tags?post=28234"}],"curies":[{"name":"wp","href":"https:\/\/api.w.org\/{rel}","templated":true}]}}