{"id":28375,"date":"2018-06-15T12:21:21","date_gmt":"2018-06-15T10:21:21","guid":{"rendered":"https:\/\/mont-roig.cat\/?p=28375"},"modified":"2018-06-15T12:21:21","modified_gmt":"2018-06-15T10:21:21","slug":"evolucion-de-las-obras-de-la-avenida-barcelona-2","status":"publish","type":"post","link":"https:\/\/mont-roig.cat\/es\/actualitat\/noticies\/evolucion-de-las-obras-de-la-avenida-barcelona-2\/","title":{"rendered":"Evoluci\u00f3n de las obras de la avenida Barcelona"},"content":{"rendered":"<div id=\"attachment_28373\" style=\"width: 310px\" class=\"wp-caption alignright\"><a href=\"https:\/\/mont-roig.cat\/wp-content\/uploads\/Col\u00b7lector-avinguda-Barcelona.jpg\"><img loading=\"lazy\" decoding=\"async\" aria-describedby=\"caption-attachment-28373\" class=\"wp-image-28373\" src=\"https:\/\/mont-roig.cat\/wp-content\/uploads\/Col\u00b7lector-avinguda-Barcelona.jpg\" alt=\"\" width=\"300\" height=\"203\" srcset=\"https:\/\/mont-roig.cat\/wp-content\/uploads\/Col\u00b7lector-avinguda-Barcelona.jpg 1920w, https:\/\/mont-roig.cat\/wp-content\/uploads\/Col\u00b7lector-avinguda-Barcelona-500x337.jpg 500w, https:\/\/mont-roig.cat\/wp-content\/uploads\/Col\u00b7lector-avinguda-Barcelona-768x518.jpg 768w, https:\/\/mont-roig.cat\/wp-content\/uploads\/Col\u00b7lector-avinguda-Barcelona-1024x691.jpg 1024w\" sizes=\"auto, (max-width: 300px) 100vw, 300px\" \/><\/a><p id=\"caption-attachment-28373\" class=\"wp-caption-text\">Instalaci\u00f3n del colector de aguas residuales<\/p><\/div>\n<p>El Ayuntamiento de Mont-roig del Camp informa de las novedades en relaci\u00f3n a la obra de renovaci\u00f3n y mejora de los servicios urbanos y pavimentaci\u00f3n de cerca de un kil\u00f3metro de la avenida Barcelona.<\/p>\n<ul>\n<li>La iluminaci\u00f3n provisional en el tramo plaza Tarragona avenida Viena, ya hace unos d\u00edas que funciona correctamente. Por otra parte se est\u00e1 preparando para que funcione tambi\u00e9n hasta avenida C\u00e1diz, que entrar\u00e1 en funcionamiento la pr\u00f3xima semana, lo que permitir\u00e1 desmontar la instalaci\u00f3n actual.<\/li>\n<li>Los sem\u00e1foros de plaza Ja\u00e9n ya funcionan de forma intermitente con los pulsadores para los peatones.<\/li>\n<li>Esta semana ha terminado la demolici\u00f3n del firme hasta avenida C\u00e1diz, final de obra, excepto los cruces (avenida Veracruz, California, Los \u00c1ngeles, Viena y Par\u00eds) donde no se trabajar\u00e1 hasta despu\u00e9s del verano, de tal manera que en estos puntos se podr\u00e1 atravesar a pie y en coche.<\/li>\n<li>Esta semana contin\u00faan los trabajos de reposici\u00f3n del colector de aguas residuales, entre avenida Par\u00eds y avenida California, en ambos lados de la avenida.<\/li>\n<li>A partir del lunes se cierran los dos laterales de la avenida, entre Viena y California, restringiendo la circulaci\u00f3n de veh\u00edculos y dejando el paso para los peatones en las aceras.<\/li>\n<li>Tambi\u00e9n la pr\u00f3xima semana se colocar\u00e1 el cierre perimetral delimitando la zona de obras y se eliminar\u00e1n los parterres ajardinados en este mismo tramo.<\/li>\n<li>Se est\u00e1 terminando de colocar la se\u00f1alizaci\u00f3n vertical orientativa de zonas comerciales, playas y aparcamientos, entre otros.<\/li>\n<\/ul>\n","protected":false},"excerpt":{"rendered":"<p>El Ayuntamiento de Mont-roig del Camp informa de las novedades en relaci\u00f3n a la obra de renovaci\u00f3n y mejora de los servicios urbanos y pavimentaci\u00f3n de cerca de un kil\u00f3metro de la avenida Barcelona. La iluminaci\u00f3n provisional en el tramo plaza Tarragona avenida Viena, ya hace unos d\u00edas que funciona correctamente. Por otra parte se [&hellip;]<\/p>\n","protected":false},"author":4,"featured_media":28373,"comment_status":"closed","ping_status":"closed","sticky":false,"template":"","format":"standard","meta":{"inline_featured_image":false,"_monsterinsights_skip_tracking":false,"_monsterinsights_sitenote_active":false,"_monsterinsights_sitenote_note":"","_monsterinsights_sitenote_category":0,"footnotes":""},"categories":[98,116],"tags":[],"class_list":["post-28375","post","type-post","status-publish","format-standard","has-post-thumbnail","hentry","category-ayuntamiento","category-urbanismo-y-obras"],"yoast_head":"<!-- This site is optimized with the Yoast SEO plugin v27.4 - https:\/\/yoast.com\/product\/yoast-seo-wordpress\/ -->\n<title>Evoluci\u00f3n de las obras de la avenida Barcelona - Ajuntament de Mont-roig del Camp<\/title>\n<meta name=\"robots\" content=\"index, follow, max-snippet:-1, max-image-preview:large, max-video-preview:-1\" \/>\n<link rel=\"canonical\" href=\"https:\/\/mont-roig.cat\/es\/actualitat\/noticies\/evolucion-de-las-obras-de-la-avenida-barcelona-2\/\" \/>\n<meta property=\"og:locale\" content=\"es_ES\" \/>\n<meta property=\"og:type\" content=\"article\" \/>\n<meta property=\"og:title\" content=\"Evoluci\u00f3n de las obras de la avenida Barcelona - Ajuntament de Mont-roig del Camp\" \/>\n<meta property=\"og:description\" content=\"El Ayuntamiento de Mont-roig del Camp informa de las novedades en relaci\u00f3n a la obra de renovaci\u00f3n y mejora de los servicios urbanos y pavimentaci\u00f3n de cerca de un kil\u00f3metro de la avenida Barcelona. La iluminaci\u00f3n provisional en el tramo plaza Tarragona avenida Viena, ya hace unos d\u00edas que funciona correctamente. Por otra parte se [&hellip;]\" \/>\n<meta property=\"og:url\" content=\"https:\/\/mont-roig.cat\/es\/actualitat\/noticies\/evolucion-de-las-obras-de-la-avenida-barcelona-2\/\" \/>\n<meta property=\"og:site_name\" content=\"Ajuntament de Mont-roig del Camp\" \/>\n<meta property=\"article:published_time\" content=\"2018-06-15T10:21:21+00:00\" \/>\n<meta property=\"og:image\" content=\"https:\/\/mont-roig.cat\/wp-content\/uploads\/Col\u00b7lector-avinguda-Barcelona.jpg\" \/>\n\t<meta property=\"og:image:width\" content=\"1920\" \/>\n\t<meta property=\"og:image:height\" content=\"1296\" \/>\n\t<meta property=\"og:image:type\" content=\"image\/jpeg\" \/>\n<meta name=\"author\" content=\"administrador\" \/>\n<meta name=\"twitter:card\" content=\"summary_large_image\" \/>\n<meta name=\"twitter:label1\" content=\"Escrito por\" \/>\n\t<meta name=\"twitter:data1\" content=\"administrador\" \/>\n\t<meta name=\"twitter:label2\" content=\"Tiempo de lectura\" \/>\n\t<meta name=\"twitter:data2\" content=\"1 minuto\" \/>\n<script type=\"application\/ld+json\" class=\"yoast-schema-graph\">{\"@context\":\"https:\\\/\\\/schema.org\",\"@graph\":[{\"@type\":\"Article\",\"@id\":\"https:\\\/\\\/mont-roig.cat\\\/es\\\/actualitat\\\/noticies\\\/evolucion-de-las-obras-de-la-avenida-barcelona-2\\\/#article\",\"isPartOf\":{\"@id\":\"https:\\\/\\\/mont-roig.cat\\\/es\\\/actualitat\\\/noticies\\\/evolucion-de-las-obras-de-la-avenida-barcelona-2\\\/\"},\"author\":{\"name\":\"administrador\",\"@id\":\"https:\\\/\\\/mont-roig.cat\\\/es\\\/#\\\/schema\\\/person\\\/f2b111789f22b7d0c3bd6786c9128cba\"},\"headline\":\"Evoluci\u00f3n de las obras de la avenida Barcelona\",\"datePublished\":\"2018-06-15T10:21:21+00:00\",\"mainEntityOfPage\":{\"@id\":\"https:\\\/\\\/mont-roig.cat\\\/es\\\/actualitat\\\/noticies\\\/evolucion-de-las-obras-de-la-avenida-barcelona-2\\\/\"},\"wordCount\":287,\"image\":{\"@id\":\"https:\\\/\\\/mont-roig.cat\\\/es\\\/actualitat\\\/noticies\\\/evolucion-de-las-obras-de-la-avenida-barcelona-2\\\/#primaryimage\"},\"thumbnailUrl\":\"https:\\\/\\\/mont-roig.cat\\\/wp-content\\\/uploads\\\/Col\u00b7lector-avinguda-Barcelona.jpg\",\"articleSection\":[\"Ayuntamiento\",\"Urbanismo y obras\"],\"inLanguage\":\"es\"},{\"@type\":\"WebPage\",\"@id\":\"https:\\\/\\\/mont-roig.cat\\\/es\\\/actualitat\\\/noticies\\\/evolucion-de-las-obras-de-la-avenida-barcelona-2\\\/\",\"url\":\"https:\\\/\\\/mont-roig.cat\\\/es\\\/actualitat\\\/noticies\\\/evolucion-de-las-obras-de-la-avenida-barcelona-2\\\/\",\"name\":\"Evoluci\u00f3n de las obras de la avenida Barcelona - Ajuntament de Mont-roig del Camp\",\"isPartOf\":{\"@id\":\"https:\\\/\\\/mont-roig.cat\\\/es\\\/#website\"},\"primaryImageOfPage\":{\"@id\":\"https:\\\/\\\/mont-roig.cat\\\/es\\\/actualitat\\\/noticies\\\/evolucion-de-las-obras-de-la-avenida-barcelona-2\\\/#primaryimage\"},\"image\":{\"@id\":\"https:\\\/\\\/mont-roig.cat\\\/es\\\/actualitat\\\/noticies\\\/evolucion-de-las-obras-de-la-avenida-barcelona-2\\\/#primaryimage\"},\"thumbnailUrl\":\"https:\\\/\\\/mont-roig.cat\\\/wp-content\\\/uploads\\\/Col\u00b7lector-avinguda-Barcelona.jpg\",\"datePublished\":\"2018-06-15T10:21:21+00:00\",\"author\":{\"@id\":\"https:\\\/\\\/mont-roig.cat\\\/es\\\/#\\\/schema\\\/person\\\/f2b111789f22b7d0c3bd6786c9128cba\"},\"breadcrumb\":{\"@id\":\"https:\\\/\\\/mont-roig.cat\\\/es\\\/actualitat\\\/noticies\\\/evolucion-de-las-obras-de-la-avenida-barcelona-2\\\/#breadcrumb\"},\"inLanguage\":\"es\",\"potentialAction\":[{\"@type\":\"ReadAction\",\"target\":[\"https:\\\/\\\/mont-roig.cat\\\/es\\\/actualitat\\\/noticies\\\/evolucion-de-las-obras-de-la-avenida-barcelona-2\\\/\"]}]},{\"@type\":\"ImageObject\",\"inLanguage\":\"es\",\"@id\":\"https:\\\/\\\/mont-roig.cat\\\/es\\\/actualitat\\\/noticies\\\/evolucion-de-las-obras-de-la-avenida-barcelona-2\\\/#primaryimage\",\"url\":\"https:\\\/\\\/mont-roig.cat\\\/wp-content\\\/uploads\\\/Col\u00b7lector-avinguda-Barcelona.jpg\",\"contentUrl\":\"https:\\\/\\\/mont-roig.cat\\\/wp-content\\\/uploads\\\/Col\u00b7lector-avinguda-Barcelona.jpg\",\"width\":1920,\"height\":1296},{\"@type\":\"BreadcrumbList\",\"@id\":\"https:\\\/\\\/mont-roig.cat\\\/es\\\/actualitat\\\/noticies\\\/evolucion-de-las-obras-de-la-avenida-barcelona-2\\\/#breadcrumb\",\"itemListElement\":[{\"@type\":\"ListItem\",\"position\":1,\"name\":\"Inici\",\"item\":\"https:\\\/\\\/mont-roig.cat\\\/es\\\/pagina-de-inicio\\\/\"},{\"@type\":\"ListItem\",\"position\":2,\"name\":\"Evoluci\u00f3n de las obras de la avenida Barcelona\"}]},{\"@type\":\"WebSite\",\"@id\":\"https:\\\/\\\/mont-roig.cat\\\/es\\\/#website\",\"url\":\"https:\\\/\\\/mont-roig.cat\\\/es\\\/\",\"name\":\"Ajuntament de Mont-roig del Camp\",\"description\":\"Tota la informaci\u00f3 sobre la instituci\u00f3, els seus \u00f2rgans de govern, actualitat, serveis i molt m\u00e9s.\",\"potentialAction\":[{\"@type\":\"SearchAction\",\"target\":{\"@type\":\"EntryPoint\",\"urlTemplate\":\"https:\\\/\\\/mont-roig.cat\\\/es\\\/?s={search_term_string}\"},\"query-input\":{\"@type\":\"PropertyValueSpecification\",\"valueRequired\":true,\"valueName\":\"search_term_string\"}}],\"inLanguage\":\"es\"},{\"@type\":\"Person\",\"@id\":\"https:\\\/\\\/mont-roig.cat\\\/es\\\/#\\\/schema\\\/person\\\/f2b111789f22b7d0c3bd6786c9128cba\",\"name\":\"administrador\",\"image\":{\"@type\":\"ImageObject\",\"inLanguage\":\"es\",\"@id\":\"https:\\\/\\\/secure.gravatar.com\\\/avatar\\\/9137aac6891e2595c9d3036fd83bcb653b4db3c946db4c7d9b9be193c3c944bb?s=96&d=mm&r=g\",\"url\":\"https:\\\/\\\/secure.gravatar.com\\\/avatar\\\/9137aac6891e2595c9d3036fd83bcb653b4db3c946db4c7d9b9be193c3c944bb?s=96&d=mm&r=g\",\"contentUrl\":\"https:\\\/\\\/secure.gravatar.com\\\/avatar\\\/9137aac6891e2595c9d3036fd83bcb653b4db3c946db4c7d9b9be193c3c944bb?s=96&d=mm&r=g\",\"caption\":\"administrador\"},\"url\":\"https:\\\/\\\/mont-roig.cat\\\/es\\\/actualitat\\\/noticies\\\/author\\\/administrador\\\/\"}]}<\/script>\n<!-- \/ Yoast SEO plugin. -->","yoast_head_json":{"title":"Evoluci\u00f3n de las obras de la avenida Barcelona - Ajuntament de Mont-roig del Camp","robots":{"index":"index","follow":"follow","max-snippet":"max-snippet:-1","max-image-preview":"max-image-preview:large","max-video-preview":"max-video-preview:-1"},"canonical":"https:\/\/mont-roig.cat\/es\/actualitat\/noticies\/evolucion-de-las-obras-de-la-avenida-barcelona-2\/","og_locale":"es_ES","og_type":"article","og_title":"Evoluci\u00f3n de las obras de la avenida Barcelona - Ajuntament de Mont-roig del Camp","og_description":"El Ayuntamiento de Mont-roig del Camp informa de las novedades en relaci\u00f3n a la obra de renovaci\u00f3n y mejora de los servicios urbanos y pavimentaci\u00f3n de cerca de un kil\u00f3metro de la avenida Barcelona. La iluminaci\u00f3n provisional en el tramo plaza Tarragona avenida Viena, ya hace unos d\u00edas que funciona correctamente. Por otra parte se [&hellip;]","og_url":"https:\/\/mont-roig.cat\/es\/actualitat\/noticies\/evolucion-de-las-obras-de-la-avenida-barcelona-2\/","og_site_name":"Ajuntament de Mont-roig del Camp","article_published_time":"2018-06-15T10:21:21+00:00","og_image":[{"width":1920,"height":1296,"url":"https:\/\/mont-roig.cat\/wp-content\/uploads\/Col\u00b7lector-avinguda-Barcelona.jpg","type":"image\/jpeg"}],"author":"administrador","twitter_card":"summary_large_image","twitter_misc":{"Escrito por":"administrador","Tiempo de lectura":"1 minuto"},"schema":{"@context":"https:\/\/schema.org","@graph":[{"@type":"Article","@id":"https:\/\/mont-roig.cat\/es\/actualitat\/noticies\/evolucion-de-las-obras-de-la-avenida-barcelona-2\/#article","isPartOf":{"@id":"https:\/\/mont-roig.cat\/es\/actualitat\/noticies\/evolucion-de-las-obras-de-la-avenida-barcelona-2\/"},"author":{"name":"administrador","@id":"https:\/\/mont-roig.cat\/es\/#\/schema\/person\/f2b111789f22b7d0c3bd6786c9128cba"},"headline":"Evoluci\u00f3n de las obras de la avenida Barcelona","datePublished":"2018-06-15T10:21:21+00:00","mainEntityOfPage":{"@id":"https:\/\/mont-roig.cat\/es\/actualitat\/noticies\/evolucion-de-las-obras-de-la-avenida-barcelona-2\/"},"wordCount":287,"image":{"@id":"https:\/\/mont-roig.cat\/es\/actualitat\/noticies\/evolucion-de-las-obras-de-la-avenida-barcelona-2\/#primaryimage"},"thumbnailUrl":"https:\/\/mont-roig.cat\/wp-content\/uploads\/Col\u00b7lector-avinguda-Barcelona.jpg","articleSection":["Ayuntamiento","Urbanismo y obras"],"inLanguage":"es"},{"@type":"WebPage","@id":"https:\/\/mont-roig.cat\/es\/actualitat\/noticies\/evolucion-de-las-obras-de-la-avenida-barcelona-2\/","url":"https:\/\/mont-roig.cat\/es\/actualitat\/noticies\/evolucion-de-las-obras-de-la-avenida-barcelona-2\/","name":"Evoluci\u00f3n de las obras de la avenida Barcelona - Ajuntament de Mont-roig del Camp","isPartOf":{"@id":"https:\/\/mont-roig.cat\/es\/#website"},"primaryImageOfPage":{"@id":"https:\/\/mont-roig.cat\/es\/actualitat\/noticies\/evolucion-de-las-obras-de-la-avenida-barcelona-2\/#primaryimage"},"image":{"@id":"https:\/\/mont-roig.cat\/es\/actualitat\/noticies\/evolucion-de-las-obras-de-la-avenida-barcelona-2\/#primaryimage"},"thumbnailUrl":"https:\/\/mont-roig.cat\/wp-content\/uploads\/Col\u00b7lector-avinguda-Barcelona.jpg","datePublished":"2018-06-15T10:21:21+00:00","author":{"@id":"https:\/\/mont-roig.cat\/es\/#\/schema\/person\/f2b111789f22b7d0c3bd6786c9128cba"},"breadcrumb":{"@id":"https:\/\/mont-roig.cat\/es\/actualitat\/noticies\/evolucion-de-las-obras-de-la-avenida-barcelona-2\/#breadcrumb"},"inLanguage":"es","potentialAction":[{"@type":"ReadAction","target":["https:\/\/mont-roig.cat\/es\/actualitat\/noticies\/evolucion-de-las-obras-de-la-avenida-barcelona-2\/"]}]},{"@type":"ImageObject","inLanguage":"es","@id":"https:\/\/mont-roig.cat\/es\/actualitat\/noticies\/evolucion-de-las-obras-de-la-avenida-barcelona-2\/#primaryimage","url":"https:\/\/mont-roig.cat\/wp-content\/uploads\/Col\u00b7lector-avinguda-Barcelona.jpg","contentUrl":"https:\/\/mont-roig.cat\/wp-content\/uploads\/Col\u00b7lector-avinguda-Barcelona.jpg","width":1920,"height":1296},{"@type":"BreadcrumbList","@id":"https:\/\/mont-roig.cat\/es\/actualitat\/noticies\/evolucion-de-las-obras-de-la-avenida-barcelona-2\/#breadcrumb","itemListElement":[{"@type":"ListItem","position":1,"name":"Inici","item":"https:\/\/mont-roig.cat\/es\/pagina-de-inicio\/"},{"@type":"ListItem","position":2,"name":"Evoluci\u00f3n de las obras de la avenida Barcelona"}]},{"@type":"WebSite","@id":"https:\/\/mont-roig.cat\/es\/#website","url":"https:\/\/mont-roig.cat\/es\/","name":"Ajuntament de Mont-roig del Camp","description":"Tota la informaci\u00f3 sobre la instituci\u00f3, els seus \u00f2rgans de govern, actualitat, serveis i molt m\u00e9s.","potentialAction":[{"@type":"SearchAction","target":{"@type":"EntryPoint","urlTemplate":"https:\/\/mont-roig.cat\/es\/?s={search_term_string}"},"query-input":{"@type":"PropertyValueSpecification","valueRequired":true,"valueName":"search_term_string"}}],"inLanguage":"es"},{"@type":"Person","@id":"https:\/\/mont-roig.cat\/es\/#\/schema\/person\/f2b111789f22b7d0c3bd6786c9128cba","name":"administrador","image":{"@type":"ImageObject","inLanguage":"es","@id":"https:\/\/secure.gravatar.com\/avatar\/9137aac6891e2595c9d3036fd83bcb653b4db3c946db4c7d9b9be193c3c944bb?s=96&d=mm&r=g","url":"https:\/\/secure.gravatar.com\/avatar\/9137aac6891e2595c9d3036fd83bcb653b4db3c946db4c7d9b9be193c3c944bb?s=96&d=mm&r=g","contentUrl":"https:\/\/secure.gravatar.com\/avatar\/9137aac6891e2595c9d3036fd83bcb653b4db3c946db4c7d9b9be193c3c944bb?s=96&d=mm&r=g","caption":"administrador"},"url":"https:\/\/mont-roig.cat\/es\/actualitat\/noticies\/author\/administrador\/"}]}},"_links":{"self":[{"href":"https:\/\/mont-roig.cat\/es\/wp-json\/wp\/v2\/posts\/28375","targetHints":{"allow":["GET"]}}],"collection":[{"href":"https:\/\/mont-roig.cat\/es\/wp-json\/wp\/v2\/posts"}],"about":[{"href":"https:\/\/mont-roig.cat\/es\/wp-json\/wp\/v2\/types\/post"}],"author":[{"embeddable":true,"href":"https:\/\/mont-roig.cat\/es\/wp-json\/wp\/v2\/users\/4"}],"replies":[{"embeddable":true,"href":"https:\/\/mont-roig.cat\/es\/wp-json\/wp\/v2\/comments?post=28375"}],"version-history":[{"count":2,"href":"https:\/\/mont-roig.cat\/es\/wp-json\/wp\/v2\/posts\/28375\/revisions"}],"predecessor-version":[{"id":28377,"href":"https:\/\/mont-roig.cat\/es\/wp-json\/wp\/v2\/posts\/28375\/revisions\/28377"}],"wp:featuredmedia":[{"embeddable":true,"href":"https:\/\/mont-roig.cat\/es\/wp-json\/wp\/v2\/media\/28373"}],"wp:attachment":[{"href":"https:\/\/mont-roig.cat\/es\/wp-json\/wp\/v2\/media?parent=28375"}],"wp:term":[{"taxonomy":"category","embeddable":true,"href":"https:\/\/mont-roig.cat\/es\/wp-json\/wp\/v2\/categories?post=28375"},{"taxonomy":"post_tag","embeddable":true,"href":"https:\/\/mont-roig.cat\/es\/wp-json\/wp\/v2\/tags?post=28375"}],"curies":[{"name":"wp","href":"https:\/\/api.w.org\/{rel}","templated":true}]}}