{"id":28433,"date":"2018-06-19T09:49:40","date_gmt":"2018-06-19T07:49:40","guid":{"rendered":"https:\/\/mont-roig.cat\/?p=28433"},"modified":"2018-06-19T09:49:40","modified_gmt":"2018-06-19T07:49:40","slug":"tradicion-y-nuevas-propuestas-para-celebrar-la-verbena-de-san-juan","status":"publish","type":"post","link":"https:\/\/mont-roig.cat\/es\/actualitat\/noticies\/tradicion-y-nuevas-propuestas-para-celebrar-la-verbena-de-san-juan\/","title":{"rendered":"Tradici\u00f3n y nuevas propuestas para celebrar la Verbena de San Juan"},"content":{"rendered":"<p><strong>Miami Platja cambia la ubicaci\u00f3n de la fiesta que tendr\u00e1 lugar en la p\u00e9rgola de la Playa Cristall<\/strong><\/p>\n<p>La Verbena de San Juan de este 2018 ofrecer\u00e1 actos tradicionales y nuevas propuestas para que todo el mundo se lo pase bien y pueda celebrar como es debido una de las noches m\u00e1s m\u00e1gicas del a\u00f1o. La principal novedad de esta edici\u00f3n es el cambio de ubicaci\u00f3n de la fiesta en el n\u00facleo de Miami Platja que se traslada a la p\u00e9rgola de la Playa Cristall. Junto con el cambio de ubicaci\u00f3n de la Verbena, se ha preparado un mercado de esoterismo y diversas actividades relacionadas, como la visita del personaje mitol\u00f3gico el Fauno, talleres infantiles, un espect\u00e1culo con fuego o un ritual aquelarre previo al acto de encender la hoguera, previsto para las 12 de la noche. Antes y despu\u00e9s habr\u00e1 baile con la orquesta Factor\u00eda Musical. El mercado esot\u00e9rico se podr\u00e1 visitar durante todo el fin de semana d\u00f3nde habr\u00e1 una quincena de puestos que ofrecer\u00e1n productos relacionados con esta tem\u00e1tica.<\/p>\n<p>En Mont-roig, se mantiene una de las grandes tradiciones como es la recogida de la Flama del Canig\u00f3, por parte de la Associaci\u00f3 de Ve\u00efns Muntanya Roja y otra m\u00e1s reciente como los relevos para llevar la Flama desde Montbri\u00f3 gracias los deportistas del CE l&#8217;Areny. Una vez llegue a Mont-roig tendr\u00e1 lugar el acto de encender la hoguera, hacia las ocho y media de la noche y seguidamente la lectura del Manifiest dels Focs de Sant Joan por parte de la Pubilla de Mont-roig del Camp, uno de los actos destacados en el que participan tambi\u00e9n las damas de honor y el hereu y la pubilla infantil. Despu\u00e9s de la cena de fiambrera, habr\u00e1 discoteca m\u00f3vil con el fin de alargar la noche tanto como se quiera.<\/p>\n<div id=\"attachment_28333\" style=\"width: 260px\" class=\"wp-caption alignleft\"><a href=\"https:\/\/mont-roig.cat\/wp-content\/uploads\/MM_SANTJOAN_18_miami.jpg\"><img loading=\"lazy\" decoding=\"async\" aria-describedby=\"caption-attachment-28333\" class=\"wp-image-28333\" src=\"https:\/\/mont-roig.cat\/wp-content\/uploads\/MM_SANTJOAN_18_miami.jpg\" alt=\"\" width=\"250\" height=\"354\" srcset=\"https:\/\/mont-roig.cat\/wp-content\/uploads\/MM_SANTJOAN_18_miami.jpg 1052w, https:\/\/mont-roig.cat\/wp-content\/uploads\/MM_SANTJOAN_18_miami-353x500.jpg 353w, https:\/\/mont-roig.cat\/wp-content\/uploads\/MM_SANTJOAN_18_miami-768x1086.jpg 768w, https:\/\/mont-roig.cat\/wp-content\/uploads\/MM_SANTJOAN_18_miami-724x1024.jpg 724w\" sizes=\"auto, (max-width: 250px) 100vw, 250px\" \/><\/a><p id=\"caption-attachment-28333\" class=\"wp-caption-text\">Programa de actos Miami Platja<\/p><\/div>\n<div id=\"attachment_28334\" style=\"width: 260px\" class=\"wp-caption alignleft\"><a href=\"https:\/\/mont-roig.cat\/wp-content\/uploads\/MM_SANTJOAN_18_montroig.jpg\"><img loading=\"lazy\" decoding=\"async\" aria-describedby=\"caption-attachment-28334\" class=\"wp-image-28334\" src=\"https:\/\/mont-roig.cat\/wp-content\/uploads\/MM_SANTJOAN_18_montroig.jpg\" alt=\"\" width=\"250\" height=\"354\" srcset=\"https:\/\/mont-roig.cat\/wp-content\/uploads\/MM_SANTJOAN_18_montroig.jpg 1052w, https:\/\/mont-roig.cat\/wp-content\/uploads\/MM_SANTJOAN_18_montroig-353x500.jpg 353w, https:\/\/mont-roig.cat\/wp-content\/uploads\/MM_SANTJOAN_18_montroig-768x1086.jpg 768w, https:\/\/mont-roig.cat\/wp-content\/uploads\/MM_SANTJOAN_18_montroig-724x1024.jpg 724w\" sizes=\"auto, (max-width: 250px) 100vw, 250px\" \/><\/a><p id=\"caption-attachment-28334\" class=\"wp-caption-text\">Programa de actos Mont-roig<\/p><\/div>\n","protected":false},"excerpt":{"rendered":"<p>Miami Platja cambia la ubicaci\u00f3n de la fiesta que tendr\u00e1 lugar en la p\u00e9rgola de la Playa Cristall La Verbena de San Juan de este 2018 ofrecer\u00e1 actos tradicionales y nuevas propuestas para que todo el mundo se lo pase bien y pueda celebrar como es debido una de las noches m\u00e1s m\u00e1gicas del a\u00f1o. [&hellip;]<\/p>\n","protected":false},"author":4,"featured_media":28347,"comment_status":"closed","ping_status":"closed","sticky":false,"template":"","format":"standard","meta":{"inline_featured_image":false,"_monsterinsights_skip_tracking":false,"_monsterinsights_sitenote_active":false,"_monsterinsights_sitenote_note":"","_monsterinsights_sitenote_category":0,"footnotes":""},"categories":[105],"tags":[],"class_list":["post-28433","post","type-post","status-publish","format-standard","has-post-thumbnail","hentry","category-fiestas"],"yoast_head":"<!-- This site is optimized with the Yoast SEO plugin v27.4 - https:\/\/yoast.com\/product\/yoast-seo-wordpress\/ -->\n<title>Tradici\u00f3n y nuevas propuestas para celebrar la Verbena de San Juan - Ajuntament de Mont-roig del Camp<\/title>\n<meta name=\"robots\" content=\"index, follow, max-snippet:-1, max-image-preview:large, max-video-preview:-1\" \/>\n<link rel=\"canonical\" href=\"https:\/\/mont-roig.cat\/es\/actualitat\/noticies\/tradicion-y-nuevas-propuestas-para-celebrar-la-verbena-de-san-juan\/\" \/>\n<meta property=\"og:locale\" content=\"es_ES\" \/>\n<meta property=\"og:type\" content=\"article\" \/>\n<meta property=\"og:title\" content=\"Tradici\u00f3n y nuevas propuestas para celebrar la Verbena de San Juan - Ajuntament de Mont-roig del Camp\" \/>\n<meta property=\"og:description\" content=\"Miami Platja cambia la ubicaci\u00f3n de la fiesta que tendr\u00e1 lugar en la p\u00e9rgola de la Playa Cristall La Verbena de San Juan de este 2018 ofrecer\u00e1 actos tradicionales y nuevas propuestas para que todo el mundo se lo pase bien y pueda celebrar como es debido una de las noches m\u00e1s m\u00e1gicas del a\u00f1o. [&hellip;]\" \/>\n<meta property=\"og:url\" content=\"https:\/\/mont-roig.cat\/es\/actualitat\/noticies\/tradicion-y-nuevas-propuestas-para-celebrar-la-verbena-de-san-juan\/\" \/>\n<meta property=\"og:site_name\" content=\"Ajuntament de Mont-roig del Camp\" \/>\n<meta property=\"article:published_time\" content=\"2018-06-19T07:49:40+00:00\" \/>\n<meta property=\"og:image\" content=\"https:\/\/mont-roig.cat\/wp-content\/uploads\/MM_santjoan_xarxes.jpg\" \/>\n\t<meta property=\"og:image:width\" content=\"1080\" \/>\n\t<meta property=\"og:image:height\" content=\"1080\" \/>\n\t<meta property=\"og:image:type\" content=\"image\/jpeg\" \/>\n<meta name=\"author\" content=\"administrador\" \/>\n<meta name=\"twitter:card\" content=\"summary_large_image\" \/>\n<meta name=\"twitter:label1\" content=\"Escrito por\" \/>\n\t<meta name=\"twitter:data1\" content=\"administrador\" \/>\n\t<meta name=\"twitter:label2\" content=\"Tiempo de lectura\" \/>\n\t<meta name=\"twitter:data2\" content=\"2 minutos\" \/>\n<script type=\"application\/ld+json\" class=\"yoast-schema-graph\">{\"@context\":\"https:\\\/\\\/schema.org\",\"@graph\":[{\"@type\":\"Article\",\"@id\":\"https:\\\/\\\/mont-roig.cat\\\/es\\\/actualitat\\\/noticies\\\/tradicion-y-nuevas-propuestas-para-celebrar-la-verbena-de-san-juan\\\/#article\",\"isPartOf\":{\"@id\":\"https:\\\/\\\/mont-roig.cat\\\/es\\\/actualitat\\\/noticies\\\/tradicion-y-nuevas-propuestas-para-celebrar-la-verbena-de-san-juan\\\/\"},\"author\":{\"name\":\"administrador\",\"@id\":\"https:\\\/\\\/mont-roig.cat\\\/es\\\/#\\\/schema\\\/person\\\/f2b111789f22b7d0c3bd6786c9128cba\"},\"headline\":\"Tradici\u00f3n y nuevas propuestas para celebrar la Verbena de San Juan\",\"datePublished\":\"2018-06-19T07:49:40+00:00\",\"mainEntityOfPage\":{\"@id\":\"https:\\\/\\\/mont-roig.cat\\\/es\\\/actualitat\\\/noticies\\\/tradicion-y-nuevas-propuestas-para-celebrar-la-verbena-de-san-juan\\\/\"},\"wordCount\":356,\"image\":{\"@id\":\"https:\\\/\\\/mont-roig.cat\\\/es\\\/actualitat\\\/noticies\\\/tradicion-y-nuevas-propuestas-para-celebrar-la-verbena-de-san-juan\\\/#primaryimage\"},\"thumbnailUrl\":\"https:\\\/\\\/mont-roig.cat\\\/wp-content\\\/uploads\\\/MM_santjoan_xarxes.jpg\",\"articleSection\":[\"Festes\"],\"inLanguage\":\"es\"},{\"@type\":\"WebPage\",\"@id\":\"https:\\\/\\\/mont-roig.cat\\\/es\\\/actualitat\\\/noticies\\\/tradicion-y-nuevas-propuestas-para-celebrar-la-verbena-de-san-juan\\\/\",\"url\":\"https:\\\/\\\/mont-roig.cat\\\/es\\\/actualitat\\\/noticies\\\/tradicion-y-nuevas-propuestas-para-celebrar-la-verbena-de-san-juan\\\/\",\"name\":\"Tradici\u00f3n y nuevas propuestas para celebrar la Verbena de San Juan - Ajuntament de Mont-roig del Camp\",\"isPartOf\":{\"@id\":\"https:\\\/\\\/mont-roig.cat\\\/es\\\/#website\"},\"primaryImageOfPage\":{\"@id\":\"https:\\\/\\\/mont-roig.cat\\\/es\\\/actualitat\\\/noticies\\\/tradicion-y-nuevas-propuestas-para-celebrar-la-verbena-de-san-juan\\\/#primaryimage\"},\"image\":{\"@id\":\"https:\\\/\\\/mont-roig.cat\\\/es\\\/actualitat\\\/noticies\\\/tradicion-y-nuevas-propuestas-para-celebrar-la-verbena-de-san-juan\\\/#primaryimage\"},\"thumbnailUrl\":\"https:\\\/\\\/mont-roig.cat\\\/wp-content\\\/uploads\\\/MM_santjoan_xarxes.jpg\",\"datePublished\":\"2018-06-19T07:49:40+00:00\",\"author\":{\"@id\":\"https:\\\/\\\/mont-roig.cat\\\/es\\\/#\\\/schema\\\/person\\\/f2b111789f22b7d0c3bd6786c9128cba\"},\"breadcrumb\":{\"@id\":\"https:\\\/\\\/mont-roig.cat\\\/es\\\/actualitat\\\/noticies\\\/tradicion-y-nuevas-propuestas-para-celebrar-la-verbena-de-san-juan\\\/#breadcrumb\"},\"inLanguage\":\"es\",\"potentialAction\":[{\"@type\":\"ReadAction\",\"target\":[\"https:\\\/\\\/mont-roig.cat\\\/es\\\/actualitat\\\/noticies\\\/tradicion-y-nuevas-propuestas-para-celebrar-la-verbena-de-san-juan\\\/\"]}]},{\"@type\":\"ImageObject\",\"inLanguage\":\"es\",\"@id\":\"https:\\\/\\\/mont-roig.cat\\\/es\\\/actualitat\\\/noticies\\\/tradicion-y-nuevas-propuestas-para-celebrar-la-verbena-de-san-juan\\\/#primaryimage\",\"url\":\"https:\\\/\\\/mont-roig.cat\\\/wp-content\\\/uploads\\\/MM_santjoan_xarxes.jpg\",\"contentUrl\":\"https:\\\/\\\/mont-roig.cat\\\/wp-content\\\/uploads\\\/MM_santjoan_xarxes.jpg\",\"width\":1080,\"height\":1080},{\"@type\":\"BreadcrumbList\",\"@id\":\"https:\\\/\\\/mont-roig.cat\\\/es\\\/actualitat\\\/noticies\\\/tradicion-y-nuevas-propuestas-para-celebrar-la-verbena-de-san-juan\\\/#breadcrumb\",\"itemListElement\":[{\"@type\":\"ListItem\",\"position\":1,\"name\":\"Inici\",\"item\":\"https:\\\/\\\/mont-roig.cat\\\/es\\\/pagina-de-inicio\\\/\"},{\"@type\":\"ListItem\",\"position\":2,\"name\":\"Tradici\u00f3n y nuevas propuestas para celebrar la Verbena de San Juan\"}]},{\"@type\":\"WebSite\",\"@id\":\"https:\\\/\\\/mont-roig.cat\\\/es\\\/#website\",\"url\":\"https:\\\/\\\/mont-roig.cat\\\/es\\\/\",\"name\":\"Ajuntament de Mont-roig del Camp\",\"description\":\"Tota la informaci\u00f3 sobre la instituci\u00f3, els seus \u00f2rgans de govern, actualitat, serveis i molt m\u00e9s.\",\"potentialAction\":[{\"@type\":\"SearchAction\",\"target\":{\"@type\":\"EntryPoint\",\"urlTemplate\":\"https:\\\/\\\/mont-roig.cat\\\/es\\\/?s={search_term_string}\"},\"query-input\":{\"@type\":\"PropertyValueSpecification\",\"valueRequired\":true,\"valueName\":\"search_term_string\"}}],\"inLanguage\":\"es\"},{\"@type\":\"Person\",\"@id\":\"https:\\\/\\\/mont-roig.cat\\\/es\\\/#\\\/schema\\\/person\\\/f2b111789f22b7d0c3bd6786c9128cba\",\"name\":\"administrador\",\"image\":{\"@type\":\"ImageObject\",\"inLanguage\":\"es\",\"@id\":\"https:\\\/\\\/secure.gravatar.com\\\/avatar\\\/9137aac6891e2595c9d3036fd83bcb653b4db3c946db4c7d9b9be193c3c944bb?s=96&d=mm&r=g\",\"url\":\"https:\\\/\\\/secure.gravatar.com\\\/avatar\\\/9137aac6891e2595c9d3036fd83bcb653b4db3c946db4c7d9b9be193c3c944bb?s=96&d=mm&r=g\",\"contentUrl\":\"https:\\\/\\\/secure.gravatar.com\\\/avatar\\\/9137aac6891e2595c9d3036fd83bcb653b4db3c946db4c7d9b9be193c3c944bb?s=96&d=mm&r=g\",\"caption\":\"administrador\"},\"url\":\"https:\\\/\\\/mont-roig.cat\\\/es\\\/actualitat\\\/noticies\\\/author\\\/administrador\\\/\"}]}<\/script>\n<!-- \/ Yoast SEO plugin. -->","yoast_head_json":{"title":"Tradici\u00f3n y nuevas propuestas para celebrar la Verbena de San Juan - Ajuntament de Mont-roig del Camp","robots":{"index":"index","follow":"follow","max-snippet":"max-snippet:-1","max-image-preview":"max-image-preview:large","max-video-preview":"max-video-preview:-1"},"canonical":"https:\/\/mont-roig.cat\/es\/actualitat\/noticies\/tradicion-y-nuevas-propuestas-para-celebrar-la-verbena-de-san-juan\/","og_locale":"es_ES","og_type":"article","og_title":"Tradici\u00f3n y nuevas propuestas para celebrar la Verbena de San Juan - Ajuntament de Mont-roig del Camp","og_description":"Miami Platja cambia la ubicaci\u00f3n de la fiesta que tendr\u00e1 lugar en la p\u00e9rgola de la Playa Cristall La Verbena de San Juan de este 2018 ofrecer\u00e1 actos tradicionales y nuevas propuestas para que todo el mundo se lo pase bien y pueda celebrar como es debido una de las noches m\u00e1s m\u00e1gicas del a\u00f1o. [&hellip;]","og_url":"https:\/\/mont-roig.cat\/es\/actualitat\/noticies\/tradicion-y-nuevas-propuestas-para-celebrar-la-verbena-de-san-juan\/","og_site_name":"Ajuntament de Mont-roig del Camp","article_published_time":"2018-06-19T07:49:40+00:00","og_image":[{"width":1080,"height":1080,"url":"https:\/\/mont-roig.cat\/wp-content\/uploads\/MM_santjoan_xarxes.jpg","type":"image\/jpeg"}],"author":"administrador","twitter_card":"summary_large_image","twitter_misc":{"Escrito por":"administrador","Tiempo de lectura":"2 minutos"},"schema":{"@context":"https:\/\/schema.org","@graph":[{"@type":"Article","@id":"https:\/\/mont-roig.cat\/es\/actualitat\/noticies\/tradicion-y-nuevas-propuestas-para-celebrar-la-verbena-de-san-juan\/#article","isPartOf":{"@id":"https:\/\/mont-roig.cat\/es\/actualitat\/noticies\/tradicion-y-nuevas-propuestas-para-celebrar-la-verbena-de-san-juan\/"},"author":{"name":"administrador","@id":"https:\/\/mont-roig.cat\/es\/#\/schema\/person\/f2b111789f22b7d0c3bd6786c9128cba"},"headline":"Tradici\u00f3n y nuevas propuestas para celebrar la Verbena de San Juan","datePublished":"2018-06-19T07:49:40+00:00","mainEntityOfPage":{"@id":"https:\/\/mont-roig.cat\/es\/actualitat\/noticies\/tradicion-y-nuevas-propuestas-para-celebrar-la-verbena-de-san-juan\/"},"wordCount":356,"image":{"@id":"https:\/\/mont-roig.cat\/es\/actualitat\/noticies\/tradicion-y-nuevas-propuestas-para-celebrar-la-verbena-de-san-juan\/#primaryimage"},"thumbnailUrl":"https:\/\/mont-roig.cat\/wp-content\/uploads\/MM_santjoan_xarxes.jpg","articleSection":["Festes"],"inLanguage":"es"},{"@type":"WebPage","@id":"https:\/\/mont-roig.cat\/es\/actualitat\/noticies\/tradicion-y-nuevas-propuestas-para-celebrar-la-verbena-de-san-juan\/","url":"https:\/\/mont-roig.cat\/es\/actualitat\/noticies\/tradicion-y-nuevas-propuestas-para-celebrar-la-verbena-de-san-juan\/","name":"Tradici\u00f3n y nuevas propuestas para celebrar la Verbena de San Juan - Ajuntament de Mont-roig del Camp","isPartOf":{"@id":"https:\/\/mont-roig.cat\/es\/#website"},"primaryImageOfPage":{"@id":"https:\/\/mont-roig.cat\/es\/actualitat\/noticies\/tradicion-y-nuevas-propuestas-para-celebrar-la-verbena-de-san-juan\/#primaryimage"},"image":{"@id":"https:\/\/mont-roig.cat\/es\/actualitat\/noticies\/tradicion-y-nuevas-propuestas-para-celebrar-la-verbena-de-san-juan\/#primaryimage"},"thumbnailUrl":"https:\/\/mont-roig.cat\/wp-content\/uploads\/MM_santjoan_xarxes.jpg","datePublished":"2018-06-19T07:49:40+00:00","author":{"@id":"https:\/\/mont-roig.cat\/es\/#\/schema\/person\/f2b111789f22b7d0c3bd6786c9128cba"},"breadcrumb":{"@id":"https:\/\/mont-roig.cat\/es\/actualitat\/noticies\/tradicion-y-nuevas-propuestas-para-celebrar-la-verbena-de-san-juan\/#breadcrumb"},"inLanguage":"es","potentialAction":[{"@type":"ReadAction","target":["https:\/\/mont-roig.cat\/es\/actualitat\/noticies\/tradicion-y-nuevas-propuestas-para-celebrar-la-verbena-de-san-juan\/"]}]},{"@type":"ImageObject","inLanguage":"es","@id":"https:\/\/mont-roig.cat\/es\/actualitat\/noticies\/tradicion-y-nuevas-propuestas-para-celebrar-la-verbena-de-san-juan\/#primaryimage","url":"https:\/\/mont-roig.cat\/wp-content\/uploads\/MM_santjoan_xarxes.jpg","contentUrl":"https:\/\/mont-roig.cat\/wp-content\/uploads\/MM_santjoan_xarxes.jpg","width":1080,"height":1080},{"@type":"BreadcrumbList","@id":"https:\/\/mont-roig.cat\/es\/actualitat\/noticies\/tradicion-y-nuevas-propuestas-para-celebrar-la-verbena-de-san-juan\/#breadcrumb","itemListElement":[{"@type":"ListItem","position":1,"name":"Inici","item":"https:\/\/mont-roig.cat\/es\/pagina-de-inicio\/"},{"@type":"ListItem","position":2,"name":"Tradici\u00f3n y nuevas propuestas para celebrar la Verbena de San Juan"}]},{"@type":"WebSite","@id":"https:\/\/mont-roig.cat\/es\/#website","url":"https:\/\/mont-roig.cat\/es\/","name":"Ajuntament de Mont-roig del Camp","description":"Tota la informaci\u00f3 sobre la instituci\u00f3, els seus \u00f2rgans de govern, actualitat, serveis i molt m\u00e9s.","potentialAction":[{"@type":"SearchAction","target":{"@type":"EntryPoint","urlTemplate":"https:\/\/mont-roig.cat\/es\/?s={search_term_string}"},"query-input":{"@type":"PropertyValueSpecification","valueRequired":true,"valueName":"search_term_string"}}],"inLanguage":"es"},{"@type":"Person","@id":"https:\/\/mont-roig.cat\/es\/#\/schema\/person\/f2b111789f22b7d0c3bd6786c9128cba","name":"administrador","image":{"@type":"ImageObject","inLanguage":"es","@id":"https:\/\/secure.gravatar.com\/avatar\/9137aac6891e2595c9d3036fd83bcb653b4db3c946db4c7d9b9be193c3c944bb?s=96&d=mm&r=g","url":"https:\/\/secure.gravatar.com\/avatar\/9137aac6891e2595c9d3036fd83bcb653b4db3c946db4c7d9b9be193c3c944bb?s=96&d=mm&r=g","contentUrl":"https:\/\/secure.gravatar.com\/avatar\/9137aac6891e2595c9d3036fd83bcb653b4db3c946db4c7d9b9be193c3c944bb?s=96&d=mm&r=g","caption":"administrador"},"url":"https:\/\/mont-roig.cat\/es\/actualitat\/noticies\/author\/administrador\/"}]}},"_links":{"self":[{"href":"https:\/\/mont-roig.cat\/es\/wp-json\/wp\/v2\/posts\/28433","targetHints":{"allow":["GET"]}}],"collection":[{"href":"https:\/\/mont-roig.cat\/es\/wp-json\/wp\/v2\/posts"}],"about":[{"href":"https:\/\/mont-roig.cat\/es\/wp-json\/wp\/v2\/types\/post"}],"author":[{"embeddable":true,"href":"https:\/\/mont-roig.cat\/es\/wp-json\/wp\/v2\/users\/4"}],"replies":[{"embeddable":true,"href":"https:\/\/mont-roig.cat\/es\/wp-json\/wp\/v2\/comments?post=28433"}],"version-history":[{"count":2,"href":"https:\/\/mont-roig.cat\/es\/wp-json\/wp\/v2\/posts\/28433\/revisions"}],"predecessor-version":[{"id":28435,"href":"https:\/\/mont-roig.cat\/es\/wp-json\/wp\/v2\/posts\/28433\/revisions\/28435"}],"wp:featuredmedia":[{"embeddable":true,"href":"https:\/\/mont-roig.cat\/es\/wp-json\/wp\/v2\/media\/28347"}],"wp:attachment":[{"href":"https:\/\/mont-roig.cat\/es\/wp-json\/wp\/v2\/media?parent=28433"}],"wp:term":[{"taxonomy":"category","embeddable":true,"href":"https:\/\/mont-roig.cat\/es\/wp-json\/wp\/v2\/categories?post=28433"},{"taxonomy":"post_tag","embeddable":true,"href":"https:\/\/mont-roig.cat\/es\/wp-json\/wp\/v2\/tags?post=28433"}],"curies":[{"name":"wp","href":"https:\/\/api.w.org\/{rel}","templated":true}]}}