{"id":28449,"date":"2018-06-21T09:51:04","date_gmt":"2018-06-21T07:51:04","guid":{"rendered":"https:\/\/mont-roig.cat\/?p=28449"},"modified":"2018-06-21T09:51:04","modified_gmt":"2018-06-21T07:51:04","slug":"el-plan-estrategico-de-turismo-propone-ochenta-acciones","status":"publish","type":"post","link":"https:\/\/mont-roig.cat\/es\/actualitat\/noticies\/el-plan-estrategico-de-turismo-propone-ochenta-acciones\/","title":{"rendered":"El Plan Estrat\u00e9gico de Turismo propone ochenta acciones"},"content":{"rendered":"<div id=\"attachment_28446\" style=\"width: 310px\" class=\"wp-caption alignright\"><a href=\"https:\/\/mont-roig.cat\/wp-content\/uploads\/Reuni\u00f3-Taula-de-Turisme.jpg\"><img loading=\"lazy\" decoding=\"async\" aria-describedby=\"caption-attachment-28446\" class=\"wp-image-28446\" src=\"https:\/\/mont-roig.cat\/wp-content\/uploads\/Reuni\u00f3-Taula-de-Turisme.jpg\" alt=\"\" width=\"300\" height=\"201\" srcset=\"https:\/\/mont-roig.cat\/wp-content\/uploads\/Reuni\u00f3-Taula-de-Turisme.jpg 1920w, https:\/\/mont-roig.cat\/wp-content\/uploads\/Reuni\u00f3-Taula-de-Turisme-500x335.jpg 500w, https:\/\/mont-roig.cat\/wp-content\/uploads\/Reuni\u00f3-Taula-de-Turisme-768x514.jpg 768w, https:\/\/mont-roig.cat\/wp-content\/uploads\/Reuni\u00f3-Taula-de-Turisme-1024x685.jpg 1024w\" sizes=\"auto, (max-width: 300px) 100vw, 300px\" \/><\/a><p id=\"caption-attachment-28446\" class=\"wp-caption-text\">Reuni\u00f3n de la Taula de Turisme<\/p><\/div>\n<p><strong>La Taula de Turisme ha validado el documento final que debe servir de hoja de ruta para los pr\u00f3ximos a\u00f1os<\/strong><\/p>\n<p>El equipo de t\u00e9cnicos del Parque Cient\u00edfico de Turismo y Ocio de la URV ya ha entregado al Ayuntamiento de Mont-roig del Camp el documento del Plan Estrat\u00e9gico de Turismo que ha redactado en el \u00faltimo a\u00f1o y que contempla unas ochenta acciones para ejecutar en los pr\u00f3ximos a\u00f1os.<\/p>\n<p>El Plan Estrat\u00e9gico de Turismo Mont-roig Miami 2018-2025 que ha impulsado la Concejal\u00eda de Turismo y la oficina del Pla de Barris de la Florida de Miami Platja, tiene como objetivo fijar las pautas a seguir para mejorar la imagen tur\u00edstica del municipio y crear productos espec\u00edficos que le den valor. En total, el plan ofrece 80 acciones, algunas de las cuales se dirigen al global del municipio y de su funcionamiento y otras son espec\u00edficas del sector tur\u00edstico. Todas ellas est\u00e1n detalladas por descripci\u00f3n, importe, calendario de ejecuci\u00f3n e indicadores de seguimiento.<\/p>\n<p>Entre otras cuestiones, este plan recomienda una mayor inversi\u00f3n presupuestaria en el \u00e1rea de Turismo, que es fundamental para poder desarrollar las acciones futuras. Hay acciones en diversos \u00e1mbitos. Desde impulsar el sentimiento de pertenencia al municipio a la continuaci\u00f3n de la remodelaci\u00f3n de la Avenida Barcelona a partir de las siguientes fases; la construcci\u00f3n de una v\u00eda verde para el actual trazado ferroviario de la costa una vez \u00e9ste sea desmantelado; impulsar una nueva oferta hotelera de calidad con hoteles de 4 estrellas en Miami Platja y tambi\u00e9n con hoteles rurales en Mont-roig; fortalecer los usos recreativos de las playas durante todo el a\u00f1o; la promoci\u00f3n de las actividades n\u00e1uticas y continuar impulsando Joan Mir\u00f3 como atractivo cultural aprovechando el empuje de la apertura del Mas Mir\u00f3.<\/p>\n<p><strong>Validado por la Taula de Turisme<\/strong><br \/>\nEl resultado final ha sido validado por la Taula de Turisme, que se cre\u00f3 a mediados de mayo de 2017 y que est\u00e1 formada por representantes del Ayuntamiento, del sector tur\u00edstico local, propuestos por todos los grupos municipales, la Fundaci\u00f3 Mas Mir\u00f3 y la Universidad Rovira i Virgili. La Taula de Turismo ha servido como plataforma de interlocuci\u00f3n para la elaboraci\u00f3n de este Plan Estrat\u00e9gico de Turismo desarrollando a trav\u00e9s de un convenio con la Universidad Rovira i Virgili.<\/p>\n<p>La primera fase del Plan Estrat\u00e9gico ha consistido en la elaboraci\u00f3n de un diagn\u00f3stico riguroso sobre la situaci\u00f3n econ\u00f3mica de Mont-roig del Camp en general y del sector tur\u00edstico en particular (en este caso con una atenci\u00f3n especial en el barrio de la Florida de Miami Platja donde se concentra buena parte de la actividad). De aqu\u00ed han salido 2 documentos, uno de ellos es el diagn\u00f3stico socioecon\u00f3mico del municipio y otro espec\u00edfico para el barrio de La Florida. Para su elaboraci\u00f3n se han llevado a cabo diversas entrevistas con los principales agentes econ\u00f3micos y sociales del municipio.<\/p>\n<p>La segunda fase ha consistido en la elaboraci\u00f3n del Plan de Actuaciones para desarrollar a medio y largo plazo. Adem\u00e1s han presentado un estudio de benchmarking en el que se proponen buenas pr\u00e1cticas tur\u00edsticas que se desarrollan actualmente en destinos que comparten una realidad similar con Mont-roig y Miami Platja.<\/p>\n<p>La elaboraci\u00f3n de este Pla Estrat\u00e9gico de Turismo, es una actuaci\u00f3n que forma parte del Proyecto de intervenci\u00f3n Integral del barrio de La Florida de Miami Platja, ampliado en ese caso a todo el municipio, y uno de los compromisos del Ayuntamiento para este mandato, incluido en el Plan de Acci\u00f3n Municipal 2016-2019.<\/p>\n<p><a href=\"https:\/\/mont-roig.cat\/wp-content\/uploads\/Pla-Estrat\u00e8gic-de-Turisme-Mont-roig-Miami-2018-2025.pdf\" target=\"_blank\" rel=\"noopener\">Plan Estrat\u00e9gico de Turismo Mont-roig Miami 2018-2025<\/a><\/p>\n","protected":false},"excerpt":{"rendered":"<p>La Taula de Turisme ha validado el documento final que debe servir de hoja de ruta para los pr\u00f3ximos a\u00f1os El equipo de t\u00e9cnicos del Parque Cient\u00edfico de Turismo y Ocio de la URV ya ha entregado al Ayuntamiento de Mont-roig del Camp el documento del Plan Estrat\u00e9gico de Turismo que ha redactado en el [&hellip;]<\/p>\n","protected":false},"author":4,"featured_media":28446,"comment_status":"closed","ping_status":"closed","sticky":false,"template":"","format":"standard","meta":{"inline_featured_image":false,"_monsterinsights_skip_tracking":false,"_monsterinsights_sitenote_active":false,"_monsterinsights_sitenote_note":"","_monsterinsights_sitenote_category":0,"footnotes":""},"categories":[115],"tags":[],"class_list":["post-28449","post","type-post","status-publish","format-standard","has-post-thumbnail","hentry","category-turismo"],"yoast_head":"<!-- This site is optimized with the Yoast SEO plugin v27.4 - https:\/\/yoast.com\/product\/yoast-seo-wordpress\/ -->\n<title>El Plan Estrat\u00e9gico de Turismo propone ochenta acciones - Ajuntament de Mont-roig del Camp<\/title>\n<meta name=\"robots\" content=\"index, follow, max-snippet:-1, max-image-preview:large, max-video-preview:-1\" \/>\n<link rel=\"canonical\" href=\"https:\/\/mont-roig.cat\/es\/actualitat\/noticies\/el-plan-estrategico-de-turismo-propone-ochenta-acciones\/\" \/>\n<meta property=\"og:locale\" content=\"es_ES\" \/>\n<meta property=\"og:type\" content=\"article\" \/>\n<meta property=\"og:title\" content=\"El Plan Estrat\u00e9gico de Turismo propone ochenta acciones - Ajuntament de Mont-roig del Camp\" \/>\n<meta property=\"og:description\" content=\"La Taula de Turisme ha validado el documento final que debe servir de hoja de ruta para los pr\u00f3ximos a\u00f1os El equipo de t\u00e9cnicos del Parque Cient\u00edfico de Turismo y Ocio de la URV ya ha entregado al Ayuntamiento de Mont-roig del Camp el documento del Plan Estrat\u00e9gico de Turismo que ha redactado en el [&hellip;]\" \/>\n<meta property=\"og:url\" content=\"https:\/\/mont-roig.cat\/es\/actualitat\/noticies\/el-plan-estrategico-de-turismo-propone-ochenta-acciones\/\" \/>\n<meta property=\"og:site_name\" content=\"Ajuntament de Mont-roig del Camp\" \/>\n<meta property=\"article:published_time\" content=\"2018-06-21T07:51:04+00:00\" \/>\n<meta property=\"og:image\" content=\"https:\/\/mont-roig.cat\/wp-content\/uploads\/Reuni\u00f3-Taula-de-Turisme.jpg\" \/>\n\t<meta property=\"og:image:width\" content=\"1920\" \/>\n\t<meta property=\"og:image:height\" content=\"1285\" \/>\n\t<meta property=\"og:image:type\" content=\"image\/jpeg\" \/>\n<meta name=\"author\" content=\"administrador\" \/>\n<meta name=\"twitter:card\" content=\"summary_large_image\" \/>\n<meta name=\"twitter:label1\" content=\"Escrito por\" \/>\n\t<meta name=\"twitter:data1\" content=\"administrador\" \/>\n\t<meta name=\"twitter:label2\" content=\"Tiempo de lectura\" \/>\n\t<meta name=\"twitter:data2\" content=\"3 minutos\" \/>\n<script type=\"application\/ld+json\" class=\"yoast-schema-graph\">{\"@context\":\"https:\\\/\\\/schema.org\",\"@graph\":[{\"@type\":\"Article\",\"@id\":\"https:\\\/\\\/mont-roig.cat\\\/es\\\/actualitat\\\/noticies\\\/el-plan-estrategico-de-turismo-propone-ochenta-acciones\\\/#article\",\"isPartOf\":{\"@id\":\"https:\\\/\\\/mont-roig.cat\\\/es\\\/actualitat\\\/noticies\\\/el-plan-estrategico-de-turismo-propone-ochenta-acciones\\\/\"},\"author\":{\"name\":\"administrador\",\"@id\":\"https:\\\/\\\/mont-roig.cat\\\/es\\\/#\\\/schema\\\/person\\\/f2b111789f22b7d0c3bd6786c9128cba\"},\"headline\":\"El Plan Estrat\u00e9gico de Turismo propone ochenta acciones\",\"datePublished\":\"2018-06-21T07:51:04+00:00\",\"mainEntityOfPage\":{\"@id\":\"https:\\\/\\\/mont-roig.cat\\\/es\\\/actualitat\\\/noticies\\\/el-plan-estrategico-de-turismo-propone-ochenta-acciones\\\/\"},\"wordCount\":655,\"image\":{\"@id\":\"https:\\\/\\\/mont-roig.cat\\\/es\\\/actualitat\\\/noticies\\\/el-plan-estrategico-de-turismo-propone-ochenta-acciones\\\/#primaryimage\"},\"thumbnailUrl\":\"https:\\\/\\\/mont-roig.cat\\\/wp-content\\\/uploads\\\/Reuni\u00f3-Taula-de-Turisme.jpg\",\"articleSection\":[\"Turismo\"],\"inLanguage\":\"es\"},{\"@type\":\"WebPage\",\"@id\":\"https:\\\/\\\/mont-roig.cat\\\/es\\\/actualitat\\\/noticies\\\/el-plan-estrategico-de-turismo-propone-ochenta-acciones\\\/\",\"url\":\"https:\\\/\\\/mont-roig.cat\\\/es\\\/actualitat\\\/noticies\\\/el-plan-estrategico-de-turismo-propone-ochenta-acciones\\\/\",\"name\":\"El Plan Estrat\u00e9gico de Turismo propone ochenta acciones - Ajuntament de Mont-roig del Camp\",\"isPartOf\":{\"@id\":\"https:\\\/\\\/mont-roig.cat\\\/es\\\/#website\"},\"primaryImageOfPage\":{\"@id\":\"https:\\\/\\\/mont-roig.cat\\\/es\\\/actualitat\\\/noticies\\\/el-plan-estrategico-de-turismo-propone-ochenta-acciones\\\/#primaryimage\"},\"image\":{\"@id\":\"https:\\\/\\\/mont-roig.cat\\\/es\\\/actualitat\\\/noticies\\\/el-plan-estrategico-de-turismo-propone-ochenta-acciones\\\/#primaryimage\"},\"thumbnailUrl\":\"https:\\\/\\\/mont-roig.cat\\\/wp-content\\\/uploads\\\/Reuni\u00f3-Taula-de-Turisme.jpg\",\"datePublished\":\"2018-06-21T07:51:04+00:00\",\"author\":{\"@id\":\"https:\\\/\\\/mont-roig.cat\\\/es\\\/#\\\/schema\\\/person\\\/f2b111789f22b7d0c3bd6786c9128cba\"},\"breadcrumb\":{\"@id\":\"https:\\\/\\\/mont-roig.cat\\\/es\\\/actualitat\\\/noticies\\\/el-plan-estrategico-de-turismo-propone-ochenta-acciones\\\/#breadcrumb\"},\"inLanguage\":\"es\",\"potentialAction\":[{\"@type\":\"ReadAction\",\"target\":[\"https:\\\/\\\/mont-roig.cat\\\/es\\\/actualitat\\\/noticies\\\/el-plan-estrategico-de-turismo-propone-ochenta-acciones\\\/\"]}]},{\"@type\":\"ImageObject\",\"inLanguage\":\"es\",\"@id\":\"https:\\\/\\\/mont-roig.cat\\\/es\\\/actualitat\\\/noticies\\\/el-plan-estrategico-de-turismo-propone-ochenta-acciones\\\/#primaryimage\",\"url\":\"https:\\\/\\\/mont-roig.cat\\\/wp-content\\\/uploads\\\/Reuni\u00f3-Taula-de-Turisme.jpg\",\"contentUrl\":\"https:\\\/\\\/mont-roig.cat\\\/wp-content\\\/uploads\\\/Reuni\u00f3-Taula-de-Turisme.jpg\",\"width\":1920,\"height\":1285},{\"@type\":\"BreadcrumbList\",\"@id\":\"https:\\\/\\\/mont-roig.cat\\\/es\\\/actualitat\\\/noticies\\\/el-plan-estrategico-de-turismo-propone-ochenta-acciones\\\/#breadcrumb\",\"itemListElement\":[{\"@type\":\"ListItem\",\"position\":1,\"name\":\"Inici\",\"item\":\"https:\\\/\\\/mont-roig.cat\\\/es\\\/pagina-de-inicio\\\/\"},{\"@type\":\"ListItem\",\"position\":2,\"name\":\"El Plan Estrat\u00e9gico de Turismo propone ochenta acciones\"}]},{\"@type\":\"WebSite\",\"@id\":\"https:\\\/\\\/mont-roig.cat\\\/es\\\/#website\",\"url\":\"https:\\\/\\\/mont-roig.cat\\\/es\\\/\",\"name\":\"Ajuntament de Mont-roig del Camp\",\"description\":\"Tota la informaci\u00f3 sobre la instituci\u00f3, els seus \u00f2rgans de govern, actualitat, serveis i molt m\u00e9s.\",\"potentialAction\":[{\"@type\":\"SearchAction\",\"target\":{\"@type\":\"EntryPoint\",\"urlTemplate\":\"https:\\\/\\\/mont-roig.cat\\\/es\\\/?s={search_term_string}\"},\"query-input\":{\"@type\":\"PropertyValueSpecification\",\"valueRequired\":true,\"valueName\":\"search_term_string\"}}],\"inLanguage\":\"es\"},{\"@type\":\"Person\",\"@id\":\"https:\\\/\\\/mont-roig.cat\\\/es\\\/#\\\/schema\\\/person\\\/f2b111789f22b7d0c3bd6786c9128cba\",\"name\":\"administrador\",\"image\":{\"@type\":\"ImageObject\",\"inLanguage\":\"es\",\"@id\":\"https:\\\/\\\/secure.gravatar.com\\\/avatar\\\/9137aac6891e2595c9d3036fd83bcb653b4db3c946db4c7d9b9be193c3c944bb?s=96&d=mm&r=g\",\"url\":\"https:\\\/\\\/secure.gravatar.com\\\/avatar\\\/9137aac6891e2595c9d3036fd83bcb653b4db3c946db4c7d9b9be193c3c944bb?s=96&d=mm&r=g\",\"contentUrl\":\"https:\\\/\\\/secure.gravatar.com\\\/avatar\\\/9137aac6891e2595c9d3036fd83bcb653b4db3c946db4c7d9b9be193c3c944bb?s=96&d=mm&r=g\",\"caption\":\"administrador\"},\"url\":\"https:\\\/\\\/mont-roig.cat\\\/es\\\/actualitat\\\/noticies\\\/author\\\/administrador\\\/\"}]}<\/script>\n<!-- \/ Yoast SEO plugin. -->","yoast_head_json":{"title":"El Plan Estrat\u00e9gico de Turismo propone ochenta acciones - Ajuntament de Mont-roig del Camp","robots":{"index":"index","follow":"follow","max-snippet":"max-snippet:-1","max-image-preview":"max-image-preview:large","max-video-preview":"max-video-preview:-1"},"canonical":"https:\/\/mont-roig.cat\/es\/actualitat\/noticies\/el-plan-estrategico-de-turismo-propone-ochenta-acciones\/","og_locale":"es_ES","og_type":"article","og_title":"El Plan Estrat\u00e9gico de Turismo propone ochenta acciones - Ajuntament de Mont-roig del Camp","og_description":"La Taula de Turisme ha validado el documento final que debe servir de hoja de ruta para los pr\u00f3ximos a\u00f1os El equipo de t\u00e9cnicos del Parque Cient\u00edfico de Turismo y Ocio de la URV ya ha entregado al Ayuntamiento de Mont-roig del Camp el documento del Plan Estrat\u00e9gico de Turismo que ha redactado en el [&hellip;]","og_url":"https:\/\/mont-roig.cat\/es\/actualitat\/noticies\/el-plan-estrategico-de-turismo-propone-ochenta-acciones\/","og_site_name":"Ajuntament de Mont-roig del Camp","article_published_time":"2018-06-21T07:51:04+00:00","og_image":[{"width":1920,"height":1285,"url":"https:\/\/mont-roig.cat\/wp-content\/uploads\/Reuni\u00f3-Taula-de-Turisme.jpg","type":"image\/jpeg"}],"author":"administrador","twitter_card":"summary_large_image","twitter_misc":{"Escrito por":"administrador","Tiempo de lectura":"3 minutos"},"schema":{"@context":"https:\/\/schema.org","@graph":[{"@type":"Article","@id":"https:\/\/mont-roig.cat\/es\/actualitat\/noticies\/el-plan-estrategico-de-turismo-propone-ochenta-acciones\/#article","isPartOf":{"@id":"https:\/\/mont-roig.cat\/es\/actualitat\/noticies\/el-plan-estrategico-de-turismo-propone-ochenta-acciones\/"},"author":{"name":"administrador","@id":"https:\/\/mont-roig.cat\/es\/#\/schema\/person\/f2b111789f22b7d0c3bd6786c9128cba"},"headline":"El Plan Estrat\u00e9gico de Turismo propone ochenta acciones","datePublished":"2018-06-21T07:51:04+00:00","mainEntityOfPage":{"@id":"https:\/\/mont-roig.cat\/es\/actualitat\/noticies\/el-plan-estrategico-de-turismo-propone-ochenta-acciones\/"},"wordCount":655,"image":{"@id":"https:\/\/mont-roig.cat\/es\/actualitat\/noticies\/el-plan-estrategico-de-turismo-propone-ochenta-acciones\/#primaryimage"},"thumbnailUrl":"https:\/\/mont-roig.cat\/wp-content\/uploads\/Reuni\u00f3-Taula-de-Turisme.jpg","articleSection":["Turismo"],"inLanguage":"es"},{"@type":"WebPage","@id":"https:\/\/mont-roig.cat\/es\/actualitat\/noticies\/el-plan-estrategico-de-turismo-propone-ochenta-acciones\/","url":"https:\/\/mont-roig.cat\/es\/actualitat\/noticies\/el-plan-estrategico-de-turismo-propone-ochenta-acciones\/","name":"El Plan Estrat\u00e9gico de Turismo propone ochenta acciones - Ajuntament de Mont-roig del Camp","isPartOf":{"@id":"https:\/\/mont-roig.cat\/es\/#website"},"primaryImageOfPage":{"@id":"https:\/\/mont-roig.cat\/es\/actualitat\/noticies\/el-plan-estrategico-de-turismo-propone-ochenta-acciones\/#primaryimage"},"image":{"@id":"https:\/\/mont-roig.cat\/es\/actualitat\/noticies\/el-plan-estrategico-de-turismo-propone-ochenta-acciones\/#primaryimage"},"thumbnailUrl":"https:\/\/mont-roig.cat\/wp-content\/uploads\/Reuni\u00f3-Taula-de-Turisme.jpg","datePublished":"2018-06-21T07:51:04+00:00","author":{"@id":"https:\/\/mont-roig.cat\/es\/#\/schema\/person\/f2b111789f22b7d0c3bd6786c9128cba"},"breadcrumb":{"@id":"https:\/\/mont-roig.cat\/es\/actualitat\/noticies\/el-plan-estrategico-de-turismo-propone-ochenta-acciones\/#breadcrumb"},"inLanguage":"es","potentialAction":[{"@type":"ReadAction","target":["https:\/\/mont-roig.cat\/es\/actualitat\/noticies\/el-plan-estrategico-de-turismo-propone-ochenta-acciones\/"]}]},{"@type":"ImageObject","inLanguage":"es","@id":"https:\/\/mont-roig.cat\/es\/actualitat\/noticies\/el-plan-estrategico-de-turismo-propone-ochenta-acciones\/#primaryimage","url":"https:\/\/mont-roig.cat\/wp-content\/uploads\/Reuni\u00f3-Taula-de-Turisme.jpg","contentUrl":"https:\/\/mont-roig.cat\/wp-content\/uploads\/Reuni\u00f3-Taula-de-Turisme.jpg","width":1920,"height":1285},{"@type":"BreadcrumbList","@id":"https:\/\/mont-roig.cat\/es\/actualitat\/noticies\/el-plan-estrategico-de-turismo-propone-ochenta-acciones\/#breadcrumb","itemListElement":[{"@type":"ListItem","position":1,"name":"Inici","item":"https:\/\/mont-roig.cat\/es\/pagina-de-inicio\/"},{"@type":"ListItem","position":2,"name":"El Plan Estrat\u00e9gico de Turismo propone ochenta acciones"}]},{"@type":"WebSite","@id":"https:\/\/mont-roig.cat\/es\/#website","url":"https:\/\/mont-roig.cat\/es\/","name":"Ajuntament de Mont-roig del Camp","description":"Tota la informaci\u00f3 sobre la instituci\u00f3, els seus \u00f2rgans de govern, actualitat, serveis i molt m\u00e9s.","potentialAction":[{"@type":"SearchAction","target":{"@type":"EntryPoint","urlTemplate":"https:\/\/mont-roig.cat\/es\/?s={search_term_string}"},"query-input":{"@type":"PropertyValueSpecification","valueRequired":true,"valueName":"search_term_string"}}],"inLanguage":"es"},{"@type":"Person","@id":"https:\/\/mont-roig.cat\/es\/#\/schema\/person\/f2b111789f22b7d0c3bd6786c9128cba","name":"administrador","image":{"@type":"ImageObject","inLanguage":"es","@id":"https:\/\/secure.gravatar.com\/avatar\/9137aac6891e2595c9d3036fd83bcb653b4db3c946db4c7d9b9be193c3c944bb?s=96&d=mm&r=g","url":"https:\/\/secure.gravatar.com\/avatar\/9137aac6891e2595c9d3036fd83bcb653b4db3c946db4c7d9b9be193c3c944bb?s=96&d=mm&r=g","contentUrl":"https:\/\/secure.gravatar.com\/avatar\/9137aac6891e2595c9d3036fd83bcb653b4db3c946db4c7d9b9be193c3c944bb?s=96&d=mm&r=g","caption":"administrador"},"url":"https:\/\/mont-roig.cat\/es\/actualitat\/noticies\/author\/administrador\/"}]}},"_links":{"self":[{"href":"https:\/\/mont-roig.cat\/es\/wp-json\/wp\/v2\/posts\/28449","targetHints":{"allow":["GET"]}}],"collection":[{"href":"https:\/\/mont-roig.cat\/es\/wp-json\/wp\/v2\/posts"}],"about":[{"href":"https:\/\/mont-roig.cat\/es\/wp-json\/wp\/v2\/types\/post"}],"author":[{"embeddable":true,"href":"https:\/\/mont-roig.cat\/es\/wp-json\/wp\/v2\/users\/4"}],"replies":[{"embeddable":true,"href":"https:\/\/mont-roig.cat\/es\/wp-json\/wp\/v2\/comments?post=28449"}],"version-history":[{"count":2,"href":"https:\/\/mont-roig.cat\/es\/wp-json\/wp\/v2\/posts\/28449\/revisions"}],"predecessor-version":[{"id":28451,"href":"https:\/\/mont-roig.cat\/es\/wp-json\/wp\/v2\/posts\/28449\/revisions\/28451"}],"wp:featuredmedia":[{"embeddable":true,"href":"https:\/\/mont-roig.cat\/es\/wp-json\/wp\/v2\/media\/28446"}],"wp:attachment":[{"href":"https:\/\/mont-roig.cat\/es\/wp-json\/wp\/v2\/media?parent=28449"}],"wp:term":[{"taxonomy":"category","embeddable":true,"href":"https:\/\/mont-roig.cat\/es\/wp-json\/wp\/v2\/categories?post=28449"},{"taxonomy":"post_tag","embeddable":true,"href":"https:\/\/mont-roig.cat\/es\/wp-json\/wp\/v2\/tags?post=28449"}],"curies":[{"name":"wp","href":"https:\/\/api.w.org\/{rel}","templated":true}]}}